{"id":10038,"date":"2020-10-16T10:48:08","date_gmt":"2020-10-16T13:48:08","guid":{"rendered":"https:\/\/jornalfatosenoticias.com.br\/?p=10038"},"modified":"2020-10-16T10:48:24","modified_gmt":"2020-10-16T13:48:24","slug":"dois-quintos-das-plantas-estao-em-risco-de-extincao","status":"publish","type":"post","link":"https:\/\/jornalfatosenoticias.com.br\/index.php\/2020\/10\/16\/dois-quintos-das-plantas-estao-em-risco-de-extincao\/","title":{"rendered":"Dois quintos das plantas est\u00e3o em risco de extin\u00e7\u00e3o"},"content":{"rendered":"\n<h6 class=\"wp-block-heading\"><em>Os cientistas dizem que est\u00e3o correndo contra o tempo para nomear e descrever novas plantas, antes que as esp\u00e9cies se extingam<\/em><\/h6>\n\n\n\n<p>Plantas e fungos s\u00e3o promissores como medicamentos, combust\u00edveis e alimentos do futuro, de acordo com o Royal Botanic Gardens Kew. Mas as oportunidades para utilizar este \u201cba\u00fa do tesouro de incr\u00edvel diversidade\u201d est\u00e3o sendo perdidas conforme as esp\u00e9cies desaparecem, devido \u00e0 destrui\u00e7\u00e3o do habitat e \u00e0s mudan\u00e7as clim\u00e1ticas. Novas estimativas sugerem que dois quintos das plantas do mundo est\u00e3o em risco de extin\u00e7\u00e3o.<br>A avalia\u00e7\u00e3o da Situa\u00e7\u00e3o Mundial das Plantas e Fungos \u00e9 baseada em pesquisas de mais de 200 cientistas em 42 pa\u00edses. O relat\u00f3rio foi divulgado no dia de uma c\u00fapula das Na\u00e7\u00f5es Unidas, que pressionar\u00e1 por a\u00e7\u00f5es dos l\u00edderes mundiais para lidar com a perda de biodiversidade.<br>Estamos vivendo em uma era de extin\u00e7\u00e3o, disse o diretor de ci\u00eancia da Kew, Prof Alexandre Antonelli. \u201c\u00c9 um quadro muito preocupante de risco e necessidade urgente de a\u00e7\u00e3o\u201d, disse ele. \u201cEstamos perdendo a corrida contra o tempo porque as esp\u00e9cies est\u00e3o desaparecendo mais r\u00e1pido do que podemos encontr\u00e1-las e nome\u00e1-las. Muitas delas podem conter pistas importantes para resolver alguns dos desafios mais urgentes da medicina e at\u00e9 mesmo talvez das pandemias emergentes e atuais que estamos vivendo hoje&#8221;.<br>O relat\u00f3rio revelou que apenas uma pequena propor\u00e7\u00e3o das esp\u00e9cies de plantas existentes s\u00e3o usadas como alimentos e biocombust\u00edveis. Mais de sete mil plantas comest\u00edveis t\u00eam potencial para safras futuras, mas apenas algumas s\u00e3o usadas para alimentar uma popula\u00e7\u00e3o mundial em crescimento. E existem cerca de 2.500 plantas que poderiam fornecer energia para milh\u00f5es em todo o mundo, enquanto apenas seis safras \u2014 milho, cana-de-a\u00e7\u00facar, soja, \u00f3leo de palma, colza e trigo \u2014 geram a grande maioria dos biocombust\u00edveis.<\/p>\n\n\n\n<div class=\"wp-block-jetpack-slideshow aligncenter\" data-effect=\"slide\"><div class=\"wp-block-jetpack-slideshow_container swiper-container\"><ul class=\"wp-block-jetpack-slideshow_swiper-wrapper swiper-wrapper\"><li class=\"wp-block-jetpack-slideshow_slide swiper-slide\"><figure><img loading=\"lazy\" decoding=\"async\" width=\"1000\" height=\"562\" alt=\"\" class=\"wp-block-jetpack-slideshow_image wp-image-10039\" data-id=\"10039\" src=\"https:\/\/jornalfatosenoticias.com.br\/wp-content\/uploads\/2020\/10\/flor-extincao.jpg\" srcset=\"https:\/\/jornalfatosenoticias.com.br\/wp-content\/uploads\/2020\/10\/flor-extincao.jpg 1000w, https:\/\/jornalfatosenoticias.com.br\/wp-content\/uploads\/2020\/10\/flor-extincao-300x169.jpg 300w, https:\/\/jornalfatosenoticias.com.br\/wp-content\/uploads\/2020\/10\/flor-extincao-768x432.jpg 768w\" sizes=\"auto, (max-width: 1000px) 100vw, 1000px\" \/><figcaption class=\"wp-block-jetpack-slideshow_caption gallery-caption\">O n\u00famero aumentado \u00e9 parcialmente devido a avalia\u00e7\u00f5es mais rigorosas (Foto: RBG\/KEW) <\/figcaption><\/figure><\/li><li class=\"wp-block-jetpack-slideshow_slide swiper-slide\"><figure><img loading=\"lazy\" decoding=\"async\" width=\"1000\" height=\"562\" alt=\"\" class=\"wp-block-jetpack-slideshow_image wp-image-10040\" data-id=\"10040\" src=\"https:\/\/jornalfatosenoticias.com.br\/wp-content\/uploads\/2020\/10\/flor2.jpg\" srcset=\"https:\/\/jornalfatosenoticias.com.br\/wp-content\/uploads\/2020\/10\/flor2.jpg 1000w, https:\/\/jornalfatosenoticias.com.br\/wp-content\/uploads\/2020\/10\/flor2-300x169.jpg 300w, https:\/\/jornalfatosenoticias.com.br\/wp-content\/uploads\/2020\/10\/flor2-768x432.jpg 768w\" sizes=\"auto, (max-width: 1000px) 100vw, 1000px\" \/><figcaption class=\"wp-block-jetpack-slideshow_caption gallery-caption\">A Gundelia semelhante a um cardo pode ser frita ou deixada em conserva (Foto: RBG\/KEW)<\/figcaption><\/figure><\/li><li class=\"wp-block-jetpack-slideshow_slide swiper-slide\"><figure><img loading=\"lazy\" decoding=\"async\" width=\"1000\" height=\"562\" alt=\"\" class=\"wp-block-jetpack-slideshow_image wp-image-10041\" data-id=\"10041\" src=\"https:\/\/jornalfatosenoticias.com.br\/wp-content\/uploads\/2020\/10\/foniodigitariaexilis-credit-rbgkew.jpg\" srcset=\"https:\/\/jornalfatosenoticias.com.br\/wp-content\/uploads\/2020\/10\/foniodigitariaexilis-credit-rbgkew.jpg 1000w, https:\/\/jornalfatosenoticias.com.br\/wp-content\/uploads\/2020\/10\/foniodigitariaexilis-credit-rbgkew-300x169.jpg 300w, https:\/\/jornalfatosenoticias.com.br\/wp-content\/uploads\/2020\/10\/foniodigitariaexilis-credit-rbgkew-768x432.jpg 768w\" sizes=\"auto, (max-width: 1000px) 100vw, 1000px\" \/><figcaption class=\"wp-block-jetpack-slideshow_caption gallery-caption\"> O Fonio \u00e9 uma erva que cresce nas savanas da \u00c1frica Ocidental, usada como cultivo de cereais (Foto: RBG\/KEW)<\/figcaption><\/figure><\/li><\/ul><a class=\"wp-block-jetpack-slideshow_button-prev swiper-button-prev swiper-button-white\" role=\"button\"><\/a><a class=\"wp-block-jetpack-slideshow_button-next swiper-button-next swiper-button-white\" role=\"button\"><\/a><a aria-label=\"Pause Slideshow\" class=\"wp-block-jetpack-slideshow_button-pause\" role=\"button\"><\/a><div class=\"wp-block-jetpack-slideshow_pagination swiper-pagination swiper-pagination-white\"><\/div><\/div><\/div>\n\n\n\n<p>O Dr. Colin Clubbe, chefe de ci\u00eancia da conserva\u00e7\u00e3o em Kew, disse \u00e0 BBC News: \u201cAtualmente estamos utilizando uma propor\u00e7\u00e3o t\u00e3o pequena de plantas e fungos do mundo, seja para alimentos, rem\u00e9dios ou como combust\u00edvel, ignorando o potencial tesouro de esp\u00e9cies selvagens que agora temos um maior conhecimento e t\u00e9cnicas para investigar para o bem da humanidade\u201d.<br>Os cientistas estimam que o risco de extin\u00e7\u00e3o pode ser muito maior do que se pensava anteriormente, com uma estimativa de 140 mil, ou 39,4% de plantas vasculares amea\u00e7adas de extin\u00e7\u00e3o, em compara\u00e7\u00e3o com 21% em 2016. Eles dizem que o aumento das estimativas se deve, em parte, a avalia\u00e7\u00f5es de conserva\u00e7\u00e3o mais sofisticadas e precisas. E est\u00e3o pedindo que as avalia\u00e7\u00f5es de risco sejam feitas rapidamente, usando tecnologias como a intelig\u00eancia artificial, e aumentem o financiamento para a conserva\u00e7\u00e3o das plantas.<br>A pesquisa descobriu que 723 plantas usadas para fins medicinais est\u00e3o em risco de extin\u00e7\u00e3o, sendo a colheita excessiva um problema em algumas partes do mundo. E 1.942 plantas e 1.886 fungos foram nomeados como novos para a ci\u00eancia em 2019, incluindo esp\u00e9cies que podem ser valiosas como alimentos, bebidas, medicamentos ou fibras.<br>O relat\u00f3rio cont\u00e9m um cap\u00edtulo sobre a flora do Reino Unido, que \u00e9 mais bem estudada do que na maioria das partes do mundo. No entanto, n\u00e3o h\u00e1 uma lista \u00fanica de plantas com flores no Reino Unido e ainda mais incerteza sobre os fungos, com estimativas variando de 12 mil a 20 mil.<\/p>\n\n\n\n<p><strong><em>Fonte: <a href=\"https:\/\/noticias.ambientebrasil.com.br\/redacao\/traducoes\/2020\/09\/30\/163863-dois-quintos-das-plantas-estao-em-risco-de-extincao-diz-relatorio.html#:~:text=Novas%20estimativas%20sugerem%20que%20dois,200%20cientistas%20em%2042%20pa%C3%ADses.&amp;text=Estamos%20vivendo%20em%20uma%20era,da%20Kew%2C%20Prof%20Alexandre%20Antonelli.\">Ambiente Brasil<\/a><\/em><\/strong><\/p>\n","protected":false},"excerpt":{"rendered":"<p>Os cientistas dizem que est\u00e3o correndo contra o tempo para nomear e descrever novas plantas, antes que as esp\u00e9cies se extingam Plantas e fungos s\u00e3o promissores como medicamentos, combust\u00edveis e alimentos do futuro, de acordo com o Royal Botanic Gardens Kew. Mas as oportunidades para utilizar este \u201cba\u00fa do tesouro de incr\u00edvel diversidade\u201d est\u00e3o sendo [&hellip;]<\/p>\n","protected":false},"author":2,"featured_media":10042,"comment_status":"open","ping_status":"open","sticky":false,"template":"","format":"standard","meta":{"footnotes":""},"categories":[8],"tags":[334,516,219,2444,1881,784],"class_list":["post-10038","post","type-post","status-publish","format-standard","has-post-thumbnail","hentry","category-meio-ambiente","tag-biodiversidade","tag-conservacao","tag-extincao","tag-fungos","tag-habitat-natural","tag-plantas"],"yoast_head":"<!-- This site is optimized with the Yoast SEO plugin v26.5 - https:\/\/yoast.com\/wordpress\/plugins\/seo\/ -->\n<title>Dois quintos das plantas est\u00e3o em risco de extin\u00e7\u00e3o - Jornal Fatos e Not\u00edcias<\/title>\n<meta name=\"robots\" content=\"index, follow, max-snippet:-1, max-image-preview:large, max-video-preview:-1\" \/>\n<link rel=\"canonical\" href=\"https:\/\/jornalfatosenoticias.com.br\/index.php\/2020\/10\/16\/dois-quintos-das-plantas-estao-em-risco-de-extincao\/\" \/>\n<meta property=\"og:locale\" content=\"pt_BR\" \/>\n<meta property=\"og:type\" content=\"article\" \/>\n<meta property=\"og:title\" content=\"Dois quintos das plantas est\u00e3o em risco de extin\u00e7\u00e3o - Jornal Fatos e Not\u00edcias\" \/>\n<meta property=\"og:description\" content=\"Os cientistas dizem que est\u00e3o correndo contra o tempo para nomear e descrever novas plantas, antes que as esp\u00e9cies se extingam Plantas e fungos s\u00e3o promissores como medicamentos, combust\u00edveis e alimentos do futuro, de acordo com o Royal Botanic Gardens Kew. Mas as oportunidades para utilizar este \u201cba\u00fa do tesouro de incr\u00edvel diversidade\u201d est\u00e3o sendo [&hellip;]\" \/>\n<meta property=\"og:url\" content=\"https:\/\/jornalfatosenoticias.com.br\/index.php\/2020\/10\/16\/dois-quintos-das-plantas-estao-em-risco-de-extincao\/\" \/>\n<meta property=\"og:site_name\" content=\"Jornal Fatos e Not\u00edcias\" \/>\n<meta property=\"article:published_time\" content=\"2020-10-16T13:48:08+00:00\" \/>\n<meta property=\"article:modified_time\" content=\"2020-10-16T13:48:24+00:00\" \/>\n<meta property=\"og:image\" content=\"https:\/\/jornalfatosenoticias.com.br\/wp-content\/uploads\/2020\/10\/arvores-queimando_gettyimages.jpg\" \/>\n\t<meta property=\"og:image:width\" content=\"1000\" \/>\n\t<meta property=\"og:image:height\" content=\"562\" \/>\n\t<meta property=\"og:image:type\" content=\"image\/jpeg\" \/>\n<meta name=\"author\" content=\"Luzimara Fernandes\" \/>\n<meta name=\"twitter:card\" content=\"summary_large_image\" \/>\n<meta name=\"twitter:label1\" content=\"Escrito por\" \/>\n\t<meta name=\"twitter:data1\" content=\"Luzimara Fernandes\" \/>\n\t<meta name=\"twitter:label2\" content=\"Est. tempo de leitura\" \/>\n\t<meta name=\"twitter:data2\" content=\"3 minutos\" \/>\n<script type=\"application\/ld+json\" class=\"yoast-schema-graph\">{\"@context\":\"https:\/\/schema.org\",\"@graph\":[{\"@type\":\"Article\",\"@id\":\"https:\/\/jornalfatosenoticias.com.br\/index.php\/2020\/10\/16\/dois-quintos-das-plantas-estao-em-risco-de-extincao\/#article\",\"isPartOf\":{\"@id\":\"https:\/\/jornalfatosenoticias.com.br\/index.php\/2020\/10\/16\/dois-quintos-das-plantas-estao-em-risco-de-extincao\/\"},\"author\":{\"name\":\"Luzimara Fernandes\",\"@id\":\"https:\/\/jornalfatosenoticias.com.br\/#\/schema\/person\/d63837fa13ac8666eb9e74e0985d6f81\"},\"headline\":\"Dois quintos das plantas est\u00e3o em risco de extin\u00e7\u00e3o\",\"datePublished\":\"2020-10-16T13:48:08+00:00\",\"dateModified\":\"2020-10-16T13:48:24+00:00\",\"mainEntityOfPage\":{\"@id\":\"https:\/\/jornalfatosenoticias.com.br\/index.php\/2020\/10\/16\/dois-quintos-das-plantas-estao-em-risco-de-extincao\/\"},\"wordCount\":644,\"commentCount\":0,\"publisher\":{\"@id\":\"https:\/\/jornalfatosenoticias.com.br\/#organization\"},\"image\":{\"@id\":\"https:\/\/jornalfatosenoticias.com.br\/index.php\/2020\/10\/16\/dois-quintos-das-plantas-estao-em-risco-de-extincao\/#primaryimage\"},\"thumbnailUrl\":\"https:\/\/jornalfatosenoticias.com.br\/wp-content\/uploads\/2020\/10\/arvores-queimando_gettyimages.jpg\",\"keywords\":[\"biodiversidade\",\"conserva\u00e7\u00e3o\",\"extin\u00e7\u00e3o\",\"fungos\",\"habitat natural\",\"plantas\"],\"articleSection\":[\"Meio ambiente\"],\"inLanguage\":\"pt-BR\",\"potentialAction\":[{\"@type\":\"CommentAction\",\"name\":\"Comment\",\"target\":[\"https:\/\/jornalfatosenoticias.com.br\/index.php\/2020\/10\/16\/dois-quintos-das-plantas-estao-em-risco-de-extincao\/#respond\"]}]},{\"@type\":\"WebPage\",\"@id\":\"https:\/\/jornalfatosenoticias.com.br\/index.php\/2020\/10\/16\/dois-quintos-das-plantas-estao-em-risco-de-extincao\/\",\"url\":\"https:\/\/jornalfatosenoticias.com.br\/index.php\/2020\/10\/16\/dois-quintos-das-plantas-estao-em-risco-de-extincao\/\",\"name\":\"Dois quintos das plantas est\u00e3o em risco de extin\u00e7\u00e3o - Jornal Fatos e Not\u00edcias\",\"isPartOf\":{\"@id\":\"https:\/\/jornalfatosenoticias.com.br\/#website\"},\"primaryImageOfPage\":{\"@id\":\"https:\/\/jornalfatosenoticias.com.br\/index.php\/2020\/10\/16\/dois-quintos-das-plantas-estao-em-risco-de-extincao\/#primaryimage\"},\"image\":{\"@id\":\"https:\/\/jornalfatosenoticias.com.br\/index.php\/2020\/10\/16\/dois-quintos-das-plantas-estao-em-risco-de-extincao\/#primaryimage\"},\"thumbnailUrl\":\"https:\/\/jornalfatosenoticias.com.br\/wp-content\/uploads\/2020\/10\/arvores-queimando_gettyimages.jpg\",\"datePublished\":\"2020-10-16T13:48:08+00:00\",\"dateModified\":\"2020-10-16T13:48:24+00:00\",\"breadcrumb\":{\"@id\":\"https:\/\/jornalfatosenoticias.com.br\/index.php\/2020\/10\/16\/dois-quintos-das-plantas-estao-em-risco-de-extincao\/#breadcrumb\"},\"inLanguage\":\"pt-BR\",\"potentialAction\":[{\"@type\":\"ReadAction\",\"target\":[\"https:\/\/jornalfatosenoticias.com.br\/index.php\/2020\/10\/16\/dois-quintos-das-plantas-estao-em-risco-de-extincao\/\"]}]},{\"@type\":\"ImageObject\",\"inLanguage\":\"pt-BR\",\"@id\":\"https:\/\/jornalfatosenoticias.com.br\/index.php\/2020\/10\/16\/dois-quintos-das-plantas-estao-em-risco-de-extincao\/#primaryimage\",\"url\":\"https:\/\/jornalfatosenoticias.com.br\/wp-content\/uploads\/2020\/10\/arvores-queimando_gettyimages.jpg\",\"contentUrl\":\"https:\/\/jornalfatosenoticias.com.br\/wp-content\/uploads\/2020\/10\/arvores-queimando_gettyimages.jpg\",\"width\":1000,\"height\":562},{\"@type\":\"BreadcrumbList\",\"@id\":\"https:\/\/jornalfatosenoticias.com.br\/index.php\/2020\/10\/16\/dois-quintos-das-plantas-estao-em-risco-de-extincao\/#breadcrumb\",\"itemListElement\":[{\"@type\":\"ListItem\",\"position\":1,\"name\":\"In\u00edcio\",\"item\":\"https:\/\/jornalfatosenoticias.com.br\/\"},{\"@type\":\"ListItem\",\"position\":2,\"name\":\"Dois quintos das plantas est\u00e3o em risco de extin\u00e7\u00e3o\"}]},{\"@type\":\"WebSite\",\"@id\":\"https:\/\/jornalfatosenoticias.com.br\/#website\",\"url\":\"https:\/\/jornalfatosenoticias.com.br\/\",\"name\":\"Jornal Fatos e Not\u00edcias\",\"description\":\"Not\u00edcias em geral\",\"publisher\":{\"@id\":\"https:\/\/jornalfatosenoticias.com.br\/#organization\"},\"potentialAction\":[{\"@type\":\"SearchAction\",\"target\":{\"@type\":\"EntryPoint\",\"urlTemplate\":\"https:\/\/jornalfatosenoticias.com.br\/?s={search_term_string}\"},\"query-input\":{\"@type\":\"PropertyValueSpecification\",\"valueRequired\":true,\"valueName\":\"search_term_string\"}}],\"inLanguage\":\"pt-BR\"},{\"@type\":\"Organization\",\"@id\":\"https:\/\/jornalfatosenoticias.com.br\/#organization\",\"name\":\"Jornal Fatos e Not\u00edcias\",\"url\":\"https:\/\/jornalfatosenoticias.com.br\/\",\"logo\":{\"@type\":\"ImageObject\",\"inLanguage\":\"pt-BR\",\"@id\":\"https:\/\/jornalfatosenoticias.com.br\/#\/schema\/logo\/image\/\",\"url\":\"https:\/\/jornalfatosenoticias.com.br\/wp-content\/uploads\/2020\/02\/logo120.png\",\"contentUrl\":\"https:\/\/jornalfatosenoticias.com.br\/wp-content\/uploads\/2020\/02\/logo120.png\",\"width\":1227,\"height\":120,\"caption\":\"Jornal Fatos e Not\u00edcias\"},\"image\":{\"@id\":\"https:\/\/jornalfatosenoticias.com.br\/#\/schema\/logo\/image\/\"}},{\"@type\":\"Person\",\"@id\":\"https:\/\/jornalfatosenoticias.com.br\/#\/schema\/person\/d63837fa13ac8666eb9e74e0985d6f81\",\"name\":\"Luzimara Fernandes\",\"image\":{\"@type\":\"ImageObject\",\"inLanguage\":\"pt-BR\",\"@id\":\"https:\/\/jornalfatosenoticias.com.br\/#\/schema\/person\/image\/\",\"url\":\"https:\/\/jornalfatosenoticias.com.br\/wp-content\/uploads\/2025\/05\/EU_portal.jpg\",\"contentUrl\":\"https:\/\/jornalfatosenoticias.com.br\/wp-content\/uploads\/2025\/05\/EU_portal.jpg\",\"caption\":\"Luzimara Fernandes\"},\"description\":\"Jornalista MTB 2358-ES\",\"sameAs\":[\"https:\/\/jornalfatosenoticias.com.br\"],\"url\":\"https:\/\/jornalfatosenoticias.com.br\/index.php\/author\/luzimara\/\"}]}<\/script>\n<!-- \/ Yoast SEO plugin. -->","yoast_head_json":{"title":"Dois quintos das plantas est\u00e3o em risco de extin\u00e7\u00e3o - Jornal Fatos e Not\u00edcias","robots":{"index":"index","follow":"follow","max-snippet":"max-snippet:-1","max-image-preview":"max-image-preview:large","max-video-preview":"max-video-preview:-1"},"canonical":"https:\/\/jornalfatosenoticias.com.br\/index.php\/2020\/10\/16\/dois-quintos-das-plantas-estao-em-risco-de-extincao\/","og_locale":"pt_BR","og_type":"article","og_title":"Dois quintos das plantas est\u00e3o em risco de extin\u00e7\u00e3o - Jornal Fatos e Not\u00edcias","og_description":"Os cientistas dizem que est\u00e3o correndo contra o tempo para nomear e descrever novas plantas, antes que as esp\u00e9cies se extingam Plantas e fungos s\u00e3o promissores como medicamentos, combust\u00edveis e alimentos do futuro, de acordo com o Royal Botanic Gardens Kew. Mas as oportunidades para utilizar este \u201cba\u00fa do tesouro de incr\u00edvel diversidade\u201d est\u00e3o sendo [&hellip;]","og_url":"https:\/\/jornalfatosenoticias.com.br\/index.php\/2020\/10\/16\/dois-quintos-das-plantas-estao-em-risco-de-extincao\/","og_site_name":"Jornal Fatos e Not\u00edcias","article_published_time":"2020-10-16T13:48:08+00:00","article_modified_time":"2020-10-16T13:48:24+00:00","og_image":[{"width":1000,"height":562,"url":"https:\/\/jornalfatosenoticias.com.br\/wp-content\/uploads\/2020\/10\/arvores-queimando_gettyimages.jpg","type":"image\/jpeg"}],"author":"Luzimara Fernandes","twitter_card":"summary_large_image","twitter_misc":{"Escrito por":"Luzimara Fernandes","Est. tempo de leitura":"3 minutos"},"schema":{"@context":"https:\/\/schema.org","@graph":[{"@type":"Article","@id":"https:\/\/jornalfatosenoticias.com.br\/index.php\/2020\/10\/16\/dois-quintos-das-plantas-estao-em-risco-de-extincao\/#article","isPartOf":{"@id":"https:\/\/jornalfatosenoticias.com.br\/index.php\/2020\/10\/16\/dois-quintos-das-plantas-estao-em-risco-de-extincao\/"},"author":{"name":"Luzimara Fernandes","@id":"https:\/\/jornalfatosenoticias.com.br\/#\/schema\/person\/d63837fa13ac8666eb9e74e0985d6f81"},"headline":"Dois quintos das plantas est\u00e3o em risco de extin\u00e7\u00e3o","datePublished":"2020-10-16T13:48:08+00:00","dateModified":"2020-10-16T13:48:24+00:00","mainEntityOfPage":{"@id":"https:\/\/jornalfatosenoticias.com.br\/index.php\/2020\/10\/16\/dois-quintos-das-plantas-estao-em-risco-de-extincao\/"},"wordCount":644,"commentCount":0,"publisher":{"@id":"https:\/\/jornalfatosenoticias.com.br\/#organization"},"image":{"@id":"https:\/\/jornalfatosenoticias.com.br\/index.php\/2020\/10\/16\/dois-quintos-das-plantas-estao-em-risco-de-extincao\/#primaryimage"},"thumbnailUrl":"https:\/\/jornalfatosenoticias.com.br\/wp-content\/uploads\/2020\/10\/arvores-queimando_gettyimages.jpg","keywords":["biodiversidade","conserva\u00e7\u00e3o","extin\u00e7\u00e3o","fungos","habitat natural","plantas"],"articleSection":["Meio ambiente"],"inLanguage":"pt-BR","potentialAction":[{"@type":"CommentAction","name":"Comment","target":["https:\/\/jornalfatosenoticias.com.br\/index.php\/2020\/10\/16\/dois-quintos-das-plantas-estao-em-risco-de-extincao\/#respond"]}]},{"@type":"WebPage","@id":"https:\/\/jornalfatosenoticias.com.br\/index.php\/2020\/10\/16\/dois-quintos-das-plantas-estao-em-risco-de-extincao\/","url":"https:\/\/jornalfatosenoticias.com.br\/index.php\/2020\/10\/16\/dois-quintos-das-plantas-estao-em-risco-de-extincao\/","name":"Dois quintos das plantas est\u00e3o em risco de extin\u00e7\u00e3o - Jornal Fatos e Not\u00edcias","isPartOf":{"@id":"https:\/\/jornalfatosenoticias.com.br\/#website"},"primaryImageOfPage":{"@id":"https:\/\/jornalfatosenoticias.com.br\/index.php\/2020\/10\/16\/dois-quintos-das-plantas-estao-em-risco-de-extincao\/#primaryimage"},"image":{"@id":"https:\/\/jornalfatosenoticias.com.br\/index.php\/2020\/10\/16\/dois-quintos-das-plantas-estao-em-risco-de-extincao\/#primaryimage"},"thumbnailUrl":"https:\/\/jornalfatosenoticias.com.br\/wp-content\/uploads\/2020\/10\/arvores-queimando_gettyimages.jpg","datePublished":"2020-10-16T13:48:08+00:00","dateModified":"2020-10-16T13:48:24+00:00","breadcrumb":{"@id":"https:\/\/jornalfatosenoticias.com.br\/index.php\/2020\/10\/16\/dois-quintos-das-plantas-estao-em-risco-de-extincao\/#breadcrumb"},"inLanguage":"pt-BR","potentialAction":[{"@type":"ReadAction","target":["https:\/\/jornalfatosenoticias.com.br\/index.php\/2020\/10\/16\/dois-quintos-das-plantas-estao-em-risco-de-extincao\/"]}]},{"@type":"ImageObject","inLanguage":"pt-BR","@id":"https:\/\/jornalfatosenoticias.com.br\/index.php\/2020\/10\/16\/dois-quintos-das-plantas-estao-em-risco-de-extincao\/#primaryimage","url":"https:\/\/jornalfatosenoticias.com.br\/wp-content\/uploads\/2020\/10\/arvores-queimando_gettyimages.jpg","contentUrl":"https:\/\/jornalfatosenoticias.com.br\/wp-content\/uploads\/2020\/10\/arvores-queimando_gettyimages.jpg","width":1000,"height":562},{"@type":"BreadcrumbList","@id":"https:\/\/jornalfatosenoticias.com.br\/index.php\/2020\/10\/16\/dois-quintos-das-plantas-estao-em-risco-de-extincao\/#breadcrumb","itemListElement":[{"@type":"ListItem","position":1,"name":"In\u00edcio","item":"https:\/\/jornalfatosenoticias.com.br\/"},{"@type":"ListItem","position":2,"name":"Dois quintos das plantas est\u00e3o em risco de extin\u00e7\u00e3o"}]},{"@type":"WebSite","@id":"https:\/\/jornalfatosenoticias.com.br\/#website","url":"https:\/\/jornalfatosenoticias.com.br\/","name":"Jornal Fatos e Not\u00edcias","description":"Not\u00edcias em geral","publisher":{"@id":"https:\/\/jornalfatosenoticias.com.br\/#organization"},"potentialAction":[{"@type":"SearchAction","target":{"@type":"EntryPoint","urlTemplate":"https:\/\/jornalfatosenoticias.com.br\/?s={search_term_string}"},"query-input":{"@type":"PropertyValueSpecification","valueRequired":true,"valueName":"search_term_string"}}],"inLanguage":"pt-BR"},{"@type":"Organization","@id":"https:\/\/jornalfatosenoticias.com.br\/#organization","name":"Jornal Fatos e Not\u00edcias","url":"https:\/\/jornalfatosenoticias.com.br\/","logo":{"@type":"ImageObject","inLanguage":"pt-BR","@id":"https:\/\/jornalfatosenoticias.com.br\/#\/schema\/logo\/image\/","url":"https:\/\/jornalfatosenoticias.com.br\/wp-content\/uploads\/2020\/02\/logo120.png","contentUrl":"https:\/\/jornalfatosenoticias.com.br\/wp-content\/uploads\/2020\/02\/logo120.png","width":1227,"height":120,"caption":"Jornal Fatos e Not\u00edcias"},"image":{"@id":"https:\/\/jornalfatosenoticias.com.br\/#\/schema\/logo\/image\/"}},{"@type":"Person","@id":"https:\/\/jornalfatosenoticias.com.br\/#\/schema\/person\/d63837fa13ac8666eb9e74e0985d6f81","name":"Luzimara Fernandes","image":{"@type":"ImageObject","inLanguage":"pt-BR","@id":"https:\/\/jornalfatosenoticias.com.br\/#\/schema\/person\/image\/","url":"https:\/\/jornalfatosenoticias.com.br\/wp-content\/uploads\/2025\/05\/EU_portal.jpg","contentUrl":"https:\/\/jornalfatosenoticias.com.br\/wp-content\/uploads\/2025\/05\/EU_portal.jpg","caption":"Luzimara Fernandes"},"description":"Jornalista MTB 2358-ES","sameAs":["https:\/\/jornalfatosenoticias.com.br"],"url":"https:\/\/jornalfatosenoticias.com.br\/index.php\/author\/luzimara\/"}]}},"cc_featured_image_caption":{"caption_text":"(Foto: Getty Images)","source_text":"","source_url":""},"jetpack_featured_media_url":"https:\/\/jornalfatosenoticias.com.br\/wp-content\/uploads\/2020\/10\/arvores-queimando_gettyimages.jpg","_links":{"self":[{"href":"https:\/\/jornalfatosenoticias.com.br\/index.php\/wp-json\/wp\/v2\/posts\/10038","targetHints":{"allow":["GET"]}}],"collection":[{"href":"https:\/\/jornalfatosenoticias.com.br\/index.php\/wp-json\/wp\/v2\/posts"}],"about":[{"href":"https:\/\/jornalfatosenoticias.com.br\/index.php\/wp-json\/wp\/v2\/types\/post"}],"author":[{"embeddable":true,"href":"https:\/\/jornalfatosenoticias.com.br\/index.php\/wp-json\/wp\/v2\/users\/2"}],"replies":[{"embeddable":true,"href":"https:\/\/jornalfatosenoticias.com.br\/index.php\/wp-json\/wp\/v2\/comments?post=10038"}],"version-history":[{"count":0,"href":"https:\/\/jornalfatosenoticias.com.br\/index.php\/wp-json\/wp\/v2\/posts\/10038\/revisions"}],"wp:featuredmedia":[{"embeddable":true,"href":"https:\/\/jornalfatosenoticias.com.br\/index.php\/wp-json\/wp\/v2\/media\/10042"}],"wp:attachment":[{"href":"https:\/\/jornalfatosenoticias.com.br\/index.php\/wp-json\/wp\/v2\/media?parent=10038"}],"wp:term":[{"taxonomy":"category","embeddable":true,"href":"https:\/\/jornalfatosenoticias.com.br\/index.php\/wp-json\/wp\/v2\/categories?post=10038"},{"taxonomy":"post_tag","embeddable":true,"href":"https:\/\/jornalfatosenoticias.com.br\/index.php\/wp-json\/wp\/v2\/tags?post=10038"}],"curies":[{"name":"wp","href":"https:\/\/api.w.org\/{rel}","templated":true}]}}