{"id":10138,"date":"2020-10-20T17:06:25","date_gmt":"2020-10-20T20:06:25","guid":{"rendered":"https:\/\/jornalfatosenoticias.com.br\/?p=10138"},"modified":"2020-10-20T17:06:30","modified_gmt":"2020-10-20T20:06:30","slug":"livros-de-ailton-krenak-vao-virar-serie-do-produtor-de-me-chame-pelo-seu-nome","status":"publish","type":"post","link":"https:\/\/jornalfatosenoticias.com.br\/index.php\/2020\/10\/20\/livros-de-ailton-krenak-vao-virar-serie-do-produtor-de-me-chame-pelo-seu-nome\/","title":{"rendered":"Livros de Ailton Krenak v\u00e3o virar s\u00e9rie do produtor de Me Chame pelo Seu Nome"},"content":{"rendered":"\n<p>O pensador ind\u00edgena Ailton Krenak vai virar s\u00e9rie. A coluna de Lauro Jardim no jornal O Globo informou que seus dois livros, lan\u00e7ados pela Companhia das Letras, &#8220;Ideias para Adiar o Fim do Mundo&#8221; e &#8220;A Vida N\u00e3o \u00c9 \u00datil&#8221;, tiveram seus direitos comprados pela RT Television.<br>Bra\u00e7o televisivo da RT Features, a premiada produtora de Rodrigo Teixeira, respons\u00e1vel por filmes de sucesso como &#8220;Alem\u00e3o&#8221;, &#8220;Tim Maia&#8221;, &#8220;A Bruxa&#8221;, &#8220;Me Chame pelo Seu Nome&#8221;, &#8220;Ad Astra&#8221; e &#8220;A Vida Invis\u00edvel&#8221;, a RT Television foi formada no ano passado para produzir atra\u00e7\u00f5es visando o mercado de streaming internacional. O novo empreendimento atua em parceria com a produtora americana Anonymous Content e conta com investimento da poderosa ag\u00eancia de entretenimento e esportes Creative Artists Agency (CAA).<\/p>\n\n\n\n<figure class=\"wp-block-image size-large\"><img loading=\"lazy\" decoding=\"async\" width=\"1000\" height=\"710\" src=\"https:\/\/jornalfatosenoticias.com.br\/wp-content\/uploads\/2020\/10\/ideias-para-adiar-o-fim-do-mundo-a-vida-nao-e-util-ailton-krenak.jpg\" alt=\"\" class=\"wp-image-10139\" srcset=\"https:\/\/jornalfatosenoticias.com.br\/wp-content\/uploads\/2020\/10\/ideias-para-adiar-o-fim-do-mundo-a-vida-nao-e-util-ailton-krenak.jpg 1000w, https:\/\/jornalfatosenoticias.com.br\/wp-content\/uploads\/2020\/10\/ideias-para-adiar-o-fim-do-mundo-a-vida-nao-e-util-ailton-krenak-300x213.jpg 300w, https:\/\/jornalfatosenoticias.com.br\/wp-content\/uploads\/2020\/10\/ideias-para-adiar-o-fim-do-mundo-a-vida-nao-e-util-ailton-krenak-768x545.jpg 768w\" sizes=\"auto, (max-width: 1000px) 100vw, 1000px\" \/><figcaption><em>Livros de Ailton Krenak (Foto: Reprodu\u00e7\u00e3o\/Pipoca Moderna)<\/em><\/figcaption><\/figure>\n\n\n\n<p>Como os livros de Krenak est\u00e3o sendo agora lan\u00e7ados nos EUA e Canad\u00e1, o objetivo \u00e9 que a s\u00e9rie alcance tamb\u00e9m espectadores estrangeiros. Considerado uma das maiores lideran\u00e7as do movimento ind\u00edgena brasileiro, Krenak integrou a Assembleia Nacional Constituinte que elaborou a Constitui\u00e7\u00e3o Brasileira de 1988, foi um dos fundadores da Uni\u00e3o dos Povos Ind\u00edgenas, protagonizou o document\u00e1rio &#8220;\u00cdndios no Brasil&#8221; (2000), virou Doutor Honoris Causa e professor da Universidade Federal de Juiz de Fora em 2016 e, mais recentemente, ganhou o pr\u00eamio Juca Pato de Intelectual do Ano, oferecido pela Uni\u00e3o Brasileira de Escritores em 2020.<\/p>\n\n\n\n<p><strong><em>Ailton Krenak <\/em><\/strong><em>(Foto de capa: Divulga\u00e7\u00e3o\/Companhia das Letras \/Pipoca Moderna)<\/em><\/p>\n\n\n\n<p><strong><em>Fonte: <a href=\"https:\/\/www.terra.com.br\/diversao\/cinema\/livros-de-ailton-krenak-vao-virar-serie-do-produtor-de-me-chame-pelo-seu-nome,c5d3e94771310882b808e475d4ecec7axpirbqz9.html\">Terra<\/a><\/em><\/strong><\/p>\n","protected":false},"excerpt":{"rendered":"<p>O pensador ind\u00edgena Ailton Krenak vai virar s\u00e9rie. A coluna de Lauro Jardim no jornal O Globo informou que seus dois livros, lan\u00e7ados pela Companhia das Letras, &#8220;Ideias para Adiar o Fim do Mundo&#8221; e &#8220;A Vida N\u00e3o \u00c9 \u00datil&#8221;, tiveram seus direitos comprados pela RT Television.Bra\u00e7o televisivo da RT Features, a premiada produtora de [&hellip;]<\/p>\n","protected":false},"author":2,"featured_media":10140,"comment_status":"open","ping_status":"open","sticky":false,"template":"","format":"standard","meta":{"footnotes":""},"categories":[4],"tags":[5444,1816,5390,4804],"class_list":["post-10138","post","type-post","status-publish","format-standard","has-post-thumbnail","hentry","category-cultura","tag-ailton-krenak","tag-indigenas","tag-livros","tag-series"],"yoast_head":"<!-- This site is optimized with the Yoast SEO plugin v26.5 - https:\/\/yoast.com\/wordpress\/plugins\/seo\/ -->\n<title>Livros de Ailton Krenak v\u00e3o virar s\u00e9rie do produtor de Me Chame pelo Seu Nome - Jornal Fatos e Not\u00edcias<\/title>\n<meta name=\"robots\" content=\"index, follow, max-snippet:-1, max-image-preview:large, max-video-preview:-1\" \/>\n<link rel=\"canonical\" href=\"https:\/\/jornalfatosenoticias.com.br\/index.php\/2020\/10\/20\/livros-de-ailton-krenak-vao-virar-serie-do-produtor-de-me-chame-pelo-seu-nome\/\" \/>\n<meta property=\"og:locale\" content=\"pt_BR\" \/>\n<meta property=\"og:type\" content=\"article\" \/>\n<meta property=\"og:title\" content=\"Livros de Ailton Krenak v\u00e3o virar s\u00e9rie do produtor de Me Chame pelo Seu Nome - Jornal Fatos e Not\u00edcias\" \/>\n<meta property=\"og:description\" content=\"O pensador ind\u00edgena Ailton Krenak vai virar s\u00e9rie. A coluna de Lauro Jardim no jornal O Globo informou que seus dois livros, lan\u00e7ados pela Companhia das Letras, &#8220;Ideias para Adiar o Fim do Mundo&#8221; e &#8220;A Vida N\u00e3o \u00c9 \u00datil&#8221;, tiveram seus direitos comprados pela RT Television.Bra\u00e7o televisivo da RT Features, a premiada produtora de [&hellip;]\" \/>\n<meta property=\"og:url\" content=\"https:\/\/jornalfatosenoticias.com.br\/index.php\/2020\/10\/20\/livros-de-ailton-krenak-vao-virar-serie-do-produtor-de-me-chame-pelo-seu-nome\/\" \/>\n<meta property=\"og:site_name\" content=\"Jornal Fatos e Not\u00edcias\" \/>\n<meta property=\"article:published_time\" content=\"2020-10-20T20:06:25+00:00\" \/>\n<meta property=\"article:modified_time\" content=\"2020-10-20T20:06:30+00:00\" \/>\n<meta property=\"og:image\" content=\"https:\/\/jornalfatosenoticias.com.br\/wp-content\/uploads\/2020\/10\/ailton-krenak-companhia-das-letras.jpg\" \/>\n\t<meta property=\"og:image:width\" content=\"1000\" \/>\n\t<meta property=\"og:image:height\" content=\"842\" \/>\n\t<meta property=\"og:image:type\" content=\"image\/jpeg\" \/>\n<meta name=\"author\" content=\"Luzimara Fernandes\" \/>\n<meta name=\"twitter:card\" content=\"summary_large_image\" \/>\n<meta name=\"twitter:label1\" content=\"Escrito por\" \/>\n\t<meta name=\"twitter:data1\" content=\"Luzimara Fernandes\" \/>\n\t<meta name=\"twitter:label2\" content=\"Est. tempo de leitura\" \/>\n\t<meta name=\"twitter:data2\" content=\"1 minuto\" \/>\n<script type=\"application\/ld+json\" class=\"yoast-schema-graph\">{\"@context\":\"https:\/\/schema.org\",\"@graph\":[{\"@type\":\"Article\",\"@id\":\"https:\/\/jornalfatosenoticias.com.br\/index.php\/2020\/10\/20\/livros-de-ailton-krenak-vao-virar-serie-do-produtor-de-me-chame-pelo-seu-nome\/#article\",\"isPartOf\":{\"@id\":\"https:\/\/jornalfatosenoticias.com.br\/index.php\/2020\/10\/20\/livros-de-ailton-krenak-vao-virar-serie-do-produtor-de-me-chame-pelo-seu-nome\/\"},\"author\":{\"name\":\"Luzimara Fernandes\",\"@id\":\"https:\/\/jornalfatosenoticias.com.br\/#\/schema\/person\/d63837fa13ac8666eb9e74e0985d6f81\"},\"headline\":\"Livros de Ailton Krenak v\u00e3o virar s\u00e9rie do produtor de Me Chame pelo Seu Nome\",\"datePublished\":\"2020-10-20T20:06:25+00:00\",\"dateModified\":\"2020-10-20T20:06:30+00:00\",\"mainEntityOfPage\":{\"@id\":\"https:\/\/jornalfatosenoticias.com.br\/index.php\/2020\/10\/20\/livros-de-ailton-krenak-vao-virar-serie-do-produtor-de-me-chame-pelo-seu-nome\/\"},\"wordCount\":276,\"commentCount\":0,\"publisher\":{\"@id\":\"https:\/\/jornalfatosenoticias.com.br\/#organization\"},\"image\":{\"@id\":\"https:\/\/jornalfatosenoticias.com.br\/index.php\/2020\/10\/20\/livros-de-ailton-krenak-vao-virar-serie-do-produtor-de-me-chame-pelo-seu-nome\/#primaryimage\"},\"thumbnailUrl\":\"https:\/\/jornalfatosenoticias.com.br\/wp-content\/uploads\/2020\/10\/ailton-krenak-companhia-das-letras.jpg\",\"keywords\":[\"Ailton Krenak\",\"ind\u00edgenas\",\"livros\",\"s\u00e9ries\"],\"articleSection\":[\"Cultura\"],\"inLanguage\":\"pt-BR\",\"potentialAction\":[{\"@type\":\"CommentAction\",\"name\":\"Comment\",\"target\":[\"https:\/\/jornalfatosenoticias.com.br\/index.php\/2020\/10\/20\/livros-de-ailton-krenak-vao-virar-serie-do-produtor-de-me-chame-pelo-seu-nome\/#respond\"]}]},{\"@type\":\"WebPage\",\"@id\":\"https:\/\/jornalfatosenoticias.com.br\/index.php\/2020\/10\/20\/livros-de-ailton-krenak-vao-virar-serie-do-produtor-de-me-chame-pelo-seu-nome\/\",\"url\":\"https:\/\/jornalfatosenoticias.com.br\/index.php\/2020\/10\/20\/livros-de-ailton-krenak-vao-virar-serie-do-produtor-de-me-chame-pelo-seu-nome\/\",\"name\":\"Livros de Ailton Krenak v\u00e3o virar s\u00e9rie do produtor de Me Chame pelo Seu Nome - Jornal Fatos e Not\u00edcias\",\"isPartOf\":{\"@id\":\"https:\/\/jornalfatosenoticias.com.br\/#website\"},\"primaryImageOfPage\":{\"@id\":\"https:\/\/jornalfatosenoticias.com.br\/index.php\/2020\/10\/20\/livros-de-ailton-krenak-vao-virar-serie-do-produtor-de-me-chame-pelo-seu-nome\/#primaryimage\"},\"image\":{\"@id\":\"https:\/\/jornalfatosenoticias.com.br\/index.php\/2020\/10\/20\/livros-de-ailton-krenak-vao-virar-serie-do-produtor-de-me-chame-pelo-seu-nome\/#primaryimage\"},\"thumbnailUrl\":\"https:\/\/jornalfatosenoticias.com.br\/wp-content\/uploads\/2020\/10\/ailton-krenak-companhia-das-letras.jpg\",\"datePublished\":\"2020-10-20T20:06:25+00:00\",\"dateModified\":\"2020-10-20T20:06:30+00:00\",\"breadcrumb\":{\"@id\":\"https:\/\/jornalfatosenoticias.com.br\/index.php\/2020\/10\/20\/livros-de-ailton-krenak-vao-virar-serie-do-produtor-de-me-chame-pelo-seu-nome\/#breadcrumb\"},\"inLanguage\":\"pt-BR\",\"potentialAction\":[{\"@type\":\"ReadAction\",\"target\":[\"https:\/\/jornalfatosenoticias.com.br\/index.php\/2020\/10\/20\/livros-de-ailton-krenak-vao-virar-serie-do-produtor-de-me-chame-pelo-seu-nome\/\"]}]},{\"@type\":\"ImageObject\",\"inLanguage\":\"pt-BR\",\"@id\":\"https:\/\/jornalfatosenoticias.com.br\/index.php\/2020\/10\/20\/livros-de-ailton-krenak-vao-virar-serie-do-produtor-de-me-chame-pelo-seu-nome\/#primaryimage\",\"url\":\"https:\/\/jornalfatosenoticias.com.br\/wp-content\/uploads\/2020\/10\/ailton-krenak-companhia-das-letras.jpg\",\"contentUrl\":\"https:\/\/jornalfatosenoticias.com.br\/wp-content\/uploads\/2020\/10\/ailton-krenak-companhia-das-letras.jpg\",\"width\":1000,\"height\":842},{\"@type\":\"BreadcrumbList\",\"@id\":\"https:\/\/jornalfatosenoticias.com.br\/index.php\/2020\/10\/20\/livros-de-ailton-krenak-vao-virar-serie-do-produtor-de-me-chame-pelo-seu-nome\/#breadcrumb\",\"itemListElement\":[{\"@type\":\"ListItem\",\"position\":1,\"name\":\"In\u00edcio\",\"item\":\"https:\/\/jornalfatosenoticias.com.br\/\"},{\"@type\":\"ListItem\",\"position\":2,\"name\":\"Livros de Ailton Krenak v\u00e3o virar s\u00e9rie do produtor de Me Chame pelo Seu Nome\"}]},{\"@type\":\"WebSite\",\"@id\":\"https:\/\/jornalfatosenoticias.com.br\/#website\",\"url\":\"https:\/\/jornalfatosenoticias.com.br\/\",\"name\":\"Jornal Fatos e Not\u00edcias\",\"description\":\"Not\u00edcias em geral\",\"publisher\":{\"@id\":\"https:\/\/jornalfatosenoticias.com.br\/#organization\"},\"potentialAction\":[{\"@type\":\"SearchAction\",\"target\":{\"@type\":\"EntryPoint\",\"urlTemplate\":\"https:\/\/jornalfatosenoticias.com.br\/?s={search_term_string}\"},\"query-input\":{\"@type\":\"PropertyValueSpecification\",\"valueRequired\":true,\"valueName\":\"search_term_string\"}}],\"inLanguage\":\"pt-BR\"},{\"@type\":\"Organization\",\"@id\":\"https:\/\/jornalfatosenoticias.com.br\/#organization\",\"name\":\"Jornal Fatos e Not\u00edcias\",\"url\":\"https:\/\/jornalfatosenoticias.com.br\/\",\"logo\":{\"@type\":\"ImageObject\",\"inLanguage\":\"pt-BR\",\"@id\":\"https:\/\/jornalfatosenoticias.com.br\/#\/schema\/logo\/image\/\",\"url\":\"https:\/\/jornalfatosenoticias.com.br\/wp-content\/uploads\/2020\/02\/logo120.png\",\"contentUrl\":\"https:\/\/jornalfatosenoticias.com.br\/wp-content\/uploads\/2020\/02\/logo120.png\",\"width\":1227,\"height\":120,\"caption\":\"Jornal Fatos e Not\u00edcias\"},\"image\":{\"@id\":\"https:\/\/jornalfatosenoticias.com.br\/#\/schema\/logo\/image\/\"}},{\"@type\":\"Person\",\"@id\":\"https:\/\/jornalfatosenoticias.com.br\/#\/schema\/person\/d63837fa13ac8666eb9e74e0985d6f81\",\"name\":\"Luzimara Fernandes\",\"image\":{\"@type\":\"ImageObject\",\"inLanguage\":\"pt-BR\",\"@id\":\"https:\/\/jornalfatosenoticias.com.br\/#\/schema\/person\/image\/\",\"url\":\"https:\/\/jornalfatosenoticias.com.br\/wp-content\/uploads\/2025\/05\/EU_portal.jpg\",\"contentUrl\":\"https:\/\/jornalfatosenoticias.com.br\/wp-content\/uploads\/2025\/05\/EU_portal.jpg\",\"caption\":\"Luzimara Fernandes\"},\"description\":\"Jornalista MTB 2358-ES\",\"sameAs\":[\"https:\/\/jornalfatosenoticias.com.br\"],\"url\":\"https:\/\/jornalfatosenoticias.com.br\/index.php\/author\/luzimara\/\"}]}<\/script>\n<!-- \/ Yoast SEO plugin. -->","yoast_head_json":{"title":"Livros de Ailton Krenak v\u00e3o virar s\u00e9rie do produtor de Me Chame pelo Seu Nome - Jornal Fatos e Not\u00edcias","robots":{"index":"index","follow":"follow","max-snippet":"max-snippet:-1","max-image-preview":"max-image-preview:large","max-video-preview":"max-video-preview:-1"},"canonical":"https:\/\/jornalfatosenoticias.com.br\/index.php\/2020\/10\/20\/livros-de-ailton-krenak-vao-virar-serie-do-produtor-de-me-chame-pelo-seu-nome\/","og_locale":"pt_BR","og_type":"article","og_title":"Livros de Ailton Krenak v\u00e3o virar s\u00e9rie do produtor de Me Chame pelo Seu Nome - Jornal Fatos e Not\u00edcias","og_description":"O pensador ind\u00edgena Ailton Krenak vai virar s\u00e9rie. A coluna de Lauro Jardim no jornal O Globo informou que seus dois livros, lan\u00e7ados pela Companhia das Letras, &#8220;Ideias para Adiar o Fim do Mundo&#8221; e &#8220;A Vida N\u00e3o \u00c9 \u00datil&#8221;, tiveram seus direitos comprados pela RT Television.Bra\u00e7o televisivo da RT Features, a premiada produtora de [&hellip;]","og_url":"https:\/\/jornalfatosenoticias.com.br\/index.php\/2020\/10\/20\/livros-de-ailton-krenak-vao-virar-serie-do-produtor-de-me-chame-pelo-seu-nome\/","og_site_name":"Jornal Fatos e Not\u00edcias","article_published_time":"2020-10-20T20:06:25+00:00","article_modified_time":"2020-10-20T20:06:30+00:00","og_image":[{"width":1000,"height":842,"url":"https:\/\/jornalfatosenoticias.com.br\/wp-content\/uploads\/2020\/10\/ailton-krenak-companhia-das-letras.jpg","type":"image\/jpeg"}],"author":"Luzimara Fernandes","twitter_card":"summary_large_image","twitter_misc":{"Escrito por":"Luzimara Fernandes","Est. tempo de leitura":"1 minuto"},"schema":{"@context":"https:\/\/schema.org","@graph":[{"@type":"Article","@id":"https:\/\/jornalfatosenoticias.com.br\/index.php\/2020\/10\/20\/livros-de-ailton-krenak-vao-virar-serie-do-produtor-de-me-chame-pelo-seu-nome\/#article","isPartOf":{"@id":"https:\/\/jornalfatosenoticias.com.br\/index.php\/2020\/10\/20\/livros-de-ailton-krenak-vao-virar-serie-do-produtor-de-me-chame-pelo-seu-nome\/"},"author":{"name":"Luzimara Fernandes","@id":"https:\/\/jornalfatosenoticias.com.br\/#\/schema\/person\/d63837fa13ac8666eb9e74e0985d6f81"},"headline":"Livros de Ailton Krenak v\u00e3o virar s\u00e9rie do produtor de Me Chame pelo Seu Nome","datePublished":"2020-10-20T20:06:25+00:00","dateModified":"2020-10-20T20:06:30+00:00","mainEntityOfPage":{"@id":"https:\/\/jornalfatosenoticias.com.br\/index.php\/2020\/10\/20\/livros-de-ailton-krenak-vao-virar-serie-do-produtor-de-me-chame-pelo-seu-nome\/"},"wordCount":276,"commentCount":0,"publisher":{"@id":"https:\/\/jornalfatosenoticias.com.br\/#organization"},"image":{"@id":"https:\/\/jornalfatosenoticias.com.br\/index.php\/2020\/10\/20\/livros-de-ailton-krenak-vao-virar-serie-do-produtor-de-me-chame-pelo-seu-nome\/#primaryimage"},"thumbnailUrl":"https:\/\/jornalfatosenoticias.com.br\/wp-content\/uploads\/2020\/10\/ailton-krenak-companhia-das-letras.jpg","keywords":["Ailton Krenak","ind\u00edgenas","livros","s\u00e9ries"],"articleSection":["Cultura"],"inLanguage":"pt-BR","potentialAction":[{"@type":"CommentAction","name":"Comment","target":["https:\/\/jornalfatosenoticias.com.br\/index.php\/2020\/10\/20\/livros-de-ailton-krenak-vao-virar-serie-do-produtor-de-me-chame-pelo-seu-nome\/#respond"]}]},{"@type":"WebPage","@id":"https:\/\/jornalfatosenoticias.com.br\/index.php\/2020\/10\/20\/livros-de-ailton-krenak-vao-virar-serie-do-produtor-de-me-chame-pelo-seu-nome\/","url":"https:\/\/jornalfatosenoticias.com.br\/index.php\/2020\/10\/20\/livros-de-ailton-krenak-vao-virar-serie-do-produtor-de-me-chame-pelo-seu-nome\/","name":"Livros de Ailton Krenak v\u00e3o virar s\u00e9rie do produtor de Me Chame pelo Seu Nome - Jornal Fatos e Not\u00edcias","isPartOf":{"@id":"https:\/\/jornalfatosenoticias.com.br\/#website"},"primaryImageOfPage":{"@id":"https:\/\/jornalfatosenoticias.com.br\/index.php\/2020\/10\/20\/livros-de-ailton-krenak-vao-virar-serie-do-produtor-de-me-chame-pelo-seu-nome\/#primaryimage"},"image":{"@id":"https:\/\/jornalfatosenoticias.com.br\/index.php\/2020\/10\/20\/livros-de-ailton-krenak-vao-virar-serie-do-produtor-de-me-chame-pelo-seu-nome\/#primaryimage"},"thumbnailUrl":"https:\/\/jornalfatosenoticias.com.br\/wp-content\/uploads\/2020\/10\/ailton-krenak-companhia-das-letras.jpg","datePublished":"2020-10-20T20:06:25+00:00","dateModified":"2020-10-20T20:06:30+00:00","breadcrumb":{"@id":"https:\/\/jornalfatosenoticias.com.br\/index.php\/2020\/10\/20\/livros-de-ailton-krenak-vao-virar-serie-do-produtor-de-me-chame-pelo-seu-nome\/#breadcrumb"},"inLanguage":"pt-BR","potentialAction":[{"@type":"ReadAction","target":["https:\/\/jornalfatosenoticias.com.br\/index.php\/2020\/10\/20\/livros-de-ailton-krenak-vao-virar-serie-do-produtor-de-me-chame-pelo-seu-nome\/"]}]},{"@type":"ImageObject","inLanguage":"pt-BR","@id":"https:\/\/jornalfatosenoticias.com.br\/index.php\/2020\/10\/20\/livros-de-ailton-krenak-vao-virar-serie-do-produtor-de-me-chame-pelo-seu-nome\/#primaryimage","url":"https:\/\/jornalfatosenoticias.com.br\/wp-content\/uploads\/2020\/10\/ailton-krenak-companhia-das-letras.jpg","contentUrl":"https:\/\/jornalfatosenoticias.com.br\/wp-content\/uploads\/2020\/10\/ailton-krenak-companhia-das-letras.jpg","width":1000,"height":842},{"@type":"BreadcrumbList","@id":"https:\/\/jornalfatosenoticias.com.br\/index.php\/2020\/10\/20\/livros-de-ailton-krenak-vao-virar-serie-do-produtor-de-me-chame-pelo-seu-nome\/#breadcrumb","itemListElement":[{"@type":"ListItem","position":1,"name":"In\u00edcio","item":"https:\/\/jornalfatosenoticias.com.br\/"},{"@type":"ListItem","position":2,"name":"Livros de Ailton Krenak v\u00e3o virar s\u00e9rie do produtor de Me Chame pelo Seu Nome"}]},{"@type":"WebSite","@id":"https:\/\/jornalfatosenoticias.com.br\/#website","url":"https:\/\/jornalfatosenoticias.com.br\/","name":"Jornal Fatos e Not\u00edcias","description":"Not\u00edcias em geral","publisher":{"@id":"https:\/\/jornalfatosenoticias.com.br\/#organization"},"potentialAction":[{"@type":"SearchAction","target":{"@type":"EntryPoint","urlTemplate":"https:\/\/jornalfatosenoticias.com.br\/?s={search_term_string}"},"query-input":{"@type":"PropertyValueSpecification","valueRequired":true,"valueName":"search_term_string"}}],"inLanguage":"pt-BR"},{"@type":"Organization","@id":"https:\/\/jornalfatosenoticias.com.br\/#organization","name":"Jornal Fatos e Not\u00edcias","url":"https:\/\/jornalfatosenoticias.com.br\/","logo":{"@type":"ImageObject","inLanguage":"pt-BR","@id":"https:\/\/jornalfatosenoticias.com.br\/#\/schema\/logo\/image\/","url":"https:\/\/jornalfatosenoticias.com.br\/wp-content\/uploads\/2020\/02\/logo120.png","contentUrl":"https:\/\/jornalfatosenoticias.com.br\/wp-content\/uploads\/2020\/02\/logo120.png","width":1227,"height":120,"caption":"Jornal Fatos e Not\u00edcias"},"image":{"@id":"https:\/\/jornalfatosenoticias.com.br\/#\/schema\/logo\/image\/"}},{"@type":"Person","@id":"https:\/\/jornalfatosenoticias.com.br\/#\/schema\/person\/d63837fa13ac8666eb9e74e0985d6f81","name":"Luzimara Fernandes","image":{"@type":"ImageObject","inLanguage":"pt-BR","@id":"https:\/\/jornalfatosenoticias.com.br\/#\/schema\/person\/image\/","url":"https:\/\/jornalfatosenoticias.com.br\/wp-content\/uploads\/2025\/05\/EU_portal.jpg","contentUrl":"https:\/\/jornalfatosenoticias.com.br\/wp-content\/uploads\/2025\/05\/EU_portal.jpg","caption":"Luzimara Fernandes"},"description":"Jornalista MTB 2358-ES","sameAs":["https:\/\/jornalfatosenoticias.com.br"],"url":"https:\/\/jornalfatosenoticias.com.br\/index.php\/author\/luzimara\/"}]}},"cc_featured_image_caption":{"caption_text":"","source_text":"","source_url":""},"jetpack_featured_media_url":"https:\/\/jornalfatosenoticias.com.br\/wp-content\/uploads\/2020\/10\/ailton-krenak-companhia-das-letras.jpg","_links":{"self":[{"href":"https:\/\/jornalfatosenoticias.com.br\/index.php\/wp-json\/wp\/v2\/posts\/10138","targetHints":{"allow":["GET"]}}],"collection":[{"href":"https:\/\/jornalfatosenoticias.com.br\/index.php\/wp-json\/wp\/v2\/posts"}],"about":[{"href":"https:\/\/jornalfatosenoticias.com.br\/index.php\/wp-json\/wp\/v2\/types\/post"}],"author":[{"embeddable":true,"href":"https:\/\/jornalfatosenoticias.com.br\/index.php\/wp-json\/wp\/v2\/users\/2"}],"replies":[{"embeddable":true,"href":"https:\/\/jornalfatosenoticias.com.br\/index.php\/wp-json\/wp\/v2\/comments?post=10138"}],"version-history":[{"count":0,"href":"https:\/\/jornalfatosenoticias.com.br\/index.php\/wp-json\/wp\/v2\/posts\/10138\/revisions"}],"wp:featuredmedia":[{"embeddable":true,"href":"https:\/\/jornalfatosenoticias.com.br\/index.php\/wp-json\/wp\/v2\/media\/10140"}],"wp:attachment":[{"href":"https:\/\/jornalfatosenoticias.com.br\/index.php\/wp-json\/wp\/v2\/media?parent=10138"}],"wp:term":[{"taxonomy":"category","embeddable":true,"href":"https:\/\/jornalfatosenoticias.com.br\/index.php\/wp-json\/wp\/v2\/categories?post=10138"},{"taxonomy":"post_tag","embeddable":true,"href":"https:\/\/jornalfatosenoticias.com.br\/index.php\/wp-json\/wp\/v2\/tags?post=10138"}],"curies":[{"name":"wp","href":"https:\/\/api.w.org\/{rel}","templated":true}]}}