{"id":10145,"date":"2020-10-20T17:14:22","date_gmt":"2020-10-20T20:14:22","guid":{"rendered":"https:\/\/jornalfatosenoticias.com.br\/?p=10145"},"modified":"2020-10-20T17:14:26","modified_gmt":"2020-10-20T20:14:26","slug":"o-pequeno-mamifero-que-se-adaptou-bem-a-mudanca-climatica","status":"publish","type":"post","link":"https:\/\/jornalfatosenoticias.com.br\/index.php\/2020\/10\/20\/o-pequeno-mamifero-que-se-adaptou-bem-a-mudanca-climatica\/","title":{"rendered":"O pequeno mam\u00edfero que se adaptou bem \u00e0 mudan\u00e7a clim\u00e1tica"},"content":{"rendered":"\n<p>Embora as atuais mudan\u00e7as no clima sejam prejudiciais para a natureza em diversos aspectos, h\u00e1 seres vivos mais preparados para lidar com elas. \u00c9 o caso do pika, pequenino animal conhecido tamb\u00e9m como lebre-assobiadora que habita o norte do nosso continente, sobretudo regi\u00f5es frias e montanhosas. De acordo com um estudo publicado no \u00faltimo dia 13, no peri\u00f3dico cient\u00edfico Journal of Mammalogy, esses mam\u00edferos s\u00e3o uma esp\u00e9cie surpreendentemente robusta.<br>O fator surpresa decorre do fato de que, como esses animais est\u00e3o acostumados a viver em locais de clima ameno, a comunidade cient\u00edfica especulava que o aumento das temperaturas culminaria em sua extin\u00e7\u00e3o. Contudo, segundo a nova pesquisa, as lebres-assobiadoras t\u00eam se mostrado mais resistentes ao calor do que se pensava.<br>O estudo analisou regi\u00f5es conhecidas por abrigarem esses mam\u00edferos e apontou que n\u00e3o havia diferen\u00e7a na quantidade de esp\u00e9cimes encontrados entre pontos mais ou menos afetados pela mudan\u00e7a clim\u00e1tica. Outro artigo publicado recentemente indicara que h\u00e1 lebres-assobiadoras em 73% dos habitats adequados para elas \u2014 um n\u00famero bastante positivo.<br>As boas not\u00edcias n\u00e3o significam, entretanto, que todas as popula\u00e7\u00f5es do mam\u00edfero est\u00e3o a salvo. Alguns grupos podem, sim, ter sido negativamente afetados pelo calor, resultando no sumi\u00e7o do animal em certos pontos. Por ora, enquanto o aquecimento global persevera, resta esperar que mais esp\u00e9cies consigam mudar seu comportamento para melhor se adaptarem ao novo mundo, a exemplo dos pikas.<\/p>\n\n\n\n<p><strong><em>Lebre-assobiadora <\/em><\/strong><em>(Foto: \u00a9Andrew Smith\/Universidade Estadual do Arizona \/Divulga\u00e7\u00e3o)<\/em><\/p>\n\n\n\n<p><strong><em>Fonte: <a href=\"https:\/\/www.msn.com\/pt-br\/noticias\/ciencia-e-tecnologia\/o-pequeno-mam%C3%ADfero-que-se-adaptou-bem-%C3%A0-mudan%C3%A7a-clim%C3%A1tica\/ar-BB1ab1tU#:~:text=Embora%20as%20atuais%20mudan%C3%A7as%20no,sobretudo%20regi%C3%B5es%20frias%20e%20montanhosas.\">MSN Not\u00edcias<\/a><\/em><\/strong><\/p>\n","protected":false},"excerpt":{"rendered":"<p>Embora as atuais mudan\u00e7as no clima sejam prejudiciais para a natureza em diversos aspectos, h\u00e1 seres vivos mais preparados para lidar com elas. \u00c9 o caso do pika, pequenino animal conhecido tamb\u00e9m como lebre-assobiadora que habita o norte do nosso continente, sobretudo regi\u00f5es frias e montanhosas. De acordo com um estudo publicado no \u00faltimo dia [&hellip;]<\/p>\n","protected":false},"author":2,"featured_media":10146,"comment_status":"open","ping_status":"open","sticky":false,"template":"","format":"standard","meta":{"footnotes":""},"categories":[2],"tags":[5446,1229,360,5447],"class_list":["post-10145","post","type-post","status-publish","format-standard","has-post-thumbnail","hentry","category-ciencia","tag-lebre-assobiadora","tag-mamifero","tag-mudancas-climaticas","tag-pika"],"yoast_head":"<!-- This site is optimized with the Yoast SEO plugin v26.5 - https:\/\/yoast.com\/wordpress\/plugins\/seo\/ -->\n<title>O pequeno mam\u00edfero que se adaptou bem \u00e0 mudan\u00e7a clim\u00e1tica - Jornal Fatos e Not\u00edcias<\/title>\n<meta name=\"robots\" content=\"index, follow, max-snippet:-1, max-image-preview:large, max-video-preview:-1\" \/>\n<link rel=\"canonical\" href=\"https:\/\/jornalfatosenoticias.com.br\/index.php\/2020\/10\/20\/o-pequeno-mamifero-que-se-adaptou-bem-a-mudanca-climatica\/\" \/>\n<meta property=\"og:locale\" content=\"pt_BR\" \/>\n<meta property=\"og:type\" content=\"article\" \/>\n<meta property=\"og:title\" content=\"O pequeno mam\u00edfero que se adaptou bem \u00e0 mudan\u00e7a clim\u00e1tica - Jornal Fatos e Not\u00edcias\" \/>\n<meta property=\"og:description\" content=\"Embora as atuais mudan\u00e7as no clima sejam prejudiciais para a natureza em diversos aspectos, h\u00e1 seres vivos mais preparados para lidar com elas. \u00c9 o caso do pika, pequenino animal conhecido tamb\u00e9m como lebre-assobiadora que habita o norte do nosso continente, sobretudo regi\u00f5es frias e montanhosas. De acordo com um estudo publicado no \u00faltimo dia [&hellip;]\" \/>\n<meta property=\"og:url\" content=\"https:\/\/jornalfatosenoticias.com.br\/index.php\/2020\/10\/20\/o-pequeno-mamifero-que-se-adaptou-bem-a-mudanca-climatica\/\" \/>\n<meta property=\"og:site_name\" content=\"Jornal Fatos e Not\u00edcias\" \/>\n<meta property=\"article:published_time\" content=\"2020-10-20T20:14:22+00:00\" \/>\n<meta property=\"article:modified_time\" content=\"2020-10-20T20:14:26+00:00\" \/>\n<meta property=\"og:image\" content=\"https:\/\/jornalfatosenoticias.com.br\/wp-content\/uploads\/2020\/10\/LEBRE-ASSOBIADORA-PEQUENO-MAMIFERO.jpg\" \/>\n\t<meta property=\"og:image:width\" content=\"1000\" \/>\n\t<meta property=\"og:image:height\" content=\"674\" \/>\n\t<meta property=\"og:image:type\" content=\"image\/jpeg\" \/>\n<meta name=\"author\" content=\"Luzimara Fernandes\" \/>\n<meta name=\"twitter:card\" content=\"summary_large_image\" \/>\n<meta name=\"twitter:label1\" content=\"Escrito por\" \/>\n\t<meta name=\"twitter:data1\" content=\"Luzimara Fernandes\" \/>\n\t<meta name=\"twitter:label2\" content=\"Est. tempo de leitura\" \/>\n\t<meta name=\"twitter:data2\" content=\"1 minuto\" \/>\n<script type=\"application\/ld+json\" class=\"yoast-schema-graph\">{\"@context\":\"https:\/\/schema.org\",\"@graph\":[{\"@type\":\"Article\",\"@id\":\"https:\/\/jornalfatosenoticias.com.br\/index.php\/2020\/10\/20\/o-pequeno-mamifero-que-se-adaptou-bem-a-mudanca-climatica\/#article\",\"isPartOf\":{\"@id\":\"https:\/\/jornalfatosenoticias.com.br\/index.php\/2020\/10\/20\/o-pequeno-mamifero-que-se-adaptou-bem-a-mudanca-climatica\/\"},\"author\":{\"name\":\"Luzimara Fernandes\",\"@id\":\"https:\/\/jornalfatosenoticias.com.br\/#\/schema\/person\/d63837fa13ac8666eb9e74e0985d6f81\"},\"headline\":\"O pequeno mam\u00edfero que se adaptou bem \u00e0 mudan\u00e7a clim\u00e1tica\",\"datePublished\":\"2020-10-20T20:14:22+00:00\",\"dateModified\":\"2020-10-20T20:14:26+00:00\",\"mainEntityOfPage\":{\"@id\":\"https:\/\/jornalfatosenoticias.com.br\/index.php\/2020\/10\/20\/o-pequeno-mamifero-que-se-adaptou-bem-a-mudanca-climatica\/\"},\"wordCount\":278,\"commentCount\":0,\"publisher\":{\"@id\":\"https:\/\/jornalfatosenoticias.com.br\/#organization\"},\"image\":{\"@id\":\"https:\/\/jornalfatosenoticias.com.br\/index.php\/2020\/10\/20\/o-pequeno-mamifero-que-se-adaptou-bem-a-mudanca-climatica\/#primaryimage\"},\"thumbnailUrl\":\"https:\/\/jornalfatosenoticias.com.br\/wp-content\/uploads\/2020\/10\/LEBRE-ASSOBIADORA-PEQUENO-MAMIFERO.jpg\",\"keywords\":[\"lebre-assobiadora\",\"mam\u00edfero\",\"mudan\u00e7as clim\u00e1ticas\",\"pika\"],\"articleSection\":[\"Ci\u00eancia\"],\"inLanguage\":\"pt-BR\",\"potentialAction\":[{\"@type\":\"CommentAction\",\"name\":\"Comment\",\"target\":[\"https:\/\/jornalfatosenoticias.com.br\/index.php\/2020\/10\/20\/o-pequeno-mamifero-que-se-adaptou-bem-a-mudanca-climatica\/#respond\"]}]},{\"@type\":\"WebPage\",\"@id\":\"https:\/\/jornalfatosenoticias.com.br\/index.php\/2020\/10\/20\/o-pequeno-mamifero-que-se-adaptou-bem-a-mudanca-climatica\/\",\"url\":\"https:\/\/jornalfatosenoticias.com.br\/index.php\/2020\/10\/20\/o-pequeno-mamifero-que-se-adaptou-bem-a-mudanca-climatica\/\",\"name\":\"O pequeno mam\u00edfero que se adaptou bem \u00e0 mudan\u00e7a clim\u00e1tica - Jornal Fatos e Not\u00edcias\",\"isPartOf\":{\"@id\":\"https:\/\/jornalfatosenoticias.com.br\/#website\"},\"primaryImageOfPage\":{\"@id\":\"https:\/\/jornalfatosenoticias.com.br\/index.php\/2020\/10\/20\/o-pequeno-mamifero-que-se-adaptou-bem-a-mudanca-climatica\/#primaryimage\"},\"image\":{\"@id\":\"https:\/\/jornalfatosenoticias.com.br\/index.php\/2020\/10\/20\/o-pequeno-mamifero-que-se-adaptou-bem-a-mudanca-climatica\/#primaryimage\"},\"thumbnailUrl\":\"https:\/\/jornalfatosenoticias.com.br\/wp-content\/uploads\/2020\/10\/LEBRE-ASSOBIADORA-PEQUENO-MAMIFERO.jpg\",\"datePublished\":\"2020-10-20T20:14:22+00:00\",\"dateModified\":\"2020-10-20T20:14:26+00:00\",\"breadcrumb\":{\"@id\":\"https:\/\/jornalfatosenoticias.com.br\/index.php\/2020\/10\/20\/o-pequeno-mamifero-que-se-adaptou-bem-a-mudanca-climatica\/#breadcrumb\"},\"inLanguage\":\"pt-BR\",\"potentialAction\":[{\"@type\":\"ReadAction\",\"target\":[\"https:\/\/jornalfatosenoticias.com.br\/index.php\/2020\/10\/20\/o-pequeno-mamifero-que-se-adaptou-bem-a-mudanca-climatica\/\"]}]},{\"@type\":\"ImageObject\",\"inLanguage\":\"pt-BR\",\"@id\":\"https:\/\/jornalfatosenoticias.com.br\/index.php\/2020\/10\/20\/o-pequeno-mamifero-que-se-adaptou-bem-a-mudanca-climatica\/#primaryimage\",\"url\":\"https:\/\/jornalfatosenoticias.com.br\/wp-content\/uploads\/2020\/10\/LEBRE-ASSOBIADORA-PEQUENO-MAMIFERO.jpg\",\"contentUrl\":\"https:\/\/jornalfatosenoticias.com.br\/wp-content\/uploads\/2020\/10\/LEBRE-ASSOBIADORA-PEQUENO-MAMIFERO.jpg\",\"width\":1000,\"height\":674},{\"@type\":\"BreadcrumbList\",\"@id\":\"https:\/\/jornalfatosenoticias.com.br\/index.php\/2020\/10\/20\/o-pequeno-mamifero-que-se-adaptou-bem-a-mudanca-climatica\/#breadcrumb\",\"itemListElement\":[{\"@type\":\"ListItem\",\"position\":1,\"name\":\"In\u00edcio\",\"item\":\"https:\/\/jornalfatosenoticias.com.br\/\"},{\"@type\":\"ListItem\",\"position\":2,\"name\":\"O pequeno mam\u00edfero que se adaptou bem \u00e0 mudan\u00e7a clim\u00e1tica\"}]},{\"@type\":\"WebSite\",\"@id\":\"https:\/\/jornalfatosenoticias.com.br\/#website\",\"url\":\"https:\/\/jornalfatosenoticias.com.br\/\",\"name\":\"Jornal Fatos e Not\u00edcias\",\"description\":\"Not\u00edcias em geral\",\"publisher\":{\"@id\":\"https:\/\/jornalfatosenoticias.com.br\/#organization\"},\"potentialAction\":[{\"@type\":\"SearchAction\",\"target\":{\"@type\":\"EntryPoint\",\"urlTemplate\":\"https:\/\/jornalfatosenoticias.com.br\/?s={search_term_string}\"},\"query-input\":{\"@type\":\"PropertyValueSpecification\",\"valueRequired\":true,\"valueName\":\"search_term_string\"}}],\"inLanguage\":\"pt-BR\"},{\"@type\":\"Organization\",\"@id\":\"https:\/\/jornalfatosenoticias.com.br\/#organization\",\"name\":\"Jornal Fatos e Not\u00edcias\",\"url\":\"https:\/\/jornalfatosenoticias.com.br\/\",\"logo\":{\"@type\":\"ImageObject\",\"inLanguage\":\"pt-BR\",\"@id\":\"https:\/\/jornalfatosenoticias.com.br\/#\/schema\/logo\/image\/\",\"url\":\"https:\/\/jornalfatosenoticias.com.br\/wp-content\/uploads\/2020\/02\/logo120.png\",\"contentUrl\":\"https:\/\/jornalfatosenoticias.com.br\/wp-content\/uploads\/2020\/02\/logo120.png\",\"width\":1227,\"height\":120,\"caption\":\"Jornal Fatos e Not\u00edcias\"},\"image\":{\"@id\":\"https:\/\/jornalfatosenoticias.com.br\/#\/schema\/logo\/image\/\"}},{\"@type\":\"Person\",\"@id\":\"https:\/\/jornalfatosenoticias.com.br\/#\/schema\/person\/d63837fa13ac8666eb9e74e0985d6f81\",\"name\":\"Luzimara Fernandes\",\"image\":{\"@type\":\"ImageObject\",\"inLanguage\":\"pt-BR\",\"@id\":\"https:\/\/jornalfatosenoticias.com.br\/#\/schema\/person\/image\/\",\"url\":\"https:\/\/jornalfatosenoticias.com.br\/wp-content\/uploads\/2025\/05\/EU_portal.jpg\",\"contentUrl\":\"https:\/\/jornalfatosenoticias.com.br\/wp-content\/uploads\/2025\/05\/EU_portal.jpg\",\"caption\":\"Luzimara Fernandes\"},\"description\":\"Jornalista MTB 2358-ES\",\"sameAs\":[\"https:\/\/jornalfatosenoticias.com.br\"],\"url\":\"https:\/\/jornalfatosenoticias.com.br\/index.php\/author\/luzimara\/\"}]}<\/script>\n<!-- \/ Yoast SEO plugin. -->","yoast_head_json":{"title":"O pequeno mam\u00edfero que se adaptou bem \u00e0 mudan\u00e7a clim\u00e1tica - Jornal Fatos e Not\u00edcias","robots":{"index":"index","follow":"follow","max-snippet":"max-snippet:-1","max-image-preview":"max-image-preview:large","max-video-preview":"max-video-preview:-1"},"canonical":"https:\/\/jornalfatosenoticias.com.br\/index.php\/2020\/10\/20\/o-pequeno-mamifero-que-se-adaptou-bem-a-mudanca-climatica\/","og_locale":"pt_BR","og_type":"article","og_title":"O pequeno mam\u00edfero que se adaptou bem \u00e0 mudan\u00e7a clim\u00e1tica - Jornal Fatos e Not\u00edcias","og_description":"Embora as atuais mudan\u00e7as no clima sejam prejudiciais para a natureza em diversos aspectos, h\u00e1 seres vivos mais preparados para lidar com elas. \u00c9 o caso do pika, pequenino animal conhecido tamb\u00e9m como lebre-assobiadora que habita o norte do nosso continente, sobretudo regi\u00f5es frias e montanhosas. De acordo com um estudo publicado no \u00faltimo dia [&hellip;]","og_url":"https:\/\/jornalfatosenoticias.com.br\/index.php\/2020\/10\/20\/o-pequeno-mamifero-que-se-adaptou-bem-a-mudanca-climatica\/","og_site_name":"Jornal Fatos e Not\u00edcias","article_published_time":"2020-10-20T20:14:22+00:00","article_modified_time":"2020-10-20T20:14:26+00:00","og_image":[{"width":1000,"height":674,"url":"https:\/\/jornalfatosenoticias.com.br\/wp-content\/uploads\/2020\/10\/LEBRE-ASSOBIADORA-PEQUENO-MAMIFERO.jpg","type":"image\/jpeg"}],"author":"Luzimara Fernandes","twitter_card":"summary_large_image","twitter_misc":{"Escrito por":"Luzimara Fernandes","Est. tempo de leitura":"1 minuto"},"schema":{"@context":"https:\/\/schema.org","@graph":[{"@type":"Article","@id":"https:\/\/jornalfatosenoticias.com.br\/index.php\/2020\/10\/20\/o-pequeno-mamifero-que-se-adaptou-bem-a-mudanca-climatica\/#article","isPartOf":{"@id":"https:\/\/jornalfatosenoticias.com.br\/index.php\/2020\/10\/20\/o-pequeno-mamifero-que-se-adaptou-bem-a-mudanca-climatica\/"},"author":{"name":"Luzimara Fernandes","@id":"https:\/\/jornalfatosenoticias.com.br\/#\/schema\/person\/d63837fa13ac8666eb9e74e0985d6f81"},"headline":"O pequeno mam\u00edfero que se adaptou bem \u00e0 mudan\u00e7a clim\u00e1tica","datePublished":"2020-10-20T20:14:22+00:00","dateModified":"2020-10-20T20:14:26+00:00","mainEntityOfPage":{"@id":"https:\/\/jornalfatosenoticias.com.br\/index.php\/2020\/10\/20\/o-pequeno-mamifero-que-se-adaptou-bem-a-mudanca-climatica\/"},"wordCount":278,"commentCount":0,"publisher":{"@id":"https:\/\/jornalfatosenoticias.com.br\/#organization"},"image":{"@id":"https:\/\/jornalfatosenoticias.com.br\/index.php\/2020\/10\/20\/o-pequeno-mamifero-que-se-adaptou-bem-a-mudanca-climatica\/#primaryimage"},"thumbnailUrl":"https:\/\/jornalfatosenoticias.com.br\/wp-content\/uploads\/2020\/10\/LEBRE-ASSOBIADORA-PEQUENO-MAMIFERO.jpg","keywords":["lebre-assobiadora","mam\u00edfero","mudan\u00e7as clim\u00e1ticas","pika"],"articleSection":["Ci\u00eancia"],"inLanguage":"pt-BR","potentialAction":[{"@type":"CommentAction","name":"Comment","target":["https:\/\/jornalfatosenoticias.com.br\/index.php\/2020\/10\/20\/o-pequeno-mamifero-que-se-adaptou-bem-a-mudanca-climatica\/#respond"]}]},{"@type":"WebPage","@id":"https:\/\/jornalfatosenoticias.com.br\/index.php\/2020\/10\/20\/o-pequeno-mamifero-que-se-adaptou-bem-a-mudanca-climatica\/","url":"https:\/\/jornalfatosenoticias.com.br\/index.php\/2020\/10\/20\/o-pequeno-mamifero-que-se-adaptou-bem-a-mudanca-climatica\/","name":"O pequeno mam\u00edfero que se adaptou bem \u00e0 mudan\u00e7a clim\u00e1tica - Jornal Fatos e Not\u00edcias","isPartOf":{"@id":"https:\/\/jornalfatosenoticias.com.br\/#website"},"primaryImageOfPage":{"@id":"https:\/\/jornalfatosenoticias.com.br\/index.php\/2020\/10\/20\/o-pequeno-mamifero-que-se-adaptou-bem-a-mudanca-climatica\/#primaryimage"},"image":{"@id":"https:\/\/jornalfatosenoticias.com.br\/index.php\/2020\/10\/20\/o-pequeno-mamifero-que-se-adaptou-bem-a-mudanca-climatica\/#primaryimage"},"thumbnailUrl":"https:\/\/jornalfatosenoticias.com.br\/wp-content\/uploads\/2020\/10\/LEBRE-ASSOBIADORA-PEQUENO-MAMIFERO.jpg","datePublished":"2020-10-20T20:14:22+00:00","dateModified":"2020-10-20T20:14:26+00:00","breadcrumb":{"@id":"https:\/\/jornalfatosenoticias.com.br\/index.php\/2020\/10\/20\/o-pequeno-mamifero-que-se-adaptou-bem-a-mudanca-climatica\/#breadcrumb"},"inLanguage":"pt-BR","potentialAction":[{"@type":"ReadAction","target":["https:\/\/jornalfatosenoticias.com.br\/index.php\/2020\/10\/20\/o-pequeno-mamifero-que-se-adaptou-bem-a-mudanca-climatica\/"]}]},{"@type":"ImageObject","inLanguage":"pt-BR","@id":"https:\/\/jornalfatosenoticias.com.br\/index.php\/2020\/10\/20\/o-pequeno-mamifero-que-se-adaptou-bem-a-mudanca-climatica\/#primaryimage","url":"https:\/\/jornalfatosenoticias.com.br\/wp-content\/uploads\/2020\/10\/LEBRE-ASSOBIADORA-PEQUENO-MAMIFERO.jpg","contentUrl":"https:\/\/jornalfatosenoticias.com.br\/wp-content\/uploads\/2020\/10\/LEBRE-ASSOBIADORA-PEQUENO-MAMIFERO.jpg","width":1000,"height":674},{"@type":"BreadcrumbList","@id":"https:\/\/jornalfatosenoticias.com.br\/index.php\/2020\/10\/20\/o-pequeno-mamifero-que-se-adaptou-bem-a-mudanca-climatica\/#breadcrumb","itemListElement":[{"@type":"ListItem","position":1,"name":"In\u00edcio","item":"https:\/\/jornalfatosenoticias.com.br\/"},{"@type":"ListItem","position":2,"name":"O pequeno mam\u00edfero que se adaptou bem \u00e0 mudan\u00e7a clim\u00e1tica"}]},{"@type":"WebSite","@id":"https:\/\/jornalfatosenoticias.com.br\/#website","url":"https:\/\/jornalfatosenoticias.com.br\/","name":"Jornal Fatos e Not\u00edcias","description":"Not\u00edcias em geral","publisher":{"@id":"https:\/\/jornalfatosenoticias.com.br\/#organization"},"potentialAction":[{"@type":"SearchAction","target":{"@type":"EntryPoint","urlTemplate":"https:\/\/jornalfatosenoticias.com.br\/?s={search_term_string}"},"query-input":{"@type":"PropertyValueSpecification","valueRequired":true,"valueName":"search_term_string"}}],"inLanguage":"pt-BR"},{"@type":"Organization","@id":"https:\/\/jornalfatosenoticias.com.br\/#organization","name":"Jornal Fatos e Not\u00edcias","url":"https:\/\/jornalfatosenoticias.com.br\/","logo":{"@type":"ImageObject","inLanguage":"pt-BR","@id":"https:\/\/jornalfatosenoticias.com.br\/#\/schema\/logo\/image\/","url":"https:\/\/jornalfatosenoticias.com.br\/wp-content\/uploads\/2020\/02\/logo120.png","contentUrl":"https:\/\/jornalfatosenoticias.com.br\/wp-content\/uploads\/2020\/02\/logo120.png","width":1227,"height":120,"caption":"Jornal Fatos e Not\u00edcias"},"image":{"@id":"https:\/\/jornalfatosenoticias.com.br\/#\/schema\/logo\/image\/"}},{"@type":"Person","@id":"https:\/\/jornalfatosenoticias.com.br\/#\/schema\/person\/d63837fa13ac8666eb9e74e0985d6f81","name":"Luzimara Fernandes","image":{"@type":"ImageObject","inLanguage":"pt-BR","@id":"https:\/\/jornalfatosenoticias.com.br\/#\/schema\/person\/image\/","url":"https:\/\/jornalfatosenoticias.com.br\/wp-content\/uploads\/2025\/05\/EU_portal.jpg","contentUrl":"https:\/\/jornalfatosenoticias.com.br\/wp-content\/uploads\/2025\/05\/EU_portal.jpg","caption":"Luzimara Fernandes"},"description":"Jornalista MTB 2358-ES","sameAs":["https:\/\/jornalfatosenoticias.com.br"],"url":"https:\/\/jornalfatosenoticias.com.br\/index.php\/author\/luzimara\/"}]}},"cc_featured_image_caption":{"caption_text":"","source_text":"","source_url":""},"jetpack_featured_media_url":"https:\/\/jornalfatosenoticias.com.br\/wp-content\/uploads\/2020\/10\/LEBRE-ASSOBIADORA-PEQUENO-MAMIFERO.jpg","_links":{"self":[{"href":"https:\/\/jornalfatosenoticias.com.br\/index.php\/wp-json\/wp\/v2\/posts\/10145","targetHints":{"allow":["GET"]}}],"collection":[{"href":"https:\/\/jornalfatosenoticias.com.br\/index.php\/wp-json\/wp\/v2\/posts"}],"about":[{"href":"https:\/\/jornalfatosenoticias.com.br\/index.php\/wp-json\/wp\/v2\/types\/post"}],"author":[{"embeddable":true,"href":"https:\/\/jornalfatosenoticias.com.br\/index.php\/wp-json\/wp\/v2\/users\/2"}],"replies":[{"embeddable":true,"href":"https:\/\/jornalfatosenoticias.com.br\/index.php\/wp-json\/wp\/v2\/comments?post=10145"}],"version-history":[{"count":0,"href":"https:\/\/jornalfatosenoticias.com.br\/index.php\/wp-json\/wp\/v2\/posts\/10145\/revisions"}],"wp:featuredmedia":[{"embeddable":true,"href":"https:\/\/jornalfatosenoticias.com.br\/index.php\/wp-json\/wp\/v2\/media\/10146"}],"wp:attachment":[{"href":"https:\/\/jornalfatosenoticias.com.br\/index.php\/wp-json\/wp\/v2\/media?parent=10145"}],"wp:term":[{"taxonomy":"category","embeddable":true,"href":"https:\/\/jornalfatosenoticias.com.br\/index.php\/wp-json\/wp\/v2\/categories?post=10145"},{"taxonomy":"post_tag","embeddable":true,"href":"https:\/\/jornalfatosenoticias.com.br\/index.php\/wp-json\/wp\/v2\/tags?post=10145"}],"curies":[{"name":"wp","href":"https:\/\/api.w.org\/{rel}","templated":true}]}}