{"id":10148,"date":"2020-10-20T17:18:04","date_gmt":"2020-10-20T20:18:04","guid":{"rendered":"https:\/\/jornalfatosenoticias.com.br\/?p=10148"},"modified":"2020-10-20T17:18:08","modified_gmt":"2020-10-20T20:18:08","slug":"brasil-o-pais-da-matematica-para-todos","status":"publish","type":"post","link":"https:\/\/jornalfatosenoticias.com.br\/index.php\/2020\/10\/20\/brasil-o-pais-da-matematica-para-todos\/","title":{"rendered":"Brasil, o Pa\u00eds da Matem\u00e1tica. Para todos?"},"content":{"rendered":"\n<p>O Brasil \u00e9 um pa\u00eds cheio de contradi\u00e7\u00f5es, e uma das muitas est\u00e1 na Matem\u00e1tica. H\u00e1 matem\u00e1ticos formados no Pa\u00eds que se tornam refer\u00eancia internacional na \u00e1rea. E h\u00e1 milhares de jovens que terminam a escola incapazes de fazer as opera\u00e7\u00f5es b\u00e1sicas do dia a dia. Do lado do destaque positivo, em 2014 Artur \u00c1vila ganhou a Medalha Fields, equivalente ao Pr\u00eamio Nobel da Matem\u00e1tica, por seu trabalho numa \u00e1rea conhecida como sistemas din\u00e2micos. Ele foi o primeiro pesquisador da Am\u00e9rica Latina a conquistar essa medalha.<br>A carreira de \u00c1vila \u00e9 considerada como \u201cmete\u00f3rica\u201d \u2014 e come\u00e7ou cedo. Aos 16 anos, o ent\u00e3o estudante ficou com uma medalha de ouro na Olimp\u00edada Internacional de Matem\u00e1tica. Ainda no ensino m\u00e9dio, em apenas um ano concluiu seu mestrado no Instituto de Matem\u00e1tica Pura e Aplicada (Impa). Aos 29 anos, o brasileiro se tornou a pessoa mais nova a assumir a dire\u00e7\u00e3o de pesquisa do Centro Nacional de Pesquisas Cient\u00edficas de Paris.<br>Mas \u00c1vila n\u00e3o est\u00e1 sozinho. Outros matem\u00e1ticos brasileiros premiados internacionalmente s\u00e3o Jacob Palis, Marcelo Viana, Enrique Pujals, Fernando Cod\u00e1 Marques e Eduardo Teixeira. Em 2018, o Pa\u00eds foi aprovado para entrar para o Grupo 5 da Uni\u00e3o Internacional de Matem\u00e1tica, que re\u00fane a elite mundial da \u00e1rea. Apesar do nome, s\u00e3o dez pa\u00edses que participam do grupo al\u00e9m do Brasil: Alemanha, Canad\u00e1, China, Estados Unidos, Fran\u00e7a, Israel, It\u00e1lia, Jap\u00e3o, Reino Unido e R\u00fassia.<br>Ao que parece, o caminho do sucesso matem\u00e1tico vai continuar a ser trilhado pelas novas gera\u00e7\u00f5es do Pa\u00eds. Com uma medalha de ouro e cinco de prata, a equipe brasileira na Olimp\u00edada Internacional de Matem\u00e1tica deste ano ficou em 10.\u00ba lugar, a melhor coloca\u00e7\u00e3o geral j\u00e1 obtida pelo Brasil.<\/p>\n\n\n\n<h4 class=\"wp-block-heading\">Defici\u00eancia<\/h4>\n\n\n\n<p>H\u00e1 um outro Brasil, no entanto, bem menos brilhante. O maior estudo sobre educa\u00e7\u00e3o do mundo, o Programa Internacional de Avalia\u00e7\u00e3o de Estudantes (Pisa), mostrou que o Pa\u00eds vai mal em v\u00e1rias frentes, mas especialmente na Matem\u00e1tica. Mais de 68% dos estudantes brasileiros, com 15 anos de idade, n\u00e3o possuem n\u00edvel b\u00e1sico de conhecimento na disciplina \u2014 em ci\u00eancias, s\u00e3o 55%; em leitura, 50%.<br>Para Edda Curi, coordenadora da p\u00f3s-gradua\u00e7\u00e3o em Ensino de Matem\u00e1tica da Universidade Cruzeiro do Sul, o destaque nas olimp\u00edadas e em outras premia\u00e7\u00f5es diz pouco sobre a realidade do Pa\u00eds. \u201cO Brasil tem destaque em todas as \u00e1reas, nos esportes, na m\u00fasica. Mas n\u00f3s temos uma quantidade imensa de jogadores de futebol e s\u00f3 um ou dois chegam a ter sucesso. O mesmo se d\u00e1 nas ci\u00eancias e na Matem\u00e1tica\u201d, afirma a especialista.<br>Ela defende, portanto, que o fundamental \u00e9 que todas as crian\u00e7as e jovens tenham garantido seu direito a aprender uma matem\u00e1tica \u00fatil para sua vida. \u201cTem de ser uma matem\u00e1tica que permita a cada um agir como cidad\u00e3o na sociedade\u201d, diz.<br>Essa concep\u00e7\u00e3o de uma matem\u00e1tica para a cidadania pode parecer estranha para os pais das crian\u00e7as que est\u00e3o hoje come\u00e7ando na escola, uma gera\u00e7\u00e3o que aprendeu a seguir um modelo e treinar c\u00e1lculos. \u201cNos \u00faltimos anos, a Matem\u00e1tica vem sofrendo uma transforma\u00e7\u00e3o na abordagem. As aprendizagens t\u00eam de ter significado, ajudar a compreender o mundo em que vivemos\u201d, explica. Isso significa que, em vez de treinar como usar a f\u00f3rmula do Teorema de Pit\u00e1goras, a \u00eanfase tem de ser em testar, investigar e compreender o teorema.<br>N\u00e3o se trata de jogar no lixo toda a tradi\u00e7\u00e3o da educa\u00e7\u00e3o, abandonar o c\u00e1lculo com l\u00e1pis e papel em favor da calculadora. \u201cMas o foco n\u00e3o deve ser saber fazer divis\u00e3o ou tabuada. A Matem\u00e1tica hoje serve para a gente olhar para a imensid\u00e3o de dados que existem e saber analisar, selecionar, inserir em um gr\u00e1fico, compreender a ordem de grandeza\u201d, diz Edda.<\/p>\n\n\n\n<h4 class=\"wp-block-heading\">Olimp\u00edadas em vez de vestibular para p\u00fablicas<\/h4>\n\n\n\n<p>As tr\u00eas universidades p\u00fablicas do Estado de S\u00e3o Paulo passaram a aceitar bons resultados em olimp\u00edadas de conhecimento como forma alternativa de ingresso. A Universidade Estadual de Campinas (Unicamp) foi a primeira que abriu essa possibilidade, em 2018. Para o pr\u00f3ximo ano, ser\u00e3o oferecidas 116 vagas, em 29 op\u00e7\u00f5es de cursos. Os candidatos ficam dispensados de prestar o vestibular tradicional. Podem se inscrever alunos de escolas p\u00fablicas e privadas, que sejam medalhistas ou tenham \u00f3timo desempenho em competi\u00e7\u00f5es de conhecimento do ensino m\u00e9dio, como as Olimp\u00edadas de Matem\u00e1tica, Biologia, F\u00edsica, Qu\u00edmica, Hist\u00f3ria e Rob\u00f3tica. Cada candidato pode escolher at\u00e9 dois cursos, em primeira e segunda op\u00e7\u00e3o.<br>Em 2019, a Universidade de S\u00e3o Paulo (USP) e a Universidade Estadual Paulista (Unesp) seguiram a tend\u00eancia: destinaram vagas especiais para estudantes que se destacam nas olimp\u00edadas acad\u00eamicas. Para o pr\u00f3ximo ano letivo, a Unesp criou 191 vagas adicionais para os medalhistas, em mais de 30 cursos, sobretudo nas engenharias. Na USP, por causa da pandemia, o processo seletivo via olimp\u00edadas para 2021 foi suspenso, mas a inten\u00e7\u00e3o \u00e9 que seja retomado nos anos seguintes. No ano passado, a universidade teve 113 vagas em 60 cursos, a maioria em engenharias e faculdades de Exatas.<\/p>\n\n\n\n<p><strong><em>Fonte: <a href=\"https:\/\/www.msn.com\/pt-br\/noticias\/educacao\">MSN Not\u00edcias<\/a><\/em><\/strong><\/p>\n","protected":false},"excerpt":{"rendered":"<p>O Brasil \u00e9 um pa\u00eds cheio de contradi\u00e7\u00f5es, e uma das muitas est\u00e1 na Matem\u00e1tica. H\u00e1 matem\u00e1ticos formados no Pa\u00eds que se tornam refer\u00eancia internacional na \u00e1rea. E h\u00e1 milhares de jovens que terminam a escola incapazes de fazer as opera\u00e7\u00f5es b\u00e1sicas do dia a dia. Do lado do destaque positivo, em 2014 Artur \u00c1vila [&hellip;]<\/p>\n","protected":false},"author":2,"featured_media":10149,"comment_status":"open","ping_status":"open","sticky":false,"template":"","format":"standard","meta":{"footnotes":""},"categories":[7],"tags":[5449,4593,5448],"class_list":["post-10148","post","type-post","status-publish","format-standard","has-post-thumbnail","hentry","category-educacao","tag-impa","tag-matematica","tag-medalha-fields"],"yoast_head":"<!-- This site is optimized with the Yoast SEO plugin v26.5 - https:\/\/yoast.com\/wordpress\/plugins\/seo\/ -->\n<title>Brasil, o Pa\u00eds da Matem\u00e1tica. Para todos? - Jornal Fatos e Not\u00edcias<\/title>\n<meta name=\"robots\" content=\"index, follow, max-snippet:-1, max-image-preview:large, max-video-preview:-1\" \/>\n<link rel=\"canonical\" href=\"https:\/\/jornalfatosenoticias.com.br\/index.php\/2020\/10\/20\/brasil-o-pais-da-matematica-para-todos\/\" \/>\n<meta property=\"og:locale\" content=\"pt_BR\" \/>\n<meta property=\"og:type\" content=\"article\" \/>\n<meta property=\"og:title\" content=\"Brasil, o Pa\u00eds da Matem\u00e1tica. Para todos? - Jornal Fatos e Not\u00edcias\" \/>\n<meta property=\"og:description\" content=\"O Brasil \u00e9 um pa\u00eds cheio de contradi\u00e7\u00f5es, e uma das muitas est\u00e1 na Matem\u00e1tica. H\u00e1 matem\u00e1ticos formados no Pa\u00eds que se tornam refer\u00eancia internacional na \u00e1rea. E h\u00e1 milhares de jovens que terminam a escola incapazes de fazer as opera\u00e7\u00f5es b\u00e1sicas do dia a dia. Do lado do destaque positivo, em 2014 Artur \u00c1vila [&hellip;]\" \/>\n<meta property=\"og:url\" content=\"https:\/\/jornalfatosenoticias.com.br\/index.php\/2020\/10\/20\/brasil-o-pais-da-matematica-para-todos\/\" \/>\n<meta property=\"og:site_name\" content=\"Jornal Fatos e Not\u00edcias\" \/>\n<meta property=\"article:published_time\" content=\"2020-10-20T20:18:04+00:00\" \/>\n<meta property=\"article:modified_time\" content=\"2020-10-20T20:18:08+00:00\" \/>\n<meta property=\"og:image\" content=\"https:\/\/jornalfatosenoticias.com.br\/wp-content\/uploads\/2020\/10\/matematica.jpg\" \/>\n\t<meta property=\"og:image:width\" content=\"1000\" \/>\n\t<meta property=\"og:image:height\" content=\"721\" \/>\n\t<meta property=\"og:image:type\" content=\"image\/jpeg\" \/>\n<meta name=\"author\" content=\"Luzimara Fernandes\" \/>\n<meta name=\"twitter:card\" content=\"summary_large_image\" \/>\n<meta name=\"twitter:label1\" content=\"Escrito por\" \/>\n\t<meta name=\"twitter:data1\" content=\"Luzimara Fernandes\" \/>\n\t<meta name=\"twitter:label2\" content=\"Est. tempo de leitura\" \/>\n\t<meta name=\"twitter:data2\" content=\"5 minutos\" \/>\n<script type=\"application\/ld+json\" class=\"yoast-schema-graph\">{\"@context\":\"https:\/\/schema.org\",\"@graph\":[{\"@type\":\"Article\",\"@id\":\"https:\/\/jornalfatosenoticias.com.br\/index.php\/2020\/10\/20\/brasil-o-pais-da-matematica-para-todos\/#article\",\"isPartOf\":{\"@id\":\"https:\/\/jornalfatosenoticias.com.br\/index.php\/2020\/10\/20\/brasil-o-pais-da-matematica-para-todos\/\"},\"author\":{\"name\":\"Luzimara Fernandes\",\"@id\":\"https:\/\/jornalfatosenoticias.com.br\/#\/schema\/person\/d63837fa13ac8666eb9e74e0985d6f81\"},\"headline\":\"Brasil, o Pa\u00eds da Matem\u00e1tica. Para todos?\",\"datePublished\":\"2020-10-20T20:18:04+00:00\",\"dateModified\":\"2020-10-20T20:18:08+00:00\",\"mainEntityOfPage\":{\"@id\":\"https:\/\/jornalfatosenoticias.com.br\/index.php\/2020\/10\/20\/brasil-o-pais-da-matematica-para-todos\/\"},\"wordCount\":919,\"commentCount\":0,\"publisher\":{\"@id\":\"https:\/\/jornalfatosenoticias.com.br\/#organization\"},\"image\":{\"@id\":\"https:\/\/jornalfatosenoticias.com.br\/index.php\/2020\/10\/20\/brasil-o-pais-da-matematica-para-todos\/#primaryimage\"},\"thumbnailUrl\":\"https:\/\/jornalfatosenoticias.com.br\/wp-content\/uploads\/2020\/10\/matematica.jpg\",\"keywords\":[\"Impa\",\"matem\u00e1tica\",\"Medalha Fields\"],\"articleSection\":[\"Educa\u00e7\u00e3o\"],\"inLanguage\":\"pt-BR\",\"potentialAction\":[{\"@type\":\"CommentAction\",\"name\":\"Comment\",\"target\":[\"https:\/\/jornalfatosenoticias.com.br\/index.php\/2020\/10\/20\/brasil-o-pais-da-matematica-para-todos\/#respond\"]}]},{\"@type\":\"WebPage\",\"@id\":\"https:\/\/jornalfatosenoticias.com.br\/index.php\/2020\/10\/20\/brasil-o-pais-da-matematica-para-todos\/\",\"url\":\"https:\/\/jornalfatosenoticias.com.br\/index.php\/2020\/10\/20\/brasil-o-pais-da-matematica-para-todos\/\",\"name\":\"Brasil, o Pa\u00eds da Matem\u00e1tica. Para todos? - Jornal Fatos e Not\u00edcias\",\"isPartOf\":{\"@id\":\"https:\/\/jornalfatosenoticias.com.br\/#website\"},\"primaryImageOfPage\":{\"@id\":\"https:\/\/jornalfatosenoticias.com.br\/index.php\/2020\/10\/20\/brasil-o-pais-da-matematica-para-todos\/#primaryimage\"},\"image\":{\"@id\":\"https:\/\/jornalfatosenoticias.com.br\/index.php\/2020\/10\/20\/brasil-o-pais-da-matematica-para-todos\/#primaryimage\"},\"thumbnailUrl\":\"https:\/\/jornalfatosenoticias.com.br\/wp-content\/uploads\/2020\/10\/matematica.jpg\",\"datePublished\":\"2020-10-20T20:18:04+00:00\",\"dateModified\":\"2020-10-20T20:18:08+00:00\",\"breadcrumb\":{\"@id\":\"https:\/\/jornalfatosenoticias.com.br\/index.php\/2020\/10\/20\/brasil-o-pais-da-matematica-para-todos\/#breadcrumb\"},\"inLanguage\":\"pt-BR\",\"potentialAction\":[{\"@type\":\"ReadAction\",\"target\":[\"https:\/\/jornalfatosenoticias.com.br\/index.php\/2020\/10\/20\/brasil-o-pais-da-matematica-para-todos\/\"]}]},{\"@type\":\"ImageObject\",\"inLanguage\":\"pt-BR\",\"@id\":\"https:\/\/jornalfatosenoticias.com.br\/index.php\/2020\/10\/20\/brasil-o-pais-da-matematica-para-todos\/#primaryimage\",\"url\":\"https:\/\/jornalfatosenoticias.com.br\/wp-content\/uploads\/2020\/10\/matematica.jpg\",\"contentUrl\":\"https:\/\/jornalfatosenoticias.com.br\/wp-content\/uploads\/2020\/10\/matematica.jpg\",\"width\":1000,\"height\":721},{\"@type\":\"BreadcrumbList\",\"@id\":\"https:\/\/jornalfatosenoticias.com.br\/index.php\/2020\/10\/20\/brasil-o-pais-da-matematica-para-todos\/#breadcrumb\",\"itemListElement\":[{\"@type\":\"ListItem\",\"position\":1,\"name\":\"In\u00edcio\",\"item\":\"https:\/\/jornalfatosenoticias.com.br\/\"},{\"@type\":\"ListItem\",\"position\":2,\"name\":\"Brasil, o Pa\u00eds da Matem\u00e1tica. Para todos?\"}]},{\"@type\":\"WebSite\",\"@id\":\"https:\/\/jornalfatosenoticias.com.br\/#website\",\"url\":\"https:\/\/jornalfatosenoticias.com.br\/\",\"name\":\"Jornal Fatos e Not\u00edcias\",\"description\":\"Not\u00edcias em geral\",\"publisher\":{\"@id\":\"https:\/\/jornalfatosenoticias.com.br\/#organization\"},\"potentialAction\":[{\"@type\":\"SearchAction\",\"target\":{\"@type\":\"EntryPoint\",\"urlTemplate\":\"https:\/\/jornalfatosenoticias.com.br\/?s={search_term_string}\"},\"query-input\":{\"@type\":\"PropertyValueSpecification\",\"valueRequired\":true,\"valueName\":\"search_term_string\"}}],\"inLanguage\":\"pt-BR\"},{\"@type\":\"Organization\",\"@id\":\"https:\/\/jornalfatosenoticias.com.br\/#organization\",\"name\":\"Jornal Fatos e Not\u00edcias\",\"url\":\"https:\/\/jornalfatosenoticias.com.br\/\",\"logo\":{\"@type\":\"ImageObject\",\"inLanguage\":\"pt-BR\",\"@id\":\"https:\/\/jornalfatosenoticias.com.br\/#\/schema\/logo\/image\/\",\"url\":\"https:\/\/jornalfatosenoticias.com.br\/wp-content\/uploads\/2020\/02\/logo120.png\",\"contentUrl\":\"https:\/\/jornalfatosenoticias.com.br\/wp-content\/uploads\/2020\/02\/logo120.png\",\"width\":1227,\"height\":120,\"caption\":\"Jornal Fatos e Not\u00edcias\"},\"image\":{\"@id\":\"https:\/\/jornalfatosenoticias.com.br\/#\/schema\/logo\/image\/\"}},{\"@type\":\"Person\",\"@id\":\"https:\/\/jornalfatosenoticias.com.br\/#\/schema\/person\/d63837fa13ac8666eb9e74e0985d6f81\",\"name\":\"Luzimara Fernandes\",\"image\":{\"@type\":\"ImageObject\",\"inLanguage\":\"pt-BR\",\"@id\":\"https:\/\/jornalfatosenoticias.com.br\/#\/schema\/person\/image\/\",\"url\":\"https:\/\/jornalfatosenoticias.com.br\/wp-content\/uploads\/2025\/05\/EU_portal.jpg\",\"contentUrl\":\"https:\/\/jornalfatosenoticias.com.br\/wp-content\/uploads\/2025\/05\/EU_portal.jpg\",\"caption\":\"Luzimara Fernandes\"},\"description\":\"Jornalista MTB 2358-ES\",\"sameAs\":[\"https:\/\/jornalfatosenoticias.com.br\"],\"url\":\"https:\/\/jornalfatosenoticias.com.br\/index.php\/author\/luzimara\/\"}]}<\/script>\n<!-- \/ Yoast SEO plugin. -->","yoast_head_json":{"title":"Brasil, o Pa\u00eds da Matem\u00e1tica. Para todos? - Jornal Fatos e Not\u00edcias","robots":{"index":"index","follow":"follow","max-snippet":"max-snippet:-1","max-image-preview":"max-image-preview:large","max-video-preview":"max-video-preview:-1"},"canonical":"https:\/\/jornalfatosenoticias.com.br\/index.php\/2020\/10\/20\/brasil-o-pais-da-matematica-para-todos\/","og_locale":"pt_BR","og_type":"article","og_title":"Brasil, o Pa\u00eds da Matem\u00e1tica. Para todos? - Jornal Fatos e Not\u00edcias","og_description":"O Brasil \u00e9 um pa\u00eds cheio de contradi\u00e7\u00f5es, e uma das muitas est\u00e1 na Matem\u00e1tica. H\u00e1 matem\u00e1ticos formados no Pa\u00eds que se tornam refer\u00eancia internacional na \u00e1rea. E h\u00e1 milhares de jovens que terminam a escola incapazes de fazer as opera\u00e7\u00f5es b\u00e1sicas do dia a dia. Do lado do destaque positivo, em 2014 Artur \u00c1vila [&hellip;]","og_url":"https:\/\/jornalfatosenoticias.com.br\/index.php\/2020\/10\/20\/brasil-o-pais-da-matematica-para-todos\/","og_site_name":"Jornal Fatos e Not\u00edcias","article_published_time":"2020-10-20T20:18:04+00:00","article_modified_time":"2020-10-20T20:18:08+00:00","og_image":[{"width":1000,"height":721,"url":"https:\/\/jornalfatosenoticias.com.br\/wp-content\/uploads\/2020\/10\/matematica.jpg","type":"image\/jpeg"}],"author":"Luzimara Fernandes","twitter_card":"summary_large_image","twitter_misc":{"Escrito por":"Luzimara Fernandes","Est. tempo de leitura":"5 minutos"},"schema":{"@context":"https:\/\/schema.org","@graph":[{"@type":"Article","@id":"https:\/\/jornalfatosenoticias.com.br\/index.php\/2020\/10\/20\/brasil-o-pais-da-matematica-para-todos\/#article","isPartOf":{"@id":"https:\/\/jornalfatosenoticias.com.br\/index.php\/2020\/10\/20\/brasil-o-pais-da-matematica-para-todos\/"},"author":{"name":"Luzimara Fernandes","@id":"https:\/\/jornalfatosenoticias.com.br\/#\/schema\/person\/d63837fa13ac8666eb9e74e0985d6f81"},"headline":"Brasil, o Pa\u00eds da Matem\u00e1tica. Para todos?","datePublished":"2020-10-20T20:18:04+00:00","dateModified":"2020-10-20T20:18:08+00:00","mainEntityOfPage":{"@id":"https:\/\/jornalfatosenoticias.com.br\/index.php\/2020\/10\/20\/brasil-o-pais-da-matematica-para-todos\/"},"wordCount":919,"commentCount":0,"publisher":{"@id":"https:\/\/jornalfatosenoticias.com.br\/#organization"},"image":{"@id":"https:\/\/jornalfatosenoticias.com.br\/index.php\/2020\/10\/20\/brasil-o-pais-da-matematica-para-todos\/#primaryimage"},"thumbnailUrl":"https:\/\/jornalfatosenoticias.com.br\/wp-content\/uploads\/2020\/10\/matematica.jpg","keywords":["Impa","matem\u00e1tica","Medalha Fields"],"articleSection":["Educa\u00e7\u00e3o"],"inLanguage":"pt-BR","potentialAction":[{"@type":"CommentAction","name":"Comment","target":["https:\/\/jornalfatosenoticias.com.br\/index.php\/2020\/10\/20\/brasil-o-pais-da-matematica-para-todos\/#respond"]}]},{"@type":"WebPage","@id":"https:\/\/jornalfatosenoticias.com.br\/index.php\/2020\/10\/20\/brasil-o-pais-da-matematica-para-todos\/","url":"https:\/\/jornalfatosenoticias.com.br\/index.php\/2020\/10\/20\/brasil-o-pais-da-matematica-para-todos\/","name":"Brasil, o Pa\u00eds da Matem\u00e1tica. Para todos? - Jornal Fatos e Not\u00edcias","isPartOf":{"@id":"https:\/\/jornalfatosenoticias.com.br\/#website"},"primaryImageOfPage":{"@id":"https:\/\/jornalfatosenoticias.com.br\/index.php\/2020\/10\/20\/brasil-o-pais-da-matematica-para-todos\/#primaryimage"},"image":{"@id":"https:\/\/jornalfatosenoticias.com.br\/index.php\/2020\/10\/20\/brasil-o-pais-da-matematica-para-todos\/#primaryimage"},"thumbnailUrl":"https:\/\/jornalfatosenoticias.com.br\/wp-content\/uploads\/2020\/10\/matematica.jpg","datePublished":"2020-10-20T20:18:04+00:00","dateModified":"2020-10-20T20:18:08+00:00","breadcrumb":{"@id":"https:\/\/jornalfatosenoticias.com.br\/index.php\/2020\/10\/20\/brasil-o-pais-da-matematica-para-todos\/#breadcrumb"},"inLanguage":"pt-BR","potentialAction":[{"@type":"ReadAction","target":["https:\/\/jornalfatosenoticias.com.br\/index.php\/2020\/10\/20\/brasil-o-pais-da-matematica-para-todos\/"]}]},{"@type":"ImageObject","inLanguage":"pt-BR","@id":"https:\/\/jornalfatosenoticias.com.br\/index.php\/2020\/10\/20\/brasil-o-pais-da-matematica-para-todos\/#primaryimage","url":"https:\/\/jornalfatosenoticias.com.br\/wp-content\/uploads\/2020\/10\/matematica.jpg","contentUrl":"https:\/\/jornalfatosenoticias.com.br\/wp-content\/uploads\/2020\/10\/matematica.jpg","width":1000,"height":721},{"@type":"BreadcrumbList","@id":"https:\/\/jornalfatosenoticias.com.br\/index.php\/2020\/10\/20\/brasil-o-pais-da-matematica-para-todos\/#breadcrumb","itemListElement":[{"@type":"ListItem","position":1,"name":"In\u00edcio","item":"https:\/\/jornalfatosenoticias.com.br\/"},{"@type":"ListItem","position":2,"name":"Brasil, o Pa\u00eds da Matem\u00e1tica. Para todos?"}]},{"@type":"WebSite","@id":"https:\/\/jornalfatosenoticias.com.br\/#website","url":"https:\/\/jornalfatosenoticias.com.br\/","name":"Jornal Fatos e Not\u00edcias","description":"Not\u00edcias em geral","publisher":{"@id":"https:\/\/jornalfatosenoticias.com.br\/#organization"},"potentialAction":[{"@type":"SearchAction","target":{"@type":"EntryPoint","urlTemplate":"https:\/\/jornalfatosenoticias.com.br\/?s={search_term_string}"},"query-input":{"@type":"PropertyValueSpecification","valueRequired":true,"valueName":"search_term_string"}}],"inLanguage":"pt-BR"},{"@type":"Organization","@id":"https:\/\/jornalfatosenoticias.com.br\/#organization","name":"Jornal Fatos e Not\u00edcias","url":"https:\/\/jornalfatosenoticias.com.br\/","logo":{"@type":"ImageObject","inLanguage":"pt-BR","@id":"https:\/\/jornalfatosenoticias.com.br\/#\/schema\/logo\/image\/","url":"https:\/\/jornalfatosenoticias.com.br\/wp-content\/uploads\/2020\/02\/logo120.png","contentUrl":"https:\/\/jornalfatosenoticias.com.br\/wp-content\/uploads\/2020\/02\/logo120.png","width":1227,"height":120,"caption":"Jornal Fatos e Not\u00edcias"},"image":{"@id":"https:\/\/jornalfatosenoticias.com.br\/#\/schema\/logo\/image\/"}},{"@type":"Person","@id":"https:\/\/jornalfatosenoticias.com.br\/#\/schema\/person\/d63837fa13ac8666eb9e74e0985d6f81","name":"Luzimara Fernandes","image":{"@type":"ImageObject","inLanguage":"pt-BR","@id":"https:\/\/jornalfatosenoticias.com.br\/#\/schema\/person\/image\/","url":"https:\/\/jornalfatosenoticias.com.br\/wp-content\/uploads\/2025\/05\/EU_portal.jpg","contentUrl":"https:\/\/jornalfatosenoticias.com.br\/wp-content\/uploads\/2025\/05\/EU_portal.jpg","caption":"Luzimara Fernandes"},"description":"Jornalista MTB 2358-ES","sameAs":["https:\/\/jornalfatosenoticias.com.br"],"url":"https:\/\/jornalfatosenoticias.com.br\/index.php\/author\/luzimara\/"}]}},"cc_featured_image_caption":{"caption_text":"(Foto: Divulga\u00e7\u00e3o) ","source_text":"","source_url":""},"jetpack_featured_media_url":"https:\/\/jornalfatosenoticias.com.br\/wp-content\/uploads\/2020\/10\/matematica.jpg","_links":{"self":[{"href":"https:\/\/jornalfatosenoticias.com.br\/index.php\/wp-json\/wp\/v2\/posts\/10148","targetHints":{"allow":["GET"]}}],"collection":[{"href":"https:\/\/jornalfatosenoticias.com.br\/index.php\/wp-json\/wp\/v2\/posts"}],"about":[{"href":"https:\/\/jornalfatosenoticias.com.br\/index.php\/wp-json\/wp\/v2\/types\/post"}],"author":[{"embeddable":true,"href":"https:\/\/jornalfatosenoticias.com.br\/index.php\/wp-json\/wp\/v2\/users\/2"}],"replies":[{"embeddable":true,"href":"https:\/\/jornalfatosenoticias.com.br\/index.php\/wp-json\/wp\/v2\/comments?post=10148"}],"version-history":[{"count":0,"href":"https:\/\/jornalfatosenoticias.com.br\/index.php\/wp-json\/wp\/v2\/posts\/10148\/revisions"}],"wp:featuredmedia":[{"embeddable":true,"href":"https:\/\/jornalfatosenoticias.com.br\/index.php\/wp-json\/wp\/v2\/media\/10149"}],"wp:attachment":[{"href":"https:\/\/jornalfatosenoticias.com.br\/index.php\/wp-json\/wp\/v2\/media?parent=10148"}],"wp:term":[{"taxonomy":"category","embeddable":true,"href":"https:\/\/jornalfatosenoticias.com.br\/index.php\/wp-json\/wp\/v2\/categories?post=10148"},{"taxonomy":"post_tag","embeddable":true,"href":"https:\/\/jornalfatosenoticias.com.br\/index.php\/wp-json\/wp\/v2\/tags?post=10148"}],"curies":[{"name":"wp","href":"https:\/\/api.w.org\/{rel}","templated":true}]}}