{"id":10171,"date":"2020-10-20T17:40:08","date_gmt":"2020-10-20T20:40:08","guid":{"rendered":"https:\/\/jornalfatosenoticias.com.br\/?p=10171"},"modified":"2020-10-20T17:40:12","modified_gmt":"2020-10-20T20:40:12","slug":"documentario-expoe-impacto-do-alzheimer-na-vida-das-familias-da-periferia","status":"publish","type":"post","link":"https:\/\/jornalfatosenoticias.com.br\/index.php\/2020\/10\/20\/documentario-expoe-impacto-do-alzheimer-na-vida-das-familias-da-periferia\/","title":{"rendered":"Document\u00e1rio exp\u00f5e impacto do Alzheimer na vida das fam\u00edlias da periferia"},"content":{"rendered":"\n<h6 class=\"wp-block-heading\"><em>Vencedor de seis pr\u00eamios, longa-metragem brasileiro est\u00e1 dispon\u00edvel de forma gratuita no YouTube<\/em><\/h6>\n\n\n\n<p>De acordo com estimativas da Organiza\u00e7\u00e3o Mundial da Sa\u00fade (OMS), o Alzheimer \u00e9 o tipo mais comum de dem\u00eancia, representando cerca de 70% de todas elas. Mesmo assim, a doen\u00e7a ainda \u00e9 considerada um tabu. \u201c\u00c9 algo que ningu\u00e9m quer ver, ningu\u00e9m quer falar. E quando o assunto \u00e9 abordado, \u00e9 sempre do ponto de vista m\u00e9dico ou a partir de relatos que n\u00e3o condizem com a realidade da maioria da popula\u00e7\u00e3o. A falta de informa\u00e7\u00e3o \u00e9 t\u00e3o grande que ainda hoje n\u00e3o temos dados concretos de quantas pessoas t\u00eam a doen\u00e7a\u201d, afirma Jorge F\u00e9lix, geront\u00f3logo e professor da Universidade de S\u00e3o Paulo (USP).<br>Para ampliar a discuss\u00e3o do tema e, principalmente, mostrar as dificuldades reais de pacientes com a doen\u00e7a e seus cuidadores, desde setembro est\u00e1 dispon\u00edvel no YouTube o premiado document\u00e1rio \u201cAlzheimer na Periferia\u201d. Produzido pela Malabar Filmes a partir do argumento original de Jorge F\u00e9lix, o longa-metragem conta a hist\u00f3ria de cinco fam\u00edlias da periferia de S\u00e3o Paulo que convivem diariamente com a doen\u00e7a.<br>\u201cO que mais faz falta na minha vida hoje \u00e9 o trabalho. Quando eu tive que vender as lojas e parar de trabalhar para cuidar das minhas tias, eu fiquei muito deprimido, porque \u00e9 horr\u00edvel voc\u00ea n\u00e3o ter trabalho. Principalmente de segunda-feira, quando eu ou\u00e7o as pessoas se levantarem, ligarem os carros e irem trabalhar\u201d. Desde que descobriu que sua tia Leonor tinha Alzheimer, o administrador de empresas Paulo Saudek teve de tomar a dif\u00edcil decis\u00e3o de vender as lojas da fam\u00edlia e abandonar o trabalho para se tornar cuidador em tempo integral. A escolha lhe rendeu a solid\u00e3o e o consumo excessivo de \u00e1lcool e cigarro. Ele terminou os poucos namoros que teve para n\u00e3o abandonar a tia com Alzheimer e a m\u00e3e j\u00e1 idosa. Nunca se casou e pouco sa\u00eda de casa. Assim como ele, outros quatro personagens centrais escolhidos para o document\u00e1rio contam como suas vidas mudaram quando um familiar recebeu o diagn\u00f3stico da doen\u00e7a.<br>\u201cA proposta era que o document\u00e1rio tivesse utilidade p\u00fablica. O que me apaixonou na ideia do Jorge era a possibilidade de contar essa hist\u00f3ria de uma forma mais po\u00e9tica e humana e menos jornal\u00edstica para que chegasse ao maior n\u00famero de pessoas poss\u00edvel. Nosso crit\u00e9rio foi a diversidade de dores\u201d, explica Albert Klinke, diretor do longa-metragem. Logo nas primeiras conversas sobre o projeto dois importantes aspectos que conduziriam o trabalho foram definidos: a cidade de S\u00e3o Paulo como protagonista no tratamento da doen\u00e7a e o destaque para as impress\u00f5es e sentimentos dos cuidadores.<br>As cinco fam\u00edlias escolhidas entre mais de cem entrevistadas moram nas periferias da capital paulista: Cidade Dutra e Jardim Imb\u00e9, na zona sul e ainda Vila Nova Brasil\u00e2ndia, bairro do Lim\u00e3o e Brasil\u00e2ndia, na zona norte. \u201cQuer\u00edamos mostrar as dificuldades de locomo\u00e7\u00e3o e acesso aos equipamentos de sa\u00fade e assist\u00eancia social vividos por uma maioria da popula\u00e7\u00e3o, as adapta\u00e7\u00f5es das casas e autoconstru\u00e7\u00f5es feitas com pouco dinheiro para tentar facilitar o dia a dia. Apesar de a doen\u00e7a estar espalhada, estes servi\u00e7os est\u00e3o concentrados no centro e nos melhores bairros\u201d, afirma Jorge F\u00e9lix.<br>Soma-se a isso o papel fundamental e dif\u00edcil dos cuidadores que, na maioria das vezes, \u00e9 deixado de lado nas reportagens, nos filmes e novelas. \u201cO document\u00e1rio mostra o desgaste do cuidador em muitos aspectos. O que permeia tudo \u00e9 sempre a frustra\u00e7\u00e3o. S\u00e3o pessoas que t\u00eam de abrir m\u00e3o das suas vidas, do que gostam de fazer, do trabalho, do namoro\u201d, continua o geront\u00f3logo.<br>\u201c\u00c9 dif\u00edcil, mas \u00e9 aquele ditado: comeu a carne, agora r\u00f3i o osso. Eu fico com d\u00f3 de ver ele assim. \u00c0s vezes eu perco a paci\u00eancia com ele. E minhas filhas dizem que eu preciso sair, mas eu fico com d\u00f3 de deix\u00e1-lo (sozinho). E todos os lugares que vou, levo ele\u201d. Em desabafo, Maria Jos\u00e9 Pereira, cuidadora do marido Daniel Alves Pereira desde a descoberta do Alzheimer, conta com l\u00e1grima nos olhos que, ap\u00f3s oito anos de relacionamento, a doen\u00e7a se manifestou. \u201cTudo se acaba\u201d. A vida passou a ser em fun\u00e7\u00e3o do companheiro: banho, comida na boca, consultas m\u00e9dicas, fisioterapia, aten\u00e7\u00e3o nos rem\u00e9dios.<br>Vencedor de seis pr\u00eamios \u2014 entre eles o My True Story Film Festival, dos Estados Unidos \u2014 \u201cAlzheimer na Periferia\u201d estreou em 2018 em poucas salas de cinema. \u201cTivemos muita dificuldade para divulgar o filme e recebemos muitas negativas. Ent\u00e3o optamos pelo caminho alternativo e contamos com a ajuda das universidades e dos professores\u201d, conta Albert Klinke. Agora, dispon\u00edvel na internet, os idealizadores esperam atingir mais pessoas. \u201c\u00c9 preciso difundir o assunto porque a popula\u00e7\u00e3o est\u00e1 envelhecendo. N\u00e3o podemos esconder embaixo do tapete. Em muitos bairros da periferia, a palavra Alzheimer n\u00e3o existe e a pessoa com a doen\u00e7a \u00e9 chamada de gag\u00e1, de demente. Isso faz com que as pessoas n\u00e3o procurem m\u00e9dico, com que o diagn\u00f3stico seja tardio e que a procura pelos medicamentos oferecidos de gra\u00e7a pelo SUS (Sistema \u00danico de Sa\u00fade) seja baixa\u201d, pondera o geront\u00f3logo.<\/p>\n\n\n\n<p><strong><em>Fonte: <a href=\"https:\/\/www.brasil247.com\/saude\/alzheimer-na-periferia-sob-olhar-dos-cuidadores-documentario-expoe-impacto-da-doenca-na-vida-das-familias\">Brasil247<\/a><\/em><\/strong><\/p>\n","protected":false},"excerpt":{"rendered":"<p>Vencedor de seis pr\u00eamios, longa-metragem brasileiro est\u00e1 dispon\u00edvel de forma gratuita no YouTube De acordo com estimativas da Organiza\u00e7\u00e3o Mundial da Sa\u00fade (OMS), o Alzheimer \u00e9 o tipo mais comum de dem\u00eancia, representando cerca de 70% de todas elas. Mesmo assim, a doen\u00e7a ainda \u00e9 considerada um tabu. \u201c\u00c9 algo que ningu\u00e9m quer ver, ningu\u00e9m [&hellip;]<\/p>\n","protected":false},"author":2,"featured_media":10172,"comment_status":"open","ping_status":"open","sticky":false,"template":"","format":"standard","meta":{"footnotes":""},"categories":[11],"tags":[2501,1086,1269,3863],"class_list":["post-10171","post","type-post","status-publish","format-standard","has-post-thumbnail","hentry","category-saude","tag-alzheimer","tag-documentario","tag-impacto","tag-periferia"],"yoast_head":"<!-- This site is optimized with the Yoast SEO plugin v26.5 - https:\/\/yoast.com\/wordpress\/plugins\/seo\/ -->\n<title>Document\u00e1rio exp\u00f5e impacto do Alzheimer na vida das fam\u00edlias da periferia - Jornal Fatos e Not\u00edcias<\/title>\n<meta name=\"robots\" content=\"index, follow, max-snippet:-1, max-image-preview:large, max-video-preview:-1\" \/>\n<link rel=\"canonical\" href=\"https:\/\/jornalfatosenoticias.com.br\/index.php\/2020\/10\/20\/documentario-expoe-impacto-do-alzheimer-na-vida-das-familias-da-periferia\/\" \/>\n<meta property=\"og:locale\" content=\"pt_BR\" \/>\n<meta property=\"og:type\" content=\"article\" \/>\n<meta property=\"og:title\" content=\"Document\u00e1rio exp\u00f5e impacto do Alzheimer na vida das fam\u00edlias da periferia - Jornal Fatos e Not\u00edcias\" \/>\n<meta property=\"og:description\" content=\"Vencedor de seis pr\u00eamios, longa-metragem brasileiro est\u00e1 dispon\u00edvel de forma gratuita no YouTube De acordo com estimativas da Organiza\u00e7\u00e3o Mundial da Sa\u00fade (OMS), o Alzheimer \u00e9 o tipo mais comum de dem\u00eancia, representando cerca de 70% de todas elas. Mesmo assim, a doen\u00e7a ainda \u00e9 considerada um tabu. \u201c\u00c9 algo que ningu\u00e9m quer ver, ningu\u00e9m [&hellip;]\" \/>\n<meta property=\"og:url\" content=\"https:\/\/jornalfatosenoticias.com.br\/index.php\/2020\/10\/20\/documentario-expoe-impacto-do-alzheimer-na-vida-das-familias-da-periferia\/\" \/>\n<meta property=\"og:site_name\" content=\"Jornal Fatos e Not\u00edcias\" \/>\n<meta property=\"article:published_time\" content=\"2020-10-20T20:40:08+00:00\" \/>\n<meta property=\"article:modified_time\" content=\"2020-10-20T20:40:12+00:00\" \/>\n<meta property=\"og:image\" content=\"https:\/\/jornalfatosenoticias.com.br\/wp-content\/uploads\/2020\/10\/Documentario-expoe-impacto-do-Alzheimer-na-vida-das-familias-da-periferia.jpeg\" \/>\n\t<meta property=\"og:image:width\" content=\"1000\" \/>\n\t<meta property=\"og:image:height\" content=\"479\" \/>\n\t<meta property=\"og:image:type\" content=\"image\/jpeg\" \/>\n<meta name=\"author\" content=\"Luzimara Fernandes\" \/>\n<meta name=\"twitter:card\" content=\"summary_large_image\" \/>\n<meta name=\"twitter:label1\" content=\"Escrito por\" \/>\n\t<meta name=\"twitter:data1\" content=\"Luzimara Fernandes\" \/>\n\t<meta name=\"twitter:label2\" content=\"Est. tempo de leitura\" \/>\n\t<meta name=\"twitter:data2\" content=\"5 minutos\" \/>\n<script type=\"application\/ld+json\" class=\"yoast-schema-graph\">{\"@context\":\"https:\/\/schema.org\",\"@graph\":[{\"@type\":\"Article\",\"@id\":\"https:\/\/jornalfatosenoticias.com.br\/index.php\/2020\/10\/20\/documentario-expoe-impacto-do-alzheimer-na-vida-das-familias-da-periferia\/#article\",\"isPartOf\":{\"@id\":\"https:\/\/jornalfatosenoticias.com.br\/index.php\/2020\/10\/20\/documentario-expoe-impacto-do-alzheimer-na-vida-das-familias-da-periferia\/\"},\"author\":{\"name\":\"Luzimara Fernandes\",\"@id\":\"https:\/\/jornalfatosenoticias.com.br\/#\/schema\/person\/d63837fa13ac8666eb9e74e0985d6f81\"},\"headline\":\"Document\u00e1rio exp\u00f5e impacto do Alzheimer na vida das fam\u00edlias da periferia\",\"datePublished\":\"2020-10-20T20:40:08+00:00\",\"dateModified\":\"2020-10-20T20:40:12+00:00\",\"mainEntityOfPage\":{\"@id\":\"https:\/\/jornalfatosenoticias.com.br\/index.php\/2020\/10\/20\/documentario-expoe-impacto-do-alzheimer-na-vida-das-familias-da-periferia\/\"},\"wordCount\":931,\"commentCount\":0,\"publisher\":{\"@id\":\"https:\/\/jornalfatosenoticias.com.br\/#organization\"},\"image\":{\"@id\":\"https:\/\/jornalfatosenoticias.com.br\/index.php\/2020\/10\/20\/documentario-expoe-impacto-do-alzheimer-na-vida-das-familias-da-periferia\/#primaryimage\"},\"thumbnailUrl\":\"https:\/\/jornalfatosenoticias.com.br\/wp-content\/uploads\/2020\/10\/Documentario-expoe-impacto-do-Alzheimer-na-vida-das-familias-da-periferia.jpeg\",\"keywords\":[\"Alzheimer\",\"document\u00e1rio\",\"impacto\",\"periferia\"],\"articleSection\":[\"Sa\u00fade\"],\"inLanguage\":\"pt-BR\",\"potentialAction\":[{\"@type\":\"CommentAction\",\"name\":\"Comment\",\"target\":[\"https:\/\/jornalfatosenoticias.com.br\/index.php\/2020\/10\/20\/documentario-expoe-impacto-do-alzheimer-na-vida-das-familias-da-periferia\/#respond\"]}]},{\"@type\":\"WebPage\",\"@id\":\"https:\/\/jornalfatosenoticias.com.br\/index.php\/2020\/10\/20\/documentario-expoe-impacto-do-alzheimer-na-vida-das-familias-da-periferia\/\",\"url\":\"https:\/\/jornalfatosenoticias.com.br\/index.php\/2020\/10\/20\/documentario-expoe-impacto-do-alzheimer-na-vida-das-familias-da-periferia\/\",\"name\":\"Document\u00e1rio exp\u00f5e impacto do Alzheimer na vida das fam\u00edlias da periferia - Jornal Fatos e Not\u00edcias\",\"isPartOf\":{\"@id\":\"https:\/\/jornalfatosenoticias.com.br\/#website\"},\"primaryImageOfPage\":{\"@id\":\"https:\/\/jornalfatosenoticias.com.br\/index.php\/2020\/10\/20\/documentario-expoe-impacto-do-alzheimer-na-vida-das-familias-da-periferia\/#primaryimage\"},\"image\":{\"@id\":\"https:\/\/jornalfatosenoticias.com.br\/index.php\/2020\/10\/20\/documentario-expoe-impacto-do-alzheimer-na-vida-das-familias-da-periferia\/#primaryimage\"},\"thumbnailUrl\":\"https:\/\/jornalfatosenoticias.com.br\/wp-content\/uploads\/2020\/10\/Documentario-expoe-impacto-do-Alzheimer-na-vida-das-familias-da-periferia.jpeg\",\"datePublished\":\"2020-10-20T20:40:08+00:00\",\"dateModified\":\"2020-10-20T20:40:12+00:00\",\"breadcrumb\":{\"@id\":\"https:\/\/jornalfatosenoticias.com.br\/index.php\/2020\/10\/20\/documentario-expoe-impacto-do-alzheimer-na-vida-das-familias-da-periferia\/#breadcrumb\"},\"inLanguage\":\"pt-BR\",\"potentialAction\":[{\"@type\":\"ReadAction\",\"target\":[\"https:\/\/jornalfatosenoticias.com.br\/index.php\/2020\/10\/20\/documentario-expoe-impacto-do-alzheimer-na-vida-das-familias-da-periferia\/\"]}]},{\"@type\":\"ImageObject\",\"inLanguage\":\"pt-BR\",\"@id\":\"https:\/\/jornalfatosenoticias.com.br\/index.php\/2020\/10\/20\/documentario-expoe-impacto-do-alzheimer-na-vida-das-familias-da-periferia\/#primaryimage\",\"url\":\"https:\/\/jornalfatosenoticias.com.br\/wp-content\/uploads\/2020\/10\/Documentario-expoe-impacto-do-Alzheimer-na-vida-das-familias-da-periferia.jpeg\",\"contentUrl\":\"https:\/\/jornalfatosenoticias.com.br\/wp-content\/uploads\/2020\/10\/Documentario-expoe-impacto-do-Alzheimer-na-vida-das-familias-da-periferia.jpeg\",\"width\":1000,\"height\":479},{\"@type\":\"BreadcrumbList\",\"@id\":\"https:\/\/jornalfatosenoticias.com.br\/index.php\/2020\/10\/20\/documentario-expoe-impacto-do-alzheimer-na-vida-das-familias-da-periferia\/#breadcrumb\",\"itemListElement\":[{\"@type\":\"ListItem\",\"position\":1,\"name\":\"In\u00edcio\",\"item\":\"https:\/\/jornalfatosenoticias.com.br\/\"},{\"@type\":\"ListItem\",\"position\":2,\"name\":\"Document\u00e1rio exp\u00f5e impacto do Alzheimer na vida das fam\u00edlias da periferia\"}]},{\"@type\":\"WebSite\",\"@id\":\"https:\/\/jornalfatosenoticias.com.br\/#website\",\"url\":\"https:\/\/jornalfatosenoticias.com.br\/\",\"name\":\"Jornal Fatos e Not\u00edcias\",\"description\":\"Not\u00edcias em geral\",\"publisher\":{\"@id\":\"https:\/\/jornalfatosenoticias.com.br\/#organization\"},\"potentialAction\":[{\"@type\":\"SearchAction\",\"target\":{\"@type\":\"EntryPoint\",\"urlTemplate\":\"https:\/\/jornalfatosenoticias.com.br\/?s={search_term_string}\"},\"query-input\":{\"@type\":\"PropertyValueSpecification\",\"valueRequired\":true,\"valueName\":\"search_term_string\"}}],\"inLanguage\":\"pt-BR\"},{\"@type\":\"Organization\",\"@id\":\"https:\/\/jornalfatosenoticias.com.br\/#organization\",\"name\":\"Jornal Fatos e Not\u00edcias\",\"url\":\"https:\/\/jornalfatosenoticias.com.br\/\",\"logo\":{\"@type\":\"ImageObject\",\"inLanguage\":\"pt-BR\",\"@id\":\"https:\/\/jornalfatosenoticias.com.br\/#\/schema\/logo\/image\/\",\"url\":\"https:\/\/jornalfatosenoticias.com.br\/wp-content\/uploads\/2020\/02\/logo120.png\",\"contentUrl\":\"https:\/\/jornalfatosenoticias.com.br\/wp-content\/uploads\/2020\/02\/logo120.png\",\"width\":1227,\"height\":120,\"caption\":\"Jornal Fatos e Not\u00edcias\"},\"image\":{\"@id\":\"https:\/\/jornalfatosenoticias.com.br\/#\/schema\/logo\/image\/\"}},{\"@type\":\"Person\",\"@id\":\"https:\/\/jornalfatosenoticias.com.br\/#\/schema\/person\/d63837fa13ac8666eb9e74e0985d6f81\",\"name\":\"Luzimara Fernandes\",\"image\":{\"@type\":\"ImageObject\",\"inLanguage\":\"pt-BR\",\"@id\":\"https:\/\/jornalfatosenoticias.com.br\/#\/schema\/person\/image\/\",\"url\":\"https:\/\/jornalfatosenoticias.com.br\/wp-content\/uploads\/2025\/05\/EU_portal.jpg\",\"contentUrl\":\"https:\/\/jornalfatosenoticias.com.br\/wp-content\/uploads\/2025\/05\/EU_portal.jpg\",\"caption\":\"Luzimara Fernandes\"},\"description\":\"Jornalista MTB 2358-ES\",\"sameAs\":[\"https:\/\/jornalfatosenoticias.com.br\"],\"url\":\"https:\/\/jornalfatosenoticias.com.br\/index.php\/author\/luzimara\/\"}]}<\/script>\n<!-- \/ Yoast SEO plugin. -->","yoast_head_json":{"title":"Document\u00e1rio exp\u00f5e impacto do Alzheimer na vida das fam\u00edlias da periferia - Jornal Fatos e Not\u00edcias","robots":{"index":"index","follow":"follow","max-snippet":"max-snippet:-1","max-image-preview":"max-image-preview:large","max-video-preview":"max-video-preview:-1"},"canonical":"https:\/\/jornalfatosenoticias.com.br\/index.php\/2020\/10\/20\/documentario-expoe-impacto-do-alzheimer-na-vida-das-familias-da-periferia\/","og_locale":"pt_BR","og_type":"article","og_title":"Document\u00e1rio exp\u00f5e impacto do Alzheimer na vida das fam\u00edlias da periferia - Jornal Fatos e Not\u00edcias","og_description":"Vencedor de seis pr\u00eamios, longa-metragem brasileiro est\u00e1 dispon\u00edvel de forma gratuita no YouTube De acordo com estimativas da Organiza\u00e7\u00e3o Mundial da Sa\u00fade (OMS), o Alzheimer \u00e9 o tipo mais comum de dem\u00eancia, representando cerca de 70% de todas elas. Mesmo assim, a doen\u00e7a ainda \u00e9 considerada um tabu. \u201c\u00c9 algo que ningu\u00e9m quer ver, ningu\u00e9m [&hellip;]","og_url":"https:\/\/jornalfatosenoticias.com.br\/index.php\/2020\/10\/20\/documentario-expoe-impacto-do-alzheimer-na-vida-das-familias-da-periferia\/","og_site_name":"Jornal Fatos e Not\u00edcias","article_published_time":"2020-10-20T20:40:08+00:00","article_modified_time":"2020-10-20T20:40:12+00:00","og_image":[{"width":1000,"height":479,"url":"https:\/\/jornalfatosenoticias.com.br\/wp-content\/uploads\/2020\/10\/Documentario-expoe-impacto-do-Alzheimer-na-vida-das-familias-da-periferia.jpeg","type":"image\/jpeg"}],"author":"Luzimara Fernandes","twitter_card":"summary_large_image","twitter_misc":{"Escrito por":"Luzimara Fernandes","Est. tempo de leitura":"5 minutos"},"schema":{"@context":"https:\/\/schema.org","@graph":[{"@type":"Article","@id":"https:\/\/jornalfatosenoticias.com.br\/index.php\/2020\/10\/20\/documentario-expoe-impacto-do-alzheimer-na-vida-das-familias-da-periferia\/#article","isPartOf":{"@id":"https:\/\/jornalfatosenoticias.com.br\/index.php\/2020\/10\/20\/documentario-expoe-impacto-do-alzheimer-na-vida-das-familias-da-periferia\/"},"author":{"name":"Luzimara Fernandes","@id":"https:\/\/jornalfatosenoticias.com.br\/#\/schema\/person\/d63837fa13ac8666eb9e74e0985d6f81"},"headline":"Document\u00e1rio exp\u00f5e impacto do Alzheimer na vida das fam\u00edlias da periferia","datePublished":"2020-10-20T20:40:08+00:00","dateModified":"2020-10-20T20:40:12+00:00","mainEntityOfPage":{"@id":"https:\/\/jornalfatosenoticias.com.br\/index.php\/2020\/10\/20\/documentario-expoe-impacto-do-alzheimer-na-vida-das-familias-da-periferia\/"},"wordCount":931,"commentCount":0,"publisher":{"@id":"https:\/\/jornalfatosenoticias.com.br\/#organization"},"image":{"@id":"https:\/\/jornalfatosenoticias.com.br\/index.php\/2020\/10\/20\/documentario-expoe-impacto-do-alzheimer-na-vida-das-familias-da-periferia\/#primaryimage"},"thumbnailUrl":"https:\/\/jornalfatosenoticias.com.br\/wp-content\/uploads\/2020\/10\/Documentario-expoe-impacto-do-Alzheimer-na-vida-das-familias-da-periferia.jpeg","keywords":["Alzheimer","document\u00e1rio","impacto","periferia"],"articleSection":["Sa\u00fade"],"inLanguage":"pt-BR","potentialAction":[{"@type":"CommentAction","name":"Comment","target":["https:\/\/jornalfatosenoticias.com.br\/index.php\/2020\/10\/20\/documentario-expoe-impacto-do-alzheimer-na-vida-das-familias-da-periferia\/#respond"]}]},{"@type":"WebPage","@id":"https:\/\/jornalfatosenoticias.com.br\/index.php\/2020\/10\/20\/documentario-expoe-impacto-do-alzheimer-na-vida-das-familias-da-periferia\/","url":"https:\/\/jornalfatosenoticias.com.br\/index.php\/2020\/10\/20\/documentario-expoe-impacto-do-alzheimer-na-vida-das-familias-da-periferia\/","name":"Document\u00e1rio exp\u00f5e impacto do Alzheimer na vida das fam\u00edlias da periferia - Jornal Fatos e Not\u00edcias","isPartOf":{"@id":"https:\/\/jornalfatosenoticias.com.br\/#website"},"primaryImageOfPage":{"@id":"https:\/\/jornalfatosenoticias.com.br\/index.php\/2020\/10\/20\/documentario-expoe-impacto-do-alzheimer-na-vida-das-familias-da-periferia\/#primaryimage"},"image":{"@id":"https:\/\/jornalfatosenoticias.com.br\/index.php\/2020\/10\/20\/documentario-expoe-impacto-do-alzheimer-na-vida-das-familias-da-periferia\/#primaryimage"},"thumbnailUrl":"https:\/\/jornalfatosenoticias.com.br\/wp-content\/uploads\/2020\/10\/Documentario-expoe-impacto-do-Alzheimer-na-vida-das-familias-da-periferia.jpeg","datePublished":"2020-10-20T20:40:08+00:00","dateModified":"2020-10-20T20:40:12+00:00","breadcrumb":{"@id":"https:\/\/jornalfatosenoticias.com.br\/index.php\/2020\/10\/20\/documentario-expoe-impacto-do-alzheimer-na-vida-das-familias-da-periferia\/#breadcrumb"},"inLanguage":"pt-BR","potentialAction":[{"@type":"ReadAction","target":["https:\/\/jornalfatosenoticias.com.br\/index.php\/2020\/10\/20\/documentario-expoe-impacto-do-alzheimer-na-vida-das-familias-da-periferia\/"]}]},{"@type":"ImageObject","inLanguage":"pt-BR","@id":"https:\/\/jornalfatosenoticias.com.br\/index.php\/2020\/10\/20\/documentario-expoe-impacto-do-alzheimer-na-vida-das-familias-da-periferia\/#primaryimage","url":"https:\/\/jornalfatosenoticias.com.br\/wp-content\/uploads\/2020\/10\/Documentario-expoe-impacto-do-Alzheimer-na-vida-das-familias-da-periferia.jpeg","contentUrl":"https:\/\/jornalfatosenoticias.com.br\/wp-content\/uploads\/2020\/10\/Documentario-expoe-impacto-do-Alzheimer-na-vida-das-familias-da-periferia.jpeg","width":1000,"height":479},{"@type":"BreadcrumbList","@id":"https:\/\/jornalfatosenoticias.com.br\/index.php\/2020\/10\/20\/documentario-expoe-impacto-do-alzheimer-na-vida-das-familias-da-periferia\/#breadcrumb","itemListElement":[{"@type":"ListItem","position":1,"name":"In\u00edcio","item":"https:\/\/jornalfatosenoticias.com.br\/"},{"@type":"ListItem","position":2,"name":"Document\u00e1rio exp\u00f5e impacto do Alzheimer na vida das fam\u00edlias da periferia"}]},{"@type":"WebSite","@id":"https:\/\/jornalfatosenoticias.com.br\/#website","url":"https:\/\/jornalfatosenoticias.com.br\/","name":"Jornal Fatos e Not\u00edcias","description":"Not\u00edcias em geral","publisher":{"@id":"https:\/\/jornalfatosenoticias.com.br\/#organization"},"potentialAction":[{"@type":"SearchAction","target":{"@type":"EntryPoint","urlTemplate":"https:\/\/jornalfatosenoticias.com.br\/?s={search_term_string}"},"query-input":{"@type":"PropertyValueSpecification","valueRequired":true,"valueName":"search_term_string"}}],"inLanguage":"pt-BR"},{"@type":"Organization","@id":"https:\/\/jornalfatosenoticias.com.br\/#organization","name":"Jornal Fatos e Not\u00edcias","url":"https:\/\/jornalfatosenoticias.com.br\/","logo":{"@type":"ImageObject","inLanguage":"pt-BR","@id":"https:\/\/jornalfatosenoticias.com.br\/#\/schema\/logo\/image\/","url":"https:\/\/jornalfatosenoticias.com.br\/wp-content\/uploads\/2020\/02\/logo120.png","contentUrl":"https:\/\/jornalfatosenoticias.com.br\/wp-content\/uploads\/2020\/02\/logo120.png","width":1227,"height":120,"caption":"Jornal Fatos e Not\u00edcias"},"image":{"@id":"https:\/\/jornalfatosenoticias.com.br\/#\/schema\/logo\/image\/"}},{"@type":"Person","@id":"https:\/\/jornalfatosenoticias.com.br\/#\/schema\/person\/d63837fa13ac8666eb9e74e0985d6f81","name":"Luzimara Fernandes","image":{"@type":"ImageObject","inLanguage":"pt-BR","@id":"https:\/\/jornalfatosenoticias.com.br\/#\/schema\/person\/image\/","url":"https:\/\/jornalfatosenoticias.com.br\/wp-content\/uploads\/2025\/05\/EU_portal.jpg","contentUrl":"https:\/\/jornalfatosenoticias.com.br\/wp-content\/uploads\/2025\/05\/EU_portal.jpg","caption":"Luzimara Fernandes"},"description":"Jornalista MTB 2358-ES","sameAs":["https:\/\/jornalfatosenoticias.com.br"],"url":"https:\/\/jornalfatosenoticias.com.br\/index.php\/author\/luzimara\/"}]}},"cc_featured_image_caption":{"caption_text":"(Foto: Divulga\u00e7\u00e3o) \r\n","source_text":"","source_url":""},"jetpack_featured_media_url":"https:\/\/jornalfatosenoticias.com.br\/wp-content\/uploads\/2020\/10\/Documentario-expoe-impacto-do-Alzheimer-na-vida-das-familias-da-periferia.jpeg","_links":{"self":[{"href":"https:\/\/jornalfatosenoticias.com.br\/index.php\/wp-json\/wp\/v2\/posts\/10171","targetHints":{"allow":["GET"]}}],"collection":[{"href":"https:\/\/jornalfatosenoticias.com.br\/index.php\/wp-json\/wp\/v2\/posts"}],"about":[{"href":"https:\/\/jornalfatosenoticias.com.br\/index.php\/wp-json\/wp\/v2\/types\/post"}],"author":[{"embeddable":true,"href":"https:\/\/jornalfatosenoticias.com.br\/index.php\/wp-json\/wp\/v2\/users\/2"}],"replies":[{"embeddable":true,"href":"https:\/\/jornalfatosenoticias.com.br\/index.php\/wp-json\/wp\/v2\/comments?post=10171"}],"version-history":[{"count":0,"href":"https:\/\/jornalfatosenoticias.com.br\/index.php\/wp-json\/wp\/v2\/posts\/10171\/revisions"}],"wp:featuredmedia":[{"embeddable":true,"href":"https:\/\/jornalfatosenoticias.com.br\/index.php\/wp-json\/wp\/v2\/media\/10172"}],"wp:attachment":[{"href":"https:\/\/jornalfatosenoticias.com.br\/index.php\/wp-json\/wp\/v2\/media?parent=10171"}],"wp:term":[{"taxonomy":"category","embeddable":true,"href":"https:\/\/jornalfatosenoticias.com.br\/index.php\/wp-json\/wp\/v2\/categories?post=10171"},{"taxonomy":"post_tag","embeddable":true,"href":"https:\/\/jornalfatosenoticias.com.br\/index.php\/wp-json\/wp\/v2\/tags?post=10171"}],"curies":[{"name":"wp","href":"https:\/\/api.w.org\/{rel}","templated":true}]}}