{"id":10213,"date":"2020-10-21T14:40:52","date_gmt":"2020-10-21T17:40:52","guid":{"rendered":"https:\/\/jornalfatosenoticias.com.br\/?p=10213"},"modified":"2020-10-21T14:40:58","modified_gmt":"2020-10-21T17:40:58","slug":"aegea-saneamento-vence-leilao-de-concessao-de-esgotamento-sanitario-de-cariacica-e-viana","status":"publish","type":"post","link":"https:\/\/jornalfatosenoticias.com.br\/index.php\/2020\/10\/21\/aegea-saneamento-vence-leilao-de-concessao-de-esgotamento-sanitario-de-cariacica-e-viana\/","title":{"rendered":"Aegea Saneamento vence leil\u00e3o de concess\u00e3o de esgotamento sanit\u00e1rio de Cariacica e Viana"},"content":{"rendered":"\n<p>A Aegea Saneamento vai gerenciar o servi\u00e7o de esgotamento sanit\u00e1rio dos munic\u00edpios de Cariacica e Viana, na regi\u00e3o metropolitana da Grande Vit\u00f3ria. O cons\u00f3rcio liderado pela empresa venceu, nesta ter\u00e7a-feira (20), o leil\u00e3o de concess\u00e3o com uma proposta de tarifa de R$ 0,99 por m\u00b3 de esgoto faturado, sendo o maior desconto (-38,12%) sobre o valor estabelecido no Edital. O governador Renato Casagrande e a comitiva capixaba acompanharam a sess\u00e3o de leil\u00e3o realizada na B3, em S\u00e3o Paulo (SP).<br>O cons\u00f3rcio vencedor dever\u00e1 investir um total de R$ 580 milh\u00f5es em infraestrutura de saneamento b\u00e1sico ao longo dos 30 anos de contrato, sendo que R$ 180 milh\u00f5es desse total deve ser aplicado nos primeiros cinco anos. O objetivo da concess\u00e3o \u00e9 a universaliza\u00e7\u00e3o do acesso \u00e0 rede de esgotamento at\u00e9 o d\u00e9cimo ano de contrato. Ao todo, 423 mil habitantes ser\u00e3o beneficiados pelo projeto.<br>A empresa vencedora assume a responsabilidade pela presta\u00e7\u00e3o de servi\u00e7os de amplia\u00e7\u00e3o, manuten\u00e7\u00e3o e opera\u00e7\u00e3o do sistema de esgotamento sanit\u00e1rio e pela presta\u00e7\u00e3o de servi\u00e7os de apoio \u00e0 gest\u00e3o comercial da Companhia Esp\u00edrito Santense de Saneamento (Cesan) no munic\u00edpio de Cariacica, abrangendo ainda o tratamento de esgoto proveniente de bairros do munic\u00edpio de Viana.<br>Atualmente, apenas 48,3% da popula\u00e7\u00e3o t\u00eam coleta de esgoto. Al\u00e9m da meta de aumento da cobertura de 95% at\u00e9 2030, tamb\u00e9m \u00e9 previsto o tratamento de 100% do esgoto coletado.<br>Em sua fala, o governador Renato Casagrande lembrou que o resultado do leil\u00e3o consolida o planejamento de investimentos importantes na Regi\u00e3o Metropolitana. \u201cA Capital do Estado, Vit\u00f3ria, tem 90% de rede dispon\u00edvel e mais de 80% de esgoto tratado, a mesma realidade da Serra. Em Vila Velha temos 90% de rede dispon\u00edvel e 89% de esgoto tratado. Agora \u00e9 a vez de Cariacica, que tem a terceira maior popula\u00e7\u00e3o do Estado. Com isso, teremos a despolui\u00e7\u00e3o da Ba\u00eda de Vit\u00f3ria e a universaliza\u00e7\u00e3o do tratamento de esgoto\u201d, pontuou.<\/p>\n\n\n\n<blockquote class=\"wp-block-quote is-layout-flow wp-block-quote-is-layout-flow\"><p>\u201cA Ba\u00eda de Vit\u00f3ria \u00e9 a mais linda deste Pa\u00eds e ela despolu\u00edda ser\u00e1 um atrativo ainda maior para o turismo e para o esporte&#8221;<\/p><\/blockquote>\n\n\n\n<p>Casagrande destacou ainda que o Estado ir\u00e1 avan\u00e7ar na preserva\u00e7\u00e3o do meio ambiente e na qualidade de vida dos capixabas: \u201cA Ba\u00eda de Vit\u00f3ria \u00e9 a mais linda deste Pa\u00eds e ela despolu\u00edda ser\u00e1 um atrativo ainda maior para o turismo e para o esporte. Tamb\u00e9m estamos em um processo final para o re\u00faso de \u00e1gua para fins industriais, que vai nos permitir transformar esgoto em \u00e1gua, revendendo para empresas e gerando receita para a Cesan. Agora come\u00e7amos a estudar o interior do Estado, para que possamos unificar munic\u00edpios e lan\u00e7ar novos projetos de PPP para avan\u00e7armos nos investimentos e que possamos agilizar a presta\u00e7\u00e3o dos servi\u00e7os \u00e0 popula\u00e7\u00e3o\u201d, afirmou.<br>Para o diretor presidente da Cesan, Carlos Aur\u00e9lio Linhalis (Cael), esse foi mais um largo passo para a universaliza\u00e7\u00e3o do acesso aos servi\u00e7os de esgotamento sanit\u00e1rio da Regi\u00e3o Metropolitana da Grande Vit\u00f3ria. \u201cPodemos afirmar que uns dos cap\u00edtulos mais importantes da hist\u00f3ria de Cariacica est\u00e1 come\u00e7ando com essa PPP. Saneamento \u00e9 sa\u00fade, desenvolvimento social, econ\u00f4mico e ambiental. Um projeto de muitos anos que o governo Renato Casagrande est\u00e1 transformando em realidade\u201d, destacou.<br>Para Cael, o Esp\u00edrito Santo assume o protagonismo do saneamento no Pa\u00eds. \u201cA Cesan est\u00e1 dedicada em al\u00e7ar grandes resultados e a Aegea certamente vai contribuir\u201d, completou.<\/p>\n\n\n\n<figure class=\"wp-block-image size-large\"><img loading=\"lazy\" decoding=\"async\" width=\"1000\" height=\"750\" src=\"https:\/\/jornalfatosenoticias.com.br\/wp-content\/uploads\/2020\/10\/aegea-saneamento2.jpeg\" alt=\"\" class=\"wp-image-10214\" srcset=\"https:\/\/jornalfatosenoticias.com.br\/wp-content\/uploads\/2020\/10\/aegea-saneamento2.jpeg 1000w, https:\/\/jornalfatosenoticias.com.br\/wp-content\/uploads\/2020\/10\/aegea-saneamento2-300x225.jpeg 300w, https:\/\/jornalfatosenoticias.com.br\/wp-content\/uploads\/2020\/10\/aegea-saneamento2-768x576.jpeg 768w\" sizes=\"auto, (max-width: 1000px) 100vw, 1000px\" \/><figcaption><em>(Foto: Giovani Pagotto\/Governo-ES)<\/em><\/figcaption><\/figure>\n\n\n\n<p>O diretor-presidente da Aegea Saneamento, Radam\u00e9s Casseb, destacou que a nova concess\u00e3o refor\u00e7a o compromisso de empresa em promover vidas mais dignas e saud\u00e1veis, diminuindo o d\u00e9ficit do saneamento no Brasil. \u201cAs cidades de Serra e Vila Velha, tamb\u00e9m no Esp\u00edrito Santo, est\u00e3o em nosso escopo de atendimento com grandes resultados conquistados. Proporcionar o saneamento adequado para mais um importante munic\u00edpio do estado, com a Cesan que j\u00e1 \u00e9 nossa parceira, \u00e9 um motivo de orgulho para companhia\u201d afirmou.<br>Casseb prosseguiu: \u201cA empresa acredita e confia no modelo de parceria p\u00fablico-privada, com base em concess\u00f5es bem-sucedidas j\u00e1 existentes. A nossa experi\u00eancia em atuar em localidades de diferentes dimens\u00f5es, com um modelo de neg\u00f3cio transparente e \u00e9tico, atrelado a nossa efici\u00eancia operacional e investimentos ser\u00e1 fundamental para contribuir para universaliza\u00e7\u00e3o do saneamento nesta regi\u00e3o\u201d.<br>J\u00e1 o prefeito de Cariacica, Geraldo Luzia de Oliveira Junior, o Juninho, lembrou que o munic\u00edpio se prepara para o futuro. \u201cNos \u00faltimos anos vimos avan\u00e7os em investimentos em infraestrutura, com mais de mil obras conclu\u00eddas, atra\u00e7\u00e3o de empresas e cria\u00e7\u00e3o de empregos. Hoje, damos um passo enorme para a cidade avan\u00e7ar ainda mais, com a parceria de sucesso entre a Prefeitura e o governo do Estado, para melhoria da qualidade de vida da popula\u00e7\u00e3o e na recupera\u00e7\u00e3o e manuten\u00e7\u00e3o de nosso meio ambiente\u201d, acrescentou.<br>\u201cQueremos evoluir junto com o pa\u00eds na agenda de infraestrutura oferecendo ao mercado o que temos de melhor: sistemas seguros, transpar\u00eancia e assessoramento na defini\u00e7\u00e3o dos modelos. Esperamos ver cada vez mais parcerias p\u00fablico-privadas, que resultam em efici\u00eancia e produtividade para o Pa\u00eds\u201d, refor\u00e7ou o diretor de Processos Licitat\u00f3rios da B3, Andr\u00e9 Demarco.<br>O leil\u00e3o, organizado e conduzido pela B3, foi promovido pela Cesan e pelo Banco Nacional de Desenvolvimento Econ\u00f4mico e Social (BNDES). Por conta da pandemia do novo Coronav\u00edrus (Covid-19), o formato do certame foi adaptado para garantir a prote\u00e7\u00e3o da integridade de todos, obedecendo \u00e0 regulamenta\u00e7\u00e3o estadual e municipal vigentes e as recomenda\u00e7\u00f5es do Minist\u00e9rio da Sa\u00fade.<br>Tamb\u00e9m compuseram a comitiva capixaba os secret\u00e1rios de Estado de Governo, Tyago Hoffmann, e de Desenvolvimento, Marcos Kneip; o l\u00edder da bancada capixaba no Congresso Nacional, deputado Josias Da Vit\u00f3ria; e a presidente da Federa\u00e7\u00e3o das Ind\u00fastrias do Esp\u00edrito Santo (Findes), Cris Samorini.<\/p>\n\n\n\n<p><strong><em>Fonte: <a href=\"https:\/\/www.es.gov.br\/Noticia\/aegea-saneamento-vence-leilao-de-concessao-de-esgotamento-sanitario-de-cariacica-e-viana\">Governo do ES<\/a><\/em><\/strong><\/p>\n","protected":false},"excerpt":{"rendered":"<p>A Aegea Saneamento vai gerenciar o servi\u00e7o de esgotamento sanit\u00e1rio dos munic\u00edpios de Cariacica e Viana, na regi\u00e3o metropolitana da Grande Vit\u00f3ria. O cons\u00f3rcio liderado pela empresa venceu, nesta ter\u00e7a-feira (20), o leil\u00e3o de concess\u00e3o com uma proposta de tarifa de R$ 0,99 por m\u00b3 de esgoto faturado, sendo o maior desconto (-38,12%) sobre o [&hellip;]<\/p>\n","protected":false},"author":2,"featured_media":10215,"comment_status":"open","ping_status":"open","sticky":false,"template":"","format":"standard","meta":{"footnotes":""},"categories":[5],"tags":[5485,5483,2135,3927,1166,5484],"class_list":["post-10213","post","type-post","status-publish","format-standard","has-post-thumbnail","hentry","category-geral","tag-baia-de-vitoria","tag-cariacica","tag-cesan","tag-esgoto","tag-saneamento-basico","tag-viana"],"yoast_head":"<!-- This site is optimized with the Yoast SEO plugin v26.5 - https:\/\/yoast.com\/wordpress\/plugins\/seo\/ -->\n<title>Aegea Saneamento vence leil\u00e3o de concess\u00e3o de esgotamento sanit\u00e1rio de Cariacica e Viana - Jornal Fatos e Not\u00edcias<\/title>\n<meta name=\"robots\" content=\"index, follow, max-snippet:-1, max-image-preview:large, max-video-preview:-1\" \/>\n<link rel=\"canonical\" href=\"https:\/\/jornalfatosenoticias.com.br\/index.php\/2020\/10\/21\/aegea-saneamento-vence-leilao-de-concessao-de-esgotamento-sanitario-de-cariacica-e-viana\/\" \/>\n<meta property=\"og:locale\" content=\"pt_BR\" \/>\n<meta property=\"og:type\" content=\"article\" \/>\n<meta property=\"og:title\" content=\"Aegea Saneamento vence leil\u00e3o de concess\u00e3o de esgotamento sanit\u00e1rio de Cariacica e Viana - Jornal Fatos e Not\u00edcias\" \/>\n<meta property=\"og:description\" content=\"A Aegea Saneamento vai gerenciar o servi\u00e7o de esgotamento sanit\u00e1rio dos munic\u00edpios de Cariacica e Viana, na regi\u00e3o metropolitana da Grande Vit\u00f3ria. O cons\u00f3rcio liderado pela empresa venceu, nesta ter\u00e7a-feira (20), o leil\u00e3o de concess\u00e3o com uma proposta de tarifa de R$ 0,99 por m\u00b3 de esgoto faturado, sendo o maior desconto (-38,12%) sobre o [&hellip;]\" \/>\n<meta property=\"og:url\" content=\"https:\/\/jornalfatosenoticias.com.br\/index.php\/2020\/10\/21\/aegea-saneamento-vence-leilao-de-concessao-de-esgotamento-sanitario-de-cariacica-e-viana\/\" \/>\n<meta property=\"og:site_name\" content=\"Jornal Fatos e Not\u00edcias\" \/>\n<meta property=\"article:published_time\" content=\"2020-10-21T17:40:52+00:00\" \/>\n<meta property=\"article:modified_time\" content=\"2020-10-21T17:40:58+00:00\" \/>\n<meta property=\"og:image\" content=\"https:\/\/jornalfatosenoticias.com.br\/wp-content\/uploads\/2020\/10\/aegea-saneamento.jpeg\" \/>\n\t<meta property=\"og:image:width\" content=\"1000\" \/>\n\t<meta property=\"og:image:height\" content=\"628\" \/>\n\t<meta property=\"og:image:type\" content=\"image\/jpeg\" \/>\n<meta name=\"author\" content=\"Luzimara Fernandes\" \/>\n<meta name=\"twitter:card\" content=\"summary_large_image\" \/>\n<meta name=\"twitter:label1\" content=\"Escrito por\" \/>\n\t<meta name=\"twitter:data1\" content=\"Luzimara Fernandes\" \/>\n\t<meta name=\"twitter:label2\" content=\"Est. tempo de leitura\" \/>\n\t<meta name=\"twitter:data2\" content=\"5 minutos\" \/>\n<script type=\"application\/ld+json\" class=\"yoast-schema-graph\">{\"@context\":\"https:\/\/schema.org\",\"@graph\":[{\"@type\":\"Article\",\"@id\":\"https:\/\/jornalfatosenoticias.com.br\/index.php\/2020\/10\/21\/aegea-saneamento-vence-leilao-de-concessao-de-esgotamento-sanitario-de-cariacica-e-viana\/#article\",\"isPartOf\":{\"@id\":\"https:\/\/jornalfatosenoticias.com.br\/index.php\/2020\/10\/21\/aegea-saneamento-vence-leilao-de-concessao-de-esgotamento-sanitario-de-cariacica-e-viana\/\"},\"author\":{\"name\":\"Luzimara Fernandes\",\"@id\":\"https:\/\/jornalfatosenoticias.com.br\/#\/schema\/person\/d63837fa13ac8666eb9e74e0985d6f81\"},\"headline\":\"Aegea Saneamento vence leil\u00e3o de concess\u00e3o de esgotamento sanit\u00e1rio de Cariacica e Viana\",\"datePublished\":\"2020-10-21T17:40:52+00:00\",\"dateModified\":\"2020-10-21T17:40:58+00:00\",\"mainEntityOfPage\":{\"@id\":\"https:\/\/jornalfatosenoticias.com.br\/index.php\/2020\/10\/21\/aegea-saneamento-vence-leilao-de-concessao-de-esgotamento-sanitario-de-cariacica-e-viana\/\"},\"wordCount\":1047,\"commentCount\":0,\"publisher\":{\"@id\":\"https:\/\/jornalfatosenoticias.com.br\/#organization\"},\"image\":{\"@id\":\"https:\/\/jornalfatosenoticias.com.br\/index.php\/2020\/10\/21\/aegea-saneamento-vence-leilao-de-concessao-de-esgotamento-sanitario-de-cariacica-e-viana\/#primaryimage\"},\"thumbnailUrl\":\"https:\/\/jornalfatosenoticias.com.br\/wp-content\/uploads\/2020\/10\/aegea-saneamento.jpeg\",\"keywords\":[\"Ba\u00eda de Vit\u00f3ria\",\"Cariacica\",\"Cesan\",\"esgoto\",\"saneamento b\u00e1sico\",\"Viana\"],\"articleSection\":[\"Geral\"],\"inLanguage\":\"pt-BR\",\"potentialAction\":[{\"@type\":\"CommentAction\",\"name\":\"Comment\",\"target\":[\"https:\/\/jornalfatosenoticias.com.br\/index.php\/2020\/10\/21\/aegea-saneamento-vence-leilao-de-concessao-de-esgotamento-sanitario-de-cariacica-e-viana\/#respond\"]}]},{\"@type\":\"WebPage\",\"@id\":\"https:\/\/jornalfatosenoticias.com.br\/index.php\/2020\/10\/21\/aegea-saneamento-vence-leilao-de-concessao-de-esgotamento-sanitario-de-cariacica-e-viana\/\",\"url\":\"https:\/\/jornalfatosenoticias.com.br\/index.php\/2020\/10\/21\/aegea-saneamento-vence-leilao-de-concessao-de-esgotamento-sanitario-de-cariacica-e-viana\/\",\"name\":\"Aegea Saneamento vence leil\u00e3o de concess\u00e3o de esgotamento sanit\u00e1rio de Cariacica e Viana - Jornal Fatos e Not\u00edcias\",\"isPartOf\":{\"@id\":\"https:\/\/jornalfatosenoticias.com.br\/#website\"},\"primaryImageOfPage\":{\"@id\":\"https:\/\/jornalfatosenoticias.com.br\/index.php\/2020\/10\/21\/aegea-saneamento-vence-leilao-de-concessao-de-esgotamento-sanitario-de-cariacica-e-viana\/#primaryimage\"},\"image\":{\"@id\":\"https:\/\/jornalfatosenoticias.com.br\/index.php\/2020\/10\/21\/aegea-saneamento-vence-leilao-de-concessao-de-esgotamento-sanitario-de-cariacica-e-viana\/#primaryimage\"},\"thumbnailUrl\":\"https:\/\/jornalfatosenoticias.com.br\/wp-content\/uploads\/2020\/10\/aegea-saneamento.jpeg\",\"datePublished\":\"2020-10-21T17:40:52+00:00\",\"dateModified\":\"2020-10-21T17:40:58+00:00\",\"breadcrumb\":{\"@id\":\"https:\/\/jornalfatosenoticias.com.br\/index.php\/2020\/10\/21\/aegea-saneamento-vence-leilao-de-concessao-de-esgotamento-sanitario-de-cariacica-e-viana\/#breadcrumb\"},\"inLanguage\":\"pt-BR\",\"potentialAction\":[{\"@type\":\"ReadAction\",\"target\":[\"https:\/\/jornalfatosenoticias.com.br\/index.php\/2020\/10\/21\/aegea-saneamento-vence-leilao-de-concessao-de-esgotamento-sanitario-de-cariacica-e-viana\/\"]}]},{\"@type\":\"ImageObject\",\"inLanguage\":\"pt-BR\",\"@id\":\"https:\/\/jornalfatosenoticias.com.br\/index.php\/2020\/10\/21\/aegea-saneamento-vence-leilao-de-concessao-de-esgotamento-sanitario-de-cariacica-e-viana\/#primaryimage\",\"url\":\"https:\/\/jornalfatosenoticias.com.br\/wp-content\/uploads\/2020\/10\/aegea-saneamento.jpeg\",\"contentUrl\":\"https:\/\/jornalfatosenoticias.com.br\/wp-content\/uploads\/2020\/10\/aegea-saneamento.jpeg\",\"width\":1000,\"height\":628},{\"@type\":\"BreadcrumbList\",\"@id\":\"https:\/\/jornalfatosenoticias.com.br\/index.php\/2020\/10\/21\/aegea-saneamento-vence-leilao-de-concessao-de-esgotamento-sanitario-de-cariacica-e-viana\/#breadcrumb\",\"itemListElement\":[{\"@type\":\"ListItem\",\"position\":1,\"name\":\"In\u00edcio\",\"item\":\"https:\/\/jornalfatosenoticias.com.br\/\"},{\"@type\":\"ListItem\",\"position\":2,\"name\":\"Aegea Saneamento vence leil\u00e3o de concess\u00e3o de esgotamento sanit\u00e1rio de Cariacica e Viana\"}]},{\"@type\":\"WebSite\",\"@id\":\"https:\/\/jornalfatosenoticias.com.br\/#website\",\"url\":\"https:\/\/jornalfatosenoticias.com.br\/\",\"name\":\"Jornal Fatos e Not\u00edcias\",\"description\":\"Not\u00edcias em geral\",\"publisher\":{\"@id\":\"https:\/\/jornalfatosenoticias.com.br\/#organization\"},\"potentialAction\":[{\"@type\":\"SearchAction\",\"target\":{\"@type\":\"EntryPoint\",\"urlTemplate\":\"https:\/\/jornalfatosenoticias.com.br\/?s={search_term_string}\"},\"query-input\":{\"@type\":\"PropertyValueSpecification\",\"valueRequired\":true,\"valueName\":\"search_term_string\"}}],\"inLanguage\":\"pt-BR\"},{\"@type\":\"Organization\",\"@id\":\"https:\/\/jornalfatosenoticias.com.br\/#organization\",\"name\":\"Jornal Fatos e Not\u00edcias\",\"url\":\"https:\/\/jornalfatosenoticias.com.br\/\",\"logo\":{\"@type\":\"ImageObject\",\"inLanguage\":\"pt-BR\",\"@id\":\"https:\/\/jornalfatosenoticias.com.br\/#\/schema\/logo\/image\/\",\"url\":\"https:\/\/jornalfatosenoticias.com.br\/wp-content\/uploads\/2020\/02\/logo120.png\",\"contentUrl\":\"https:\/\/jornalfatosenoticias.com.br\/wp-content\/uploads\/2020\/02\/logo120.png\",\"width\":1227,\"height\":120,\"caption\":\"Jornal Fatos e Not\u00edcias\"},\"image\":{\"@id\":\"https:\/\/jornalfatosenoticias.com.br\/#\/schema\/logo\/image\/\"}},{\"@type\":\"Person\",\"@id\":\"https:\/\/jornalfatosenoticias.com.br\/#\/schema\/person\/d63837fa13ac8666eb9e74e0985d6f81\",\"name\":\"Luzimara Fernandes\",\"image\":{\"@type\":\"ImageObject\",\"inLanguage\":\"pt-BR\",\"@id\":\"https:\/\/jornalfatosenoticias.com.br\/#\/schema\/person\/image\/\",\"url\":\"https:\/\/jornalfatosenoticias.com.br\/wp-content\/uploads\/2025\/05\/EU_portal.jpg\",\"contentUrl\":\"https:\/\/jornalfatosenoticias.com.br\/wp-content\/uploads\/2025\/05\/EU_portal.jpg\",\"caption\":\"Luzimara Fernandes\"},\"description\":\"Jornalista MTB 2358-ES\",\"sameAs\":[\"https:\/\/jornalfatosenoticias.com.br\"],\"url\":\"https:\/\/jornalfatosenoticias.com.br\/index.php\/author\/luzimara\/\"}]}<\/script>\n<!-- \/ Yoast SEO plugin. -->","yoast_head_json":{"title":"Aegea Saneamento vence leil\u00e3o de concess\u00e3o de esgotamento sanit\u00e1rio de Cariacica e Viana - Jornal Fatos e Not\u00edcias","robots":{"index":"index","follow":"follow","max-snippet":"max-snippet:-1","max-image-preview":"max-image-preview:large","max-video-preview":"max-video-preview:-1"},"canonical":"https:\/\/jornalfatosenoticias.com.br\/index.php\/2020\/10\/21\/aegea-saneamento-vence-leilao-de-concessao-de-esgotamento-sanitario-de-cariacica-e-viana\/","og_locale":"pt_BR","og_type":"article","og_title":"Aegea Saneamento vence leil\u00e3o de concess\u00e3o de esgotamento sanit\u00e1rio de Cariacica e Viana - Jornal Fatos e Not\u00edcias","og_description":"A Aegea Saneamento vai gerenciar o servi\u00e7o de esgotamento sanit\u00e1rio dos munic\u00edpios de Cariacica e Viana, na regi\u00e3o metropolitana da Grande Vit\u00f3ria. O cons\u00f3rcio liderado pela empresa venceu, nesta ter\u00e7a-feira (20), o leil\u00e3o de concess\u00e3o com uma proposta de tarifa de R$ 0,99 por m\u00b3 de esgoto faturado, sendo o maior desconto (-38,12%) sobre o [&hellip;]","og_url":"https:\/\/jornalfatosenoticias.com.br\/index.php\/2020\/10\/21\/aegea-saneamento-vence-leilao-de-concessao-de-esgotamento-sanitario-de-cariacica-e-viana\/","og_site_name":"Jornal Fatos e Not\u00edcias","article_published_time":"2020-10-21T17:40:52+00:00","article_modified_time":"2020-10-21T17:40:58+00:00","og_image":[{"width":1000,"height":628,"url":"https:\/\/jornalfatosenoticias.com.br\/wp-content\/uploads\/2020\/10\/aegea-saneamento.jpeg","type":"image\/jpeg"}],"author":"Luzimara Fernandes","twitter_card":"summary_large_image","twitter_misc":{"Escrito por":"Luzimara Fernandes","Est. tempo de leitura":"5 minutos"},"schema":{"@context":"https:\/\/schema.org","@graph":[{"@type":"Article","@id":"https:\/\/jornalfatosenoticias.com.br\/index.php\/2020\/10\/21\/aegea-saneamento-vence-leilao-de-concessao-de-esgotamento-sanitario-de-cariacica-e-viana\/#article","isPartOf":{"@id":"https:\/\/jornalfatosenoticias.com.br\/index.php\/2020\/10\/21\/aegea-saneamento-vence-leilao-de-concessao-de-esgotamento-sanitario-de-cariacica-e-viana\/"},"author":{"name":"Luzimara Fernandes","@id":"https:\/\/jornalfatosenoticias.com.br\/#\/schema\/person\/d63837fa13ac8666eb9e74e0985d6f81"},"headline":"Aegea Saneamento vence leil\u00e3o de concess\u00e3o de esgotamento sanit\u00e1rio de Cariacica e Viana","datePublished":"2020-10-21T17:40:52+00:00","dateModified":"2020-10-21T17:40:58+00:00","mainEntityOfPage":{"@id":"https:\/\/jornalfatosenoticias.com.br\/index.php\/2020\/10\/21\/aegea-saneamento-vence-leilao-de-concessao-de-esgotamento-sanitario-de-cariacica-e-viana\/"},"wordCount":1047,"commentCount":0,"publisher":{"@id":"https:\/\/jornalfatosenoticias.com.br\/#organization"},"image":{"@id":"https:\/\/jornalfatosenoticias.com.br\/index.php\/2020\/10\/21\/aegea-saneamento-vence-leilao-de-concessao-de-esgotamento-sanitario-de-cariacica-e-viana\/#primaryimage"},"thumbnailUrl":"https:\/\/jornalfatosenoticias.com.br\/wp-content\/uploads\/2020\/10\/aegea-saneamento.jpeg","keywords":["Ba\u00eda de Vit\u00f3ria","Cariacica","Cesan","esgoto","saneamento b\u00e1sico","Viana"],"articleSection":["Geral"],"inLanguage":"pt-BR","potentialAction":[{"@type":"CommentAction","name":"Comment","target":["https:\/\/jornalfatosenoticias.com.br\/index.php\/2020\/10\/21\/aegea-saneamento-vence-leilao-de-concessao-de-esgotamento-sanitario-de-cariacica-e-viana\/#respond"]}]},{"@type":"WebPage","@id":"https:\/\/jornalfatosenoticias.com.br\/index.php\/2020\/10\/21\/aegea-saneamento-vence-leilao-de-concessao-de-esgotamento-sanitario-de-cariacica-e-viana\/","url":"https:\/\/jornalfatosenoticias.com.br\/index.php\/2020\/10\/21\/aegea-saneamento-vence-leilao-de-concessao-de-esgotamento-sanitario-de-cariacica-e-viana\/","name":"Aegea Saneamento vence leil\u00e3o de concess\u00e3o de esgotamento sanit\u00e1rio de Cariacica e Viana - Jornal Fatos e Not\u00edcias","isPartOf":{"@id":"https:\/\/jornalfatosenoticias.com.br\/#website"},"primaryImageOfPage":{"@id":"https:\/\/jornalfatosenoticias.com.br\/index.php\/2020\/10\/21\/aegea-saneamento-vence-leilao-de-concessao-de-esgotamento-sanitario-de-cariacica-e-viana\/#primaryimage"},"image":{"@id":"https:\/\/jornalfatosenoticias.com.br\/index.php\/2020\/10\/21\/aegea-saneamento-vence-leilao-de-concessao-de-esgotamento-sanitario-de-cariacica-e-viana\/#primaryimage"},"thumbnailUrl":"https:\/\/jornalfatosenoticias.com.br\/wp-content\/uploads\/2020\/10\/aegea-saneamento.jpeg","datePublished":"2020-10-21T17:40:52+00:00","dateModified":"2020-10-21T17:40:58+00:00","breadcrumb":{"@id":"https:\/\/jornalfatosenoticias.com.br\/index.php\/2020\/10\/21\/aegea-saneamento-vence-leilao-de-concessao-de-esgotamento-sanitario-de-cariacica-e-viana\/#breadcrumb"},"inLanguage":"pt-BR","potentialAction":[{"@type":"ReadAction","target":["https:\/\/jornalfatosenoticias.com.br\/index.php\/2020\/10\/21\/aegea-saneamento-vence-leilao-de-concessao-de-esgotamento-sanitario-de-cariacica-e-viana\/"]}]},{"@type":"ImageObject","inLanguage":"pt-BR","@id":"https:\/\/jornalfatosenoticias.com.br\/index.php\/2020\/10\/21\/aegea-saneamento-vence-leilao-de-concessao-de-esgotamento-sanitario-de-cariacica-e-viana\/#primaryimage","url":"https:\/\/jornalfatosenoticias.com.br\/wp-content\/uploads\/2020\/10\/aegea-saneamento.jpeg","contentUrl":"https:\/\/jornalfatosenoticias.com.br\/wp-content\/uploads\/2020\/10\/aegea-saneamento.jpeg","width":1000,"height":628},{"@type":"BreadcrumbList","@id":"https:\/\/jornalfatosenoticias.com.br\/index.php\/2020\/10\/21\/aegea-saneamento-vence-leilao-de-concessao-de-esgotamento-sanitario-de-cariacica-e-viana\/#breadcrumb","itemListElement":[{"@type":"ListItem","position":1,"name":"In\u00edcio","item":"https:\/\/jornalfatosenoticias.com.br\/"},{"@type":"ListItem","position":2,"name":"Aegea Saneamento vence leil\u00e3o de concess\u00e3o de esgotamento sanit\u00e1rio de Cariacica e Viana"}]},{"@type":"WebSite","@id":"https:\/\/jornalfatosenoticias.com.br\/#website","url":"https:\/\/jornalfatosenoticias.com.br\/","name":"Jornal Fatos e Not\u00edcias","description":"Not\u00edcias em geral","publisher":{"@id":"https:\/\/jornalfatosenoticias.com.br\/#organization"},"potentialAction":[{"@type":"SearchAction","target":{"@type":"EntryPoint","urlTemplate":"https:\/\/jornalfatosenoticias.com.br\/?s={search_term_string}"},"query-input":{"@type":"PropertyValueSpecification","valueRequired":true,"valueName":"search_term_string"}}],"inLanguage":"pt-BR"},{"@type":"Organization","@id":"https:\/\/jornalfatosenoticias.com.br\/#organization","name":"Jornal Fatos e Not\u00edcias","url":"https:\/\/jornalfatosenoticias.com.br\/","logo":{"@type":"ImageObject","inLanguage":"pt-BR","@id":"https:\/\/jornalfatosenoticias.com.br\/#\/schema\/logo\/image\/","url":"https:\/\/jornalfatosenoticias.com.br\/wp-content\/uploads\/2020\/02\/logo120.png","contentUrl":"https:\/\/jornalfatosenoticias.com.br\/wp-content\/uploads\/2020\/02\/logo120.png","width":1227,"height":120,"caption":"Jornal Fatos e Not\u00edcias"},"image":{"@id":"https:\/\/jornalfatosenoticias.com.br\/#\/schema\/logo\/image\/"}},{"@type":"Person","@id":"https:\/\/jornalfatosenoticias.com.br\/#\/schema\/person\/d63837fa13ac8666eb9e74e0985d6f81","name":"Luzimara Fernandes","image":{"@type":"ImageObject","inLanguage":"pt-BR","@id":"https:\/\/jornalfatosenoticias.com.br\/#\/schema\/person\/image\/","url":"https:\/\/jornalfatosenoticias.com.br\/wp-content\/uploads\/2025\/05\/EU_portal.jpg","contentUrl":"https:\/\/jornalfatosenoticias.com.br\/wp-content\/uploads\/2025\/05\/EU_portal.jpg","caption":"Luzimara Fernandes"},"description":"Jornalista MTB 2358-ES","sameAs":["https:\/\/jornalfatosenoticias.com.br"],"url":"https:\/\/jornalfatosenoticias.com.br\/index.php\/author\/luzimara\/"}]}},"cc_featured_image_caption":{"caption_text":"(Giovani Pagotto\/Governo-ES) ","source_text":"","source_url":""},"jetpack_featured_media_url":"https:\/\/jornalfatosenoticias.com.br\/wp-content\/uploads\/2020\/10\/aegea-saneamento.jpeg","_links":{"self":[{"href":"https:\/\/jornalfatosenoticias.com.br\/index.php\/wp-json\/wp\/v2\/posts\/10213","targetHints":{"allow":["GET"]}}],"collection":[{"href":"https:\/\/jornalfatosenoticias.com.br\/index.php\/wp-json\/wp\/v2\/posts"}],"about":[{"href":"https:\/\/jornalfatosenoticias.com.br\/index.php\/wp-json\/wp\/v2\/types\/post"}],"author":[{"embeddable":true,"href":"https:\/\/jornalfatosenoticias.com.br\/index.php\/wp-json\/wp\/v2\/users\/2"}],"replies":[{"embeddable":true,"href":"https:\/\/jornalfatosenoticias.com.br\/index.php\/wp-json\/wp\/v2\/comments?post=10213"}],"version-history":[{"count":0,"href":"https:\/\/jornalfatosenoticias.com.br\/index.php\/wp-json\/wp\/v2\/posts\/10213\/revisions"}],"wp:featuredmedia":[{"embeddable":true,"href":"https:\/\/jornalfatosenoticias.com.br\/index.php\/wp-json\/wp\/v2\/media\/10215"}],"wp:attachment":[{"href":"https:\/\/jornalfatosenoticias.com.br\/index.php\/wp-json\/wp\/v2\/media?parent=10213"}],"wp:term":[{"taxonomy":"category","embeddable":true,"href":"https:\/\/jornalfatosenoticias.com.br\/index.php\/wp-json\/wp\/v2\/categories?post=10213"},{"taxonomy":"post_tag","embeddable":true,"href":"https:\/\/jornalfatosenoticias.com.br\/index.php\/wp-json\/wp\/v2\/tags?post=10213"}],"curies":[{"name":"wp","href":"https:\/\/api.w.org\/{rel}","templated":true}]}}