{"id":10313,"date":"2020-10-23T10:46:51","date_gmt":"2020-10-23T13:46:51","guid":{"rendered":"https:\/\/jornalfatosenoticias.com.br\/?p=10313"},"modified":"2020-10-23T10:46:53","modified_gmt":"2020-10-23T13:46:53","slug":"ser-ativo-faz-bem-para-a-saude-fisica-e-mental-do-idoso-aponta-estudo","status":"publish","type":"post","link":"https:\/\/jornalfatosenoticias.com.br\/index.php\/2020\/10\/23\/ser-ativo-faz-bem-para-a-saude-fisica-e-mental-do-idoso-aponta-estudo\/","title":{"rendered":"Ser ativo faz bem para a sa\u00fade f\u00edsica e mental do idoso, aponta estudo"},"content":{"rendered":"\n<p>N\u00e3o \u00e9 f\u00e1cil deixar o sedentarismo de lado e incluir a atividade f\u00edsica na rotina, principalmente para os idosos. Mas, de acordo com um estudo da American Cancer Society, pessoas na terceira idade que s\u00e3o mais ativas e passam menos tempo sentados possuem mais sa\u00fade, tanto f\u00edsica quanto mental.<br>O estudo, que foi publicado no jornal CANCER, aponta que aqueles que realizam atividade f\u00edsica regular de intensidade moderada s\u00e3o mais saud\u00e1veis e ser ativo tamb\u00e9m contribui para prevenir e combater o c\u00e2ncer.<br>Os pesquisadores avaliaram cerca de 78 mil pessoas com idade m\u00e9dia de 78 anos e inclu\u00edram sobreviventes de c\u00e2ncer ap\u00f3s 10 anos do diagn\u00f3stico e adultos sem hist\u00f3rico da doen\u00e7a. Eles chegaram \u00e0 conclus\u00e3o de que, independentemente do c\u00e2ncer, as diferen\u00e7as na sa\u00fade f\u00edsica e mental entre os sedent\u00e1rios e os que eram ativos fisicamente foram significativas.<br>De acordo com Erika Rees-Punia, pesquisadora do estudo, &#8220;as descobertas refor\u00e7am a import\u00e2ncia de se mexer mais e ficar menos tempo sentado para a sa\u00fade f\u00edsica e mental, n\u00e3o importando a sua idade ou hist\u00f3rico de c\u00e2ncer&#8221;. Para ela, uma simples caminhada ou outra atividade f\u00edsica de que a pessoa goste pode ser ben\u00e9fica para a mente e o corpo.<br>Os estudiosos refor\u00e7am que essa descoberta \u00e9 importante para melhorar a qualidade de vida de homens e mulheres idosos, com ou sem um diagn\u00f3stico de c\u00e2ncer.<br>A recomenda\u00e7\u00e3o da OMS (Organiza\u00e7\u00e3o Mundial de Sa\u00fade) para adultos \u00e9 realizar pelo menos 150 minutos de atividade f\u00edsica de intensidade moderada ou 75 minutos de intensidade elevada semanalmente.<\/p>\n\n\n\n<p><strong><em>Fonte: <a href=\"https:\/\/www.uol.com.br\/vivabem\/noticias\/redacao\/2020\/10\/20\/ser-ativo-faz-bem-para-a-saude-fisica-e-mental-do-idoso-aponta-estudo.htm\">UOL<\/a><\/em><\/strong><\/p>\n","protected":false},"excerpt":{"rendered":"<p>N\u00e3o \u00e9 f\u00e1cil deixar o sedentarismo de lado e incluir a atividade f\u00edsica na rotina, principalmente para os idosos. Mas, de acordo com um estudo da American Cancer Society, pessoas na terceira idade que s\u00e3o mais ativas e passam menos tempo sentados possuem mais sa\u00fade, tanto f\u00edsica quanto mental.O estudo, que foi publicado no jornal [&hellip;]<\/p>\n","protected":false},"author":2,"featured_media":10314,"comment_status":"open","ping_status":"open","sticky":false,"template":"","format":"standard","meta":{"footnotes":""},"categories":[42],"tags":[642,265,5523,688,1784],"class_list":["post-10313","post","type-post","status-publish","format-standard","has-post-thumbnail","hentry","category-bem-estar","tag-cancer","tag-prevencao","tag-saude-fisica","tag-saude-mental","tag-terceira-idade"],"yoast_head":"<!-- This site is optimized with the Yoast SEO plugin v26.5 - https:\/\/yoast.com\/wordpress\/plugins\/seo\/ -->\n<title>Ser ativo faz bem para a sa\u00fade f\u00edsica e mental do idoso, aponta estudo - Jornal Fatos e Not\u00edcias<\/title>\n<meta name=\"robots\" content=\"index, follow, max-snippet:-1, max-image-preview:large, max-video-preview:-1\" \/>\n<link rel=\"canonical\" href=\"https:\/\/jornalfatosenoticias.com.br\/index.php\/2020\/10\/23\/ser-ativo-faz-bem-para-a-saude-fisica-e-mental-do-idoso-aponta-estudo\/\" \/>\n<meta property=\"og:locale\" content=\"pt_BR\" \/>\n<meta property=\"og:type\" content=\"article\" \/>\n<meta property=\"og:title\" content=\"Ser ativo faz bem para a sa\u00fade f\u00edsica e mental do idoso, aponta estudo - Jornal Fatos e Not\u00edcias\" \/>\n<meta property=\"og:description\" content=\"N\u00e3o \u00e9 f\u00e1cil deixar o sedentarismo de lado e incluir a atividade f\u00edsica na rotina, principalmente para os idosos. Mas, de acordo com um estudo da American Cancer Society, pessoas na terceira idade que s\u00e3o mais ativas e passam menos tempo sentados possuem mais sa\u00fade, tanto f\u00edsica quanto mental.O estudo, que foi publicado no jornal [&hellip;]\" \/>\n<meta property=\"og:url\" content=\"https:\/\/jornalfatosenoticias.com.br\/index.php\/2020\/10\/23\/ser-ativo-faz-bem-para-a-saude-fisica-e-mental-do-idoso-aponta-estudo\/\" \/>\n<meta property=\"og:site_name\" content=\"Jornal Fatos e Not\u00edcias\" \/>\n<meta property=\"article:published_time\" content=\"2020-10-23T13:46:51+00:00\" \/>\n<meta property=\"article:modified_time\" content=\"2020-10-23T13:46:53+00:00\" \/>\n<meta property=\"og:image\" content=\"https:\/\/jornalfatosenoticias.com.br\/wp-content\/uploads\/2020\/10\/casal-idoso-correndo-iStock.jpg\" \/>\n\t<meta property=\"og:image:width\" content=\"1000\" \/>\n\t<meta property=\"og:image:height\" content=\"562\" \/>\n\t<meta property=\"og:image:type\" content=\"image\/jpeg\" \/>\n<meta name=\"author\" content=\"Luzimara Fernandes\" \/>\n<meta name=\"twitter:card\" content=\"summary_large_image\" \/>\n<meta name=\"twitter:label1\" content=\"Escrito por\" \/>\n\t<meta name=\"twitter:data1\" content=\"Luzimara Fernandes\" \/>\n\t<meta name=\"twitter:label2\" content=\"Est. tempo de leitura\" \/>\n\t<meta name=\"twitter:data2\" content=\"1 minuto\" \/>\n<script type=\"application\/ld+json\" class=\"yoast-schema-graph\">{\"@context\":\"https:\/\/schema.org\",\"@graph\":[{\"@type\":\"Article\",\"@id\":\"https:\/\/jornalfatosenoticias.com.br\/index.php\/2020\/10\/23\/ser-ativo-faz-bem-para-a-saude-fisica-e-mental-do-idoso-aponta-estudo\/#article\",\"isPartOf\":{\"@id\":\"https:\/\/jornalfatosenoticias.com.br\/index.php\/2020\/10\/23\/ser-ativo-faz-bem-para-a-saude-fisica-e-mental-do-idoso-aponta-estudo\/\"},\"author\":{\"name\":\"Luzimara Fernandes\",\"@id\":\"https:\/\/jornalfatosenoticias.com.br\/#\/schema\/person\/d63837fa13ac8666eb9e74e0985d6f81\"},\"headline\":\"Ser ativo faz bem para a sa\u00fade f\u00edsica e mental do idoso, aponta estudo\",\"datePublished\":\"2020-10-23T13:46:51+00:00\",\"dateModified\":\"2020-10-23T13:46:53+00:00\",\"mainEntityOfPage\":{\"@id\":\"https:\/\/jornalfatosenoticias.com.br\/index.php\/2020\/10\/23\/ser-ativo-faz-bem-para-a-saude-fisica-e-mental-do-idoso-aponta-estudo\/\"},\"wordCount\":303,\"commentCount\":0,\"publisher\":{\"@id\":\"https:\/\/jornalfatosenoticias.com.br\/#organization\"},\"image\":{\"@id\":\"https:\/\/jornalfatosenoticias.com.br\/index.php\/2020\/10\/23\/ser-ativo-faz-bem-para-a-saude-fisica-e-mental-do-idoso-aponta-estudo\/#primaryimage\"},\"thumbnailUrl\":\"https:\/\/jornalfatosenoticias.com.br\/wp-content\/uploads\/2020\/10\/casal-idoso-correndo-iStock.jpg\",\"keywords\":[\"c\u00e2ncer\",\"preven\u00e7\u00e3o\",\"sa\u00fade f\u00edsica\",\"sa\u00fade mental\",\"terceira idade\"],\"articleSection\":[\"Bem-estar\"],\"inLanguage\":\"pt-BR\",\"potentialAction\":[{\"@type\":\"CommentAction\",\"name\":\"Comment\",\"target\":[\"https:\/\/jornalfatosenoticias.com.br\/index.php\/2020\/10\/23\/ser-ativo-faz-bem-para-a-saude-fisica-e-mental-do-idoso-aponta-estudo\/#respond\"]}]},{\"@type\":\"WebPage\",\"@id\":\"https:\/\/jornalfatosenoticias.com.br\/index.php\/2020\/10\/23\/ser-ativo-faz-bem-para-a-saude-fisica-e-mental-do-idoso-aponta-estudo\/\",\"url\":\"https:\/\/jornalfatosenoticias.com.br\/index.php\/2020\/10\/23\/ser-ativo-faz-bem-para-a-saude-fisica-e-mental-do-idoso-aponta-estudo\/\",\"name\":\"Ser ativo faz bem para a sa\u00fade f\u00edsica e mental do idoso, aponta estudo - Jornal Fatos e Not\u00edcias\",\"isPartOf\":{\"@id\":\"https:\/\/jornalfatosenoticias.com.br\/#website\"},\"primaryImageOfPage\":{\"@id\":\"https:\/\/jornalfatosenoticias.com.br\/index.php\/2020\/10\/23\/ser-ativo-faz-bem-para-a-saude-fisica-e-mental-do-idoso-aponta-estudo\/#primaryimage\"},\"image\":{\"@id\":\"https:\/\/jornalfatosenoticias.com.br\/index.php\/2020\/10\/23\/ser-ativo-faz-bem-para-a-saude-fisica-e-mental-do-idoso-aponta-estudo\/#primaryimage\"},\"thumbnailUrl\":\"https:\/\/jornalfatosenoticias.com.br\/wp-content\/uploads\/2020\/10\/casal-idoso-correndo-iStock.jpg\",\"datePublished\":\"2020-10-23T13:46:51+00:00\",\"dateModified\":\"2020-10-23T13:46:53+00:00\",\"breadcrumb\":{\"@id\":\"https:\/\/jornalfatosenoticias.com.br\/index.php\/2020\/10\/23\/ser-ativo-faz-bem-para-a-saude-fisica-e-mental-do-idoso-aponta-estudo\/#breadcrumb\"},\"inLanguage\":\"pt-BR\",\"potentialAction\":[{\"@type\":\"ReadAction\",\"target\":[\"https:\/\/jornalfatosenoticias.com.br\/index.php\/2020\/10\/23\/ser-ativo-faz-bem-para-a-saude-fisica-e-mental-do-idoso-aponta-estudo\/\"]}]},{\"@type\":\"ImageObject\",\"inLanguage\":\"pt-BR\",\"@id\":\"https:\/\/jornalfatosenoticias.com.br\/index.php\/2020\/10\/23\/ser-ativo-faz-bem-para-a-saude-fisica-e-mental-do-idoso-aponta-estudo\/#primaryimage\",\"url\":\"https:\/\/jornalfatosenoticias.com.br\/wp-content\/uploads\/2020\/10\/casal-idoso-correndo-iStock.jpg\",\"contentUrl\":\"https:\/\/jornalfatosenoticias.com.br\/wp-content\/uploads\/2020\/10\/casal-idoso-correndo-iStock.jpg\",\"width\":1000,\"height\":562},{\"@type\":\"BreadcrumbList\",\"@id\":\"https:\/\/jornalfatosenoticias.com.br\/index.php\/2020\/10\/23\/ser-ativo-faz-bem-para-a-saude-fisica-e-mental-do-idoso-aponta-estudo\/#breadcrumb\",\"itemListElement\":[{\"@type\":\"ListItem\",\"position\":1,\"name\":\"In\u00edcio\",\"item\":\"https:\/\/jornalfatosenoticias.com.br\/\"},{\"@type\":\"ListItem\",\"position\":2,\"name\":\"Ser ativo faz bem para a sa\u00fade f\u00edsica e mental do idoso, aponta estudo\"}]},{\"@type\":\"WebSite\",\"@id\":\"https:\/\/jornalfatosenoticias.com.br\/#website\",\"url\":\"https:\/\/jornalfatosenoticias.com.br\/\",\"name\":\"Jornal Fatos e Not\u00edcias\",\"description\":\"Not\u00edcias em geral\",\"publisher\":{\"@id\":\"https:\/\/jornalfatosenoticias.com.br\/#organization\"},\"potentialAction\":[{\"@type\":\"SearchAction\",\"target\":{\"@type\":\"EntryPoint\",\"urlTemplate\":\"https:\/\/jornalfatosenoticias.com.br\/?s={search_term_string}\"},\"query-input\":{\"@type\":\"PropertyValueSpecification\",\"valueRequired\":true,\"valueName\":\"search_term_string\"}}],\"inLanguage\":\"pt-BR\"},{\"@type\":\"Organization\",\"@id\":\"https:\/\/jornalfatosenoticias.com.br\/#organization\",\"name\":\"Jornal Fatos e Not\u00edcias\",\"url\":\"https:\/\/jornalfatosenoticias.com.br\/\",\"logo\":{\"@type\":\"ImageObject\",\"inLanguage\":\"pt-BR\",\"@id\":\"https:\/\/jornalfatosenoticias.com.br\/#\/schema\/logo\/image\/\",\"url\":\"https:\/\/jornalfatosenoticias.com.br\/wp-content\/uploads\/2020\/02\/logo120.png\",\"contentUrl\":\"https:\/\/jornalfatosenoticias.com.br\/wp-content\/uploads\/2020\/02\/logo120.png\",\"width\":1227,\"height\":120,\"caption\":\"Jornal Fatos e Not\u00edcias\"},\"image\":{\"@id\":\"https:\/\/jornalfatosenoticias.com.br\/#\/schema\/logo\/image\/\"}},{\"@type\":\"Person\",\"@id\":\"https:\/\/jornalfatosenoticias.com.br\/#\/schema\/person\/d63837fa13ac8666eb9e74e0985d6f81\",\"name\":\"Luzimara Fernandes\",\"image\":{\"@type\":\"ImageObject\",\"inLanguage\":\"pt-BR\",\"@id\":\"https:\/\/jornalfatosenoticias.com.br\/#\/schema\/person\/image\/\",\"url\":\"https:\/\/jornalfatosenoticias.com.br\/wp-content\/uploads\/2025\/05\/EU_portal.jpg\",\"contentUrl\":\"https:\/\/jornalfatosenoticias.com.br\/wp-content\/uploads\/2025\/05\/EU_portal.jpg\",\"caption\":\"Luzimara Fernandes\"},\"description\":\"Jornalista MTB 2358-ES\",\"sameAs\":[\"https:\/\/jornalfatosenoticias.com.br\"],\"url\":\"https:\/\/jornalfatosenoticias.com.br\/index.php\/author\/luzimara\/\"}]}<\/script>\n<!-- \/ Yoast SEO plugin. -->","yoast_head_json":{"title":"Ser ativo faz bem para a sa\u00fade f\u00edsica e mental do idoso, aponta estudo - Jornal Fatos e Not\u00edcias","robots":{"index":"index","follow":"follow","max-snippet":"max-snippet:-1","max-image-preview":"max-image-preview:large","max-video-preview":"max-video-preview:-1"},"canonical":"https:\/\/jornalfatosenoticias.com.br\/index.php\/2020\/10\/23\/ser-ativo-faz-bem-para-a-saude-fisica-e-mental-do-idoso-aponta-estudo\/","og_locale":"pt_BR","og_type":"article","og_title":"Ser ativo faz bem para a sa\u00fade f\u00edsica e mental do idoso, aponta estudo - Jornal Fatos e Not\u00edcias","og_description":"N\u00e3o \u00e9 f\u00e1cil deixar o sedentarismo de lado e incluir a atividade f\u00edsica na rotina, principalmente para os idosos. Mas, de acordo com um estudo da American Cancer Society, pessoas na terceira idade que s\u00e3o mais ativas e passam menos tempo sentados possuem mais sa\u00fade, tanto f\u00edsica quanto mental.O estudo, que foi publicado no jornal [&hellip;]","og_url":"https:\/\/jornalfatosenoticias.com.br\/index.php\/2020\/10\/23\/ser-ativo-faz-bem-para-a-saude-fisica-e-mental-do-idoso-aponta-estudo\/","og_site_name":"Jornal Fatos e Not\u00edcias","article_published_time":"2020-10-23T13:46:51+00:00","article_modified_time":"2020-10-23T13:46:53+00:00","og_image":[{"width":1000,"height":562,"url":"https:\/\/jornalfatosenoticias.com.br\/wp-content\/uploads\/2020\/10\/casal-idoso-correndo-iStock.jpg","type":"image\/jpeg"}],"author":"Luzimara Fernandes","twitter_card":"summary_large_image","twitter_misc":{"Escrito por":"Luzimara Fernandes","Est. tempo de leitura":"1 minuto"},"schema":{"@context":"https:\/\/schema.org","@graph":[{"@type":"Article","@id":"https:\/\/jornalfatosenoticias.com.br\/index.php\/2020\/10\/23\/ser-ativo-faz-bem-para-a-saude-fisica-e-mental-do-idoso-aponta-estudo\/#article","isPartOf":{"@id":"https:\/\/jornalfatosenoticias.com.br\/index.php\/2020\/10\/23\/ser-ativo-faz-bem-para-a-saude-fisica-e-mental-do-idoso-aponta-estudo\/"},"author":{"name":"Luzimara Fernandes","@id":"https:\/\/jornalfatosenoticias.com.br\/#\/schema\/person\/d63837fa13ac8666eb9e74e0985d6f81"},"headline":"Ser ativo faz bem para a sa\u00fade f\u00edsica e mental do idoso, aponta estudo","datePublished":"2020-10-23T13:46:51+00:00","dateModified":"2020-10-23T13:46:53+00:00","mainEntityOfPage":{"@id":"https:\/\/jornalfatosenoticias.com.br\/index.php\/2020\/10\/23\/ser-ativo-faz-bem-para-a-saude-fisica-e-mental-do-idoso-aponta-estudo\/"},"wordCount":303,"commentCount":0,"publisher":{"@id":"https:\/\/jornalfatosenoticias.com.br\/#organization"},"image":{"@id":"https:\/\/jornalfatosenoticias.com.br\/index.php\/2020\/10\/23\/ser-ativo-faz-bem-para-a-saude-fisica-e-mental-do-idoso-aponta-estudo\/#primaryimage"},"thumbnailUrl":"https:\/\/jornalfatosenoticias.com.br\/wp-content\/uploads\/2020\/10\/casal-idoso-correndo-iStock.jpg","keywords":["c\u00e2ncer","preven\u00e7\u00e3o","sa\u00fade f\u00edsica","sa\u00fade mental","terceira idade"],"articleSection":["Bem-estar"],"inLanguage":"pt-BR","potentialAction":[{"@type":"CommentAction","name":"Comment","target":["https:\/\/jornalfatosenoticias.com.br\/index.php\/2020\/10\/23\/ser-ativo-faz-bem-para-a-saude-fisica-e-mental-do-idoso-aponta-estudo\/#respond"]}]},{"@type":"WebPage","@id":"https:\/\/jornalfatosenoticias.com.br\/index.php\/2020\/10\/23\/ser-ativo-faz-bem-para-a-saude-fisica-e-mental-do-idoso-aponta-estudo\/","url":"https:\/\/jornalfatosenoticias.com.br\/index.php\/2020\/10\/23\/ser-ativo-faz-bem-para-a-saude-fisica-e-mental-do-idoso-aponta-estudo\/","name":"Ser ativo faz bem para a sa\u00fade f\u00edsica e mental do idoso, aponta estudo - Jornal Fatos e Not\u00edcias","isPartOf":{"@id":"https:\/\/jornalfatosenoticias.com.br\/#website"},"primaryImageOfPage":{"@id":"https:\/\/jornalfatosenoticias.com.br\/index.php\/2020\/10\/23\/ser-ativo-faz-bem-para-a-saude-fisica-e-mental-do-idoso-aponta-estudo\/#primaryimage"},"image":{"@id":"https:\/\/jornalfatosenoticias.com.br\/index.php\/2020\/10\/23\/ser-ativo-faz-bem-para-a-saude-fisica-e-mental-do-idoso-aponta-estudo\/#primaryimage"},"thumbnailUrl":"https:\/\/jornalfatosenoticias.com.br\/wp-content\/uploads\/2020\/10\/casal-idoso-correndo-iStock.jpg","datePublished":"2020-10-23T13:46:51+00:00","dateModified":"2020-10-23T13:46:53+00:00","breadcrumb":{"@id":"https:\/\/jornalfatosenoticias.com.br\/index.php\/2020\/10\/23\/ser-ativo-faz-bem-para-a-saude-fisica-e-mental-do-idoso-aponta-estudo\/#breadcrumb"},"inLanguage":"pt-BR","potentialAction":[{"@type":"ReadAction","target":["https:\/\/jornalfatosenoticias.com.br\/index.php\/2020\/10\/23\/ser-ativo-faz-bem-para-a-saude-fisica-e-mental-do-idoso-aponta-estudo\/"]}]},{"@type":"ImageObject","inLanguage":"pt-BR","@id":"https:\/\/jornalfatosenoticias.com.br\/index.php\/2020\/10\/23\/ser-ativo-faz-bem-para-a-saude-fisica-e-mental-do-idoso-aponta-estudo\/#primaryimage","url":"https:\/\/jornalfatosenoticias.com.br\/wp-content\/uploads\/2020\/10\/casal-idoso-correndo-iStock.jpg","contentUrl":"https:\/\/jornalfatosenoticias.com.br\/wp-content\/uploads\/2020\/10\/casal-idoso-correndo-iStock.jpg","width":1000,"height":562},{"@type":"BreadcrumbList","@id":"https:\/\/jornalfatosenoticias.com.br\/index.php\/2020\/10\/23\/ser-ativo-faz-bem-para-a-saude-fisica-e-mental-do-idoso-aponta-estudo\/#breadcrumb","itemListElement":[{"@type":"ListItem","position":1,"name":"In\u00edcio","item":"https:\/\/jornalfatosenoticias.com.br\/"},{"@type":"ListItem","position":2,"name":"Ser ativo faz bem para a sa\u00fade f\u00edsica e mental do idoso, aponta estudo"}]},{"@type":"WebSite","@id":"https:\/\/jornalfatosenoticias.com.br\/#website","url":"https:\/\/jornalfatosenoticias.com.br\/","name":"Jornal Fatos e Not\u00edcias","description":"Not\u00edcias em geral","publisher":{"@id":"https:\/\/jornalfatosenoticias.com.br\/#organization"},"potentialAction":[{"@type":"SearchAction","target":{"@type":"EntryPoint","urlTemplate":"https:\/\/jornalfatosenoticias.com.br\/?s={search_term_string}"},"query-input":{"@type":"PropertyValueSpecification","valueRequired":true,"valueName":"search_term_string"}}],"inLanguage":"pt-BR"},{"@type":"Organization","@id":"https:\/\/jornalfatosenoticias.com.br\/#organization","name":"Jornal Fatos e Not\u00edcias","url":"https:\/\/jornalfatosenoticias.com.br\/","logo":{"@type":"ImageObject","inLanguage":"pt-BR","@id":"https:\/\/jornalfatosenoticias.com.br\/#\/schema\/logo\/image\/","url":"https:\/\/jornalfatosenoticias.com.br\/wp-content\/uploads\/2020\/02\/logo120.png","contentUrl":"https:\/\/jornalfatosenoticias.com.br\/wp-content\/uploads\/2020\/02\/logo120.png","width":1227,"height":120,"caption":"Jornal Fatos e Not\u00edcias"},"image":{"@id":"https:\/\/jornalfatosenoticias.com.br\/#\/schema\/logo\/image\/"}},{"@type":"Person","@id":"https:\/\/jornalfatosenoticias.com.br\/#\/schema\/person\/d63837fa13ac8666eb9e74e0985d6f81","name":"Luzimara Fernandes","image":{"@type":"ImageObject","inLanguage":"pt-BR","@id":"https:\/\/jornalfatosenoticias.com.br\/#\/schema\/person\/image\/","url":"https:\/\/jornalfatosenoticias.com.br\/wp-content\/uploads\/2025\/05\/EU_portal.jpg","contentUrl":"https:\/\/jornalfatosenoticias.com.br\/wp-content\/uploads\/2025\/05\/EU_portal.jpg","caption":"Luzimara Fernandes"},"description":"Jornalista MTB 2358-ES","sameAs":["https:\/\/jornalfatosenoticias.com.br"],"url":"https:\/\/jornalfatosenoticias.com.br\/index.php\/author\/luzimara\/"}]}},"cc_featured_image_caption":{"caption_text":"(Foto: iStock) ","source_text":"","source_url":""},"jetpack_featured_media_url":"https:\/\/jornalfatosenoticias.com.br\/wp-content\/uploads\/2020\/10\/casal-idoso-correndo-iStock.jpg","_links":{"self":[{"href":"https:\/\/jornalfatosenoticias.com.br\/index.php\/wp-json\/wp\/v2\/posts\/10313","targetHints":{"allow":["GET"]}}],"collection":[{"href":"https:\/\/jornalfatosenoticias.com.br\/index.php\/wp-json\/wp\/v2\/posts"}],"about":[{"href":"https:\/\/jornalfatosenoticias.com.br\/index.php\/wp-json\/wp\/v2\/types\/post"}],"author":[{"embeddable":true,"href":"https:\/\/jornalfatosenoticias.com.br\/index.php\/wp-json\/wp\/v2\/users\/2"}],"replies":[{"embeddable":true,"href":"https:\/\/jornalfatosenoticias.com.br\/index.php\/wp-json\/wp\/v2\/comments?post=10313"}],"version-history":[{"count":0,"href":"https:\/\/jornalfatosenoticias.com.br\/index.php\/wp-json\/wp\/v2\/posts\/10313\/revisions"}],"wp:featuredmedia":[{"embeddable":true,"href":"https:\/\/jornalfatosenoticias.com.br\/index.php\/wp-json\/wp\/v2\/media\/10314"}],"wp:attachment":[{"href":"https:\/\/jornalfatosenoticias.com.br\/index.php\/wp-json\/wp\/v2\/media?parent=10313"}],"wp:term":[{"taxonomy":"category","embeddable":true,"href":"https:\/\/jornalfatosenoticias.com.br\/index.php\/wp-json\/wp\/v2\/categories?post=10313"},{"taxonomy":"post_tag","embeddable":true,"href":"https:\/\/jornalfatosenoticias.com.br\/index.php\/wp-json\/wp\/v2\/tags?post=10313"}],"curies":[{"name":"wp","href":"https:\/\/api.w.org\/{rel}","templated":true}]}}