{"id":10323,"date":"2020-10-23T10:56:58","date_gmt":"2020-10-23T13:56:58","guid":{"rendered":"https:\/\/jornalfatosenoticias.com.br\/?p=10323"},"modified":"2020-10-23T10:57:03","modified_gmt":"2020-10-23T13:57:03","slug":"em-meio-a-ameacas-de-cortes-de-recursos-federais-se-destacam-no-enade","status":"publish","type":"post","link":"https:\/\/jornalfatosenoticias.com.br\/index.php\/2020\/10\/23\/em-meio-a-ameacas-de-cortes-de-recursos-federais-se-destacam-no-enade\/","title":{"rendered":"Em meio a amea\u00e7as de cortes de recursos, federais se destacam no Enade"},"content":{"rendered":"\n<h6 class=\"wp-block-heading\"><em>O MEC divulgou, nesta ter\u00e7a-feira (20), os resultados do Exame Nacional de Desempenho dos Estudantes 2019<\/em><\/h6>\n\n\n\n<p>O MEC divulgou, nesta ter\u00e7a-feira (20), os resultados do Exame Nacional de Desempenho dos Estudantes (Enade) 2019. Os n\u00fameros seguem a tend\u00eancia dos \u00faltimos anos: federais conseguiram mais notas m\u00e1ximas e os baixos resultados se concentram principalmente nas faculdades particulares. Em rela\u00e7\u00e3o \u00e0s modalidades de ensino, cursos presenciais saem na frente dos remotos.<br>Dos 8.368 cursos avaliados, 510 atingiram a pontua\u00e7\u00e3o 5, que \u00e9 a maior nota. Entre esses cursos com melhor desempenho, 67% s\u00e3o de universidades federais, enquanto as universidades privadas, com ou sem fins lucrativos, s\u00e3o 18%. As estaduais correspondem a 14,5%, e as municipais, 0,5%.<br>Considerando o n\u00famero de institui\u00e7\u00f5es com cursos avaliados em cada rede, a diferen\u00e7a no desempenho fica ainda mais evidente. Das 1.426 institui\u00e7\u00f5es federais, 23,9% receberam conceito 5. Na rede privada, das 6.360 universidades, apenas 1,4% obtiveram a avalia\u00e7\u00e3o m\u00e1xima.<br>Como mostra reportagem do G1, apesar dos resultados superiores das federais, que correspondem a quase 70% das notas m\u00e1ximas da avalia\u00e7\u00e3o, elas s\u00e3o alvos de corte do governo. O planejamento \u00e9 tirar R$ 994,6 milh\u00f5es do total de recursos destinados \u00e0s universidades e institutos federais de ensino.<br>Isso significa uma perda de 17,5% nas despesas discricion\u00e1rias, como o pagamento de \u00e1gua, luz, obras, e at\u00e9 programas de assist\u00eancia estudantil. O or\u00e7amento pode passar por altera\u00e7\u00f5es e ainda precisa ser aprovado no Congresso.<br>Em rela\u00e7\u00e3o \u00e0s modalidades de ensino, os cursos presenciais mostram desempenho superior: 27% deles alcan\u00e7aram notas maiores (entre 4 e 5) na avalia\u00e7\u00e3o. Nos cursos a dist\u00e2ncia o n\u00famero de pontua\u00e7\u00e3o m\u00e1xima \u00e9 de 16,7%. Al\u00e9m disso, 51,3% dos cursos de EAD tiveram os conceitos 1 e 2. Ou seja, mais da metade deles foram avaliados como insatisfat\u00f3rios.<br>O Exame Nacional de Desempenho dos Estudantes (Enade) \u00e9 uma avalia\u00e7\u00e3o aplicada pelo Inep aos alunos do \u00faltimo ano das faculdades para medir a qualidade dos cursos de gradua\u00e7\u00e3o, tanto na rede p\u00fablica como privada. Ele integra o Sistema Nacional de Avalia\u00e7\u00e3o da Educa\u00e7\u00e3o Superior (Sinaes).<br>A prova do Enade \u00e9 composto de 40 quest\u00f5es, sendo 10 de forma\u00e7\u00e3o geral, que cobram aspectos da forma\u00e7\u00e3o profissional. E as outras 30 s\u00e3o espec\u00edficas de acordo com o curso no qual o aluno est\u00e1 se formando.<\/p>\n\n\n\n<p><strong><em>Fonte: <a href=\"https:\/\/guiadoestudante.abril.com.br\/universidades\/em-meio-a-ameacas-de-cortes-de-recursos-federais-se-destacam-no-enade\/\">Guia do Estudante<\/a><\/em><\/strong><\/p>\n","protected":false},"excerpt":{"rendered":"<p>O MEC divulgou, nesta ter\u00e7a-feira (20), os resultados do Exame Nacional de Desempenho dos Estudantes 2019 O MEC divulgou, nesta ter\u00e7a-feira (20), os resultados do Exame Nacional de Desempenho dos Estudantes (Enade) 2019. Os n\u00fameros seguem a tend\u00eancia dos \u00faltimos anos: federais conseguiram mais notas m\u00e1ximas e os baixos resultados se concentram principalmente nas faculdades [&hellip;]<\/p>\n","protected":false},"author":2,"featured_media":10324,"comment_status":"open","ping_status":"open","sticky":false,"template":"","format":"standard","meta":{"footnotes":""},"categories":[7],"tags":[5531,854,5529,986,5530],"class_list":["post-10323","post","type-post","status-publish","format-standard","has-post-thumbnail","hentry","category-educacao","tag-cortes-2","tag-cursos","tag-enade","tag-governo","tag-universidades-federais"],"yoast_head":"<!-- This site is optimized with the Yoast SEO plugin v26.5 - https:\/\/yoast.com\/wordpress\/plugins\/seo\/ -->\n<title>Em meio a amea\u00e7as de cortes de recursos, federais se destacam no Enade - Jornal Fatos e Not\u00edcias<\/title>\n<meta name=\"robots\" content=\"index, follow, max-snippet:-1, max-image-preview:large, max-video-preview:-1\" \/>\n<link rel=\"canonical\" href=\"https:\/\/jornalfatosenoticias.com.br\/index.php\/2020\/10\/23\/em-meio-a-ameacas-de-cortes-de-recursos-federais-se-destacam-no-enade\/\" \/>\n<meta property=\"og:locale\" content=\"pt_BR\" \/>\n<meta property=\"og:type\" content=\"article\" \/>\n<meta property=\"og:title\" content=\"Em meio a amea\u00e7as de cortes de recursos, federais se destacam no Enade - Jornal Fatos e Not\u00edcias\" \/>\n<meta property=\"og:description\" content=\"O MEC divulgou, nesta ter\u00e7a-feira (20), os resultados do Exame Nacional de Desempenho dos Estudantes 2019 O MEC divulgou, nesta ter\u00e7a-feira (20), os resultados do Exame Nacional de Desempenho dos Estudantes (Enade) 2019. Os n\u00fameros seguem a tend\u00eancia dos \u00faltimos anos: federais conseguiram mais notas m\u00e1ximas e os baixos resultados se concentram principalmente nas faculdades [&hellip;]\" \/>\n<meta property=\"og:url\" content=\"https:\/\/jornalfatosenoticias.com.br\/index.php\/2020\/10\/23\/em-meio-a-ameacas-de-cortes-de-recursos-federais-se-destacam-no-enade\/\" \/>\n<meta property=\"og:site_name\" content=\"Jornal Fatos e Not\u00edcias\" \/>\n<meta property=\"article:published_time\" content=\"2020-10-23T13:56:58+00:00\" \/>\n<meta property=\"article:modified_time\" content=\"2020-10-23T13:57:03+00:00\" \/>\n<meta property=\"og:image\" content=\"https:\/\/jornalfatosenoticias.com.br\/wp-content\/uploads\/2020\/10\/UFMG.jpg\" \/>\n\t<meta property=\"og:image:width\" content=\"1000\" \/>\n\t<meta property=\"og:image:height\" content=\"568\" \/>\n\t<meta property=\"og:image:type\" content=\"image\/jpeg\" \/>\n<meta name=\"author\" content=\"Luzimara Fernandes\" \/>\n<meta name=\"twitter:card\" content=\"summary_large_image\" \/>\n<meta name=\"twitter:label1\" content=\"Escrito por\" \/>\n\t<meta name=\"twitter:data1\" content=\"Luzimara Fernandes\" \/>\n\t<meta name=\"twitter:label2\" content=\"Est. tempo de leitura\" \/>\n\t<meta name=\"twitter:data2\" content=\"2 minutos\" \/>\n<script type=\"application\/ld+json\" class=\"yoast-schema-graph\">{\"@context\":\"https:\/\/schema.org\",\"@graph\":[{\"@type\":\"Article\",\"@id\":\"https:\/\/jornalfatosenoticias.com.br\/index.php\/2020\/10\/23\/em-meio-a-ameacas-de-cortes-de-recursos-federais-se-destacam-no-enade\/#article\",\"isPartOf\":{\"@id\":\"https:\/\/jornalfatosenoticias.com.br\/index.php\/2020\/10\/23\/em-meio-a-ameacas-de-cortes-de-recursos-federais-se-destacam-no-enade\/\"},\"author\":{\"name\":\"Luzimara Fernandes\",\"@id\":\"https:\/\/jornalfatosenoticias.com.br\/#\/schema\/person\/d63837fa13ac8666eb9e74e0985d6f81\"},\"headline\":\"Em meio a amea\u00e7as de cortes de recursos, federais se destacam no Enade\",\"datePublished\":\"2020-10-23T13:56:58+00:00\",\"dateModified\":\"2020-10-23T13:57:03+00:00\",\"mainEntityOfPage\":{\"@id\":\"https:\/\/jornalfatosenoticias.com.br\/index.php\/2020\/10\/23\/em-meio-a-ameacas-de-cortes-de-recursos-federais-se-destacam-no-enade\/\"},\"wordCount\":403,\"commentCount\":0,\"publisher\":{\"@id\":\"https:\/\/jornalfatosenoticias.com.br\/#organization\"},\"image\":{\"@id\":\"https:\/\/jornalfatosenoticias.com.br\/index.php\/2020\/10\/23\/em-meio-a-ameacas-de-cortes-de-recursos-federais-se-destacam-no-enade\/#primaryimage\"},\"thumbnailUrl\":\"https:\/\/jornalfatosenoticias.com.br\/wp-content\/uploads\/2020\/10\/UFMG.jpg\",\"keywords\":[\"cortes\",\"cursos\",\"Enade\",\"governo\",\"universidades federais\"],\"articleSection\":[\"Educa\u00e7\u00e3o\"],\"inLanguage\":\"pt-BR\",\"potentialAction\":[{\"@type\":\"CommentAction\",\"name\":\"Comment\",\"target\":[\"https:\/\/jornalfatosenoticias.com.br\/index.php\/2020\/10\/23\/em-meio-a-ameacas-de-cortes-de-recursos-federais-se-destacam-no-enade\/#respond\"]}]},{\"@type\":\"WebPage\",\"@id\":\"https:\/\/jornalfatosenoticias.com.br\/index.php\/2020\/10\/23\/em-meio-a-ameacas-de-cortes-de-recursos-federais-se-destacam-no-enade\/\",\"url\":\"https:\/\/jornalfatosenoticias.com.br\/index.php\/2020\/10\/23\/em-meio-a-ameacas-de-cortes-de-recursos-federais-se-destacam-no-enade\/\",\"name\":\"Em meio a amea\u00e7as de cortes de recursos, federais se destacam no Enade - Jornal Fatos e Not\u00edcias\",\"isPartOf\":{\"@id\":\"https:\/\/jornalfatosenoticias.com.br\/#website\"},\"primaryImageOfPage\":{\"@id\":\"https:\/\/jornalfatosenoticias.com.br\/index.php\/2020\/10\/23\/em-meio-a-ameacas-de-cortes-de-recursos-federais-se-destacam-no-enade\/#primaryimage\"},\"image\":{\"@id\":\"https:\/\/jornalfatosenoticias.com.br\/index.php\/2020\/10\/23\/em-meio-a-ameacas-de-cortes-de-recursos-federais-se-destacam-no-enade\/#primaryimage\"},\"thumbnailUrl\":\"https:\/\/jornalfatosenoticias.com.br\/wp-content\/uploads\/2020\/10\/UFMG.jpg\",\"datePublished\":\"2020-10-23T13:56:58+00:00\",\"dateModified\":\"2020-10-23T13:57:03+00:00\",\"breadcrumb\":{\"@id\":\"https:\/\/jornalfatosenoticias.com.br\/index.php\/2020\/10\/23\/em-meio-a-ameacas-de-cortes-de-recursos-federais-se-destacam-no-enade\/#breadcrumb\"},\"inLanguage\":\"pt-BR\",\"potentialAction\":[{\"@type\":\"ReadAction\",\"target\":[\"https:\/\/jornalfatosenoticias.com.br\/index.php\/2020\/10\/23\/em-meio-a-ameacas-de-cortes-de-recursos-federais-se-destacam-no-enade\/\"]}]},{\"@type\":\"ImageObject\",\"inLanguage\":\"pt-BR\",\"@id\":\"https:\/\/jornalfatosenoticias.com.br\/index.php\/2020\/10\/23\/em-meio-a-ameacas-de-cortes-de-recursos-federais-se-destacam-no-enade\/#primaryimage\",\"url\":\"https:\/\/jornalfatosenoticias.com.br\/wp-content\/uploads\/2020\/10\/UFMG.jpg\",\"contentUrl\":\"https:\/\/jornalfatosenoticias.com.br\/wp-content\/uploads\/2020\/10\/UFMG.jpg\",\"width\":1000,\"height\":568},{\"@type\":\"BreadcrumbList\",\"@id\":\"https:\/\/jornalfatosenoticias.com.br\/index.php\/2020\/10\/23\/em-meio-a-ameacas-de-cortes-de-recursos-federais-se-destacam-no-enade\/#breadcrumb\",\"itemListElement\":[{\"@type\":\"ListItem\",\"position\":1,\"name\":\"In\u00edcio\",\"item\":\"https:\/\/jornalfatosenoticias.com.br\/\"},{\"@type\":\"ListItem\",\"position\":2,\"name\":\"Em meio a amea\u00e7as de cortes de recursos, federais se destacam no Enade\"}]},{\"@type\":\"WebSite\",\"@id\":\"https:\/\/jornalfatosenoticias.com.br\/#website\",\"url\":\"https:\/\/jornalfatosenoticias.com.br\/\",\"name\":\"Jornal Fatos e Not\u00edcias\",\"description\":\"Not\u00edcias em geral\",\"publisher\":{\"@id\":\"https:\/\/jornalfatosenoticias.com.br\/#organization\"},\"potentialAction\":[{\"@type\":\"SearchAction\",\"target\":{\"@type\":\"EntryPoint\",\"urlTemplate\":\"https:\/\/jornalfatosenoticias.com.br\/?s={search_term_string}\"},\"query-input\":{\"@type\":\"PropertyValueSpecification\",\"valueRequired\":true,\"valueName\":\"search_term_string\"}}],\"inLanguage\":\"pt-BR\"},{\"@type\":\"Organization\",\"@id\":\"https:\/\/jornalfatosenoticias.com.br\/#organization\",\"name\":\"Jornal Fatos e Not\u00edcias\",\"url\":\"https:\/\/jornalfatosenoticias.com.br\/\",\"logo\":{\"@type\":\"ImageObject\",\"inLanguage\":\"pt-BR\",\"@id\":\"https:\/\/jornalfatosenoticias.com.br\/#\/schema\/logo\/image\/\",\"url\":\"https:\/\/jornalfatosenoticias.com.br\/wp-content\/uploads\/2020\/02\/logo120.png\",\"contentUrl\":\"https:\/\/jornalfatosenoticias.com.br\/wp-content\/uploads\/2020\/02\/logo120.png\",\"width\":1227,\"height\":120,\"caption\":\"Jornal Fatos e Not\u00edcias\"},\"image\":{\"@id\":\"https:\/\/jornalfatosenoticias.com.br\/#\/schema\/logo\/image\/\"}},{\"@type\":\"Person\",\"@id\":\"https:\/\/jornalfatosenoticias.com.br\/#\/schema\/person\/d63837fa13ac8666eb9e74e0985d6f81\",\"name\":\"Luzimara Fernandes\",\"image\":{\"@type\":\"ImageObject\",\"inLanguage\":\"pt-BR\",\"@id\":\"https:\/\/jornalfatosenoticias.com.br\/#\/schema\/person\/image\/\",\"url\":\"https:\/\/jornalfatosenoticias.com.br\/wp-content\/uploads\/2025\/05\/EU_portal.jpg\",\"contentUrl\":\"https:\/\/jornalfatosenoticias.com.br\/wp-content\/uploads\/2025\/05\/EU_portal.jpg\",\"caption\":\"Luzimara Fernandes\"},\"description\":\"Jornalista MTB 2358-ES\",\"sameAs\":[\"https:\/\/jornalfatosenoticias.com.br\"],\"url\":\"https:\/\/jornalfatosenoticias.com.br\/index.php\/author\/luzimara\/\"}]}<\/script>\n<!-- \/ Yoast SEO plugin. -->","yoast_head_json":{"title":"Em meio a amea\u00e7as de cortes de recursos, federais se destacam no Enade - Jornal Fatos e Not\u00edcias","robots":{"index":"index","follow":"follow","max-snippet":"max-snippet:-1","max-image-preview":"max-image-preview:large","max-video-preview":"max-video-preview:-1"},"canonical":"https:\/\/jornalfatosenoticias.com.br\/index.php\/2020\/10\/23\/em-meio-a-ameacas-de-cortes-de-recursos-federais-se-destacam-no-enade\/","og_locale":"pt_BR","og_type":"article","og_title":"Em meio a amea\u00e7as de cortes de recursos, federais se destacam no Enade - Jornal Fatos e Not\u00edcias","og_description":"O MEC divulgou, nesta ter\u00e7a-feira (20), os resultados do Exame Nacional de Desempenho dos Estudantes 2019 O MEC divulgou, nesta ter\u00e7a-feira (20), os resultados do Exame Nacional de Desempenho dos Estudantes (Enade) 2019. Os n\u00fameros seguem a tend\u00eancia dos \u00faltimos anos: federais conseguiram mais notas m\u00e1ximas e os baixos resultados se concentram principalmente nas faculdades [&hellip;]","og_url":"https:\/\/jornalfatosenoticias.com.br\/index.php\/2020\/10\/23\/em-meio-a-ameacas-de-cortes-de-recursos-federais-se-destacam-no-enade\/","og_site_name":"Jornal Fatos e Not\u00edcias","article_published_time":"2020-10-23T13:56:58+00:00","article_modified_time":"2020-10-23T13:57:03+00:00","og_image":[{"width":1000,"height":568,"url":"https:\/\/jornalfatosenoticias.com.br\/wp-content\/uploads\/2020\/10\/UFMG.jpg","type":"image\/jpeg"}],"author":"Luzimara Fernandes","twitter_card":"summary_large_image","twitter_misc":{"Escrito por":"Luzimara Fernandes","Est. tempo de leitura":"2 minutos"},"schema":{"@context":"https:\/\/schema.org","@graph":[{"@type":"Article","@id":"https:\/\/jornalfatosenoticias.com.br\/index.php\/2020\/10\/23\/em-meio-a-ameacas-de-cortes-de-recursos-federais-se-destacam-no-enade\/#article","isPartOf":{"@id":"https:\/\/jornalfatosenoticias.com.br\/index.php\/2020\/10\/23\/em-meio-a-ameacas-de-cortes-de-recursos-federais-se-destacam-no-enade\/"},"author":{"name":"Luzimara Fernandes","@id":"https:\/\/jornalfatosenoticias.com.br\/#\/schema\/person\/d63837fa13ac8666eb9e74e0985d6f81"},"headline":"Em meio a amea\u00e7as de cortes de recursos, federais se destacam no Enade","datePublished":"2020-10-23T13:56:58+00:00","dateModified":"2020-10-23T13:57:03+00:00","mainEntityOfPage":{"@id":"https:\/\/jornalfatosenoticias.com.br\/index.php\/2020\/10\/23\/em-meio-a-ameacas-de-cortes-de-recursos-federais-se-destacam-no-enade\/"},"wordCount":403,"commentCount":0,"publisher":{"@id":"https:\/\/jornalfatosenoticias.com.br\/#organization"},"image":{"@id":"https:\/\/jornalfatosenoticias.com.br\/index.php\/2020\/10\/23\/em-meio-a-ameacas-de-cortes-de-recursos-federais-se-destacam-no-enade\/#primaryimage"},"thumbnailUrl":"https:\/\/jornalfatosenoticias.com.br\/wp-content\/uploads\/2020\/10\/UFMG.jpg","keywords":["cortes","cursos","Enade","governo","universidades federais"],"articleSection":["Educa\u00e7\u00e3o"],"inLanguage":"pt-BR","potentialAction":[{"@type":"CommentAction","name":"Comment","target":["https:\/\/jornalfatosenoticias.com.br\/index.php\/2020\/10\/23\/em-meio-a-ameacas-de-cortes-de-recursos-federais-se-destacam-no-enade\/#respond"]}]},{"@type":"WebPage","@id":"https:\/\/jornalfatosenoticias.com.br\/index.php\/2020\/10\/23\/em-meio-a-ameacas-de-cortes-de-recursos-federais-se-destacam-no-enade\/","url":"https:\/\/jornalfatosenoticias.com.br\/index.php\/2020\/10\/23\/em-meio-a-ameacas-de-cortes-de-recursos-federais-se-destacam-no-enade\/","name":"Em meio a amea\u00e7as de cortes de recursos, federais se destacam no Enade - Jornal Fatos e Not\u00edcias","isPartOf":{"@id":"https:\/\/jornalfatosenoticias.com.br\/#website"},"primaryImageOfPage":{"@id":"https:\/\/jornalfatosenoticias.com.br\/index.php\/2020\/10\/23\/em-meio-a-ameacas-de-cortes-de-recursos-federais-se-destacam-no-enade\/#primaryimage"},"image":{"@id":"https:\/\/jornalfatosenoticias.com.br\/index.php\/2020\/10\/23\/em-meio-a-ameacas-de-cortes-de-recursos-federais-se-destacam-no-enade\/#primaryimage"},"thumbnailUrl":"https:\/\/jornalfatosenoticias.com.br\/wp-content\/uploads\/2020\/10\/UFMG.jpg","datePublished":"2020-10-23T13:56:58+00:00","dateModified":"2020-10-23T13:57:03+00:00","breadcrumb":{"@id":"https:\/\/jornalfatosenoticias.com.br\/index.php\/2020\/10\/23\/em-meio-a-ameacas-de-cortes-de-recursos-federais-se-destacam-no-enade\/#breadcrumb"},"inLanguage":"pt-BR","potentialAction":[{"@type":"ReadAction","target":["https:\/\/jornalfatosenoticias.com.br\/index.php\/2020\/10\/23\/em-meio-a-ameacas-de-cortes-de-recursos-federais-se-destacam-no-enade\/"]}]},{"@type":"ImageObject","inLanguage":"pt-BR","@id":"https:\/\/jornalfatosenoticias.com.br\/index.php\/2020\/10\/23\/em-meio-a-ameacas-de-cortes-de-recursos-federais-se-destacam-no-enade\/#primaryimage","url":"https:\/\/jornalfatosenoticias.com.br\/wp-content\/uploads\/2020\/10\/UFMG.jpg","contentUrl":"https:\/\/jornalfatosenoticias.com.br\/wp-content\/uploads\/2020\/10\/UFMG.jpg","width":1000,"height":568},{"@type":"BreadcrumbList","@id":"https:\/\/jornalfatosenoticias.com.br\/index.php\/2020\/10\/23\/em-meio-a-ameacas-de-cortes-de-recursos-federais-se-destacam-no-enade\/#breadcrumb","itemListElement":[{"@type":"ListItem","position":1,"name":"In\u00edcio","item":"https:\/\/jornalfatosenoticias.com.br\/"},{"@type":"ListItem","position":2,"name":"Em meio a amea\u00e7as de cortes de recursos, federais se destacam no Enade"}]},{"@type":"WebSite","@id":"https:\/\/jornalfatosenoticias.com.br\/#website","url":"https:\/\/jornalfatosenoticias.com.br\/","name":"Jornal Fatos e Not\u00edcias","description":"Not\u00edcias em geral","publisher":{"@id":"https:\/\/jornalfatosenoticias.com.br\/#organization"},"potentialAction":[{"@type":"SearchAction","target":{"@type":"EntryPoint","urlTemplate":"https:\/\/jornalfatosenoticias.com.br\/?s={search_term_string}"},"query-input":{"@type":"PropertyValueSpecification","valueRequired":true,"valueName":"search_term_string"}}],"inLanguage":"pt-BR"},{"@type":"Organization","@id":"https:\/\/jornalfatosenoticias.com.br\/#organization","name":"Jornal Fatos e Not\u00edcias","url":"https:\/\/jornalfatosenoticias.com.br\/","logo":{"@type":"ImageObject","inLanguage":"pt-BR","@id":"https:\/\/jornalfatosenoticias.com.br\/#\/schema\/logo\/image\/","url":"https:\/\/jornalfatosenoticias.com.br\/wp-content\/uploads\/2020\/02\/logo120.png","contentUrl":"https:\/\/jornalfatosenoticias.com.br\/wp-content\/uploads\/2020\/02\/logo120.png","width":1227,"height":120,"caption":"Jornal Fatos e Not\u00edcias"},"image":{"@id":"https:\/\/jornalfatosenoticias.com.br\/#\/schema\/logo\/image\/"}},{"@type":"Person","@id":"https:\/\/jornalfatosenoticias.com.br\/#\/schema\/person\/d63837fa13ac8666eb9e74e0985d6f81","name":"Luzimara Fernandes","image":{"@type":"ImageObject","inLanguage":"pt-BR","@id":"https:\/\/jornalfatosenoticias.com.br\/#\/schema\/person\/image\/","url":"https:\/\/jornalfatosenoticias.com.br\/wp-content\/uploads\/2025\/05\/EU_portal.jpg","contentUrl":"https:\/\/jornalfatosenoticias.com.br\/wp-content\/uploads\/2025\/05\/EU_portal.jpg","caption":"Luzimara Fernandes"},"description":"Jornalista MTB 2358-ES","sameAs":["https:\/\/jornalfatosenoticias.com.br"],"url":"https:\/\/jornalfatosenoticias.com.br\/index.php\/author\/luzimara\/"}]}},"cc_featured_image_caption":{"caption_text":"(Foto: Foca Lisboa\/UFMG) ","source_text":"","source_url":""},"jetpack_featured_media_url":"https:\/\/jornalfatosenoticias.com.br\/wp-content\/uploads\/2020\/10\/UFMG.jpg","_links":{"self":[{"href":"https:\/\/jornalfatosenoticias.com.br\/index.php\/wp-json\/wp\/v2\/posts\/10323","targetHints":{"allow":["GET"]}}],"collection":[{"href":"https:\/\/jornalfatosenoticias.com.br\/index.php\/wp-json\/wp\/v2\/posts"}],"about":[{"href":"https:\/\/jornalfatosenoticias.com.br\/index.php\/wp-json\/wp\/v2\/types\/post"}],"author":[{"embeddable":true,"href":"https:\/\/jornalfatosenoticias.com.br\/index.php\/wp-json\/wp\/v2\/users\/2"}],"replies":[{"embeddable":true,"href":"https:\/\/jornalfatosenoticias.com.br\/index.php\/wp-json\/wp\/v2\/comments?post=10323"}],"version-history":[{"count":0,"href":"https:\/\/jornalfatosenoticias.com.br\/index.php\/wp-json\/wp\/v2\/posts\/10323\/revisions"}],"wp:featuredmedia":[{"embeddable":true,"href":"https:\/\/jornalfatosenoticias.com.br\/index.php\/wp-json\/wp\/v2\/media\/10324"}],"wp:attachment":[{"href":"https:\/\/jornalfatosenoticias.com.br\/index.php\/wp-json\/wp\/v2\/media?parent=10323"}],"wp:term":[{"taxonomy":"category","embeddable":true,"href":"https:\/\/jornalfatosenoticias.com.br\/index.php\/wp-json\/wp\/v2\/categories?post=10323"},{"taxonomy":"post_tag","embeddable":true,"href":"https:\/\/jornalfatosenoticias.com.br\/index.php\/wp-json\/wp\/v2\/tags?post=10323"}],"curies":[{"name":"wp","href":"https:\/\/api.w.org\/{rel}","templated":true}]}}