{"id":10333,"date":"2020-10-23T14:41:16","date_gmt":"2020-10-23T17:41:16","guid":{"rendered":"https:\/\/jornalfatosenoticias.com.br\/?p=10333"},"modified":"2020-10-23T14:41:21","modified_gmt":"2020-10-23T17:41:21","slug":"semaforos-conectados-podem-diminuir-o-consumo-de-combustivel-em-20","status":"publish","type":"post","link":"https:\/\/jornalfatosenoticias.com.br\/index.php\/2020\/10\/23\/semaforos-conectados-podem-diminuir-o-consumo-de-combustivel-em-20\/","title":{"rendered":"Sem\u00e1foros conectados podem diminuir o consumo de combust\u00edvel em 20%"},"content":{"rendered":"\n<h6 class=\"wp-block-heading\"><em>Projeto desenvolvido nos EUA quer usar avan\u00e7ados recursos tecnol\u00f3gicos para gerenciar e otimizar o fluxo de tr\u00e1fego urbano<\/em><\/h6>\n\n\n\n<p>Um projeto que combina Intelig\u00eancia Artificial, sensores nas ruas e objetos conectados para otimizar o funcionamento de sem\u00e1foros de tr\u00e2nsito promete reduzir o consumo de combust\u00edvel dos carros em at\u00e9 20%. A ideia recebeu US$ 1,89 milh\u00e3o em investimentos do Departamento de Energia dos EUA para criar um novo modelo de interse\u00e7\u00f5es de tr\u00e1fego que possa ser replicado em todo pa\u00eds.<br>A pesquisa est\u00e1 sendo conduzida pela Universidade do Tennessee-Chattanooga (UTC), em parceria com a Universidade de Pittsburgh, o Georgia Institute of Technology, o Oak Ridge National Laboratory e a prefeitura de Chattanooga. A cidade j\u00e1 possui uma avenida inteligente administrada pelo Centro de Inform\u00e1tica Urbana e Progresso (CUIP) da UTC, que ser\u00e1 usado como base para os experimentos.<br>&#8220;Este projeto \u00e9 uma grande oportunidade&#8221;, afirma a diretora do CUIP, Mina Sartipi. &#8220;Este trabalho ir\u00e1 contribuir para o corpo existente da literatura e abrir caminho para pesquisas futuras. Nossa infraestrutura existente ser\u00e1 a pedra angular deste trabalho, pois nos d\u00e1 um precedente para a pesquisa aplicada com nuances do mundo real&#8221;.<br>O setor de transporte dos EUA foi respons\u00e1vel por mais de 69% do consumo de combust\u00edvel e mais de 37% das emiss\u00f5es de CO2 do pa\u00eds. Uma pesquisa feita em 2012 pelo Departamento de Tr\u00e2nsito revelou que sem\u00e1foros ineficientes contribuem para um atraso de tr\u00e1fego anual de 295 milh\u00f5es de horas para os ve\u00edculos.<br>A ideia do projeto \u00e9 usar avan\u00e7ados recursos tecnol\u00f3gicos para gerenciar e otimizar o fluxo de tr\u00e1fego urbano. Para os pesquisadores, sistemas de controle de tr\u00e1fego adapt\u00e1veis utilizados atualmente para melhorar a mobilidade n\u00e3o foram projetados para lidar tamb\u00e9m com o consumo de combust\u00edvel e as emiss\u00f5es.<\/p>\n\n\n\n<figure class=\"wp-block-image size-large\"><img loading=\"lazy\" decoding=\"async\" width=\"1000\" height=\"547\" src=\"https:\/\/jornalfatosenoticias.com.br\/wp-content\/uploads\/2020\/10\/semaforo2.jpg\" alt=\"\" class=\"wp-image-10334\" srcset=\"https:\/\/jornalfatosenoticias.com.br\/wp-content\/uploads\/2020\/10\/semaforo2.jpg 1000w, https:\/\/jornalfatosenoticias.com.br\/wp-content\/uploads\/2020\/10\/semaforo2-300x164.jpg 300w, https:\/\/jornalfatosenoticias.com.br\/wp-content\/uploads\/2020\/10\/semaforo2-768x420.jpg 768w\" sizes=\"auto, (max-width: 1000px) 100vw, 1000px\" \/><figcaption><em>Projeto utilizar\u00e1 a avenida conectada MLK Smart Corridor de Chattanooga (Foto: UTC\/Divulga\u00e7\u00e3o)<\/em><\/figcaption><\/figure>\n\n\n\n<p>&#8220;Nossos ve\u00edculos e telefones se combinaram para tornar a dire\u00e7\u00e3o mais segura, enquanto sistemas inteligentes diminu\u00edram o congestionamento em algumas cidades. O pr\u00f3ximo passo em sua evolu\u00e7\u00e3o \u00e9 a fus\u00e3o desses sistemas por meio de IA&#8221;, afirma o diretor do Laborat\u00f3rio de Sistemas de Transporte Inteligente de Pittsburgh, Aleksandar Stevanovic.<br>Essa integra\u00e7\u00e3o, de acordo com os pesquisadores, permitir\u00e1 melhorias adicionais na infraestrutura, incluindo a antecipa\u00e7\u00e3o de percursos para ve\u00edculos de emerg\u00eancia, prioridade de sinal de tr\u00e2nsito e seguran\u00e7a de pedestres. &#8220;Este projeto \u00e9 sobre conectividade. Como podemos usar a infraestrutura e os ve\u00edculos conectados para melhorar os sistemas de controle de tr\u00e1fego adaptativo&#8221;, completa Sartipi.<br>A avenida inteligente de Chattanooga, que possui dois quil\u00f4metros de comprimento, \u00e9 equipada com uma rede de sensores em combina\u00e7\u00e3o com a an\u00e1lise de dados para fornecer um meio de monitorar e controlar os recursos e a infraestrutura em tempo real. Como base de testes, o corredor oferece suporte a uma ampla variedade de fontes de dados, recursos de computa\u00e7\u00e3o e tecnologias de comunica\u00e7\u00e3o.<br>&#8220;Escolhemos uma \u00e1rea muito movimentada e incorporamos diversos modais, como caminhada, bicicleta e transporte p\u00fablico. Uma de nossas rotas de \u00f4nibus mais movimentadas passa por l\u00e1 e h\u00e1 esta\u00e7\u00f5es de carregamento de carros el\u00e9tricos tamb\u00e9m. \u00c9 uma esp\u00e9cie de amostra de tudo o que est\u00e1 acontecendo na cidade&#8221;, conta Sartipi.<\/p>\n\n\n\n<p><strong><em>Fonte: <a href=\"https:\/\/olhardigital.com.br\/carros-e-tecnologia\/noticia\/semaforos-conectados-podem-diminuir-o-consumo-de-combustivel-em-20\/108745#:~:text=Um%20projeto%20que%20combina%20Intelig%C3%AAncia,dos%20carros%20em%20at%C3%A9%2020%25.&amp;text=A%20ideia%20do%20projeto%20%C3%A9,o%20fluxo%20de%20tr%C3%A1fego%20urbano.\">Olhar Digital<\/a><\/em><\/strong><\/p>\n","protected":false},"excerpt":{"rendered":"<p>Projeto desenvolvido nos EUA quer usar avan\u00e7ados recursos tecnol\u00f3gicos para gerenciar e otimizar o fluxo de tr\u00e1fego urbano Um projeto que combina Intelig\u00eancia Artificial, sensores nas ruas e objetos conectados para otimizar o funcionamento de sem\u00e1foros de tr\u00e2nsito promete reduzir o consumo de combust\u00edvel dos carros em at\u00e9 20%. A ideia recebeu US$ 1,89 milh\u00e3o [&hellip;]<\/p>\n","protected":false},"author":2,"featured_media":10335,"comment_status":"open","ping_status":"open","sticky":false,"template":"","format":"standard","meta":{"footnotes":""},"categories":[3],"tags":[5534,4937,53,803,956],"class_list":["post-10333","post","type-post","status-publish","format-standard","has-post-thumbnail","hentry","category-tecnologia","tag-carros-conectados","tag-cidades-inteligentes","tag-inteligencia-artificial","tag-mobilidade","tag-transito"],"yoast_head":"<!-- This site is optimized with the Yoast SEO plugin v26.5 - https:\/\/yoast.com\/wordpress\/plugins\/seo\/ -->\n<title>Sem\u00e1foros conectados podem diminuir o consumo de combust\u00edvel em 20% - Jornal Fatos e Not\u00edcias<\/title>\n<meta name=\"robots\" content=\"index, follow, max-snippet:-1, max-image-preview:large, max-video-preview:-1\" \/>\n<link rel=\"canonical\" href=\"https:\/\/jornalfatosenoticias.com.br\/index.php\/2020\/10\/23\/semaforos-conectados-podem-diminuir-o-consumo-de-combustivel-em-20\/\" \/>\n<meta property=\"og:locale\" content=\"pt_BR\" \/>\n<meta property=\"og:type\" content=\"article\" \/>\n<meta property=\"og:title\" content=\"Sem\u00e1foros conectados podem diminuir o consumo de combust\u00edvel em 20% - Jornal Fatos e Not\u00edcias\" \/>\n<meta property=\"og:description\" content=\"Projeto desenvolvido nos EUA quer usar avan\u00e7ados recursos tecnol\u00f3gicos para gerenciar e otimizar o fluxo de tr\u00e1fego urbano Um projeto que combina Intelig\u00eancia Artificial, sensores nas ruas e objetos conectados para otimizar o funcionamento de sem\u00e1foros de tr\u00e2nsito promete reduzir o consumo de combust\u00edvel dos carros em at\u00e9 20%. A ideia recebeu US$ 1,89 milh\u00e3o [&hellip;]\" \/>\n<meta property=\"og:url\" content=\"https:\/\/jornalfatosenoticias.com.br\/index.php\/2020\/10\/23\/semaforos-conectados-podem-diminuir-o-consumo-de-combustivel-em-20\/\" \/>\n<meta property=\"og:site_name\" content=\"Jornal Fatos e Not\u00edcias\" \/>\n<meta property=\"article:published_time\" content=\"2020-10-23T17:41:16+00:00\" \/>\n<meta property=\"article:modified_time\" content=\"2020-10-23T17:41:21+00:00\" \/>\n<meta property=\"og:image\" content=\"https:\/\/jornalfatosenoticias.com.br\/wp-content\/uploads\/2020\/10\/semaforo.jpg\" \/>\n\t<meta property=\"og:image:width\" content=\"1000\" \/>\n\t<meta property=\"og:image:height\" content=\"561\" \/>\n\t<meta property=\"og:image:type\" content=\"image\/jpeg\" \/>\n<meta name=\"author\" content=\"Luzimara Fernandes\" \/>\n<meta name=\"twitter:card\" content=\"summary_large_image\" \/>\n<meta name=\"twitter:label1\" content=\"Escrito por\" \/>\n\t<meta name=\"twitter:data1\" content=\"Luzimara Fernandes\" \/>\n\t<meta name=\"twitter:label2\" content=\"Est. tempo de leitura\" \/>\n\t<meta name=\"twitter:data2\" content=\"3 minutos\" \/>\n<script type=\"application\/ld+json\" class=\"yoast-schema-graph\">{\"@context\":\"https:\/\/schema.org\",\"@graph\":[{\"@type\":\"Article\",\"@id\":\"https:\/\/jornalfatosenoticias.com.br\/index.php\/2020\/10\/23\/semaforos-conectados-podem-diminuir-o-consumo-de-combustivel-em-20\/#article\",\"isPartOf\":{\"@id\":\"https:\/\/jornalfatosenoticias.com.br\/index.php\/2020\/10\/23\/semaforos-conectados-podem-diminuir-o-consumo-de-combustivel-em-20\/\"},\"author\":{\"name\":\"Luzimara Fernandes\",\"@id\":\"https:\/\/jornalfatosenoticias.com.br\/#\/schema\/person\/d63837fa13ac8666eb9e74e0985d6f81\"},\"headline\":\"Sem\u00e1foros conectados podem diminuir o consumo de combust\u00edvel em 20%\",\"datePublished\":\"2020-10-23T17:41:16+00:00\",\"dateModified\":\"2020-10-23T17:41:21+00:00\",\"mainEntityOfPage\":{\"@id\":\"https:\/\/jornalfatosenoticias.com.br\/index.php\/2020\/10\/23\/semaforos-conectados-podem-diminuir-o-consumo-de-combustivel-em-20\/\"},\"wordCount\":580,\"commentCount\":0,\"publisher\":{\"@id\":\"https:\/\/jornalfatosenoticias.com.br\/#organization\"},\"image\":{\"@id\":\"https:\/\/jornalfatosenoticias.com.br\/index.php\/2020\/10\/23\/semaforos-conectados-podem-diminuir-o-consumo-de-combustivel-em-20\/#primaryimage\"},\"thumbnailUrl\":\"https:\/\/jornalfatosenoticias.com.br\/wp-content\/uploads\/2020\/10\/semaforo.jpg\",\"keywords\":[\"carros conectados\",\"cidades inteligentes\",\"intelig\u00eancia artificial\",\"mobilidade\",\"tr\u00e2nsito\"],\"articleSection\":[\"Tecnologia &amp; Inova\u00e7\u00e3o\"],\"inLanguage\":\"pt-BR\",\"potentialAction\":[{\"@type\":\"CommentAction\",\"name\":\"Comment\",\"target\":[\"https:\/\/jornalfatosenoticias.com.br\/index.php\/2020\/10\/23\/semaforos-conectados-podem-diminuir-o-consumo-de-combustivel-em-20\/#respond\"]}]},{\"@type\":\"WebPage\",\"@id\":\"https:\/\/jornalfatosenoticias.com.br\/index.php\/2020\/10\/23\/semaforos-conectados-podem-diminuir-o-consumo-de-combustivel-em-20\/\",\"url\":\"https:\/\/jornalfatosenoticias.com.br\/index.php\/2020\/10\/23\/semaforos-conectados-podem-diminuir-o-consumo-de-combustivel-em-20\/\",\"name\":\"Sem\u00e1foros conectados podem diminuir o consumo de combust\u00edvel em 20% - Jornal Fatos e Not\u00edcias\",\"isPartOf\":{\"@id\":\"https:\/\/jornalfatosenoticias.com.br\/#website\"},\"primaryImageOfPage\":{\"@id\":\"https:\/\/jornalfatosenoticias.com.br\/index.php\/2020\/10\/23\/semaforos-conectados-podem-diminuir-o-consumo-de-combustivel-em-20\/#primaryimage\"},\"image\":{\"@id\":\"https:\/\/jornalfatosenoticias.com.br\/index.php\/2020\/10\/23\/semaforos-conectados-podem-diminuir-o-consumo-de-combustivel-em-20\/#primaryimage\"},\"thumbnailUrl\":\"https:\/\/jornalfatosenoticias.com.br\/wp-content\/uploads\/2020\/10\/semaforo.jpg\",\"datePublished\":\"2020-10-23T17:41:16+00:00\",\"dateModified\":\"2020-10-23T17:41:21+00:00\",\"breadcrumb\":{\"@id\":\"https:\/\/jornalfatosenoticias.com.br\/index.php\/2020\/10\/23\/semaforos-conectados-podem-diminuir-o-consumo-de-combustivel-em-20\/#breadcrumb\"},\"inLanguage\":\"pt-BR\",\"potentialAction\":[{\"@type\":\"ReadAction\",\"target\":[\"https:\/\/jornalfatosenoticias.com.br\/index.php\/2020\/10\/23\/semaforos-conectados-podem-diminuir-o-consumo-de-combustivel-em-20\/\"]}]},{\"@type\":\"ImageObject\",\"inLanguage\":\"pt-BR\",\"@id\":\"https:\/\/jornalfatosenoticias.com.br\/index.php\/2020\/10\/23\/semaforos-conectados-podem-diminuir-o-consumo-de-combustivel-em-20\/#primaryimage\",\"url\":\"https:\/\/jornalfatosenoticias.com.br\/wp-content\/uploads\/2020\/10\/semaforo.jpg\",\"contentUrl\":\"https:\/\/jornalfatosenoticias.com.br\/wp-content\/uploads\/2020\/10\/semaforo.jpg\",\"width\":1000,\"height\":561},{\"@type\":\"BreadcrumbList\",\"@id\":\"https:\/\/jornalfatosenoticias.com.br\/index.php\/2020\/10\/23\/semaforos-conectados-podem-diminuir-o-consumo-de-combustivel-em-20\/#breadcrumb\",\"itemListElement\":[{\"@type\":\"ListItem\",\"position\":1,\"name\":\"In\u00edcio\",\"item\":\"https:\/\/jornalfatosenoticias.com.br\/\"},{\"@type\":\"ListItem\",\"position\":2,\"name\":\"Sem\u00e1foros conectados podem diminuir o consumo de combust\u00edvel em 20%\"}]},{\"@type\":\"WebSite\",\"@id\":\"https:\/\/jornalfatosenoticias.com.br\/#website\",\"url\":\"https:\/\/jornalfatosenoticias.com.br\/\",\"name\":\"Jornal Fatos e Not\u00edcias\",\"description\":\"Not\u00edcias em geral\",\"publisher\":{\"@id\":\"https:\/\/jornalfatosenoticias.com.br\/#organization\"},\"potentialAction\":[{\"@type\":\"SearchAction\",\"target\":{\"@type\":\"EntryPoint\",\"urlTemplate\":\"https:\/\/jornalfatosenoticias.com.br\/?s={search_term_string}\"},\"query-input\":{\"@type\":\"PropertyValueSpecification\",\"valueRequired\":true,\"valueName\":\"search_term_string\"}}],\"inLanguage\":\"pt-BR\"},{\"@type\":\"Organization\",\"@id\":\"https:\/\/jornalfatosenoticias.com.br\/#organization\",\"name\":\"Jornal Fatos e Not\u00edcias\",\"url\":\"https:\/\/jornalfatosenoticias.com.br\/\",\"logo\":{\"@type\":\"ImageObject\",\"inLanguage\":\"pt-BR\",\"@id\":\"https:\/\/jornalfatosenoticias.com.br\/#\/schema\/logo\/image\/\",\"url\":\"https:\/\/jornalfatosenoticias.com.br\/wp-content\/uploads\/2020\/02\/logo120.png\",\"contentUrl\":\"https:\/\/jornalfatosenoticias.com.br\/wp-content\/uploads\/2020\/02\/logo120.png\",\"width\":1227,\"height\":120,\"caption\":\"Jornal Fatos e Not\u00edcias\"},\"image\":{\"@id\":\"https:\/\/jornalfatosenoticias.com.br\/#\/schema\/logo\/image\/\"}},{\"@type\":\"Person\",\"@id\":\"https:\/\/jornalfatosenoticias.com.br\/#\/schema\/person\/d63837fa13ac8666eb9e74e0985d6f81\",\"name\":\"Luzimara Fernandes\",\"image\":{\"@type\":\"ImageObject\",\"inLanguage\":\"pt-BR\",\"@id\":\"https:\/\/jornalfatosenoticias.com.br\/#\/schema\/person\/image\/\",\"url\":\"https:\/\/jornalfatosenoticias.com.br\/wp-content\/uploads\/2025\/05\/EU_portal.jpg\",\"contentUrl\":\"https:\/\/jornalfatosenoticias.com.br\/wp-content\/uploads\/2025\/05\/EU_portal.jpg\",\"caption\":\"Luzimara Fernandes\"},\"description\":\"Jornalista MTB 2358-ES\",\"sameAs\":[\"https:\/\/jornalfatosenoticias.com.br\"],\"url\":\"https:\/\/jornalfatosenoticias.com.br\/index.php\/author\/luzimara\/\"}]}<\/script>\n<!-- \/ Yoast SEO plugin. -->","yoast_head_json":{"title":"Sem\u00e1foros conectados podem diminuir o consumo de combust\u00edvel em 20% - Jornal Fatos e Not\u00edcias","robots":{"index":"index","follow":"follow","max-snippet":"max-snippet:-1","max-image-preview":"max-image-preview:large","max-video-preview":"max-video-preview:-1"},"canonical":"https:\/\/jornalfatosenoticias.com.br\/index.php\/2020\/10\/23\/semaforos-conectados-podem-diminuir-o-consumo-de-combustivel-em-20\/","og_locale":"pt_BR","og_type":"article","og_title":"Sem\u00e1foros conectados podem diminuir o consumo de combust\u00edvel em 20% - Jornal Fatos e Not\u00edcias","og_description":"Projeto desenvolvido nos EUA quer usar avan\u00e7ados recursos tecnol\u00f3gicos para gerenciar e otimizar o fluxo de tr\u00e1fego urbano Um projeto que combina Intelig\u00eancia Artificial, sensores nas ruas e objetos conectados para otimizar o funcionamento de sem\u00e1foros de tr\u00e2nsito promete reduzir o consumo de combust\u00edvel dos carros em at\u00e9 20%. A ideia recebeu US$ 1,89 milh\u00e3o [&hellip;]","og_url":"https:\/\/jornalfatosenoticias.com.br\/index.php\/2020\/10\/23\/semaforos-conectados-podem-diminuir-o-consumo-de-combustivel-em-20\/","og_site_name":"Jornal Fatos e Not\u00edcias","article_published_time":"2020-10-23T17:41:16+00:00","article_modified_time":"2020-10-23T17:41:21+00:00","og_image":[{"width":1000,"height":561,"url":"https:\/\/jornalfatosenoticias.com.br\/wp-content\/uploads\/2020\/10\/semaforo.jpg","type":"image\/jpeg"}],"author":"Luzimara Fernandes","twitter_card":"summary_large_image","twitter_misc":{"Escrito por":"Luzimara Fernandes","Est. tempo de leitura":"3 minutos"},"schema":{"@context":"https:\/\/schema.org","@graph":[{"@type":"Article","@id":"https:\/\/jornalfatosenoticias.com.br\/index.php\/2020\/10\/23\/semaforos-conectados-podem-diminuir-o-consumo-de-combustivel-em-20\/#article","isPartOf":{"@id":"https:\/\/jornalfatosenoticias.com.br\/index.php\/2020\/10\/23\/semaforos-conectados-podem-diminuir-o-consumo-de-combustivel-em-20\/"},"author":{"name":"Luzimara Fernandes","@id":"https:\/\/jornalfatosenoticias.com.br\/#\/schema\/person\/d63837fa13ac8666eb9e74e0985d6f81"},"headline":"Sem\u00e1foros conectados podem diminuir o consumo de combust\u00edvel em 20%","datePublished":"2020-10-23T17:41:16+00:00","dateModified":"2020-10-23T17:41:21+00:00","mainEntityOfPage":{"@id":"https:\/\/jornalfatosenoticias.com.br\/index.php\/2020\/10\/23\/semaforos-conectados-podem-diminuir-o-consumo-de-combustivel-em-20\/"},"wordCount":580,"commentCount":0,"publisher":{"@id":"https:\/\/jornalfatosenoticias.com.br\/#organization"},"image":{"@id":"https:\/\/jornalfatosenoticias.com.br\/index.php\/2020\/10\/23\/semaforos-conectados-podem-diminuir-o-consumo-de-combustivel-em-20\/#primaryimage"},"thumbnailUrl":"https:\/\/jornalfatosenoticias.com.br\/wp-content\/uploads\/2020\/10\/semaforo.jpg","keywords":["carros conectados","cidades inteligentes","intelig\u00eancia artificial","mobilidade","tr\u00e2nsito"],"articleSection":["Tecnologia &amp; Inova\u00e7\u00e3o"],"inLanguage":"pt-BR","potentialAction":[{"@type":"CommentAction","name":"Comment","target":["https:\/\/jornalfatosenoticias.com.br\/index.php\/2020\/10\/23\/semaforos-conectados-podem-diminuir-o-consumo-de-combustivel-em-20\/#respond"]}]},{"@type":"WebPage","@id":"https:\/\/jornalfatosenoticias.com.br\/index.php\/2020\/10\/23\/semaforos-conectados-podem-diminuir-o-consumo-de-combustivel-em-20\/","url":"https:\/\/jornalfatosenoticias.com.br\/index.php\/2020\/10\/23\/semaforos-conectados-podem-diminuir-o-consumo-de-combustivel-em-20\/","name":"Sem\u00e1foros conectados podem diminuir o consumo de combust\u00edvel em 20% - Jornal Fatos e Not\u00edcias","isPartOf":{"@id":"https:\/\/jornalfatosenoticias.com.br\/#website"},"primaryImageOfPage":{"@id":"https:\/\/jornalfatosenoticias.com.br\/index.php\/2020\/10\/23\/semaforos-conectados-podem-diminuir-o-consumo-de-combustivel-em-20\/#primaryimage"},"image":{"@id":"https:\/\/jornalfatosenoticias.com.br\/index.php\/2020\/10\/23\/semaforos-conectados-podem-diminuir-o-consumo-de-combustivel-em-20\/#primaryimage"},"thumbnailUrl":"https:\/\/jornalfatosenoticias.com.br\/wp-content\/uploads\/2020\/10\/semaforo.jpg","datePublished":"2020-10-23T17:41:16+00:00","dateModified":"2020-10-23T17:41:21+00:00","breadcrumb":{"@id":"https:\/\/jornalfatosenoticias.com.br\/index.php\/2020\/10\/23\/semaforos-conectados-podem-diminuir-o-consumo-de-combustivel-em-20\/#breadcrumb"},"inLanguage":"pt-BR","potentialAction":[{"@type":"ReadAction","target":["https:\/\/jornalfatosenoticias.com.br\/index.php\/2020\/10\/23\/semaforos-conectados-podem-diminuir-o-consumo-de-combustivel-em-20\/"]}]},{"@type":"ImageObject","inLanguage":"pt-BR","@id":"https:\/\/jornalfatosenoticias.com.br\/index.php\/2020\/10\/23\/semaforos-conectados-podem-diminuir-o-consumo-de-combustivel-em-20\/#primaryimage","url":"https:\/\/jornalfatosenoticias.com.br\/wp-content\/uploads\/2020\/10\/semaforo.jpg","contentUrl":"https:\/\/jornalfatosenoticias.com.br\/wp-content\/uploads\/2020\/10\/semaforo.jpg","width":1000,"height":561},{"@type":"BreadcrumbList","@id":"https:\/\/jornalfatosenoticias.com.br\/index.php\/2020\/10\/23\/semaforos-conectados-podem-diminuir-o-consumo-de-combustivel-em-20\/#breadcrumb","itemListElement":[{"@type":"ListItem","position":1,"name":"In\u00edcio","item":"https:\/\/jornalfatosenoticias.com.br\/"},{"@type":"ListItem","position":2,"name":"Sem\u00e1foros conectados podem diminuir o consumo de combust\u00edvel em 20%"}]},{"@type":"WebSite","@id":"https:\/\/jornalfatosenoticias.com.br\/#website","url":"https:\/\/jornalfatosenoticias.com.br\/","name":"Jornal Fatos e Not\u00edcias","description":"Not\u00edcias em geral","publisher":{"@id":"https:\/\/jornalfatosenoticias.com.br\/#organization"},"potentialAction":[{"@type":"SearchAction","target":{"@type":"EntryPoint","urlTemplate":"https:\/\/jornalfatosenoticias.com.br\/?s={search_term_string}"},"query-input":{"@type":"PropertyValueSpecification","valueRequired":true,"valueName":"search_term_string"}}],"inLanguage":"pt-BR"},{"@type":"Organization","@id":"https:\/\/jornalfatosenoticias.com.br\/#organization","name":"Jornal Fatos e Not\u00edcias","url":"https:\/\/jornalfatosenoticias.com.br\/","logo":{"@type":"ImageObject","inLanguage":"pt-BR","@id":"https:\/\/jornalfatosenoticias.com.br\/#\/schema\/logo\/image\/","url":"https:\/\/jornalfatosenoticias.com.br\/wp-content\/uploads\/2020\/02\/logo120.png","contentUrl":"https:\/\/jornalfatosenoticias.com.br\/wp-content\/uploads\/2020\/02\/logo120.png","width":1227,"height":120,"caption":"Jornal Fatos e Not\u00edcias"},"image":{"@id":"https:\/\/jornalfatosenoticias.com.br\/#\/schema\/logo\/image\/"}},{"@type":"Person","@id":"https:\/\/jornalfatosenoticias.com.br\/#\/schema\/person\/d63837fa13ac8666eb9e74e0985d6f81","name":"Luzimara Fernandes","image":{"@type":"ImageObject","inLanguage":"pt-BR","@id":"https:\/\/jornalfatosenoticias.com.br\/#\/schema\/person\/image\/","url":"https:\/\/jornalfatosenoticias.com.br\/wp-content\/uploads\/2025\/05\/EU_portal.jpg","contentUrl":"https:\/\/jornalfatosenoticias.com.br\/wp-content\/uploads\/2025\/05\/EU_portal.jpg","caption":"Luzimara Fernandes"},"description":"Jornalista MTB 2358-ES","sameAs":["https:\/\/jornalfatosenoticias.com.br"],"url":"https:\/\/jornalfatosenoticias.com.br\/index.php\/author\/luzimara\/"}]}},"cc_featured_image_caption":{"caption_text":"(Foto: Matthias Zomer\/Pexels) ","source_text":"","source_url":""},"jetpack_featured_media_url":"https:\/\/jornalfatosenoticias.com.br\/wp-content\/uploads\/2020\/10\/semaforo.jpg","_links":{"self":[{"href":"https:\/\/jornalfatosenoticias.com.br\/index.php\/wp-json\/wp\/v2\/posts\/10333","targetHints":{"allow":["GET"]}}],"collection":[{"href":"https:\/\/jornalfatosenoticias.com.br\/index.php\/wp-json\/wp\/v2\/posts"}],"about":[{"href":"https:\/\/jornalfatosenoticias.com.br\/index.php\/wp-json\/wp\/v2\/types\/post"}],"author":[{"embeddable":true,"href":"https:\/\/jornalfatosenoticias.com.br\/index.php\/wp-json\/wp\/v2\/users\/2"}],"replies":[{"embeddable":true,"href":"https:\/\/jornalfatosenoticias.com.br\/index.php\/wp-json\/wp\/v2\/comments?post=10333"}],"version-history":[{"count":0,"href":"https:\/\/jornalfatosenoticias.com.br\/index.php\/wp-json\/wp\/v2\/posts\/10333\/revisions"}],"wp:featuredmedia":[{"embeddable":true,"href":"https:\/\/jornalfatosenoticias.com.br\/index.php\/wp-json\/wp\/v2\/media\/10335"}],"wp:attachment":[{"href":"https:\/\/jornalfatosenoticias.com.br\/index.php\/wp-json\/wp\/v2\/media?parent=10333"}],"wp:term":[{"taxonomy":"category","embeddable":true,"href":"https:\/\/jornalfatosenoticias.com.br\/index.php\/wp-json\/wp\/v2\/categories?post=10333"},{"taxonomy":"post_tag","embeddable":true,"href":"https:\/\/jornalfatosenoticias.com.br\/index.php\/wp-json\/wp\/v2\/tags?post=10333"}],"curies":[{"name":"wp","href":"https:\/\/api.w.org\/{rel}","templated":true}]}}