{"id":10337,"date":"2020-10-23T14:44:20","date_gmt":"2020-10-23T17:44:20","guid":{"rendered":"https:\/\/jornalfatosenoticias.com.br\/?p=10337"},"modified":"2020-10-23T14:44:21","modified_gmt":"2020-10-23T17:44:21","slug":"descanso-entre-dias-de-treino-e-essencial","status":"publish","type":"post","link":"https:\/\/jornalfatosenoticias.com.br\/index.php\/2020\/10\/23\/descanso-entre-dias-de-treino-e-essencial\/","title":{"rendered":"Descanso entre dias de treino \u00e9 essencial"},"content":{"rendered":"\n<p>Os dias de descanso e como o repouso tamb\u00e9m \u00e9 parte essencial do nosso treinamento. Os descansos regulares permitem que seu corpo se recupere de forma efetiva, sendo parte do progresso \u2014 seja voc\u00ea treinado ou iniciante.<br>O descanso faz parte da recupera\u00e7\u00e3o. A recupera\u00e7\u00e3o \u00e9 tudo o que acontece ap\u00f3s o final de um treino e antes do in\u00edcio do pr\u00f3ximo. Portanto, o descanso inclui sono, tempo para ficar quieto e participa\u00e7\u00e3o em atividades que proporcionem uma recupera\u00e7\u00e3o tanto mental quanto fisicamente. O descanso pode incluir algum movimento, desde que evite o limiar de fornecer um desafio ao corpo.<br>Em geral, ap\u00f3s exerc\u00edcios moderados e intensos ocorrem microles\u00f5es nas fibras musculares e, com isso, se inicia um processo inflamat\u00f3rio no local. Esse processo acontece em qualquer pessoa, desde atletas (profissionais ou amadores) at\u00e9 praticantes de atividades como Pilates e muscula\u00e7\u00e3o. Faz parte de um processo de adapta\u00e7\u00e3o do sistema neuromuscular ap\u00f3s o exerc\u00edcio f\u00edsico.<br>Dentre os sinais que voc\u00ea precisa de descanso est\u00e3o dor muscular persistente, fadiga e esgotamento, dores articulares ou sinais de les\u00f5es, altera\u00e7\u00f5es emocionais (cansa\u00e7o e irritabilidade), problemas para dormir e redu\u00e7\u00e3o de desempenho.<br>Vale lembrar que a combina\u00e7\u00e3o de alimenta\u00e7\u00e3o adequada, exerc\u00edcio f\u00edsico supervisionado e fisioterapia com recursos como libera\u00e7\u00e3o miofascial podem otimizar todo esse processo, n\u00e3o s\u00f3 de recupera\u00e7\u00e3o, mas principalmente de redu\u00e7\u00e3o de fadiga e preven\u00e7\u00e3o de les\u00f5es.<br>Mas ressalto que descanso n\u00e3o \u00e9 sin\u00f4nimo de avacalhar e passar o dia olhando para o teto (claro que de vez em quando ok, mas como parte de uma rotina, \u00e9 melhor reavaliar). Por isso, seguem algumas dicas do que voc\u00ea deve evitar realizar nos dias de descanso \u2014 refor\u00e7o que uma coisa \u00e9 de vez em quando, outra coisa \u00e9 ser um h\u00e1bito.<br>Embora seus dias de descanso devam ser uma pausa em sua rotina de exerc\u00edcios, isso n\u00e3o significa que voc\u00ea deva necessariamente deitar no sof\u00e1 o dia todo. Voc\u00ea pode \u2014e deve\u2014 ter uma pausa ativa. Os dias de recupera\u00e7\u00e3o podem ser de determinado treino, por exemplo, segunda voc\u00ea treina muscula\u00e7\u00e3o, ter\u00e7a voc\u00ea recupera, realizando um treinamento aer\u00f3bio leve a moderado.<br>Por isso voc\u00ea deve se movimentar, seja caminhando 20 minutos, arrumando a casa, levantando da cadeira de tempos em tempos, aquecendo-se, enfim, o importante \u00e9 se mexer e optar por atividades e movimentos que te far\u00e3o sentir-se disposto \u2014 e n\u00e3o esgotado.<\/p>\n\n\n\n<p><strong><em>Fonte: <a href=\"https:\/\/www.uol.com.br\/vivabem\/colunas\/paola-machado\/2020\/10\/16\/o-que-voce-deve-evitar-nos-dias-de-descanso-do-treino.htm\">UOL<\/a><\/em><\/strong><\/p>\n","protected":false},"excerpt":{"rendered":"<p>Os dias de descanso e como o repouso tamb\u00e9m \u00e9 parte essencial do nosso treinamento. Os descansos regulares permitem que seu corpo se recupere de forma efetiva, sendo parte do progresso \u2014 seja voc\u00ea treinado ou iniciante.O descanso faz parte da recupera\u00e7\u00e3o. A recupera\u00e7\u00e3o \u00e9 tudo o que acontece ap\u00f3s o final de um treino [&hellip;]<\/p>\n","protected":false},"author":2,"featured_media":10338,"comment_status":"open","ping_status":"open","sticky":false,"template":"","format":"standard","meta":{"footnotes":""},"categories":[2522],"tags":[3622,5536,5538,5537,3550,5535],"class_list":["post-10337","post","type-post","status-publish","format-standard","has-post-thumbnail","hentry","category-comportamento","tag-atividades-fisicas","tag-descanso","tag-musculacao","tag-repouso","tag-treinamento","tag-treino"],"yoast_head":"<!-- This site is optimized with the Yoast SEO plugin v26.5 - https:\/\/yoast.com\/wordpress\/plugins\/seo\/ -->\n<title>Descanso entre dias de treino \u00e9 essencial - Jornal Fatos e Not\u00edcias<\/title>\n<meta name=\"robots\" content=\"index, follow, max-snippet:-1, max-image-preview:large, max-video-preview:-1\" \/>\n<link rel=\"canonical\" href=\"https:\/\/jornalfatosenoticias.com.br\/index.php\/2020\/10\/23\/descanso-entre-dias-de-treino-e-essencial\/\" \/>\n<meta property=\"og:locale\" content=\"pt_BR\" \/>\n<meta property=\"og:type\" content=\"article\" \/>\n<meta property=\"og:title\" content=\"Descanso entre dias de treino \u00e9 essencial - Jornal Fatos e Not\u00edcias\" \/>\n<meta property=\"og:description\" content=\"Os dias de descanso e como o repouso tamb\u00e9m \u00e9 parte essencial do nosso treinamento. Os descansos regulares permitem que seu corpo se recupere de forma efetiva, sendo parte do progresso \u2014 seja voc\u00ea treinado ou iniciante.O descanso faz parte da recupera\u00e7\u00e3o. A recupera\u00e7\u00e3o \u00e9 tudo o que acontece ap\u00f3s o final de um treino [&hellip;]\" \/>\n<meta property=\"og:url\" content=\"https:\/\/jornalfatosenoticias.com.br\/index.php\/2020\/10\/23\/descanso-entre-dias-de-treino-e-essencial\/\" \/>\n<meta property=\"og:site_name\" content=\"Jornal Fatos e Not\u00edcias\" \/>\n<meta property=\"article:published_time\" content=\"2020-10-23T17:44:20+00:00\" \/>\n<meta property=\"article:modified_time\" content=\"2020-10-23T17:44:21+00:00\" \/>\n<meta property=\"og:image\" content=\"https:\/\/jornalfatosenoticias.com.br\/wp-content\/uploads\/2020\/10\/dia-de-descanso-do-treino-iStock.jpg\" \/>\n\t<meta property=\"og:image:width\" content=\"1000\" \/>\n\t<meta property=\"og:image:height\" content=\"562\" \/>\n\t<meta property=\"og:image:type\" content=\"image\/jpeg\" \/>\n<meta name=\"author\" content=\"Luzimara Fernandes\" \/>\n<meta name=\"twitter:card\" content=\"summary_large_image\" \/>\n<meta name=\"twitter:label1\" content=\"Escrito por\" \/>\n\t<meta name=\"twitter:data1\" content=\"Luzimara Fernandes\" \/>\n\t<meta name=\"twitter:label2\" content=\"Est. tempo de leitura\" \/>\n\t<meta name=\"twitter:data2\" content=\"2 minutos\" \/>\n<script type=\"application\/ld+json\" class=\"yoast-schema-graph\">{\"@context\":\"https:\/\/schema.org\",\"@graph\":[{\"@type\":\"Article\",\"@id\":\"https:\/\/jornalfatosenoticias.com.br\/index.php\/2020\/10\/23\/descanso-entre-dias-de-treino-e-essencial\/#article\",\"isPartOf\":{\"@id\":\"https:\/\/jornalfatosenoticias.com.br\/index.php\/2020\/10\/23\/descanso-entre-dias-de-treino-e-essencial\/\"},\"author\":{\"name\":\"Luzimara Fernandes\",\"@id\":\"https:\/\/jornalfatosenoticias.com.br\/#\/schema\/person\/d63837fa13ac8666eb9e74e0985d6f81\"},\"headline\":\"Descanso entre dias de treino \u00e9 essencial\",\"datePublished\":\"2020-10-23T17:44:20+00:00\",\"dateModified\":\"2020-10-23T17:44:21+00:00\",\"mainEntityOfPage\":{\"@id\":\"https:\/\/jornalfatosenoticias.com.br\/index.php\/2020\/10\/23\/descanso-entre-dias-de-treino-e-essencial\/\"},\"wordCount\":432,\"commentCount\":0,\"publisher\":{\"@id\":\"https:\/\/jornalfatosenoticias.com.br\/#organization\"},\"image\":{\"@id\":\"https:\/\/jornalfatosenoticias.com.br\/index.php\/2020\/10\/23\/descanso-entre-dias-de-treino-e-essencial\/#primaryimage\"},\"thumbnailUrl\":\"https:\/\/jornalfatosenoticias.com.br\/wp-content\/uploads\/2020\/10\/dia-de-descanso-do-treino-iStock.jpg\",\"keywords\":[\"atividades f\u00edsicas\",\"descanso\",\"muscula\u00e7\u00e3o\",\"repouso\",\"treinamento\",\"treino\"],\"articleSection\":[\"Comportamento &amp; Equil\u00edbrio\"],\"inLanguage\":\"pt-BR\",\"potentialAction\":[{\"@type\":\"CommentAction\",\"name\":\"Comment\",\"target\":[\"https:\/\/jornalfatosenoticias.com.br\/index.php\/2020\/10\/23\/descanso-entre-dias-de-treino-e-essencial\/#respond\"]}]},{\"@type\":\"WebPage\",\"@id\":\"https:\/\/jornalfatosenoticias.com.br\/index.php\/2020\/10\/23\/descanso-entre-dias-de-treino-e-essencial\/\",\"url\":\"https:\/\/jornalfatosenoticias.com.br\/index.php\/2020\/10\/23\/descanso-entre-dias-de-treino-e-essencial\/\",\"name\":\"Descanso entre dias de treino \u00e9 essencial - Jornal Fatos e Not\u00edcias\",\"isPartOf\":{\"@id\":\"https:\/\/jornalfatosenoticias.com.br\/#website\"},\"primaryImageOfPage\":{\"@id\":\"https:\/\/jornalfatosenoticias.com.br\/index.php\/2020\/10\/23\/descanso-entre-dias-de-treino-e-essencial\/#primaryimage\"},\"image\":{\"@id\":\"https:\/\/jornalfatosenoticias.com.br\/index.php\/2020\/10\/23\/descanso-entre-dias-de-treino-e-essencial\/#primaryimage\"},\"thumbnailUrl\":\"https:\/\/jornalfatosenoticias.com.br\/wp-content\/uploads\/2020\/10\/dia-de-descanso-do-treino-iStock.jpg\",\"datePublished\":\"2020-10-23T17:44:20+00:00\",\"dateModified\":\"2020-10-23T17:44:21+00:00\",\"breadcrumb\":{\"@id\":\"https:\/\/jornalfatosenoticias.com.br\/index.php\/2020\/10\/23\/descanso-entre-dias-de-treino-e-essencial\/#breadcrumb\"},\"inLanguage\":\"pt-BR\",\"potentialAction\":[{\"@type\":\"ReadAction\",\"target\":[\"https:\/\/jornalfatosenoticias.com.br\/index.php\/2020\/10\/23\/descanso-entre-dias-de-treino-e-essencial\/\"]}]},{\"@type\":\"ImageObject\",\"inLanguage\":\"pt-BR\",\"@id\":\"https:\/\/jornalfatosenoticias.com.br\/index.php\/2020\/10\/23\/descanso-entre-dias-de-treino-e-essencial\/#primaryimage\",\"url\":\"https:\/\/jornalfatosenoticias.com.br\/wp-content\/uploads\/2020\/10\/dia-de-descanso-do-treino-iStock.jpg\",\"contentUrl\":\"https:\/\/jornalfatosenoticias.com.br\/wp-content\/uploads\/2020\/10\/dia-de-descanso-do-treino-iStock.jpg\",\"width\":1000,\"height\":562},{\"@type\":\"BreadcrumbList\",\"@id\":\"https:\/\/jornalfatosenoticias.com.br\/index.php\/2020\/10\/23\/descanso-entre-dias-de-treino-e-essencial\/#breadcrumb\",\"itemListElement\":[{\"@type\":\"ListItem\",\"position\":1,\"name\":\"In\u00edcio\",\"item\":\"https:\/\/jornalfatosenoticias.com.br\/\"},{\"@type\":\"ListItem\",\"position\":2,\"name\":\"Descanso entre dias de treino \u00e9 essencial\"}]},{\"@type\":\"WebSite\",\"@id\":\"https:\/\/jornalfatosenoticias.com.br\/#website\",\"url\":\"https:\/\/jornalfatosenoticias.com.br\/\",\"name\":\"Jornal Fatos e Not\u00edcias\",\"description\":\"Not\u00edcias em geral\",\"publisher\":{\"@id\":\"https:\/\/jornalfatosenoticias.com.br\/#organization\"},\"potentialAction\":[{\"@type\":\"SearchAction\",\"target\":{\"@type\":\"EntryPoint\",\"urlTemplate\":\"https:\/\/jornalfatosenoticias.com.br\/?s={search_term_string}\"},\"query-input\":{\"@type\":\"PropertyValueSpecification\",\"valueRequired\":true,\"valueName\":\"search_term_string\"}}],\"inLanguage\":\"pt-BR\"},{\"@type\":\"Organization\",\"@id\":\"https:\/\/jornalfatosenoticias.com.br\/#organization\",\"name\":\"Jornal Fatos e Not\u00edcias\",\"url\":\"https:\/\/jornalfatosenoticias.com.br\/\",\"logo\":{\"@type\":\"ImageObject\",\"inLanguage\":\"pt-BR\",\"@id\":\"https:\/\/jornalfatosenoticias.com.br\/#\/schema\/logo\/image\/\",\"url\":\"https:\/\/jornalfatosenoticias.com.br\/wp-content\/uploads\/2020\/02\/logo120.png\",\"contentUrl\":\"https:\/\/jornalfatosenoticias.com.br\/wp-content\/uploads\/2020\/02\/logo120.png\",\"width\":1227,\"height\":120,\"caption\":\"Jornal Fatos e Not\u00edcias\"},\"image\":{\"@id\":\"https:\/\/jornalfatosenoticias.com.br\/#\/schema\/logo\/image\/\"}},{\"@type\":\"Person\",\"@id\":\"https:\/\/jornalfatosenoticias.com.br\/#\/schema\/person\/d63837fa13ac8666eb9e74e0985d6f81\",\"name\":\"Luzimara Fernandes\",\"image\":{\"@type\":\"ImageObject\",\"inLanguage\":\"pt-BR\",\"@id\":\"https:\/\/jornalfatosenoticias.com.br\/#\/schema\/person\/image\/\",\"url\":\"https:\/\/jornalfatosenoticias.com.br\/wp-content\/uploads\/2025\/05\/EU_portal.jpg\",\"contentUrl\":\"https:\/\/jornalfatosenoticias.com.br\/wp-content\/uploads\/2025\/05\/EU_portal.jpg\",\"caption\":\"Luzimara Fernandes\"},\"description\":\"Jornalista MTB 2358-ES\",\"sameAs\":[\"https:\/\/jornalfatosenoticias.com.br\"],\"url\":\"https:\/\/jornalfatosenoticias.com.br\/index.php\/author\/luzimara\/\"}]}<\/script>\n<!-- \/ Yoast SEO plugin. -->","yoast_head_json":{"title":"Descanso entre dias de treino \u00e9 essencial - Jornal Fatos e Not\u00edcias","robots":{"index":"index","follow":"follow","max-snippet":"max-snippet:-1","max-image-preview":"max-image-preview:large","max-video-preview":"max-video-preview:-1"},"canonical":"https:\/\/jornalfatosenoticias.com.br\/index.php\/2020\/10\/23\/descanso-entre-dias-de-treino-e-essencial\/","og_locale":"pt_BR","og_type":"article","og_title":"Descanso entre dias de treino \u00e9 essencial - Jornal Fatos e Not\u00edcias","og_description":"Os dias de descanso e como o repouso tamb\u00e9m \u00e9 parte essencial do nosso treinamento. Os descansos regulares permitem que seu corpo se recupere de forma efetiva, sendo parte do progresso \u2014 seja voc\u00ea treinado ou iniciante.O descanso faz parte da recupera\u00e7\u00e3o. A recupera\u00e7\u00e3o \u00e9 tudo o que acontece ap\u00f3s o final de um treino [&hellip;]","og_url":"https:\/\/jornalfatosenoticias.com.br\/index.php\/2020\/10\/23\/descanso-entre-dias-de-treino-e-essencial\/","og_site_name":"Jornal Fatos e Not\u00edcias","article_published_time":"2020-10-23T17:44:20+00:00","article_modified_time":"2020-10-23T17:44:21+00:00","og_image":[{"width":1000,"height":562,"url":"https:\/\/jornalfatosenoticias.com.br\/wp-content\/uploads\/2020\/10\/dia-de-descanso-do-treino-iStock.jpg","type":"image\/jpeg"}],"author":"Luzimara Fernandes","twitter_card":"summary_large_image","twitter_misc":{"Escrito por":"Luzimara Fernandes","Est. tempo de leitura":"2 minutos"},"schema":{"@context":"https:\/\/schema.org","@graph":[{"@type":"Article","@id":"https:\/\/jornalfatosenoticias.com.br\/index.php\/2020\/10\/23\/descanso-entre-dias-de-treino-e-essencial\/#article","isPartOf":{"@id":"https:\/\/jornalfatosenoticias.com.br\/index.php\/2020\/10\/23\/descanso-entre-dias-de-treino-e-essencial\/"},"author":{"name":"Luzimara Fernandes","@id":"https:\/\/jornalfatosenoticias.com.br\/#\/schema\/person\/d63837fa13ac8666eb9e74e0985d6f81"},"headline":"Descanso entre dias de treino \u00e9 essencial","datePublished":"2020-10-23T17:44:20+00:00","dateModified":"2020-10-23T17:44:21+00:00","mainEntityOfPage":{"@id":"https:\/\/jornalfatosenoticias.com.br\/index.php\/2020\/10\/23\/descanso-entre-dias-de-treino-e-essencial\/"},"wordCount":432,"commentCount":0,"publisher":{"@id":"https:\/\/jornalfatosenoticias.com.br\/#organization"},"image":{"@id":"https:\/\/jornalfatosenoticias.com.br\/index.php\/2020\/10\/23\/descanso-entre-dias-de-treino-e-essencial\/#primaryimage"},"thumbnailUrl":"https:\/\/jornalfatosenoticias.com.br\/wp-content\/uploads\/2020\/10\/dia-de-descanso-do-treino-iStock.jpg","keywords":["atividades f\u00edsicas","descanso","muscula\u00e7\u00e3o","repouso","treinamento","treino"],"articleSection":["Comportamento &amp; Equil\u00edbrio"],"inLanguage":"pt-BR","potentialAction":[{"@type":"CommentAction","name":"Comment","target":["https:\/\/jornalfatosenoticias.com.br\/index.php\/2020\/10\/23\/descanso-entre-dias-de-treino-e-essencial\/#respond"]}]},{"@type":"WebPage","@id":"https:\/\/jornalfatosenoticias.com.br\/index.php\/2020\/10\/23\/descanso-entre-dias-de-treino-e-essencial\/","url":"https:\/\/jornalfatosenoticias.com.br\/index.php\/2020\/10\/23\/descanso-entre-dias-de-treino-e-essencial\/","name":"Descanso entre dias de treino \u00e9 essencial - Jornal Fatos e Not\u00edcias","isPartOf":{"@id":"https:\/\/jornalfatosenoticias.com.br\/#website"},"primaryImageOfPage":{"@id":"https:\/\/jornalfatosenoticias.com.br\/index.php\/2020\/10\/23\/descanso-entre-dias-de-treino-e-essencial\/#primaryimage"},"image":{"@id":"https:\/\/jornalfatosenoticias.com.br\/index.php\/2020\/10\/23\/descanso-entre-dias-de-treino-e-essencial\/#primaryimage"},"thumbnailUrl":"https:\/\/jornalfatosenoticias.com.br\/wp-content\/uploads\/2020\/10\/dia-de-descanso-do-treino-iStock.jpg","datePublished":"2020-10-23T17:44:20+00:00","dateModified":"2020-10-23T17:44:21+00:00","breadcrumb":{"@id":"https:\/\/jornalfatosenoticias.com.br\/index.php\/2020\/10\/23\/descanso-entre-dias-de-treino-e-essencial\/#breadcrumb"},"inLanguage":"pt-BR","potentialAction":[{"@type":"ReadAction","target":["https:\/\/jornalfatosenoticias.com.br\/index.php\/2020\/10\/23\/descanso-entre-dias-de-treino-e-essencial\/"]}]},{"@type":"ImageObject","inLanguage":"pt-BR","@id":"https:\/\/jornalfatosenoticias.com.br\/index.php\/2020\/10\/23\/descanso-entre-dias-de-treino-e-essencial\/#primaryimage","url":"https:\/\/jornalfatosenoticias.com.br\/wp-content\/uploads\/2020\/10\/dia-de-descanso-do-treino-iStock.jpg","contentUrl":"https:\/\/jornalfatosenoticias.com.br\/wp-content\/uploads\/2020\/10\/dia-de-descanso-do-treino-iStock.jpg","width":1000,"height":562},{"@type":"BreadcrumbList","@id":"https:\/\/jornalfatosenoticias.com.br\/index.php\/2020\/10\/23\/descanso-entre-dias-de-treino-e-essencial\/#breadcrumb","itemListElement":[{"@type":"ListItem","position":1,"name":"In\u00edcio","item":"https:\/\/jornalfatosenoticias.com.br\/"},{"@type":"ListItem","position":2,"name":"Descanso entre dias de treino \u00e9 essencial"}]},{"@type":"WebSite","@id":"https:\/\/jornalfatosenoticias.com.br\/#website","url":"https:\/\/jornalfatosenoticias.com.br\/","name":"Jornal Fatos e Not\u00edcias","description":"Not\u00edcias em geral","publisher":{"@id":"https:\/\/jornalfatosenoticias.com.br\/#organization"},"potentialAction":[{"@type":"SearchAction","target":{"@type":"EntryPoint","urlTemplate":"https:\/\/jornalfatosenoticias.com.br\/?s={search_term_string}"},"query-input":{"@type":"PropertyValueSpecification","valueRequired":true,"valueName":"search_term_string"}}],"inLanguage":"pt-BR"},{"@type":"Organization","@id":"https:\/\/jornalfatosenoticias.com.br\/#organization","name":"Jornal Fatos e Not\u00edcias","url":"https:\/\/jornalfatosenoticias.com.br\/","logo":{"@type":"ImageObject","inLanguage":"pt-BR","@id":"https:\/\/jornalfatosenoticias.com.br\/#\/schema\/logo\/image\/","url":"https:\/\/jornalfatosenoticias.com.br\/wp-content\/uploads\/2020\/02\/logo120.png","contentUrl":"https:\/\/jornalfatosenoticias.com.br\/wp-content\/uploads\/2020\/02\/logo120.png","width":1227,"height":120,"caption":"Jornal Fatos e Not\u00edcias"},"image":{"@id":"https:\/\/jornalfatosenoticias.com.br\/#\/schema\/logo\/image\/"}},{"@type":"Person","@id":"https:\/\/jornalfatosenoticias.com.br\/#\/schema\/person\/d63837fa13ac8666eb9e74e0985d6f81","name":"Luzimara Fernandes","image":{"@type":"ImageObject","inLanguage":"pt-BR","@id":"https:\/\/jornalfatosenoticias.com.br\/#\/schema\/person\/image\/","url":"https:\/\/jornalfatosenoticias.com.br\/wp-content\/uploads\/2025\/05\/EU_portal.jpg","contentUrl":"https:\/\/jornalfatosenoticias.com.br\/wp-content\/uploads\/2025\/05\/EU_portal.jpg","caption":"Luzimara Fernandes"},"description":"Jornalista MTB 2358-ES","sameAs":["https:\/\/jornalfatosenoticias.com.br"],"url":"https:\/\/jornalfatosenoticias.com.br\/index.php\/author\/luzimara\/"}]}},"cc_featured_image_caption":{"caption_text":"(Foto: iStock) ","source_text":"","source_url":""},"jetpack_featured_media_url":"https:\/\/jornalfatosenoticias.com.br\/wp-content\/uploads\/2020\/10\/dia-de-descanso-do-treino-iStock.jpg","_links":{"self":[{"href":"https:\/\/jornalfatosenoticias.com.br\/index.php\/wp-json\/wp\/v2\/posts\/10337","targetHints":{"allow":["GET"]}}],"collection":[{"href":"https:\/\/jornalfatosenoticias.com.br\/index.php\/wp-json\/wp\/v2\/posts"}],"about":[{"href":"https:\/\/jornalfatosenoticias.com.br\/index.php\/wp-json\/wp\/v2\/types\/post"}],"author":[{"embeddable":true,"href":"https:\/\/jornalfatosenoticias.com.br\/index.php\/wp-json\/wp\/v2\/users\/2"}],"replies":[{"embeddable":true,"href":"https:\/\/jornalfatosenoticias.com.br\/index.php\/wp-json\/wp\/v2\/comments?post=10337"}],"version-history":[{"count":0,"href":"https:\/\/jornalfatosenoticias.com.br\/index.php\/wp-json\/wp\/v2\/posts\/10337\/revisions"}],"wp:featuredmedia":[{"embeddable":true,"href":"https:\/\/jornalfatosenoticias.com.br\/index.php\/wp-json\/wp\/v2\/media\/10338"}],"wp:attachment":[{"href":"https:\/\/jornalfatosenoticias.com.br\/index.php\/wp-json\/wp\/v2\/media?parent=10337"}],"wp:term":[{"taxonomy":"category","embeddable":true,"href":"https:\/\/jornalfatosenoticias.com.br\/index.php\/wp-json\/wp\/v2\/categories?post=10337"},{"taxonomy":"post_tag","embeddable":true,"href":"https:\/\/jornalfatosenoticias.com.br\/index.php\/wp-json\/wp\/v2\/tags?post=10337"}],"curies":[{"name":"wp","href":"https:\/\/api.w.org\/{rel}","templated":true}]}}