{"id":10340,"date":"2020-10-23T14:46:36","date_gmt":"2020-10-23T17:46:36","guid":{"rendered":"https:\/\/jornalfatosenoticias.com.br\/?p=10340"},"modified":"2020-10-23T14:46:39","modified_gmt":"2020-10-23T17:46:39","slug":"natacao-em-agua-fria-pode-retardar-a-demencia-sugere-pesquisa","status":"publish","type":"post","link":"https:\/\/jornalfatosenoticias.com.br\/index.php\/2020\/10\/23\/natacao-em-agua-fria-pode-retardar-a-demencia-sugere-pesquisa\/","title":{"rendered":"Nata\u00e7\u00e3o em \u00e1gua fria pode retardar a dem\u00eancia, sugere pesquisa"},"content":{"rendered":"\n<p>A nata\u00e7\u00e3o em \u00e1gua fria pode ajudar a retardar doen\u00e7as neurodegenerativas, como a dem\u00eancia. Isto \u00e9 o que sugere uma pesquisa feita pela Universidade de Cambridge. Ap\u00f3s monitorar nadadores da piscina p\u00fablica de Parliament Hill Lido em Londres entre 2016 e 2018, os pesquisadores identificaram o aumento dos n\u00edveis da RBM3, que \u00e9 ativada pelo contato com o frio. Segundo um estudo de 2015, esta prote\u00edna em ratos mostrou oferecer prote\u00e7\u00e3o contra o in\u00edcio da dem\u00eancia.<br>Embora a pesquisa ainda esteja em um est\u00e1gio inicial, espera-se que possa ajudar no tratamento da dem\u00eancia no futuro. De acordo com Giovanna Mallucci, a pesquisadora principal, os pr\u00f3ximos desafios s\u00e3o provar de forma decisiva que a prote\u00edna retarda a dem\u00eancia e ent\u00e3o encontrar uma droga que estimule sua produ\u00e7\u00e3o.<br>Falando sobre as \u00faltimas descobertas ao programa Radio 4 Today da BBC, a professora Mallucci, que \u00e9 diretora do UK Dementia Research Institute da Universidade de Cambridge, disse que sua equipe comparou nadadores de \u00e1gua fria com pessoas que praticam tai chi sem sentir frio. \u201cN\u00f3s os comparamos a um monte de pessoas praticando tai chi que n\u00e3o ficaram resfriadas e nenhuma delas aumentou os n\u00edveis dessa prote\u00edna, mas muitos de voc\u00eas sim\u201d, disse a professora Mallucci aos nadadores.<br>\u201cIsso nos diz que o frio induz essa prote\u00edna em humanos; voc\u00ea \u00e9 o primeiro grupo sem pacientes a mostrar que a nata\u00e7\u00e3o em \u00e1gua fria aumenta essa prote\u00edna protetora\u201d, acrescentou ela.<br>O projeto surgiu depois que Martin Pate, que nada na \u00e1gua fria da piscina do norte de Londres durante o inverno, entrou em contato com a professora Mallucci. Ele se interessou depois de ouvi-la dizer \u00e0 BBC que queria examinar RBM3 em humanos.<br>Existem atualmente mais de 850 mil pessoas com dem\u00eancia no Reino Unido. E a condi\u00e7\u00e3o afeta um sexto das pessoas com mais de 80 anos, de acordo com o NHS. O n\u00famero de pessoas com a doen\u00e7a degenerativa deve ultrapassar um milh\u00e3o em 2025.<br>A Professora Mallucci disse que os benef\u00edcios sociais de atrasar o in\u00edcio da dem\u00eancia por alguns anos seriam significativos. \u201cSe voc\u00ea retardasse o progresso da dem\u00eancia em at\u00e9 mesmo alguns anos em uma popula\u00e7\u00e3o inteira, isso teria um enorme impacto econ\u00f4mico e de sa\u00fade\u201d, disse ela.<\/p>\n\n\n\n<p><strong><em>Fonte: <a href=\"https:\/\/gooutside.com.br\/natacao-em-agua-fria-pode-retardar-a-demencia-sugere-pesquisa\/\">Go Outside<\/a><\/em><\/strong><\/p>\n","protected":false},"excerpt":{"rendered":"<p>A nata\u00e7\u00e3o em \u00e1gua fria pode ajudar a retardar doen\u00e7as neurodegenerativas, como a dem\u00eancia. Isto \u00e9 o que sugere uma pesquisa feita pela Universidade de Cambridge. Ap\u00f3s monitorar nadadores da piscina p\u00fablica de Parliament Hill Lido em Londres entre 2016 e 2018, os pesquisadores identificaram o aumento dos n\u00edveis da RBM3, que \u00e9 ativada pelo [&hellip;]<\/p>\n","protected":false},"author":2,"featured_media":10341,"comment_status":"open","ping_status":"open","sticky":false,"template":"","format":"standard","meta":{"footnotes":""},"categories":[11],"tags":[3402,850,5524,115],"class_list":["post-10340","post","type-post","status-publish","format-standard","has-post-thumbnail","hentry","category-saude","tag-demencia","tag-idosos","tag-natacao","tag-pesquisa"],"yoast_head":"<!-- This site is optimized with the Yoast SEO plugin v26.5 - https:\/\/yoast.com\/wordpress\/plugins\/seo\/ -->\n<title>Nata\u00e7\u00e3o em \u00e1gua fria pode retardar a dem\u00eancia, sugere pesquisa - Jornal Fatos e Not\u00edcias<\/title>\n<meta name=\"robots\" content=\"index, follow, max-snippet:-1, max-image-preview:large, max-video-preview:-1\" \/>\n<link rel=\"canonical\" href=\"https:\/\/jornalfatosenoticias.com.br\/index.php\/2020\/10\/23\/natacao-em-agua-fria-pode-retardar-a-demencia-sugere-pesquisa\/\" \/>\n<meta property=\"og:locale\" content=\"pt_BR\" \/>\n<meta property=\"og:type\" content=\"article\" \/>\n<meta property=\"og:title\" content=\"Nata\u00e7\u00e3o em \u00e1gua fria pode retardar a dem\u00eancia, sugere pesquisa - Jornal Fatos e Not\u00edcias\" \/>\n<meta property=\"og:description\" content=\"A nata\u00e7\u00e3o em \u00e1gua fria pode ajudar a retardar doen\u00e7as neurodegenerativas, como a dem\u00eancia. Isto \u00e9 o que sugere uma pesquisa feita pela Universidade de Cambridge. Ap\u00f3s monitorar nadadores da piscina p\u00fablica de Parliament Hill Lido em Londres entre 2016 e 2018, os pesquisadores identificaram o aumento dos n\u00edveis da RBM3, que \u00e9 ativada pelo [&hellip;]\" \/>\n<meta property=\"og:url\" content=\"https:\/\/jornalfatosenoticias.com.br\/index.php\/2020\/10\/23\/natacao-em-agua-fria-pode-retardar-a-demencia-sugere-pesquisa\/\" \/>\n<meta property=\"og:site_name\" content=\"Jornal Fatos e Not\u00edcias\" \/>\n<meta property=\"article:published_time\" content=\"2020-10-23T17:46:36+00:00\" \/>\n<meta property=\"article:modified_time\" content=\"2020-10-23T17:46:39+00:00\" \/>\n<meta property=\"og:image\" content=\"https:\/\/jornalfatosenoticias.com.br\/wp-content\/uploads\/2020\/10\/natacao-em-agua-fria-pode-retardar-a-demencia-sugere-pesquisa.jpg\" \/>\n\t<meta property=\"og:image:width\" content=\"1000\" \/>\n\t<meta property=\"og:image:height\" content=\"531\" \/>\n\t<meta property=\"og:image:type\" content=\"image\/jpeg\" \/>\n<meta name=\"author\" content=\"Luzimara Fernandes\" \/>\n<meta name=\"twitter:card\" content=\"summary_large_image\" \/>\n<meta name=\"twitter:label1\" content=\"Escrito por\" \/>\n\t<meta name=\"twitter:data1\" content=\"Luzimara Fernandes\" \/>\n\t<meta name=\"twitter:label2\" content=\"Est. tempo de leitura\" \/>\n\t<meta name=\"twitter:data2\" content=\"2 minutos\" \/>\n<script type=\"application\/ld+json\" class=\"yoast-schema-graph\">{\"@context\":\"https:\/\/schema.org\",\"@graph\":[{\"@type\":\"Article\",\"@id\":\"https:\/\/jornalfatosenoticias.com.br\/index.php\/2020\/10\/23\/natacao-em-agua-fria-pode-retardar-a-demencia-sugere-pesquisa\/#article\",\"isPartOf\":{\"@id\":\"https:\/\/jornalfatosenoticias.com.br\/index.php\/2020\/10\/23\/natacao-em-agua-fria-pode-retardar-a-demencia-sugere-pesquisa\/\"},\"author\":{\"name\":\"Luzimara Fernandes\",\"@id\":\"https:\/\/jornalfatosenoticias.com.br\/#\/schema\/person\/d63837fa13ac8666eb9e74e0985d6f81\"},\"headline\":\"Nata\u00e7\u00e3o em \u00e1gua fria pode retardar a dem\u00eancia, sugere pesquisa\",\"datePublished\":\"2020-10-23T17:46:36+00:00\",\"dateModified\":\"2020-10-23T17:46:39+00:00\",\"mainEntityOfPage\":{\"@id\":\"https:\/\/jornalfatosenoticias.com.br\/index.php\/2020\/10\/23\/natacao-em-agua-fria-pode-retardar-a-demencia-sugere-pesquisa\/\"},\"wordCount\":411,\"commentCount\":0,\"publisher\":{\"@id\":\"https:\/\/jornalfatosenoticias.com.br\/#organization\"},\"image\":{\"@id\":\"https:\/\/jornalfatosenoticias.com.br\/index.php\/2020\/10\/23\/natacao-em-agua-fria-pode-retardar-a-demencia-sugere-pesquisa\/#primaryimage\"},\"thumbnailUrl\":\"https:\/\/jornalfatosenoticias.com.br\/wp-content\/uploads\/2020\/10\/natacao-em-agua-fria-pode-retardar-a-demencia-sugere-pesquisa.jpg\",\"keywords\":[\"dem\u00eancia\",\"idosos\",\"nata\u00e7\u00e3o\",\"pesquisa\"],\"articleSection\":[\"Sa\u00fade\"],\"inLanguage\":\"pt-BR\",\"potentialAction\":[{\"@type\":\"CommentAction\",\"name\":\"Comment\",\"target\":[\"https:\/\/jornalfatosenoticias.com.br\/index.php\/2020\/10\/23\/natacao-em-agua-fria-pode-retardar-a-demencia-sugere-pesquisa\/#respond\"]}]},{\"@type\":\"WebPage\",\"@id\":\"https:\/\/jornalfatosenoticias.com.br\/index.php\/2020\/10\/23\/natacao-em-agua-fria-pode-retardar-a-demencia-sugere-pesquisa\/\",\"url\":\"https:\/\/jornalfatosenoticias.com.br\/index.php\/2020\/10\/23\/natacao-em-agua-fria-pode-retardar-a-demencia-sugere-pesquisa\/\",\"name\":\"Nata\u00e7\u00e3o em \u00e1gua fria pode retardar a dem\u00eancia, sugere pesquisa - Jornal Fatos e Not\u00edcias\",\"isPartOf\":{\"@id\":\"https:\/\/jornalfatosenoticias.com.br\/#website\"},\"primaryImageOfPage\":{\"@id\":\"https:\/\/jornalfatosenoticias.com.br\/index.php\/2020\/10\/23\/natacao-em-agua-fria-pode-retardar-a-demencia-sugere-pesquisa\/#primaryimage\"},\"image\":{\"@id\":\"https:\/\/jornalfatosenoticias.com.br\/index.php\/2020\/10\/23\/natacao-em-agua-fria-pode-retardar-a-demencia-sugere-pesquisa\/#primaryimage\"},\"thumbnailUrl\":\"https:\/\/jornalfatosenoticias.com.br\/wp-content\/uploads\/2020\/10\/natacao-em-agua-fria-pode-retardar-a-demencia-sugere-pesquisa.jpg\",\"datePublished\":\"2020-10-23T17:46:36+00:00\",\"dateModified\":\"2020-10-23T17:46:39+00:00\",\"breadcrumb\":{\"@id\":\"https:\/\/jornalfatosenoticias.com.br\/index.php\/2020\/10\/23\/natacao-em-agua-fria-pode-retardar-a-demencia-sugere-pesquisa\/#breadcrumb\"},\"inLanguage\":\"pt-BR\",\"potentialAction\":[{\"@type\":\"ReadAction\",\"target\":[\"https:\/\/jornalfatosenoticias.com.br\/index.php\/2020\/10\/23\/natacao-em-agua-fria-pode-retardar-a-demencia-sugere-pesquisa\/\"]}]},{\"@type\":\"ImageObject\",\"inLanguage\":\"pt-BR\",\"@id\":\"https:\/\/jornalfatosenoticias.com.br\/index.php\/2020\/10\/23\/natacao-em-agua-fria-pode-retardar-a-demencia-sugere-pesquisa\/#primaryimage\",\"url\":\"https:\/\/jornalfatosenoticias.com.br\/wp-content\/uploads\/2020\/10\/natacao-em-agua-fria-pode-retardar-a-demencia-sugere-pesquisa.jpg\",\"contentUrl\":\"https:\/\/jornalfatosenoticias.com.br\/wp-content\/uploads\/2020\/10\/natacao-em-agua-fria-pode-retardar-a-demencia-sugere-pesquisa.jpg\",\"width\":1000,\"height\":531},{\"@type\":\"BreadcrumbList\",\"@id\":\"https:\/\/jornalfatosenoticias.com.br\/index.php\/2020\/10\/23\/natacao-em-agua-fria-pode-retardar-a-demencia-sugere-pesquisa\/#breadcrumb\",\"itemListElement\":[{\"@type\":\"ListItem\",\"position\":1,\"name\":\"In\u00edcio\",\"item\":\"https:\/\/jornalfatosenoticias.com.br\/\"},{\"@type\":\"ListItem\",\"position\":2,\"name\":\"Nata\u00e7\u00e3o em \u00e1gua fria pode retardar a dem\u00eancia, sugere pesquisa\"}]},{\"@type\":\"WebSite\",\"@id\":\"https:\/\/jornalfatosenoticias.com.br\/#website\",\"url\":\"https:\/\/jornalfatosenoticias.com.br\/\",\"name\":\"Jornal Fatos e Not\u00edcias\",\"description\":\"Not\u00edcias em geral\",\"publisher\":{\"@id\":\"https:\/\/jornalfatosenoticias.com.br\/#organization\"},\"potentialAction\":[{\"@type\":\"SearchAction\",\"target\":{\"@type\":\"EntryPoint\",\"urlTemplate\":\"https:\/\/jornalfatosenoticias.com.br\/?s={search_term_string}\"},\"query-input\":{\"@type\":\"PropertyValueSpecification\",\"valueRequired\":true,\"valueName\":\"search_term_string\"}}],\"inLanguage\":\"pt-BR\"},{\"@type\":\"Organization\",\"@id\":\"https:\/\/jornalfatosenoticias.com.br\/#organization\",\"name\":\"Jornal Fatos e Not\u00edcias\",\"url\":\"https:\/\/jornalfatosenoticias.com.br\/\",\"logo\":{\"@type\":\"ImageObject\",\"inLanguage\":\"pt-BR\",\"@id\":\"https:\/\/jornalfatosenoticias.com.br\/#\/schema\/logo\/image\/\",\"url\":\"https:\/\/jornalfatosenoticias.com.br\/wp-content\/uploads\/2020\/02\/logo120.png\",\"contentUrl\":\"https:\/\/jornalfatosenoticias.com.br\/wp-content\/uploads\/2020\/02\/logo120.png\",\"width\":1227,\"height\":120,\"caption\":\"Jornal Fatos e Not\u00edcias\"},\"image\":{\"@id\":\"https:\/\/jornalfatosenoticias.com.br\/#\/schema\/logo\/image\/\"}},{\"@type\":\"Person\",\"@id\":\"https:\/\/jornalfatosenoticias.com.br\/#\/schema\/person\/d63837fa13ac8666eb9e74e0985d6f81\",\"name\":\"Luzimara Fernandes\",\"image\":{\"@type\":\"ImageObject\",\"inLanguage\":\"pt-BR\",\"@id\":\"https:\/\/jornalfatosenoticias.com.br\/#\/schema\/person\/image\/\",\"url\":\"https:\/\/jornalfatosenoticias.com.br\/wp-content\/uploads\/2025\/05\/EU_portal.jpg\",\"contentUrl\":\"https:\/\/jornalfatosenoticias.com.br\/wp-content\/uploads\/2025\/05\/EU_portal.jpg\",\"caption\":\"Luzimara Fernandes\"},\"description\":\"Jornalista MTB 2358-ES\",\"sameAs\":[\"https:\/\/jornalfatosenoticias.com.br\"],\"url\":\"https:\/\/jornalfatosenoticias.com.br\/index.php\/author\/luzimara\/\"}]}<\/script>\n<!-- \/ Yoast SEO plugin. -->","yoast_head_json":{"title":"Nata\u00e7\u00e3o em \u00e1gua fria pode retardar a dem\u00eancia, sugere pesquisa - Jornal Fatos e Not\u00edcias","robots":{"index":"index","follow":"follow","max-snippet":"max-snippet:-1","max-image-preview":"max-image-preview:large","max-video-preview":"max-video-preview:-1"},"canonical":"https:\/\/jornalfatosenoticias.com.br\/index.php\/2020\/10\/23\/natacao-em-agua-fria-pode-retardar-a-demencia-sugere-pesquisa\/","og_locale":"pt_BR","og_type":"article","og_title":"Nata\u00e7\u00e3o em \u00e1gua fria pode retardar a dem\u00eancia, sugere pesquisa - Jornal Fatos e Not\u00edcias","og_description":"A nata\u00e7\u00e3o em \u00e1gua fria pode ajudar a retardar doen\u00e7as neurodegenerativas, como a dem\u00eancia. Isto \u00e9 o que sugere uma pesquisa feita pela Universidade de Cambridge. Ap\u00f3s monitorar nadadores da piscina p\u00fablica de Parliament Hill Lido em Londres entre 2016 e 2018, os pesquisadores identificaram o aumento dos n\u00edveis da RBM3, que \u00e9 ativada pelo [&hellip;]","og_url":"https:\/\/jornalfatosenoticias.com.br\/index.php\/2020\/10\/23\/natacao-em-agua-fria-pode-retardar-a-demencia-sugere-pesquisa\/","og_site_name":"Jornal Fatos e Not\u00edcias","article_published_time":"2020-10-23T17:46:36+00:00","article_modified_time":"2020-10-23T17:46:39+00:00","og_image":[{"width":1000,"height":531,"url":"https:\/\/jornalfatosenoticias.com.br\/wp-content\/uploads\/2020\/10\/natacao-em-agua-fria-pode-retardar-a-demencia-sugere-pesquisa.jpg","type":"image\/jpeg"}],"author":"Luzimara Fernandes","twitter_card":"summary_large_image","twitter_misc":{"Escrito por":"Luzimara Fernandes","Est. tempo de leitura":"2 minutos"},"schema":{"@context":"https:\/\/schema.org","@graph":[{"@type":"Article","@id":"https:\/\/jornalfatosenoticias.com.br\/index.php\/2020\/10\/23\/natacao-em-agua-fria-pode-retardar-a-demencia-sugere-pesquisa\/#article","isPartOf":{"@id":"https:\/\/jornalfatosenoticias.com.br\/index.php\/2020\/10\/23\/natacao-em-agua-fria-pode-retardar-a-demencia-sugere-pesquisa\/"},"author":{"name":"Luzimara Fernandes","@id":"https:\/\/jornalfatosenoticias.com.br\/#\/schema\/person\/d63837fa13ac8666eb9e74e0985d6f81"},"headline":"Nata\u00e7\u00e3o em \u00e1gua fria pode retardar a dem\u00eancia, sugere pesquisa","datePublished":"2020-10-23T17:46:36+00:00","dateModified":"2020-10-23T17:46:39+00:00","mainEntityOfPage":{"@id":"https:\/\/jornalfatosenoticias.com.br\/index.php\/2020\/10\/23\/natacao-em-agua-fria-pode-retardar-a-demencia-sugere-pesquisa\/"},"wordCount":411,"commentCount":0,"publisher":{"@id":"https:\/\/jornalfatosenoticias.com.br\/#organization"},"image":{"@id":"https:\/\/jornalfatosenoticias.com.br\/index.php\/2020\/10\/23\/natacao-em-agua-fria-pode-retardar-a-demencia-sugere-pesquisa\/#primaryimage"},"thumbnailUrl":"https:\/\/jornalfatosenoticias.com.br\/wp-content\/uploads\/2020\/10\/natacao-em-agua-fria-pode-retardar-a-demencia-sugere-pesquisa.jpg","keywords":["dem\u00eancia","idosos","nata\u00e7\u00e3o","pesquisa"],"articleSection":["Sa\u00fade"],"inLanguage":"pt-BR","potentialAction":[{"@type":"CommentAction","name":"Comment","target":["https:\/\/jornalfatosenoticias.com.br\/index.php\/2020\/10\/23\/natacao-em-agua-fria-pode-retardar-a-demencia-sugere-pesquisa\/#respond"]}]},{"@type":"WebPage","@id":"https:\/\/jornalfatosenoticias.com.br\/index.php\/2020\/10\/23\/natacao-em-agua-fria-pode-retardar-a-demencia-sugere-pesquisa\/","url":"https:\/\/jornalfatosenoticias.com.br\/index.php\/2020\/10\/23\/natacao-em-agua-fria-pode-retardar-a-demencia-sugere-pesquisa\/","name":"Nata\u00e7\u00e3o em \u00e1gua fria pode retardar a dem\u00eancia, sugere pesquisa - Jornal Fatos e Not\u00edcias","isPartOf":{"@id":"https:\/\/jornalfatosenoticias.com.br\/#website"},"primaryImageOfPage":{"@id":"https:\/\/jornalfatosenoticias.com.br\/index.php\/2020\/10\/23\/natacao-em-agua-fria-pode-retardar-a-demencia-sugere-pesquisa\/#primaryimage"},"image":{"@id":"https:\/\/jornalfatosenoticias.com.br\/index.php\/2020\/10\/23\/natacao-em-agua-fria-pode-retardar-a-demencia-sugere-pesquisa\/#primaryimage"},"thumbnailUrl":"https:\/\/jornalfatosenoticias.com.br\/wp-content\/uploads\/2020\/10\/natacao-em-agua-fria-pode-retardar-a-demencia-sugere-pesquisa.jpg","datePublished":"2020-10-23T17:46:36+00:00","dateModified":"2020-10-23T17:46:39+00:00","breadcrumb":{"@id":"https:\/\/jornalfatosenoticias.com.br\/index.php\/2020\/10\/23\/natacao-em-agua-fria-pode-retardar-a-demencia-sugere-pesquisa\/#breadcrumb"},"inLanguage":"pt-BR","potentialAction":[{"@type":"ReadAction","target":["https:\/\/jornalfatosenoticias.com.br\/index.php\/2020\/10\/23\/natacao-em-agua-fria-pode-retardar-a-demencia-sugere-pesquisa\/"]}]},{"@type":"ImageObject","inLanguage":"pt-BR","@id":"https:\/\/jornalfatosenoticias.com.br\/index.php\/2020\/10\/23\/natacao-em-agua-fria-pode-retardar-a-demencia-sugere-pesquisa\/#primaryimage","url":"https:\/\/jornalfatosenoticias.com.br\/wp-content\/uploads\/2020\/10\/natacao-em-agua-fria-pode-retardar-a-demencia-sugere-pesquisa.jpg","contentUrl":"https:\/\/jornalfatosenoticias.com.br\/wp-content\/uploads\/2020\/10\/natacao-em-agua-fria-pode-retardar-a-demencia-sugere-pesquisa.jpg","width":1000,"height":531},{"@type":"BreadcrumbList","@id":"https:\/\/jornalfatosenoticias.com.br\/index.php\/2020\/10\/23\/natacao-em-agua-fria-pode-retardar-a-demencia-sugere-pesquisa\/#breadcrumb","itemListElement":[{"@type":"ListItem","position":1,"name":"In\u00edcio","item":"https:\/\/jornalfatosenoticias.com.br\/"},{"@type":"ListItem","position":2,"name":"Nata\u00e7\u00e3o em \u00e1gua fria pode retardar a dem\u00eancia, sugere pesquisa"}]},{"@type":"WebSite","@id":"https:\/\/jornalfatosenoticias.com.br\/#website","url":"https:\/\/jornalfatosenoticias.com.br\/","name":"Jornal Fatos e Not\u00edcias","description":"Not\u00edcias em geral","publisher":{"@id":"https:\/\/jornalfatosenoticias.com.br\/#organization"},"potentialAction":[{"@type":"SearchAction","target":{"@type":"EntryPoint","urlTemplate":"https:\/\/jornalfatosenoticias.com.br\/?s={search_term_string}"},"query-input":{"@type":"PropertyValueSpecification","valueRequired":true,"valueName":"search_term_string"}}],"inLanguage":"pt-BR"},{"@type":"Organization","@id":"https:\/\/jornalfatosenoticias.com.br\/#organization","name":"Jornal Fatos e Not\u00edcias","url":"https:\/\/jornalfatosenoticias.com.br\/","logo":{"@type":"ImageObject","inLanguage":"pt-BR","@id":"https:\/\/jornalfatosenoticias.com.br\/#\/schema\/logo\/image\/","url":"https:\/\/jornalfatosenoticias.com.br\/wp-content\/uploads\/2020\/02\/logo120.png","contentUrl":"https:\/\/jornalfatosenoticias.com.br\/wp-content\/uploads\/2020\/02\/logo120.png","width":1227,"height":120,"caption":"Jornal Fatos e Not\u00edcias"},"image":{"@id":"https:\/\/jornalfatosenoticias.com.br\/#\/schema\/logo\/image\/"}},{"@type":"Person","@id":"https:\/\/jornalfatosenoticias.com.br\/#\/schema\/person\/d63837fa13ac8666eb9e74e0985d6f81","name":"Luzimara Fernandes","image":{"@type":"ImageObject","inLanguage":"pt-BR","@id":"https:\/\/jornalfatosenoticias.com.br\/#\/schema\/person\/image\/","url":"https:\/\/jornalfatosenoticias.com.br\/wp-content\/uploads\/2025\/05\/EU_portal.jpg","contentUrl":"https:\/\/jornalfatosenoticias.com.br\/wp-content\/uploads\/2025\/05\/EU_portal.jpg","caption":"Luzimara Fernandes"},"description":"Jornalista MTB 2358-ES","sameAs":["https:\/\/jornalfatosenoticias.com.br"],"url":"https:\/\/jornalfatosenoticias.com.br\/index.php\/author\/luzimara\/"}]}},"cc_featured_image_caption":{"caption_text":"(Foto: Go Outside) \r\n","source_text":"","source_url":""},"jetpack_featured_media_url":"https:\/\/jornalfatosenoticias.com.br\/wp-content\/uploads\/2020\/10\/natacao-em-agua-fria-pode-retardar-a-demencia-sugere-pesquisa.jpg","_links":{"self":[{"href":"https:\/\/jornalfatosenoticias.com.br\/index.php\/wp-json\/wp\/v2\/posts\/10340","targetHints":{"allow":["GET"]}}],"collection":[{"href":"https:\/\/jornalfatosenoticias.com.br\/index.php\/wp-json\/wp\/v2\/posts"}],"about":[{"href":"https:\/\/jornalfatosenoticias.com.br\/index.php\/wp-json\/wp\/v2\/types\/post"}],"author":[{"embeddable":true,"href":"https:\/\/jornalfatosenoticias.com.br\/index.php\/wp-json\/wp\/v2\/users\/2"}],"replies":[{"embeddable":true,"href":"https:\/\/jornalfatosenoticias.com.br\/index.php\/wp-json\/wp\/v2\/comments?post=10340"}],"version-history":[{"count":0,"href":"https:\/\/jornalfatosenoticias.com.br\/index.php\/wp-json\/wp\/v2\/posts\/10340\/revisions"}],"wp:featuredmedia":[{"embeddable":true,"href":"https:\/\/jornalfatosenoticias.com.br\/index.php\/wp-json\/wp\/v2\/media\/10341"}],"wp:attachment":[{"href":"https:\/\/jornalfatosenoticias.com.br\/index.php\/wp-json\/wp\/v2\/media?parent=10340"}],"wp:term":[{"taxonomy":"category","embeddable":true,"href":"https:\/\/jornalfatosenoticias.com.br\/index.php\/wp-json\/wp\/v2\/categories?post=10340"},{"taxonomy":"post_tag","embeddable":true,"href":"https:\/\/jornalfatosenoticias.com.br\/index.php\/wp-json\/wp\/v2\/tags?post=10340"}],"curies":[{"name":"wp","href":"https:\/\/api.w.org\/{rel}","templated":true}]}}