{"id":10343,"date":"2020-10-23T14:50:41","date_gmt":"2020-10-23T17:50:41","guid":{"rendered":"https:\/\/jornalfatosenoticias.com.br\/?p=10343"},"modified":"2020-10-23T14:50:45","modified_gmt":"2020-10-23T17:50:45","slug":"entulho-e-transformado-em-casinhas-para-caes-abandonados","status":"publish","type":"post","link":"https:\/\/jornalfatosenoticias.com.br\/index.php\/2020\/10\/23\/entulho-e-transformado-em-casinhas-para-caes-abandonados\/","title":{"rendered":"Entulho \u00e9 transformado em casinhas para c\u00e3es abandonados"},"content":{"rendered":"\n<h6 class=\"wp-block-heading\"><em>Abrigos caninos est\u00e3o sendo constru\u00eddos em Centro de Deten\u00e7\u00e3o Provis\u00f3ria<\/em><\/h6>\n\n\n\n<p>Presos do Centro de Deten\u00e7\u00e3o Provis\u00f3ria (CDP) \u201cASP Sandro Alves da Silva\u201d de Serra Azul, munic\u00edpio do estado de S\u00e3o Paulo, est\u00e3o aproveitando madeiras que seriam descartadas como entulho para a constru\u00e7\u00e3o de casinhas de cachorros.<br>A iniciativa, que recebeu o nome de \u201cProjeto Acolher\u201d, nasceu quando o diretor da unidade, Valdemar Alves dos Santos, viu uma publica\u00e7\u00e3o na rede social de um empres\u00e1rio de Serrana sobre instala\u00e7\u00e3o de pontos de alimenta\u00e7\u00e3o e de bebedouros para animais em situa\u00e7\u00e3o de rua.<br>\u201cEntrei em contato com o Wagner [empres\u00e1rio] para falar sobre um projeto semelhante desenvolvido em outro pres\u00eddio da Secretaria da Administra\u00e7\u00e3o Penitenci\u00e1ria [SAP], que era a constru\u00e7\u00e3o de casinhas para c\u00e3es, e me coloquei \u00e0 disposi\u00e7\u00e3o para desenvolver essa a\u00e7\u00e3o tamb\u00e9m no CDP de Serra Azul\u201d, conta Santos.<br>A oportunidade de obter mat\u00e9ria-prima para a produ\u00e7\u00e3o das casinhas surgiu durante a reforma de uma quadra municipal de esportes, cujo piso de madeira seria substitu\u00eddo. \u201cO Wagner teve conhecimento de que a madeira, inicialmente, seria descartada como entulho. Ent\u00e3o, conseguimos que o munic\u00edpio doasse o material para o nosso projeto\u201d, frisa o diretor.<\/p>\n\n\n\n<h4 class=\"wp-block-heading\">De demoli\u00e7\u00e3o a constru\u00e7\u00e3o<\/h4>\n\n\n\n<p>J\u00e1 com a mat\u00e9ria-prima em m\u00e3o, o projeto come\u00e7ou a ser executado. Empres\u00e1rios de Serrana, engajados na causa, ficaram respons\u00e1veis pelo fornecimento de outros materiais, como pregos, parafusos e lixas, por exemplo, enquanto a unidade prisional disponibilizou a m\u00e3o de obra carcer\u00e1ria para a confec\u00e7\u00e3o das casinhas.<br>Quatro presos, que j\u00e1 atuavam no trabalho de marcenaria, iniciaram a constru\u00e7\u00e3o das casas, de forma volunt\u00e1ria. \u201cAs madeiras foram cortadas em v\u00e1rios tamanhos, lixadas, plainadas e furadas. At\u00e9 o momento, foram montadas dez casinhas para c\u00e3es\u201d, enumera Santos.<br>O diretor explica ainda que, na medida em que as casas forem sendo constru\u00eddas, ser\u00e3o distribu\u00eddas a entidades de prote\u00e7\u00e3o animal que realizam feiras de ado\u00e7\u00e3o na cidade e regi\u00e3o. \u201cO objetivo \u00e9 que, ao adotar um animal, a pessoa ganhe uma casinha para o seu novo bichinho de estima\u00e7\u00e3o\u201d, explica.<br>Parceiro no projeto, o empres\u00e1rio Wagner C\u00e2ndido destaca que a distribui\u00e7\u00e3o das casinhas para ONGs de prote\u00e7\u00e3o animal deve incentivar a ado\u00e7\u00e3o de pets de rua. \u201cN\u00e3o podemos deixar de citar, tamb\u00e9m, os benef\u00edcios para os presos. Existe a possibilidade de ressocializa\u00e7\u00e3o do detento, aliando o trabalho a esse projeto social\u201d, pontua.<br>Um dos reeducandos que atua na constru\u00e7\u00e3o das casinhas, Ronaldo C\u00e9sar Justino, de 52 anos, destaca que a iniciativa colabora para a reinser\u00e7\u00e3o do preso ao conv\u00edvio social e tamb\u00e9m com a causa animal. \u201cAl\u00e9m de ocupar o tempo, ocupa a mente. \u00c9 bom saber que estamos pagando a nossa d\u00edvida com a sociedade e ainda ajudando a cuidar dos animais abandonados. Participar desse projeto nos ajuda a recuperar a autoestima\u201d, finaliza.<\/p>\n\n\n\n<p><strong><em>Fonte: <a href=\"https:\/\/ciclovivo.com.br\/inovacao\/inspiracao\/entulho-casinhas-para-caes-abandonados\/#:~:text=Presos%20do%20Centro%20de%20Deten%C3%A7%C3%A3o,constru%C3%A7%C3%A3o%20de%20casinhas%20de%20cachorros.\">CicloVivo<\/a><\/em><\/strong><\/p>\n","protected":false},"excerpt":{"rendered":"<p>Abrigos caninos est\u00e3o sendo constru\u00eddos em Centro de Deten\u00e7\u00e3o Provis\u00f3ria Presos do Centro de Deten\u00e7\u00e3o Provis\u00f3ria (CDP) \u201cASP Sandro Alves da Silva\u201d de Serra Azul, munic\u00edpio do estado de S\u00e3o Paulo, est\u00e3o aproveitando madeiras que seriam descartadas como entulho para a constru\u00e7\u00e3o de casinhas de cachorros.A iniciativa, que recebeu o nome de \u201cProjeto Acolher\u201d, nasceu [&hellip;]<\/p>\n","protected":false},"author":2,"featured_media":10344,"comment_status":"open","ping_status":"open","sticky":false,"template":"","format":"standard","meta":{"footnotes":""},"categories":[5],"tags":[5540,5539,5541,775,5542],"class_list":["post-10343","post","type-post","status-publish","format-standard","has-post-thumbnail","hentry","category-geral","tag-caes-abandonados","tag-casinhas-para-caes","tag-entulho","tag-ong","tag-presos"],"yoast_head":"<!-- This site is optimized with the Yoast SEO plugin v26.5 - https:\/\/yoast.com\/wordpress\/plugins\/seo\/ -->\n<title>Entulho \u00e9 transformado em casinhas para c\u00e3es abandonados - Jornal Fatos e Not\u00edcias<\/title>\n<meta name=\"robots\" content=\"index, follow, max-snippet:-1, max-image-preview:large, max-video-preview:-1\" \/>\n<link rel=\"canonical\" href=\"https:\/\/jornalfatosenoticias.com.br\/index.php\/2020\/10\/23\/entulho-e-transformado-em-casinhas-para-caes-abandonados\/\" \/>\n<meta property=\"og:locale\" content=\"pt_BR\" \/>\n<meta property=\"og:type\" content=\"article\" \/>\n<meta property=\"og:title\" content=\"Entulho \u00e9 transformado em casinhas para c\u00e3es abandonados - Jornal Fatos e Not\u00edcias\" \/>\n<meta property=\"og:description\" content=\"Abrigos caninos est\u00e3o sendo constru\u00eddos em Centro de Deten\u00e7\u00e3o Provis\u00f3ria Presos do Centro de Deten\u00e7\u00e3o Provis\u00f3ria (CDP) \u201cASP Sandro Alves da Silva\u201d de Serra Azul, munic\u00edpio do estado de S\u00e3o Paulo, est\u00e3o aproveitando madeiras que seriam descartadas como entulho para a constru\u00e7\u00e3o de casinhas de cachorros.A iniciativa, que recebeu o nome de \u201cProjeto Acolher\u201d, nasceu [&hellip;]\" \/>\n<meta property=\"og:url\" content=\"https:\/\/jornalfatosenoticias.com.br\/index.php\/2020\/10\/23\/entulho-e-transformado-em-casinhas-para-caes-abandonados\/\" \/>\n<meta property=\"og:site_name\" content=\"Jornal Fatos e Not\u00edcias\" \/>\n<meta property=\"article:published_time\" content=\"2020-10-23T17:50:41+00:00\" \/>\n<meta property=\"article:modified_time\" content=\"2020-10-23T17:50:45+00:00\" \/>\n<meta property=\"og:image\" content=\"https:\/\/jornalfatosenoticias.com.br\/wp-content\/uploads\/2020\/10\/casinhas-para-caes.jpg\" \/>\n\t<meta property=\"og:image:width\" content=\"1000\" \/>\n\t<meta property=\"og:image:height\" content=\"561\" \/>\n\t<meta property=\"og:image:type\" content=\"image\/jpeg\" \/>\n<meta name=\"author\" content=\"Luzimara Fernandes\" \/>\n<meta name=\"twitter:card\" content=\"summary_large_image\" \/>\n<meta name=\"twitter:label1\" content=\"Escrito por\" \/>\n\t<meta name=\"twitter:data1\" content=\"Luzimara Fernandes\" \/>\n\t<meta name=\"twitter:label2\" content=\"Est. tempo de leitura\" \/>\n\t<meta name=\"twitter:data2\" content=\"3 minutos\" \/>\n<script type=\"application\/ld+json\" class=\"yoast-schema-graph\">{\"@context\":\"https:\/\/schema.org\",\"@graph\":[{\"@type\":\"Article\",\"@id\":\"https:\/\/jornalfatosenoticias.com.br\/index.php\/2020\/10\/23\/entulho-e-transformado-em-casinhas-para-caes-abandonados\/#article\",\"isPartOf\":{\"@id\":\"https:\/\/jornalfatosenoticias.com.br\/index.php\/2020\/10\/23\/entulho-e-transformado-em-casinhas-para-caes-abandonados\/\"},\"author\":{\"name\":\"Luzimara Fernandes\",\"@id\":\"https:\/\/jornalfatosenoticias.com.br\/#\/schema\/person\/d63837fa13ac8666eb9e74e0985d6f81\"},\"headline\":\"Entulho \u00e9 transformado em casinhas para c\u00e3es abandonados\",\"datePublished\":\"2020-10-23T17:50:41+00:00\",\"dateModified\":\"2020-10-23T17:50:45+00:00\",\"mainEntityOfPage\":{\"@id\":\"https:\/\/jornalfatosenoticias.com.br\/index.php\/2020\/10\/23\/entulho-e-transformado-em-casinhas-para-caes-abandonados\/\"},\"wordCount\":530,\"commentCount\":0,\"publisher\":{\"@id\":\"https:\/\/jornalfatosenoticias.com.br\/#organization\"},\"image\":{\"@id\":\"https:\/\/jornalfatosenoticias.com.br\/index.php\/2020\/10\/23\/entulho-e-transformado-em-casinhas-para-caes-abandonados\/#primaryimage\"},\"thumbnailUrl\":\"https:\/\/jornalfatosenoticias.com.br\/wp-content\/uploads\/2020\/10\/casinhas-para-caes.jpg\",\"keywords\":[\"c\u00e3es abandonados\",\"casinhas para c\u00e3es\",\"entulho\",\"ONG\",\"presos\"],\"articleSection\":[\"Geral\"],\"inLanguage\":\"pt-BR\",\"potentialAction\":[{\"@type\":\"CommentAction\",\"name\":\"Comment\",\"target\":[\"https:\/\/jornalfatosenoticias.com.br\/index.php\/2020\/10\/23\/entulho-e-transformado-em-casinhas-para-caes-abandonados\/#respond\"]}]},{\"@type\":\"WebPage\",\"@id\":\"https:\/\/jornalfatosenoticias.com.br\/index.php\/2020\/10\/23\/entulho-e-transformado-em-casinhas-para-caes-abandonados\/\",\"url\":\"https:\/\/jornalfatosenoticias.com.br\/index.php\/2020\/10\/23\/entulho-e-transformado-em-casinhas-para-caes-abandonados\/\",\"name\":\"Entulho \u00e9 transformado em casinhas para c\u00e3es abandonados - Jornal Fatos e Not\u00edcias\",\"isPartOf\":{\"@id\":\"https:\/\/jornalfatosenoticias.com.br\/#website\"},\"primaryImageOfPage\":{\"@id\":\"https:\/\/jornalfatosenoticias.com.br\/index.php\/2020\/10\/23\/entulho-e-transformado-em-casinhas-para-caes-abandonados\/#primaryimage\"},\"image\":{\"@id\":\"https:\/\/jornalfatosenoticias.com.br\/index.php\/2020\/10\/23\/entulho-e-transformado-em-casinhas-para-caes-abandonados\/#primaryimage\"},\"thumbnailUrl\":\"https:\/\/jornalfatosenoticias.com.br\/wp-content\/uploads\/2020\/10\/casinhas-para-caes.jpg\",\"datePublished\":\"2020-10-23T17:50:41+00:00\",\"dateModified\":\"2020-10-23T17:50:45+00:00\",\"breadcrumb\":{\"@id\":\"https:\/\/jornalfatosenoticias.com.br\/index.php\/2020\/10\/23\/entulho-e-transformado-em-casinhas-para-caes-abandonados\/#breadcrumb\"},\"inLanguage\":\"pt-BR\",\"potentialAction\":[{\"@type\":\"ReadAction\",\"target\":[\"https:\/\/jornalfatosenoticias.com.br\/index.php\/2020\/10\/23\/entulho-e-transformado-em-casinhas-para-caes-abandonados\/\"]}]},{\"@type\":\"ImageObject\",\"inLanguage\":\"pt-BR\",\"@id\":\"https:\/\/jornalfatosenoticias.com.br\/index.php\/2020\/10\/23\/entulho-e-transformado-em-casinhas-para-caes-abandonados\/#primaryimage\",\"url\":\"https:\/\/jornalfatosenoticias.com.br\/wp-content\/uploads\/2020\/10\/casinhas-para-caes.jpg\",\"contentUrl\":\"https:\/\/jornalfatosenoticias.com.br\/wp-content\/uploads\/2020\/10\/casinhas-para-caes.jpg\",\"width\":1000,\"height\":561},{\"@type\":\"BreadcrumbList\",\"@id\":\"https:\/\/jornalfatosenoticias.com.br\/index.php\/2020\/10\/23\/entulho-e-transformado-em-casinhas-para-caes-abandonados\/#breadcrumb\",\"itemListElement\":[{\"@type\":\"ListItem\",\"position\":1,\"name\":\"In\u00edcio\",\"item\":\"https:\/\/jornalfatosenoticias.com.br\/\"},{\"@type\":\"ListItem\",\"position\":2,\"name\":\"Entulho \u00e9 transformado em casinhas para c\u00e3es abandonados\"}]},{\"@type\":\"WebSite\",\"@id\":\"https:\/\/jornalfatosenoticias.com.br\/#website\",\"url\":\"https:\/\/jornalfatosenoticias.com.br\/\",\"name\":\"Jornal Fatos e Not\u00edcias\",\"description\":\"Not\u00edcias em geral\",\"publisher\":{\"@id\":\"https:\/\/jornalfatosenoticias.com.br\/#organization\"},\"potentialAction\":[{\"@type\":\"SearchAction\",\"target\":{\"@type\":\"EntryPoint\",\"urlTemplate\":\"https:\/\/jornalfatosenoticias.com.br\/?s={search_term_string}\"},\"query-input\":{\"@type\":\"PropertyValueSpecification\",\"valueRequired\":true,\"valueName\":\"search_term_string\"}}],\"inLanguage\":\"pt-BR\"},{\"@type\":\"Organization\",\"@id\":\"https:\/\/jornalfatosenoticias.com.br\/#organization\",\"name\":\"Jornal Fatos e Not\u00edcias\",\"url\":\"https:\/\/jornalfatosenoticias.com.br\/\",\"logo\":{\"@type\":\"ImageObject\",\"inLanguage\":\"pt-BR\",\"@id\":\"https:\/\/jornalfatosenoticias.com.br\/#\/schema\/logo\/image\/\",\"url\":\"https:\/\/jornalfatosenoticias.com.br\/wp-content\/uploads\/2020\/02\/logo120.png\",\"contentUrl\":\"https:\/\/jornalfatosenoticias.com.br\/wp-content\/uploads\/2020\/02\/logo120.png\",\"width\":1227,\"height\":120,\"caption\":\"Jornal Fatos e Not\u00edcias\"},\"image\":{\"@id\":\"https:\/\/jornalfatosenoticias.com.br\/#\/schema\/logo\/image\/\"}},{\"@type\":\"Person\",\"@id\":\"https:\/\/jornalfatosenoticias.com.br\/#\/schema\/person\/d63837fa13ac8666eb9e74e0985d6f81\",\"name\":\"Luzimara Fernandes\",\"image\":{\"@type\":\"ImageObject\",\"inLanguage\":\"pt-BR\",\"@id\":\"https:\/\/jornalfatosenoticias.com.br\/#\/schema\/person\/image\/\",\"url\":\"https:\/\/jornalfatosenoticias.com.br\/wp-content\/uploads\/2025\/05\/EU_portal.jpg\",\"contentUrl\":\"https:\/\/jornalfatosenoticias.com.br\/wp-content\/uploads\/2025\/05\/EU_portal.jpg\",\"caption\":\"Luzimara Fernandes\"},\"description\":\"Jornalista MTB 2358-ES\",\"sameAs\":[\"https:\/\/jornalfatosenoticias.com.br\"],\"url\":\"https:\/\/jornalfatosenoticias.com.br\/index.php\/author\/luzimara\/\"}]}<\/script>\n<!-- \/ Yoast SEO plugin. -->","yoast_head_json":{"title":"Entulho \u00e9 transformado em casinhas para c\u00e3es abandonados - Jornal Fatos e Not\u00edcias","robots":{"index":"index","follow":"follow","max-snippet":"max-snippet:-1","max-image-preview":"max-image-preview:large","max-video-preview":"max-video-preview:-1"},"canonical":"https:\/\/jornalfatosenoticias.com.br\/index.php\/2020\/10\/23\/entulho-e-transformado-em-casinhas-para-caes-abandonados\/","og_locale":"pt_BR","og_type":"article","og_title":"Entulho \u00e9 transformado em casinhas para c\u00e3es abandonados - Jornal Fatos e Not\u00edcias","og_description":"Abrigos caninos est\u00e3o sendo constru\u00eddos em Centro de Deten\u00e7\u00e3o Provis\u00f3ria Presos do Centro de Deten\u00e7\u00e3o Provis\u00f3ria (CDP) \u201cASP Sandro Alves da Silva\u201d de Serra Azul, munic\u00edpio do estado de S\u00e3o Paulo, est\u00e3o aproveitando madeiras que seriam descartadas como entulho para a constru\u00e7\u00e3o de casinhas de cachorros.A iniciativa, que recebeu o nome de \u201cProjeto Acolher\u201d, nasceu [&hellip;]","og_url":"https:\/\/jornalfatosenoticias.com.br\/index.php\/2020\/10\/23\/entulho-e-transformado-em-casinhas-para-caes-abandonados\/","og_site_name":"Jornal Fatos e Not\u00edcias","article_published_time":"2020-10-23T17:50:41+00:00","article_modified_time":"2020-10-23T17:50:45+00:00","og_image":[{"width":1000,"height":561,"url":"https:\/\/jornalfatosenoticias.com.br\/wp-content\/uploads\/2020\/10\/casinhas-para-caes.jpg","type":"image\/jpeg"}],"author":"Luzimara Fernandes","twitter_card":"summary_large_image","twitter_misc":{"Escrito por":"Luzimara Fernandes","Est. tempo de leitura":"3 minutos"},"schema":{"@context":"https:\/\/schema.org","@graph":[{"@type":"Article","@id":"https:\/\/jornalfatosenoticias.com.br\/index.php\/2020\/10\/23\/entulho-e-transformado-em-casinhas-para-caes-abandonados\/#article","isPartOf":{"@id":"https:\/\/jornalfatosenoticias.com.br\/index.php\/2020\/10\/23\/entulho-e-transformado-em-casinhas-para-caes-abandonados\/"},"author":{"name":"Luzimara Fernandes","@id":"https:\/\/jornalfatosenoticias.com.br\/#\/schema\/person\/d63837fa13ac8666eb9e74e0985d6f81"},"headline":"Entulho \u00e9 transformado em casinhas para c\u00e3es abandonados","datePublished":"2020-10-23T17:50:41+00:00","dateModified":"2020-10-23T17:50:45+00:00","mainEntityOfPage":{"@id":"https:\/\/jornalfatosenoticias.com.br\/index.php\/2020\/10\/23\/entulho-e-transformado-em-casinhas-para-caes-abandonados\/"},"wordCount":530,"commentCount":0,"publisher":{"@id":"https:\/\/jornalfatosenoticias.com.br\/#organization"},"image":{"@id":"https:\/\/jornalfatosenoticias.com.br\/index.php\/2020\/10\/23\/entulho-e-transformado-em-casinhas-para-caes-abandonados\/#primaryimage"},"thumbnailUrl":"https:\/\/jornalfatosenoticias.com.br\/wp-content\/uploads\/2020\/10\/casinhas-para-caes.jpg","keywords":["c\u00e3es abandonados","casinhas para c\u00e3es","entulho","ONG","presos"],"articleSection":["Geral"],"inLanguage":"pt-BR","potentialAction":[{"@type":"CommentAction","name":"Comment","target":["https:\/\/jornalfatosenoticias.com.br\/index.php\/2020\/10\/23\/entulho-e-transformado-em-casinhas-para-caes-abandonados\/#respond"]}]},{"@type":"WebPage","@id":"https:\/\/jornalfatosenoticias.com.br\/index.php\/2020\/10\/23\/entulho-e-transformado-em-casinhas-para-caes-abandonados\/","url":"https:\/\/jornalfatosenoticias.com.br\/index.php\/2020\/10\/23\/entulho-e-transformado-em-casinhas-para-caes-abandonados\/","name":"Entulho \u00e9 transformado em casinhas para c\u00e3es abandonados - Jornal Fatos e Not\u00edcias","isPartOf":{"@id":"https:\/\/jornalfatosenoticias.com.br\/#website"},"primaryImageOfPage":{"@id":"https:\/\/jornalfatosenoticias.com.br\/index.php\/2020\/10\/23\/entulho-e-transformado-em-casinhas-para-caes-abandonados\/#primaryimage"},"image":{"@id":"https:\/\/jornalfatosenoticias.com.br\/index.php\/2020\/10\/23\/entulho-e-transformado-em-casinhas-para-caes-abandonados\/#primaryimage"},"thumbnailUrl":"https:\/\/jornalfatosenoticias.com.br\/wp-content\/uploads\/2020\/10\/casinhas-para-caes.jpg","datePublished":"2020-10-23T17:50:41+00:00","dateModified":"2020-10-23T17:50:45+00:00","breadcrumb":{"@id":"https:\/\/jornalfatosenoticias.com.br\/index.php\/2020\/10\/23\/entulho-e-transformado-em-casinhas-para-caes-abandonados\/#breadcrumb"},"inLanguage":"pt-BR","potentialAction":[{"@type":"ReadAction","target":["https:\/\/jornalfatosenoticias.com.br\/index.php\/2020\/10\/23\/entulho-e-transformado-em-casinhas-para-caes-abandonados\/"]}]},{"@type":"ImageObject","inLanguage":"pt-BR","@id":"https:\/\/jornalfatosenoticias.com.br\/index.php\/2020\/10\/23\/entulho-e-transformado-em-casinhas-para-caes-abandonados\/#primaryimage","url":"https:\/\/jornalfatosenoticias.com.br\/wp-content\/uploads\/2020\/10\/casinhas-para-caes.jpg","contentUrl":"https:\/\/jornalfatosenoticias.com.br\/wp-content\/uploads\/2020\/10\/casinhas-para-caes.jpg","width":1000,"height":561},{"@type":"BreadcrumbList","@id":"https:\/\/jornalfatosenoticias.com.br\/index.php\/2020\/10\/23\/entulho-e-transformado-em-casinhas-para-caes-abandonados\/#breadcrumb","itemListElement":[{"@type":"ListItem","position":1,"name":"In\u00edcio","item":"https:\/\/jornalfatosenoticias.com.br\/"},{"@type":"ListItem","position":2,"name":"Entulho \u00e9 transformado em casinhas para c\u00e3es abandonados"}]},{"@type":"WebSite","@id":"https:\/\/jornalfatosenoticias.com.br\/#website","url":"https:\/\/jornalfatosenoticias.com.br\/","name":"Jornal Fatos e Not\u00edcias","description":"Not\u00edcias em geral","publisher":{"@id":"https:\/\/jornalfatosenoticias.com.br\/#organization"},"potentialAction":[{"@type":"SearchAction","target":{"@type":"EntryPoint","urlTemplate":"https:\/\/jornalfatosenoticias.com.br\/?s={search_term_string}"},"query-input":{"@type":"PropertyValueSpecification","valueRequired":true,"valueName":"search_term_string"}}],"inLanguage":"pt-BR"},{"@type":"Organization","@id":"https:\/\/jornalfatosenoticias.com.br\/#organization","name":"Jornal Fatos e Not\u00edcias","url":"https:\/\/jornalfatosenoticias.com.br\/","logo":{"@type":"ImageObject","inLanguage":"pt-BR","@id":"https:\/\/jornalfatosenoticias.com.br\/#\/schema\/logo\/image\/","url":"https:\/\/jornalfatosenoticias.com.br\/wp-content\/uploads\/2020\/02\/logo120.png","contentUrl":"https:\/\/jornalfatosenoticias.com.br\/wp-content\/uploads\/2020\/02\/logo120.png","width":1227,"height":120,"caption":"Jornal Fatos e Not\u00edcias"},"image":{"@id":"https:\/\/jornalfatosenoticias.com.br\/#\/schema\/logo\/image\/"}},{"@type":"Person","@id":"https:\/\/jornalfatosenoticias.com.br\/#\/schema\/person\/d63837fa13ac8666eb9e74e0985d6f81","name":"Luzimara Fernandes","image":{"@type":"ImageObject","inLanguage":"pt-BR","@id":"https:\/\/jornalfatosenoticias.com.br\/#\/schema\/person\/image\/","url":"https:\/\/jornalfatosenoticias.com.br\/wp-content\/uploads\/2025\/05\/EU_portal.jpg","contentUrl":"https:\/\/jornalfatosenoticias.com.br\/wp-content\/uploads\/2025\/05\/EU_portal.jpg","caption":"Luzimara Fernandes"},"description":"Jornalista MTB 2358-ES","sameAs":["https:\/\/jornalfatosenoticias.com.br"],"url":"https:\/\/jornalfatosenoticias.com.br\/index.php\/author\/luzimara\/"}]}},"cc_featured_image_caption":{"caption_text":"(Foto: SAP\/Divulga\u00e7\u00e3o) \r\n\r\n","source_text":"","source_url":""},"jetpack_featured_media_url":"https:\/\/jornalfatosenoticias.com.br\/wp-content\/uploads\/2020\/10\/casinhas-para-caes.jpg","_links":{"self":[{"href":"https:\/\/jornalfatosenoticias.com.br\/index.php\/wp-json\/wp\/v2\/posts\/10343","targetHints":{"allow":["GET"]}}],"collection":[{"href":"https:\/\/jornalfatosenoticias.com.br\/index.php\/wp-json\/wp\/v2\/posts"}],"about":[{"href":"https:\/\/jornalfatosenoticias.com.br\/index.php\/wp-json\/wp\/v2\/types\/post"}],"author":[{"embeddable":true,"href":"https:\/\/jornalfatosenoticias.com.br\/index.php\/wp-json\/wp\/v2\/users\/2"}],"replies":[{"embeddable":true,"href":"https:\/\/jornalfatosenoticias.com.br\/index.php\/wp-json\/wp\/v2\/comments?post=10343"}],"version-history":[{"count":0,"href":"https:\/\/jornalfatosenoticias.com.br\/index.php\/wp-json\/wp\/v2\/posts\/10343\/revisions"}],"wp:featuredmedia":[{"embeddable":true,"href":"https:\/\/jornalfatosenoticias.com.br\/index.php\/wp-json\/wp\/v2\/media\/10344"}],"wp:attachment":[{"href":"https:\/\/jornalfatosenoticias.com.br\/index.php\/wp-json\/wp\/v2\/media?parent=10343"}],"wp:term":[{"taxonomy":"category","embeddable":true,"href":"https:\/\/jornalfatosenoticias.com.br\/index.php\/wp-json\/wp\/v2\/categories?post=10343"},{"taxonomy":"post_tag","embeddable":true,"href":"https:\/\/jornalfatosenoticias.com.br\/index.php\/wp-json\/wp\/v2\/tags?post=10343"}],"curies":[{"name":"wp","href":"https:\/\/api.w.org\/{rel}","templated":true}]}}