{"id":10398,"date":"2020-10-26T12:38:56","date_gmt":"2020-10-26T15:38:56","guid":{"rendered":"https:\/\/jornalfatosenoticias.com.br\/?p=10398"},"modified":"2020-10-26T12:38:57","modified_gmt":"2020-10-26T15:38:57","slug":"na-italia-cachorro-nasce-com-a-cor-verde","status":"publish","type":"post","link":"https:\/\/jornalfatosenoticias.com.br\/index.php\/2020\/10\/26\/na-italia-cachorro-nasce-com-a-cor-verde\/","title":{"rendered":"Na It\u00e1lia, cachorro nasce com a cor verde"},"content":{"rendered":"\n<h6 class=\"wp-block-heading\"><em>Inusitada colora\u00e7\u00e3o fez com que o filhote recebesse o nome de Pistachio, que significa \u2018pistache\u2019 em italiano. Apesar de curioso, caso tem explica\u00e7\u00e3o simples. Confira!<\/em><\/h6>\n\n\n\n<p>No in\u00edcio desse m\u00eas, um fato curioso marcou a ilha de Sardenha, na It\u00e1lia. Tudo come\u00e7ou devido a um fato raro e um tanto quanto curioso. Por l\u00e1, um cachorro nasceu com a cor verde, bem diferente de seus outros oito irm\u00e3ozinhos. As informa\u00e7\u00f5es s\u00e3o do UOL.<br>No \u00faltimo dia 9, o agricultor italiano Cristian Mallocci disse que ficou incr\u00e9dulo quando sua companheira canina, chamada Spelacchia, deu \u00e0 luz a cinco filhotinhos, sendo que quatro deles eram de cor clara, como ela.<br>Por\u00e9m, o outro, veio ao mundo com a pele verde, recebendo, assim, o nome de Pistachio (que significa Pistache em italiano). O epis\u00f3dio \u00e9 raro, mas pode ter uma explica\u00e7\u00e3o bem mais simples do que muitos imaginam.<\/p>\n\n\n\n<figure class=\"wp-block-image size-large\"><img loading=\"lazy\" decoding=\"async\" width=\"1000\" height=\"750\" src=\"https:\/\/jornalfatosenoticias.com.br\/wp-content\/uploads\/2020\/10\/caozinho_verde_2.jpg\" alt=\"\" class=\"wp-image-10399\" srcset=\"https:\/\/jornalfatosenoticias.com.br\/wp-content\/uploads\/2020\/10\/caozinho_verde_2.jpg 1000w, https:\/\/jornalfatosenoticias.com.br\/wp-content\/uploads\/2020\/10\/caozinho_verde_2-300x225.jpg 300w, https:\/\/jornalfatosenoticias.com.br\/wp-content\/uploads\/2020\/10\/caozinho_verde_2-768x576.jpg 768w\" sizes=\"auto, (max-width: 1000px) 100vw, 1000px\" \/><figcaption><em>Pistachio e seus irm\u00e3os (Foto: \u00a9Cristian Mallocci)<\/em><\/figcaption><\/figure>\n\n\n\n<p>Quando est\u00e3o no ventre da m\u00e3e, os filhotinhos de cor clara passam a ter contato com um pigmento verde chamado biliverdin. Por\u00e9m, apesar da caracter\u00edstica \u00fanica, o tom esverdeado n\u00e3o ficar\u00e1 para sempre no doguinho. O verde mais brilhante em seu nascimento, j\u00e1 n\u00e3o est\u00e1 mais brilhante assim. E a tend\u00eancia \u00e9 que a cor suma ao longo da vida do canino.<br>Mallocci informou que pretende ficar com Pistachio para trein\u00e1-lo a cuidar das ovelhas em sua fazenda, que tem posse junto a seu cunhado Giannangelo Liperi. J\u00e1 os outros irm\u00e3os ser\u00e3o entregues para ado\u00e7\u00e3o.<\/p>\n\n\n\n<p><strong><em>Fonte: <a href=\"https:\/\/aventurasnahistoria.uol.com.br\/noticias\/historia-hoje\/raro-filhote-na-italia-cachorro-nasce-com-cor-verde.phtml\">Aventuras na Hist\u00f3ria<\/a><\/em><\/strong><\/p>\n","protected":false},"excerpt":{"rendered":"<p>Inusitada colora\u00e7\u00e3o fez com que o filhote recebesse o nome de Pistachio, que significa \u2018pistache\u2019 em italiano. Apesar de curioso, caso tem explica\u00e7\u00e3o simples. Confira! No in\u00edcio desse m\u00eas, um fato curioso marcou a ilha de Sardenha, na It\u00e1lia. Tudo come\u00e7ou devido a um fato raro e um tanto quanto curioso. Por l\u00e1, um cachorro [&hellip;]<\/p>\n","protected":false},"author":2,"featured_media":10400,"comment_status":"open","ping_status":"open","sticky":false,"template":"","format":"standard","meta":{"footnotes":""},"categories":[41],"tags":[1495,5559,5560,213,124,5561],"class_list":["post-10398","post","type-post","status-publish","format-standard","has-post-thumbnail","hentry","category-internacional","tag-cachorro","tag-cao-verde","tag-caso-raro","tag-filhote","tag-italia","tag-sardenha"],"yoast_head":"<!-- This site is optimized with the Yoast SEO plugin v26.5 - https:\/\/yoast.com\/wordpress\/plugins\/seo\/ -->\n<title>Na It\u00e1lia, cachorro nasce com a cor verde - Jornal Fatos e Not\u00edcias<\/title>\n<meta name=\"robots\" content=\"index, follow, max-snippet:-1, max-image-preview:large, max-video-preview:-1\" \/>\n<link rel=\"canonical\" href=\"https:\/\/jornalfatosenoticias.com.br\/index.php\/2020\/10\/26\/na-italia-cachorro-nasce-com-a-cor-verde\/\" \/>\n<meta property=\"og:locale\" content=\"pt_BR\" \/>\n<meta property=\"og:type\" content=\"article\" \/>\n<meta property=\"og:title\" content=\"Na It\u00e1lia, cachorro nasce com a cor verde - Jornal Fatos e Not\u00edcias\" \/>\n<meta property=\"og:description\" content=\"Inusitada colora\u00e7\u00e3o fez com que o filhote recebesse o nome de Pistachio, que significa \u2018pistache\u2019 em italiano. Apesar de curioso, caso tem explica\u00e7\u00e3o simples. Confira! No in\u00edcio desse m\u00eas, um fato curioso marcou a ilha de Sardenha, na It\u00e1lia. Tudo come\u00e7ou devido a um fato raro e um tanto quanto curioso. Por l\u00e1, um cachorro [&hellip;]\" \/>\n<meta property=\"og:url\" content=\"https:\/\/jornalfatosenoticias.com.br\/index.php\/2020\/10\/26\/na-italia-cachorro-nasce-com-a-cor-verde\/\" \/>\n<meta property=\"og:site_name\" content=\"Jornal Fatos e Not\u00edcias\" \/>\n<meta property=\"article:published_time\" content=\"2020-10-26T15:38:56+00:00\" \/>\n<meta property=\"article:modified_time\" content=\"2020-10-26T15:38:57+00:00\" \/>\n<meta property=\"og:image\" content=\"https:\/\/jornalfatosenoticias.com.br\/wp-content\/uploads\/2020\/10\/caozinho_verde_capa.jpg\" \/>\n\t<meta property=\"og:image:width\" content=\"1000\" \/>\n\t<meta property=\"og:image:height\" content=\"562\" \/>\n\t<meta property=\"og:image:type\" content=\"image\/jpeg\" \/>\n<meta name=\"author\" content=\"Luzimara Fernandes\" \/>\n<meta name=\"twitter:card\" content=\"summary_large_image\" \/>\n<meta name=\"twitter:label1\" content=\"Escrito por\" \/>\n\t<meta name=\"twitter:data1\" content=\"Luzimara Fernandes\" \/>\n\t<meta name=\"twitter:label2\" content=\"Est. tempo de leitura\" \/>\n\t<meta name=\"twitter:data2\" content=\"1 minuto\" \/>\n<script type=\"application\/ld+json\" class=\"yoast-schema-graph\">{\"@context\":\"https:\/\/schema.org\",\"@graph\":[{\"@type\":\"Article\",\"@id\":\"https:\/\/jornalfatosenoticias.com.br\/index.php\/2020\/10\/26\/na-italia-cachorro-nasce-com-a-cor-verde\/#article\",\"isPartOf\":{\"@id\":\"https:\/\/jornalfatosenoticias.com.br\/index.php\/2020\/10\/26\/na-italia-cachorro-nasce-com-a-cor-verde\/\"},\"author\":{\"name\":\"Luzimara Fernandes\",\"@id\":\"https:\/\/jornalfatosenoticias.com.br\/#\/schema\/person\/d63837fa13ac8666eb9e74e0985d6f81\"},\"headline\":\"Na It\u00e1lia, cachorro nasce com a cor verde\",\"datePublished\":\"2020-10-26T15:38:56+00:00\",\"dateModified\":\"2020-10-26T15:38:57+00:00\",\"mainEntityOfPage\":{\"@id\":\"https:\/\/jornalfatosenoticias.com.br\/index.php\/2020\/10\/26\/na-italia-cachorro-nasce-com-a-cor-verde\/\"},\"wordCount\":281,\"commentCount\":0,\"publisher\":{\"@id\":\"https:\/\/jornalfatosenoticias.com.br\/#organization\"},\"image\":{\"@id\":\"https:\/\/jornalfatosenoticias.com.br\/index.php\/2020\/10\/26\/na-italia-cachorro-nasce-com-a-cor-verde\/#primaryimage\"},\"thumbnailUrl\":\"https:\/\/jornalfatosenoticias.com.br\/wp-content\/uploads\/2020\/10\/caozinho_verde_capa.jpg\",\"keywords\":[\"cachorro\",\"c\u00e3o verde\",\"caso raro\",\"filhote\",\"It\u00e1lia\",\"Sardenha\"],\"articleSection\":[\"Internacional\"],\"inLanguage\":\"pt-BR\",\"potentialAction\":[{\"@type\":\"CommentAction\",\"name\":\"Comment\",\"target\":[\"https:\/\/jornalfatosenoticias.com.br\/index.php\/2020\/10\/26\/na-italia-cachorro-nasce-com-a-cor-verde\/#respond\"]}]},{\"@type\":\"WebPage\",\"@id\":\"https:\/\/jornalfatosenoticias.com.br\/index.php\/2020\/10\/26\/na-italia-cachorro-nasce-com-a-cor-verde\/\",\"url\":\"https:\/\/jornalfatosenoticias.com.br\/index.php\/2020\/10\/26\/na-italia-cachorro-nasce-com-a-cor-verde\/\",\"name\":\"Na It\u00e1lia, cachorro nasce com a cor verde - Jornal Fatos e Not\u00edcias\",\"isPartOf\":{\"@id\":\"https:\/\/jornalfatosenoticias.com.br\/#website\"},\"primaryImageOfPage\":{\"@id\":\"https:\/\/jornalfatosenoticias.com.br\/index.php\/2020\/10\/26\/na-italia-cachorro-nasce-com-a-cor-verde\/#primaryimage\"},\"image\":{\"@id\":\"https:\/\/jornalfatosenoticias.com.br\/index.php\/2020\/10\/26\/na-italia-cachorro-nasce-com-a-cor-verde\/#primaryimage\"},\"thumbnailUrl\":\"https:\/\/jornalfatosenoticias.com.br\/wp-content\/uploads\/2020\/10\/caozinho_verde_capa.jpg\",\"datePublished\":\"2020-10-26T15:38:56+00:00\",\"dateModified\":\"2020-10-26T15:38:57+00:00\",\"breadcrumb\":{\"@id\":\"https:\/\/jornalfatosenoticias.com.br\/index.php\/2020\/10\/26\/na-italia-cachorro-nasce-com-a-cor-verde\/#breadcrumb\"},\"inLanguage\":\"pt-BR\",\"potentialAction\":[{\"@type\":\"ReadAction\",\"target\":[\"https:\/\/jornalfatosenoticias.com.br\/index.php\/2020\/10\/26\/na-italia-cachorro-nasce-com-a-cor-verde\/\"]}]},{\"@type\":\"ImageObject\",\"inLanguage\":\"pt-BR\",\"@id\":\"https:\/\/jornalfatosenoticias.com.br\/index.php\/2020\/10\/26\/na-italia-cachorro-nasce-com-a-cor-verde\/#primaryimage\",\"url\":\"https:\/\/jornalfatosenoticias.com.br\/wp-content\/uploads\/2020\/10\/caozinho_verde_capa.jpg\",\"contentUrl\":\"https:\/\/jornalfatosenoticias.com.br\/wp-content\/uploads\/2020\/10\/caozinho_verde_capa.jpg\",\"width\":1000,\"height\":562},{\"@type\":\"BreadcrumbList\",\"@id\":\"https:\/\/jornalfatosenoticias.com.br\/index.php\/2020\/10\/26\/na-italia-cachorro-nasce-com-a-cor-verde\/#breadcrumb\",\"itemListElement\":[{\"@type\":\"ListItem\",\"position\":1,\"name\":\"In\u00edcio\",\"item\":\"https:\/\/jornalfatosenoticias.com.br\/\"},{\"@type\":\"ListItem\",\"position\":2,\"name\":\"Na It\u00e1lia, cachorro nasce com a cor verde\"}]},{\"@type\":\"WebSite\",\"@id\":\"https:\/\/jornalfatosenoticias.com.br\/#website\",\"url\":\"https:\/\/jornalfatosenoticias.com.br\/\",\"name\":\"Jornal Fatos e Not\u00edcias\",\"description\":\"Not\u00edcias em geral\",\"publisher\":{\"@id\":\"https:\/\/jornalfatosenoticias.com.br\/#organization\"},\"potentialAction\":[{\"@type\":\"SearchAction\",\"target\":{\"@type\":\"EntryPoint\",\"urlTemplate\":\"https:\/\/jornalfatosenoticias.com.br\/?s={search_term_string}\"},\"query-input\":{\"@type\":\"PropertyValueSpecification\",\"valueRequired\":true,\"valueName\":\"search_term_string\"}}],\"inLanguage\":\"pt-BR\"},{\"@type\":\"Organization\",\"@id\":\"https:\/\/jornalfatosenoticias.com.br\/#organization\",\"name\":\"Jornal Fatos e Not\u00edcias\",\"url\":\"https:\/\/jornalfatosenoticias.com.br\/\",\"logo\":{\"@type\":\"ImageObject\",\"inLanguage\":\"pt-BR\",\"@id\":\"https:\/\/jornalfatosenoticias.com.br\/#\/schema\/logo\/image\/\",\"url\":\"https:\/\/jornalfatosenoticias.com.br\/wp-content\/uploads\/2020\/02\/logo120.png\",\"contentUrl\":\"https:\/\/jornalfatosenoticias.com.br\/wp-content\/uploads\/2020\/02\/logo120.png\",\"width\":1227,\"height\":120,\"caption\":\"Jornal Fatos e Not\u00edcias\"},\"image\":{\"@id\":\"https:\/\/jornalfatosenoticias.com.br\/#\/schema\/logo\/image\/\"}},{\"@type\":\"Person\",\"@id\":\"https:\/\/jornalfatosenoticias.com.br\/#\/schema\/person\/d63837fa13ac8666eb9e74e0985d6f81\",\"name\":\"Luzimara Fernandes\",\"image\":{\"@type\":\"ImageObject\",\"inLanguage\":\"pt-BR\",\"@id\":\"https:\/\/jornalfatosenoticias.com.br\/#\/schema\/person\/image\/\",\"url\":\"https:\/\/jornalfatosenoticias.com.br\/wp-content\/uploads\/2025\/05\/EU_portal.jpg\",\"contentUrl\":\"https:\/\/jornalfatosenoticias.com.br\/wp-content\/uploads\/2025\/05\/EU_portal.jpg\",\"caption\":\"Luzimara Fernandes\"},\"description\":\"Jornalista MTB 2358-ES\",\"sameAs\":[\"https:\/\/jornalfatosenoticias.com.br\"],\"url\":\"https:\/\/jornalfatosenoticias.com.br\/index.php\/author\/luzimara\/\"}]}<\/script>\n<!-- \/ Yoast SEO plugin. -->","yoast_head_json":{"title":"Na It\u00e1lia, cachorro nasce com a cor verde - Jornal Fatos e Not\u00edcias","robots":{"index":"index","follow":"follow","max-snippet":"max-snippet:-1","max-image-preview":"max-image-preview:large","max-video-preview":"max-video-preview:-1"},"canonical":"https:\/\/jornalfatosenoticias.com.br\/index.php\/2020\/10\/26\/na-italia-cachorro-nasce-com-a-cor-verde\/","og_locale":"pt_BR","og_type":"article","og_title":"Na It\u00e1lia, cachorro nasce com a cor verde - Jornal Fatos e Not\u00edcias","og_description":"Inusitada colora\u00e7\u00e3o fez com que o filhote recebesse o nome de Pistachio, que significa \u2018pistache\u2019 em italiano. Apesar de curioso, caso tem explica\u00e7\u00e3o simples. Confira! No in\u00edcio desse m\u00eas, um fato curioso marcou a ilha de Sardenha, na It\u00e1lia. Tudo come\u00e7ou devido a um fato raro e um tanto quanto curioso. Por l\u00e1, um cachorro [&hellip;]","og_url":"https:\/\/jornalfatosenoticias.com.br\/index.php\/2020\/10\/26\/na-italia-cachorro-nasce-com-a-cor-verde\/","og_site_name":"Jornal Fatos e Not\u00edcias","article_published_time":"2020-10-26T15:38:56+00:00","article_modified_time":"2020-10-26T15:38:57+00:00","og_image":[{"width":1000,"height":562,"url":"https:\/\/jornalfatosenoticias.com.br\/wp-content\/uploads\/2020\/10\/caozinho_verde_capa.jpg","type":"image\/jpeg"}],"author":"Luzimara Fernandes","twitter_card":"summary_large_image","twitter_misc":{"Escrito por":"Luzimara Fernandes","Est. tempo de leitura":"1 minuto"},"schema":{"@context":"https:\/\/schema.org","@graph":[{"@type":"Article","@id":"https:\/\/jornalfatosenoticias.com.br\/index.php\/2020\/10\/26\/na-italia-cachorro-nasce-com-a-cor-verde\/#article","isPartOf":{"@id":"https:\/\/jornalfatosenoticias.com.br\/index.php\/2020\/10\/26\/na-italia-cachorro-nasce-com-a-cor-verde\/"},"author":{"name":"Luzimara Fernandes","@id":"https:\/\/jornalfatosenoticias.com.br\/#\/schema\/person\/d63837fa13ac8666eb9e74e0985d6f81"},"headline":"Na It\u00e1lia, cachorro nasce com a cor verde","datePublished":"2020-10-26T15:38:56+00:00","dateModified":"2020-10-26T15:38:57+00:00","mainEntityOfPage":{"@id":"https:\/\/jornalfatosenoticias.com.br\/index.php\/2020\/10\/26\/na-italia-cachorro-nasce-com-a-cor-verde\/"},"wordCount":281,"commentCount":0,"publisher":{"@id":"https:\/\/jornalfatosenoticias.com.br\/#organization"},"image":{"@id":"https:\/\/jornalfatosenoticias.com.br\/index.php\/2020\/10\/26\/na-italia-cachorro-nasce-com-a-cor-verde\/#primaryimage"},"thumbnailUrl":"https:\/\/jornalfatosenoticias.com.br\/wp-content\/uploads\/2020\/10\/caozinho_verde_capa.jpg","keywords":["cachorro","c\u00e3o verde","caso raro","filhote","It\u00e1lia","Sardenha"],"articleSection":["Internacional"],"inLanguage":"pt-BR","potentialAction":[{"@type":"CommentAction","name":"Comment","target":["https:\/\/jornalfatosenoticias.com.br\/index.php\/2020\/10\/26\/na-italia-cachorro-nasce-com-a-cor-verde\/#respond"]}]},{"@type":"WebPage","@id":"https:\/\/jornalfatosenoticias.com.br\/index.php\/2020\/10\/26\/na-italia-cachorro-nasce-com-a-cor-verde\/","url":"https:\/\/jornalfatosenoticias.com.br\/index.php\/2020\/10\/26\/na-italia-cachorro-nasce-com-a-cor-verde\/","name":"Na It\u00e1lia, cachorro nasce com a cor verde - Jornal Fatos e Not\u00edcias","isPartOf":{"@id":"https:\/\/jornalfatosenoticias.com.br\/#website"},"primaryImageOfPage":{"@id":"https:\/\/jornalfatosenoticias.com.br\/index.php\/2020\/10\/26\/na-italia-cachorro-nasce-com-a-cor-verde\/#primaryimage"},"image":{"@id":"https:\/\/jornalfatosenoticias.com.br\/index.php\/2020\/10\/26\/na-italia-cachorro-nasce-com-a-cor-verde\/#primaryimage"},"thumbnailUrl":"https:\/\/jornalfatosenoticias.com.br\/wp-content\/uploads\/2020\/10\/caozinho_verde_capa.jpg","datePublished":"2020-10-26T15:38:56+00:00","dateModified":"2020-10-26T15:38:57+00:00","breadcrumb":{"@id":"https:\/\/jornalfatosenoticias.com.br\/index.php\/2020\/10\/26\/na-italia-cachorro-nasce-com-a-cor-verde\/#breadcrumb"},"inLanguage":"pt-BR","potentialAction":[{"@type":"ReadAction","target":["https:\/\/jornalfatosenoticias.com.br\/index.php\/2020\/10\/26\/na-italia-cachorro-nasce-com-a-cor-verde\/"]}]},{"@type":"ImageObject","inLanguage":"pt-BR","@id":"https:\/\/jornalfatosenoticias.com.br\/index.php\/2020\/10\/26\/na-italia-cachorro-nasce-com-a-cor-verde\/#primaryimage","url":"https:\/\/jornalfatosenoticias.com.br\/wp-content\/uploads\/2020\/10\/caozinho_verde_capa.jpg","contentUrl":"https:\/\/jornalfatosenoticias.com.br\/wp-content\/uploads\/2020\/10\/caozinho_verde_capa.jpg","width":1000,"height":562},{"@type":"BreadcrumbList","@id":"https:\/\/jornalfatosenoticias.com.br\/index.php\/2020\/10\/26\/na-italia-cachorro-nasce-com-a-cor-verde\/#breadcrumb","itemListElement":[{"@type":"ListItem","position":1,"name":"In\u00edcio","item":"https:\/\/jornalfatosenoticias.com.br\/"},{"@type":"ListItem","position":2,"name":"Na It\u00e1lia, cachorro nasce com a cor verde"}]},{"@type":"WebSite","@id":"https:\/\/jornalfatosenoticias.com.br\/#website","url":"https:\/\/jornalfatosenoticias.com.br\/","name":"Jornal Fatos e Not\u00edcias","description":"Not\u00edcias em geral","publisher":{"@id":"https:\/\/jornalfatosenoticias.com.br\/#organization"},"potentialAction":[{"@type":"SearchAction","target":{"@type":"EntryPoint","urlTemplate":"https:\/\/jornalfatosenoticias.com.br\/?s={search_term_string}"},"query-input":{"@type":"PropertyValueSpecification","valueRequired":true,"valueName":"search_term_string"}}],"inLanguage":"pt-BR"},{"@type":"Organization","@id":"https:\/\/jornalfatosenoticias.com.br\/#organization","name":"Jornal Fatos e Not\u00edcias","url":"https:\/\/jornalfatosenoticias.com.br\/","logo":{"@type":"ImageObject","inLanguage":"pt-BR","@id":"https:\/\/jornalfatosenoticias.com.br\/#\/schema\/logo\/image\/","url":"https:\/\/jornalfatosenoticias.com.br\/wp-content\/uploads\/2020\/02\/logo120.png","contentUrl":"https:\/\/jornalfatosenoticias.com.br\/wp-content\/uploads\/2020\/02\/logo120.png","width":1227,"height":120,"caption":"Jornal Fatos e Not\u00edcias"},"image":{"@id":"https:\/\/jornalfatosenoticias.com.br\/#\/schema\/logo\/image\/"}},{"@type":"Person","@id":"https:\/\/jornalfatosenoticias.com.br\/#\/schema\/person\/d63837fa13ac8666eb9e74e0985d6f81","name":"Luzimara Fernandes","image":{"@type":"ImageObject","inLanguage":"pt-BR","@id":"https:\/\/jornalfatosenoticias.com.br\/#\/schema\/person\/image\/","url":"https:\/\/jornalfatosenoticias.com.br\/wp-content\/uploads\/2025\/05\/EU_portal.jpg","contentUrl":"https:\/\/jornalfatosenoticias.com.br\/wp-content\/uploads\/2025\/05\/EU_portal.jpg","caption":"Luzimara Fernandes"},"description":"Jornalista MTB 2358-ES","sameAs":["https:\/\/jornalfatosenoticias.com.br"],"url":"https:\/\/jornalfatosenoticias.com.br\/index.php\/author\/luzimara\/"}]}},"cc_featured_image_caption":{"caption_text":"(Foto: \u00a9Cristian Mallocci)","source_text":"","source_url":""},"jetpack_featured_media_url":"https:\/\/jornalfatosenoticias.com.br\/wp-content\/uploads\/2020\/10\/caozinho_verde_capa.jpg","_links":{"self":[{"href":"https:\/\/jornalfatosenoticias.com.br\/index.php\/wp-json\/wp\/v2\/posts\/10398","targetHints":{"allow":["GET"]}}],"collection":[{"href":"https:\/\/jornalfatosenoticias.com.br\/index.php\/wp-json\/wp\/v2\/posts"}],"about":[{"href":"https:\/\/jornalfatosenoticias.com.br\/index.php\/wp-json\/wp\/v2\/types\/post"}],"author":[{"embeddable":true,"href":"https:\/\/jornalfatosenoticias.com.br\/index.php\/wp-json\/wp\/v2\/users\/2"}],"replies":[{"embeddable":true,"href":"https:\/\/jornalfatosenoticias.com.br\/index.php\/wp-json\/wp\/v2\/comments?post=10398"}],"version-history":[{"count":0,"href":"https:\/\/jornalfatosenoticias.com.br\/index.php\/wp-json\/wp\/v2\/posts\/10398\/revisions"}],"wp:featuredmedia":[{"embeddable":true,"href":"https:\/\/jornalfatosenoticias.com.br\/index.php\/wp-json\/wp\/v2\/media\/10400"}],"wp:attachment":[{"href":"https:\/\/jornalfatosenoticias.com.br\/index.php\/wp-json\/wp\/v2\/media?parent=10398"}],"wp:term":[{"taxonomy":"category","embeddable":true,"href":"https:\/\/jornalfatosenoticias.com.br\/index.php\/wp-json\/wp\/v2\/categories?post=10398"},{"taxonomy":"post_tag","embeddable":true,"href":"https:\/\/jornalfatosenoticias.com.br\/index.php\/wp-json\/wp\/v2\/tags?post=10398"}],"curies":[{"name":"wp","href":"https:\/\/api.w.org\/{rel}","templated":true}]}}