{"id":10460,"date":"2020-10-27T16:21:19","date_gmt":"2020-10-27T19:21:19","guid":{"rendered":"https:\/\/jornalfatosenoticias.com.br\/?p=10460"},"modified":"2020-10-27T16:21:23","modified_gmt":"2020-10-27T19:21:23","slug":"sofrimento-na-infancia-pode-impactar-vida-adulta","status":"publish","type":"post","link":"https:\/\/jornalfatosenoticias.com.br\/index.php\/2020\/10\/27\/sofrimento-na-infancia-pode-impactar-vida-adulta\/","title":{"rendered":"Sofrimento na inf\u00e2ncia pode impactar vida adulta"},"content":{"rendered":"\n<h6 class=\"wp-block-heading\"><em>O trauma psicol\u00f3gico \u00e9 um dano \u00e0 mente que ocorre como resultado de um evento angustiante<\/em><\/h6>\n\n\n\n<p>\u00c9 ineg\u00e1vel que a inf\u00e2ncia deixa marcas profundas nas pessoas. Sofrimentos devido a abuso sexual, psicol\u00f3gico ou f\u00edsico, bullying, experi\u00eancias de rejei\u00e7\u00e3o, abandono, humilha\u00e7\u00e3o e situa\u00e7\u00f5es de vulnerabilidade persistem ao longo da vida e podem causar ainda mais problemas na fase adulta. Essas dificuldades enfrentadas quando se \u00e9 crian\u00e7a d\u00e3o origem a propens\u00e3o a d\u00edvidas, medo de falar em p\u00fablico, inseguran\u00e7a, baixa autoestima, agressividade, intoler\u00e2ncia \u00e0 frustra\u00e7\u00e3o, tend\u00eancia a se envolver com parceiros abusivos e por a\u00ed vai.<br>A inf\u00e2ncia \u00e9 um per\u00edodo crucial para o desenvolvimento emocional do indiv\u00edduo, por ser uma fase de constante aprendizado. \u00c9 nessa etapa que constru\u00edmos a nossa vis\u00e3o de mundo, das pessoas e de n\u00f3s mesmos. A personalidade est\u00e1 em forma\u00e7\u00e3o, e as rela\u00e7\u00f5es e a bagagem acumulada s\u00e3o fundamentais para ela. Podemos desenvolver um trauma em qualquer momento da vida, mas \u00e9 na inf\u00e2ncia que ele tem maior impacto e tende a causar mais danos ao psiquismo.<br>\u00c9 preciso lembrar, no entanto, que o que \u00e9 marcante ou doloroso para uma pessoa n\u00e3o surte necessariamente o mesmo efeito em outra. Al\u00e9m disso, existem v\u00e1rios fatores \u2014 contexto social, amigos, ambiente escolar e as li\u00e7\u00f5es adquiridas ao longo da vida \u2014 que interferem em maior ou menor grau naquilo que foi vivido quando crian\u00e7a.<br>O fato \u00e9 que, para muita gente adulta, as lembran\u00e7as ainda machucam e interferem em aspectos importantes da vida, impedindo-as de ter bons relacionamentos e at\u00e9 de conquistar objetivos. Para superar ou, no m\u00ednimo, aprender a lidar melhor com essas mem\u00f3rias e seus resultados, uma boa ideia \u00e9 se dedicar a algumas pr\u00e1ticas de autoconhecimento.<br>Mais do que se apegar \u00e0s lembran\u00e7as negativas da \u00e9poca de crian\u00e7a, \u00e9 preciso ter em mente que diversas viv\u00eancias comp\u00f5em quem somos e podem dar um sentido diferente ao que aconteceu. Como inspira\u00e7\u00e3o, cabe come\u00e7ar esse processo com a c\u00e9lebre frase do fil\u00f3sofo existencialista franc\u00eas Jean-Paul Sartre (1905-1980): &#8220;O importante n\u00e3o \u00e9 aquilo que fizeram conosco, mas o que podemos fazer com o que os outros fizeram de n\u00f3s&#8221;. Quando crian\u00e7a, voc\u00ea n\u00e3o tinha consci\u00eancia disso. Hoje, pode ressignificar o que passou. Todo mundo \u00e9 capaz de fazer escolhas e se responsabilizar pela vida que deseja ter. Por mais que ela tenha sido afetada, \u00e9 poss\u00edvel reconstru\u00ed-la. Sentir-se inferiorizado depende da imagem que a pessoa tem de si mesma e das cren\u00e7as que alimenta a respeito de suas incapacidades \u2014 e n\u00e3o apenas da maneira como os outros a veem.<br>Listar todas as qualidades que t\u00eam atualmente, em vez de se ater aos prov\u00e1veis defeitos que lhe atribu\u00edram no passado, pode melhorar a autoimagem e resultar em uma atitude mais positiva diante da vida. Essa lista deve ser elaborada aos poucos. \u00c0 medida que a pessoa vai percebendo que \u00e9 dotada de virtudes e capacidades, naturalmente passa a aceitar a si pr\u00f3pria.<br>N\u00e3o s\u00e3o poucas as pessoas que somente na idade adulta se d\u00e3o conta de quanto os familiares s\u00e3o t\u00f3xicos. Romper la\u00e7os ou buscar o di\u00e1logo como forma de ressignificar os relacionamentos \u00e9 uma decis\u00e3o que compete a cada um. Nessas circunst\u00e2ncias, o conv\u00edvio com os amigos pode ser uma boa estrat\u00e9gia para superar as assombra\u00e7\u00f5es do passado. Fam\u00edlia n\u00e3o pode ser escolhida, mas o c\u00edrculo de amizades, sim.<br>Essas rela\u00e7\u00f5es podem ajudar a fortalecer a autoestima e a criar um sentimento de pertencimento at\u00e9 ent\u00e3o n\u00e3o experimentado. Uma vez que o indiv\u00edduo se v\u00ea acolhido, amado e respeitado, tamb\u00e9m se sente apto a estabelecer uma outra forma de lidar com as quest\u00f5es de sua vida e tra\u00e7ar estrat\u00e9gias para enfrentar suas dificuldades.<br>Caso sinta que, por maiores e melhores que sejam seus recursos emocionais, \u00e9 complicado ressignificar e superar o que houve na sua inf\u00e2ncia, procure o aux\u00edlio profissional de um psicoterapeuta. Voc\u00ea n\u00e3o tem que aguentar as consequ\u00eancias sozinho(a). Por meio de uma terapia, poder\u00e1 entender melhor a origem de seu sofrimento, aprender formas de questionar seus padr\u00f5es de comportamento e pensamento e construir uma nova vis\u00e3o sobre si e sobre o mundo.<\/p>\n\n\n\n<p><strong><em>Fonte: <a href=\"https:\/\/www.uol.com.br\/vivabem\/noticias\/redacao\/2020\/10\/26\/sofrimento-na-infancia-pode-impactar-vida-adulta-veja-7-dicas-para-superar.htm\">UOL<\/a><\/em><\/strong><\/p>\n","protected":false},"excerpt":{"rendered":"<p>O trauma psicol\u00f3gico \u00e9 um dano \u00e0 mente que ocorre como resultado de um evento angustiante \u00c9 ineg\u00e1vel que a inf\u00e2ncia deixa marcas profundas nas pessoas. Sofrimentos devido a abuso sexual, psicol\u00f3gico ou f\u00edsico, bullying, experi\u00eancias de rejei\u00e7\u00e3o, abandono, humilha\u00e7\u00e3o e situa\u00e7\u00f5es de vulnerabilidade persistem ao longo da vida e podem causar ainda mais problemas [&hellip;]<\/p>\n","protected":false},"author":2,"featured_media":10461,"comment_status":"open","ping_status":"open","sticky":false,"template":"","format":"standard","meta":{"footnotes":""},"categories":[2522],"tags":[2768,5576,2607,894],"class_list":["post-10460","post","type-post","status-publish","format-standard","has-post-thumbnail","hentry","category-comportamento","tag-abuso-sexual","tag-bullying","tag-infancia","tag-sofrimento"],"yoast_head":"<!-- This site is optimized with the Yoast SEO plugin v26.5 - https:\/\/yoast.com\/wordpress\/plugins\/seo\/ -->\n<title>Sofrimento na inf\u00e2ncia pode impactar vida adulta - Jornal Fatos e Not\u00edcias<\/title>\n<meta name=\"robots\" content=\"index, follow, max-snippet:-1, max-image-preview:large, max-video-preview:-1\" \/>\n<link rel=\"canonical\" href=\"https:\/\/jornalfatosenoticias.com.br\/index.php\/2020\/10\/27\/sofrimento-na-infancia-pode-impactar-vida-adulta\/\" \/>\n<meta property=\"og:locale\" content=\"pt_BR\" \/>\n<meta property=\"og:type\" content=\"article\" \/>\n<meta property=\"og:title\" content=\"Sofrimento na inf\u00e2ncia pode impactar vida adulta - Jornal Fatos e Not\u00edcias\" \/>\n<meta property=\"og:description\" content=\"O trauma psicol\u00f3gico \u00e9 um dano \u00e0 mente que ocorre como resultado de um evento angustiante \u00c9 ineg\u00e1vel que a inf\u00e2ncia deixa marcas profundas nas pessoas. Sofrimentos devido a abuso sexual, psicol\u00f3gico ou f\u00edsico, bullying, experi\u00eancias de rejei\u00e7\u00e3o, abandono, humilha\u00e7\u00e3o e situa\u00e7\u00f5es de vulnerabilidade persistem ao longo da vida e podem causar ainda mais problemas [&hellip;]\" \/>\n<meta property=\"og:url\" content=\"https:\/\/jornalfatosenoticias.com.br\/index.php\/2020\/10\/27\/sofrimento-na-infancia-pode-impactar-vida-adulta\/\" \/>\n<meta property=\"og:site_name\" content=\"Jornal Fatos e Not\u00edcias\" \/>\n<meta property=\"article:published_time\" content=\"2020-10-27T19:21:19+00:00\" \/>\n<meta property=\"article:modified_time\" content=\"2020-10-27T19:21:23+00:00\" \/>\n<meta property=\"og:image\" content=\"https:\/\/jornalfatosenoticias.com.br\/wp-content\/uploads\/2020\/10\/pais-brigando-na-frente-da-filha.jpg\" \/>\n\t<meta property=\"og:image:width\" content=\"1000\" \/>\n\t<meta property=\"og:image:height\" content=\"522\" \/>\n\t<meta property=\"og:image:type\" content=\"image\/jpeg\" \/>\n<meta name=\"author\" content=\"Luzimara Fernandes\" \/>\n<meta name=\"twitter:card\" content=\"summary_large_image\" \/>\n<meta name=\"twitter:label1\" content=\"Escrito por\" \/>\n\t<meta name=\"twitter:data1\" content=\"Luzimara Fernandes\" \/>\n\t<meta name=\"twitter:label2\" content=\"Est. tempo de leitura\" \/>\n\t<meta name=\"twitter:data2\" content=\"4 minutos\" \/>\n<script type=\"application\/ld+json\" class=\"yoast-schema-graph\">{\"@context\":\"https:\/\/schema.org\",\"@graph\":[{\"@type\":\"Article\",\"@id\":\"https:\/\/jornalfatosenoticias.com.br\/index.php\/2020\/10\/27\/sofrimento-na-infancia-pode-impactar-vida-adulta\/#article\",\"isPartOf\":{\"@id\":\"https:\/\/jornalfatosenoticias.com.br\/index.php\/2020\/10\/27\/sofrimento-na-infancia-pode-impactar-vida-adulta\/\"},\"author\":{\"name\":\"Luzimara Fernandes\",\"@id\":\"https:\/\/jornalfatosenoticias.com.br\/#\/schema\/person\/d63837fa13ac8666eb9e74e0985d6f81\"},\"headline\":\"Sofrimento na inf\u00e2ncia pode impactar vida adulta\",\"datePublished\":\"2020-10-27T19:21:19+00:00\",\"dateModified\":\"2020-10-27T19:21:23+00:00\",\"mainEntityOfPage\":{\"@id\":\"https:\/\/jornalfatosenoticias.com.br\/index.php\/2020\/10\/27\/sofrimento-na-infancia-pode-impactar-vida-adulta\/\"},\"wordCount\":755,\"commentCount\":0,\"publisher\":{\"@id\":\"https:\/\/jornalfatosenoticias.com.br\/#organization\"},\"image\":{\"@id\":\"https:\/\/jornalfatosenoticias.com.br\/index.php\/2020\/10\/27\/sofrimento-na-infancia-pode-impactar-vida-adulta\/#primaryimage\"},\"thumbnailUrl\":\"https:\/\/jornalfatosenoticias.com.br\/wp-content\/uploads\/2020\/10\/pais-brigando-na-frente-da-filha.jpg\",\"keywords\":[\"abuso sexual\",\"bullying\",\"inf\u00e2ncia\",\"sofrimento\"],\"articleSection\":[\"Comportamento &amp; Equil\u00edbrio\"],\"inLanguage\":\"pt-BR\",\"potentialAction\":[{\"@type\":\"CommentAction\",\"name\":\"Comment\",\"target\":[\"https:\/\/jornalfatosenoticias.com.br\/index.php\/2020\/10\/27\/sofrimento-na-infancia-pode-impactar-vida-adulta\/#respond\"]}]},{\"@type\":\"WebPage\",\"@id\":\"https:\/\/jornalfatosenoticias.com.br\/index.php\/2020\/10\/27\/sofrimento-na-infancia-pode-impactar-vida-adulta\/\",\"url\":\"https:\/\/jornalfatosenoticias.com.br\/index.php\/2020\/10\/27\/sofrimento-na-infancia-pode-impactar-vida-adulta\/\",\"name\":\"Sofrimento na inf\u00e2ncia pode impactar vida adulta - Jornal Fatos e Not\u00edcias\",\"isPartOf\":{\"@id\":\"https:\/\/jornalfatosenoticias.com.br\/#website\"},\"primaryImageOfPage\":{\"@id\":\"https:\/\/jornalfatosenoticias.com.br\/index.php\/2020\/10\/27\/sofrimento-na-infancia-pode-impactar-vida-adulta\/#primaryimage\"},\"image\":{\"@id\":\"https:\/\/jornalfatosenoticias.com.br\/index.php\/2020\/10\/27\/sofrimento-na-infancia-pode-impactar-vida-adulta\/#primaryimage\"},\"thumbnailUrl\":\"https:\/\/jornalfatosenoticias.com.br\/wp-content\/uploads\/2020\/10\/pais-brigando-na-frente-da-filha.jpg\",\"datePublished\":\"2020-10-27T19:21:19+00:00\",\"dateModified\":\"2020-10-27T19:21:23+00:00\",\"breadcrumb\":{\"@id\":\"https:\/\/jornalfatosenoticias.com.br\/index.php\/2020\/10\/27\/sofrimento-na-infancia-pode-impactar-vida-adulta\/#breadcrumb\"},\"inLanguage\":\"pt-BR\",\"potentialAction\":[{\"@type\":\"ReadAction\",\"target\":[\"https:\/\/jornalfatosenoticias.com.br\/index.php\/2020\/10\/27\/sofrimento-na-infancia-pode-impactar-vida-adulta\/\"]}]},{\"@type\":\"ImageObject\",\"inLanguage\":\"pt-BR\",\"@id\":\"https:\/\/jornalfatosenoticias.com.br\/index.php\/2020\/10\/27\/sofrimento-na-infancia-pode-impactar-vida-adulta\/#primaryimage\",\"url\":\"https:\/\/jornalfatosenoticias.com.br\/wp-content\/uploads\/2020\/10\/pais-brigando-na-frente-da-filha.jpg\",\"contentUrl\":\"https:\/\/jornalfatosenoticias.com.br\/wp-content\/uploads\/2020\/10\/pais-brigando-na-frente-da-filha.jpg\",\"width\":1000,\"height\":522},{\"@type\":\"BreadcrumbList\",\"@id\":\"https:\/\/jornalfatosenoticias.com.br\/index.php\/2020\/10\/27\/sofrimento-na-infancia-pode-impactar-vida-adulta\/#breadcrumb\",\"itemListElement\":[{\"@type\":\"ListItem\",\"position\":1,\"name\":\"In\u00edcio\",\"item\":\"https:\/\/jornalfatosenoticias.com.br\/\"},{\"@type\":\"ListItem\",\"position\":2,\"name\":\"Sofrimento na inf\u00e2ncia pode impactar vida adulta\"}]},{\"@type\":\"WebSite\",\"@id\":\"https:\/\/jornalfatosenoticias.com.br\/#website\",\"url\":\"https:\/\/jornalfatosenoticias.com.br\/\",\"name\":\"Jornal Fatos e Not\u00edcias\",\"description\":\"Not\u00edcias em geral\",\"publisher\":{\"@id\":\"https:\/\/jornalfatosenoticias.com.br\/#organization\"},\"potentialAction\":[{\"@type\":\"SearchAction\",\"target\":{\"@type\":\"EntryPoint\",\"urlTemplate\":\"https:\/\/jornalfatosenoticias.com.br\/?s={search_term_string}\"},\"query-input\":{\"@type\":\"PropertyValueSpecification\",\"valueRequired\":true,\"valueName\":\"search_term_string\"}}],\"inLanguage\":\"pt-BR\"},{\"@type\":\"Organization\",\"@id\":\"https:\/\/jornalfatosenoticias.com.br\/#organization\",\"name\":\"Jornal Fatos e Not\u00edcias\",\"url\":\"https:\/\/jornalfatosenoticias.com.br\/\",\"logo\":{\"@type\":\"ImageObject\",\"inLanguage\":\"pt-BR\",\"@id\":\"https:\/\/jornalfatosenoticias.com.br\/#\/schema\/logo\/image\/\",\"url\":\"https:\/\/jornalfatosenoticias.com.br\/wp-content\/uploads\/2020\/02\/logo120.png\",\"contentUrl\":\"https:\/\/jornalfatosenoticias.com.br\/wp-content\/uploads\/2020\/02\/logo120.png\",\"width\":1227,\"height\":120,\"caption\":\"Jornal Fatos e Not\u00edcias\"},\"image\":{\"@id\":\"https:\/\/jornalfatosenoticias.com.br\/#\/schema\/logo\/image\/\"}},{\"@type\":\"Person\",\"@id\":\"https:\/\/jornalfatosenoticias.com.br\/#\/schema\/person\/d63837fa13ac8666eb9e74e0985d6f81\",\"name\":\"Luzimara Fernandes\",\"image\":{\"@type\":\"ImageObject\",\"inLanguage\":\"pt-BR\",\"@id\":\"https:\/\/jornalfatosenoticias.com.br\/#\/schema\/person\/image\/\",\"url\":\"https:\/\/jornalfatosenoticias.com.br\/wp-content\/uploads\/2025\/05\/EU_portal.jpg\",\"contentUrl\":\"https:\/\/jornalfatosenoticias.com.br\/wp-content\/uploads\/2025\/05\/EU_portal.jpg\",\"caption\":\"Luzimara Fernandes\"},\"description\":\"Jornalista MTB 2358-ES\",\"sameAs\":[\"https:\/\/jornalfatosenoticias.com.br\"],\"url\":\"https:\/\/jornalfatosenoticias.com.br\/index.php\/author\/luzimara\/\"}]}<\/script>\n<!-- \/ Yoast SEO plugin. -->","yoast_head_json":{"title":"Sofrimento na inf\u00e2ncia pode impactar vida adulta - Jornal Fatos e Not\u00edcias","robots":{"index":"index","follow":"follow","max-snippet":"max-snippet:-1","max-image-preview":"max-image-preview:large","max-video-preview":"max-video-preview:-1"},"canonical":"https:\/\/jornalfatosenoticias.com.br\/index.php\/2020\/10\/27\/sofrimento-na-infancia-pode-impactar-vida-adulta\/","og_locale":"pt_BR","og_type":"article","og_title":"Sofrimento na inf\u00e2ncia pode impactar vida adulta - Jornal Fatos e Not\u00edcias","og_description":"O trauma psicol\u00f3gico \u00e9 um dano \u00e0 mente que ocorre como resultado de um evento angustiante \u00c9 ineg\u00e1vel que a inf\u00e2ncia deixa marcas profundas nas pessoas. Sofrimentos devido a abuso sexual, psicol\u00f3gico ou f\u00edsico, bullying, experi\u00eancias de rejei\u00e7\u00e3o, abandono, humilha\u00e7\u00e3o e situa\u00e7\u00f5es de vulnerabilidade persistem ao longo da vida e podem causar ainda mais problemas [&hellip;]","og_url":"https:\/\/jornalfatosenoticias.com.br\/index.php\/2020\/10\/27\/sofrimento-na-infancia-pode-impactar-vida-adulta\/","og_site_name":"Jornal Fatos e Not\u00edcias","article_published_time":"2020-10-27T19:21:19+00:00","article_modified_time":"2020-10-27T19:21:23+00:00","og_image":[{"width":1000,"height":522,"url":"https:\/\/jornalfatosenoticias.com.br\/wp-content\/uploads\/2020\/10\/pais-brigando-na-frente-da-filha.jpg","type":"image\/jpeg"}],"author":"Luzimara Fernandes","twitter_card":"summary_large_image","twitter_misc":{"Escrito por":"Luzimara Fernandes","Est. tempo de leitura":"4 minutos"},"schema":{"@context":"https:\/\/schema.org","@graph":[{"@type":"Article","@id":"https:\/\/jornalfatosenoticias.com.br\/index.php\/2020\/10\/27\/sofrimento-na-infancia-pode-impactar-vida-adulta\/#article","isPartOf":{"@id":"https:\/\/jornalfatosenoticias.com.br\/index.php\/2020\/10\/27\/sofrimento-na-infancia-pode-impactar-vida-adulta\/"},"author":{"name":"Luzimara Fernandes","@id":"https:\/\/jornalfatosenoticias.com.br\/#\/schema\/person\/d63837fa13ac8666eb9e74e0985d6f81"},"headline":"Sofrimento na inf\u00e2ncia pode impactar vida adulta","datePublished":"2020-10-27T19:21:19+00:00","dateModified":"2020-10-27T19:21:23+00:00","mainEntityOfPage":{"@id":"https:\/\/jornalfatosenoticias.com.br\/index.php\/2020\/10\/27\/sofrimento-na-infancia-pode-impactar-vida-adulta\/"},"wordCount":755,"commentCount":0,"publisher":{"@id":"https:\/\/jornalfatosenoticias.com.br\/#organization"},"image":{"@id":"https:\/\/jornalfatosenoticias.com.br\/index.php\/2020\/10\/27\/sofrimento-na-infancia-pode-impactar-vida-adulta\/#primaryimage"},"thumbnailUrl":"https:\/\/jornalfatosenoticias.com.br\/wp-content\/uploads\/2020\/10\/pais-brigando-na-frente-da-filha.jpg","keywords":["abuso sexual","bullying","inf\u00e2ncia","sofrimento"],"articleSection":["Comportamento &amp; Equil\u00edbrio"],"inLanguage":"pt-BR","potentialAction":[{"@type":"CommentAction","name":"Comment","target":["https:\/\/jornalfatosenoticias.com.br\/index.php\/2020\/10\/27\/sofrimento-na-infancia-pode-impactar-vida-adulta\/#respond"]}]},{"@type":"WebPage","@id":"https:\/\/jornalfatosenoticias.com.br\/index.php\/2020\/10\/27\/sofrimento-na-infancia-pode-impactar-vida-adulta\/","url":"https:\/\/jornalfatosenoticias.com.br\/index.php\/2020\/10\/27\/sofrimento-na-infancia-pode-impactar-vida-adulta\/","name":"Sofrimento na inf\u00e2ncia pode impactar vida adulta - Jornal Fatos e Not\u00edcias","isPartOf":{"@id":"https:\/\/jornalfatosenoticias.com.br\/#website"},"primaryImageOfPage":{"@id":"https:\/\/jornalfatosenoticias.com.br\/index.php\/2020\/10\/27\/sofrimento-na-infancia-pode-impactar-vida-adulta\/#primaryimage"},"image":{"@id":"https:\/\/jornalfatosenoticias.com.br\/index.php\/2020\/10\/27\/sofrimento-na-infancia-pode-impactar-vida-adulta\/#primaryimage"},"thumbnailUrl":"https:\/\/jornalfatosenoticias.com.br\/wp-content\/uploads\/2020\/10\/pais-brigando-na-frente-da-filha.jpg","datePublished":"2020-10-27T19:21:19+00:00","dateModified":"2020-10-27T19:21:23+00:00","breadcrumb":{"@id":"https:\/\/jornalfatosenoticias.com.br\/index.php\/2020\/10\/27\/sofrimento-na-infancia-pode-impactar-vida-adulta\/#breadcrumb"},"inLanguage":"pt-BR","potentialAction":[{"@type":"ReadAction","target":["https:\/\/jornalfatosenoticias.com.br\/index.php\/2020\/10\/27\/sofrimento-na-infancia-pode-impactar-vida-adulta\/"]}]},{"@type":"ImageObject","inLanguage":"pt-BR","@id":"https:\/\/jornalfatosenoticias.com.br\/index.php\/2020\/10\/27\/sofrimento-na-infancia-pode-impactar-vida-adulta\/#primaryimage","url":"https:\/\/jornalfatosenoticias.com.br\/wp-content\/uploads\/2020\/10\/pais-brigando-na-frente-da-filha.jpg","contentUrl":"https:\/\/jornalfatosenoticias.com.br\/wp-content\/uploads\/2020\/10\/pais-brigando-na-frente-da-filha.jpg","width":1000,"height":522},{"@type":"BreadcrumbList","@id":"https:\/\/jornalfatosenoticias.com.br\/index.php\/2020\/10\/27\/sofrimento-na-infancia-pode-impactar-vida-adulta\/#breadcrumb","itemListElement":[{"@type":"ListItem","position":1,"name":"In\u00edcio","item":"https:\/\/jornalfatosenoticias.com.br\/"},{"@type":"ListItem","position":2,"name":"Sofrimento na inf\u00e2ncia pode impactar vida adulta"}]},{"@type":"WebSite","@id":"https:\/\/jornalfatosenoticias.com.br\/#website","url":"https:\/\/jornalfatosenoticias.com.br\/","name":"Jornal Fatos e Not\u00edcias","description":"Not\u00edcias em geral","publisher":{"@id":"https:\/\/jornalfatosenoticias.com.br\/#organization"},"potentialAction":[{"@type":"SearchAction","target":{"@type":"EntryPoint","urlTemplate":"https:\/\/jornalfatosenoticias.com.br\/?s={search_term_string}"},"query-input":{"@type":"PropertyValueSpecification","valueRequired":true,"valueName":"search_term_string"}}],"inLanguage":"pt-BR"},{"@type":"Organization","@id":"https:\/\/jornalfatosenoticias.com.br\/#organization","name":"Jornal Fatos e Not\u00edcias","url":"https:\/\/jornalfatosenoticias.com.br\/","logo":{"@type":"ImageObject","inLanguage":"pt-BR","@id":"https:\/\/jornalfatosenoticias.com.br\/#\/schema\/logo\/image\/","url":"https:\/\/jornalfatosenoticias.com.br\/wp-content\/uploads\/2020\/02\/logo120.png","contentUrl":"https:\/\/jornalfatosenoticias.com.br\/wp-content\/uploads\/2020\/02\/logo120.png","width":1227,"height":120,"caption":"Jornal Fatos e Not\u00edcias"},"image":{"@id":"https:\/\/jornalfatosenoticias.com.br\/#\/schema\/logo\/image\/"}},{"@type":"Person","@id":"https:\/\/jornalfatosenoticias.com.br\/#\/schema\/person\/d63837fa13ac8666eb9e74e0985d6f81","name":"Luzimara Fernandes","image":{"@type":"ImageObject","inLanguage":"pt-BR","@id":"https:\/\/jornalfatosenoticias.com.br\/#\/schema\/person\/image\/","url":"https:\/\/jornalfatosenoticias.com.br\/wp-content\/uploads\/2025\/05\/EU_portal.jpg","contentUrl":"https:\/\/jornalfatosenoticias.com.br\/wp-content\/uploads\/2025\/05\/EU_portal.jpg","caption":"Luzimara Fernandes"},"description":"Jornalista MTB 2358-ES","sameAs":["https:\/\/jornalfatosenoticias.com.br"],"url":"https:\/\/jornalfatosenoticias.com.br\/index.php\/author\/luzimara\/"}]}},"cc_featured_image_caption":{"caption_text":"(Foto: \u00a9Getty Images) \r\n","source_text":"","source_url":""},"jetpack_featured_media_url":"https:\/\/jornalfatosenoticias.com.br\/wp-content\/uploads\/2020\/10\/pais-brigando-na-frente-da-filha.jpg","_links":{"self":[{"href":"https:\/\/jornalfatosenoticias.com.br\/index.php\/wp-json\/wp\/v2\/posts\/10460","targetHints":{"allow":["GET"]}}],"collection":[{"href":"https:\/\/jornalfatosenoticias.com.br\/index.php\/wp-json\/wp\/v2\/posts"}],"about":[{"href":"https:\/\/jornalfatosenoticias.com.br\/index.php\/wp-json\/wp\/v2\/types\/post"}],"author":[{"embeddable":true,"href":"https:\/\/jornalfatosenoticias.com.br\/index.php\/wp-json\/wp\/v2\/users\/2"}],"replies":[{"embeddable":true,"href":"https:\/\/jornalfatosenoticias.com.br\/index.php\/wp-json\/wp\/v2\/comments?post=10460"}],"version-history":[{"count":0,"href":"https:\/\/jornalfatosenoticias.com.br\/index.php\/wp-json\/wp\/v2\/posts\/10460\/revisions"}],"wp:featuredmedia":[{"embeddable":true,"href":"https:\/\/jornalfatosenoticias.com.br\/index.php\/wp-json\/wp\/v2\/media\/10461"}],"wp:attachment":[{"href":"https:\/\/jornalfatosenoticias.com.br\/index.php\/wp-json\/wp\/v2\/media?parent=10460"}],"wp:term":[{"taxonomy":"category","embeddable":true,"href":"https:\/\/jornalfatosenoticias.com.br\/index.php\/wp-json\/wp\/v2\/categories?post=10460"},{"taxonomy":"post_tag","embeddable":true,"href":"https:\/\/jornalfatosenoticias.com.br\/index.php\/wp-json\/wp\/v2\/tags?post=10460"}],"curies":[{"name":"wp","href":"https:\/\/api.w.org\/{rel}","templated":true}]}}