{"id":10467,"date":"2020-10-27T16:28:33","date_gmt":"2020-10-27T19:28:33","guid":{"rendered":"https:\/\/jornalfatosenoticias.com.br\/?p=10467"},"modified":"2020-10-27T16:28:36","modified_gmt":"2020-10-27T19:28:36","slug":"aulas-presenciais-para-alunos-do-ensino-fundamental-ii-retornaram-nesta-segunda-feira-26","status":"publish","type":"post","link":"https:\/\/jornalfatosenoticias.com.br\/index.php\/2020\/10\/27\/aulas-presenciais-para-alunos-do-ensino-fundamental-ii-retornaram-nesta-segunda-feira-26\/","title":{"rendered":"Aulas presenciais para alunos do Ensino Fundamental II retornaram nesta segunda-feira (26)"},"content":{"rendered":"\n<p>Nesta segunda-feira (26) foram retomadas as atividades presenciais em sala de aula para os alunos do Ensino Fundamental II, conforme cronograma j\u00e1 divulgado pelo governo do Estado, por meio da Secretaria da Educa\u00e7\u00e3o (Sedu). No pr\u00f3ximo dia 03 de novembro, s\u00e3o os alunos do Fundamental I que retornam. As aulas presenciais nas escolas da Rede P\u00fablica Estadual voltaram no \u00faltimo dia 13 de outubro para os alunos do Ensino M\u00e9dio.<br>Na \u00faltima sexta-feira (23), o governador do Estado, Renato Casagrande, anunciou que as escolas da Rede Estadual poder\u00e3o optar pelo modelo de aula di\u00e1ria, sem revezamento, para turmas com menos de 50% de alunos, a partir desta segunda-feira (26).<br>Com investimento superior a R$ 12 milh\u00f5es, o governo do Estado sinalizou os ambientes escolares e colocou \u00e0 disposi\u00e7\u00e3o de alunos e profissionais o material de higiene necess\u00e1rio, como \u00e1lcool em gel, sabonetes, m\u00e1scaras e equipamentos para uso de \u00e1lcool em gel. O retorno das aulas presenciais tamb\u00e9m conta com monitoramento rigoroso das medidas sanit\u00e1rias.<br>Outra medida adotada pelo governo do Estado \u00e9 a realiza\u00e7\u00e3o de Inqu\u00e9rito Sorol\u00f3gico com profissionais e alunos da Rede. Est\u00e3o sendo coletadas pela Secretaria da Sa\u00fade (Sesa) amostras da comunidade escolar capixaba durante o inqu\u00e9rito. Tamb\u00e9m est\u00e1 acontecendo o Censo Sorol\u00f3gico com todos os trabalhadores da Rede Estadual de Educa\u00e7\u00e3o. Na escola, alunos e profissionais t\u00eam a temperatura aferida na entrada para as aulas presenciais.<\/p>\n\n\n\n<div class=\"wp-block-jetpack-slideshow aligncenter\" data-effect=\"slide\"><div class=\"wp-block-jetpack-slideshow_container swiper-container\"><ul class=\"wp-block-jetpack-slideshow_swiper-wrapper swiper-wrapper\"><li class=\"wp-block-jetpack-slideshow_slide swiper-slide\"><figure><img loading=\"lazy\" decoding=\"async\" width=\"1000\" height=\"614\" alt=\"\" class=\"wp-block-jetpack-slideshow_image wp-image-10468\" data-id=\"10468\" src=\"https:\/\/jornalfatosenoticias.com.br\/wp-content\/uploads\/2020\/10\/retorno-aulas-fundamental-II3.jpeg\" srcset=\"https:\/\/jornalfatosenoticias.com.br\/wp-content\/uploads\/2020\/10\/retorno-aulas-fundamental-II3.jpeg 1000w, https:\/\/jornalfatosenoticias.com.br\/wp-content\/uploads\/2020\/10\/retorno-aulas-fundamental-II3-300x184.jpeg 300w, https:\/\/jornalfatosenoticias.com.br\/wp-content\/uploads\/2020\/10\/retorno-aulas-fundamental-II3-768x472.jpeg 768w\" sizes=\"auto, (max-width: 1000px) 100vw, 1000px\" \/><figcaption class=\"wp-block-jetpack-slideshow_caption gallery-caption\">(Fotos: \u00a9Ascom\/Sedu) <\/figcaption><\/figure><\/li><li class=\"wp-block-jetpack-slideshow_slide swiper-slide\"><figure><img loading=\"lazy\" decoding=\"async\" width=\"1000\" height=\"750\" alt=\"\" class=\"wp-block-jetpack-slideshow_image wp-image-10469\" data-id=\"10469\" src=\"https:\/\/jornalfatosenoticias.com.br\/wp-content\/uploads\/2020\/10\/retorno-aulas-fundamental-II.jpeg\" srcset=\"https:\/\/jornalfatosenoticias.com.br\/wp-content\/uploads\/2020\/10\/retorno-aulas-fundamental-II.jpeg 1000w, https:\/\/jornalfatosenoticias.com.br\/wp-content\/uploads\/2020\/10\/retorno-aulas-fundamental-II-300x225.jpeg 300w, https:\/\/jornalfatosenoticias.com.br\/wp-content\/uploads\/2020\/10\/retorno-aulas-fundamental-II-768x576.jpeg 768w\" sizes=\"auto, (max-width: 1000px) 100vw, 1000px\" \/><\/figure><\/li><\/ul><a class=\"wp-block-jetpack-slideshow_button-prev swiper-button-prev swiper-button-white\" role=\"button\"><\/a><a class=\"wp-block-jetpack-slideshow_button-next swiper-button-next swiper-button-white\" role=\"button\"><\/a><a aria-label=\"Pause Slideshow\" class=\"wp-block-jetpack-slideshow_button-pause\" role=\"button\"><\/a><div class=\"wp-block-jetpack-slideshow_pagination swiper-pagination swiper-pagination-white\"><\/div><\/div><\/div>\n\n\n\n<h4 class=\"wp-block-heading\">Continuidade das atividades remotas<\/h4>\n\n\n\n<p>O Programa EscoLAR continua e atende tamb\u00e9m os alunos que optaram em manter as aulas remotas, por meio das Atividades Pedag\u00f3gicas N\u00e3o Presenciais (APNP). As aulas gravadas por professores da Rede P\u00fablica Estadual s\u00e3o disponibilizadas no canal da Sedu no YouTube e no site do Programa EscoLAR. Al\u00e9m disso, os estudantes tamb\u00e9m utilizam a plataforma Google Sala de Aula e o aplicativo do programa, que para o acesso, conta com o pacote de dados fornecido pelo governo do Estado.<\/p>\n\n\n\n<p><strong><em>Fonte: <a href=\"https:\/\/sedu.es.gov.br\/Not%C3%ADcia\/aulas-presenciais-para-alunos-do-ensino-fundamental-ii-retornaram-nesta-segunda-feira-26\">Sedu-ES<\/a><\/em><\/strong><\/p>\n","protected":false},"excerpt":{"rendered":"<p>Nesta segunda-feira (26) foram retomadas as atividades presenciais em sala de aula para os alunos do Ensino Fundamental II, conforme cronograma j\u00e1 divulgado pelo governo do Estado, por meio da Secretaria da Educa\u00e7\u00e3o (Sedu). No pr\u00f3ximo dia 03 de novembro, s\u00e3o os alunos do Fundamental I que retornam. As aulas presenciais nas escolas da Rede [&hellip;]<\/p>\n","protected":false},"author":2,"featured_media":10470,"comment_status":"open","ping_status":"open","sticky":false,"template":"","format":"standard","meta":{"footnotes":""},"categories":[7],"tags":[345,5382,409],"class_list":["post-10467","post","type-post","status-publish","format-standard","has-post-thumbnail","hentry","category-educacao","tag-educacao","tag-retomada-das-aulas","tag-sedu"],"yoast_head":"<!-- This site is optimized with the Yoast SEO plugin v26.5 - https:\/\/yoast.com\/wordpress\/plugins\/seo\/ -->\n<title>Aulas presenciais para alunos do Ensino Fundamental II retornaram nesta segunda-feira (26) - Jornal Fatos e Not\u00edcias<\/title>\n<meta name=\"robots\" content=\"index, follow, max-snippet:-1, max-image-preview:large, max-video-preview:-1\" \/>\n<link rel=\"canonical\" href=\"https:\/\/jornalfatosenoticias.com.br\/index.php\/2020\/10\/27\/aulas-presenciais-para-alunos-do-ensino-fundamental-ii-retornaram-nesta-segunda-feira-26\/\" \/>\n<meta property=\"og:locale\" content=\"pt_BR\" \/>\n<meta property=\"og:type\" content=\"article\" \/>\n<meta property=\"og:title\" content=\"Aulas presenciais para alunos do Ensino Fundamental II retornaram nesta segunda-feira (26) - Jornal Fatos e Not\u00edcias\" \/>\n<meta property=\"og:description\" content=\"Nesta segunda-feira (26) foram retomadas as atividades presenciais em sala de aula para os alunos do Ensino Fundamental II, conforme cronograma j\u00e1 divulgado pelo governo do Estado, por meio da Secretaria da Educa\u00e7\u00e3o (Sedu). No pr\u00f3ximo dia 03 de novembro, s\u00e3o os alunos do Fundamental I que retornam. As aulas presenciais nas escolas da Rede [&hellip;]\" \/>\n<meta property=\"og:url\" content=\"https:\/\/jornalfatosenoticias.com.br\/index.php\/2020\/10\/27\/aulas-presenciais-para-alunos-do-ensino-fundamental-ii-retornaram-nesta-segunda-feira-26\/\" \/>\n<meta property=\"og:site_name\" content=\"Jornal Fatos e Not\u00edcias\" \/>\n<meta property=\"article:published_time\" content=\"2020-10-27T19:28:33+00:00\" \/>\n<meta property=\"article:modified_time\" content=\"2020-10-27T19:28:36+00:00\" \/>\n<meta property=\"og:image\" content=\"https:\/\/jornalfatosenoticias.com.br\/wp-content\/uploads\/2020\/10\/retorno-aulas-fundamental-II2.jpeg\" \/>\n\t<meta property=\"og:image:width\" content=\"1000\" \/>\n\t<meta property=\"og:image:height\" content=\"562\" \/>\n\t<meta property=\"og:image:type\" content=\"image\/jpeg\" \/>\n<meta name=\"author\" content=\"Luzimara Fernandes\" \/>\n<meta name=\"twitter:card\" content=\"summary_large_image\" \/>\n<meta name=\"twitter:label1\" content=\"Escrito por\" \/>\n\t<meta name=\"twitter:data1\" content=\"Luzimara Fernandes\" \/>\n\t<meta name=\"twitter:label2\" content=\"Est. tempo de leitura\" \/>\n\t<meta name=\"twitter:data2\" content=\"2 minutos\" \/>\n<script type=\"application\/ld+json\" class=\"yoast-schema-graph\">{\"@context\":\"https:\/\/schema.org\",\"@graph\":[{\"@type\":\"Article\",\"@id\":\"https:\/\/jornalfatosenoticias.com.br\/index.php\/2020\/10\/27\/aulas-presenciais-para-alunos-do-ensino-fundamental-ii-retornaram-nesta-segunda-feira-26\/#article\",\"isPartOf\":{\"@id\":\"https:\/\/jornalfatosenoticias.com.br\/index.php\/2020\/10\/27\/aulas-presenciais-para-alunos-do-ensino-fundamental-ii-retornaram-nesta-segunda-feira-26\/\"},\"author\":{\"name\":\"Luzimara Fernandes\",\"@id\":\"https:\/\/jornalfatosenoticias.com.br\/#\/schema\/person\/d63837fa13ac8666eb9e74e0985d6f81\"},\"headline\":\"Aulas presenciais para alunos do Ensino Fundamental II retornaram nesta segunda-feira (26)\",\"datePublished\":\"2020-10-27T19:28:33+00:00\",\"dateModified\":\"2020-10-27T19:28:36+00:00\",\"mainEntityOfPage\":{\"@id\":\"https:\/\/jornalfatosenoticias.com.br\/index.php\/2020\/10\/27\/aulas-presenciais-para-alunos-do-ensino-fundamental-ii-retornaram-nesta-segunda-feira-26\/\"},\"wordCount\":349,\"commentCount\":0,\"publisher\":{\"@id\":\"https:\/\/jornalfatosenoticias.com.br\/#organization\"},\"image\":{\"@id\":\"https:\/\/jornalfatosenoticias.com.br\/index.php\/2020\/10\/27\/aulas-presenciais-para-alunos-do-ensino-fundamental-ii-retornaram-nesta-segunda-feira-26\/#primaryimage\"},\"thumbnailUrl\":\"https:\/\/jornalfatosenoticias.com.br\/wp-content\/uploads\/2020\/10\/retorno-aulas-fundamental-II2.jpeg\",\"keywords\":[\"educa\u00e7\u00e3o\",\"retomada das aulas\",\"Sedu\"],\"articleSection\":[\"Educa\u00e7\u00e3o\"],\"inLanguage\":\"pt-BR\",\"potentialAction\":[{\"@type\":\"CommentAction\",\"name\":\"Comment\",\"target\":[\"https:\/\/jornalfatosenoticias.com.br\/index.php\/2020\/10\/27\/aulas-presenciais-para-alunos-do-ensino-fundamental-ii-retornaram-nesta-segunda-feira-26\/#respond\"]}]},{\"@type\":\"WebPage\",\"@id\":\"https:\/\/jornalfatosenoticias.com.br\/index.php\/2020\/10\/27\/aulas-presenciais-para-alunos-do-ensino-fundamental-ii-retornaram-nesta-segunda-feira-26\/\",\"url\":\"https:\/\/jornalfatosenoticias.com.br\/index.php\/2020\/10\/27\/aulas-presenciais-para-alunos-do-ensino-fundamental-ii-retornaram-nesta-segunda-feira-26\/\",\"name\":\"Aulas presenciais para alunos do Ensino Fundamental II retornaram nesta segunda-feira (26) - Jornal Fatos e Not\u00edcias\",\"isPartOf\":{\"@id\":\"https:\/\/jornalfatosenoticias.com.br\/#website\"},\"primaryImageOfPage\":{\"@id\":\"https:\/\/jornalfatosenoticias.com.br\/index.php\/2020\/10\/27\/aulas-presenciais-para-alunos-do-ensino-fundamental-ii-retornaram-nesta-segunda-feira-26\/#primaryimage\"},\"image\":{\"@id\":\"https:\/\/jornalfatosenoticias.com.br\/index.php\/2020\/10\/27\/aulas-presenciais-para-alunos-do-ensino-fundamental-ii-retornaram-nesta-segunda-feira-26\/#primaryimage\"},\"thumbnailUrl\":\"https:\/\/jornalfatosenoticias.com.br\/wp-content\/uploads\/2020\/10\/retorno-aulas-fundamental-II2.jpeg\",\"datePublished\":\"2020-10-27T19:28:33+00:00\",\"dateModified\":\"2020-10-27T19:28:36+00:00\",\"breadcrumb\":{\"@id\":\"https:\/\/jornalfatosenoticias.com.br\/index.php\/2020\/10\/27\/aulas-presenciais-para-alunos-do-ensino-fundamental-ii-retornaram-nesta-segunda-feira-26\/#breadcrumb\"},\"inLanguage\":\"pt-BR\",\"potentialAction\":[{\"@type\":\"ReadAction\",\"target\":[\"https:\/\/jornalfatosenoticias.com.br\/index.php\/2020\/10\/27\/aulas-presenciais-para-alunos-do-ensino-fundamental-ii-retornaram-nesta-segunda-feira-26\/\"]}]},{\"@type\":\"ImageObject\",\"inLanguage\":\"pt-BR\",\"@id\":\"https:\/\/jornalfatosenoticias.com.br\/index.php\/2020\/10\/27\/aulas-presenciais-para-alunos-do-ensino-fundamental-ii-retornaram-nesta-segunda-feira-26\/#primaryimage\",\"url\":\"https:\/\/jornalfatosenoticias.com.br\/wp-content\/uploads\/2020\/10\/retorno-aulas-fundamental-II2.jpeg\",\"contentUrl\":\"https:\/\/jornalfatosenoticias.com.br\/wp-content\/uploads\/2020\/10\/retorno-aulas-fundamental-II2.jpeg\",\"width\":1000,\"height\":562},{\"@type\":\"BreadcrumbList\",\"@id\":\"https:\/\/jornalfatosenoticias.com.br\/index.php\/2020\/10\/27\/aulas-presenciais-para-alunos-do-ensino-fundamental-ii-retornaram-nesta-segunda-feira-26\/#breadcrumb\",\"itemListElement\":[{\"@type\":\"ListItem\",\"position\":1,\"name\":\"In\u00edcio\",\"item\":\"https:\/\/jornalfatosenoticias.com.br\/\"},{\"@type\":\"ListItem\",\"position\":2,\"name\":\"Aulas presenciais para alunos do Ensino Fundamental II retornaram nesta segunda-feira (26)\"}]},{\"@type\":\"WebSite\",\"@id\":\"https:\/\/jornalfatosenoticias.com.br\/#website\",\"url\":\"https:\/\/jornalfatosenoticias.com.br\/\",\"name\":\"Jornal Fatos e Not\u00edcias\",\"description\":\"Not\u00edcias em geral\",\"publisher\":{\"@id\":\"https:\/\/jornalfatosenoticias.com.br\/#organization\"},\"potentialAction\":[{\"@type\":\"SearchAction\",\"target\":{\"@type\":\"EntryPoint\",\"urlTemplate\":\"https:\/\/jornalfatosenoticias.com.br\/?s={search_term_string}\"},\"query-input\":{\"@type\":\"PropertyValueSpecification\",\"valueRequired\":true,\"valueName\":\"search_term_string\"}}],\"inLanguage\":\"pt-BR\"},{\"@type\":\"Organization\",\"@id\":\"https:\/\/jornalfatosenoticias.com.br\/#organization\",\"name\":\"Jornal Fatos e Not\u00edcias\",\"url\":\"https:\/\/jornalfatosenoticias.com.br\/\",\"logo\":{\"@type\":\"ImageObject\",\"inLanguage\":\"pt-BR\",\"@id\":\"https:\/\/jornalfatosenoticias.com.br\/#\/schema\/logo\/image\/\",\"url\":\"https:\/\/jornalfatosenoticias.com.br\/wp-content\/uploads\/2020\/02\/logo120.png\",\"contentUrl\":\"https:\/\/jornalfatosenoticias.com.br\/wp-content\/uploads\/2020\/02\/logo120.png\",\"width\":1227,\"height\":120,\"caption\":\"Jornal Fatos e Not\u00edcias\"},\"image\":{\"@id\":\"https:\/\/jornalfatosenoticias.com.br\/#\/schema\/logo\/image\/\"}},{\"@type\":\"Person\",\"@id\":\"https:\/\/jornalfatosenoticias.com.br\/#\/schema\/person\/d63837fa13ac8666eb9e74e0985d6f81\",\"name\":\"Luzimara Fernandes\",\"image\":{\"@type\":\"ImageObject\",\"inLanguage\":\"pt-BR\",\"@id\":\"https:\/\/jornalfatosenoticias.com.br\/#\/schema\/person\/image\/\",\"url\":\"https:\/\/jornalfatosenoticias.com.br\/wp-content\/uploads\/2025\/05\/EU_portal.jpg\",\"contentUrl\":\"https:\/\/jornalfatosenoticias.com.br\/wp-content\/uploads\/2025\/05\/EU_portal.jpg\",\"caption\":\"Luzimara Fernandes\"},\"description\":\"Jornalista MTB 2358-ES\",\"sameAs\":[\"https:\/\/jornalfatosenoticias.com.br\"],\"url\":\"https:\/\/jornalfatosenoticias.com.br\/index.php\/author\/luzimara\/\"}]}<\/script>\n<!-- \/ Yoast SEO plugin. -->","yoast_head_json":{"title":"Aulas presenciais para alunos do Ensino Fundamental II retornaram nesta segunda-feira (26) - Jornal Fatos e Not\u00edcias","robots":{"index":"index","follow":"follow","max-snippet":"max-snippet:-1","max-image-preview":"max-image-preview:large","max-video-preview":"max-video-preview:-1"},"canonical":"https:\/\/jornalfatosenoticias.com.br\/index.php\/2020\/10\/27\/aulas-presenciais-para-alunos-do-ensino-fundamental-ii-retornaram-nesta-segunda-feira-26\/","og_locale":"pt_BR","og_type":"article","og_title":"Aulas presenciais para alunos do Ensino Fundamental II retornaram nesta segunda-feira (26) - Jornal Fatos e Not\u00edcias","og_description":"Nesta segunda-feira (26) foram retomadas as atividades presenciais em sala de aula para os alunos do Ensino Fundamental II, conforme cronograma j\u00e1 divulgado pelo governo do Estado, por meio da Secretaria da Educa\u00e7\u00e3o (Sedu). No pr\u00f3ximo dia 03 de novembro, s\u00e3o os alunos do Fundamental I que retornam. As aulas presenciais nas escolas da Rede [&hellip;]","og_url":"https:\/\/jornalfatosenoticias.com.br\/index.php\/2020\/10\/27\/aulas-presenciais-para-alunos-do-ensino-fundamental-ii-retornaram-nesta-segunda-feira-26\/","og_site_name":"Jornal Fatos e Not\u00edcias","article_published_time":"2020-10-27T19:28:33+00:00","article_modified_time":"2020-10-27T19:28:36+00:00","og_image":[{"width":1000,"height":562,"url":"https:\/\/jornalfatosenoticias.com.br\/wp-content\/uploads\/2020\/10\/retorno-aulas-fundamental-II2.jpeg","type":"image\/jpeg"}],"author":"Luzimara Fernandes","twitter_card":"summary_large_image","twitter_misc":{"Escrito por":"Luzimara Fernandes","Est. tempo de leitura":"2 minutos"},"schema":{"@context":"https:\/\/schema.org","@graph":[{"@type":"Article","@id":"https:\/\/jornalfatosenoticias.com.br\/index.php\/2020\/10\/27\/aulas-presenciais-para-alunos-do-ensino-fundamental-ii-retornaram-nesta-segunda-feira-26\/#article","isPartOf":{"@id":"https:\/\/jornalfatosenoticias.com.br\/index.php\/2020\/10\/27\/aulas-presenciais-para-alunos-do-ensino-fundamental-ii-retornaram-nesta-segunda-feira-26\/"},"author":{"name":"Luzimara Fernandes","@id":"https:\/\/jornalfatosenoticias.com.br\/#\/schema\/person\/d63837fa13ac8666eb9e74e0985d6f81"},"headline":"Aulas presenciais para alunos do Ensino Fundamental II retornaram nesta segunda-feira (26)","datePublished":"2020-10-27T19:28:33+00:00","dateModified":"2020-10-27T19:28:36+00:00","mainEntityOfPage":{"@id":"https:\/\/jornalfatosenoticias.com.br\/index.php\/2020\/10\/27\/aulas-presenciais-para-alunos-do-ensino-fundamental-ii-retornaram-nesta-segunda-feira-26\/"},"wordCount":349,"commentCount":0,"publisher":{"@id":"https:\/\/jornalfatosenoticias.com.br\/#organization"},"image":{"@id":"https:\/\/jornalfatosenoticias.com.br\/index.php\/2020\/10\/27\/aulas-presenciais-para-alunos-do-ensino-fundamental-ii-retornaram-nesta-segunda-feira-26\/#primaryimage"},"thumbnailUrl":"https:\/\/jornalfatosenoticias.com.br\/wp-content\/uploads\/2020\/10\/retorno-aulas-fundamental-II2.jpeg","keywords":["educa\u00e7\u00e3o","retomada das aulas","Sedu"],"articleSection":["Educa\u00e7\u00e3o"],"inLanguage":"pt-BR","potentialAction":[{"@type":"CommentAction","name":"Comment","target":["https:\/\/jornalfatosenoticias.com.br\/index.php\/2020\/10\/27\/aulas-presenciais-para-alunos-do-ensino-fundamental-ii-retornaram-nesta-segunda-feira-26\/#respond"]}]},{"@type":"WebPage","@id":"https:\/\/jornalfatosenoticias.com.br\/index.php\/2020\/10\/27\/aulas-presenciais-para-alunos-do-ensino-fundamental-ii-retornaram-nesta-segunda-feira-26\/","url":"https:\/\/jornalfatosenoticias.com.br\/index.php\/2020\/10\/27\/aulas-presenciais-para-alunos-do-ensino-fundamental-ii-retornaram-nesta-segunda-feira-26\/","name":"Aulas presenciais para alunos do Ensino Fundamental II retornaram nesta segunda-feira (26) - Jornal Fatos e Not\u00edcias","isPartOf":{"@id":"https:\/\/jornalfatosenoticias.com.br\/#website"},"primaryImageOfPage":{"@id":"https:\/\/jornalfatosenoticias.com.br\/index.php\/2020\/10\/27\/aulas-presenciais-para-alunos-do-ensino-fundamental-ii-retornaram-nesta-segunda-feira-26\/#primaryimage"},"image":{"@id":"https:\/\/jornalfatosenoticias.com.br\/index.php\/2020\/10\/27\/aulas-presenciais-para-alunos-do-ensino-fundamental-ii-retornaram-nesta-segunda-feira-26\/#primaryimage"},"thumbnailUrl":"https:\/\/jornalfatosenoticias.com.br\/wp-content\/uploads\/2020\/10\/retorno-aulas-fundamental-II2.jpeg","datePublished":"2020-10-27T19:28:33+00:00","dateModified":"2020-10-27T19:28:36+00:00","breadcrumb":{"@id":"https:\/\/jornalfatosenoticias.com.br\/index.php\/2020\/10\/27\/aulas-presenciais-para-alunos-do-ensino-fundamental-ii-retornaram-nesta-segunda-feira-26\/#breadcrumb"},"inLanguage":"pt-BR","potentialAction":[{"@type":"ReadAction","target":["https:\/\/jornalfatosenoticias.com.br\/index.php\/2020\/10\/27\/aulas-presenciais-para-alunos-do-ensino-fundamental-ii-retornaram-nesta-segunda-feira-26\/"]}]},{"@type":"ImageObject","inLanguage":"pt-BR","@id":"https:\/\/jornalfatosenoticias.com.br\/index.php\/2020\/10\/27\/aulas-presenciais-para-alunos-do-ensino-fundamental-ii-retornaram-nesta-segunda-feira-26\/#primaryimage","url":"https:\/\/jornalfatosenoticias.com.br\/wp-content\/uploads\/2020\/10\/retorno-aulas-fundamental-II2.jpeg","contentUrl":"https:\/\/jornalfatosenoticias.com.br\/wp-content\/uploads\/2020\/10\/retorno-aulas-fundamental-II2.jpeg","width":1000,"height":562},{"@type":"BreadcrumbList","@id":"https:\/\/jornalfatosenoticias.com.br\/index.php\/2020\/10\/27\/aulas-presenciais-para-alunos-do-ensino-fundamental-ii-retornaram-nesta-segunda-feira-26\/#breadcrumb","itemListElement":[{"@type":"ListItem","position":1,"name":"In\u00edcio","item":"https:\/\/jornalfatosenoticias.com.br\/"},{"@type":"ListItem","position":2,"name":"Aulas presenciais para alunos do Ensino Fundamental II retornaram nesta segunda-feira (26)"}]},{"@type":"WebSite","@id":"https:\/\/jornalfatosenoticias.com.br\/#website","url":"https:\/\/jornalfatosenoticias.com.br\/","name":"Jornal Fatos e Not\u00edcias","description":"Not\u00edcias em geral","publisher":{"@id":"https:\/\/jornalfatosenoticias.com.br\/#organization"},"potentialAction":[{"@type":"SearchAction","target":{"@type":"EntryPoint","urlTemplate":"https:\/\/jornalfatosenoticias.com.br\/?s={search_term_string}"},"query-input":{"@type":"PropertyValueSpecification","valueRequired":true,"valueName":"search_term_string"}}],"inLanguage":"pt-BR"},{"@type":"Organization","@id":"https:\/\/jornalfatosenoticias.com.br\/#organization","name":"Jornal Fatos e Not\u00edcias","url":"https:\/\/jornalfatosenoticias.com.br\/","logo":{"@type":"ImageObject","inLanguage":"pt-BR","@id":"https:\/\/jornalfatosenoticias.com.br\/#\/schema\/logo\/image\/","url":"https:\/\/jornalfatosenoticias.com.br\/wp-content\/uploads\/2020\/02\/logo120.png","contentUrl":"https:\/\/jornalfatosenoticias.com.br\/wp-content\/uploads\/2020\/02\/logo120.png","width":1227,"height":120,"caption":"Jornal Fatos e Not\u00edcias"},"image":{"@id":"https:\/\/jornalfatosenoticias.com.br\/#\/schema\/logo\/image\/"}},{"@type":"Person","@id":"https:\/\/jornalfatosenoticias.com.br\/#\/schema\/person\/d63837fa13ac8666eb9e74e0985d6f81","name":"Luzimara Fernandes","image":{"@type":"ImageObject","inLanguage":"pt-BR","@id":"https:\/\/jornalfatosenoticias.com.br\/#\/schema\/person\/image\/","url":"https:\/\/jornalfatosenoticias.com.br\/wp-content\/uploads\/2025\/05\/EU_portal.jpg","contentUrl":"https:\/\/jornalfatosenoticias.com.br\/wp-content\/uploads\/2025\/05\/EU_portal.jpg","caption":"Luzimara Fernandes"},"description":"Jornalista MTB 2358-ES","sameAs":["https:\/\/jornalfatosenoticias.com.br"],"url":"https:\/\/jornalfatosenoticias.com.br\/index.php\/author\/luzimara\/"}]}},"cc_featured_image_caption":{"caption_text":"(Foto: \u00a9Ascom\/Sedu) \r\n","source_text":"","source_url":""},"jetpack_featured_media_url":"https:\/\/jornalfatosenoticias.com.br\/wp-content\/uploads\/2020\/10\/retorno-aulas-fundamental-II2.jpeg","_links":{"self":[{"href":"https:\/\/jornalfatosenoticias.com.br\/index.php\/wp-json\/wp\/v2\/posts\/10467","targetHints":{"allow":["GET"]}}],"collection":[{"href":"https:\/\/jornalfatosenoticias.com.br\/index.php\/wp-json\/wp\/v2\/posts"}],"about":[{"href":"https:\/\/jornalfatosenoticias.com.br\/index.php\/wp-json\/wp\/v2\/types\/post"}],"author":[{"embeddable":true,"href":"https:\/\/jornalfatosenoticias.com.br\/index.php\/wp-json\/wp\/v2\/users\/2"}],"replies":[{"embeddable":true,"href":"https:\/\/jornalfatosenoticias.com.br\/index.php\/wp-json\/wp\/v2\/comments?post=10467"}],"version-history":[{"count":0,"href":"https:\/\/jornalfatosenoticias.com.br\/index.php\/wp-json\/wp\/v2\/posts\/10467\/revisions"}],"wp:featuredmedia":[{"embeddable":true,"href":"https:\/\/jornalfatosenoticias.com.br\/index.php\/wp-json\/wp\/v2\/media\/10470"}],"wp:attachment":[{"href":"https:\/\/jornalfatosenoticias.com.br\/index.php\/wp-json\/wp\/v2\/media?parent=10467"}],"wp:term":[{"taxonomy":"category","embeddable":true,"href":"https:\/\/jornalfatosenoticias.com.br\/index.php\/wp-json\/wp\/v2\/categories?post=10467"},{"taxonomy":"post_tag","embeddable":true,"href":"https:\/\/jornalfatosenoticias.com.br\/index.php\/wp-json\/wp\/v2\/tags?post=10467"}],"curies":[{"name":"wp","href":"https:\/\/api.w.org\/{rel}","templated":true}]}}