{"id":10482,"date":"2020-10-28T10:04:43","date_gmt":"2020-10-28T13:04:43","guid":{"rendered":"https:\/\/jornalfatosenoticias.com.br\/?p=10482"},"modified":"2020-10-28T10:04:48","modified_gmt":"2020-10-28T13:04:48","slug":"abrale-promove-iniciativa-para-alertar-sobre-os-sinais-das-leucemias","status":"publish","type":"post","link":"https:\/\/jornalfatosenoticias.com.br\/index.php\/2020\/10\/28\/abrale-promove-iniciativa-para-alertar-sobre-os-sinais-das-leucemias\/","title":{"rendered":"Abrale promove iniciativa para alertar sobre os sinais das leucemias"},"content":{"rendered":"\n<h6 class=\"wp-block-heading\"><em>Mudan\u00e7as no corpo do paciente podem ajudar a detectar diagn\u00f3stico<\/em><\/h6>\n\n\n\n<p>A Associa\u00e7\u00e3o Brasileira de Linfoma e Leucemia (Abrale) lan\u00e7a uma campanha para falar da import\u00e2ncia dos sinais e sintomas corporais para o diagn\u00f3stico de leucemia. Trata-se de um c\u00e2ncer, que tem in\u00edcio nas c\u00e9lulas-tronco da medula \u00f3ssea. As c\u00e9lulas sangu\u00edneas doentes proliferam e atrapalham a produ\u00e7\u00e3o das c\u00e9lulas sangu\u00edneas saud\u00e1veis da medula \u00f3ssea, diminuindo seu n\u00famero normal.<br>De acordo com o Instituto Nacional do C\u00e2ncer (Inca), s\u00e3o estimados 10.810 novos casos da doen\u00e7a em 2020. Algumas mudan\u00e7as no organismo podem ajudar o paciente a identificar a leucemia e buscar o diagn\u00f3stico com maior rapidez. Este \u00e9 o objetivo da campanha &#8220;A leucemia parece invis\u00edvel. Mas seus sintomas s\u00e3o evidentes&#8221;, lan\u00e7ada pela Abrale.<br>&#8220;Por n\u00e3o ser um tumor que cresce em alguma parte do corpo, muitas vezes entender a leucemia pode ser dif\u00edcil. Mas sinais como cansa\u00e7o e falta de ar, febre, infec\u00e7\u00f5es, muitas vezes graves ou recorrentes, sangramentos e manchas roxas na pele, g\u00e2nglios linf\u00e1ticos inchados e dores \u00f3sseas e nas articula\u00e7\u00f5es devem acender o sinal de alerta&#8221;, afirma a presidente da Abrale, Merula Steagall.<br>A leucemia \u00e9 o c\u00e2ncer mais incidente na popula\u00e7\u00e3o com at\u00e9 20 anos de idade, em que o subtipo mais frequente \u00e9 a LLA (leucemia linfoide aguda). Contudo, em n\u00fameros gerais, a maior parte dos casos ocorre em indiv\u00edduos idosos. Enquanto na popula\u00e7\u00e3o entre 20 e 49 anos a mais frequente \u00e9 a LMA (leucemia mieloide aguda), nos indiv\u00edduos com mais de 50 anos \u00e9 a LLC (leucemia linfoide cr\u00f4nica) e a LMC (leucemia mieloide cr\u00f4nica).<br>No Brasil, segundo estimativas do Inca, a leucemia foi o 13\u00b0 tipo de c\u00e2ncer mais frequente em 2017, correspondendo a 1,7% do total de novos casos (Inca, 2016). Com rela\u00e7\u00e3o \u00e0 mortalidade, os \u00f3bitos por leucemia no Brasil representaram 3,1% do total de mortes por c\u00e2ncer em 2017, sendo o 8\u00b0 tipo de c\u00e2ncer com maior mortalidade (Datasus, 2019).<br>&#8220;Observamos que, embora o n\u00famero absoluto de \u00f3bitos por leucemias no Brasil tenha aumentado em 10 anos, 2008 a 2017, provavelmente em grande medida decorrente do crescimento populacional no per\u00edodo, n\u00e3o houve crescimento da taxa de mortalidade por leucemias ajustada pela idade&#8221;, destaca Nelson Correa, doutor em Ci\u00eancias da Sa\u00fade, pesquisador da Abrale e Observat\u00f3rio de Oncologia.<br>O especialista ressalta, no entanto, que houve um aumento de incid\u00eancia de casos em pessoas com mais de 50 anos. &#8220;Contudo, quando observamos as taxas de mortalidade por faixa et\u00e1ria, foi evidenciado que, no per\u00edodo, houve um aumento da taxa de mortalidade por leucemias na popula\u00e7\u00e3o com mais de 50 anos de idade&#8221;, completa. Estes achados podem indicar a necessidade de a\u00e7\u00f5es de sa\u00fade voltadas para o aumento da sobrevida dos casos de leucemia, especialmente na popula\u00e7\u00e3o mais velha.<\/p>\n\n\n\n<p><strong><em>Fonte: <a href=\"https:\/\/www.terra.com.br\/vida-e-estilo\/saude\/bem-estar\/abrale-promove-iniciativa-para-alertar-sobre-os-sinais-das-leucemias,5666bf0249a945eab0de9cd164698c98ewrw6ywn.html\">Terra<\/a><\/em><\/strong><\/p>\n","protected":false},"excerpt":{"rendered":"<p>Mudan\u00e7as no corpo do paciente podem ajudar a detectar diagn\u00f3stico A Associa\u00e7\u00e3o Brasileira de Linfoma e Leucemia (Abrale) lan\u00e7a uma campanha para falar da import\u00e2ncia dos sinais e sintomas corporais para o diagn\u00f3stico de leucemia. Trata-se de um c\u00e2ncer, que tem in\u00edcio nas c\u00e9lulas-tronco da medula \u00f3ssea. As c\u00e9lulas sangu\u00edneas doentes proliferam e atrapalham a [&hellip;]<\/p>\n","protected":false},"author":2,"featured_media":10483,"comment_status":"open","ping_status":"open","sticky":false,"template":"","format":"standard","meta":{"footnotes":""},"categories":[11],"tags":[5584,1266,1125,5585,5586],"class_list":["post-10482","post","type-post","status-publish","format-standard","has-post-thumbnail","hentry","category-saude","tag-abrale","tag-alerta","tag-diagnostico","tag-leucemia","tag-sinais"],"yoast_head":"<!-- This site is optimized with the Yoast SEO plugin v26.5 - https:\/\/yoast.com\/wordpress\/plugins\/seo\/ -->\n<title>Abrale promove iniciativa para alertar sobre os sinais das leucemias - Jornal Fatos e Not\u00edcias<\/title>\n<meta name=\"robots\" content=\"index, follow, max-snippet:-1, max-image-preview:large, max-video-preview:-1\" \/>\n<link rel=\"canonical\" href=\"https:\/\/jornalfatosenoticias.com.br\/index.php\/2020\/10\/28\/abrale-promove-iniciativa-para-alertar-sobre-os-sinais-das-leucemias\/\" \/>\n<meta property=\"og:locale\" content=\"pt_BR\" \/>\n<meta property=\"og:type\" content=\"article\" \/>\n<meta property=\"og:title\" content=\"Abrale promove iniciativa para alertar sobre os sinais das leucemias - Jornal Fatos e Not\u00edcias\" \/>\n<meta property=\"og:description\" content=\"Mudan\u00e7as no corpo do paciente podem ajudar a detectar diagn\u00f3stico A Associa\u00e7\u00e3o Brasileira de Linfoma e Leucemia (Abrale) lan\u00e7a uma campanha para falar da import\u00e2ncia dos sinais e sintomas corporais para o diagn\u00f3stico de leucemia. Trata-se de um c\u00e2ncer, que tem in\u00edcio nas c\u00e9lulas-tronco da medula \u00f3ssea. As c\u00e9lulas sangu\u00edneas doentes proliferam e atrapalham a [&hellip;]\" \/>\n<meta property=\"og:url\" content=\"https:\/\/jornalfatosenoticias.com.br\/index.php\/2020\/10\/28\/abrale-promove-iniciativa-para-alertar-sobre-os-sinais-das-leucemias\/\" \/>\n<meta property=\"og:site_name\" content=\"Jornal Fatos e Not\u00edcias\" \/>\n<meta property=\"article:published_time\" content=\"2020-10-28T13:04:43+00:00\" \/>\n<meta property=\"article:modified_time\" content=\"2020-10-28T13:04:48+00:00\" \/>\n<meta property=\"og:image\" content=\"https:\/\/jornalfatosenoticias.com.br\/wp-content\/uploads\/2020\/10\/leucemia.jpg\" \/>\n\t<meta property=\"og:image:width\" content=\"1000\" \/>\n\t<meta property=\"og:image:height\" content=\"562\" \/>\n\t<meta property=\"og:image:type\" content=\"image\/jpeg\" \/>\n<meta name=\"author\" content=\"Luzimara Fernandes\" \/>\n<meta name=\"twitter:card\" content=\"summary_large_image\" \/>\n<meta name=\"twitter:label1\" content=\"Escrito por\" \/>\n\t<meta name=\"twitter:data1\" content=\"Luzimara Fernandes\" \/>\n\t<meta name=\"twitter:label2\" content=\"Est. tempo de leitura\" \/>\n\t<meta name=\"twitter:data2\" content=\"2 minutos\" \/>\n<script type=\"application\/ld+json\" class=\"yoast-schema-graph\">{\"@context\":\"https:\/\/schema.org\",\"@graph\":[{\"@type\":\"Article\",\"@id\":\"https:\/\/jornalfatosenoticias.com.br\/index.php\/2020\/10\/28\/abrale-promove-iniciativa-para-alertar-sobre-os-sinais-das-leucemias\/#article\",\"isPartOf\":{\"@id\":\"https:\/\/jornalfatosenoticias.com.br\/index.php\/2020\/10\/28\/abrale-promove-iniciativa-para-alertar-sobre-os-sinais-das-leucemias\/\"},\"author\":{\"name\":\"Luzimara Fernandes\",\"@id\":\"https:\/\/jornalfatosenoticias.com.br\/#\/schema\/person\/d63837fa13ac8666eb9e74e0985d6f81\"},\"headline\":\"Abrale promove iniciativa para alertar sobre os sinais das leucemias\",\"datePublished\":\"2020-10-28T13:04:43+00:00\",\"dateModified\":\"2020-10-28T13:04:48+00:00\",\"mainEntityOfPage\":{\"@id\":\"https:\/\/jornalfatosenoticias.com.br\/index.php\/2020\/10\/28\/abrale-promove-iniciativa-para-alertar-sobre-os-sinais-das-leucemias\/\"},\"wordCount\":499,\"commentCount\":0,\"publisher\":{\"@id\":\"https:\/\/jornalfatosenoticias.com.br\/#organization\"},\"image\":{\"@id\":\"https:\/\/jornalfatosenoticias.com.br\/index.php\/2020\/10\/28\/abrale-promove-iniciativa-para-alertar-sobre-os-sinais-das-leucemias\/#primaryimage\"},\"thumbnailUrl\":\"https:\/\/jornalfatosenoticias.com.br\/wp-content\/uploads\/2020\/10\/leucemia.jpg\",\"keywords\":[\"Abrale\",\"alerta\",\"diagn\u00f3stico\",\"leucemia\",\"sinais\"],\"articleSection\":[\"Sa\u00fade\"],\"inLanguage\":\"pt-BR\",\"potentialAction\":[{\"@type\":\"CommentAction\",\"name\":\"Comment\",\"target\":[\"https:\/\/jornalfatosenoticias.com.br\/index.php\/2020\/10\/28\/abrale-promove-iniciativa-para-alertar-sobre-os-sinais-das-leucemias\/#respond\"]}]},{\"@type\":\"WebPage\",\"@id\":\"https:\/\/jornalfatosenoticias.com.br\/index.php\/2020\/10\/28\/abrale-promove-iniciativa-para-alertar-sobre-os-sinais-das-leucemias\/\",\"url\":\"https:\/\/jornalfatosenoticias.com.br\/index.php\/2020\/10\/28\/abrale-promove-iniciativa-para-alertar-sobre-os-sinais-das-leucemias\/\",\"name\":\"Abrale promove iniciativa para alertar sobre os sinais das leucemias - Jornal Fatos e Not\u00edcias\",\"isPartOf\":{\"@id\":\"https:\/\/jornalfatosenoticias.com.br\/#website\"},\"primaryImageOfPage\":{\"@id\":\"https:\/\/jornalfatosenoticias.com.br\/index.php\/2020\/10\/28\/abrale-promove-iniciativa-para-alertar-sobre-os-sinais-das-leucemias\/#primaryimage\"},\"image\":{\"@id\":\"https:\/\/jornalfatosenoticias.com.br\/index.php\/2020\/10\/28\/abrale-promove-iniciativa-para-alertar-sobre-os-sinais-das-leucemias\/#primaryimage\"},\"thumbnailUrl\":\"https:\/\/jornalfatosenoticias.com.br\/wp-content\/uploads\/2020\/10\/leucemia.jpg\",\"datePublished\":\"2020-10-28T13:04:43+00:00\",\"dateModified\":\"2020-10-28T13:04:48+00:00\",\"breadcrumb\":{\"@id\":\"https:\/\/jornalfatosenoticias.com.br\/index.php\/2020\/10\/28\/abrale-promove-iniciativa-para-alertar-sobre-os-sinais-das-leucemias\/#breadcrumb\"},\"inLanguage\":\"pt-BR\",\"potentialAction\":[{\"@type\":\"ReadAction\",\"target\":[\"https:\/\/jornalfatosenoticias.com.br\/index.php\/2020\/10\/28\/abrale-promove-iniciativa-para-alertar-sobre-os-sinais-das-leucemias\/\"]}]},{\"@type\":\"ImageObject\",\"inLanguage\":\"pt-BR\",\"@id\":\"https:\/\/jornalfatosenoticias.com.br\/index.php\/2020\/10\/28\/abrale-promove-iniciativa-para-alertar-sobre-os-sinais-das-leucemias\/#primaryimage\",\"url\":\"https:\/\/jornalfatosenoticias.com.br\/wp-content\/uploads\/2020\/10\/leucemia.jpg\",\"contentUrl\":\"https:\/\/jornalfatosenoticias.com.br\/wp-content\/uploads\/2020\/10\/leucemia.jpg\",\"width\":1000,\"height\":562},{\"@type\":\"BreadcrumbList\",\"@id\":\"https:\/\/jornalfatosenoticias.com.br\/index.php\/2020\/10\/28\/abrale-promove-iniciativa-para-alertar-sobre-os-sinais-das-leucemias\/#breadcrumb\",\"itemListElement\":[{\"@type\":\"ListItem\",\"position\":1,\"name\":\"In\u00edcio\",\"item\":\"https:\/\/jornalfatosenoticias.com.br\/\"},{\"@type\":\"ListItem\",\"position\":2,\"name\":\"Abrale promove iniciativa para alertar sobre os sinais das leucemias\"}]},{\"@type\":\"WebSite\",\"@id\":\"https:\/\/jornalfatosenoticias.com.br\/#website\",\"url\":\"https:\/\/jornalfatosenoticias.com.br\/\",\"name\":\"Jornal Fatos e Not\u00edcias\",\"description\":\"Not\u00edcias em geral\",\"publisher\":{\"@id\":\"https:\/\/jornalfatosenoticias.com.br\/#organization\"},\"potentialAction\":[{\"@type\":\"SearchAction\",\"target\":{\"@type\":\"EntryPoint\",\"urlTemplate\":\"https:\/\/jornalfatosenoticias.com.br\/?s={search_term_string}\"},\"query-input\":{\"@type\":\"PropertyValueSpecification\",\"valueRequired\":true,\"valueName\":\"search_term_string\"}}],\"inLanguage\":\"pt-BR\"},{\"@type\":\"Organization\",\"@id\":\"https:\/\/jornalfatosenoticias.com.br\/#organization\",\"name\":\"Jornal Fatos e Not\u00edcias\",\"url\":\"https:\/\/jornalfatosenoticias.com.br\/\",\"logo\":{\"@type\":\"ImageObject\",\"inLanguage\":\"pt-BR\",\"@id\":\"https:\/\/jornalfatosenoticias.com.br\/#\/schema\/logo\/image\/\",\"url\":\"https:\/\/jornalfatosenoticias.com.br\/wp-content\/uploads\/2020\/02\/logo120.png\",\"contentUrl\":\"https:\/\/jornalfatosenoticias.com.br\/wp-content\/uploads\/2020\/02\/logo120.png\",\"width\":1227,\"height\":120,\"caption\":\"Jornal Fatos e Not\u00edcias\"},\"image\":{\"@id\":\"https:\/\/jornalfatosenoticias.com.br\/#\/schema\/logo\/image\/\"}},{\"@type\":\"Person\",\"@id\":\"https:\/\/jornalfatosenoticias.com.br\/#\/schema\/person\/d63837fa13ac8666eb9e74e0985d6f81\",\"name\":\"Luzimara Fernandes\",\"image\":{\"@type\":\"ImageObject\",\"inLanguage\":\"pt-BR\",\"@id\":\"https:\/\/jornalfatosenoticias.com.br\/#\/schema\/person\/image\/\",\"url\":\"https:\/\/jornalfatosenoticias.com.br\/wp-content\/uploads\/2025\/05\/EU_portal.jpg\",\"contentUrl\":\"https:\/\/jornalfatosenoticias.com.br\/wp-content\/uploads\/2025\/05\/EU_portal.jpg\",\"caption\":\"Luzimara Fernandes\"},\"description\":\"Jornalista MTB 2358-ES\",\"sameAs\":[\"https:\/\/jornalfatosenoticias.com.br\"],\"url\":\"https:\/\/jornalfatosenoticias.com.br\/index.php\/author\/luzimara\/\"}]}<\/script>\n<!-- \/ Yoast SEO plugin. -->","yoast_head_json":{"title":"Abrale promove iniciativa para alertar sobre os sinais das leucemias - Jornal Fatos e Not\u00edcias","robots":{"index":"index","follow":"follow","max-snippet":"max-snippet:-1","max-image-preview":"max-image-preview:large","max-video-preview":"max-video-preview:-1"},"canonical":"https:\/\/jornalfatosenoticias.com.br\/index.php\/2020\/10\/28\/abrale-promove-iniciativa-para-alertar-sobre-os-sinais-das-leucemias\/","og_locale":"pt_BR","og_type":"article","og_title":"Abrale promove iniciativa para alertar sobre os sinais das leucemias - Jornal Fatos e Not\u00edcias","og_description":"Mudan\u00e7as no corpo do paciente podem ajudar a detectar diagn\u00f3stico A Associa\u00e7\u00e3o Brasileira de Linfoma e Leucemia (Abrale) lan\u00e7a uma campanha para falar da import\u00e2ncia dos sinais e sintomas corporais para o diagn\u00f3stico de leucemia. Trata-se de um c\u00e2ncer, que tem in\u00edcio nas c\u00e9lulas-tronco da medula \u00f3ssea. As c\u00e9lulas sangu\u00edneas doentes proliferam e atrapalham a [&hellip;]","og_url":"https:\/\/jornalfatosenoticias.com.br\/index.php\/2020\/10\/28\/abrale-promove-iniciativa-para-alertar-sobre-os-sinais-das-leucemias\/","og_site_name":"Jornal Fatos e Not\u00edcias","article_published_time":"2020-10-28T13:04:43+00:00","article_modified_time":"2020-10-28T13:04:48+00:00","og_image":[{"width":1000,"height":562,"url":"https:\/\/jornalfatosenoticias.com.br\/wp-content\/uploads\/2020\/10\/leucemia.jpg","type":"image\/jpeg"}],"author":"Luzimara Fernandes","twitter_card":"summary_large_image","twitter_misc":{"Escrito por":"Luzimara Fernandes","Est. tempo de leitura":"2 minutos"},"schema":{"@context":"https:\/\/schema.org","@graph":[{"@type":"Article","@id":"https:\/\/jornalfatosenoticias.com.br\/index.php\/2020\/10\/28\/abrale-promove-iniciativa-para-alertar-sobre-os-sinais-das-leucemias\/#article","isPartOf":{"@id":"https:\/\/jornalfatosenoticias.com.br\/index.php\/2020\/10\/28\/abrale-promove-iniciativa-para-alertar-sobre-os-sinais-das-leucemias\/"},"author":{"name":"Luzimara Fernandes","@id":"https:\/\/jornalfatosenoticias.com.br\/#\/schema\/person\/d63837fa13ac8666eb9e74e0985d6f81"},"headline":"Abrale promove iniciativa para alertar sobre os sinais das leucemias","datePublished":"2020-10-28T13:04:43+00:00","dateModified":"2020-10-28T13:04:48+00:00","mainEntityOfPage":{"@id":"https:\/\/jornalfatosenoticias.com.br\/index.php\/2020\/10\/28\/abrale-promove-iniciativa-para-alertar-sobre-os-sinais-das-leucemias\/"},"wordCount":499,"commentCount":0,"publisher":{"@id":"https:\/\/jornalfatosenoticias.com.br\/#organization"},"image":{"@id":"https:\/\/jornalfatosenoticias.com.br\/index.php\/2020\/10\/28\/abrale-promove-iniciativa-para-alertar-sobre-os-sinais-das-leucemias\/#primaryimage"},"thumbnailUrl":"https:\/\/jornalfatosenoticias.com.br\/wp-content\/uploads\/2020\/10\/leucemia.jpg","keywords":["Abrale","alerta","diagn\u00f3stico","leucemia","sinais"],"articleSection":["Sa\u00fade"],"inLanguage":"pt-BR","potentialAction":[{"@type":"CommentAction","name":"Comment","target":["https:\/\/jornalfatosenoticias.com.br\/index.php\/2020\/10\/28\/abrale-promove-iniciativa-para-alertar-sobre-os-sinais-das-leucemias\/#respond"]}]},{"@type":"WebPage","@id":"https:\/\/jornalfatosenoticias.com.br\/index.php\/2020\/10\/28\/abrale-promove-iniciativa-para-alertar-sobre-os-sinais-das-leucemias\/","url":"https:\/\/jornalfatosenoticias.com.br\/index.php\/2020\/10\/28\/abrale-promove-iniciativa-para-alertar-sobre-os-sinais-das-leucemias\/","name":"Abrale promove iniciativa para alertar sobre os sinais das leucemias - Jornal Fatos e Not\u00edcias","isPartOf":{"@id":"https:\/\/jornalfatosenoticias.com.br\/#website"},"primaryImageOfPage":{"@id":"https:\/\/jornalfatosenoticias.com.br\/index.php\/2020\/10\/28\/abrale-promove-iniciativa-para-alertar-sobre-os-sinais-das-leucemias\/#primaryimage"},"image":{"@id":"https:\/\/jornalfatosenoticias.com.br\/index.php\/2020\/10\/28\/abrale-promove-iniciativa-para-alertar-sobre-os-sinais-das-leucemias\/#primaryimage"},"thumbnailUrl":"https:\/\/jornalfatosenoticias.com.br\/wp-content\/uploads\/2020\/10\/leucemia.jpg","datePublished":"2020-10-28T13:04:43+00:00","dateModified":"2020-10-28T13:04:48+00:00","breadcrumb":{"@id":"https:\/\/jornalfatosenoticias.com.br\/index.php\/2020\/10\/28\/abrale-promove-iniciativa-para-alertar-sobre-os-sinais-das-leucemias\/#breadcrumb"},"inLanguage":"pt-BR","potentialAction":[{"@type":"ReadAction","target":["https:\/\/jornalfatosenoticias.com.br\/index.php\/2020\/10\/28\/abrale-promove-iniciativa-para-alertar-sobre-os-sinais-das-leucemias\/"]}]},{"@type":"ImageObject","inLanguage":"pt-BR","@id":"https:\/\/jornalfatosenoticias.com.br\/index.php\/2020\/10\/28\/abrale-promove-iniciativa-para-alertar-sobre-os-sinais-das-leucemias\/#primaryimage","url":"https:\/\/jornalfatosenoticias.com.br\/wp-content\/uploads\/2020\/10\/leucemia.jpg","contentUrl":"https:\/\/jornalfatosenoticias.com.br\/wp-content\/uploads\/2020\/10\/leucemia.jpg","width":1000,"height":562},{"@type":"BreadcrumbList","@id":"https:\/\/jornalfatosenoticias.com.br\/index.php\/2020\/10\/28\/abrale-promove-iniciativa-para-alertar-sobre-os-sinais-das-leucemias\/#breadcrumb","itemListElement":[{"@type":"ListItem","position":1,"name":"In\u00edcio","item":"https:\/\/jornalfatosenoticias.com.br\/"},{"@type":"ListItem","position":2,"name":"Abrale promove iniciativa para alertar sobre os sinais das leucemias"}]},{"@type":"WebSite","@id":"https:\/\/jornalfatosenoticias.com.br\/#website","url":"https:\/\/jornalfatosenoticias.com.br\/","name":"Jornal Fatos e Not\u00edcias","description":"Not\u00edcias em geral","publisher":{"@id":"https:\/\/jornalfatosenoticias.com.br\/#organization"},"potentialAction":[{"@type":"SearchAction","target":{"@type":"EntryPoint","urlTemplate":"https:\/\/jornalfatosenoticias.com.br\/?s={search_term_string}"},"query-input":{"@type":"PropertyValueSpecification","valueRequired":true,"valueName":"search_term_string"}}],"inLanguage":"pt-BR"},{"@type":"Organization","@id":"https:\/\/jornalfatosenoticias.com.br\/#organization","name":"Jornal Fatos e Not\u00edcias","url":"https:\/\/jornalfatosenoticias.com.br\/","logo":{"@type":"ImageObject","inLanguage":"pt-BR","@id":"https:\/\/jornalfatosenoticias.com.br\/#\/schema\/logo\/image\/","url":"https:\/\/jornalfatosenoticias.com.br\/wp-content\/uploads\/2020\/02\/logo120.png","contentUrl":"https:\/\/jornalfatosenoticias.com.br\/wp-content\/uploads\/2020\/02\/logo120.png","width":1227,"height":120,"caption":"Jornal Fatos e Not\u00edcias"},"image":{"@id":"https:\/\/jornalfatosenoticias.com.br\/#\/schema\/logo\/image\/"}},{"@type":"Person","@id":"https:\/\/jornalfatosenoticias.com.br\/#\/schema\/person\/d63837fa13ac8666eb9e74e0985d6f81","name":"Luzimara Fernandes","image":{"@type":"ImageObject","inLanguage":"pt-BR","@id":"https:\/\/jornalfatosenoticias.com.br\/#\/schema\/person\/image\/","url":"https:\/\/jornalfatosenoticias.com.br\/wp-content\/uploads\/2025\/05\/EU_portal.jpg","contentUrl":"https:\/\/jornalfatosenoticias.com.br\/wp-content\/uploads\/2025\/05\/EU_portal.jpg","caption":"Luzimara Fernandes"},"description":"Jornalista MTB 2358-ES","sameAs":["https:\/\/jornalfatosenoticias.com.br"],"url":"https:\/\/jornalfatosenoticias.com.br\/index.php\/author\/luzimara\/"}]}},"cc_featured_image_caption":{"caption_text":"(Foto: \u00a9iStock) ","source_text":"","source_url":""},"jetpack_featured_media_url":"https:\/\/jornalfatosenoticias.com.br\/wp-content\/uploads\/2020\/10\/leucemia.jpg","_links":{"self":[{"href":"https:\/\/jornalfatosenoticias.com.br\/index.php\/wp-json\/wp\/v2\/posts\/10482","targetHints":{"allow":["GET"]}}],"collection":[{"href":"https:\/\/jornalfatosenoticias.com.br\/index.php\/wp-json\/wp\/v2\/posts"}],"about":[{"href":"https:\/\/jornalfatosenoticias.com.br\/index.php\/wp-json\/wp\/v2\/types\/post"}],"author":[{"embeddable":true,"href":"https:\/\/jornalfatosenoticias.com.br\/index.php\/wp-json\/wp\/v2\/users\/2"}],"replies":[{"embeddable":true,"href":"https:\/\/jornalfatosenoticias.com.br\/index.php\/wp-json\/wp\/v2\/comments?post=10482"}],"version-history":[{"count":0,"href":"https:\/\/jornalfatosenoticias.com.br\/index.php\/wp-json\/wp\/v2\/posts\/10482\/revisions"}],"wp:featuredmedia":[{"embeddable":true,"href":"https:\/\/jornalfatosenoticias.com.br\/index.php\/wp-json\/wp\/v2\/media\/10483"}],"wp:attachment":[{"href":"https:\/\/jornalfatosenoticias.com.br\/index.php\/wp-json\/wp\/v2\/media?parent=10482"}],"wp:term":[{"taxonomy":"category","embeddable":true,"href":"https:\/\/jornalfatosenoticias.com.br\/index.php\/wp-json\/wp\/v2\/categories?post=10482"},{"taxonomy":"post_tag","embeddable":true,"href":"https:\/\/jornalfatosenoticias.com.br\/index.php\/wp-json\/wp\/v2\/tags?post=10482"}],"curies":[{"name":"wp","href":"https:\/\/api.w.org\/{rel}","templated":true}]}}