{"id":10511,"date":"2020-10-28T11:57:18","date_gmt":"2020-10-28T14:57:18","guid":{"rendered":"https:\/\/jornalfatosenoticias.com.br\/?p=10511"},"modified":"2020-10-28T11:57:24","modified_gmt":"2020-10-28T14:57:24","slug":"alter-do-chao-e-o-risco-do-paraiso-se-transformar-em-savana","status":"publish","type":"post","link":"https:\/\/jornalfatosenoticias.com.br\/index.php\/2020\/10\/28\/alter-do-chao-e-o-risco-do-paraiso-se-transformar-em-savana\/","title":{"rendered":"Alter do Ch\u00e3o e o risco do para\u00edso se transformar em Savana"},"content":{"rendered":"\n<p>A Amaz\u00f4nia est\u00e1 passando por taxas sem precedentes de degrada\u00e7\u00e3o por desmatamento, inc\u00eandios e secas. Os efeitos coletivos e repetitivos desses dist\u00farbios clim\u00e1ticos amea\u00e7am mudar, em dez anos, uma das suas paisagens mais conhecidas: as praias de \u00e1gua doce de Alter do Ch\u00e3o, em Santar\u00e9m, no Par\u00e1.<br>Cientistas alertam para o risco de savaniza\u00e7\u00e3o das \u00e1reas de florestas que mant\u00eam ecossistemas vivos \u00e0s margens do rio Tapaj\u00f3s, uma das regi\u00f5es mais sens\u00edveis da floresta Amaz\u00f4nica.<br>O estudo \u201cReformulando a savaniza\u00e7\u00e3o tropical: ligando as mudan\u00e7as na estrutura do dossel \u00e0s altera\u00e7\u00f5es do balan\u00e7o de energia que afetam o clima\u201d, foi conduzido pela Universidade do Michigan, dos Estados Unidos, e tamb\u00e9m por pesquisadores do Programa de P\u00f3s-Gradua\u00e7\u00e3o Gradua\u00e7\u00e3o em Recursos Naturais da Amaz\u00f4nia da Universidade Federal do Oeste do Par\u00e1 (PPGRNA-Ufopa), al\u00e9m da equipe do Instituto Nacional de Pesquisas Espaciais (INPE), da Universidade de S\u00e3o Paulo (USP) e da Empresa Brasileira de Pesquisa Agropecu\u00e1ria (Embrapa).<br>Alter \u00e9 um dos destinos mais procurados no Google quando o assunto \u00e9 imers\u00e3o na floresta tropical do mundo. Durante a alta temporada, que ocorre nos meses de janeiro e junho, os hot\u00e9is ficam abarrotados. Entretanto, o risco do para\u00edso tropical se transformar em savana tropical \u00e9 cada vez mais real e pr\u00f3ximo, devido ao crescimento de ocorr\u00eancias de inc\u00eandios e desmatamento.<br>Registrando as piores taxas do Par\u00e1, Alter do Ch\u00e3o lista no ranking das regi\u00f5es com maiores registros de focos de calor entre junho e setembro deste ano, de acordo com dados do Instituto Nacional de Pesquisas Espaciais (Inpe). Alter vive sob intensa press\u00e3o da especula\u00e7\u00e3o imobili\u00e1ria, incentivada pela grilagem de terras. Em agosto de 2019, a regi\u00e3o foi duramente atingida por chamas de inc\u00eandios criminosos, no que ficou conhecido como \u2018Dia do Fogo\u2019.<br>\u201cNeste artigo de pontos de vista inovadores argumentamos que est\u00e1 na hora de come\u00e7ar a compreender melhor as consequ\u00eancias do equil\u00edbrio energ\u00e9tico da degrada\u00e7\u00e3o florestal na Amaz\u00f4nia, para melhor compreender os efeitos clim\u00e1ticos e a sensibilidade da floresta degradada no processo de savaniza\u00e7\u00e3o a longo prazo\u201d, explica Scott Stark \u00e0 Casa NINJA Amaz\u00f4nia.<br>Stark \u00e9 professor do Departamento de Silvicultura da Michigan State University, e um dos autores do estudo, que tamb\u00e9m reuniu David D. Breshears Susan Arag\u00f3n Juan Camilo Villegas Darin J. Law Marielle N. Smith David M. Minor Rafael Leandro de Assis Danilo Roberti Alves de Almeida.<br>Stark e sua equipe, foram capazes de avaliar os efeitos do fogo e desmatamento em Alter do Ch\u00e3o utilizando um sistema de sensor remoto port\u00e1til instalado em torres tempor\u00e1rias acima do dossel em florestas. Os resultados sinalizam que um processo de savaniza\u00e7\u00e3o na floresta tropical pode ocorrer em um curto per\u00edodo de dez anos.<br>\u201cVoc\u00ea pode ter floresta ou savana nas mesmas regi\u00f5es de clima e precipita\u00e7\u00e3o. A principal coisa que os mant\u00e9m distintamente diferentes uns dos outros \u00e9 o fogo. Savanas existem quando h\u00e1 fogo peri\u00f3dico. Para reduzir o aquecimento global, \u00e9 melhor manter as florestas tropicais em vez de se transformar em savanas tropicais\u201d, explica.<br>Ao analisar o clima atual e as mudan\u00e7as r\u00e1pidas que acontecem na Amaz\u00f4nia devido aos \u00edndices de devasta\u00e7\u00e3o, o alerta de savaniza\u00e7\u00e3o emitido pelos cientistas \u00e9 fundamental para entender o futuro da Amaz\u00f4nia, a seguran\u00e7a de seus povos nativos e o futuro do meio ambiente global, que se encontra cada vez mais amea\u00e7ada.<\/p>\n\n\n\n<p><strong><em>Fonte: <a href=\"https:\/\/casaninjaamazonia.org\/2020\/10\/20\/alter-do-chao-e-o-risco-do-paraiso-se-transformar-em-savana\/\">Casa Ninja Amaz\u00f4nia<\/a><\/em><\/strong><\/p>\n","protected":false},"excerpt":{"rendered":"<p>A Amaz\u00f4nia est\u00e1 passando por taxas sem precedentes de degrada\u00e7\u00e3o por desmatamento, inc\u00eandios e secas. Os efeitos coletivos e repetitivos desses dist\u00farbios clim\u00e1ticos amea\u00e7am mudar, em dez anos, uma das suas paisagens mais conhecidas: as praias de \u00e1gua doce de Alter do Ch\u00e3o, em Santar\u00e9m, no Par\u00e1.Cientistas alertam para o risco de savaniza\u00e7\u00e3o das \u00e1reas [&hellip;]<\/p>\n","protected":false},"author":2,"featured_media":10512,"comment_status":"open","ping_status":"open","sticky":false,"template":"","format":"standard","meta":{"footnotes":""},"categories":[8],"tags":[5603,72,5605,940,5604],"class_list":["post-10511","post","type-post","status-publish","format-standard","has-post-thumbnail","hentry","category-meio-ambiente","tag-alter-do-chao","tag-clima","tag-degradacao","tag-para","tag-savanizacao"],"yoast_head":"<!-- This site is optimized with the Yoast SEO plugin v26.5 - https:\/\/yoast.com\/wordpress\/plugins\/seo\/ -->\n<title>Alter do Ch\u00e3o e o risco do para\u00edso se transformar em Savana - Jornal Fatos e Not\u00edcias<\/title>\n<meta name=\"robots\" content=\"index, follow, max-snippet:-1, max-image-preview:large, max-video-preview:-1\" \/>\n<link rel=\"canonical\" href=\"https:\/\/jornalfatosenoticias.com.br\/index.php\/2020\/10\/28\/alter-do-chao-e-o-risco-do-paraiso-se-transformar-em-savana\/\" \/>\n<meta property=\"og:locale\" content=\"pt_BR\" \/>\n<meta property=\"og:type\" content=\"article\" \/>\n<meta property=\"og:title\" content=\"Alter do Ch\u00e3o e o risco do para\u00edso se transformar em Savana - Jornal Fatos e Not\u00edcias\" \/>\n<meta property=\"og:description\" content=\"A Amaz\u00f4nia est\u00e1 passando por taxas sem precedentes de degrada\u00e7\u00e3o por desmatamento, inc\u00eandios e secas. Os efeitos coletivos e repetitivos desses dist\u00farbios clim\u00e1ticos amea\u00e7am mudar, em dez anos, uma das suas paisagens mais conhecidas: as praias de \u00e1gua doce de Alter do Ch\u00e3o, em Santar\u00e9m, no Par\u00e1.Cientistas alertam para o risco de savaniza\u00e7\u00e3o das \u00e1reas [&hellip;]\" \/>\n<meta property=\"og:url\" content=\"https:\/\/jornalfatosenoticias.com.br\/index.php\/2020\/10\/28\/alter-do-chao-e-o-risco-do-paraiso-se-transformar-em-savana\/\" \/>\n<meta property=\"og:site_name\" content=\"Jornal Fatos e Not\u00edcias\" \/>\n<meta property=\"article:published_time\" content=\"2020-10-28T14:57:18+00:00\" \/>\n<meta property=\"article:modified_time\" content=\"2020-10-28T14:57:24+00:00\" \/>\n<meta property=\"og:image\" content=\"https:\/\/jornalfatosenoticias.com.br\/wp-content\/uploads\/2020\/10\/Alter-do-Chao.jpg\" \/>\n\t<meta property=\"og:image:width\" content=\"1000\" \/>\n\t<meta property=\"og:image:height\" content=\"666\" \/>\n\t<meta property=\"og:image:type\" content=\"image\/jpeg\" \/>\n<meta name=\"author\" content=\"Luzimara Fernandes\" \/>\n<meta name=\"twitter:card\" content=\"summary_large_image\" \/>\n<meta name=\"twitter:label1\" content=\"Escrito por\" \/>\n\t<meta name=\"twitter:data1\" content=\"Luzimara Fernandes\" \/>\n\t<meta name=\"twitter:label2\" content=\"Est. tempo de leitura\" \/>\n\t<meta name=\"twitter:data2\" content=\"3 minutos\" \/>\n<script type=\"application\/ld+json\" class=\"yoast-schema-graph\">{\"@context\":\"https:\/\/schema.org\",\"@graph\":[{\"@type\":\"Article\",\"@id\":\"https:\/\/jornalfatosenoticias.com.br\/index.php\/2020\/10\/28\/alter-do-chao-e-o-risco-do-paraiso-se-transformar-em-savana\/#article\",\"isPartOf\":{\"@id\":\"https:\/\/jornalfatosenoticias.com.br\/index.php\/2020\/10\/28\/alter-do-chao-e-o-risco-do-paraiso-se-transformar-em-savana\/\"},\"author\":{\"name\":\"Luzimara Fernandes\",\"@id\":\"https:\/\/jornalfatosenoticias.com.br\/#\/schema\/person\/d63837fa13ac8666eb9e74e0985d6f81\"},\"headline\":\"Alter do Ch\u00e3o e o risco do para\u00edso se transformar em Savana\",\"datePublished\":\"2020-10-28T14:57:18+00:00\",\"dateModified\":\"2020-10-28T14:57:24+00:00\",\"mainEntityOfPage\":{\"@id\":\"https:\/\/jornalfatosenoticias.com.br\/index.php\/2020\/10\/28\/alter-do-chao-e-o-risco-do-paraiso-se-transformar-em-savana\/\"},\"wordCount\":624,\"commentCount\":0,\"publisher\":{\"@id\":\"https:\/\/jornalfatosenoticias.com.br\/#organization\"},\"image\":{\"@id\":\"https:\/\/jornalfatosenoticias.com.br\/index.php\/2020\/10\/28\/alter-do-chao-e-o-risco-do-paraiso-se-transformar-em-savana\/#primaryimage\"},\"thumbnailUrl\":\"https:\/\/jornalfatosenoticias.com.br\/wp-content\/uploads\/2020\/10\/Alter-do-Chao.jpg\",\"keywords\":[\"Alter do Ch\u00e3o\",\"clima\",\"degrada\u00e7\u00e3o\",\"Par\u00e1\",\"savaniza\u00e7\u00e3o\"],\"articleSection\":[\"Meio ambiente\"],\"inLanguage\":\"pt-BR\",\"potentialAction\":[{\"@type\":\"CommentAction\",\"name\":\"Comment\",\"target\":[\"https:\/\/jornalfatosenoticias.com.br\/index.php\/2020\/10\/28\/alter-do-chao-e-o-risco-do-paraiso-se-transformar-em-savana\/#respond\"]}]},{\"@type\":\"WebPage\",\"@id\":\"https:\/\/jornalfatosenoticias.com.br\/index.php\/2020\/10\/28\/alter-do-chao-e-o-risco-do-paraiso-se-transformar-em-savana\/\",\"url\":\"https:\/\/jornalfatosenoticias.com.br\/index.php\/2020\/10\/28\/alter-do-chao-e-o-risco-do-paraiso-se-transformar-em-savana\/\",\"name\":\"Alter do Ch\u00e3o e o risco do para\u00edso se transformar em Savana - Jornal Fatos e Not\u00edcias\",\"isPartOf\":{\"@id\":\"https:\/\/jornalfatosenoticias.com.br\/#website\"},\"primaryImageOfPage\":{\"@id\":\"https:\/\/jornalfatosenoticias.com.br\/index.php\/2020\/10\/28\/alter-do-chao-e-o-risco-do-paraiso-se-transformar-em-savana\/#primaryimage\"},\"image\":{\"@id\":\"https:\/\/jornalfatosenoticias.com.br\/index.php\/2020\/10\/28\/alter-do-chao-e-o-risco-do-paraiso-se-transformar-em-savana\/#primaryimage\"},\"thumbnailUrl\":\"https:\/\/jornalfatosenoticias.com.br\/wp-content\/uploads\/2020\/10\/Alter-do-Chao.jpg\",\"datePublished\":\"2020-10-28T14:57:18+00:00\",\"dateModified\":\"2020-10-28T14:57:24+00:00\",\"breadcrumb\":{\"@id\":\"https:\/\/jornalfatosenoticias.com.br\/index.php\/2020\/10\/28\/alter-do-chao-e-o-risco-do-paraiso-se-transformar-em-savana\/#breadcrumb\"},\"inLanguage\":\"pt-BR\",\"potentialAction\":[{\"@type\":\"ReadAction\",\"target\":[\"https:\/\/jornalfatosenoticias.com.br\/index.php\/2020\/10\/28\/alter-do-chao-e-o-risco-do-paraiso-se-transformar-em-savana\/\"]}]},{\"@type\":\"ImageObject\",\"inLanguage\":\"pt-BR\",\"@id\":\"https:\/\/jornalfatosenoticias.com.br\/index.php\/2020\/10\/28\/alter-do-chao-e-o-risco-do-paraiso-se-transformar-em-savana\/#primaryimage\",\"url\":\"https:\/\/jornalfatosenoticias.com.br\/wp-content\/uploads\/2020\/10\/Alter-do-Chao.jpg\",\"contentUrl\":\"https:\/\/jornalfatosenoticias.com.br\/wp-content\/uploads\/2020\/10\/Alter-do-Chao.jpg\",\"width\":1000,\"height\":666},{\"@type\":\"BreadcrumbList\",\"@id\":\"https:\/\/jornalfatosenoticias.com.br\/index.php\/2020\/10\/28\/alter-do-chao-e-o-risco-do-paraiso-se-transformar-em-savana\/#breadcrumb\",\"itemListElement\":[{\"@type\":\"ListItem\",\"position\":1,\"name\":\"In\u00edcio\",\"item\":\"https:\/\/jornalfatosenoticias.com.br\/\"},{\"@type\":\"ListItem\",\"position\":2,\"name\":\"Alter do Ch\u00e3o e o risco do para\u00edso se transformar em Savana\"}]},{\"@type\":\"WebSite\",\"@id\":\"https:\/\/jornalfatosenoticias.com.br\/#website\",\"url\":\"https:\/\/jornalfatosenoticias.com.br\/\",\"name\":\"Jornal Fatos e Not\u00edcias\",\"description\":\"Not\u00edcias em geral\",\"publisher\":{\"@id\":\"https:\/\/jornalfatosenoticias.com.br\/#organization\"},\"potentialAction\":[{\"@type\":\"SearchAction\",\"target\":{\"@type\":\"EntryPoint\",\"urlTemplate\":\"https:\/\/jornalfatosenoticias.com.br\/?s={search_term_string}\"},\"query-input\":{\"@type\":\"PropertyValueSpecification\",\"valueRequired\":true,\"valueName\":\"search_term_string\"}}],\"inLanguage\":\"pt-BR\"},{\"@type\":\"Organization\",\"@id\":\"https:\/\/jornalfatosenoticias.com.br\/#organization\",\"name\":\"Jornal Fatos e Not\u00edcias\",\"url\":\"https:\/\/jornalfatosenoticias.com.br\/\",\"logo\":{\"@type\":\"ImageObject\",\"inLanguage\":\"pt-BR\",\"@id\":\"https:\/\/jornalfatosenoticias.com.br\/#\/schema\/logo\/image\/\",\"url\":\"https:\/\/jornalfatosenoticias.com.br\/wp-content\/uploads\/2020\/02\/logo120.png\",\"contentUrl\":\"https:\/\/jornalfatosenoticias.com.br\/wp-content\/uploads\/2020\/02\/logo120.png\",\"width\":1227,\"height\":120,\"caption\":\"Jornal Fatos e Not\u00edcias\"},\"image\":{\"@id\":\"https:\/\/jornalfatosenoticias.com.br\/#\/schema\/logo\/image\/\"}},{\"@type\":\"Person\",\"@id\":\"https:\/\/jornalfatosenoticias.com.br\/#\/schema\/person\/d63837fa13ac8666eb9e74e0985d6f81\",\"name\":\"Luzimara Fernandes\",\"image\":{\"@type\":\"ImageObject\",\"inLanguage\":\"pt-BR\",\"@id\":\"https:\/\/jornalfatosenoticias.com.br\/#\/schema\/person\/image\/\",\"url\":\"https:\/\/jornalfatosenoticias.com.br\/wp-content\/uploads\/2025\/05\/EU_portal.jpg\",\"contentUrl\":\"https:\/\/jornalfatosenoticias.com.br\/wp-content\/uploads\/2025\/05\/EU_portal.jpg\",\"caption\":\"Luzimara Fernandes\"},\"description\":\"Jornalista MTB 2358-ES\",\"sameAs\":[\"https:\/\/jornalfatosenoticias.com.br\"],\"url\":\"https:\/\/jornalfatosenoticias.com.br\/index.php\/author\/luzimara\/\"}]}<\/script>\n<!-- \/ Yoast SEO plugin. -->","yoast_head_json":{"title":"Alter do Ch\u00e3o e o risco do para\u00edso se transformar em Savana - Jornal Fatos e Not\u00edcias","robots":{"index":"index","follow":"follow","max-snippet":"max-snippet:-1","max-image-preview":"max-image-preview:large","max-video-preview":"max-video-preview:-1"},"canonical":"https:\/\/jornalfatosenoticias.com.br\/index.php\/2020\/10\/28\/alter-do-chao-e-o-risco-do-paraiso-se-transformar-em-savana\/","og_locale":"pt_BR","og_type":"article","og_title":"Alter do Ch\u00e3o e o risco do para\u00edso se transformar em Savana - Jornal Fatos e Not\u00edcias","og_description":"A Amaz\u00f4nia est\u00e1 passando por taxas sem precedentes de degrada\u00e7\u00e3o por desmatamento, inc\u00eandios e secas. Os efeitos coletivos e repetitivos desses dist\u00farbios clim\u00e1ticos amea\u00e7am mudar, em dez anos, uma das suas paisagens mais conhecidas: as praias de \u00e1gua doce de Alter do Ch\u00e3o, em Santar\u00e9m, no Par\u00e1.Cientistas alertam para o risco de savaniza\u00e7\u00e3o das \u00e1reas [&hellip;]","og_url":"https:\/\/jornalfatosenoticias.com.br\/index.php\/2020\/10\/28\/alter-do-chao-e-o-risco-do-paraiso-se-transformar-em-savana\/","og_site_name":"Jornal Fatos e Not\u00edcias","article_published_time":"2020-10-28T14:57:18+00:00","article_modified_time":"2020-10-28T14:57:24+00:00","og_image":[{"width":1000,"height":666,"url":"https:\/\/jornalfatosenoticias.com.br\/wp-content\/uploads\/2020\/10\/Alter-do-Chao.jpg","type":"image\/jpeg"}],"author":"Luzimara Fernandes","twitter_card":"summary_large_image","twitter_misc":{"Escrito por":"Luzimara Fernandes","Est. tempo de leitura":"3 minutos"},"schema":{"@context":"https:\/\/schema.org","@graph":[{"@type":"Article","@id":"https:\/\/jornalfatosenoticias.com.br\/index.php\/2020\/10\/28\/alter-do-chao-e-o-risco-do-paraiso-se-transformar-em-savana\/#article","isPartOf":{"@id":"https:\/\/jornalfatosenoticias.com.br\/index.php\/2020\/10\/28\/alter-do-chao-e-o-risco-do-paraiso-se-transformar-em-savana\/"},"author":{"name":"Luzimara Fernandes","@id":"https:\/\/jornalfatosenoticias.com.br\/#\/schema\/person\/d63837fa13ac8666eb9e74e0985d6f81"},"headline":"Alter do Ch\u00e3o e o risco do para\u00edso se transformar em Savana","datePublished":"2020-10-28T14:57:18+00:00","dateModified":"2020-10-28T14:57:24+00:00","mainEntityOfPage":{"@id":"https:\/\/jornalfatosenoticias.com.br\/index.php\/2020\/10\/28\/alter-do-chao-e-o-risco-do-paraiso-se-transformar-em-savana\/"},"wordCount":624,"commentCount":0,"publisher":{"@id":"https:\/\/jornalfatosenoticias.com.br\/#organization"},"image":{"@id":"https:\/\/jornalfatosenoticias.com.br\/index.php\/2020\/10\/28\/alter-do-chao-e-o-risco-do-paraiso-se-transformar-em-savana\/#primaryimage"},"thumbnailUrl":"https:\/\/jornalfatosenoticias.com.br\/wp-content\/uploads\/2020\/10\/Alter-do-Chao.jpg","keywords":["Alter do Ch\u00e3o","clima","degrada\u00e7\u00e3o","Par\u00e1","savaniza\u00e7\u00e3o"],"articleSection":["Meio ambiente"],"inLanguage":"pt-BR","potentialAction":[{"@type":"CommentAction","name":"Comment","target":["https:\/\/jornalfatosenoticias.com.br\/index.php\/2020\/10\/28\/alter-do-chao-e-o-risco-do-paraiso-se-transformar-em-savana\/#respond"]}]},{"@type":"WebPage","@id":"https:\/\/jornalfatosenoticias.com.br\/index.php\/2020\/10\/28\/alter-do-chao-e-o-risco-do-paraiso-se-transformar-em-savana\/","url":"https:\/\/jornalfatosenoticias.com.br\/index.php\/2020\/10\/28\/alter-do-chao-e-o-risco-do-paraiso-se-transformar-em-savana\/","name":"Alter do Ch\u00e3o e o risco do para\u00edso se transformar em Savana - Jornal Fatos e Not\u00edcias","isPartOf":{"@id":"https:\/\/jornalfatosenoticias.com.br\/#website"},"primaryImageOfPage":{"@id":"https:\/\/jornalfatosenoticias.com.br\/index.php\/2020\/10\/28\/alter-do-chao-e-o-risco-do-paraiso-se-transformar-em-savana\/#primaryimage"},"image":{"@id":"https:\/\/jornalfatosenoticias.com.br\/index.php\/2020\/10\/28\/alter-do-chao-e-o-risco-do-paraiso-se-transformar-em-savana\/#primaryimage"},"thumbnailUrl":"https:\/\/jornalfatosenoticias.com.br\/wp-content\/uploads\/2020\/10\/Alter-do-Chao.jpg","datePublished":"2020-10-28T14:57:18+00:00","dateModified":"2020-10-28T14:57:24+00:00","breadcrumb":{"@id":"https:\/\/jornalfatosenoticias.com.br\/index.php\/2020\/10\/28\/alter-do-chao-e-o-risco-do-paraiso-se-transformar-em-savana\/#breadcrumb"},"inLanguage":"pt-BR","potentialAction":[{"@type":"ReadAction","target":["https:\/\/jornalfatosenoticias.com.br\/index.php\/2020\/10\/28\/alter-do-chao-e-o-risco-do-paraiso-se-transformar-em-savana\/"]}]},{"@type":"ImageObject","inLanguage":"pt-BR","@id":"https:\/\/jornalfatosenoticias.com.br\/index.php\/2020\/10\/28\/alter-do-chao-e-o-risco-do-paraiso-se-transformar-em-savana\/#primaryimage","url":"https:\/\/jornalfatosenoticias.com.br\/wp-content\/uploads\/2020\/10\/Alter-do-Chao.jpg","contentUrl":"https:\/\/jornalfatosenoticias.com.br\/wp-content\/uploads\/2020\/10\/Alter-do-Chao.jpg","width":1000,"height":666},{"@type":"BreadcrumbList","@id":"https:\/\/jornalfatosenoticias.com.br\/index.php\/2020\/10\/28\/alter-do-chao-e-o-risco-do-paraiso-se-transformar-em-savana\/#breadcrumb","itemListElement":[{"@type":"ListItem","position":1,"name":"In\u00edcio","item":"https:\/\/jornalfatosenoticias.com.br\/"},{"@type":"ListItem","position":2,"name":"Alter do Ch\u00e3o e o risco do para\u00edso se transformar em Savana"}]},{"@type":"WebSite","@id":"https:\/\/jornalfatosenoticias.com.br\/#website","url":"https:\/\/jornalfatosenoticias.com.br\/","name":"Jornal Fatos e Not\u00edcias","description":"Not\u00edcias em geral","publisher":{"@id":"https:\/\/jornalfatosenoticias.com.br\/#organization"},"potentialAction":[{"@type":"SearchAction","target":{"@type":"EntryPoint","urlTemplate":"https:\/\/jornalfatosenoticias.com.br\/?s={search_term_string}"},"query-input":{"@type":"PropertyValueSpecification","valueRequired":true,"valueName":"search_term_string"}}],"inLanguage":"pt-BR"},{"@type":"Organization","@id":"https:\/\/jornalfatosenoticias.com.br\/#organization","name":"Jornal Fatos e Not\u00edcias","url":"https:\/\/jornalfatosenoticias.com.br\/","logo":{"@type":"ImageObject","inLanguage":"pt-BR","@id":"https:\/\/jornalfatosenoticias.com.br\/#\/schema\/logo\/image\/","url":"https:\/\/jornalfatosenoticias.com.br\/wp-content\/uploads\/2020\/02\/logo120.png","contentUrl":"https:\/\/jornalfatosenoticias.com.br\/wp-content\/uploads\/2020\/02\/logo120.png","width":1227,"height":120,"caption":"Jornal Fatos e Not\u00edcias"},"image":{"@id":"https:\/\/jornalfatosenoticias.com.br\/#\/schema\/logo\/image\/"}},{"@type":"Person","@id":"https:\/\/jornalfatosenoticias.com.br\/#\/schema\/person\/d63837fa13ac8666eb9e74e0985d6f81","name":"Luzimara Fernandes","image":{"@type":"ImageObject","inLanguage":"pt-BR","@id":"https:\/\/jornalfatosenoticias.com.br\/#\/schema\/person\/image\/","url":"https:\/\/jornalfatosenoticias.com.br\/wp-content\/uploads\/2025\/05\/EU_portal.jpg","contentUrl":"https:\/\/jornalfatosenoticias.com.br\/wp-content\/uploads\/2025\/05\/EU_portal.jpg","caption":"Luzimara Fernandes"},"description":"Jornalista MTB 2358-ES","sameAs":["https:\/\/jornalfatosenoticias.com.br"],"url":"https:\/\/jornalfatosenoticias.com.br\/index.php\/author\/luzimara\/"}]}},"cc_featured_image_caption":{"caption_text":"(Maihara Marjorie\/M\u00eddia Ninja) ","source_text":"","source_url":""},"jetpack_featured_media_url":"https:\/\/jornalfatosenoticias.com.br\/wp-content\/uploads\/2020\/10\/Alter-do-Chao.jpg","_links":{"self":[{"href":"https:\/\/jornalfatosenoticias.com.br\/index.php\/wp-json\/wp\/v2\/posts\/10511","targetHints":{"allow":["GET"]}}],"collection":[{"href":"https:\/\/jornalfatosenoticias.com.br\/index.php\/wp-json\/wp\/v2\/posts"}],"about":[{"href":"https:\/\/jornalfatosenoticias.com.br\/index.php\/wp-json\/wp\/v2\/types\/post"}],"author":[{"embeddable":true,"href":"https:\/\/jornalfatosenoticias.com.br\/index.php\/wp-json\/wp\/v2\/users\/2"}],"replies":[{"embeddable":true,"href":"https:\/\/jornalfatosenoticias.com.br\/index.php\/wp-json\/wp\/v2\/comments?post=10511"}],"version-history":[{"count":0,"href":"https:\/\/jornalfatosenoticias.com.br\/index.php\/wp-json\/wp\/v2\/posts\/10511\/revisions"}],"wp:featuredmedia":[{"embeddable":true,"href":"https:\/\/jornalfatosenoticias.com.br\/index.php\/wp-json\/wp\/v2\/media\/10512"}],"wp:attachment":[{"href":"https:\/\/jornalfatosenoticias.com.br\/index.php\/wp-json\/wp\/v2\/media?parent=10511"}],"wp:term":[{"taxonomy":"category","embeddable":true,"href":"https:\/\/jornalfatosenoticias.com.br\/index.php\/wp-json\/wp\/v2\/categories?post=10511"},{"taxonomy":"post_tag","embeddable":true,"href":"https:\/\/jornalfatosenoticias.com.br\/index.php\/wp-json\/wp\/v2\/tags?post=10511"}],"curies":[{"name":"wp","href":"https:\/\/api.w.org\/{rel}","templated":true}]}}