{"id":10554,"date":"2020-10-29T18:45:19","date_gmt":"2020-10-29T21:45:19","guid":{"rendered":"https:\/\/jornalfatosenoticias.com.br\/?p=10554"},"modified":"2020-10-29T18:45:24","modified_gmt":"2020-10-29T21:45:24","slug":"a-vale-e-os-seus-rastros-de-destruicao","status":"publish","type":"post","link":"https:\/\/jornalfatosenoticias.com.br\/index.php\/2020\/10\/29\/a-vale-e-os-seus-rastros-de-destruicao\/","title":{"rendered":"A Vale e os seus rastros de destrui\u00e7\u00e3o"},"content":{"rendered":"\n<p>Os \u00edndios tupiniquins da TI Comboios e aldeia C\u00f3rrego do Ouro, em Aracruz, tomaram a ferrovia da Vale que corta a comunidade em protesto contra a Funda\u00e7\u00e3o Renova e a mineradora, por causa dos danos causados pelo rompimento da barragem de Fund\u00e3o, em Mariana (MG) e que prejudicou toda a popula\u00e7\u00e3o do entorno do rio Doce.<br>De acordo com as lideran\u00e7as do movimento, as raz\u00f5es do protesto s\u00e3o o descaso da Funda\u00e7\u00e3o Renova, a falta de di\u00e1logo e de compromisso da institui\u00e7\u00e3o com a inclus\u00e3o de novas fam\u00edlias ao pagamento do aux\u00edlio financeiro emergencial (AFE) e pagamento de indeniza\u00e7\u00e3o por lucros cessantes, de direito dos povos ind\u00edgenas pelo impacto do rompimento da Barragem de Fund\u00e3o.<br>Para piorar ainda mais a situa\u00e7\u00e3o dos atingidos, que n\u00e3o s\u00e3o poucos, no in\u00edcio do m\u00eas a Funda\u00e7\u00e3o Renova rescindiu o Acordo de Coopera\u00e7\u00e3o T\u00e9cnico-Cient\u00edfica firmado com a Funda\u00e7\u00e3o Esp\u00edrito-santense de Tecnologia (Fest), vinculada \u00e0 Universidade Federal do Esp\u00edrito Santo (Ufes), para executar o Programa de Monitoramento da Biodiversidade Aqu\u00e1tica (PMBA), estabelecido na cl\u00e1usula 165 do Termo de Transa\u00e7\u00e3o e Ajustamento de Conduta (TTAC), firmado pela Samarco, a Vale e a BHP Biliton, em mar\u00e7o de 2016 com a Uni\u00e3o, os estados do Esp\u00edrito Santo e de Minas Gerais, al\u00e9m de \u00f3rg\u00e3os ambientais federais e estaduais.<\/p>\n\n\n\n<figure class=\"wp-block-image size-large\"><img loading=\"lazy\" decoding=\"async\" width=\"1000\" height=\"675\" src=\"https:\/\/jornalfatosenoticias.com.br\/wp-content\/uploads\/2020\/10\/Vale-382.jpg\" alt=\"\" class=\"wp-image-10555\" srcset=\"https:\/\/jornalfatosenoticias.com.br\/wp-content\/uploads\/2020\/10\/Vale-382.jpg 1000w, https:\/\/jornalfatosenoticias.com.br\/wp-content\/uploads\/2020\/10\/Vale-382-300x203.jpg 300w, https:\/\/jornalfatosenoticias.com.br\/wp-content\/uploads\/2020\/10\/Vale-382-768x518.jpg 768w\" sizes=\"auto, (max-width: 1000px) 100vw, 1000px\" \/><figcaption><em>\u00cdndios protestam contra a Vale (Foto: Divulga\u00e7\u00e3o)<\/em><\/figcaption><\/figure>\n\n\n\n<p>Segundo pesquisadores, os \u00edndices de contamina\u00e7\u00e3o est\u00e3o muito acima do determinado pelas legisla\u00e7\u00f5es espec\u00edficas em diversas matrizes ambientais e, por isso, exige vigil\u00e2ncia t\u00e9cnica permanente.<\/p>\n\n\n\n<h4 class=\"wp-block-heading\">O desastre<\/h4>\n\n\n\n<p>O rompimento da barragem \u201cFund\u00e3o\u201d, ocorreu na tarde de 5 de novembro de 2015, no subdistrito de Bento Rodrigues, a 35 km do centro do munic\u00edpio de Mariana, Minas Gerais. Controlado pela Samarco Minera\u00e7\u00e3o S.A., o complexo de barragens trata-se de um empreendimento conjunto das maiores empresas de minera\u00e7\u00e3o do mundo, a brasileira Vale S.A. e a anglo-australiana BHP Billiton.<br>Considerado por muitos um crime e n\u00e3o um desastre, o rompimento causou o maior impacto ambiental da hist\u00f3ria brasileira e do mundo envolvendo barragens de rejeitos, com um volume total despejado de 62 milh\u00f5es de metros c\u00fabicos. A lama chegou ao rio Doce, cuja bacia hidrogr\u00e1fica abrange 230 munic\u00edpios dos estados de Minas Gerais e Esp\u00edrito Santo, muitos dos quais abastecem sua popula\u00e7\u00e3o com a \u00e1gua do rio.<\/p>\n\n\n\n<figure class=\"wp-block-image size-large\"><img loading=\"lazy\" decoding=\"async\" width=\"1000\" height=\"600\" src=\"https:\/\/jornalfatosenoticias.com.br\/wp-content\/uploads\/2020\/10\/Vale-382D.jpg\" alt=\"\" class=\"wp-image-10556\" srcset=\"https:\/\/jornalfatosenoticias.com.br\/wp-content\/uploads\/2020\/10\/Vale-382D.jpg 1000w, https:\/\/jornalfatosenoticias.com.br\/wp-content\/uploads\/2020\/10\/Vale-382D-300x180.jpg 300w, https:\/\/jornalfatosenoticias.com.br\/wp-content\/uploads\/2020\/10\/Vale-382D-768x461.jpg 768w\" sizes=\"auto, (max-width: 1000px) 100vw, 1000px\" \/><figcaption><em>Anos ap\u00f3s trag\u00e9dia, manchas de min\u00e9rio ainda ressurgem na foz do Rio Doce (Foto: Estado de Minas)<\/em><\/figcaption><\/figure>\n\n\n\n<p>Ambientalistas consideram que o efeito dos rejeitos no mar continuar\u00e1 por pelo menos mais cem anos, mas n\u00e3o houve uma avalia\u00e7\u00e3o detalhada de todos os danos causados pelo desastre. Segundo a prefeitura do munic\u00edpio de Mariana, a repara\u00e7\u00e3o dos danos causados \u00e0 infraestrutura local dever\u00e1 custar cerca de cem milh\u00f5es de reais.<br>Os fatos comprovam, nunca sa\u00edmos da condi\u00e7\u00e3o de col\u00f4nia\u2026 Estou errado!?<\/p>\n","protected":false},"excerpt":{"rendered":"<p>Os \u00edndios tupiniquins da TI Comboios e aldeia C\u00f3rrego do Ouro, em Aracruz, tomaram a ferrovia da Vale que corta a comunidade em protesto contra a Funda\u00e7\u00e3o Renova e a mineradora, por causa dos danos causados pelo rompimento da barragem de Fund\u00e3o, em Mariana (MG) e que prejudicou toda a popula\u00e7\u00e3o do entorno do rio [&hellip;]<\/p>\n","protected":false},"author":3,"featured_media":10557,"comment_status":"open","ping_status":"open","sticky":false,"template":"","format":"standard","meta":{"footnotes":""},"categories":[10],"tags":[5618,2385,5608,4214,750,290],"class_list":["post-10554","post","type-post","status-publish","format-standard","has-post-thumbnail","hentry","category-politica","tag-bhp-biliton","tag-crimes-ambientais","tag-fundacao-renova","tag-rompimento-de-barragem","tag-samarco","tag-vale"],"yoast_head":"<!-- This site is optimized with the Yoast SEO plugin v26.5 - https:\/\/yoast.com\/wordpress\/plugins\/seo\/ -->\n<title>A Vale e os seus rastros de destrui\u00e7\u00e3o - Jornal Fatos e Not\u00edcias<\/title>\n<meta name=\"robots\" content=\"index, follow, max-snippet:-1, max-image-preview:large, max-video-preview:-1\" \/>\n<link rel=\"canonical\" href=\"https:\/\/jornalfatosenoticias.com.br\/index.php\/2020\/10\/29\/a-vale-e-os-seus-rastros-de-destruicao\/\" \/>\n<meta property=\"og:locale\" content=\"pt_BR\" \/>\n<meta property=\"og:type\" content=\"article\" \/>\n<meta property=\"og:title\" content=\"A Vale e os seus rastros de destrui\u00e7\u00e3o - Jornal Fatos e Not\u00edcias\" \/>\n<meta property=\"og:description\" content=\"Os \u00edndios tupiniquins da TI Comboios e aldeia C\u00f3rrego do Ouro, em Aracruz, tomaram a ferrovia da Vale que corta a comunidade em protesto contra a Funda\u00e7\u00e3o Renova e a mineradora, por causa dos danos causados pelo rompimento da barragem de Fund\u00e3o, em Mariana (MG) e que prejudicou toda a popula\u00e7\u00e3o do entorno do rio [&hellip;]\" \/>\n<meta property=\"og:url\" content=\"https:\/\/jornalfatosenoticias.com.br\/index.php\/2020\/10\/29\/a-vale-e-os-seus-rastros-de-destruicao\/\" \/>\n<meta property=\"og:site_name\" content=\"Jornal Fatos e Not\u00edcias\" \/>\n<meta property=\"article:published_time\" content=\"2020-10-29T21:45:19+00:00\" \/>\n<meta property=\"article:modified_time\" content=\"2020-10-29T21:45:24+00:00\" \/>\n<meta property=\"og:image\" content=\"https:\/\/jornalfatosenoticias.com.br\/wp-content\/uploads\/2020\/10\/Vale-382C.jpg\" \/>\n\t<meta property=\"og:image:width\" content=\"1000\" \/>\n\t<meta property=\"og:image:height\" content=\"562\" \/>\n\t<meta property=\"og:image:type\" content=\"image\/jpeg\" \/>\n<meta name=\"author\" content=\"Haroldo Filho\" \/>\n<meta name=\"twitter:card\" content=\"summary_large_image\" \/>\n<meta name=\"twitter:label1\" content=\"Escrito por\" \/>\n\t<meta name=\"twitter:data1\" content=\"Haroldo Filho\" \/>\n\t<meta name=\"twitter:label2\" content=\"Est. tempo de leitura\" \/>\n\t<meta name=\"twitter:data2\" content=\"3 minutos\" \/>\n<script type=\"application\/ld+json\" class=\"yoast-schema-graph\">{\"@context\":\"https:\/\/schema.org\",\"@graph\":[{\"@type\":\"Article\",\"@id\":\"https:\/\/jornalfatosenoticias.com.br\/index.php\/2020\/10\/29\/a-vale-e-os-seus-rastros-de-destruicao\/#article\",\"isPartOf\":{\"@id\":\"https:\/\/jornalfatosenoticias.com.br\/index.php\/2020\/10\/29\/a-vale-e-os-seus-rastros-de-destruicao\/\"},\"author\":{\"name\":\"Haroldo Filho\",\"@id\":\"https:\/\/jornalfatosenoticias.com.br\/#\/schema\/person\/05c46cc25b42a5c27e004fb0fa6b4965\"},\"headline\":\"A Vale e os seus rastros de destrui\u00e7\u00e3o\",\"datePublished\":\"2020-10-29T21:45:19+00:00\",\"dateModified\":\"2020-10-29T21:45:24+00:00\",\"mainEntityOfPage\":{\"@id\":\"https:\/\/jornalfatosenoticias.com.br\/index.php\/2020\/10\/29\/a-vale-e-os-seus-rastros-de-destruicao\/\"},\"wordCount\":521,\"commentCount\":0,\"publisher\":{\"@id\":\"https:\/\/jornalfatosenoticias.com.br\/#organization\"},\"image\":{\"@id\":\"https:\/\/jornalfatosenoticias.com.br\/index.php\/2020\/10\/29\/a-vale-e-os-seus-rastros-de-destruicao\/#primaryimage\"},\"thumbnailUrl\":\"https:\/\/jornalfatosenoticias.com.br\/wp-content\/uploads\/2020\/10\/Vale-382C.jpg\",\"keywords\":[\"BHP Biliton\",\"crimes ambientais\",\"Funda\u00e7\u00e3o Renova\",\"rompimento de barragem\",\"Samarco\",\"Vale\"],\"articleSection\":[\"Pol\u00edtica\"],\"inLanguage\":\"pt-BR\",\"potentialAction\":[{\"@type\":\"CommentAction\",\"name\":\"Comment\",\"target\":[\"https:\/\/jornalfatosenoticias.com.br\/index.php\/2020\/10\/29\/a-vale-e-os-seus-rastros-de-destruicao\/#respond\"]}]},{\"@type\":\"WebPage\",\"@id\":\"https:\/\/jornalfatosenoticias.com.br\/index.php\/2020\/10\/29\/a-vale-e-os-seus-rastros-de-destruicao\/\",\"url\":\"https:\/\/jornalfatosenoticias.com.br\/index.php\/2020\/10\/29\/a-vale-e-os-seus-rastros-de-destruicao\/\",\"name\":\"A Vale e os seus rastros de destrui\u00e7\u00e3o - Jornal Fatos e Not\u00edcias\",\"isPartOf\":{\"@id\":\"https:\/\/jornalfatosenoticias.com.br\/#website\"},\"primaryImageOfPage\":{\"@id\":\"https:\/\/jornalfatosenoticias.com.br\/index.php\/2020\/10\/29\/a-vale-e-os-seus-rastros-de-destruicao\/#primaryimage\"},\"image\":{\"@id\":\"https:\/\/jornalfatosenoticias.com.br\/index.php\/2020\/10\/29\/a-vale-e-os-seus-rastros-de-destruicao\/#primaryimage\"},\"thumbnailUrl\":\"https:\/\/jornalfatosenoticias.com.br\/wp-content\/uploads\/2020\/10\/Vale-382C.jpg\",\"datePublished\":\"2020-10-29T21:45:19+00:00\",\"dateModified\":\"2020-10-29T21:45:24+00:00\",\"breadcrumb\":{\"@id\":\"https:\/\/jornalfatosenoticias.com.br\/index.php\/2020\/10\/29\/a-vale-e-os-seus-rastros-de-destruicao\/#breadcrumb\"},\"inLanguage\":\"pt-BR\",\"potentialAction\":[{\"@type\":\"ReadAction\",\"target\":[\"https:\/\/jornalfatosenoticias.com.br\/index.php\/2020\/10\/29\/a-vale-e-os-seus-rastros-de-destruicao\/\"]}]},{\"@type\":\"ImageObject\",\"inLanguage\":\"pt-BR\",\"@id\":\"https:\/\/jornalfatosenoticias.com.br\/index.php\/2020\/10\/29\/a-vale-e-os-seus-rastros-de-destruicao\/#primaryimage\",\"url\":\"https:\/\/jornalfatosenoticias.com.br\/wp-content\/uploads\/2020\/10\/Vale-382C.jpg\",\"contentUrl\":\"https:\/\/jornalfatosenoticias.com.br\/wp-content\/uploads\/2020\/10\/Vale-382C.jpg\",\"width\":1000,\"height\":562},{\"@type\":\"BreadcrumbList\",\"@id\":\"https:\/\/jornalfatosenoticias.com.br\/index.php\/2020\/10\/29\/a-vale-e-os-seus-rastros-de-destruicao\/#breadcrumb\",\"itemListElement\":[{\"@type\":\"ListItem\",\"position\":1,\"name\":\"In\u00edcio\",\"item\":\"https:\/\/jornalfatosenoticias.com.br\/\"},{\"@type\":\"ListItem\",\"position\":2,\"name\":\"A Vale e os seus rastros de destrui\u00e7\u00e3o\"}]},{\"@type\":\"WebSite\",\"@id\":\"https:\/\/jornalfatosenoticias.com.br\/#website\",\"url\":\"https:\/\/jornalfatosenoticias.com.br\/\",\"name\":\"Jornal Fatos e Not\u00edcias\",\"description\":\"Not\u00edcias em geral\",\"publisher\":{\"@id\":\"https:\/\/jornalfatosenoticias.com.br\/#organization\"},\"potentialAction\":[{\"@type\":\"SearchAction\",\"target\":{\"@type\":\"EntryPoint\",\"urlTemplate\":\"https:\/\/jornalfatosenoticias.com.br\/?s={search_term_string}\"},\"query-input\":{\"@type\":\"PropertyValueSpecification\",\"valueRequired\":true,\"valueName\":\"search_term_string\"}}],\"inLanguage\":\"pt-BR\"},{\"@type\":\"Organization\",\"@id\":\"https:\/\/jornalfatosenoticias.com.br\/#organization\",\"name\":\"Jornal Fatos e Not\u00edcias\",\"url\":\"https:\/\/jornalfatosenoticias.com.br\/\",\"logo\":{\"@type\":\"ImageObject\",\"inLanguage\":\"pt-BR\",\"@id\":\"https:\/\/jornalfatosenoticias.com.br\/#\/schema\/logo\/image\/\",\"url\":\"https:\/\/jornalfatosenoticias.com.br\/wp-content\/uploads\/2020\/02\/logo120.png\",\"contentUrl\":\"https:\/\/jornalfatosenoticias.com.br\/wp-content\/uploads\/2020\/02\/logo120.png\",\"width\":1227,\"height\":120,\"caption\":\"Jornal Fatos e Not\u00edcias\"},\"image\":{\"@id\":\"https:\/\/jornalfatosenoticias.com.br\/#\/schema\/logo\/image\/\"}},{\"@type\":\"Person\",\"@id\":\"https:\/\/jornalfatosenoticias.com.br\/#\/schema\/person\/05c46cc25b42a5c27e004fb0fa6b4965\",\"name\":\"Haroldo Filho\",\"image\":{\"@type\":\"ImageObject\",\"inLanguage\":\"pt-BR\",\"@id\":\"https:\/\/jornalfatosenoticias.com.br\/#\/schema\/person\/image\/\",\"url\":\"https:\/\/jornalfatosenoticias.com.br\/wp-content\/uploads\/2025\/08\/WhatsApp-Image-2025-08-18-at-15.30.28-150x150.jpeg\",\"contentUrl\":\"https:\/\/jornalfatosenoticias.com.br\/wp-content\/uploads\/2025\/08\/WhatsApp-Image-2025-08-18-at-15.30.28-150x150.jpeg\",\"caption\":\"Haroldo Filho\"},\"description\":\"Jornalista \u2013 DRT: 0003818\/ES Coordenador-geral da ONG Educar para Crescer\",\"url\":\"https:\/\/jornalfatosenoticias.com.br\/index.php\/author\/haroldo\/\"}]}<\/script>\n<!-- \/ Yoast SEO plugin. -->","yoast_head_json":{"title":"A Vale e os seus rastros de destrui\u00e7\u00e3o - Jornal Fatos e Not\u00edcias","robots":{"index":"index","follow":"follow","max-snippet":"max-snippet:-1","max-image-preview":"max-image-preview:large","max-video-preview":"max-video-preview:-1"},"canonical":"https:\/\/jornalfatosenoticias.com.br\/index.php\/2020\/10\/29\/a-vale-e-os-seus-rastros-de-destruicao\/","og_locale":"pt_BR","og_type":"article","og_title":"A Vale e os seus rastros de destrui\u00e7\u00e3o - Jornal Fatos e Not\u00edcias","og_description":"Os \u00edndios tupiniquins da TI Comboios e aldeia C\u00f3rrego do Ouro, em Aracruz, tomaram a ferrovia da Vale que corta a comunidade em protesto contra a Funda\u00e7\u00e3o Renova e a mineradora, por causa dos danos causados pelo rompimento da barragem de Fund\u00e3o, em Mariana (MG) e que prejudicou toda a popula\u00e7\u00e3o do entorno do rio [&hellip;]","og_url":"https:\/\/jornalfatosenoticias.com.br\/index.php\/2020\/10\/29\/a-vale-e-os-seus-rastros-de-destruicao\/","og_site_name":"Jornal Fatos e Not\u00edcias","article_published_time":"2020-10-29T21:45:19+00:00","article_modified_time":"2020-10-29T21:45:24+00:00","og_image":[{"width":1000,"height":562,"url":"https:\/\/jornalfatosenoticias.com.br\/wp-content\/uploads\/2020\/10\/Vale-382C.jpg","type":"image\/jpeg"}],"author":"Haroldo Filho","twitter_card":"summary_large_image","twitter_misc":{"Escrito por":"Haroldo Filho","Est. tempo de leitura":"3 minutos"},"schema":{"@context":"https:\/\/schema.org","@graph":[{"@type":"Article","@id":"https:\/\/jornalfatosenoticias.com.br\/index.php\/2020\/10\/29\/a-vale-e-os-seus-rastros-de-destruicao\/#article","isPartOf":{"@id":"https:\/\/jornalfatosenoticias.com.br\/index.php\/2020\/10\/29\/a-vale-e-os-seus-rastros-de-destruicao\/"},"author":{"name":"Haroldo Filho","@id":"https:\/\/jornalfatosenoticias.com.br\/#\/schema\/person\/05c46cc25b42a5c27e004fb0fa6b4965"},"headline":"A Vale e os seus rastros de destrui\u00e7\u00e3o","datePublished":"2020-10-29T21:45:19+00:00","dateModified":"2020-10-29T21:45:24+00:00","mainEntityOfPage":{"@id":"https:\/\/jornalfatosenoticias.com.br\/index.php\/2020\/10\/29\/a-vale-e-os-seus-rastros-de-destruicao\/"},"wordCount":521,"commentCount":0,"publisher":{"@id":"https:\/\/jornalfatosenoticias.com.br\/#organization"},"image":{"@id":"https:\/\/jornalfatosenoticias.com.br\/index.php\/2020\/10\/29\/a-vale-e-os-seus-rastros-de-destruicao\/#primaryimage"},"thumbnailUrl":"https:\/\/jornalfatosenoticias.com.br\/wp-content\/uploads\/2020\/10\/Vale-382C.jpg","keywords":["BHP Biliton","crimes ambientais","Funda\u00e7\u00e3o Renova","rompimento de barragem","Samarco","Vale"],"articleSection":["Pol\u00edtica"],"inLanguage":"pt-BR","potentialAction":[{"@type":"CommentAction","name":"Comment","target":["https:\/\/jornalfatosenoticias.com.br\/index.php\/2020\/10\/29\/a-vale-e-os-seus-rastros-de-destruicao\/#respond"]}]},{"@type":"WebPage","@id":"https:\/\/jornalfatosenoticias.com.br\/index.php\/2020\/10\/29\/a-vale-e-os-seus-rastros-de-destruicao\/","url":"https:\/\/jornalfatosenoticias.com.br\/index.php\/2020\/10\/29\/a-vale-e-os-seus-rastros-de-destruicao\/","name":"A Vale e os seus rastros de destrui\u00e7\u00e3o - Jornal Fatos e Not\u00edcias","isPartOf":{"@id":"https:\/\/jornalfatosenoticias.com.br\/#website"},"primaryImageOfPage":{"@id":"https:\/\/jornalfatosenoticias.com.br\/index.php\/2020\/10\/29\/a-vale-e-os-seus-rastros-de-destruicao\/#primaryimage"},"image":{"@id":"https:\/\/jornalfatosenoticias.com.br\/index.php\/2020\/10\/29\/a-vale-e-os-seus-rastros-de-destruicao\/#primaryimage"},"thumbnailUrl":"https:\/\/jornalfatosenoticias.com.br\/wp-content\/uploads\/2020\/10\/Vale-382C.jpg","datePublished":"2020-10-29T21:45:19+00:00","dateModified":"2020-10-29T21:45:24+00:00","breadcrumb":{"@id":"https:\/\/jornalfatosenoticias.com.br\/index.php\/2020\/10\/29\/a-vale-e-os-seus-rastros-de-destruicao\/#breadcrumb"},"inLanguage":"pt-BR","potentialAction":[{"@type":"ReadAction","target":["https:\/\/jornalfatosenoticias.com.br\/index.php\/2020\/10\/29\/a-vale-e-os-seus-rastros-de-destruicao\/"]}]},{"@type":"ImageObject","inLanguage":"pt-BR","@id":"https:\/\/jornalfatosenoticias.com.br\/index.php\/2020\/10\/29\/a-vale-e-os-seus-rastros-de-destruicao\/#primaryimage","url":"https:\/\/jornalfatosenoticias.com.br\/wp-content\/uploads\/2020\/10\/Vale-382C.jpg","contentUrl":"https:\/\/jornalfatosenoticias.com.br\/wp-content\/uploads\/2020\/10\/Vale-382C.jpg","width":1000,"height":562},{"@type":"BreadcrumbList","@id":"https:\/\/jornalfatosenoticias.com.br\/index.php\/2020\/10\/29\/a-vale-e-os-seus-rastros-de-destruicao\/#breadcrumb","itemListElement":[{"@type":"ListItem","position":1,"name":"In\u00edcio","item":"https:\/\/jornalfatosenoticias.com.br\/"},{"@type":"ListItem","position":2,"name":"A Vale e os seus rastros de destrui\u00e7\u00e3o"}]},{"@type":"WebSite","@id":"https:\/\/jornalfatosenoticias.com.br\/#website","url":"https:\/\/jornalfatosenoticias.com.br\/","name":"Jornal Fatos e Not\u00edcias","description":"Not\u00edcias em geral","publisher":{"@id":"https:\/\/jornalfatosenoticias.com.br\/#organization"},"potentialAction":[{"@type":"SearchAction","target":{"@type":"EntryPoint","urlTemplate":"https:\/\/jornalfatosenoticias.com.br\/?s={search_term_string}"},"query-input":{"@type":"PropertyValueSpecification","valueRequired":true,"valueName":"search_term_string"}}],"inLanguage":"pt-BR"},{"@type":"Organization","@id":"https:\/\/jornalfatosenoticias.com.br\/#organization","name":"Jornal Fatos e Not\u00edcias","url":"https:\/\/jornalfatosenoticias.com.br\/","logo":{"@type":"ImageObject","inLanguage":"pt-BR","@id":"https:\/\/jornalfatosenoticias.com.br\/#\/schema\/logo\/image\/","url":"https:\/\/jornalfatosenoticias.com.br\/wp-content\/uploads\/2020\/02\/logo120.png","contentUrl":"https:\/\/jornalfatosenoticias.com.br\/wp-content\/uploads\/2020\/02\/logo120.png","width":1227,"height":120,"caption":"Jornal Fatos e Not\u00edcias"},"image":{"@id":"https:\/\/jornalfatosenoticias.com.br\/#\/schema\/logo\/image\/"}},{"@type":"Person","@id":"https:\/\/jornalfatosenoticias.com.br\/#\/schema\/person\/05c46cc25b42a5c27e004fb0fa6b4965","name":"Haroldo Filho","image":{"@type":"ImageObject","inLanguage":"pt-BR","@id":"https:\/\/jornalfatosenoticias.com.br\/#\/schema\/person\/image\/","url":"https:\/\/jornalfatosenoticias.com.br\/wp-content\/uploads\/2025\/08\/WhatsApp-Image-2025-08-18-at-15.30.28-150x150.jpeg","contentUrl":"https:\/\/jornalfatosenoticias.com.br\/wp-content\/uploads\/2025\/08\/WhatsApp-Image-2025-08-18-at-15.30.28-150x150.jpeg","caption":"Haroldo Filho"},"description":"Jornalista \u2013 DRT: 0003818\/ES Coordenador-geral da ONG Educar para Crescer","url":"https:\/\/jornalfatosenoticias.com.br\/index.php\/author\/haroldo\/"}]}},"cc_featured_image_caption":{"caption_text":"Mortandade (Foto: bbc.com)","source_text":"","source_url":""},"jetpack_featured_media_url":"https:\/\/jornalfatosenoticias.com.br\/wp-content\/uploads\/2020\/10\/Vale-382C.jpg","_links":{"self":[{"href":"https:\/\/jornalfatosenoticias.com.br\/index.php\/wp-json\/wp\/v2\/posts\/10554","targetHints":{"allow":["GET"]}}],"collection":[{"href":"https:\/\/jornalfatosenoticias.com.br\/index.php\/wp-json\/wp\/v2\/posts"}],"about":[{"href":"https:\/\/jornalfatosenoticias.com.br\/index.php\/wp-json\/wp\/v2\/types\/post"}],"author":[{"embeddable":true,"href":"https:\/\/jornalfatosenoticias.com.br\/index.php\/wp-json\/wp\/v2\/users\/3"}],"replies":[{"embeddable":true,"href":"https:\/\/jornalfatosenoticias.com.br\/index.php\/wp-json\/wp\/v2\/comments?post=10554"}],"version-history":[{"count":0,"href":"https:\/\/jornalfatosenoticias.com.br\/index.php\/wp-json\/wp\/v2\/posts\/10554\/revisions"}],"wp:featuredmedia":[{"embeddable":true,"href":"https:\/\/jornalfatosenoticias.com.br\/index.php\/wp-json\/wp\/v2\/media\/10557"}],"wp:attachment":[{"href":"https:\/\/jornalfatosenoticias.com.br\/index.php\/wp-json\/wp\/v2\/media?parent=10554"}],"wp:term":[{"taxonomy":"category","embeddable":true,"href":"https:\/\/jornalfatosenoticias.com.br\/index.php\/wp-json\/wp\/v2\/categories?post=10554"},{"taxonomy":"post_tag","embeddable":true,"href":"https:\/\/jornalfatosenoticias.com.br\/index.php\/wp-json\/wp\/v2\/tags?post=10554"}],"curies":[{"name":"wp","href":"https:\/\/api.w.org\/{rel}","templated":true}]}}