{"id":10563,"date":"2020-10-29T18:54:46","date_gmt":"2020-10-29T21:54:46","guid":{"rendered":"https:\/\/jornalfatosenoticias.com.br\/?p=10563"},"modified":"2020-10-29T18:54:51","modified_gmt":"2020-10-29T21:54:51","slug":"e-o-adolescente-momento-da-mistura-da-liberdade-e-dependencia-parte-ii","status":"publish","type":"post","link":"https:\/\/jornalfatosenoticias.com.br\/index.php\/2020\/10\/29\/e-o-adolescente-momento-da-mistura-da-liberdade-e-dependencia-parte-ii\/","title":{"rendered":"E o adolescente? Momento da mistura da liberdade e depend\u00eancia \u2014 Parte II"},"content":{"rendered":"\n<p>Dif\u00edcil administrar as ricas contradi\u00e7\u00f5es. Agita\u00e7\u00e3o, seguida por sonos longos. Instabilidade e isolamentos, em sequ\u00eancia. Medos e desafios que se misturam. O adolescente vive contradi\u00e7\u00f5es constantes. Seu impulso para a transgress\u00e3o \u00e9 decorrente da necessidade de rompimento com a inf\u00e2ncia, suas regras, sua depend\u00eancia das figuras de autoridade. Alcan\u00e7ou uma autonomia de mobilidade que n\u00e3o tinha. Anda sem acompanhante\/m\u00e3e para os lugares. Esta expans\u00e3o deve ser bem combinada: deve sim ter hor\u00e1rios de volta, dar not\u00edcias quando vai demorar mais, sem, contudo, perder sua privacidade crescente. Esta \u00e9 uma negocia\u00e7\u00e3o dif\u00edcil, mas n\u00e3o imposs\u00edvel. E sua import\u00e2ncia est\u00e1 na sensa\u00e7\u00e3o de que algu\u00e9m se importa e cuida dele, mesmo que neste novo formato de cuidado mais distanciado. \u00c9 preciso n\u00e3o esquecer que, mesmo \u201csabendo tudo\u201d, \u201cpodendo tudo\u201d, como se imagina, o adolescente continua, at\u00e9 os 18 anos, carregando a responsabilidade de seus atos para os pais e respons\u00e1veis.<br>Os medos s\u00e3o muitos. Mas o medo do futuro talvez seja o maior deles. Ser\u00e1 que o nariz vai ficar grande num rosto que ainda n\u00e3o cresceu, ou o tamanho das mamas que tamb\u00e9m ainda n\u00e3o t\u00eam o espa\u00e7o necess\u00e1rio para se acomodar na roupa de menina, e provocam vergonha? Por mais que tente, o adolescente sabe que n\u00e3o domina tudo que quer parecer dominar.<\/p>\n\n\n\n<figure class=\"wp-block-image size-large\"><img loading=\"lazy\" decoding=\"async\" width=\"1000\" height=\"500\" src=\"https:\/\/jornalfatosenoticias.com.br\/wp-content\/uploads\/2020\/10\/PAI-E-FILHO-ADOLESCENTE.jpg\" alt=\"\" class=\"wp-image-10564\" srcset=\"https:\/\/jornalfatosenoticias.com.br\/wp-content\/uploads\/2020\/10\/PAI-E-FILHO-ADOLESCENTE.jpg 1000w, https:\/\/jornalfatosenoticias.com.br\/wp-content\/uploads\/2020\/10\/PAI-E-FILHO-ADOLESCENTE-300x150.jpg 300w, https:\/\/jornalfatosenoticias.com.br\/wp-content\/uploads\/2020\/10\/PAI-E-FILHO-ADOLESCENTE-768x384.jpg 768w\" sizes=\"auto, (max-width: 1000px) 100vw, 1000px\" \/><figcaption><em>Pai e filho adolescente (Foto: Pinterest)<\/em><\/figcaption><\/figure>\n\n\n\n<p>Mas, apesar destes medos e inseguran\u00e7as que esconde todo o tempo, o adolescente \u00e9 muito atra\u00eddo pela adrenalina dos desafios. E, um dos principais \u00e9 o desafiar o pr\u00f3prio corpo e seus limites. \u00c9 neste momento que enfrenta as ondas do mar, ou os quase imposs\u00edveis equil\u00edbrios dos malabarismos sobre rodinhas. Surfe ou skate, desafiar leis da natureza, como se a dominasse, \u00e9 a recompensa de onipot\u00eancia que tanto necessita. Muitas vezes, \u00e9 o comportamento de risco que aparece com muita for\u00e7a. Testar, provocar e transgredir seus limites. A busca dos desafios, principalmente estes corporais, tem como objetivo receber a dose de adrenalina que alimenta este narcisismo subjetivo, quase secreto.<br>Esta fase, al\u00e9m da revolu\u00e7\u00e3o hormonal, traz uma mudan\u00e7a qualitativa do desenvolvimento cognitivo. O racioc\u00ednio concreto, dependente da experi\u00eancia perceptiva, vai dando lugar \u00e0 nova maneira de pensar, a abstra\u00e7\u00e3o. O racioc\u00ednio abstrato vai sendo habilitado. Gradualmente, n\u00e3o \u00e9 mais imprescind\u00edvel que as premissas do pensamento sejam concretas. E o racioc\u00ednio l\u00f3gico em seu formato de pensamento hipot\u00e9tico-dedutivo, se expande, chegando \u00e0 capacidade de realizar todo o processo de reflex\u00e3o seguindo as regras da l\u00f3gica. \u00c9, exatamente, este pensamento que permitir\u00e1 a entrada nas Ci\u00eancias, as exatas, as biol\u00f3gicas, as sociais.<br>O adolescente, pelo seu momento de instabilidade, de perdas da inf\u00e2ncia e conquistas do futuro chegando, e pela imaturidade de lidar com o novo, n\u00e3o sabe modular as quantidades. Assim, ele cai, facilmente, nos excessos. Excesso de manobras no skate, de jogos eletr\u00f4nicos, de bebida alco\u00f3lica, ainda n\u00e3o permitida, de conversa com o amigo ou amiga preferida, de m\u00fasicas em altos decib\u00e9is nos fones de ouvido, o que o deixa fora do mundo. Essa tend\u00eancia ao excesso pode levar o adolescente tamb\u00e9m \u00e0 adrenalina das drogas. Sua onipot\u00eancia \u201cgarante\u201d que, para ele, n\u00e3o h\u00e1 risco de se submeter \u00e0quela subst\u00e2ncia. Ele se cr\u00ea capaz de sair na hora que quiser. E \u00e9 a\u00ed que mora o perigo. A facilidade e banaliza\u00e7\u00e3o do acesso a certas subst\u00e2ncias que transitam em festinhas de apar\u00eancia inocente, colocam muitas vezes o adolescente \u00e0 beira do incontrol\u00e1vel, da depend\u00eancia.<\/p>\n\n\n\n<figure class=\"wp-block-image size-large\"><img loading=\"lazy\" decoding=\"async\" width=\"1000\" height=\"500\" src=\"https:\/\/jornalfatosenoticias.com.br\/wp-content\/uploads\/2020\/10\/FILHO-ADOLESCENTE-CHEGANDO-EM-CASA.jpg\" alt=\"\" class=\"wp-image-10565\" srcset=\"https:\/\/jornalfatosenoticias.com.br\/wp-content\/uploads\/2020\/10\/FILHO-ADOLESCENTE-CHEGANDO-EM-CASA.jpg 1000w, https:\/\/jornalfatosenoticias.com.br\/wp-content\/uploads\/2020\/10\/FILHO-ADOLESCENTE-CHEGANDO-EM-CASA-300x150.jpg 300w, https:\/\/jornalfatosenoticias.com.br\/wp-content\/uploads\/2020\/10\/FILHO-ADOLESCENTE-CHEGANDO-EM-CASA-768x384.jpg 768w\" sizes=\"auto, (max-width: 1000px) 100vw, 1000px\" \/><figcaption><em>Pais esperam filho adolescente chegar em casa (Foto: AP Photo\/Ariel Schalit)<\/em><\/figcaption><\/figure>\n\n\n\n<p>Faz-se necess\u00e1rio esclarecer que n\u00e3o \u00e9 apenas uma oferta de alguma droga que empurra um adolescente para a depend\u00eancia. H\u00e1 v\u00e1rias possibilidades que se apresentam nestas situa\u00e7\u00f5es de oferta f\u00e1cil e de press\u00e3o do grupo, desde a simples nega\u00e7\u00e3o, \u00e0 aceita\u00e7\u00e3o com repeteco, passando pelo experimentar recreativo ou que traz mal estar, e que n\u00e3o se repetir\u00e1. \u00c9 preciso considerar que a depend\u00eancia qu\u00edmica \u00e9 plurifatorial. E, principalmente, \u00e9 um \u201cachado\u201d, \u00e9 como uma \u201cbala perdida\u201d. N\u00e3o se sabe qual \u00e9 a droga que sintoniza com cada organismo. Ou seja, no experimentar, a pessoa pode conhecer a droga de sua \u201ccombina\u00e7\u00e3o\u201d, a droga de elei\u00e7\u00e3o org\u00e2nica. Por isso, n\u00e3o \u00e9 t\u00e3o banal e inofensivo experimentar. Mesmo assim, a droga de elei\u00e7\u00e3o precisa de condi\u00e7\u00f5es, principalmente, de vulnerabilidade afetiva.<br>A complexidade da adolesc\u00eancia est\u00e1 em todos os terrenos. S\u00e3o muitas mudan\u00e7as, em velocidades diferentes e simult\u00e2neas. A natureza se encarrega de reorganizar. Mas, \u00e9 preciso que o afeto acolha as ang\u00fastias e incertezas, e abrace este quase vulc\u00e3o dando um limite e, ao mesmo tempo, incentivando o impulso para o futuro.<\/p>\n","protected":false},"excerpt":{"rendered":"<p>Dif\u00edcil administrar as ricas contradi\u00e7\u00f5es. Agita\u00e7\u00e3o, seguida por sonos longos. Instabilidade e isolamentos, em sequ\u00eancia. Medos e desafios que se misturam. O adolescente vive contradi\u00e7\u00f5es constantes. Seu impulso para a transgress\u00e3o \u00e9 decorrente da necessidade de rompimento com a inf\u00e2ncia, suas regras, sua depend\u00eancia das figuras de autoridade. Alcan\u00e7ou uma autonomia de mobilidade que n\u00e3o [&hellip;]<\/p>\n","protected":false},"author":8,"featured_media":10566,"comment_status":"open","ping_status":"open","sticky":false,"template":"","format":"standard","meta":{"footnotes":""},"categories":[2522],"tags":[2811,5625,5623,5624],"class_list":["post-10563","post","type-post","status-publish","format-standard","has-post-thumbnail","hentry","category-comportamento","tag-adolescentes","tag-contradicao","tag-fases","tag-instabilidade-emocional"],"yoast_head":"<!-- This site is optimized with the Yoast SEO plugin v26.5 - https:\/\/yoast.com\/wordpress\/plugins\/seo\/ -->\n<title>E o adolescente? Momento da mistura da liberdade e depend\u00eancia \u2014 Parte II - Jornal Fatos e Not\u00edcias<\/title>\n<meta name=\"robots\" content=\"index, follow, max-snippet:-1, max-image-preview:large, max-video-preview:-1\" \/>\n<link rel=\"canonical\" href=\"https:\/\/jornalfatosenoticias.com.br\/index.php\/2020\/10\/29\/e-o-adolescente-momento-da-mistura-da-liberdade-e-dependencia-parte-ii\/\" \/>\n<meta property=\"og:locale\" content=\"pt_BR\" \/>\n<meta property=\"og:type\" content=\"article\" \/>\n<meta property=\"og:title\" content=\"E o adolescente? Momento da mistura da liberdade e depend\u00eancia \u2014 Parte II - Jornal Fatos e Not\u00edcias\" \/>\n<meta property=\"og:description\" content=\"Dif\u00edcil administrar as ricas contradi\u00e7\u00f5es. Agita\u00e7\u00e3o, seguida por sonos longos. Instabilidade e isolamentos, em sequ\u00eancia. Medos e desafios que se misturam. O adolescente vive contradi\u00e7\u00f5es constantes. Seu impulso para a transgress\u00e3o \u00e9 decorrente da necessidade de rompimento com a inf\u00e2ncia, suas regras, sua depend\u00eancia das figuras de autoridade. Alcan\u00e7ou uma autonomia de mobilidade que n\u00e3o [&hellip;]\" \/>\n<meta property=\"og:url\" content=\"https:\/\/jornalfatosenoticias.com.br\/index.php\/2020\/10\/29\/e-o-adolescente-momento-da-mistura-da-liberdade-e-dependencia-parte-ii\/\" \/>\n<meta property=\"og:site_name\" content=\"Jornal Fatos e Not\u00edcias\" \/>\n<meta property=\"article:published_time\" content=\"2020-10-29T21:54:46+00:00\" \/>\n<meta property=\"article:modified_time\" content=\"2020-10-29T21:54:51+00:00\" \/>\n<meta property=\"og:image\" content=\"https:\/\/jornalfatosenoticias.com.br\/wp-content\/uploads\/2020\/10\/mae-e-filha-adolescente-discutindo.jpg\" \/>\n\t<meta property=\"og:image:width\" content=\"1000\" \/>\n\t<meta property=\"og:image:height\" content=\"666\" \/>\n\t<meta property=\"og:image:type\" content=\"image\/jpeg\" \/>\n<meta name=\"author\" content=\"Ana Maria Iencarelli\" \/>\n<meta name=\"twitter:card\" content=\"summary_large_image\" \/>\n<meta name=\"twitter:label1\" content=\"Escrito por\" \/>\n\t<meta name=\"twitter:data1\" content=\"Ana Maria Iencarelli\" \/>\n\t<meta name=\"twitter:label2\" content=\"Est. tempo de leitura\" \/>\n\t<meta name=\"twitter:data2\" content=\"4 minutos\" \/>\n<script type=\"application\/ld+json\" class=\"yoast-schema-graph\">{\"@context\":\"https:\/\/schema.org\",\"@graph\":[{\"@type\":\"Article\",\"@id\":\"https:\/\/jornalfatosenoticias.com.br\/index.php\/2020\/10\/29\/e-o-adolescente-momento-da-mistura-da-liberdade-e-dependencia-parte-ii\/#article\",\"isPartOf\":{\"@id\":\"https:\/\/jornalfatosenoticias.com.br\/index.php\/2020\/10\/29\/e-o-adolescente-momento-da-mistura-da-liberdade-e-dependencia-parte-ii\/\"},\"author\":{\"name\":\"Ana Maria Iencarelli\",\"@id\":\"https:\/\/jornalfatosenoticias.com.br\/#\/schema\/person\/c33fcf5fb02d729d3fec92c6737a22d1\"},\"headline\":\"E o adolescente? Momento da mistura da liberdade e depend\u00eancia \u2014 Parte II\",\"datePublished\":\"2020-10-29T21:54:46+00:00\",\"dateModified\":\"2020-10-29T21:54:51+00:00\",\"mainEntityOfPage\":{\"@id\":\"https:\/\/jornalfatosenoticias.com.br\/index.php\/2020\/10\/29\/e-o-adolescente-momento-da-mistura-da-liberdade-e-dependencia-parte-ii\/\"},\"wordCount\":842,\"commentCount\":0,\"publisher\":{\"@id\":\"https:\/\/jornalfatosenoticias.com.br\/#organization\"},\"image\":{\"@id\":\"https:\/\/jornalfatosenoticias.com.br\/index.php\/2020\/10\/29\/e-o-adolescente-momento-da-mistura-da-liberdade-e-dependencia-parte-ii\/#primaryimage\"},\"thumbnailUrl\":\"https:\/\/jornalfatosenoticias.com.br\/wp-content\/uploads\/2020\/10\/mae-e-filha-adolescente-discutindo.jpg\",\"keywords\":[\"adolescentes\",\"contradi\u00e7\u00e3o\",\"fases\",\"instabilidade emocional\"],\"articleSection\":[\"Comportamento &amp; Equil\u00edbrio\"],\"inLanguage\":\"pt-BR\",\"potentialAction\":[{\"@type\":\"CommentAction\",\"name\":\"Comment\",\"target\":[\"https:\/\/jornalfatosenoticias.com.br\/index.php\/2020\/10\/29\/e-o-adolescente-momento-da-mistura-da-liberdade-e-dependencia-parte-ii\/#respond\"]}]},{\"@type\":\"WebPage\",\"@id\":\"https:\/\/jornalfatosenoticias.com.br\/index.php\/2020\/10\/29\/e-o-adolescente-momento-da-mistura-da-liberdade-e-dependencia-parte-ii\/\",\"url\":\"https:\/\/jornalfatosenoticias.com.br\/index.php\/2020\/10\/29\/e-o-adolescente-momento-da-mistura-da-liberdade-e-dependencia-parte-ii\/\",\"name\":\"E o adolescente? Momento da mistura da liberdade e depend\u00eancia \u2014 Parte II - Jornal Fatos e Not\u00edcias\",\"isPartOf\":{\"@id\":\"https:\/\/jornalfatosenoticias.com.br\/#website\"},\"primaryImageOfPage\":{\"@id\":\"https:\/\/jornalfatosenoticias.com.br\/index.php\/2020\/10\/29\/e-o-adolescente-momento-da-mistura-da-liberdade-e-dependencia-parte-ii\/#primaryimage\"},\"image\":{\"@id\":\"https:\/\/jornalfatosenoticias.com.br\/index.php\/2020\/10\/29\/e-o-adolescente-momento-da-mistura-da-liberdade-e-dependencia-parte-ii\/#primaryimage\"},\"thumbnailUrl\":\"https:\/\/jornalfatosenoticias.com.br\/wp-content\/uploads\/2020\/10\/mae-e-filha-adolescente-discutindo.jpg\",\"datePublished\":\"2020-10-29T21:54:46+00:00\",\"dateModified\":\"2020-10-29T21:54:51+00:00\",\"breadcrumb\":{\"@id\":\"https:\/\/jornalfatosenoticias.com.br\/index.php\/2020\/10\/29\/e-o-adolescente-momento-da-mistura-da-liberdade-e-dependencia-parte-ii\/#breadcrumb\"},\"inLanguage\":\"pt-BR\",\"potentialAction\":[{\"@type\":\"ReadAction\",\"target\":[\"https:\/\/jornalfatosenoticias.com.br\/index.php\/2020\/10\/29\/e-o-adolescente-momento-da-mistura-da-liberdade-e-dependencia-parte-ii\/\"]}]},{\"@type\":\"ImageObject\",\"inLanguage\":\"pt-BR\",\"@id\":\"https:\/\/jornalfatosenoticias.com.br\/index.php\/2020\/10\/29\/e-o-adolescente-momento-da-mistura-da-liberdade-e-dependencia-parte-ii\/#primaryimage\",\"url\":\"https:\/\/jornalfatosenoticias.com.br\/wp-content\/uploads\/2020\/10\/mae-e-filha-adolescente-discutindo.jpg\",\"contentUrl\":\"https:\/\/jornalfatosenoticias.com.br\/wp-content\/uploads\/2020\/10\/mae-e-filha-adolescente-discutindo.jpg\",\"width\":1000,\"height\":666},{\"@type\":\"BreadcrumbList\",\"@id\":\"https:\/\/jornalfatosenoticias.com.br\/index.php\/2020\/10\/29\/e-o-adolescente-momento-da-mistura-da-liberdade-e-dependencia-parte-ii\/#breadcrumb\",\"itemListElement\":[{\"@type\":\"ListItem\",\"position\":1,\"name\":\"In\u00edcio\",\"item\":\"https:\/\/jornalfatosenoticias.com.br\/\"},{\"@type\":\"ListItem\",\"position\":2,\"name\":\"E o adolescente? Momento da mistura da liberdade e depend\u00eancia \u2014 Parte II\"}]},{\"@type\":\"WebSite\",\"@id\":\"https:\/\/jornalfatosenoticias.com.br\/#website\",\"url\":\"https:\/\/jornalfatosenoticias.com.br\/\",\"name\":\"Jornal Fatos e Not\u00edcias\",\"description\":\"Not\u00edcias em geral\",\"publisher\":{\"@id\":\"https:\/\/jornalfatosenoticias.com.br\/#organization\"},\"potentialAction\":[{\"@type\":\"SearchAction\",\"target\":{\"@type\":\"EntryPoint\",\"urlTemplate\":\"https:\/\/jornalfatosenoticias.com.br\/?s={search_term_string}\"},\"query-input\":{\"@type\":\"PropertyValueSpecification\",\"valueRequired\":true,\"valueName\":\"search_term_string\"}}],\"inLanguage\":\"pt-BR\"},{\"@type\":\"Organization\",\"@id\":\"https:\/\/jornalfatosenoticias.com.br\/#organization\",\"name\":\"Jornal Fatos e Not\u00edcias\",\"url\":\"https:\/\/jornalfatosenoticias.com.br\/\",\"logo\":{\"@type\":\"ImageObject\",\"inLanguage\":\"pt-BR\",\"@id\":\"https:\/\/jornalfatosenoticias.com.br\/#\/schema\/logo\/image\/\",\"url\":\"https:\/\/jornalfatosenoticias.com.br\/wp-content\/uploads\/2020\/02\/logo120.png\",\"contentUrl\":\"https:\/\/jornalfatosenoticias.com.br\/wp-content\/uploads\/2020\/02\/logo120.png\",\"width\":1227,\"height\":120,\"caption\":\"Jornal Fatos e Not\u00edcias\"},\"image\":{\"@id\":\"https:\/\/jornalfatosenoticias.com.br\/#\/schema\/logo\/image\/\"}},{\"@type\":\"Person\",\"@id\":\"https:\/\/jornalfatosenoticias.com.br\/#\/schema\/person\/c33fcf5fb02d729d3fec92c6737a22d1\",\"name\":\"Ana Maria Iencarelli\",\"image\":{\"@type\":\"ImageObject\",\"inLanguage\":\"pt-BR\",\"@id\":\"https:\/\/jornalfatosenoticias.com.br\/#\/schema\/person\/image\/\",\"url\":\"https:\/\/jornalfatosenoticias.com.br\/wp-content\/uploads\/2020\/02\/Ana-Maria-Iencarelli-1-150x150.jpg\",\"contentUrl\":\"https:\/\/jornalfatosenoticias.com.br\/wp-content\/uploads\/2020\/02\/Ana-Maria-Iencarelli-1-150x150.jpg\",\"caption\":\"Ana Maria Iencarelli\"},\"description\":\"Psicanalista Cl\u00ednica, especializada no atendimento a Crian\u00e7as e Adolescentes. Presidente da ONG Vozes de Anjos.\",\"url\":\"https:\/\/jornalfatosenoticias.com.br\/index.php\/author\/anamaria\/\"}]}<\/script>\n<!-- \/ Yoast SEO plugin. -->","yoast_head_json":{"title":"E o adolescente? Momento da mistura da liberdade e depend\u00eancia \u2014 Parte II - Jornal Fatos e Not\u00edcias","robots":{"index":"index","follow":"follow","max-snippet":"max-snippet:-1","max-image-preview":"max-image-preview:large","max-video-preview":"max-video-preview:-1"},"canonical":"https:\/\/jornalfatosenoticias.com.br\/index.php\/2020\/10\/29\/e-o-adolescente-momento-da-mistura-da-liberdade-e-dependencia-parte-ii\/","og_locale":"pt_BR","og_type":"article","og_title":"E o adolescente? Momento da mistura da liberdade e depend\u00eancia \u2014 Parte II - Jornal Fatos e Not\u00edcias","og_description":"Dif\u00edcil administrar as ricas contradi\u00e7\u00f5es. Agita\u00e7\u00e3o, seguida por sonos longos. Instabilidade e isolamentos, em sequ\u00eancia. Medos e desafios que se misturam. O adolescente vive contradi\u00e7\u00f5es constantes. Seu impulso para a transgress\u00e3o \u00e9 decorrente da necessidade de rompimento com a inf\u00e2ncia, suas regras, sua depend\u00eancia das figuras de autoridade. Alcan\u00e7ou uma autonomia de mobilidade que n\u00e3o [&hellip;]","og_url":"https:\/\/jornalfatosenoticias.com.br\/index.php\/2020\/10\/29\/e-o-adolescente-momento-da-mistura-da-liberdade-e-dependencia-parte-ii\/","og_site_name":"Jornal Fatos e Not\u00edcias","article_published_time":"2020-10-29T21:54:46+00:00","article_modified_time":"2020-10-29T21:54:51+00:00","og_image":[{"width":1000,"height":666,"url":"https:\/\/jornalfatosenoticias.com.br\/wp-content\/uploads\/2020\/10\/mae-e-filha-adolescente-discutindo.jpg","type":"image\/jpeg"}],"author":"Ana Maria Iencarelli","twitter_card":"summary_large_image","twitter_misc":{"Escrito por":"Ana Maria Iencarelli","Est. tempo de leitura":"4 minutos"},"schema":{"@context":"https:\/\/schema.org","@graph":[{"@type":"Article","@id":"https:\/\/jornalfatosenoticias.com.br\/index.php\/2020\/10\/29\/e-o-adolescente-momento-da-mistura-da-liberdade-e-dependencia-parte-ii\/#article","isPartOf":{"@id":"https:\/\/jornalfatosenoticias.com.br\/index.php\/2020\/10\/29\/e-o-adolescente-momento-da-mistura-da-liberdade-e-dependencia-parte-ii\/"},"author":{"name":"Ana Maria Iencarelli","@id":"https:\/\/jornalfatosenoticias.com.br\/#\/schema\/person\/c33fcf5fb02d729d3fec92c6737a22d1"},"headline":"E o adolescente? Momento da mistura da liberdade e depend\u00eancia \u2014 Parte II","datePublished":"2020-10-29T21:54:46+00:00","dateModified":"2020-10-29T21:54:51+00:00","mainEntityOfPage":{"@id":"https:\/\/jornalfatosenoticias.com.br\/index.php\/2020\/10\/29\/e-o-adolescente-momento-da-mistura-da-liberdade-e-dependencia-parte-ii\/"},"wordCount":842,"commentCount":0,"publisher":{"@id":"https:\/\/jornalfatosenoticias.com.br\/#organization"},"image":{"@id":"https:\/\/jornalfatosenoticias.com.br\/index.php\/2020\/10\/29\/e-o-adolescente-momento-da-mistura-da-liberdade-e-dependencia-parte-ii\/#primaryimage"},"thumbnailUrl":"https:\/\/jornalfatosenoticias.com.br\/wp-content\/uploads\/2020\/10\/mae-e-filha-adolescente-discutindo.jpg","keywords":["adolescentes","contradi\u00e7\u00e3o","fases","instabilidade emocional"],"articleSection":["Comportamento &amp; Equil\u00edbrio"],"inLanguage":"pt-BR","potentialAction":[{"@type":"CommentAction","name":"Comment","target":["https:\/\/jornalfatosenoticias.com.br\/index.php\/2020\/10\/29\/e-o-adolescente-momento-da-mistura-da-liberdade-e-dependencia-parte-ii\/#respond"]}]},{"@type":"WebPage","@id":"https:\/\/jornalfatosenoticias.com.br\/index.php\/2020\/10\/29\/e-o-adolescente-momento-da-mistura-da-liberdade-e-dependencia-parte-ii\/","url":"https:\/\/jornalfatosenoticias.com.br\/index.php\/2020\/10\/29\/e-o-adolescente-momento-da-mistura-da-liberdade-e-dependencia-parte-ii\/","name":"E o adolescente? Momento da mistura da liberdade e depend\u00eancia \u2014 Parte II - Jornal Fatos e Not\u00edcias","isPartOf":{"@id":"https:\/\/jornalfatosenoticias.com.br\/#website"},"primaryImageOfPage":{"@id":"https:\/\/jornalfatosenoticias.com.br\/index.php\/2020\/10\/29\/e-o-adolescente-momento-da-mistura-da-liberdade-e-dependencia-parte-ii\/#primaryimage"},"image":{"@id":"https:\/\/jornalfatosenoticias.com.br\/index.php\/2020\/10\/29\/e-o-adolescente-momento-da-mistura-da-liberdade-e-dependencia-parte-ii\/#primaryimage"},"thumbnailUrl":"https:\/\/jornalfatosenoticias.com.br\/wp-content\/uploads\/2020\/10\/mae-e-filha-adolescente-discutindo.jpg","datePublished":"2020-10-29T21:54:46+00:00","dateModified":"2020-10-29T21:54:51+00:00","breadcrumb":{"@id":"https:\/\/jornalfatosenoticias.com.br\/index.php\/2020\/10\/29\/e-o-adolescente-momento-da-mistura-da-liberdade-e-dependencia-parte-ii\/#breadcrumb"},"inLanguage":"pt-BR","potentialAction":[{"@type":"ReadAction","target":["https:\/\/jornalfatosenoticias.com.br\/index.php\/2020\/10\/29\/e-o-adolescente-momento-da-mistura-da-liberdade-e-dependencia-parte-ii\/"]}]},{"@type":"ImageObject","inLanguage":"pt-BR","@id":"https:\/\/jornalfatosenoticias.com.br\/index.php\/2020\/10\/29\/e-o-adolescente-momento-da-mistura-da-liberdade-e-dependencia-parte-ii\/#primaryimage","url":"https:\/\/jornalfatosenoticias.com.br\/wp-content\/uploads\/2020\/10\/mae-e-filha-adolescente-discutindo.jpg","contentUrl":"https:\/\/jornalfatosenoticias.com.br\/wp-content\/uploads\/2020\/10\/mae-e-filha-adolescente-discutindo.jpg","width":1000,"height":666},{"@type":"BreadcrumbList","@id":"https:\/\/jornalfatosenoticias.com.br\/index.php\/2020\/10\/29\/e-o-adolescente-momento-da-mistura-da-liberdade-e-dependencia-parte-ii\/#breadcrumb","itemListElement":[{"@type":"ListItem","position":1,"name":"In\u00edcio","item":"https:\/\/jornalfatosenoticias.com.br\/"},{"@type":"ListItem","position":2,"name":"E o adolescente? Momento da mistura da liberdade e depend\u00eancia \u2014 Parte II"}]},{"@type":"WebSite","@id":"https:\/\/jornalfatosenoticias.com.br\/#website","url":"https:\/\/jornalfatosenoticias.com.br\/","name":"Jornal Fatos e Not\u00edcias","description":"Not\u00edcias em geral","publisher":{"@id":"https:\/\/jornalfatosenoticias.com.br\/#organization"},"potentialAction":[{"@type":"SearchAction","target":{"@type":"EntryPoint","urlTemplate":"https:\/\/jornalfatosenoticias.com.br\/?s={search_term_string}"},"query-input":{"@type":"PropertyValueSpecification","valueRequired":true,"valueName":"search_term_string"}}],"inLanguage":"pt-BR"},{"@type":"Organization","@id":"https:\/\/jornalfatosenoticias.com.br\/#organization","name":"Jornal Fatos e Not\u00edcias","url":"https:\/\/jornalfatosenoticias.com.br\/","logo":{"@type":"ImageObject","inLanguage":"pt-BR","@id":"https:\/\/jornalfatosenoticias.com.br\/#\/schema\/logo\/image\/","url":"https:\/\/jornalfatosenoticias.com.br\/wp-content\/uploads\/2020\/02\/logo120.png","contentUrl":"https:\/\/jornalfatosenoticias.com.br\/wp-content\/uploads\/2020\/02\/logo120.png","width":1227,"height":120,"caption":"Jornal Fatos e Not\u00edcias"},"image":{"@id":"https:\/\/jornalfatosenoticias.com.br\/#\/schema\/logo\/image\/"}},{"@type":"Person","@id":"https:\/\/jornalfatosenoticias.com.br\/#\/schema\/person\/c33fcf5fb02d729d3fec92c6737a22d1","name":"Ana Maria Iencarelli","image":{"@type":"ImageObject","inLanguage":"pt-BR","@id":"https:\/\/jornalfatosenoticias.com.br\/#\/schema\/person\/image\/","url":"https:\/\/jornalfatosenoticias.com.br\/wp-content\/uploads\/2020\/02\/Ana-Maria-Iencarelli-1-150x150.jpg","contentUrl":"https:\/\/jornalfatosenoticias.com.br\/wp-content\/uploads\/2020\/02\/Ana-Maria-Iencarelli-1-150x150.jpg","caption":"Ana Maria Iencarelli"},"description":"Psicanalista Cl\u00ednica, especializada no atendimento a Crian\u00e7as e Adolescentes. Presidente da ONG Vozes de Anjos.","url":"https:\/\/jornalfatosenoticias.com.br\/index.php\/author\/anamaria\/"}]}},"cc_featured_image_caption":{"caption_text":" (Foto: Getty Images)","source_text":"","source_url":""},"jetpack_featured_media_url":"https:\/\/jornalfatosenoticias.com.br\/wp-content\/uploads\/2020\/10\/mae-e-filha-adolescente-discutindo.jpg","_links":{"self":[{"href":"https:\/\/jornalfatosenoticias.com.br\/index.php\/wp-json\/wp\/v2\/posts\/10563","targetHints":{"allow":["GET"]}}],"collection":[{"href":"https:\/\/jornalfatosenoticias.com.br\/index.php\/wp-json\/wp\/v2\/posts"}],"about":[{"href":"https:\/\/jornalfatosenoticias.com.br\/index.php\/wp-json\/wp\/v2\/types\/post"}],"author":[{"embeddable":true,"href":"https:\/\/jornalfatosenoticias.com.br\/index.php\/wp-json\/wp\/v2\/users\/8"}],"replies":[{"embeddable":true,"href":"https:\/\/jornalfatosenoticias.com.br\/index.php\/wp-json\/wp\/v2\/comments?post=10563"}],"version-history":[{"count":0,"href":"https:\/\/jornalfatosenoticias.com.br\/index.php\/wp-json\/wp\/v2\/posts\/10563\/revisions"}],"wp:featuredmedia":[{"embeddable":true,"href":"https:\/\/jornalfatosenoticias.com.br\/index.php\/wp-json\/wp\/v2\/media\/10566"}],"wp:attachment":[{"href":"https:\/\/jornalfatosenoticias.com.br\/index.php\/wp-json\/wp\/v2\/media?parent=10563"}],"wp:term":[{"taxonomy":"category","embeddable":true,"href":"https:\/\/jornalfatosenoticias.com.br\/index.php\/wp-json\/wp\/v2\/categories?post=10563"},{"taxonomy":"post_tag","embeddable":true,"href":"https:\/\/jornalfatosenoticias.com.br\/index.php\/wp-json\/wp\/v2\/tags?post=10563"}],"curies":[{"name":"wp","href":"https:\/\/api.w.org\/{rel}","templated":true}]}}