{"id":10574,"date":"2020-10-29T19:11:48","date_gmt":"2020-10-29T22:11:48","guid":{"rendered":"https:\/\/jornalfatosenoticias.com.br\/?p=10574"},"modified":"2020-10-29T19:11:53","modified_gmt":"2020-10-29T22:11:53","slug":"projeto-da-usp-vai-levar-fogoes-solares-para-comunidades-vulneraveis","status":"publish","type":"post","link":"https:\/\/jornalfatosenoticias.com.br\/index.php\/2020\/10\/29\/projeto-da-usp-vai-levar-fogoes-solares-para-comunidades-vulneraveis\/","title":{"rendered":"Projeto da USP vai levar fog\u00f5es solares para comunidades vulner\u00e1veis"},"content":{"rendered":"\n<h6 class=\"wp-block-heading\"><em>Fog\u00e3o solar de baixo custo ser\u00e1 alternativa para fam\u00edlias que usam lenha ou carv\u00e3o para cozinhar<\/em><\/h6>\n\n\n\n<p>Um projeto da USP vai estimular o uso de fog\u00f5es solares em comunidades de baixa renda em S\u00e3o Paulo. Al\u00e9m de conceder o fog\u00e3o, a equipe de pesquisadores vai monitorar a qualidade do ar interno de cada casa e a sa\u00fade dos moradores.<br>Atendendo tr\u00eas Objetivos de Desenvolvimento Sustent\u00e1vel (ODS) da ONU, o projeto vai mostrar que \u00e9 poss\u00edvel usar a energia do sol, que \u00e9 de gra\u00e7a, para cozinhar e assar alimentos de forma eficiente, segura e sem gera\u00e7\u00e3o de poluentes.<br>Para o professor Alberto Hernandez Neto, da Escola Polit\u00e9cnica da USP, \u201cn\u00e3o h\u00e1 desafios tecnol\u00f3gicos, porque j\u00e1 est\u00e1 bem constru\u00edda a tecnologia, \u00e9 muito mais uma mudan\u00e7a cultural\u201d. Ele ressalta que o cozimento demora um pouco mais, em compara\u00e7\u00e3o ao fog\u00e3o a g\u00e1s, e \u00e9 preciso entender isso na hora da prepara\u00e7\u00e3o.<br>Usar lenha ou carv\u00e3o para cozinhar parece coisa do passado, mas o \u00faltimo dado do Instituto Brasileiro de Geografia e Estat\u00edstica (IBGE) revelou que, em 2018, 14 milh\u00f5es de fam\u00edlias utilizaram estes meios para preparar suas refei\u00e7\u00f5es. Trata-se de uma alta em compara\u00e7\u00e3o ao levantamento de 2016.<br>O aumento do desemprego e elevado pre\u00e7o do g\u00e1s de cozinha s\u00e3o algumas das justificativas apontadas. Tamb\u00e9m pode-se considerar que muitas fam\u00edlias que vivem longe dos grandes centros urbanos ainda possuem o h\u00e1bito de cozinhar com o fog\u00e3o a lenha, o que \u00e9 intensificado em tempos de alta no pre\u00e7o do g\u00e1s.<br>Se o valor por um lado compensa e a comida ganha um sabor especial, por outro a sa\u00fade pode ser afetada pela constante exposi\u00e7\u00e3o \u00e0 fuma\u00e7a. \u201cPrincipalmente para mulheres e crian\u00e7as, a polui\u00e7\u00e3o do ar indoor, por causa da fuma\u00e7a, pode causar graves problemas card\u00edacos e respirat\u00f3rios\u201d, afirmou M\u00e1rcia Akemi Yamasoe, professora do Instituto de Astronomia, Geof\u00edsica e Ci\u00eancias Atmosf\u00e9ricas da USP, em entrevista ao Canal USP.<br>A polui\u00e7\u00e3o em ambientes internos \u00e9 justamente advinda da queima de lenha, carv\u00e3o, querosene \u2014 seja para aquecer e\/ou iluminar a casa como tamb\u00e9m para cozinhar alimentos. A Organiza\u00e7\u00e3o Mundial da Sa\u00fade (OMS) estima que os efeitos da polui\u00e7\u00e3o externa e interna do ar causam sete milh\u00f5es de mortes por ano.<\/p>\n\n\n\n<p><strong><em>Fonte: <a href=\"https:\/\/ciclovivo.com.br\/inovacao\/tecnologia\/usp-fogoes-solares-comunidades-vulneraveis\/#:~:text=Um%20projeto%20da%20USP%20vai,baixa%20renda%20em%20S%C3%A3o%20Paulo.&amp;text=Atendendo%20tr%C3%AAs%20ODs%20da%20ONU,de%20forma%20eficiente%20e%20segura.\">CicloVivo<\/a><\/em><\/strong><\/p>\n","protected":false},"excerpt":{"rendered":"<p>Fog\u00e3o solar de baixo custo ser\u00e1 alternativa para fam\u00edlias que usam lenha ou carv\u00e3o para cozinhar Um projeto da USP vai estimular o uso de fog\u00f5es solares em comunidades de baixa renda em S\u00e3o Paulo. Al\u00e9m de conceder o fog\u00e3o, a equipe de pesquisadores vai monitorar a qualidade do ar interno de cada casa e [&hellip;]<\/p>\n","protected":false},"author":2,"featured_media":10575,"comment_status":"open","ping_status":"open","sticky":false,"template":"","format":"standard","meta":{"footnotes":""},"categories":[3],"tags":[5630,5629,734,351],"class_list":["post-10574","post","type-post","status-publish","format-standard","has-post-thumbnail","hentry","category-tecnologia","tag-comunidades-vulneraveis","tag-fogoes-solares","tag-sustentabilidade","tag-usp"],"yoast_head":"<!-- This site is optimized with the Yoast SEO plugin v26.5 - https:\/\/yoast.com\/wordpress\/plugins\/seo\/ -->\n<title>Projeto da USP vai levar fog\u00f5es solares para comunidades vulner\u00e1veis - Jornal Fatos e Not\u00edcias<\/title>\n<meta name=\"robots\" content=\"index, follow, max-snippet:-1, max-image-preview:large, max-video-preview:-1\" \/>\n<link rel=\"canonical\" href=\"https:\/\/jornalfatosenoticias.com.br\/index.php\/2020\/10\/29\/projeto-da-usp-vai-levar-fogoes-solares-para-comunidades-vulneraveis\/\" \/>\n<meta property=\"og:locale\" content=\"pt_BR\" \/>\n<meta property=\"og:type\" content=\"article\" \/>\n<meta property=\"og:title\" content=\"Projeto da USP vai levar fog\u00f5es solares para comunidades vulner\u00e1veis - Jornal Fatos e Not\u00edcias\" \/>\n<meta property=\"og:description\" content=\"Fog\u00e3o solar de baixo custo ser\u00e1 alternativa para fam\u00edlias que usam lenha ou carv\u00e3o para cozinhar Um projeto da USP vai estimular o uso de fog\u00f5es solares em comunidades de baixa renda em S\u00e3o Paulo. Al\u00e9m de conceder o fog\u00e3o, a equipe de pesquisadores vai monitorar a qualidade do ar interno de cada casa e [&hellip;]\" \/>\n<meta property=\"og:url\" content=\"https:\/\/jornalfatosenoticias.com.br\/index.php\/2020\/10\/29\/projeto-da-usp-vai-levar-fogoes-solares-para-comunidades-vulneraveis\/\" \/>\n<meta property=\"og:site_name\" content=\"Jornal Fatos e Not\u00edcias\" \/>\n<meta property=\"article:published_time\" content=\"2020-10-29T22:11:48+00:00\" \/>\n<meta property=\"article:modified_time\" content=\"2020-10-29T22:11:53+00:00\" \/>\n<meta property=\"og:image\" content=\"https:\/\/jornalfatosenoticias.com.br\/wp-content\/uploads\/2020\/10\/fogoes-solares.jpg\" \/>\n\t<meta property=\"og:image:width\" content=\"797\" \/>\n\t<meta property=\"og:image:height\" content=\"420\" \/>\n\t<meta property=\"og:image:type\" content=\"image\/jpeg\" \/>\n<meta name=\"author\" content=\"Luzimara Fernandes\" \/>\n<meta name=\"twitter:card\" content=\"summary_large_image\" \/>\n<meta name=\"twitter:label1\" content=\"Escrito por\" \/>\n\t<meta name=\"twitter:data1\" content=\"Luzimara Fernandes\" \/>\n\t<meta name=\"twitter:label2\" content=\"Est. tempo de leitura\" \/>\n\t<meta name=\"twitter:data2\" content=\"2 minutos\" \/>\n<script type=\"application\/ld+json\" class=\"yoast-schema-graph\">{\"@context\":\"https:\/\/schema.org\",\"@graph\":[{\"@type\":\"Article\",\"@id\":\"https:\/\/jornalfatosenoticias.com.br\/index.php\/2020\/10\/29\/projeto-da-usp-vai-levar-fogoes-solares-para-comunidades-vulneraveis\/#article\",\"isPartOf\":{\"@id\":\"https:\/\/jornalfatosenoticias.com.br\/index.php\/2020\/10\/29\/projeto-da-usp-vai-levar-fogoes-solares-para-comunidades-vulneraveis\/\"},\"author\":{\"name\":\"Luzimara Fernandes\",\"@id\":\"https:\/\/jornalfatosenoticias.com.br\/#\/schema\/person\/d63837fa13ac8666eb9e74e0985d6f81\"},\"headline\":\"Projeto da USP vai levar fog\u00f5es solares para comunidades vulner\u00e1veis\",\"datePublished\":\"2020-10-29T22:11:48+00:00\",\"dateModified\":\"2020-10-29T22:11:53+00:00\",\"mainEntityOfPage\":{\"@id\":\"https:\/\/jornalfatosenoticias.com.br\/index.php\/2020\/10\/29\/projeto-da-usp-vai-levar-fogoes-solares-para-comunidades-vulneraveis\/\"},\"wordCount\":427,\"commentCount\":0,\"publisher\":{\"@id\":\"https:\/\/jornalfatosenoticias.com.br\/#organization\"},\"image\":{\"@id\":\"https:\/\/jornalfatosenoticias.com.br\/index.php\/2020\/10\/29\/projeto-da-usp-vai-levar-fogoes-solares-para-comunidades-vulneraveis\/#primaryimage\"},\"thumbnailUrl\":\"https:\/\/jornalfatosenoticias.com.br\/wp-content\/uploads\/2020\/10\/fogoes-solares.jpg\",\"keywords\":[\"comunidades vulner\u00e1veis\",\"fog\u00f5es solares\",\"sustentabilidade\",\"USP\"],\"articleSection\":[\"Tecnologia &amp; Inova\u00e7\u00e3o\"],\"inLanguage\":\"pt-BR\",\"potentialAction\":[{\"@type\":\"CommentAction\",\"name\":\"Comment\",\"target\":[\"https:\/\/jornalfatosenoticias.com.br\/index.php\/2020\/10\/29\/projeto-da-usp-vai-levar-fogoes-solares-para-comunidades-vulneraveis\/#respond\"]}]},{\"@type\":\"WebPage\",\"@id\":\"https:\/\/jornalfatosenoticias.com.br\/index.php\/2020\/10\/29\/projeto-da-usp-vai-levar-fogoes-solares-para-comunidades-vulneraveis\/\",\"url\":\"https:\/\/jornalfatosenoticias.com.br\/index.php\/2020\/10\/29\/projeto-da-usp-vai-levar-fogoes-solares-para-comunidades-vulneraveis\/\",\"name\":\"Projeto da USP vai levar fog\u00f5es solares para comunidades vulner\u00e1veis - Jornal Fatos e Not\u00edcias\",\"isPartOf\":{\"@id\":\"https:\/\/jornalfatosenoticias.com.br\/#website\"},\"primaryImageOfPage\":{\"@id\":\"https:\/\/jornalfatosenoticias.com.br\/index.php\/2020\/10\/29\/projeto-da-usp-vai-levar-fogoes-solares-para-comunidades-vulneraveis\/#primaryimage\"},\"image\":{\"@id\":\"https:\/\/jornalfatosenoticias.com.br\/index.php\/2020\/10\/29\/projeto-da-usp-vai-levar-fogoes-solares-para-comunidades-vulneraveis\/#primaryimage\"},\"thumbnailUrl\":\"https:\/\/jornalfatosenoticias.com.br\/wp-content\/uploads\/2020\/10\/fogoes-solares.jpg\",\"datePublished\":\"2020-10-29T22:11:48+00:00\",\"dateModified\":\"2020-10-29T22:11:53+00:00\",\"breadcrumb\":{\"@id\":\"https:\/\/jornalfatosenoticias.com.br\/index.php\/2020\/10\/29\/projeto-da-usp-vai-levar-fogoes-solares-para-comunidades-vulneraveis\/#breadcrumb\"},\"inLanguage\":\"pt-BR\",\"potentialAction\":[{\"@type\":\"ReadAction\",\"target\":[\"https:\/\/jornalfatosenoticias.com.br\/index.php\/2020\/10\/29\/projeto-da-usp-vai-levar-fogoes-solares-para-comunidades-vulneraveis\/\"]}]},{\"@type\":\"ImageObject\",\"inLanguage\":\"pt-BR\",\"@id\":\"https:\/\/jornalfatosenoticias.com.br\/index.php\/2020\/10\/29\/projeto-da-usp-vai-levar-fogoes-solares-para-comunidades-vulneraveis\/#primaryimage\",\"url\":\"https:\/\/jornalfatosenoticias.com.br\/wp-content\/uploads\/2020\/10\/fogoes-solares.jpg\",\"contentUrl\":\"https:\/\/jornalfatosenoticias.com.br\/wp-content\/uploads\/2020\/10\/fogoes-solares.jpg\",\"width\":797,\"height\":420},{\"@type\":\"BreadcrumbList\",\"@id\":\"https:\/\/jornalfatosenoticias.com.br\/index.php\/2020\/10\/29\/projeto-da-usp-vai-levar-fogoes-solares-para-comunidades-vulneraveis\/#breadcrumb\",\"itemListElement\":[{\"@type\":\"ListItem\",\"position\":1,\"name\":\"In\u00edcio\",\"item\":\"https:\/\/jornalfatosenoticias.com.br\/\"},{\"@type\":\"ListItem\",\"position\":2,\"name\":\"Projeto da USP vai levar fog\u00f5es solares para comunidades vulner\u00e1veis\"}]},{\"@type\":\"WebSite\",\"@id\":\"https:\/\/jornalfatosenoticias.com.br\/#website\",\"url\":\"https:\/\/jornalfatosenoticias.com.br\/\",\"name\":\"Jornal Fatos e Not\u00edcias\",\"description\":\"Not\u00edcias em geral\",\"publisher\":{\"@id\":\"https:\/\/jornalfatosenoticias.com.br\/#organization\"},\"potentialAction\":[{\"@type\":\"SearchAction\",\"target\":{\"@type\":\"EntryPoint\",\"urlTemplate\":\"https:\/\/jornalfatosenoticias.com.br\/?s={search_term_string}\"},\"query-input\":{\"@type\":\"PropertyValueSpecification\",\"valueRequired\":true,\"valueName\":\"search_term_string\"}}],\"inLanguage\":\"pt-BR\"},{\"@type\":\"Organization\",\"@id\":\"https:\/\/jornalfatosenoticias.com.br\/#organization\",\"name\":\"Jornal Fatos e Not\u00edcias\",\"url\":\"https:\/\/jornalfatosenoticias.com.br\/\",\"logo\":{\"@type\":\"ImageObject\",\"inLanguage\":\"pt-BR\",\"@id\":\"https:\/\/jornalfatosenoticias.com.br\/#\/schema\/logo\/image\/\",\"url\":\"https:\/\/jornalfatosenoticias.com.br\/wp-content\/uploads\/2020\/02\/logo120.png\",\"contentUrl\":\"https:\/\/jornalfatosenoticias.com.br\/wp-content\/uploads\/2020\/02\/logo120.png\",\"width\":1227,\"height\":120,\"caption\":\"Jornal Fatos e Not\u00edcias\"},\"image\":{\"@id\":\"https:\/\/jornalfatosenoticias.com.br\/#\/schema\/logo\/image\/\"}},{\"@type\":\"Person\",\"@id\":\"https:\/\/jornalfatosenoticias.com.br\/#\/schema\/person\/d63837fa13ac8666eb9e74e0985d6f81\",\"name\":\"Luzimara Fernandes\",\"image\":{\"@type\":\"ImageObject\",\"inLanguage\":\"pt-BR\",\"@id\":\"https:\/\/jornalfatosenoticias.com.br\/#\/schema\/person\/image\/\",\"url\":\"https:\/\/jornalfatosenoticias.com.br\/wp-content\/uploads\/2025\/05\/EU_portal.jpg\",\"contentUrl\":\"https:\/\/jornalfatosenoticias.com.br\/wp-content\/uploads\/2025\/05\/EU_portal.jpg\",\"caption\":\"Luzimara Fernandes\"},\"description\":\"Jornalista MTB 2358-ES\",\"sameAs\":[\"https:\/\/jornalfatosenoticias.com.br\"],\"url\":\"https:\/\/jornalfatosenoticias.com.br\/index.php\/author\/luzimara\/\"}]}<\/script>\n<!-- \/ Yoast SEO plugin. -->","yoast_head_json":{"title":"Projeto da USP vai levar fog\u00f5es solares para comunidades vulner\u00e1veis - Jornal Fatos e Not\u00edcias","robots":{"index":"index","follow":"follow","max-snippet":"max-snippet:-1","max-image-preview":"max-image-preview:large","max-video-preview":"max-video-preview:-1"},"canonical":"https:\/\/jornalfatosenoticias.com.br\/index.php\/2020\/10\/29\/projeto-da-usp-vai-levar-fogoes-solares-para-comunidades-vulneraveis\/","og_locale":"pt_BR","og_type":"article","og_title":"Projeto da USP vai levar fog\u00f5es solares para comunidades vulner\u00e1veis - Jornal Fatos e Not\u00edcias","og_description":"Fog\u00e3o solar de baixo custo ser\u00e1 alternativa para fam\u00edlias que usam lenha ou carv\u00e3o para cozinhar Um projeto da USP vai estimular o uso de fog\u00f5es solares em comunidades de baixa renda em S\u00e3o Paulo. Al\u00e9m de conceder o fog\u00e3o, a equipe de pesquisadores vai monitorar a qualidade do ar interno de cada casa e [&hellip;]","og_url":"https:\/\/jornalfatosenoticias.com.br\/index.php\/2020\/10\/29\/projeto-da-usp-vai-levar-fogoes-solares-para-comunidades-vulneraveis\/","og_site_name":"Jornal Fatos e Not\u00edcias","article_published_time":"2020-10-29T22:11:48+00:00","article_modified_time":"2020-10-29T22:11:53+00:00","og_image":[{"width":797,"height":420,"url":"https:\/\/jornalfatosenoticias.com.br\/wp-content\/uploads\/2020\/10\/fogoes-solares.jpg","type":"image\/jpeg"}],"author":"Luzimara Fernandes","twitter_card":"summary_large_image","twitter_misc":{"Escrito por":"Luzimara Fernandes","Est. tempo de leitura":"2 minutos"},"schema":{"@context":"https:\/\/schema.org","@graph":[{"@type":"Article","@id":"https:\/\/jornalfatosenoticias.com.br\/index.php\/2020\/10\/29\/projeto-da-usp-vai-levar-fogoes-solares-para-comunidades-vulneraveis\/#article","isPartOf":{"@id":"https:\/\/jornalfatosenoticias.com.br\/index.php\/2020\/10\/29\/projeto-da-usp-vai-levar-fogoes-solares-para-comunidades-vulneraveis\/"},"author":{"name":"Luzimara Fernandes","@id":"https:\/\/jornalfatosenoticias.com.br\/#\/schema\/person\/d63837fa13ac8666eb9e74e0985d6f81"},"headline":"Projeto da USP vai levar fog\u00f5es solares para comunidades vulner\u00e1veis","datePublished":"2020-10-29T22:11:48+00:00","dateModified":"2020-10-29T22:11:53+00:00","mainEntityOfPage":{"@id":"https:\/\/jornalfatosenoticias.com.br\/index.php\/2020\/10\/29\/projeto-da-usp-vai-levar-fogoes-solares-para-comunidades-vulneraveis\/"},"wordCount":427,"commentCount":0,"publisher":{"@id":"https:\/\/jornalfatosenoticias.com.br\/#organization"},"image":{"@id":"https:\/\/jornalfatosenoticias.com.br\/index.php\/2020\/10\/29\/projeto-da-usp-vai-levar-fogoes-solares-para-comunidades-vulneraveis\/#primaryimage"},"thumbnailUrl":"https:\/\/jornalfatosenoticias.com.br\/wp-content\/uploads\/2020\/10\/fogoes-solares.jpg","keywords":["comunidades vulner\u00e1veis","fog\u00f5es solares","sustentabilidade","USP"],"articleSection":["Tecnologia &amp; Inova\u00e7\u00e3o"],"inLanguage":"pt-BR","potentialAction":[{"@type":"CommentAction","name":"Comment","target":["https:\/\/jornalfatosenoticias.com.br\/index.php\/2020\/10\/29\/projeto-da-usp-vai-levar-fogoes-solares-para-comunidades-vulneraveis\/#respond"]}]},{"@type":"WebPage","@id":"https:\/\/jornalfatosenoticias.com.br\/index.php\/2020\/10\/29\/projeto-da-usp-vai-levar-fogoes-solares-para-comunidades-vulneraveis\/","url":"https:\/\/jornalfatosenoticias.com.br\/index.php\/2020\/10\/29\/projeto-da-usp-vai-levar-fogoes-solares-para-comunidades-vulneraveis\/","name":"Projeto da USP vai levar fog\u00f5es solares para comunidades vulner\u00e1veis - Jornal Fatos e Not\u00edcias","isPartOf":{"@id":"https:\/\/jornalfatosenoticias.com.br\/#website"},"primaryImageOfPage":{"@id":"https:\/\/jornalfatosenoticias.com.br\/index.php\/2020\/10\/29\/projeto-da-usp-vai-levar-fogoes-solares-para-comunidades-vulneraveis\/#primaryimage"},"image":{"@id":"https:\/\/jornalfatosenoticias.com.br\/index.php\/2020\/10\/29\/projeto-da-usp-vai-levar-fogoes-solares-para-comunidades-vulneraveis\/#primaryimage"},"thumbnailUrl":"https:\/\/jornalfatosenoticias.com.br\/wp-content\/uploads\/2020\/10\/fogoes-solares.jpg","datePublished":"2020-10-29T22:11:48+00:00","dateModified":"2020-10-29T22:11:53+00:00","breadcrumb":{"@id":"https:\/\/jornalfatosenoticias.com.br\/index.php\/2020\/10\/29\/projeto-da-usp-vai-levar-fogoes-solares-para-comunidades-vulneraveis\/#breadcrumb"},"inLanguage":"pt-BR","potentialAction":[{"@type":"ReadAction","target":["https:\/\/jornalfatosenoticias.com.br\/index.php\/2020\/10\/29\/projeto-da-usp-vai-levar-fogoes-solares-para-comunidades-vulneraveis\/"]}]},{"@type":"ImageObject","inLanguage":"pt-BR","@id":"https:\/\/jornalfatosenoticias.com.br\/index.php\/2020\/10\/29\/projeto-da-usp-vai-levar-fogoes-solares-para-comunidades-vulneraveis\/#primaryimage","url":"https:\/\/jornalfatosenoticias.com.br\/wp-content\/uploads\/2020\/10\/fogoes-solares.jpg","contentUrl":"https:\/\/jornalfatosenoticias.com.br\/wp-content\/uploads\/2020\/10\/fogoes-solares.jpg","width":797,"height":420},{"@type":"BreadcrumbList","@id":"https:\/\/jornalfatosenoticias.com.br\/index.php\/2020\/10\/29\/projeto-da-usp-vai-levar-fogoes-solares-para-comunidades-vulneraveis\/#breadcrumb","itemListElement":[{"@type":"ListItem","position":1,"name":"In\u00edcio","item":"https:\/\/jornalfatosenoticias.com.br\/"},{"@type":"ListItem","position":2,"name":"Projeto da USP vai levar fog\u00f5es solares para comunidades vulner\u00e1veis"}]},{"@type":"WebSite","@id":"https:\/\/jornalfatosenoticias.com.br\/#website","url":"https:\/\/jornalfatosenoticias.com.br\/","name":"Jornal Fatos e Not\u00edcias","description":"Not\u00edcias em geral","publisher":{"@id":"https:\/\/jornalfatosenoticias.com.br\/#organization"},"potentialAction":[{"@type":"SearchAction","target":{"@type":"EntryPoint","urlTemplate":"https:\/\/jornalfatosenoticias.com.br\/?s={search_term_string}"},"query-input":{"@type":"PropertyValueSpecification","valueRequired":true,"valueName":"search_term_string"}}],"inLanguage":"pt-BR"},{"@type":"Organization","@id":"https:\/\/jornalfatosenoticias.com.br\/#organization","name":"Jornal Fatos e Not\u00edcias","url":"https:\/\/jornalfatosenoticias.com.br\/","logo":{"@type":"ImageObject","inLanguage":"pt-BR","@id":"https:\/\/jornalfatosenoticias.com.br\/#\/schema\/logo\/image\/","url":"https:\/\/jornalfatosenoticias.com.br\/wp-content\/uploads\/2020\/02\/logo120.png","contentUrl":"https:\/\/jornalfatosenoticias.com.br\/wp-content\/uploads\/2020\/02\/logo120.png","width":1227,"height":120,"caption":"Jornal Fatos e Not\u00edcias"},"image":{"@id":"https:\/\/jornalfatosenoticias.com.br\/#\/schema\/logo\/image\/"}},{"@type":"Person","@id":"https:\/\/jornalfatosenoticias.com.br\/#\/schema\/person\/d63837fa13ac8666eb9e74e0985d6f81","name":"Luzimara Fernandes","image":{"@type":"ImageObject","inLanguage":"pt-BR","@id":"https:\/\/jornalfatosenoticias.com.br\/#\/schema\/person\/image\/","url":"https:\/\/jornalfatosenoticias.com.br\/wp-content\/uploads\/2025\/05\/EU_portal.jpg","contentUrl":"https:\/\/jornalfatosenoticias.com.br\/wp-content\/uploads\/2025\/05\/EU_portal.jpg","caption":"Luzimara Fernandes"},"description":"Jornalista MTB 2358-ES","sameAs":["https:\/\/jornalfatosenoticias.com.br"],"url":"https:\/\/jornalfatosenoticias.com.br\/index.php\/author\/luzimara\/"}]}},"cc_featured_image_caption":{"caption_text":"(Foto: Reprodu\u00e7\u00e3o USP) ","source_text":"","source_url":""},"jetpack_featured_media_url":"https:\/\/jornalfatosenoticias.com.br\/wp-content\/uploads\/2020\/10\/fogoes-solares.jpg","_links":{"self":[{"href":"https:\/\/jornalfatosenoticias.com.br\/index.php\/wp-json\/wp\/v2\/posts\/10574","targetHints":{"allow":["GET"]}}],"collection":[{"href":"https:\/\/jornalfatosenoticias.com.br\/index.php\/wp-json\/wp\/v2\/posts"}],"about":[{"href":"https:\/\/jornalfatosenoticias.com.br\/index.php\/wp-json\/wp\/v2\/types\/post"}],"author":[{"embeddable":true,"href":"https:\/\/jornalfatosenoticias.com.br\/index.php\/wp-json\/wp\/v2\/users\/2"}],"replies":[{"embeddable":true,"href":"https:\/\/jornalfatosenoticias.com.br\/index.php\/wp-json\/wp\/v2\/comments?post=10574"}],"version-history":[{"count":0,"href":"https:\/\/jornalfatosenoticias.com.br\/index.php\/wp-json\/wp\/v2\/posts\/10574\/revisions"}],"wp:featuredmedia":[{"embeddable":true,"href":"https:\/\/jornalfatosenoticias.com.br\/index.php\/wp-json\/wp\/v2\/media\/10575"}],"wp:attachment":[{"href":"https:\/\/jornalfatosenoticias.com.br\/index.php\/wp-json\/wp\/v2\/media?parent=10574"}],"wp:term":[{"taxonomy":"category","embeddable":true,"href":"https:\/\/jornalfatosenoticias.com.br\/index.php\/wp-json\/wp\/v2\/categories?post=10574"},{"taxonomy":"post_tag","embeddable":true,"href":"https:\/\/jornalfatosenoticias.com.br\/index.php\/wp-json\/wp\/v2\/tags?post=10574"}],"curies":[{"name":"wp","href":"https:\/\/api.w.org\/{rel}","templated":true}]}}