{"id":10599,"date":"2020-10-30T14:06:29","date_gmt":"2020-10-30T17:06:29","guid":{"rendered":"https:\/\/jornalfatosenoticias.com.br\/?p=10599"},"modified":"2020-10-30T14:06:33","modified_gmt":"2020-10-30T17:06:33","slug":"filhote-de-cachorro-do-mato-se-perde-da-mae","status":"publish","type":"post","link":"https:\/\/jornalfatosenoticias.com.br\/index.php\/2020\/10\/30\/filhote-de-cachorro-do-mato-se-perde-da-mae\/","title":{"rendered":"Filhote de cachorro-do-mato se perde da m\u00e3e"},"content":{"rendered":"\n<h6 class=\"wp-block-heading\"><em>O filhotinho de cachorro-do-mato tem aproximadamente tr\u00eas meses de vida e pertence \u00e0 esp\u00e9cie Cerdocyon thous<\/em><\/h6>\n\n\n\n<p>Um filhote de cachorro-do-mato que se perdeu de sua m\u00e3e foi recebido pelo Centro de Biodiversidade da Usipa (Cebus), em Ipatinga (MG) e est\u00e1 recebendo tratamento do m\u00e9dico veterin\u00e1rio L\u00e9lio Costa e Silva. O pequeno animal foi encontrado em Governador Valadares, pela Pol\u00edcia Militar de Meio Ambiente, que o levou imediatamente para o Cebus, onde est\u00e1 desde a \u00faltima sexta-feira (23).<br>Costa e Silva, respons\u00e1vel pelo Cebus, disse que o animal est\u00e1 infestado por ecto e endoparasitas (carrapatos e vermes), mas, de forma geral, est\u00e1 bem de sa\u00fade. \u201cEle foi examinado e j\u00e1 iniciamos o tratamento para combater os vermes e os carrapatos. Acreditamos que o animalzinho tenha cerca de tr\u00eas meses de vida\u201d, avaliou o m\u00e9dico veterin\u00e1rio. A partir de agora, o filhote receber\u00e1 todos os cuidados necess\u00e1rios, at\u00e9 que tenha condi\u00e7\u00f5es de retornar \u00e0 natureza.<br>O filhote foi acolhido no Cebus por meio do Programa de Reabilita\u00e7\u00e3o da Fauna Sem Lar, a\u00e7\u00e3o conjunta entre o Cebus, o Instituto Estadual de Florestas (IEF), a Associa\u00e7\u00e3o Regional de Prote\u00e7\u00e3o Ambiental do Vale do A\u00e7o (ARPAVA), a Pol\u00edcia Militar de Minas Gerais, o Corpo de Bombeiros Militar de Minas Gerais, a Promotoria de Meio Ambiente de Ipatinga (MG) e a Usiminas.<\/p>\n\n\n\n<p><strong>Sobre a esp\u00e9cie<br><\/strong>O pequeno animal \u00e9 da esp\u00e9cie Cerdocyon thous. Sua pelagem predominante \u00e9 de cor cinza com preta, mas pode variar para marrom-claro; as patas s\u00e3o pretas ou t\u00eam um tom bastante escuro. De porte m\u00e9dio, quando adulto atinge, em m\u00e9dia, 64 cent\u00edmetros de comprimento, desconsiderando-se a sua cauda, a qual possui mais 31 cent\u00edmetros. Segundo Costa e Silva, os cachorros-do-mato habitam \u00e1reas abertas, campos e cerrados. \u00c9 um animal territorialista e pode ser observado em grupos compreendendo um casal de adultos com at\u00e9 cinco filhotes.<br>\u00c9, usualmente, um ca\u00e7ador solit\u00e1rio e raramente ca\u00e7a em pares. Sua dieta on\u00edvora varia dependendo da esta\u00e7\u00e3o, mas geralmente inclui grandes por\u00e7\u00f5es de frutas, contribuindo para a dispers\u00e3o de sementes, e pequenos mam\u00edferos. Eles tamb\u00e9m podem se alimentar de insetos, aranhas, aves, r\u00e9pteis e anf\u00edbios. A principal amea\u00e7a potencial s\u00e3o doen\u00e7as transmitidas por c\u00e3es dom\u00e9sticos. Por isso \u00e9 importante a proibi\u00e7\u00e3o do acesso de c\u00e3es a \u00e1reas preservadas e unidades de conserva\u00e7\u00e3o.<\/p>\n\n\n\n<p><strong><em>Fonte: <a href=\"https:\/\/www.msn.com\/pt-br\/noticias\/meio-ambiente\/filhote-de-cachorro-do-mato-perdido-da-m%C3%A3e-%C3%A9-acolhido-por-programa\/ar-BB1aue60#:~:text=conta%20da%20Microsoft-,Filhote%20de%20cachorro%2Ddo%2Dmato%20perdido%20da,m%C3%A3e%20%C3%A9%20acolhido%20por%20programa&amp;text=Costa%20e%20Silva%2C%20respons%C3%A1vel%20pelo,os%20vermes%20e%20os%20carrapatos.\">MSN Not\u00edcias<\/a><\/em><\/strong><\/p>\n","protected":false},"excerpt":{"rendered":"<p>O filhotinho de cachorro-do-mato tem aproximadamente tr\u00eas meses de vida e pertence \u00e0 esp\u00e9cie Cerdocyon thous Um filhote de cachorro-do-mato que se perdeu de sua m\u00e3e foi recebido pelo Centro de Biodiversidade da Usipa (Cebus), em Ipatinga (MG) e est\u00e1 recebendo tratamento do m\u00e9dico veterin\u00e1rio L\u00e9lio Costa e Silva. O pequeno animal foi encontrado em [&hellip;]<\/p>\n","protected":false},"author":2,"featured_media":10600,"comment_status":"open","ping_status":"open","sticky":false,"template":"","format":"standard","meta":{"footnotes":""},"categories":[8],"tags":[5644,754,213],"class_list":["post-10599","post","type-post","status-publish","format-standard","has-post-thumbnail","hentry","category-meio-ambiente","tag-cachorro-do-mato","tag-caes","tag-filhote"],"yoast_head":"<!-- This site is optimized with the Yoast SEO plugin v26.5 - https:\/\/yoast.com\/wordpress\/plugins\/seo\/ -->\n<title>Filhote de cachorro-do-mato se perde da m\u00e3e - Jornal Fatos e Not\u00edcias<\/title>\n<meta name=\"robots\" content=\"index, follow, max-snippet:-1, max-image-preview:large, max-video-preview:-1\" \/>\n<link rel=\"canonical\" href=\"https:\/\/jornalfatosenoticias.com.br\/index.php\/2020\/10\/30\/filhote-de-cachorro-do-mato-se-perde-da-mae\/\" \/>\n<meta property=\"og:locale\" content=\"pt_BR\" \/>\n<meta property=\"og:type\" content=\"article\" \/>\n<meta property=\"og:title\" content=\"Filhote de cachorro-do-mato se perde da m\u00e3e - Jornal Fatos e Not\u00edcias\" \/>\n<meta property=\"og:description\" content=\"O filhotinho de cachorro-do-mato tem aproximadamente tr\u00eas meses de vida e pertence \u00e0 esp\u00e9cie Cerdocyon thous Um filhote de cachorro-do-mato que se perdeu de sua m\u00e3e foi recebido pelo Centro de Biodiversidade da Usipa (Cebus), em Ipatinga (MG) e est\u00e1 recebendo tratamento do m\u00e9dico veterin\u00e1rio L\u00e9lio Costa e Silva. O pequeno animal foi encontrado em [&hellip;]\" \/>\n<meta property=\"og:url\" content=\"https:\/\/jornalfatosenoticias.com.br\/index.php\/2020\/10\/30\/filhote-de-cachorro-do-mato-se-perde-da-mae\/\" \/>\n<meta property=\"og:site_name\" content=\"Jornal Fatos e Not\u00edcias\" \/>\n<meta property=\"article:published_time\" content=\"2020-10-30T17:06:29+00:00\" \/>\n<meta property=\"article:modified_time\" content=\"2020-10-30T17:06:33+00:00\" \/>\n<meta property=\"og:image\" content=\"https:\/\/jornalfatosenoticias.com.br\/wp-content\/uploads\/2020\/10\/filhote-cachorro-do-mato.jpg\" \/>\n\t<meta property=\"og:image:width\" content=\"1000\" \/>\n\t<meta property=\"og:image:height\" content=\"600\" \/>\n\t<meta property=\"og:image:type\" content=\"image\/jpeg\" \/>\n<meta name=\"author\" content=\"Luzimara Fernandes\" \/>\n<meta name=\"twitter:card\" content=\"summary_large_image\" \/>\n<meta name=\"twitter:label1\" content=\"Escrito por\" \/>\n\t<meta name=\"twitter:data1\" content=\"Luzimara Fernandes\" \/>\n\t<meta name=\"twitter:label2\" content=\"Est. tempo de leitura\" \/>\n\t<meta name=\"twitter:data2\" content=\"2 minutos\" \/>\n<script type=\"application\/ld+json\" class=\"yoast-schema-graph\">{\"@context\":\"https:\/\/schema.org\",\"@graph\":[{\"@type\":\"Article\",\"@id\":\"https:\/\/jornalfatosenoticias.com.br\/index.php\/2020\/10\/30\/filhote-de-cachorro-do-mato-se-perde-da-mae\/#article\",\"isPartOf\":{\"@id\":\"https:\/\/jornalfatosenoticias.com.br\/index.php\/2020\/10\/30\/filhote-de-cachorro-do-mato-se-perde-da-mae\/\"},\"author\":{\"name\":\"Luzimara Fernandes\",\"@id\":\"https:\/\/jornalfatosenoticias.com.br\/#\/schema\/person\/d63837fa13ac8666eb9e74e0985d6f81\"},\"headline\":\"Filhote de cachorro-do-mato se perde da m\u00e3e\",\"datePublished\":\"2020-10-30T17:06:29+00:00\",\"dateModified\":\"2020-10-30T17:06:33+00:00\",\"mainEntityOfPage\":{\"@id\":\"https:\/\/jornalfatosenoticias.com.br\/index.php\/2020\/10\/30\/filhote-de-cachorro-do-mato-se-perde-da-mae\/\"},\"wordCount\":425,\"commentCount\":0,\"publisher\":{\"@id\":\"https:\/\/jornalfatosenoticias.com.br\/#organization\"},\"image\":{\"@id\":\"https:\/\/jornalfatosenoticias.com.br\/index.php\/2020\/10\/30\/filhote-de-cachorro-do-mato-se-perde-da-mae\/#primaryimage\"},\"thumbnailUrl\":\"https:\/\/jornalfatosenoticias.com.br\/wp-content\/uploads\/2020\/10\/filhote-cachorro-do-mato.jpg\",\"keywords\":[\"cachorro-do-mato\",\"c\u00e3es\",\"filhote\"],\"articleSection\":[\"Meio ambiente\"],\"inLanguage\":\"pt-BR\",\"potentialAction\":[{\"@type\":\"CommentAction\",\"name\":\"Comment\",\"target\":[\"https:\/\/jornalfatosenoticias.com.br\/index.php\/2020\/10\/30\/filhote-de-cachorro-do-mato-se-perde-da-mae\/#respond\"]}]},{\"@type\":\"WebPage\",\"@id\":\"https:\/\/jornalfatosenoticias.com.br\/index.php\/2020\/10\/30\/filhote-de-cachorro-do-mato-se-perde-da-mae\/\",\"url\":\"https:\/\/jornalfatosenoticias.com.br\/index.php\/2020\/10\/30\/filhote-de-cachorro-do-mato-se-perde-da-mae\/\",\"name\":\"Filhote de cachorro-do-mato se perde da m\u00e3e - Jornal Fatos e Not\u00edcias\",\"isPartOf\":{\"@id\":\"https:\/\/jornalfatosenoticias.com.br\/#website\"},\"primaryImageOfPage\":{\"@id\":\"https:\/\/jornalfatosenoticias.com.br\/index.php\/2020\/10\/30\/filhote-de-cachorro-do-mato-se-perde-da-mae\/#primaryimage\"},\"image\":{\"@id\":\"https:\/\/jornalfatosenoticias.com.br\/index.php\/2020\/10\/30\/filhote-de-cachorro-do-mato-se-perde-da-mae\/#primaryimage\"},\"thumbnailUrl\":\"https:\/\/jornalfatosenoticias.com.br\/wp-content\/uploads\/2020\/10\/filhote-cachorro-do-mato.jpg\",\"datePublished\":\"2020-10-30T17:06:29+00:00\",\"dateModified\":\"2020-10-30T17:06:33+00:00\",\"breadcrumb\":{\"@id\":\"https:\/\/jornalfatosenoticias.com.br\/index.php\/2020\/10\/30\/filhote-de-cachorro-do-mato-se-perde-da-mae\/#breadcrumb\"},\"inLanguage\":\"pt-BR\",\"potentialAction\":[{\"@type\":\"ReadAction\",\"target\":[\"https:\/\/jornalfatosenoticias.com.br\/index.php\/2020\/10\/30\/filhote-de-cachorro-do-mato-se-perde-da-mae\/\"]}]},{\"@type\":\"ImageObject\",\"inLanguage\":\"pt-BR\",\"@id\":\"https:\/\/jornalfatosenoticias.com.br\/index.php\/2020\/10\/30\/filhote-de-cachorro-do-mato-se-perde-da-mae\/#primaryimage\",\"url\":\"https:\/\/jornalfatosenoticias.com.br\/wp-content\/uploads\/2020\/10\/filhote-cachorro-do-mato.jpg\",\"contentUrl\":\"https:\/\/jornalfatosenoticias.com.br\/wp-content\/uploads\/2020\/10\/filhote-cachorro-do-mato.jpg\",\"width\":1000,\"height\":600},{\"@type\":\"BreadcrumbList\",\"@id\":\"https:\/\/jornalfatosenoticias.com.br\/index.php\/2020\/10\/30\/filhote-de-cachorro-do-mato-se-perde-da-mae\/#breadcrumb\",\"itemListElement\":[{\"@type\":\"ListItem\",\"position\":1,\"name\":\"In\u00edcio\",\"item\":\"https:\/\/jornalfatosenoticias.com.br\/\"},{\"@type\":\"ListItem\",\"position\":2,\"name\":\"Filhote de cachorro-do-mato se perde da m\u00e3e\"}]},{\"@type\":\"WebSite\",\"@id\":\"https:\/\/jornalfatosenoticias.com.br\/#website\",\"url\":\"https:\/\/jornalfatosenoticias.com.br\/\",\"name\":\"Jornal Fatos e Not\u00edcias\",\"description\":\"Not\u00edcias em geral\",\"publisher\":{\"@id\":\"https:\/\/jornalfatosenoticias.com.br\/#organization\"},\"potentialAction\":[{\"@type\":\"SearchAction\",\"target\":{\"@type\":\"EntryPoint\",\"urlTemplate\":\"https:\/\/jornalfatosenoticias.com.br\/?s={search_term_string}\"},\"query-input\":{\"@type\":\"PropertyValueSpecification\",\"valueRequired\":true,\"valueName\":\"search_term_string\"}}],\"inLanguage\":\"pt-BR\"},{\"@type\":\"Organization\",\"@id\":\"https:\/\/jornalfatosenoticias.com.br\/#organization\",\"name\":\"Jornal Fatos e Not\u00edcias\",\"url\":\"https:\/\/jornalfatosenoticias.com.br\/\",\"logo\":{\"@type\":\"ImageObject\",\"inLanguage\":\"pt-BR\",\"@id\":\"https:\/\/jornalfatosenoticias.com.br\/#\/schema\/logo\/image\/\",\"url\":\"https:\/\/jornalfatosenoticias.com.br\/wp-content\/uploads\/2020\/02\/logo120.png\",\"contentUrl\":\"https:\/\/jornalfatosenoticias.com.br\/wp-content\/uploads\/2020\/02\/logo120.png\",\"width\":1227,\"height\":120,\"caption\":\"Jornal Fatos e Not\u00edcias\"},\"image\":{\"@id\":\"https:\/\/jornalfatosenoticias.com.br\/#\/schema\/logo\/image\/\"}},{\"@type\":\"Person\",\"@id\":\"https:\/\/jornalfatosenoticias.com.br\/#\/schema\/person\/d63837fa13ac8666eb9e74e0985d6f81\",\"name\":\"Luzimara Fernandes\",\"image\":{\"@type\":\"ImageObject\",\"inLanguage\":\"pt-BR\",\"@id\":\"https:\/\/jornalfatosenoticias.com.br\/#\/schema\/person\/image\/\",\"url\":\"https:\/\/jornalfatosenoticias.com.br\/wp-content\/uploads\/2025\/05\/EU_portal.jpg\",\"contentUrl\":\"https:\/\/jornalfatosenoticias.com.br\/wp-content\/uploads\/2025\/05\/EU_portal.jpg\",\"caption\":\"Luzimara Fernandes\"},\"description\":\"Jornalista MTB 2358-ES\",\"sameAs\":[\"https:\/\/jornalfatosenoticias.com.br\"],\"url\":\"https:\/\/jornalfatosenoticias.com.br\/index.php\/author\/luzimara\/\"}]}<\/script>\n<!-- \/ Yoast SEO plugin. -->","yoast_head_json":{"title":"Filhote de cachorro-do-mato se perde da m\u00e3e - Jornal Fatos e Not\u00edcias","robots":{"index":"index","follow":"follow","max-snippet":"max-snippet:-1","max-image-preview":"max-image-preview:large","max-video-preview":"max-video-preview:-1"},"canonical":"https:\/\/jornalfatosenoticias.com.br\/index.php\/2020\/10\/30\/filhote-de-cachorro-do-mato-se-perde-da-mae\/","og_locale":"pt_BR","og_type":"article","og_title":"Filhote de cachorro-do-mato se perde da m\u00e3e - Jornal Fatos e Not\u00edcias","og_description":"O filhotinho de cachorro-do-mato tem aproximadamente tr\u00eas meses de vida e pertence \u00e0 esp\u00e9cie Cerdocyon thous Um filhote de cachorro-do-mato que se perdeu de sua m\u00e3e foi recebido pelo Centro de Biodiversidade da Usipa (Cebus), em Ipatinga (MG) e est\u00e1 recebendo tratamento do m\u00e9dico veterin\u00e1rio L\u00e9lio Costa e Silva. O pequeno animal foi encontrado em [&hellip;]","og_url":"https:\/\/jornalfatosenoticias.com.br\/index.php\/2020\/10\/30\/filhote-de-cachorro-do-mato-se-perde-da-mae\/","og_site_name":"Jornal Fatos e Not\u00edcias","article_published_time":"2020-10-30T17:06:29+00:00","article_modified_time":"2020-10-30T17:06:33+00:00","og_image":[{"width":1000,"height":600,"url":"https:\/\/jornalfatosenoticias.com.br\/wp-content\/uploads\/2020\/10\/filhote-cachorro-do-mato.jpg","type":"image\/jpeg"}],"author":"Luzimara Fernandes","twitter_card":"summary_large_image","twitter_misc":{"Escrito por":"Luzimara Fernandes","Est. tempo de leitura":"2 minutos"},"schema":{"@context":"https:\/\/schema.org","@graph":[{"@type":"Article","@id":"https:\/\/jornalfatosenoticias.com.br\/index.php\/2020\/10\/30\/filhote-de-cachorro-do-mato-se-perde-da-mae\/#article","isPartOf":{"@id":"https:\/\/jornalfatosenoticias.com.br\/index.php\/2020\/10\/30\/filhote-de-cachorro-do-mato-se-perde-da-mae\/"},"author":{"name":"Luzimara Fernandes","@id":"https:\/\/jornalfatosenoticias.com.br\/#\/schema\/person\/d63837fa13ac8666eb9e74e0985d6f81"},"headline":"Filhote de cachorro-do-mato se perde da m\u00e3e","datePublished":"2020-10-30T17:06:29+00:00","dateModified":"2020-10-30T17:06:33+00:00","mainEntityOfPage":{"@id":"https:\/\/jornalfatosenoticias.com.br\/index.php\/2020\/10\/30\/filhote-de-cachorro-do-mato-se-perde-da-mae\/"},"wordCount":425,"commentCount":0,"publisher":{"@id":"https:\/\/jornalfatosenoticias.com.br\/#organization"},"image":{"@id":"https:\/\/jornalfatosenoticias.com.br\/index.php\/2020\/10\/30\/filhote-de-cachorro-do-mato-se-perde-da-mae\/#primaryimage"},"thumbnailUrl":"https:\/\/jornalfatosenoticias.com.br\/wp-content\/uploads\/2020\/10\/filhote-cachorro-do-mato.jpg","keywords":["cachorro-do-mato","c\u00e3es","filhote"],"articleSection":["Meio ambiente"],"inLanguage":"pt-BR","potentialAction":[{"@type":"CommentAction","name":"Comment","target":["https:\/\/jornalfatosenoticias.com.br\/index.php\/2020\/10\/30\/filhote-de-cachorro-do-mato-se-perde-da-mae\/#respond"]}]},{"@type":"WebPage","@id":"https:\/\/jornalfatosenoticias.com.br\/index.php\/2020\/10\/30\/filhote-de-cachorro-do-mato-se-perde-da-mae\/","url":"https:\/\/jornalfatosenoticias.com.br\/index.php\/2020\/10\/30\/filhote-de-cachorro-do-mato-se-perde-da-mae\/","name":"Filhote de cachorro-do-mato se perde da m\u00e3e - Jornal Fatos e Not\u00edcias","isPartOf":{"@id":"https:\/\/jornalfatosenoticias.com.br\/#website"},"primaryImageOfPage":{"@id":"https:\/\/jornalfatosenoticias.com.br\/index.php\/2020\/10\/30\/filhote-de-cachorro-do-mato-se-perde-da-mae\/#primaryimage"},"image":{"@id":"https:\/\/jornalfatosenoticias.com.br\/index.php\/2020\/10\/30\/filhote-de-cachorro-do-mato-se-perde-da-mae\/#primaryimage"},"thumbnailUrl":"https:\/\/jornalfatosenoticias.com.br\/wp-content\/uploads\/2020\/10\/filhote-cachorro-do-mato.jpg","datePublished":"2020-10-30T17:06:29+00:00","dateModified":"2020-10-30T17:06:33+00:00","breadcrumb":{"@id":"https:\/\/jornalfatosenoticias.com.br\/index.php\/2020\/10\/30\/filhote-de-cachorro-do-mato-se-perde-da-mae\/#breadcrumb"},"inLanguage":"pt-BR","potentialAction":[{"@type":"ReadAction","target":["https:\/\/jornalfatosenoticias.com.br\/index.php\/2020\/10\/30\/filhote-de-cachorro-do-mato-se-perde-da-mae\/"]}]},{"@type":"ImageObject","inLanguage":"pt-BR","@id":"https:\/\/jornalfatosenoticias.com.br\/index.php\/2020\/10\/30\/filhote-de-cachorro-do-mato-se-perde-da-mae\/#primaryimage","url":"https:\/\/jornalfatosenoticias.com.br\/wp-content\/uploads\/2020\/10\/filhote-cachorro-do-mato.jpg","contentUrl":"https:\/\/jornalfatosenoticias.com.br\/wp-content\/uploads\/2020\/10\/filhote-cachorro-do-mato.jpg","width":1000,"height":600},{"@type":"BreadcrumbList","@id":"https:\/\/jornalfatosenoticias.com.br\/index.php\/2020\/10\/30\/filhote-de-cachorro-do-mato-se-perde-da-mae\/#breadcrumb","itemListElement":[{"@type":"ListItem","position":1,"name":"In\u00edcio","item":"https:\/\/jornalfatosenoticias.com.br\/"},{"@type":"ListItem","position":2,"name":"Filhote de cachorro-do-mato se perde da m\u00e3e"}]},{"@type":"WebSite","@id":"https:\/\/jornalfatosenoticias.com.br\/#website","url":"https:\/\/jornalfatosenoticias.com.br\/","name":"Jornal Fatos e Not\u00edcias","description":"Not\u00edcias em geral","publisher":{"@id":"https:\/\/jornalfatosenoticias.com.br\/#organization"},"potentialAction":[{"@type":"SearchAction","target":{"@type":"EntryPoint","urlTemplate":"https:\/\/jornalfatosenoticias.com.br\/?s={search_term_string}"},"query-input":{"@type":"PropertyValueSpecification","valueRequired":true,"valueName":"search_term_string"}}],"inLanguage":"pt-BR"},{"@type":"Organization","@id":"https:\/\/jornalfatosenoticias.com.br\/#organization","name":"Jornal Fatos e Not\u00edcias","url":"https:\/\/jornalfatosenoticias.com.br\/","logo":{"@type":"ImageObject","inLanguage":"pt-BR","@id":"https:\/\/jornalfatosenoticias.com.br\/#\/schema\/logo\/image\/","url":"https:\/\/jornalfatosenoticias.com.br\/wp-content\/uploads\/2020\/02\/logo120.png","contentUrl":"https:\/\/jornalfatosenoticias.com.br\/wp-content\/uploads\/2020\/02\/logo120.png","width":1227,"height":120,"caption":"Jornal Fatos e Not\u00edcias"},"image":{"@id":"https:\/\/jornalfatosenoticias.com.br\/#\/schema\/logo\/image\/"}},{"@type":"Person","@id":"https:\/\/jornalfatosenoticias.com.br\/#\/schema\/person\/d63837fa13ac8666eb9e74e0985d6f81","name":"Luzimara Fernandes","image":{"@type":"ImageObject","inLanguage":"pt-BR","@id":"https:\/\/jornalfatosenoticias.com.br\/#\/schema\/person\/image\/","url":"https:\/\/jornalfatosenoticias.com.br\/wp-content\/uploads\/2025\/05\/EU_portal.jpg","contentUrl":"https:\/\/jornalfatosenoticias.com.br\/wp-content\/uploads\/2025\/05\/EU_portal.jpg","caption":"Luzimara Fernandes"},"description":"Jornalista MTB 2358-ES","sameAs":["https:\/\/jornalfatosenoticias.com.br"],"url":"https:\/\/jornalfatosenoticias.com.br\/index.php\/author\/luzimara\/"}]}},"cc_featured_image_caption":{"caption_text":"(Foto: \u00a9Usipa\/Divulga\u00e7\u00e3o) ","source_text":"","source_url":""},"jetpack_featured_media_url":"https:\/\/jornalfatosenoticias.com.br\/wp-content\/uploads\/2020\/10\/filhote-cachorro-do-mato.jpg","_links":{"self":[{"href":"https:\/\/jornalfatosenoticias.com.br\/index.php\/wp-json\/wp\/v2\/posts\/10599","targetHints":{"allow":["GET"]}}],"collection":[{"href":"https:\/\/jornalfatosenoticias.com.br\/index.php\/wp-json\/wp\/v2\/posts"}],"about":[{"href":"https:\/\/jornalfatosenoticias.com.br\/index.php\/wp-json\/wp\/v2\/types\/post"}],"author":[{"embeddable":true,"href":"https:\/\/jornalfatosenoticias.com.br\/index.php\/wp-json\/wp\/v2\/users\/2"}],"replies":[{"embeddable":true,"href":"https:\/\/jornalfatosenoticias.com.br\/index.php\/wp-json\/wp\/v2\/comments?post=10599"}],"version-history":[{"count":0,"href":"https:\/\/jornalfatosenoticias.com.br\/index.php\/wp-json\/wp\/v2\/posts\/10599\/revisions"}],"wp:featuredmedia":[{"embeddable":true,"href":"https:\/\/jornalfatosenoticias.com.br\/index.php\/wp-json\/wp\/v2\/media\/10600"}],"wp:attachment":[{"href":"https:\/\/jornalfatosenoticias.com.br\/index.php\/wp-json\/wp\/v2\/media?parent=10599"}],"wp:term":[{"taxonomy":"category","embeddable":true,"href":"https:\/\/jornalfatosenoticias.com.br\/index.php\/wp-json\/wp\/v2\/categories?post=10599"},{"taxonomy":"post_tag","embeddable":true,"href":"https:\/\/jornalfatosenoticias.com.br\/index.php\/wp-json\/wp\/v2\/tags?post=10599"}],"curies":[{"name":"wp","href":"https:\/\/api.w.org\/{rel}","templated":true}]}}