{"id":10657,"date":"2020-11-03T10:29:33","date_gmt":"2020-11-03T13:29:33","guid":{"rendered":"https:\/\/jornalfatosenoticias.com.br\/?p=10657"},"modified":"2020-11-03T10:29:36","modified_gmt":"2020-11-03T13:29:36","slug":"cientistas-da-ufrj-dizem-que-reabertura-de-escolas-e-imprescindivel","status":"publish","type":"post","link":"https:\/\/jornalfatosenoticias.com.br\/index.php\/2020\/11\/03\/cientistas-da-ufrj-dizem-que-reabertura-de-escolas-e-imprescindivel\/","title":{"rendered":"Cientistas da UFRJ dizem que reabertura de escolas \u00e9 imprescind\u00edvel"},"content":{"rendered":"\n<h6 class=\"wp-block-heading\"><em>Eles alertam que pode haver efeitos danosos para toda uma gera\u00e7\u00e3o<\/em><\/h6>\n\n\n\n<p>Cientistas da Universidade Federal do Rio de Janeiro (UFRJ) defenderam a reabertura das escolas no estado. Em nota t\u00e9cnica emitida na \u00faltima sexta-feira (30), os participantes do Grupo de Trabalho (GT) Multidisciplinar para Enfrentamento da Covid-19 afirmam que a volta \u00e0s aulas presenciais \u00e9 necess\u00e1ria e imprescind\u00edvel.<br>No comunicado, eles refor\u00e7am, por\u00e9m, que o retorno \u00e0s aulas deve ocorrer de forma a minimizar os riscos de exposi\u00e7\u00e3o, tanto das crian\u00e7as e adolescentes quanto dos professores e funcion\u00e1rios, aos riscos de cont\u00e1gio do novo coronav\u00edrus. A informa\u00e7\u00e3o foi divulgada pela assessoria da universidade, em nota publicada na p\u00e1gina da institui\u00e7\u00e3o na internet.<br>\u201cPrecisamos agir para que o retorno \u00e0s aulas aconte\u00e7a o mais breve e da maneira mais segura poss\u00edvel para alunos e profissionais envolvidos. Conclamamos as autoridades federal, estadual e municipais a efetuar os procedimentos necess\u00e1rios para o retorno presencial no menor prazo poss\u00edvel, asseguradas as condi\u00e7\u00f5es de seguran\u00e7a \u00e0 sa\u00fade necess\u00e1rias a todos os envolvidos. A din\u00e2mica do dia a dia da comunidade escolar precisa ser resgatada, sob pena de termos efeitos mais danosos e irrevers\u00edveis sobre as perspectivas de vida de toda uma gera\u00e7\u00e3o, principalmente os mais vulner\u00e1veis\u201d, destacou o grupo de pesquisadores.<br>Na defesa do retorno \u00e0s aulas, ap\u00f3s examinar dados existentes at\u00e9 o momento, os cientistas da UFRJ avaliaram que as escolas n\u00e3o parecem desempenhar importante papel na transmiss\u00e3o do novo coronav\u00edrus.<br>\u201cEstudos realizados em fevereiro e mar\u00e7o, ainda antes das medidas de isolamento social serem implementadas (portanto sem isolamento) j\u00e1 sinalizavam algumas li\u00e7\u00f5es: existem poucos relatos de transmiss\u00e3o a partir de crian\u00e7as, levando a grandes surtos, especialmente no cen\u00e1rio escolar, e a transmiss\u00e3o na comunidade de crian\u00e7as mais velhas \u00e9 maior\u201d, afirmam.<\/p>\n\n\n\n<h4 class=\"wp-block-heading\">Transmiss\u00e3o<\/h4>\n\n\n\n<p>Os participantes do Grupo de Trabalho Multidisciplinar para Enfrentamento da Covid-19 destacaram ainda estudos segundo os quais o papel do adulto na cadeia de transmiss\u00e3o na escola \u00e9 significativamente mais expressivo, como em Singapura, onde foram avaliados tr\u00eas casos que se apresentaram sintom\u00e1ticos dentro da escola: duas crian\u00e7as de cinco e oito anos adoeceram sem transmiss\u00e3o secund\u00e1ria, enquanto um adulto adoeceu, transmitindo para mais 16 adultos dentro da escola, que levaram o v\u00edrus, em seguida, para 11 familiares.<br>\u201cA experi\u00eancia internacional nos ensina que existe um caminho para a reabertura de escolas, atrav\u00e9s da implementa\u00e7\u00e3o de medidas para minimizar o risco de transmiss\u00e3o viral. Embora a faixa et\u00e1ria pedi\u00e1trica seja menos suscet\u00edvel \u00e0s formas graves da covid-19, existe risco de a crian\u00e7a ser infectada em qualquer idade, por isso, as medidas de mitiga\u00e7\u00e3o n\u00e3o podem ser negligenciadas sob nenhuma hip\u00f3tese\u201d, salientaram os integrantes do GT.<br>Segundo os pesquisadores, ap\u00f3s sete meses com as escolas fechadas, \u00e9 preciso reavaliar os benef\u00edcios e os efeitos colaterais da medida, como o fato de que a evas\u00e3o escolar corre o risco de aumentar de forma irrevers\u00edvel.<br>Coordenado pelo pesquisador Roberto Medronho, o GT destacou que cabe aos professores, pais e respons\u00e1veis dar o exemplo sobre o uso de m\u00e1scaras, higieniza\u00e7\u00e3o das m\u00e3os e distanciamento, al\u00e9m de enfatizar que &#8220;ningu\u00e9m deve ir \u00e0 escola ao menor sinal de doen\u00e7a\u201d.<br>De acordo com a nota t\u00e9cnica, existem tr\u00eas n\u00edveis de prote\u00e7\u00e3o da comunidade escolar contra a entrada e dissemina\u00e7\u00e3o do v\u00edrus que precisam ser considerados: minimizar a importa\u00e7\u00e3o do v\u00edrus para dentro da escola; minimizar a transmiss\u00e3o do v\u00edrus dentro da escola, e minimizar o n\u00famero de contactantes de um caso positivo dentro da escola.<\/p>\n\n\n\n<p>A \u00edntegra da <strong><a href=\"http:\/\/conexao.ufrj.br\/wp-content\/uploads\/sites\/6\/2020\/10\/NotaTecnicaEscolas30102020.pdf\" target=\"_blank\" rel=\"noreferrer noopener\">nota t\u00e9cnica<\/a><\/strong> pode ser consultada na p\u00e1gina da UFRJ na internet.<\/p>\n\n\n\n<p><strong><em>Cr\u00e9dito da foto:<\/em><\/strong> <em>Reuters\/Amanda Perobelli\/Direitos Reservados<\/em><\/p>\n\n\n\n<p><strong><em>Fonte: <a href=\"https:\/\/agenciabrasil.ebc.com.br\/educacao\/noticia\/2020-10\/cientistas-da-ufrj-dizem-que-reabertura-de-escolas-e-imprescindivel\">Ag\u00eancia Brasil<\/a><\/em><\/strong><\/p>\n","protected":false},"excerpt":{"rendered":"<p>Eles alertam que pode haver efeitos danosos para toda uma gera\u00e7\u00e3o Cientistas da Universidade Federal do Rio de Janeiro (UFRJ) defenderam a reabertura das escolas no estado. Em nota t\u00e9cnica emitida na \u00faltima sexta-feira (30), os participantes do Grupo de Trabalho (GT) Multidisciplinar para Enfrentamento da Covid-19 afirmam que a volta \u00e0s aulas presenciais \u00e9 [&hellip;]<\/p>\n","protected":false},"author":2,"featured_media":10658,"comment_status":"open","ping_status":"open","sticky":false,"template":"","format":"standard","meta":{"footnotes":""},"categories":[7],"tags":[73,5677,2885,4692],"class_list":["post-10657","post","type-post","status-publish","format-standard","has-post-thumbnail","hentry","category-educacao","tag-coronavirus","tag-reabertura-de-escolas","tag-ufrj","tag-volta-as-aulas"],"yoast_head":"<!-- This site is optimized with the Yoast SEO plugin v26.5 - https:\/\/yoast.com\/wordpress\/plugins\/seo\/ -->\n<title>Cientistas da UFRJ dizem que reabertura de escolas \u00e9 imprescind\u00edvel - Jornal Fatos e Not\u00edcias<\/title>\n<meta name=\"robots\" content=\"index, follow, max-snippet:-1, max-image-preview:large, max-video-preview:-1\" \/>\n<link rel=\"canonical\" href=\"https:\/\/jornalfatosenoticias.com.br\/index.php\/2020\/11\/03\/cientistas-da-ufrj-dizem-que-reabertura-de-escolas-e-imprescindivel\/\" \/>\n<meta property=\"og:locale\" content=\"pt_BR\" \/>\n<meta property=\"og:type\" content=\"article\" \/>\n<meta property=\"og:title\" content=\"Cientistas da UFRJ dizem que reabertura de escolas \u00e9 imprescind\u00edvel - Jornal Fatos e Not\u00edcias\" \/>\n<meta property=\"og:description\" content=\"Eles alertam que pode haver efeitos danosos para toda uma gera\u00e7\u00e3o Cientistas da Universidade Federal do Rio de Janeiro (UFRJ) defenderam a reabertura das escolas no estado. Em nota t\u00e9cnica emitida na \u00faltima sexta-feira (30), os participantes do Grupo de Trabalho (GT) Multidisciplinar para Enfrentamento da Covid-19 afirmam que a volta \u00e0s aulas presenciais \u00e9 [&hellip;]\" \/>\n<meta property=\"og:url\" content=\"https:\/\/jornalfatosenoticias.com.br\/index.php\/2020\/11\/03\/cientistas-da-ufrj-dizem-que-reabertura-de-escolas-e-imprescindivel\/\" \/>\n<meta property=\"og:site_name\" content=\"Jornal Fatos e Not\u00edcias\" \/>\n<meta property=\"article:published_time\" content=\"2020-11-03T13:29:33+00:00\" \/>\n<meta property=\"article:modified_time\" content=\"2020-11-03T13:29:36+00:00\" \/>\n<meta property=\"og:image\" content=\"https:\/\/jornalfatosenoticias.com.br\/wp-content\/uploads\/2020\/11\/sala_de_aula_covid.jpg\" \/>\n\t<meta property=\"og:image:width\" content=\"1000\" \/>\n\t<meta property=\"og:image:height\" content=\"598\" \/>\n\t<meta property=\"og:image:type\" content=\"image\/jpeg\" \/>\n<meta name=\"author\" content=\"Luzimara Fernandes\" \/>\n<meta name=\"twitter:card\" content=\"summary_large_image\" \/>\n<meta name=\"twitter:label1\" content=\"Escrito por\" \/>\n\t<meta name=\"twitter:data1\" content=\"Luzimara Fernandes\" \/>\n\t<meta name=\"twitter:label2\" content=\"Est. tempo de leitura\" \/>\n\t<meta name=\"twitter:data2\" content=\"3 minutos\" \/>\n<script type=\"application\/ld+json\" class=\"yoast-schema-graph\">{\"@context\":\"https:\/\/schema.org\",\"@graph\":[{\"@type\":\"Article\",\"@id\":\"https:\/\/jornalfatosenoticias.com.br\/index.php\/2020\/11\/03\/cientistas-da-ufrj-dizem-que-reabertura-de-escolas-e-imprescindivel\/#article\",\"isPartOf\":{\"@id\":\"https:\/\/jornalfatosenoticias.com.br\/index.php\/2020\/11\/03\/cientistas-da-ufrj-dizem-que-reabertura-de-escolas-e-imprescindivel\/\"},\"author\":{\"name\":\"Luzimara Fernandes\",\"@id\":\"https:\/\/jornalfatosenoticias.com.br\/#\/schema\/person\/d63837fa13ac8666eb9e74e0985d6f81\"},\"headline\":\"Cientistas da UFRJ dizem que reabertura de escolas \u00e9 imprescind\u00edvel\",\"datePublished\":\"2020-11-03T13:29:33+00:00\",\"dateModified\":\"2020-11-03T13:29:36+00:00\",\"mainEntityOfPage\":{\"@id\":\"https:\/\/jornalfatosenoticias.com.br\/index.php\/2020\/11\/03\/cientistas-da-ufrj-dizem-que-reabertura-de-escolas-e-imprescindivel\/\"},\"wordCount\":676,\"commentCount\":0,\"publisher\":{\"@id\":\"https:\/\/jornalfatosenoticias.com.br\/#organization\"},\"image\":{\"@id\":\"https:\/\/jornalfatosenoticias.com.br\/index.php\/2020\/11\/03\/cientistas-da-ufrj-dizem-que-reabertura-de-escolas-e-imprescindivel\/#primaryimage\"},\"thumbnailUrl\":\"https:\/\/jornalfatosenoticias.com.br\/wp-content\/uploads\/2020\/11\/sala_de_aula_covid.jpg\",\"keywords\":[\"coronav\u00edrus\",\"reabertura de escolas\",\"UFRJ\",\"volta \u00e0s aulas\"],\"articleSection\":[\"Educa\u00e7\u00e3o\"],\"inLanguage\":\"pt-BR\",\"potentialAction\":[{\"@type\":\"CommentAction\",\"name\":\"Comment\",\"target\":[\"https:\/\/jornalfatosenoticias.com.br\/index.php\/2020\/11\/03\/cientistas-da-ufrj-dizem-que-reabertura-de-escolas-e-imprescindivel\/#respond\"]}]},{\"@type\":\"WebPage\",\"@id\":\"https:\/\/jornalfatosenoticias.com.br\/index.php\/2020\/11\/03\/cientistas-da-ufrj-dizem-que-reabertura-de-escolas-e-imprescindivel\/\",\"url\":\"https:\/\/jornalfatosenoticias.com.br\/index.php\/2020\/11\/03\/cientistas-da-ufrj-dizem-que-reabertura-de-escolas-e-imprescindivel\/\",\"name\":\"Cientistas da UFRJ dizem que reabertura de escolas \u00e9 imprescind\u00edvel - Jornal Fatos e Not\u00edcias\",\"isPartOf\":{\"@id\":\"https:\/\/jornalfatosenoticias.com.br\/#website\"},\"primaryImageOfPage\":{\"@id\":\"https:\/\/jornalfatosenoticias.com.br\/index.php\/2020\/11\/03\/cientistas-da-ufrj-dizem-que-reabertura-de-escolas-e-imprescindivel\/#primaryimage\"},\"image\":{\"@id\":\"https:\/\/jornalfatosenoticias.com.br\/index.php\/2020\/11\/03\/cientistas-da-ufrj-dizem-que-reabertura-de-escolas-e-imprescindivel\/#primaryimage\"},\"thumbnailUrl\":\"https:\/\/jornalfatosenoticias.com.br\/wp-content\/uploads\/2020\/11\/sala_de_aula_covid.jpg\",\"datePublished\":\"2020-11-03T13:29:33+00:00\",\"dateModified\":\"2020-11-03T13:29:36+00:00\",\"breadcrumb\":{\"@id\":\"https:\/\/jornalfatosenoticias.com.br\/index.php\/2020\/11\/03\/cientistas-da-ufrj-dizem-que-reabertura-de-escolas-e-imprescindivel\/#breadcrumb\"},\"inLanguage\":\"pt-BR\",\"potentialAction\":[{\"@type\":\"ReadAction\",\"target\":[\"https:\/\/jornalfatosenoticias.com.br\/index.php\/2020\/11\/03\/cientistas-da-ufrj-dizem-que-reabertura-de-escolas-e-imprescindivel\/\"]}]},{\"@type\":\"ImageObject\",\"inLanguage\":\"pt-BR\",\"@id\":\"https:\/\/jornalfatosenoticias.com.br\/index.php\/2020\/11\/03\/cientistas-da-ufrj-dizem-que-reabertura-de-escolas-e-imprescindivel\/#primaryimage\",\"url\":\"https:\/\/jornalfatosenoticias.com.br\/wp-content\/uploads\/2020\/11\/sala_de_aula_covid.jpg\",\"contentUrl\":\"https:\/\/jornalfatosenoticias.com.br\/wp-content\/uploads\/2020\/11\/sala_de_aula_covid.jpg\",\"width\":1000,\"height\":598,\"caption\":\"Sala de aula vazia\"},{\"@type\":\"BreadcrumbList\",\"@id\":\"https:\/\/jornalfatosenoticias.com.br\/index.php\/2020\/11\/03\/cientistas-da-ufrj-dizem-que-reabertura-de-escolas-e-imprescindivel\/#breadcrumb\",\"itemListElement\":[{\"@type\":\"ListItem\",\"position\":1,\"name\":\"In\u00edcio\",\"item\":\"https:\/\/jornalfatosenoticias.com.br\/\"},{\"@type\":\"ListItem\",\"position\":2,\"name\":\"Cientistas da UFRJ dizem que reabertura de escolas \u00e9 imprescind\u00edvel\"}]},{\"@type\":\"WebSite\",\"@id\":\"https:\/\/jornalfatosenoticias.com.br\/#website\",\"url\":\"https:\/\/jornalfatosenoticias.com.br\/\",\"name\":\"Jornal Fatos e Not\u00edcias\",\"description\":\"Not\u00edcias em geral\",\"publisher\":{\"@id\":\"https:\/\/jornalfatosenoticias.com.br\/#organization\"},\"potentialAction\":[{\"@type\":\"SearchAction\",\"target\":{\"@type\":\"EntryPoint\",\"urlTemplate\":\"https:\/\/jornalfatosenoticias.com.br\/?s={search_term_string}\"},\"query-input\":{\"@type\":\"PropertyValueSpecification\",\"valueRequired\":true,\"valueName\":\"search_term_string\"}}],\"inLanguage\":\"pt-BR\"},{\"@type\":\"Organization\",\"@id\":\"https:\/\/jornalfatosenoticias.com.br\/#organization\",\"name\":\"Jornal Fatos e Not\u00edcias\",\"url\":\"https:\/\/jornalfatosenoticias.com.br\/\",\"logo\":{\"@type\":\"ImageObject\",\"inLanguage\":\"pt-BR\",\"@id\":\"https:\/\/jornalfatosenoticias.com.br\/#\/schema\/logo\/image\/\",\"url\":\"https:\/\/jornalfatosenoticias.com.br\/wp-content\/uploads\/2020\/02\/logo120.png\",\"contentUrl\":\"https:\/\/jornalfatosenoticias.com.br\/wp-content\/uploads\/2020\/02\/logo120.png\",\"width\":1227,\"height\":120,\"caption\":\"Jornal Fatos e Not\u00edcias\"},\"image\":{\"@id\":\"https:\/\/jornalfatosenoticias.com.br\/#\/schema\/logo\/image\/\"}},{\"@type\":\"Person\",\"@id\":\"https:\/\/jornalfatosenoticias.com.br\/#\/schema\/person\/d63837fa13ac8666eb9e74e0985d6f81\",\"name\":\"Luzimara Fernandes\",\"image\":{\"@type\":\"ImageObject\",\"inLanguage\":\"pt-BR\",\"@id\":\"https:\/\/jornalfatosenoticias.com.br\/#\/schema\/person\/image\/\",\"url\":\"https:\/\/jornalfatosenoticias.com.br\/wp-content\/uploads\/2025\/05\/EU_portal.jpg\",\"contentUrl\":\"https:\/\/jornalfatosenoticias.com.br\/wp-content\/uploads\/2025\/05\/EU_portal.jpg\",\"caption\":\"Luzimara Fernandes\"},\"description\":\"Jornalista MTB 2358-ES\",\"sameAs\":[\"https:\/\/jornalfatosenoticias.com.br\"],\"url\":\"https:\/\/jornalfatosenoticias.com.br\/index.php\/author\/luzimara\/\"}]}<\/script>\n<!-- \/ Yoast SEO plugin. -->","yoast_head_json":{"title":"Cientistas da UFRJ dizem que reabertura de escolas \u00e9 imprescind\u00edvel - Jornal Fatos e Not\u00edcias","robots":{"index":"index","follow":"follow","max-snippet":"max-snippet:-1","max-image-preview":"max-image-preview:large","max-video-preview":"max-video-preview:-1"},"canonical":"https:\/\/jornalfatosenoticias.com.br\/index.php\/2020\/11\/03\/cientistas-da-ufrj-dizem-que-reabertura-de-escolas-e-imprescindivel\/","og_locale":"pt_BR","og_type":"article","og_title":"Cientistas da UFRJ dizem que reabertura de escolas \u00e9 imprescind\u00edvel - Jornal Fatos e Not\u00edcias","og_description":"Eles alertam que pode haver efeitos danosos para toda uma gera\u00e7\u00e3o Cientistas da Universidade Federal do Rio de Janeiro (UFRJ) defenderam a reabertura das escolas no estado. Em nota t\u00e9cnica emitida na \u00faltima sexta-feira (30), os participantes do Grupo de Trabalho (GT) Multidisciplinar para Enfrentamento da Covid-19 afirmam que a volta \u00e0s aulas presenciais \u00e9 [&hellip;]","og_url":"https:\/\/jornalfatosenoticias.com.br\/index.php\/2020\/11\/03\/cientistas-da-ufrj-dizem-que-reabertura-de-escolas-e-imprescindivel\/","og_site_name":"Jornal Fatos e Not\u00edcias","article_published_time":"2020-11-03T13:29:33+00:00","article_modified_time":"2020-11-03T13:29:36+00:00","og_image":[{"width":1000,"height":598,"url":"https:\/\/jornalfatosenoticias.com.br\/wp-content\/uploads\/2020\/11\/sala_de_aula_covid.jpg","type":"image\/jpeg"}],"author":"Luzimara Fernandes","twitter_card":"summary_large_image","twitter_misc":{"Escrito por":"Luzimara Fernandes","Est. tempo de leitura":"3 minutos"},"schema":{"@context":"https:\/\/schema.org","@graph":[{"@type":"Article","@id":"https:\/\/jornalfatosenoticias.com.br\/index.php\/2020\/11\/03\/cientistas-da-ufrj-dizem-que-reabertura-de-escolas-e-imprescindivel\/#article","isPartOf":{"@id":"https:\/\/jornalfatosenoticias.com.br\/index.php\/2020\/11\/03\/cientistas-da-ufrj-dizem-que-reabertura-de-escolas-e-imprescindivel\/"},"author":{"name":"Luzimara Fernandes","@id":"https:\/\/jornalfatosenoticias.com.br\/#\/schema\/person\/d63837fa13ac8666eb9e74e0985d6f81"},"headline":"Cientistas da UFRJ dizem que reabertura de escolas \u00e9 imprescind\u00edvel","datePublished":"2020-11-03T13:29:33+00:00","dateModified":"2020-11-03T13:29:36+00:00","mainEntityOfPage":{"@id":"https:\/\/jornalfatosenoticias.com.br\/index.php\/2020\/11\/03\/cientistas-da-ufrj-dizem-que-reabertura-de-escolas-e-imprescindivel\/"},"wordCount":676,"commentCount":0,"publisher":{"@id":"https:\/\/jornalfatosenoticias.com.br\/#organization"},"image":{"@id":"https:\/\/jornalfatosenoticias.com.br\/index.php\/2020\/11\/03\/cientistas-da-ufrj-dizem-que-reabertura-de-escolas-e-imprescindivel\/#primaryimage"},"thumbnailUrl":"https:\/\/jornalfatosenoticias.com.br\/wp-content\/uploads\/2020\/11\/sala_de_aula_covid.jpg","keywords":["coronav\u00edrus","reabertura de escolas","UFRJ","volta \u00e0s aulas"],"articleSection":["Educa\u00e7\u00e3o"],"inLanguage":"pt-BR","potentialAction":[{"@type":"CommentAction","name":"Comment","target":["https:\/\/jornalfatosenoticias.com.br\/index.php\/2020\/11\/03\/cientistas-da-ufrj-dizem-que-reabertura-de-escolas-e-imprescindivel\/#respond"]}]},{"@type":"WebPage","@id":"https:\/\/jornalfatosenoticias.com.br\/index.php\/2020\/11\/03\/cientistas-da-ufrj-dizem-que-reabertura-de-escolas-e-imprescindivel\/","url":"https:\/\/jornalfatosenoticias.com.br\/index.php\/2020\/11\/03\/cientistas-da-ufrj-dizem-que-reabertura-de-escolas-e-imprescindivel\/","name":"Cientistas da UFRJ dizem que reabertura de escolas \u00e9 imprescind\u00edvel - Jornal Fatos e Not\u00edcias","isPartOf":{"@id":"https:\/\/jornalfatosenoticias.com.br\/#website"},"primaryImageOfPage":{"@id":"https:\/\/jornalfatosenoticias.com.br\/index.php\/2020\/11\/03\/cientistas-da-ufrj-dizem-que-reabertura-de-escolas-e-imprescindivel\/#primaryimage"},"image":{"@id":"https:\/\/jornalfatosenoticias.com.br\/index.php\/2020\/11\/03\/cientistas-da-ufrj-dizem-que-reabertura-de-escolas-e-imprescindivel\/#primaryimage"},"thumbnailUrl":"https:\/\/jornalfatosenoticias.com.br\/wp-content\/uploads\/2020\/11\/sala_de_aula_covid.jpg","datePublished":"2020-11-03T13:29:33+00:00","dateModified":"2020-11-03T13:29:36+00:00","breadcrumb":{"@id":"https:\/\/jornalfatosenoticias.com.br\/index.php\/2020\/11\/03\/cientistas-da-ufrj-dizem-que-reabertura-de-escolas-e-imprescindivel\/#breadcrumb"},"inLanguage":"pt-BR","potentialAction":[{"@type":"ReadAction","target":["https:\/\/jornalfatosenoticias.com.br\/index.php\/2020\/11\/03\/cientistas-da-ufrj-dizem-que-reabertura-de-escolas-e-imprescindivel\/"]}]},{"@type":"ImageObject","inLanguage":"pt-BR","@id":"https:\/\/jornalfatosenoticias.com.br\/index.php\/2020\/11\/03\/cientistas-da-ufrj-dizem-que-reabertura-de-escolas-e-imprescindivel\/#primaryimage","url":"https:\/\/jornalfatosenoticias.com.br\/wp-content\/uploads\/2020\/11\/sala_de_aula_covid.jpg","contentUrl":"https:\/\/jornalfatosenoticias.com.br\/wp-content\/uploads\/2020\/11\/sala_de_aula_covid.jpg","width":1000,"height":598,"caption":"Sala de aula vazia"},{"@type":"BreadcrumbList","@id":"https:\/\/jornalfatosenoticias.com.br\/index.php\/2020\/11\/03\/cientistas-da-ufrj-dizem-que-reabertura-de-escolas-e-imprescindivel\/#breadcrumb","itemListElement":[{"@type":"ListItem","position":1,"name":"In\u00edcio","item":"https:\/\/jornalfatosenoticias.com.br\/"},{"@type":"ListItem","position":2,"name":"Cientistas da UFRJ dizem que reabertura de escolas \u00e9 imprescind\u00edvel"}]},{"@type":"WebSite","@id":"https:\/\/jornalfatosenoticias.com.br\/#website","url":"https:\/\/jornalfatosenoticias.com.br\/","name":"Jornal Fatos e Not\u00edcias","description":"Not\u00edcias em geral","publisher":{"@id":"https:\/\/jornalfatosenoticias.com.br\/#organization"},"potentialAction":[{"@type":"SearchAction","target":{"@type":"EntryPoint","urlTemplate":"https:\/\/jornalfatosenoticias.com.br\/?s={search_term_string}"},"query-input":{"@type":"PropertyValueSpecification","valueRequired":true,"valueName":"search_term_string"}}],"inLanguage":"pt-BR"},{"@type":"Organization","@id":"https:\/\/jornalfatosenoticias.com.br\/#organization","name":"Jornal Fatos e Not\u00edcias","url":"https:\/\/jornalfatosenoticias.com.br\/","logo":{"@type":"ImageObject","inLanguage":"pt-BR","@id":"https:\/\/jornalfatosenoticias.com.br\/#\/schema\/logo\/image\/","url":"https:\/\/jornalfatosenoticias.com.br\/wp-content\/uploads\/2020\/02\/logo120.png","contentUrl":"https:\/\/jornalfatosenoticias.com.br\/wp-content\/uploads\/2020\/02\/logo120.png","width":1227,"height":120,"caption":"Jornal Fatos e Not\u00edcias"},"image":{"@id":"https:\/\/jornalfatosenoticias.com.br\/#\/schema\/logo\/image\/"}},{"@type":"Person","@id":"https:\/\/jornalfatosenoticias.com.br\/#\/schema\/person\/d63837fa13ac8666eb9e74e0985d6f81","name":"Luzimara Fernandes","image":{"@type":"ImageObject","inLanguage":"pt-BR","@id":"https:\/\/jornalfatosenoticias.com.br\/#\/schema\/person\/image\/","url":"https:\/\/jornalfatosenoticias.com.br\/wp-content\/uploads\/2025\/05\/EU_portal.jpg","contentUrl":"https:\/\/jornalfatosenoticias.com.br\/wp-content\/uploads\/2025\/05\/EU_portal.jpg","caption":"Luzimara Fernandes"},"description":"Jornalista MTB 2358-ES","sameAs":["https:\/\/jornalfatosenoticias.com.br"],"url":"https:\/\/jornalfatosenoticias.com.br\/index.php\/author\/luzimara\/"}]}},"cc_featured_image_caption":{"caption_text":"","source_text":"","source_url":""},"jetpack_featured_media_url":"https:\/\/jornalfatosenoticias.com.br\/wp-content\/uploads\/2020\/11\/sala_de_aula_covid.jpg","_links":{"self":[{"href":"https:\/\/jornalfatosenoticias.com.br\/index.php\/wp-json\/wp\/v2\/posts\/10657","targetHints":{"allow":["GET"]}}],"collection":[{"href":"https:\/\/jornalfatosenoticias.com.br\/index.php\/wp-json\/wp\/v2\/posts"}],"about":[{"href":"https:\/\/jornalfatosenoticias.com.br\/index.php\/wp-json\/wp\/v2\/types\/post"}],"author":[{"embeddable":true,"href":"https:\/\/jornalfatosenoticias.com.br\/index.php\/wp-json\/wp\/v2\/users\/2"}],"replies":[{"embeddable":true,"href":"https:\/\/jornalfatosenoticias.com.br\/index.php\/wp-json\/wp\/v2\/comments?post=10657"}],"version-history":[{"count":0,"href":"https:\/\/jornalfatosenoticias.com.br\/index.php\/wp-json\/wp\/v2\/posts\/10657\/revisions"}],"wp:featuredmedia":[{"embeddable":true,"href":"https:\/\/jornalfatosenoticias.com.br\/index.php\/wp-json\/wp\/v2\/media\/10658"}],"wp:attachment":[{"href":"https:\/\/jornalfatosenoticias.com.br\/index.php\/wp-json\/wp\/v2\/media?parent=10657"}],"wp:term":[{"taxonomy":"category","embeddable":true,"href":"https:\/\/jornalfatosenoticias.com.br\/index.php\/wp-json\/wp\/v2\/categories?post=10657"},{"taxonomy":"post_tag","embeddable":true,"href":"https:\/\/jornalfatosenoticias.com.br\/index.php\/wp-json\/wp\/v2\/tags?post=10657"}],"curies":[{"name":"wp","href":"https:\/\/api.w.org\/{rel}","templated":true}]}}