{"id":10721,"date":"2020-11-04T10:34:46","date_gmt":"2020-11-04T13:34:46","guid":{"rendered":"https:\/\/jornalfatosenoticias.com.br\/?p=10721"},"modified":"2020-11-04T10:36:28","modified_gmt":"2020-11-04T13:36:28","slug":"aquecimento-de-2c-liberaria-230-bilhoes-de-toneladas-de-carbono-do-solo","status":"publish","type":"post","link":"https:\/\/jornalfatosenoticias.com.br\/index.php\/2020\/11\/04\/aquecimento-de-2c-liberaria-230-bilhoes-de-toneladas-de-carbono-do-solo\/","title":{"rendered":"Aquecimento de 2\u00b0C liberaria 230 bilh\u00f5es de toneladas de carbono do solo"},"content":{"rendered":"\n<h6 class=\"wp-block-heading\"><em>Essa estimativa \u00e9 mais de quatro vezes o total das emiss\u00f5es da China e mais que o dobro das emiss\u00f5es dos Estados Unidos nos \u00faltimos 100 anos<\/em><\/h6>\n\n\n\n<p>Um novo estudo liderado por pesquisadores da Universidade de Exeter, na Inglaterra, revela que um aquecimento global de 2\u00b0C faria com que cerca de 230 bilh\u00f5es de toneladas de carbono fossem liberadas do solo da Terra.<br>Segundo a pesquisa, publicada na segunda-feira (2) na revista Nature Communications, os solos globais cont\u00eam de duas a tr\u00eas vezes mais carbono do que a atmosfera, e temperaturas mais altas no planeta aceleram sua decomposi\u00e7\u00e3o. Como consequ\u00eancia, diminui o tempo que o g\u00e1s passa na superf\u00edcie, processo conhecido como transforma\u00e7\u00e3o de carbono no solo.<br>A estimativa de 230 bilh\u00f5es de toneladas de carbono liberadas com o aquecimento terrestre de 2\u00b0C \u00e9 mais de quatro vezes o total das atuais emiss\u00f5es da China e mais que o dobro das emiss\u00f5es dos Estados Unidos nos \u00faltimos 100 anos.<\/p>\n\n\n\n<blockquote class=\"wp-block-quote is-layout-flow wp-block-quote-is-layout-flow\"><p>\u201cNosso estudo descarta as proje\u00e7\u00f5es mais extremas \u2014 mas mesmo assim sugere que haveria perdas substanciais de carbono do solo devido \u00e0 mudan\u00e7a clim\u00e1tica com aquecimento de apenas 2\u00b0C\u201d, pontua Sarah Chadburn, coautora da pesquisa, em nota.<\/p><\/blockquote>\n\n\n\n<p>A resposta do carbono do solo \u00e0s mudan\u00e7as clim\u00e1ticas \u00e9 a maior incerteza na compreens\u00e3o do ciclo do g\u00e1s nas proje\u00e7\u00f5es das altera\u00e7\u00f5es do clima. Para resolver isso, os pesquisadores usaram uma nova combina\u00e7\u00e3o de dados observacionais e Modelos do Sistema Terrestre, que simulam o clima e o ciclo do carbono e, posteriormente, fazem previs\u00f5es sobre as mudan\u00e7as clim\u00e1ticas.<br>\u201cN\u00f3s investigamos como o carbono do solo est\u00e1 relacionado \u00e0 temperatura em diferentes locais da Terra para descobrir sua sensibilidade ao aquecimento global&#8221;, relata Rebecca Varney, l\u00edder do estudo.<br>De acordo com Peter Cox, coautor do artigo, conhecer esses riscos \u00e9 \u201cvital para calcular um or\u00e7amento de carbono acurado e cumprir com sucesso as metas do Acordo de Paris\u201d.<\/p>\n\n\n\n<p><em><strong>Fonte: <a href=\"https:\/\/noticias.ambientebrasil.com.br\/clipping\/2020\/11\/04\/164885-aquecimento-de-2-c-liberaria-230-bilhoes-de-toneladas-de-carbono-do-solo.html\">Ambiente Brasil<\/a><\/strong><\/em><\/p>\n","protected":false},"excerpt":{"rendered":"<p>Essa estimativa \u00e9 mais de quatro vezes o total das emiss\u00f5es da China e mais que o dobro das emiss\u00f5es dos Estados Unidos nos \u00faltimos 100 anos Um novo estudo liderado por pesquisadores da Universidade de Exeter, na Inglaterra, revela que um aquecimento global de 2\u00b0C faria com que cerca de 230 bilh\u00f5es de toneladas [&hellip;]<\/p>\n","protected":false},"author":2,"featured_media":10722,"comment_status":"open","ping_status":"open","sticky":false,"template":"","format":"standard","meta":{"footnotes":""},"categories":[8],"tags":[1937,362,2089,360],"class_list":["post-10721","post","type-post","status-publish","format-standard","has-post-thumbnail","hentry","category-meio-ambiente","tag-acordo-de-paris","tag-aquecimento-global","tag-carbono","tag-mudancas-climaticas"],"yoast_head":"<!-- This site is optimized with the Yoast SEO plugin v26.5 - https:\/\/yoast.com\/wordpress\/plugins\/seo\/ -->\n<title>Aquecimento de 2\u00b0C liberaria 230 bilh\u00f5es de toneladas de carbono do solo - Jornal Fatos e Not\u00edcias<\/title>\n<meta name=\"robots\" content=\"index, follow, max-snippet:-1, max-image-preview:large, max-video-preview:-1\" \/>\n<link rel=\"canonical\" href=\"https:\/\/jornalfatosenoticias.com.br\/index.php\/2020\/11\/04\/aquecimento-de-2c-liberaria-230-bilhoes-de-toneladas-de-carbono-do-solo\/\" \/>\n<meta property=\"og:locale\" content=\"pt_BR\" \/>\n<meta property=\"og:type\" content=\"article\" \/>\n<meta property=\"og:title\" content=\"Aquecimento de 2\u00b0C liberaria 230 bilh\u00f5es de toneladas de carbono do solo - Jornal Fatos e Not\u00edcias\" \/>\n<meta property=\"og:description\" content=\"Essa estimativa \u00e9 mais de quatro vezes o total das emiss\u00f5es da China e mais que o dobro das emiss\u00f5es dos Estados Unidos nos \u00faltimos 100 anos Um novo estudo liderado por pesquisadores da Universidade de Exeter, na Inglaterra, revela que um aquecimento global de 2\u00b0C faria com que cerca de 230 bilh\u00f5es de toneladas [&hellip;]\" \/>\n<meta property=\"og:url\" content=\"https:\/\/jornalfatosenoticias.com.br\/index.php\/2020\/11\/04\/aquecimento-de-2c-liberaria-230-bilhoes-de-toneladas-de-carbono-do-solo\/\" \/>\n<meta property=\"og:site_name\" content=\"Jornal Fatos e Not\u00edcias\" \/>\n<meta property=\"article:published_time\" content=\"2020-11-04T13:34:46+00:00\" \/>\n<meta property=\"article:modified_time\" content=\"2020-11-04T13:36:28+00:00\" \/>\n<meta property=\"og:image\" content=\"https:\/\/jornalfatosenoticias.com.br\/wp-content\/uploads\/2020\/11\/floresta_queimada-aquecimento.jpg\" \/>\n\t<meta property=\"og:image:width\" content=\"1000\" \/>\n\t<meta property=\"og:image:height\" content=\"666\" \/>\n\t<meta property=\"og:image:type\" content=\"image\/jpeg\" \/>\n<meta name=\"author\" content=\"Luzimara Fernandes\" \/>\n<meta name=\"twitter:card\" content=\"summary_large_image\" \/>\n<meta name=\"twitter:label1\" content=\"Escrito por\" \/>\n\t<meta name=\"twitter:data1\" content=\"Luzimara Fernandes\" \/>\n\t<meta name=\"twitter:label2\" content=\"Est. tempo de leitura\" \/>\n\t<meta name=\"twitter:data2\" content=\"2 minutos\" \/>\n<script type=\"application\/ld+json\" class=\"yoast-schema-graph\">{\"@context\":\"https:\/\/schema.org\",\"@graph\":[{\"@type\":\"Article\",\"@id\":\"https:\/\/jornalfatosenoticias.com.br\/index.php\/2020\/11\/04\/aquecimento-de-2c-liberaria-230-bilhoes-de-toneladas-de-carbono-do-solo\/#article\",\"isPartOf\":{\"@id\":\"https:\/\/jornalfatosenoticias.com.br\/index.php\/2020\/11\/04\/aquecimento-de-2c-liberaria-230-bilhoes-de-toneladas-de-carbono-do-solo\/\"},\"author\":{\"name\":\"Luzimara Fernandes\",\"@id\":\"https:\/\/jornalfatosenoticias.com.br\/#\/schema\/person\/d63837fa13ac8666eb9e74e0985d6f81\"},\"headline\":\"Aquecimento de 2\u00b0C liberaria 230 bilh\u00f5es de toneladas de carbono do solo\",\"datePublished\":\"2020-11-04T13:34:46+00:00\",\"dateModified\":\"2020-11-04T13:36:28+00:00\",\"mainEntityOfPage\":{\"@id\":\"https:\/\/jornalfatosenoticias.com.br\/index.php\/2020\/11\/04\/aquecimento-de-2c-liberaria-230-bilhoes-de-toneladas-de-carbono-do-solo\/\"},\"wordCount\":346,\"commentCount\":0,\"publisher\":{\"@id\":\"https:\/\/jornalfatosenoticias.com.br\/#organization\"},\"image\":{\"@id\":\"https:\/\/jornalfatosenoticias.com.br\/index.php\/2020\/11\/04\/aquecimento-de-2c-liberaria-230-bilhoes-de-toneladas-de-carbono-do-solo\/#primaryimage\"},\"thumbnailUrl\":\"https:\/\/jornalfatosenoticias.com.br\/wp-content\/uploads\/2020\/11\/floresta_queimada-aquecimento.jpg\",\"keywords\":[\"Acordo de Paris\",\"aquecimento global\",\"carbono\",\"mudan\u00e7as clim\u00e1ticas\"],\"articleSection\":[\"Meio ambiente\"],\"inLanguage\":\"pt-BR\",\"potentialAction\":[{\"@type\":\"CommentAction\",\"name\":\"Comment\",\"target\":[\"https:\/\/jornalfatosenoticias.com.br\/index.php\/2020\/11\/04\/aquecimento-de-2c-liberaria-230-bilhoes-de-toneladas-de-carbono-do-solo\/#respond\"]}]},{\"@type\":\"WebPage\",\"@id\":\"https:\/\/jornalfatosenoticias.com.br\/index.php\/2020\/11\/04\/aquecimento-de-2c-liberaria-230-bilhoes-de-toneladas-de-carbono-do-solo\/\",\"url\":\"https:\/\/jornalfatosenoticias.com.br\/index.php\/2020\/11\/04\/aquecimento-de-2c-liberaria-230-bilhoes-de-toneladas-de-carbono-do-solo\/\",\"name\":\"Aquecimento de 2\u00b0C liberaria 230 bilh\u00f5es de toneladas de carbono do solo - Jornal Fatos e Not\u00edcias\",\"isPartOf\":{\"@id\":\"https:\/\/jornalfatosenoticias.com.br\/#website\"},\"primaryImageOfPage\":{\"@id\":\"https:\/\/jornalfatosenoticias.com.br\/index.php\/2020\/11\/04\/aquecimento-de-2c-liberaria-230-bilhoes-de-toneladas-de-carbono-do-solo\/#primaryimage\"},\"image\":{\"@id\":\"https:\/\/jornalfatosenoticias.com.br\/index.php\/2020\/11\/04\/aquecimento-de-2c-liberaria-230-bilhoes-de-toneladas-de-carbono-do-solo\/#primaryimage\"},\"thumbnailUrl\":\"https:\/\/jornalfatosenoticias.com.br\/wp-content\/uploads\/2020\/11\/floresta_queimada-aquecimento.jpg\",\"datePublished\":\"2020-11-04T13:34:46+00:00\",\"dateModified\":\"2020-11-04T13:36:28+00:00\",\"breadcrumb\":{\"@id\":\"https:\/\/jornalfatosenoticias.com.br\/index.php\/2020\/11\/04\/aquecimento-de-2c-liberaria-230-bilhoes-de-toneladas-de-carbono-do-solo\/#breadcrumb\"},\"inLanguage\":\"pt-BR\",\"potentialAction\":[{\"@type\":\"ReadAction\",\"target\":[\"https:\/\/jornalfatosenoticias.com.br\/index.php\/2020\/11\/04\/aquecimento-de-2c-liberaria-230-bilhoes-de-toneladas-de-carbono-do-solo\/\"]}]},{\"@type\":\"ImageObject\",\"inLanguage\":\"pt-BR\",\"@id\":\"https:\/\/jornalfatosenoticias.com.br\/index.php\/2020\/11\/04\/aquecimento-de-2c-liberaria-230-bilhoes-de-toneladas-de-carbono-do-solo\/#primaryimage\",\"url\":\"https:\/\/jornalfatosenoticias.com.br\/wp-content\/uploads\/2020\/11\/floresta_queimada-aquecimento.jpg\",\"contentUrl\":\"https:\/\/jornalfatosenoticias.com.br\/wp-content\/uploads\/2020\/11\/floresta_queimada-aquecimento.jpg\",\"width\":1000,\"height\":666},{\"@type\":\"BreadcrumbList\",\"@id\":\"https:\/\/jornalfatosenoticias.com.br\/index.php\/2020\/11\/04\/aquecimento-de-2c-liberaria-230-bilhoes-de-toneladas-de-carbono-do-solo\/#breadcrumb\",\"itemListElement\":[{\"@type\":\"ListItem\",\"position\":1,\"name\":\"In\u00edcio\",\"item\":\"https:\/\/jornalfatosenoticias.com.br\/\"},{\"@type\":\"ListItem\",\"position\":2,\"name\":\"Aquecimento de 2\u00b0C liberaria 230 bilh\u00f5es de toneladas de carbono do solo\"}]},{\"@type\":\"WebSite\",\"@id\":\"https:\/\/jornalfatosenoticias.com.br\/#website\",\"url\":\"https:\/\/jornalfatosenoticias.com.br\/\",\"name\":\"Jornal Fatos e Not\u00edcias\",\"description\":\"Not\u00edcias em geral\",\"publisher\":{\"@id\":\"https:\/\/jornalfatosenoticias.com.br\/#organization\"},\"potentialAction\":[{\"@type\":\"SearchAction\",\"target\":{\"@type\":\"EntryPoint\",\"urlTemplate\":\"https:\/\/jornalfatosenoticias.com.br\/?s={search_term_string}\"},\"query-input\":{\"@type\":\"PropertyValueSpecification\",\"valueRequired\":true,\"valueName\":\"search_term_string\"}}],\"inLanguage\":\"pt-BR\"},{\"@type\":\"Organization\",\"@id\":\"https:\/\/jornalfatosenoticias.com.br\/#organization\",\"name\":\"Jornal Fatos e Not\u00edcias\",\"url\":\"https:\/\/jornalfatosenoticias.com.br\/\",\"logo\":{\"@type\":\"ImageObject\",\"inLanguage\":\"pt-BR\",\"@id\":\"https:\/\/jornalfatosenoticias.com.br\/#\/schema\/logo\/image\/\",\"url\":\"https:\/\/jornalfatosenoticias.com.br\/wp-content\/uploads\/2020\/02\/logo120.png\",\"contentUrl\":\"https:\/\/jornalfatosenoticias.com.br\/wp-content\/uploads\/2020\/02\/logo120.png\",\"width\":1227,\"height\":120,\"caption\":\"Jornal Fatos e Not\u00edcias\"},\"image\":{\"@id\":\"https:\/\/jornalfatosenoticias.com.br\/#\/schema\/logo\/image\/\"}},{\"@type\":\"Person\",\"@id\":\"https:\/\/jornalfatosenoticias.com.br\/#\/schema\/person\/d63837fa13ac8666eb9e74e0985d6f81\",\"name\":\"Luzimara Fernandes\",\"image\":{\"@type\":\"ImageObject\",\"inLanguage\":\"pt-BR\",\"@id\":\"https:\/\/jornalfatosenoticias.com.br\/#\/schema\/person\/image\/\",\"url\":\"https:\/\/jornalfatosenoticias.com.br\/wp-content\/uploads\/2025\/05\/EU_portal.jpg\",\"contentUrl\":\"https:\/\/jornalfatosenoticias.com.br\/wp-content\/uploads\/2025\/05\/EU_portal.jpg\",\"caption\":\"Luzimara Fernandes\"},\"description\":\"Jornalista MTB 2358-ES\",\"sameAs\":[\"https:\/\/jornalfatosenoticias.com.br\"],\"url\":\"https:\/\/jornalfatosenoticias.com.br\/index.php\/author\/luzimara\/\"}]}<\/script>\n<!-- \/ Yoast SEO plugin. -->","yoast_head_json":{"title":"Aquecimento de 2\u00b0C liberaria 230 bilh\u00f5es de toneladas de carbono do solo - Jornal Fatos e Not\u00edcias","robots":{"index":"index","follow":"follow","max-snippet":"max-snippet:-1","max-image-preview":"max-image-preview:large","max-video-preview":"max-video-preview:-1"},"canonical":"https:\/\/jornalfatosenoticias.com.br\/index.php\/2020\/11\/04\/aquecimento-de-2c-liberaria-230-bilhoes-de-toneladas-de-carbono-do-solo\/","og_locale":"pt_BR","og_type":"article","og_title":"Aquecimento de 2\u00b0C liberaria 230 bilh\u00f5es de toneladas de carbono do solo - Jornal Fatos e Not\u00edcias","og_description":"Essa estimativa \u00e9 mais de quatro vezes o total das emiss\u00f5es da China e mais que o dobro das emiss\u00f5es dos Estados Unidos nos \u00faltimos 100 anos Um novo estudo liderado por pesquisadores da Universidade de Exeter, na Inglaterra, revela que um aquecimento global de 2\u00b0C faria com que cerca de 230 bilh\u00f5es de toneladas [&hellip;]","og_url":"https:\/\/jornalfatosenoticias.com.br\/index.php\/2020\/11\/04\/aquecimento-de-2c-liberaria-230-bilhoes-de-toneladas-de-carbono-do-solo\/","og_site_name":"Jornal Fatos e Not\u00edcias","article_published_time":"2020-11-04T13:34:46+00:00","article_modified_time":"2020-11-04T13:36:28+00:00","og_image":[{"width":1000,"height":666,"url":"https:\/\/jornalfatosenoticias.com.br\/wp-content\/uploads\/2020\/11\/floresta_queimada-aquecimento.jpg","type":"image\/jpeg"}],"author":"Luzimara Fernandes","twitter_card":"summary_large_image","twitter_misc":{"Escrito por":"Luzimara Fernandes","Est. tempo de leitura":"2 minutos"},"schema":{"@context":"https:\/\/schema.org","@graph":[{"@type":"Article","@id":"https:\/\/jornalfatosenoticias.com.br\/index.php\/2020\/11\/04\/aquecimento-de-2c-liberaria-230-bilhoes-de-toneladas-de-carbono-do-solo\/#article","isPartOf":{"@id":"https:\/\/jornalfatosenoticias.com.br\/index.php\/2020\/11\/04\/aquecimento-de-2c-liberaria-230-bilhoes-de-toneladas-de-carbono-do-solo\/"},"author":{"name":"Luzimara Fernandes","@id":"https:\/\/jornalfatosenoticias.com.br\/#\/schema\/person\/d63837fa13ac8666eb9e74e0985d6f81"},"headline":"Aquecimento de 2\u00b0C liberaria 230 bilh\u00f5es de toneladas de carbono do solo","datePublished":"2020-11-04T13:34:46+00:00","dateModified":"2020-11-04T13:36:28+00:00","mainEntityOfPage":{"@id":"https:\/\/jornalfatosenoticias.com.br\/index.php\/2020\/11\/04\/aquecimento-de-2c-liberaria-230-bilhoes-de-toneladas-de-carbono-do-solo\/"},"wordCount":346,"commentCount":0,"publisher":{"@id":"https:\/\/jornalfatosenoticias.com.br\/#organization"},"image":{"@id":"https:\/\/jornalfatosenoticias.com.br\/index.php\/2020\/11\/04\/aquecimento-de-2c-liberaria-230-bilhoes-de-toneladas-de-carbono-do-solo\/#primaryimage"},"thumbnailUrl":"https:\/\/jornalfatosenoticias.com.br\/wp-content\/uploads\/2020\/11\/floresta_queimada-aquecimento.jpg","keywords":["Acordo de Paris","aquecimento global","carbono","mudan\u00e7as clim\u00e1ticas"],"articleSection":["Meio ambiente"],"inLanguage":"pt-BR","potentialAction":[{"@type":"CommentAction","name":"Comment","target":["https:\/\/jornalfatosenoticias.com.br\/index.php\/2020\/11\/04\/aquecimento-de-2c-liberaria-230-bilhoes-de-toneladas-de-carbono-do-solo\/#respond"]}]},{"@type":"WebPage","@id":"https:\/\/jornalfatosenoticias.com.br\/index.php\/2020\/11\/04\/aquecimento-de-2c-liberaria-230-bilhoes-de-toneladas-de-carbono-do-solo\/","url":"https:\/\/jornalfatosenoticias.com.br\/index.php\/2020\/11\/04\/aquecimento-de-2c-liberaria-230-bilhoes-de-toneladas-de-carbono-do-solo\/","name":"Aquecimento de 2\u00b0C liberaria 230 bilh\u00f5es de toneladas de carbono do solo - Jornal Fatos e Not\u00edcias","isPartOf":{"@id":"https:\/\/jornalfatosenoticias.com.br\/#website"},"primaryImageOfPage":{"@id":"https:\/\/jornalfatosenoticias.com.br\/index.php\/2020\/11\/04\/aquecimento-de-2c-liberaria-230-bilhoes-de-toneladas-de-carbono-do-solo\/#primaryimage"},"image":{"@id":"https:\/\/jornalfatosenoticias.com.br\/index.php\/2020\/11\/04\/aquecimento-de-2c-liberaria-230-bilhoes-de-toneladas-de-carbono-do-solo\/#primaryimage"},"thumbnailUrl":"https:\/\/jornalfatosenoticias.com.br\/wp-content\/uploads\/2020\/11\/floresta_queimada-aquecimento.jpg","datePublished":"2020-11-04T13:34:46+00:00","dateModified":"2020-11-04T13:36:28+00:00","breadcrumb":{"@id":"https:\/\/jornalfatosenoticias.com.br\/index.php\/2020\/11\/04\/aquecimento-de-2c-liberaria-230-bilhoes-de-toneladas-de-carbono-do-solo\/#breadcrumb"},"inLanguage":"pt-BR","potentialAction":[{"@type":"ReadAction","target":["https:\/\/jornalfatosenoticias.com.br\/index.php\/2020\/11\/04\/aquecimento-de-2c-liberaria-230-bilhoes-de-toneladas-de-carbono-do-solo\/"]}]},{"@type":"ImageObject","inLanguage":"pt-BR","@id":"https:\/\/jornalfatosenoticias.com.br\/index.php\/2020\/11\/04\/aquecimento-de-2c-liberaria-230-bilhoes-de-toneladas-de-carbono-do-solo\/#primaryimage","url":"https:\/\/jornalfatosenoticias.com.br\/wp-content\/uploads\/2020\/11\/floresta_queimada-aquecimento.jpg","contentUrl":"https:\/\/jornalfatosenoticias.com.br\/wp-content\/uploads\/2020\/11\/floresta_queimada-aquecimento.jpg","width":1000,"height":666},{"@type":"BreadcrumbList","@id":"https:\/\/jornalfatosenoticias.com.br\/index.php\/2020\/11\/04\/aquecimento-de-2c-liberaria-230-bilhoes-de-toneladas-de-carbono-do-solo\/#breadcrumb","itemListElement":[{"@type":"ListItem","position":1,"name":"In\u00edcio","item":"https:\/\/jornalfatosenoticias.com.br\/"},{"@type":"ListItem","position":2,"name":"Aquecimento de 2\u00b0C liberaria 230 bilh\u00f5es de toneladas de carbono do solo"}]},{"@type":"WebSite","@id":"https:\/\/jornalfatosenoticias.com.br\/#website","url":"https:\/\/jornalfatosenoticias.com.br\/","name":"Jornal Fatos e Not\u00edcias","description":"Not\u00edcias em geral","publisher":{"@id":"https:\/\/jornalfatosenoticias.com.br\/#organization"},"potentialAction":[{"@type":"SearchAction","target":{"@type":"EntryPoint","urlTemplate":"https:\/\/jornalfatosenoticias.com.br\/?s={search_term_string}"},"query-input":{"@type":"PropertyValueSpecification","valueRequired":true,"valueName":"search_term_string"}}],"inLanguage":"pt-BR"},{"@type":"Organization","@id":"https:\/\/jornalfatosenoticias.com.br\/#organization","name":"Jornal Fatos e Not\u00edcias","url":"https:\/\/jornalfatosenoticias.com.br\/","logo":{"@type":"ImageObject","inLanguage":"pt-BR","@id":"https:\/\/jornalfatosenoticias.com.br\/#\/schema\/logo\/image\/","url":"https:\/\/jornalfatosenoticias.com.br\/wp-content\/uploads\/2020\/02\/logo120.png","contentUrl":"https:\/\/jornalfatosenoticias.com.br\/wp-content\/uploads\/2020\/02\/logo120.png","width":1227,"height":120,"caption":"Jornal Fatos e Not\u00edcias"},"image":{"@id":"https:\/\/jornalfatosenoticias.com.br\/#\/schema\/logo\/image\/"}},{"@type":"Person","@id":"https:\/\/jornalfatosenoticias.com.br\/#\/schema\/person\/d63837fa13ac8666eb9e74e0985d6f81","name":"Luzimara Fernandes","image":{"@type":"ImageObject","inLanguage":"pt-BR","@id":"https:\/\/jornalfatosenoticias.com.br\/#\/schema\/person\/image\/","url":"https:\/\/jornalfatosenoticias.com.br\/wp-content\/uploads\/2025\/05\/EU_portal.jpg","contentUrl":"https:\/\/jornalfatosenoticias.com.br\/wp-content\/uploads\/2025\/05\/EU_portal.jpg","caption":"Luzimara Fernandes"},"description":"Jornalista MTB 2358-ES","sameAs":["https:\/\/jornalfatosenoticias.com.br"],"url":"https:\/\/jornalfatosenoticias.com.br\/index.php\/author\/luzimara\/"}]}},"cc_featured_image_caption":{"caption_text":"(Foto: Reprodu\u00e7\u00e3o\/Greenpeace)","source_text":"","source_url":""},"jetpack_featured_media_url":"https:\/\/jornalfatosenoticias.com.br\/wp-content\/uploads\/2020\/11\/floresta_queimada-aquecimento.jpg","_links":{"self":[{"href":"https:\/\/jornalfatosenoticias.com.br\/index.php\/wp-json\/wp\/v2\/posts\/10721","targetHints":{"allow":["GET"]}}],"collection":[{"href":"https:\/\/jornalfatosenoticias.com.br\/index.php\/wp-json\/wp\/v2\/posts"}],"about":[{"href":"https:\/\/jornalfatosenoticias.com.br\/index.php\/wp-json\/wp\/v2\/types\/post"}],"author":[{"embeddable":true,"href":"https:\/\/jornalfatosenoticias.com.br\/index.php\/wp-json\/wp\/v2\/users\/2"}],"replies":[{"embeddable":true,"href":"https:\/\/jornalfatosenoticias.com.br\/index.php\/wp-json\/wp\/v2\/comments?post=10721"}],"version-history":[{"count":0,"href":"https:\/\/jornalfatosenoticias.com.br\/index.php\/wp-json\/wp\/v2\/posts\/10721\/revisions"}],"wp:featuredmedia":[{"embeddable":true,"href":"https:\/\/jornalfatosenoticias.com.br\/index.php\/wp-json\/wp\/v2\/media\/10722"}],"wp:attachment":[{"href":"https:\/\/jornalfatosenoticias.com.br\/index.php\/wp-json\/wp\/v2\/media?parent=10721"}],"wp:term":[{"taxonomy":"category","embeddable":true,"href":"https:\/\/jornalfatosenoticias.com.br\/index.php\/wp-json\/wp\/v2\/categories?post=10721"},{"taxonomy":"post_tag","embeddable":true,"href":"https:\/\/jornalfatosenoticias.com.br\/index.php\/wp-json\/wp\/v2\/tags?post=10721"}],"curies":[{"name":"wp","href":"https:\/\/api.w.org\/{rel}","templated":true}]}}