{"id":10726,"date":"2020-11-04T10:52:26","date_gmt":"2020-11-04T13:52:26","guid":{"rendered":"https:\/\/jornalfatosenoticias.com.br\/?p=10726"},"modified":"2020-11-04T10:52:31","modified_gmt":"2020-11-04T13:52:31","slug":"audicao-apurada-e-a-principal-caracteristica-das-aranhas-cara-de-ogro-mesmo-sem-orelhas","status":"publish","type":"post","link":"https:\/\/jornalfatosenoticias.com.br\/index.php\/2020\/11\/04\/audicao-apurada-e-a-principal-caracteristica-das-aranhas-cara-de-ogro-mesmo-sem-orelhas\/","title":{"rendered":"Audi\u00e7\u00e3o apurada \u00e9 a principal caracter\u00edstica das aranhas-cara-de-ogro \u2014 mesmo sem orelhas"},"content":{"rendered":"\n<h6 class=\"wp-block-heading\"><em>Esses aracn\u00eddeos de olhos gigantes conseguem ouvir uma s\u00e9rie de sons surpreendentemente diversa por maio de \u00f3rg\u00e3os em suas pernas, uma habilidade n\u00e3o observada em outras aranhas<\/em><\/h6>\n\n\n\n<p>Quem nomeou a aranha-cara-de-ogro claramente se impressionou com seus olhos gigantescos, esferas monstruosas capazes de avistar uma presa at\u00e9 mesmo no escuro.<br>Contudo, esse aracn\u00eddeo noturno \u00e9 not\u00e1vel por outro sentido: audi\u00e7\u00e3o. Um novo estudo afirma que a aranha pode ouvir uma s\u00e9rie surpreendente de sons a mais de dois metros de dist\u00e2ncia, gra\u00e7as aos \u00f3rg\u00e3os sensoriais \u2014 localizados em suas pernas.<br>Nativas do sudeste dos Estados Unidos, as aranhas-cara-de-ogro ca\u00e7am penduradas na vegeta\u00e7\u00e3o e, em seguida, viram-se para tr\u00e1s para capturar presas voadoras em uma rede pegajosa.<br>Curioso sobre como as aranhas conseguem realizar tal fa\u00e7anha com tamanha agilidade? Jay Stafstrom, pesquisador de p\u00f3s-doutorado em neurobiologia na Universidade Cornell, realizou um experimento anteriormente em que cobria os olhos das aranhas com um peda\u00e7o de silicone. Curiosamente, mesmo com os olhos vendados, os predadores ainda eram capazes de capturar insetos voadores, sugerindo que estavam realmente ouvindo sua presa.<br>As aranhas n\u00e3o t\u00eam orelhas, no sentido convencional. Mas cada vez mais evid\u00eancias mostram que algumas aranhas \u2014 como aranhas-saltadoras, pescadoras e, agora, aranhas-cara-de-ogro \u2014 conseguem ouvir por meio de receptores neurais em suas pernas. Os receptores funcionam como ouvidos, captando ondas sonoras e comunicando os impulsos ao c\u00e9rebro. A habilidade das aranhas de sentir as vibra\u00e7\u00f5es das presas na ponta dos p\u00e9s em suas teias \u00e9 bastante conhecida, mas n\u00e3o \u00e9 considerada audi\u00e7\u00e3o.<br>\u00c9 realmente impressionante a capacidade auditiva das aranhas-cara-de-ogro, afirma Stafstrom, cujo estudo foi publicado na revista cient\u00edfica Current Biology. Ao contr\u00e1rio de algumas esp\u00e9cies (como aranhas-saltadoras) que n\u00e3o conseguem ouvir sons de alta frequ\u00eancia, as aranhas-cara-de-ogro s\u00e3o capazes de detectar os sons de baixa frequ\u00eancia das batidas das asas dos insetos e os gorjeios de alta frequ\u00eancia dos p\u00e1ssaros, seus principais predadores, constatou Stafstrom.<br>Constatar uma audi\u00e7\u00e3o t\u00e3o apurada em uma criatura t\u00e3o simples poderia ajudar os cientistas a aprender mais sobre como ocorreu a evolu\u00e7\u00e3o desse sentido, afirma Sen Sivalinghem, bi\u00f3logo sensorial da Universidade de Toronto, que n\u00e3o participou do estudo.<\/p>\n\n\n\n<blockquote class=\"wp-block-quote is-layout-flow wp-block-quote-is-layout-flow\"><p>\u201cCompreender como as informa\u00e7\u00f5es sensoriais s\u00e3o processadas no c\u00e9rebro de animais relativamente menos complexos com menos neur\u00f4nios \u2014 e como isso afeta os comportamentos e decis\u00f5es do organismo \u2014 fornecer\u00e1 maior conhecimento sobre os processos e mecanismos de todos os c\u00e9rebros\u201d, afirma ele. \u201cIncluindo o nosso\u201d.<\/p><\/blockquote>\n\n\n\n<h4 class=\"wp-block-heading\">Sentido extrassensorial<\/h4>\n\n\n\n<p>Em seu novo experimento laboratorial, Stafstrom e seus colegas inseriram min\u00fasculos eletrodos no c\u00e9rebro das aranhas e tamb\u00e9m nas pernas j\u00e1 fora do corpo, que podem reagir a sons at\u00e9 uma hora depois de serem cortadas. Os cientistas suspeitaram que os \u00f3rg\u00e3os metatarsais, localizados perto da extremidade da perna de cada aranha e respons\u00e1veis por sentir vibra\u00e7\u00f5es, tamb\u00e9m s\u00e3o utilizados por elas para ouvir.<\/p>\n\n\n\n<figure class=\"wp-block-image size-large\"><img loading=\"lazy\" decoding=\"async\" width=\"980\" height=\"1024\" src=\"https:\/\/jornalfatosenoticias.com.br\/wp-content\/uploads\/2020\/11\/teia_aranha_cara_de_ogro-980x1024.jpg\" alt=\"\" class=\"wp-image-10727\" srcset=\"https:\/\/jornalfatosenoticias.com.br\/wp-content\/uploads\/2020\/11\/teia_aranha_cara_de_ogro-980x1024.jpg 980w, https:\/\/jornalfatosenoticias.com.br\/wp-content\/uploads\/2020\/11\/teia_aranha_cara_de_ogro-287x300.jpg 287w, https:\/\/jornalfatosenoticias.com.br\/wp-content\/uploads\/2020\/11\/teia_aranha_cara_de_ogro-768x803.jpg 768w, https:\/\/jornalfatosenoticias.com.br\/wp-content\/uploads\/2020\/11\/teia_aranha_cara_de_ogro.jpg 1000w\" sizes=\"auto, (max-width: 980px) 100vw, 980px\" \/><figcaption><em>De acordo com o estudo, as aranhas-cara-de-ogro constroem uma rede pegajosa de seda e, em seguida, capturam insetos voadores \u201ctorcendo o corpo para tr\u00e1s de forma balisticamente r\u00e1pida\u201d (Foto: Jay Stafstrom)<\/em><\/figcaption><\/figure>\n\n\n\n<p>Os cientistas ent\u00e3o reproduziram sons em diversos tons a uma dist\u00e2ncia de cerca de dois metros. As leituras do eletrodo revelaram que o c\u00e9rebro e os \u00f3rg\u00e3os metatarsais das aranhas tornaram-se ativos quando expostos a sons de baixa e alta frequ\u00eancia. Quando desativaram os \u00f3rg\u00e3os metatarsais das aranhas, os aracn\u00eddeos n\u00e3o reagiram aos sons com tanta intensidade, sugerindo que os \u00f3rg\u00e3os atuam como t\u00edmpanos.<br>Para confirmar as constata\u00e7\u00f5es do laborat\u00f3rio, a equipe tamb\u00e9m realizou o experimento com aranhas em seu habitat natural em Gainesville, na Fl\u00f3rida, reproduzindo os mesmos sons a uma dist\u00e2ncia de dois metros durante a noite.<br>Os resultados foram os mesmos: as aranhas lan\u00e7aram suas redes ao ouvirem frequ\u00eancias baixas, que imitavam asas de insetos, e permaneceram im\u00f3veis quando ouviram sons de alta frequ\u00eancia, o que indicaria um predador se aproximando. Essas respostas refor\u00e7aram a constata\u00e7\u00e3o de que as aranhas estavam de fato ouvindo e n\u00e3o apenas reagindo \u00e0s vibra\u00e7\u00f5es da teia, segundo os autores do estudo.<\/p>\n\n\n\n<blockquote class=\"wp-block-quote is-layout-flow wp-block-quote-is-layout-flow\"><p>\u201cUm dos aspectos realmente interessantes deste estudo \u00e9 a combina\u00e7\u00e3o de experimentos comportamentais com o trabalho de neurofisiologia\u201d, afirma Sivalinghem.<br>\u201c\u00c9 notoriamente dif\u00edcil registrar a atividade cerebral em aranhas\u201d, acrescenta ele, o que significa que \u201csabemos muito pouco sobre como as informa\u00e7\u00f5es sensoriais s\u00e3o processadas e quais informa\u00e7\u00f5es s\u00e3o importantes para as aranhas. Por\u00e9m, estudos como este est\u00e3o preenchendo a lacuna\u201d.<\/p><\/blockquote>\n\n\n\n<h4 class=\"wp-block-heading\">Aprimorando a tecnologia<\/h4>\n\n\n\n<p>A constata\u00e7\u00e3o pode at\u00e9 levar a uma tecnologia melhor para detec\u00e7\u00e3o de sons, como microfones hipersens\u00edveis, afirma Stafstrom.<br>Considerando que as aranhas-cara-de-ogro \u201cevolu\u00edram para serem realmente boas nesse comportamento estranho\u201d, acrescenta ele, \u201ctalvez possamos imitar isso de alguma forma\u201d.<br>Por exemplo, ele imagina um microfone parecido com uma aranha ou um alto-falante inteligente com oito \u201cpernas\u201d, cada uma com um sensor, assim, \u201c\u00e9 poss\u00edvel obter um bom c\u00e1lculo da proced\u00eancia do som, da rapidez em que vem e para onde vai\u201d. Segundo ele, esse dispositivo pode ser \u00fatil para detectar uma voz espec\u00edfica em meio a tantas outras.<br>\u201cAcreditamos que h\u00e1 uma mina de ouro de informa\u00e7\u00f5es escondidas nessas aranhas\u201d.<\/p>\n\n\n\n<p><strong><em>Fonte: <a href=\"https:\/\/noticias.ambientebrasil.com.br\/clipping\/2020\/11\/02\/164848-audicao-apurada-e-a-principal-caracteristica-das-aranhas-cara-de-ogro-mesmo-sem-orelhas.html\">Ambiente Brasil<\/a><\/em><\/strong><\/p>\n","protected":false},"excerpt":{"rendered":"<p>Esses aracn\u00eddeos de olhos gigantes conseguem ouvir uma s\u00e9rie de sons surpreendentemente diversa por maio de \u00f3rg\u00e3os em suas pernas, uma habilidade n\u00e3o observada em outras aranhas Quem nomeou a aranha-cara-de-ogro claramente se impressionou com seus olhos gigantescos, esferas monstruosas capazes de avistar uma presa at\u00e9 mesmo no escuro.Contudo, esse aracn\u00eddeo noturno \u00e9 not\u00e1vel por [&hellip;]<\/p>\n","protected":false},"author":2,"featured_media":10728,"comment_status":"open","ping_status":"open","sticky":false,"template":"","format":"standard","meta":{"footnotes":""},"categories":[2],"tags":[5701,5700,5702,5703],"class_list":["post-10726","post","type-post","status-publish","format-standard","has-post-thumbnail","hentry","category-ciencia","tag-aracnideos","tag-aranha-cara-de-ogro","tag-olhos-gigantes","tag-superaudicao"],"yoast_head":"<!-- This site is optimized with the Yoast SEO plugin v26.5 - https:\/\/yoast.com\/wordpress\/plugins\/seo\/ -->\n<title>Audi\u00e7\u00e3o apurada \u00e9 a principal caracter\u00edstica das aranhas-cara-de-ogro \u2014 mesmo sem orelhas - Jornal Fatos e Not\u00edcias<\/title>\n<meta name=\"robots\" content=\"index, follow, max-snippet:-1, max-image-preview:large, max-video-preview:-1\" \/>\n<link rel=\"canonical\" href=\"https:\/\/jornalfatosenoticias.com.br\/index.php\/2020\/11\/04\/audicao-apurada-e-a-principal-caracteristica-das-aranhas-cara-de-ogro-mesmo-sem-orelhas\/\" \/>\n<meta property=\"og:locale\" content=\"pt_BR\" \/>\n<meta property=\"og:type\" content=\"article\" \/>\n<meta property=\"og:title\" content=\"Audi\u00e7\u00e3o apurada \u00e9 a principal caracter\u00edstica das aranhas-cara-de-ogro \u2014 mesmo sem orelhas - Jornal Fatos e Not\u00edcias\" \/>\n<meta property=\"og:description\" content=\"Esses aracn\u00eddeos de olhos gigantes conseguem ouvir uma s\u00e9rie de sons surpreendentemente diversa por maio de \u00f3rg\u00e3os em suas pernas, uma habilidade n\u00e3o observada em outras aranhas Quem nomeou a aranha-cara-de-ogro claramente se impressionou com seus olhos gigantescos, esferas monstruosas capazes de avistar uma presa at\u00e9 mesmo no escuro.Contudo, esse aracn\u00eddeo noturno \u00e9 not\u00e1vel por [&hellip;]\" \/>\n<meta property=\"og:url\" content=\"https:\/\/jornalfatosenoticias.com.br\/index.php\/2020\/11\/04\/audicao-apurada-e-a-principal-caracteristica-das-aranhas-cara-de-ogro-mesmo-sem-orelhas\/\" \/>\n<meta property=\"og:site_name\" content=\"Jornal Fatos e Not\u00edcias\" \/>\n<meta property=\"article:published_time\" content=\"2020-11-04T13:52:26+00:00\" \/>\n<meta property=\"article:modified_time\" content=\"2020-11-04T13:52:31+00:00\" \/>\n<meta property=\"og:image\" content=\"https:\/\/jornalfatosenoticias.com.br\/wp-content\/uploads\/2020\/11\/aranha_cara_de_ogro.jpg\" \/>\n\t<meta property=\"og:image:width\" content=\"1000\" \/>\n\t<meta property=\"og:image:height\" content=\"562\" \/>\n\t<meta property=\"og:image:type\" content=\"image\/jpeg\" \/>\n<meta name=\"author\" content=\"Luzimara Fernandes\" \/>\n<meta name=\"twitter:card\" content=\"summary_large_image\" \/>\n<meta name=\"twitter:label1\" content=\"Escrito por\" \/>\n\t<meta name=\"twitter:data1\" content=\"Luzimara Fernandes\" \/>\n\t<meta name=\"twitter:label2\" content=\"Est. tempo de leitura\" \/>\n\t<meta name=\"twitter:data2\" content=\"5 minutos\" \/>\n<script type=\"application\/ld+json\" class=\"yoast-schema-graph\">{\"@context\":\"https:\/\/schema.org\",\"@graph\":[{\"@type\":\"Article\",\"@id\":\"https:\/\/jornalfatosenoticias.com.br\/index.php\/2020\/11\/04\/audicao-apurada-e-a-principal-caracteristica-das-aranhas-cara-de-ogro-mesmo-sem-orelhas\/#article\",\"isPartOf\":{\"@id\":\"https:\/\/jornalfatosenoticias.com.br\/index.php\/2020\/11\/04\/audicao-apurada-e-a-principal-caracteristica-das-aranhas-cara-de-ogro-mesmo-sem-orelhas\/\"},\"author\":{\"name\":\"Luzimara Fernandes\",\"@id\":\"https:\/\/jornalfatosenoticias.com.br\/#\/schema\/person\/d63837fa13ac8666eb9e74e0985d6f81\"},\"headline\":\"Audi\u00e7\u00e3o apurada \u00e9 a principal caracter\u00edstica das aranhas-cara-de-ogro \u2014 mesmo sem orelhas\",\"datePublished\":\"2020-11-04T13:52:26+00:00\",\"dateModified\":\"2020-11-04T13:52:31+00:00\",\"mainEntityOfPage\":{\"@id\":\"https:\/\/jornalfatosenoticias.com.br\/index.php\/2020\/11\/04\/audicao-apurada-e-a-principal-caracteristica-das-aranhas-cara-de-ogro-mesmo-sem-orelhas\/\"},\"wordCount\":927,\"commentCount\":0,\"publisher\":{\"@id\":\"https:\/\/jornalfatosenoticias.com.br\/#organization\"},\"image\":{\"@id\":\"https:\/\/jornalfatosenoticias.com.br\/index.php\/2020\/11\/04\/audicao-apurada-e-a-principal-caracteristica-das-aranhas-cara-de-ogro-mesmo-sem-orelhas\/#primaryimage\"},\"thumbnailUrl\":\"https:\/\/jornalfatosenoticias.com.br\/wp-content\/uploads\/2020\/11\/aranha_cara_de_ogro.jpg\",\"keywords\":[\"aracn\u00eddeos\",\"aranha-cara-de-ogro\",\"olhos gigantes\",\"superaudi\u00e7\u00e3o\"],\"articleSection\":[\"Ci\u00eancia\"],\"inLanguage\":\"pt-BR\",\"potentialAction\":[{\"@type\":\"CommentAction\",\"name\":\"Comment\",\"target\":[\"https:\/\/jornalfatosenoticias.com.br\/index.php\/2020\/11\/04\/audicao-apurada-e-a-principal-caracteristica-das-aranhas-cara-de-ogro-mesmo-sem-orelhas\/#respond\"]}]},{\"@type\":\"WebPage\",\"@id\":\"https:\/\/jornalfatosenoticias.com.br\/index.php\/2020\/11\/04\/audicao-apurada-e-a-principal-caracteristica-das-aranhas-cara-de-ogro-mesmo-sem-orelhas\/\",\"url\":\"https:\/\/jornalfatosenoticias.com.br\/index.php\/2020\/11\/04\/audicao-apurada-e-a-principal-caracteristica-das-aranhas-cara-de-ogro-mesmo-sem-orelhas\/\",\"name\":\"Audi\u00e7\u00e3o apurada \u00e9 a principal caracter\u00edstica das aranhas-cara-de-ogro \u2014 mesmo sem orelhas - Jornal Fatos e Not\u00edcias\",\"isPartOf\":{\"@id\":\"https:\/\/jornalfatosenoticias.com.br\/#website\"},\"primaryImageOfPage\":{\"@id\":\"https:\/\/jornalfatosenoticias.com.br\/index.php\/2020\/11\/04\/audicao-apurada-e-a-principal-caracteristica-das-aranhas-cara-de-ogro-mesmo-sem-orelhas\/#primaryimage\"},\"image\":{\"@id\":\"https:\/\/jornalfatosenoticias.com.br\/index.php\/2020\/11\/04\/audicao-apurada-e-a-principal-caracteristica-das-aranhas-cara-de-ogro-mesmo-sem-orelhas\/#primaryimage\"},\"thumbnailUrl\":\"https:\/\/jornalfatosenoticias.com.br\/wp-content\/uploads\/2020\/11\/aranha_cara_de_ogro.jpg\",\"datePublished\":\"2020-11-04T13:52:26+00:00\",\"dateModified\":\"2020-11-04T13:52:31+00:00\",\"breadcrumb\":{\"@id\":\"https:\/\/jornalfatosenoticias.com.br\/index.php\/2020\/11\/04\/audicao-apurada-e-a-principal-caracteristica-das-aranhas-cara-de-ogro-mesmo-sem-orelhas\/#breadcrumb\"},\"inLanguage\":\"pt-BR\",\"potentialAction\":[{\"@type\":\"ReadAction\",\"target\":[\"https:\/\/jornalfatosenoticias.com.br\/index.php\/2020\/11\/04\/audicao-apurada-e-a-principal-caracteristica-das-aranhas-cara-de-ogro-mesmo-sem-orelhas\/\"]}]},{\"@type\":\"ImageObject\",\"inLanguage\":\"pt-BR\",\"@id\":\"https:\/\/jornalfatosenoticias.com.br\/index.php\/2020\/11\/04\/audicao-apurada-e-a-principal-caracteristica-das-aranhas-cara-de-ogro-mesmo-sem-orelhas\/#primaryimage\",\"url\":\"https:\/\/jornalfatosenoticias.com.br\/wp-content\/uploads\/2020\/11\/aranha_cara_de_ogro.jpg\",\"contentUrl\":\"https:\/\/jornalfatosenoticias.com.br\/wp-content\/uploads\/2020\/11\/aranha_cara_de_ogro.jpg\",\"width\":1000,\"height\":562},{\"@type\":\"BreadcrumbList\",\"@id\":\"https:\/\/jornalfatosenoticias.com.br\/index.php\/2020\/11\/04\/audicao-apurada-e-a-principal-caracteristica-das-aranhas-cara-de-ogro-mesmo-sem-orelhas\/#breadcrumb\",\"itemListElement\":[{\"@type\":\"ListItem\",\"position\":1,\"name\":\"In\u00edcio\",\"item\":\"https:\/\/jornalfatosenoticias.com.br\/\"},{\"@type\":\"ListItem\",\"position\":2,\"name\":\"Audi\u00e7\u00e3o apurada \u00e9 a principal caracter\u00edstica das aranhas-cara-de-ogro \u2014 mesmo sem orelhas\"}]},{\"@type\":\"WebSite\",\"@id\":\"https:\/\/jornalfatosenoticias.com.br\/#website\",\"url\":\"https:\/\/jornalfatosenoticias.com.br\/\",\"name\":\"Jornal Fatos e Not\u00edcias\",\"description\":\"Not\u00edcias em geral\",\"publisher\":{\"@id\":\"https:\/\/jornalfatosenoticias.com.br\/#organization\"},\"potentialAction\":[{\"@type\":\"SearchAction\",\"target\":{\"@type\":\"EntryPoint\",\"urlTemplate\":\"https:\/\/jornalfatosenoticias.com.br\/?s={search_term_string}\"},\"query-input\":{\"@type\":\"PropertyValueSpecification\",\"valueRequired\":true,\"valueName\":\"search_term_string\"}}],\"inLanguage\":\"pt-BR\"},{\"@type\":\"Organization\",\"@id\":\"https:\/\/jornalfatosenoticias.com.br\/#organization\",\"name\":\"Jornal Fatos e Not\u00edcias\",\"url\":\"https:\/\/jornalfatosenoticias.com.br\/\",\"logo\":{\"@type\":\"ImageObject\",\"inLanguage\":\"pt-BR\",\"@id\":\"https:\/\/jornalfatosenoticias.com.br\/#\/schema\/logo\/image\/\",\"url\":\"https:\/\/jornalfatosenoticias.com.br\/wp-content\/uploads\/2020\/02\/logo120.png\",\"contentUrl\":\"https:\/\/jornalfatosenoticias.com.br\/wp-content\/uploads\/2020\/02\/logo120.png\",\"width\":1227,\"height\":120,\"caption\":\"Jornal Fatos e Not\u00edcias\"},\"image\":{\"@id\":\"https:\/\/jornalfatosenoticias.com.br\/#\/schema\/logo\/image\/\"}},{\"@type\":\"Person\",\"@id\":\"https:\/\/jornalfatosenoticias.com.br\/#\/schema\/person\/d63837fa13ac8666eb9e74e0985d6f81\",\"name\":\"Luzimara Fernandes\",\"image\":{\"@type\":\"ImageObject\",\"inLanguage\":\"pt-BR\",\"@id\":\"https:\/\/jornalfatosenoticias.com.br\/#\/schema\/person\/image\/\",\"url\":\"https:\/\/jornalfatosenoticias.com.br\/wp-content\/uploads\/2025\/05\/EU_portal.jpg\",\"contentUrl\":\"https:\/\/jornalfatosenoticias.com.br\/wp-content\/uploads\/2025\/05\/EU_portal.jpg\",\"caption\":\"Luzimara Fernandes\"},\"description\":\"Jornalista MTB 2358-ES\",\"sameAs\":[\"https:\/\/jornalfatosenoticias.com.br\"],\"url\":\"https:\/\/jornalfatosenoticias.com.br\/index.php\/author\/luzimara\/\"}]}<\/script>\n<!-- \/ Yoast SEO plugin. -->","yoast_head_json":{"title":"Audi\u00e7\u00e3o apurada \u00e9 a principal caracter\u00edstica das aranhas-cara-de-ogro \u2014 mesmo sem orelhas - Jornal Fatos e Not\u00edcias","robots":{"index":"index","follow":"follow","max-snippet":"max-snippet:-1","max-image-preview":"max-image-preview:large","max-video-preview":"max-video-preview:-1"},"canonical":"https:\/\/jornalfatosenoticias.com.br\/index.php\/2020\/11\/04\/audicao-apurada-e-a-principal-caracteristica-das-aranhas-cara-de-ogro-mesmo-sem-orelhas\/","og_locale":"pt_BR","og_type":"article","og_title":"Audi\u00e7\u00e3o apurada \u00e9 a principal caracter\u00edstica das aranhas-cara-de-ogro \u2014 mesmo sem orelhas - Jornal Fatos e Not\u00edcias","og_description":"Esses aracn\u00eddeos de olhos gigantes conseguem ouvir uma s\u00e9rie de sons surpreendentemente diversa por maio de \u00f3rg\u00e3os em suas pernas, uma habilidade n\u00e3o observada em outras aranhas Quem nomeou a aranha-cara-de-ogro claramente se impressionou com seus olhos gigantescos, esferas monstruosas capazes de avistar uma presa at\u00e9 mesmo no escuro.Contudo, esse aracn\u00eddeo noturno \u00e9 not\u00e1vel por [&hellip;]","og_url":"https:\/\/jornalfatosenoticias.com.br\/index.php\/2020\/11\/04\/audicao-apurada-e-a-principal-caracteristica-das-aranhas-cara-de-ogro-mesmo-sem-orelhas\/","og_site_name":"Jornal Fatos e Not\u00edcias","article_published_time":"2020-11-04T13:52:26+00:00","article_modified_time":"2020-11-04T13:52:31+00:00","og_image":[{"width":1000,"height":562,"url":"https:\/\/jornalfatosenoticias.com.br\/wp-content\/uploads\/2020\/11\/aranha_cara_de_ogro.jpg","type":"image\/jpeg"}],"author":"Luzimara Fernandes","twitter_card":"summary_large_image","twitter_misc":{"Escrito por":"Luzimara Fernandes","Est. tempo de leitura":"5 minutos"},"schema":{"@context":"https:\/\/schema.org","@graph":[{"@type":"Article","@id":"https:\/\/jornalfatosenoticias.com.br\/index.php\/2020\/11\/04\/audicao-apurada-e-a-principal-caracteristica-das-aranhas-cara-de-ogro-mesmo-sem-orelhas\/#article","isPartOf":{"@id":"https:\/\/jornalfatosenoticias.com.br\/index.php\/2020\/11\/04\/audicao-apurada-e-a-principal-caracteristica-das-aranhas-cara-de-ogro-mesmo-sem-orelhas\/"},"author":{"name":"Luzimara Fernandes","@id":"https:\/\/jornalfatosenoticias.com.br\/#\/schema\/person\/d63837fa13ac8666eb9e74e0985d6f81"},"headline":"Audi\u00e7\u00e3o apurada \u00e9 a principal caracter\u00edstica das aranhas-cara-de-ogro \u2014 mesmo sem orelhas","datePublished":"2020-11-04T13:52:26+00:00","dateModified":"2020-11-04T13:52:31+00:00","mainEntityOfPage":{"@id":"https:\/\/jornalfatosenoticias.com.br\/index.php\/2020\/11\/04\/audicao-apurada-e-a-principal-caracteristica-das-aranhas-cara-de-ogro-mesmo-sem-orelhas\/"},"wordCount":927,"commentCount":0,"publisher":{"@id":"https:\/\/jornalfatosenoticias.com.br\/#organization"},"image":{"@id":"https:\/\/jornalfatosenoticias.com.br\/index.php\/2020\/11\/04\/audicao-apurada-e-a-principal-caracteristica-das-aranhas-cara-de-ogro-mesmo-sem-orelhas\/#primaryimage"},"thumbnailUrl":"https:\/\/jornalfatosenoticias.com.br\/wp-content\/uploads\/2020\/11\/aranha_cara_de_ogro.jpg","keywords":["aracn\u00eddeos","aranha-cara-de-ogro","olhos gigantes","superaudi\u00e7\u00e3o"],"articleSection":["Ci\u00eancia"],"inLanguage":"pt-BR","potentialAction":[{"@type":"CommentAction","name":"Comment","target":["https:\/\/jornalfatosenoticias.com.br\/index.php\/2020\/11\/04\/audicao-apurada-e-a-principal-caracteristica-das-aranhas-cara-de-ogro-mesmo-sem-orelhas\/#respond"]}]},{"@type":"WebPage","@id":"https:\/\/jornalfatosenoticias.com.br\/index.php\/2020\/11\/04\/audicao-apurada-e-a-principal-caracteristica-das-aranhas-cara-de-ogro-mesmo-sem-orelhas\/","url":"https:\/\/jornalfatosenoticias.com.br\/index.php\/2020\/11\/04\/audicao-apurada-e-a-principal-caracteristica-das-aranhas-cara-de-ogro-mesmo-sem-orelhas\/","name":"Audi\u00e7\u00e3o apurada \u00e9 a principal caracter\u00edstica das aranhas-cara-de-ogro \u2014 mesmo sem orelhas - Jornal Fatos e Not\u00edcias","isPartOf":{"@id":"https:\/\/jornalfatosenoticias.com.br\/#website"},"primaryImageOfPage":{"@id":"https:\/\/jornalfatosenoticias.com.br\/index.php\/2020\/11\/04\/audicao-apurada-e-a-principal-caracteristica-das-aranhas-cara-de-ogro-mesmo-sem-orelhas\/#primaryimage"},"image":{"@id":"https:\/\/jornalfatosenoticias.com.br\/index.php\/2020\/11\/04\/audicao-apurada-e-a-principal-caracteristica-das-aranhas-cara-de-ogro-mesmo-sem-orelhas\/#primaryimage"},"thumbnailUrl":"https:\/\/jornalfatosenoticias.com.br\/wp-content\/uploads\/2020\/11\/aranha_cara_de_ogro.jpg","datePublished":"2020-11-04T13:52:26+00:00","dateModified":"2020-11-04T13:52:31+00:00","breadcrumb":{"@id":"https:\/\/jornalfatosenoticias.com.br\/index.php\/2020\/11\/04\/audicao-apurada-e-a-principal-caracteristica-das-aranhas-cara-de-ogro-mesmo-sem-orelhas\/#breadcrumb"},"inLanguage":"pt-BR","potentialAction":[{"@type":"ReadAction","target":["https:\/\/jornalfatosenoticias.com.br\/index.php\/2020\/11\/04\/audicao-apurada-e-a-principal-caracteristica-das-aranhas-cara-de-ogro-mesmo-sem-orelhas\/"]}]},{"@type":"ImageObject","inLanguage":"pt-BR","@id":"https:\/\/jornalfatosenoticias.com.br\/index.php\/2020\/11\/04\/audicao-apurada-e-a-principal-caracteristica-das-aranhas-cara-de-ogro-mesmo-sem-orelhas\/#primaryimage","url":"https:\/\/jornalfatosenoticias.com.br\/wp-content\/uploads\/2020\/11\/aranha_cara_de_ogro.jpg","contentUrl":"https:\/\/jornalfatosenoticias.com.br\/wp-content\/uploads\/2020\/11\/aranha_cara_de_ogro.jpg","width":1000,"height":562},{"@type":"BreadcrumbList","@id":"https:\/\/jornalfatosenoticias.com.br\/index.php\/2020\/11\/04\/audicao-apurada-e-a-principal-caracteristica-das-aranhas-cara-de-ogro-mesmo-sem-orelhas\/#breadcrumb","itemListElement":[{"@type":"ListItem","position":1,"name":"In\u00edcio","item":"https:\/\/jornalfatosenoticias.com.br\/"},{"@type":"ListItem","position":2,"name":"Audi\u00e7\u00e3o apurada \u00e9 a principal caracter\u00edstica das aranhas-cara-de-ogro \u2014 mesmo sem orelhas"}]},{"@type":"WebSite","@id":"https:\/\/jornalfatosenoticias.com.br\/#website","url":"https:\/\/jornalfatosenoticias.com.br\/","name":"Jornal Fatos e Not\u00edcias","description":"Not\u00edcias em geral","publisher":{"@id":"https:\/\/jornalfatosenoticias.com.br\/#organization"},"potentialAction":[{"@type":"SearchAction","target":{"@type":"EntryPoint","urlTemplate":"https:\/\/jornalfatosenoticias.com.br\/?s={search_term_string}"},"query-input":{"@type":"PropertyValueSpecification","valueRequired":true,"valueName":"search_term_string"}}],"inLanguage":"pt-BR"},{"@type":"Organization","@id":"https:\/\/jornalfatosenoticias.com.br\/#organization","name":"Jornal Fatos e Not\u00edcias","url":"https:\/\/jornalfatosenoticias.com.br\/","logo":{"@type":"ImageObject","inLanguage":"pt-BR","@id":"https:\/\/jornalfatosenoticias.com.br\/#\/schema\/logo\/image\/","url":"https:\/\/jornalfatosenoticias.com.br\/wp-content\/uploads\/2020\/02\/logo120.png","contentUrl":"https:\/\/jornalfatosenoticias.com.br\/wp-content\/uploads\/2020\/02\/logo120.png","width":1227,"height":120,"caption":"Jornal Fatos e Not\u00edcias"},"image":{"@id":"https:\/\/jornalfatosenoticias.com.br\/#\/schema\/logo\/image\/"}},{"@type":"Person","@id":"https:\/\/jornalfatosenoticias.com.br\/#\/schema\/person\/d63837fa13ac8666eb9e74e0985d6f81","name":"Luzimara Fernandes","image":{"@type":"ImageObject","inLanguage":"pt-BR","@id":"https:\/\/jornalfatosenoticias.com.br\/#\/schema\/person\/image\/","url":"https:\/\/jornalfatosenoticias.com.br\/wp-content\/uploads\/2025\/05\/EU_portal.jpg","contentUrl":"https:\/\/jornalfatosenoticias.com.br\/wp-content\/uploads\/2025\/05\/EU_portal.jpg","caption":"Luzimara Fernandes"},"description":"Jornalista MTB 2358-ES","sameAs":["https:\/\/jornalfatosenoticias.com.br"],"url":"https:\/\/jornalfatosenoticias.com.br\/index.php\/author\/luzimara\/"}]}},"cc_featured_image_caption":{"caption_text":"(Foto: Jay Stafstrom)","source_text":"","source_url":""},"jetpack_featured_media_url":"https:\/\/jornalfatosenoticias.com.br\/wp-content\/uploads\/2020\/11\/aranha_cara_de_ogro.jpg","_links":{"self":[{"href":"https:\/\/jornalfatosenoticias.com.br\/index.php\/wp-json\/wp\/v2\/posts\/10726","targetHints":{"allow":["GET"]}}],"collection":[{"href":"https:\/\/jornalfatosenoticias.com.br\/index.php\/wp-json\/wp\/v2\/posts"}],"about":[{"href":"https:\/\/jornalfatosenoticias.com.br\/index.php\/wp-json\/wp\/v2\/types\/post"}],"author":[{"embeddable":true,"href":"https:\/\/jornalfatosenoticias.com.br\/index.php\/wp-json\/wp\/v2\/users\/2"}],"replies":[{"embeddable":true,"href":"https:\/\/jornalfatosenoticias.com.br\/index.php\/wp-json\/wp\/v2\/comments?post=10726"}],"version-history":[{"count":0,"href":"https:\/\/jornalfatosenoticias.com.br\/index.php\/wp-json\/wp\/v2\/posts\/10726\/revisions"}],"wp:featuredmedia":[{"embeddable":true,"href":"https:\/\/jornalfatosenoticias.com.br\/index.php\/wp-json\/wp\/v2\/media\/10728"}],"wp:attachment":[{"href":"https:\/\/jornalfatosenoticias.com.br\/index.php\/wp-json\/wp\/v2\/media?parent=10726"}],"wp:term":[{"taxonomy":"category","embeddable":true,"href":"https:\/\/jornalfatosenoticias.com.br\/index.php\/wp-json\/wp\/v2\/categories?post=10726"},{"taxonomy":"post_tag","embeddable":true,"href":"https:\/\/jornalfatosenoticias.com.br\/index.php\/wp-json\/wp\/v2\/tags?post=10726"}],"curies":[{"name":"wp","href":"https:\/\/api.w.org\/{rel}","templated":true}]}}