{"id":10783,"date":"2020-11-05T18:16:58","date_gmt":"2020-11-05T21:16:58","guid":{"rendered":"https:\/\/jornalfatosenoticias.com.br\/?p=10783"},"modified":"2020-11-05T18:17:03","modified_gmt":"2020-11-05T21:17:03","slug":"e-o-adolescente-momento-da-mistura-da-liberdade-e-dependencia-parte-iii","status":"publish","type":"post","link":"https:\/\/jornalfatosenoticias.com.br\/index.php\/2020\/11\/05\/e-o-adolescente-momento-da-mistura-da-liberdade-e-dependencia-parte-iii\/","title":{"rendered":"E o Adolescente? Momento da mistura da liberdade e depend\u00eancia \u2014 Parte III"},"content":{"rendered":"\n<p>Faz-se necess\u00e1rio considerar que esta condi\u00e7\u00e3o mista de autonomia e n\u00e3o responsabilidade civil, transforma certos adolescentes em verdadeiras bombas-rel\u00f3gio. Como n\u00e3o lemos muito, achamos \u2014 eu n\u00e3o \u2014 que o Estatuto da Crian\u00e7a e do Adolescente (ECA) \u00e9 paternalista e acoberta os adolescentes delinquentes. Mas ser\u00e1 que com os adultos delinquentes e criminosos temos executado a lei? Quem \u00e9 responsabilizado e enquadrado na lei? Preciso lembrar que menos de 5% da totalidade dos crimes \u00e9 cometido por adolescentes. 5%. O ECA, que j\u00e1 completou 30 anos, precisa ser implementado efetivamente. Escrito, ele \u00e9 bem completo, na pr\u00e1tica, parece que continuamos com o ultrapassado \u201cc\u00f3digo de menores\u201d. N\u00e3o entendemos at\u00e9 hoje a mudan\u00e7a de paradigmas que o Estatuto trouxe. Do termo \u201cmenor\u201d, carregado de teor legal, para crian\u00e7a e adolescente<br>Pela caracter\u00edstica de fase de transi\u00e7\u00e3o entre a inf\u00e2ncia e a adultice, a adolesc\u00eancia tem um grande potencial. Tudo pode ficar not\u00e1vel. E, claro, as condutas de risco chegam \u00e0s raias do insuport\u00e1vel para a fam\u00edlia. As psicopatologias, quando ocorrem, s\u00e3o exacerbadas. E, pela intensidade das mudan\u00e7as, a cachoeira hormonal, este \u00e9 um ind\u00edcio de gravidade da doen\u00e7a ps\u00edquica, o primeiro surto ser na adolesc\u00eancia. Esta fase \u00e9 arrebatada por grandes paix\u00f5es e grandes abandonos. Causas que podem custar a vida e indiferen\u00e7as inabal\u00e1veis. Os contrastes de ideias e emo\u00e7\u00f5es precisam conviver, com a mesma intensidade.<br>Mas, nem tudo pode ser visto pelas lentes po\u00e9ticas. A adolesc\u00eancia tem passagens estreitas, sufocantes, e grandes amplitudes, angustiantes. H\u00e1 uma peculiaridade que pode adquirir grandes propor\u00e7\u00f5es: a mentira. O adolescente desenvolve a capacidade de mentir, at\u00e9 ent\u00e3o muito atrofiada pela caracter\u00edstica sinceridade da inf\u00e2ncia. A crian\u00e7a fala verdade at\u00e9 quando poderia, pelo menos, ficar calada. S\u00e3o muitas as situa\u00e7\u00f5es de constrangimento social nas quais uma crian\u00e7a pode colocar um adulto. Facilmente ela pode perguntar para a m\u00e3e, dentro do elevador do pr\u00e9dio, por que ela est\u00e1 sorrindo e conversando com aquela vizinha que ela sempre diz em casa que \u00e9 muito chata. Ela n\u00e3o entende ainda que, em nome de regras sociais se cumprimenta, amistosamente, as pessoas chatas quando s\u00e3o vizinhas. Seu entendimento \u00e9 mais simples, bin\u00e1rio na maioria das vezes. Com a chegada da adolesc\u00eancia ela descobre que a verdade nem sempre \u00e9 conveniente. E, mais que isso. Que ela vai precisar omitir e mentir para burlar regras de disciplina, hor\u00e1rios e locais aonde vai.<\/p>\n\n\n\n<div class=\"wp-block-jetpack-slideshow aligncenter\" data-effect=\"slide\"><div class=\"wp-block-jetpack-slideshow_container swiper-container\"><ul class=\"wp-block-jetpack-slideshow_swiper-wrapper swiper-wrapper\"><li class=\"wp-block-jetpack-slideshow_slide swiper-slide\"><figure><img loading=\"lazy\" decoding=\"async\" width=\"1000\" height=\"573\" alt=\"\" class=\"wp-block-jetpack-slideshow_image wp-image-10784\" data-id=\"10784\" src=\"https:\/\/jornalfatosenoticias.com.br\/wp-content\/uploads\/2020\/11\/cena-do-classico-adolescente-curtindo-a-vida-adoidado-de-john-hughes.jpg\" srcset=\"https:\/\/jornalfatosenoticias.com.br\/wp-content\/uploads\/2020\/11\/cena-do-classico-adolescente-curtindo-a-vida-adoidado-de-john-hughes.jpg 1000w, https:\/\/jornalfatosenoticias.com.br\/wp-content\/uploads\/2020\/11\/cena-do-classico-adolescente-curtindo-a-vida-adoidado-de-john-hughes-300x172.jpg 300w, https:\/\/jornalfatosenoticias.com.br\/wp-content\/uploads\/2020\/11\/cena-do-classico-adolescente-curtindo-a-vida-adoidado-de-john-hughes-768x440.jpg 768w\" sizes=\"auto, (max-width: 1000px) 100vw, 1000px\" \/><figcaption class=\"wp-block-jetpack-slideshow_caption gallery-caption\">Cena do cl\u00e1ssico adolescente &#8220;Curtindo a Vida Adoidado&#8221;, de John Hughes (Foto: Paramount\/Divulga\u00e7\u00e3o) <\/figcaption><\/figure><\/li><li class=\"wp-block-jetpack-slideshow_slide swiper-slide\"><figure><img loading=\"lazy\" decoding=\"async\" width=\"1000\" height=\"659\" alt=\"\" class=\"wp-block-jetpack-slideshow_image wp-image-10785\" data-id=\"10785\" src=\"https:\/\/jornalfatosenoticias.com.br\/wp-content\/uploads\/2020\/11\/justin-cooper-e-jim-carrey-estrelam-a-otima-comedia-o-mentiroso.jpg\" srcset=\"https:\/\/jornalfatosenoticias.com.br\/wp-content\/uploads\/2020\/11\/justin-cooper-e-jim-carrey-estrelam-a-otima-comedia-o-mentiroso.jpg 1000w, https:\/\/jornalfatosenoticias.com.br\/wp-content\/uploads\/2020\/11\/justin-cooper-e-jim-carrey-estrelam-a-otima-comedia-o-mentiroso-300x198.jpg 300w, https:\/\/jornalfatosenoticias.com.br\/wp-content\/uploads\/2020\/11\/justin-cooper-e-jim-carrey-estrelam-a-otima-comedia-o-mentiroso-768x506.jpg 768w\" sizes=\"auto, (max-width: 1000px) 100vw, 1000px\" \/><figcaption class=\"wp-block-jetpack-slideshow_caption gallery-caption\"> Justin Cooper e Jim Carrey estrelam a \u00f3tima com\u00e9dia &#8220;O Mentiroso&#8221; (Foto: Universal Filmes\/Divulga\u00e7\u00e3o) <\/figcaption><\/figure><\/li><\/ul><a class=\"wp-block-jetpack-slideshow_button-prev swiper-button-prev swiper-button-white\" role=\"button\"><\/a><a class=\"wp-block-jetpack-slideshow_button-next swiper-button-next swiper-button-white\" role=\"button\"><\/a><a aria-label=\"Pause Slideshow\" class=\"wp-block-jetpack-slideshow_button-pause\" role=\"button\"><\/a><div class=\"wp-block-jetpack-slideshow_pagination swiper-pagination swiper-pagination-white\"><\/div><\/div><\/div>\n\n\n\n<p>O adolescente precisa mentir para expandir sua liberdade. O risco de ser flagrado mentindo \u00e9 cada vez melhor calculado. Assim como a \u201cexplica\u00e7\u00e3o\u201d quando \u00e9 questionado e descoberto vai ganhando rapidez e subst\u00e2ncia nos argumentos. Para duelar com a m\u00e3e ou o pai, mostrando coer\u00eancia nas respostas, evitando as contradi\u00e7\u00f5es, usando a l\u00f3gica, fazendo frente \u00e0s d\u00favidas e questionamentos que brotam da cabe\u00e7a do adulto que reconhece a possibilidade de ser mentira, porque j\u00e1 foi adolescente, e conseguir se safar, \u00e9 uma opera\u00e7\u00e3o que exige cada vez mais habilidade na aten\u00e7\u00e3o e rapidez. Tarefa dif\u00edcil. N\u00e3o estou fazendo aqui a apologia da mentira. Longe disso. Mas, \u00e9 preciso compreender que este \u00e9 um treinamento para a rapidez e a efici\u00eancia da capacidade de argumenta\u00e7\u00e3o, que vai necessitar na vida adulta, para defender teses e verdades. A mentira da adolesc\u00eancia cumpre esta fun\u00e7\u00e3o do desenvolvimento cognitivo.<br>Poder\u00edamos at\u00e9 pensar que seria facilitador pular estes comportamentos nesta idade, e passar uma adolesc\u00eancia em brancas nuvens. Mas o que nos mostra a experi\u00eancia \u00e9 que ela vir\u00e1. Aos 30, 40 anos, se tem muito mais a perder. A adolesc\u00eancia tardia, al\u00e9m de desencontrada com os pares, pode trazer muitos preju\u00edzos, magoar pessoas queridas, sendo, muitas vezes, motivo de chacota. H\u00e1 tamb\u00e9m a adolesc\u00eancia que n\u00e3o tem seu devido processo de finaliza\u00e7\u00e3o com a passagem para a vida adulta. Toda adolesc\u00eancia deve ter come\u00e7o, meio e fim, mesmo que n\u00e3o se consiga saber nada sobre estas datas, ou que haja retornos em meio \u00e0 sua vig\u00eancia. N\u00e3o \u00e9 um processo retil\u00edneo, como nada na vida. Mas, mesmo sendo uma turbul\u00eancia, ela \u00e9 saud\u00e1vel para a mente.<\/p>\n","protected":false},"excerpt":{"rendered":"<p>Faz-se necess\u00e1rio considerar que esta condi\u00e7\u00e3o mista de autonomia e n\u00e3o responsabilidade civil, transforma certos adolescentes em verdadeiras bombas-rel\u00f3gio. Como n\u00e3o lemos muito, achamos \u2014 eu n\u00e3o \u2014 que o Estatuto da Crian\u00e7a e do Adolescente (ECA) \u00e9 paternalista e acoberta os adolescentes delinquentes. Mas ser\u00e1 que com os adultos delinquentes e criminosos temos executado [&hellip;]<\/p>\n","protected":false},"author":8,"featured_media":10786,"comment_status":"open","ping_status":"open","sticky":false,"template":"","format":"standard","meta":{"footnotes":""},"categories":[2522],"tags":[2811,1211,4187,1928],"class_list":["post-10783","post","type-post","status-publish","format-standard","has-post-thumbnail","hentry","category-comportamento","tag-adolescentes","tag-confianca","tag-liberdade","tag-mentira"],"yoast_head":"<!-- This site is optimized with the Yoast SEO plugin v26.5 - https:\/\/yoast.com\/wordpress\/plugins\/seo\/ -->\n<title>E o Adolescente? Momento da mistura da liberdade e depend\u00eancia \u2014 Parte III - Jornal Fatos e Not\u00edcias<\/title>\n<meta name=\"robots\" content=\"index, follow, max-snippet:-1, max-image-preview:large, max-video-preview:-1\" \/>\n<link rel=\"canonical\" href=\"https:\/\/jornalfatosenoticias.com.br\/index.php\/2020\/11\/05\/e-o-adolescente-momento-da-mistura-da-liberdade-e-dependencia-parte-iii\/\" \/>\n<meta property=\"og:locale\" content=\"pt_BR\" \/>\n<meta property=\"og:type\" content=\"article\" \/>\n<meta property=\"og:title\" content=\"E o Adolescente? Momento da mistura da liberdade e depend\u00eancia \u2014 Parte III - Jornal Fatos e Not\u00edcias\" \/>\n<meta property=\"og:description\" content=\"Faz-se necess\u00e1rio considerar que esta condi\u00e7\u00e3o mista de autonomia e n\u00e3o responsabilidade civil, transforma certos adolescentes em verdadeiras bombas-rel\u00f3gio. Como n\u00e3o lemos muito, achamos \u2014 eu n\u00e3o \u2014 que o Estatuto da Crian\u00e7a e do Adolescente (ECA) \u00e9 paternalista e acoberta os adolescentes delinquentes. Mas ser\u00e1 que com os adultos delinquentes e criminosos temos executado [&hellip;]\" \/>\n<meta property=\"og:url\" content=\"https:\/\/jornalfatosenoticias.com.br\/index.php\/2020\/11\/05\/e-o-adolescente-momento-da-mistura-da-liberdade-e-dependencia-parte-iii\/\" \/>\n<meta property=\"og:site_name\" content=\"Jornal Fatos e Not\u00edcias\" \/>\n<meta property=\"article:published_time\" content=\"2020-11-05T21:16:58+00:00\" \/>\n<meta property=\"article:modified_time\" content=\"2020-11-05T21:17:03+00:00\" \/>\n<meta property=\"og:image\" content=\"https:\/\/jornalfatosenoticias.com.br\/wp-content\/uploads\/2020\/11\/adolescente-mae-familia-mentira.jpg\" \/>\n\t<meta property=\"og:image:width\" content=\"1000\" \/>\n\t<meta property=\"og:image:height\" content=\"863\" \/>\n\t<meta property=\"og:image:type\" content=\"image\/jpeg\" \/>\n<meta name=\"author\" content=\"Ana Maria Iencarelli\" \/>\n<meta name=\"twitter:card\" content=\"summary_large_image\" \/>\n<meta name=\"twitter:label1\" content=\"Escrito por\" \/>\n\t<meta name=\"twitter:data1\" content=\"Ana Maria Iencarelli\" \/>\n\t<meta name=\"twitter:label2\" content=\"Est. tempo de leitura\" \/>\n\t<meta name=\"twitter:data2\" content=\"4 minutos\" \/>\n<script type=\"application\/ld+json\" class=\"yoast-schema-graph\">{\"@context\":\"https:\/\/schema.org\",\"@graph\":[{\"@type\":\"Article\",\"@id\":\"https:\/\/jornalfatosenoticias.com.br\/index.php\/2020\/11\/05\/e-o-adolescente-momento-da-mistura-da-liberdade-e-dependencia-parte-iii\/#article\",\"isPartOf\":{\"@id\":\"https:\/\/jornalfatosenoticias.com.br\/index.php\/2020\/11\/05\/e-o-adolescente-momento-da-mistura-da-liberdade-e-dependencia-parte-iii\/\"},\"author\":{\"name\":\"Ana Maria Iencarelli\",\"@id\":\"https:\/\/jornalfatosenoticias.com.br\/#\/schema\/person\/c33fcf5fb02d729d3fec92c6737a22d1\"},\"headline\":\"E o Adolescente? Momento da mistura da liberdade e depend\u00eancia \u2014 Parte III\",\"datePublished\":\"2020-11-05T21:16:58+00:00\",\"dateModified\":\"2020-11-05T21:17:03+00:00\",\"mainEntityOfPage\":{\"@id\":\"https:\/\/jornalfatosenoticias.com.br\/index.php\/2020\/11\/05\/e-o-adolescente-momento-da-mistura-da-liberdade-e-dependencia-parte-iii\/\"},\"wordCount\":764,\"commentCount\":0,\"publisher\":{\"@id\":\"https:\/\/jornalfatosenoticias.com.br\/#organization\"},\"image\":{\"@id\":\"https:\/\/jornalfatosenoticias.com.br\/index.php\/2020\/11\/05\/e-o-adolescente-momento-da-mistura-da-liberdade-e-dependencia-parte-iii\/#primaryimage\"},\"thumbnailUrl\":\"https:\/\/jornalfatosenoticias.com.br\/wp-content\/uploads\/2020\/11\/adolescente-mae-familia-mentira.jpg\",\"keywords\":[\"adolescentes\",\"confian\u00e7a\",\"liberdade\",\"mentira\"],\"articleSection\":[\"Comportamento &amp; Equil\u00edbrio\"],\"inLanguage\":\"pt-BR\",\"potentialAction\":[{\"@type\":\"CommentAction\",\"name\":\"Comment\",\"target\":[\"https:\/\/jornalfatosenoticias.com.br\/index.php\/2020\/11\/05\/e-o-adolescente-momento-da-mistura-da-liberdade-e-dependencia-parte-iii\/#respond\"]}]},{\"@type\":\"WebPage\",\"@id\":\"https:\/\/jornalfatosenoticias.com.br\/index.php\/2020\/11\/05\/e-o-adolescente-momento-da-mistura-da-liberdade-e-dependencia-parte-iii\/\",\"url\":\"https:\/\/jornalfatosenoticias.com.br\/index.php\/2020\/11\/05\/e-o-adolescente-momento-da-mistura-da-liberdade-e-dependencia-parte-iii\/\",\"name\":\"E o Adolescente? Momento da mistura da liberdade e depend\u00eancia \u2014 Parte III - Jornal Fatos e Not\u00edcias\",\"isPartOf\":{\"@id\":\"https:\/\/jornalfatosenoticias.com.br\/#website\"},\"primaryImageOfPage\":{\"@id\":\"https:\/\/jornalfatosenoticias.com.br\/index.php\/2020\/11\/05\/e-o-adolescente-momento-da-mistura-da-liberdade-e-dependencia-parte-iii\/#primaryimage\"},\"image\":{\"@id\":\"https:\/\/jornalfatosenoticias.com.br\/index.php\/2020\/11\/05\/e-o-adolescente-momento-da-mistura-da-liberdade-e-dependencia-parte-iii\/#primaryimage\"},\"thumbnailUrl\":\"https:\/\/jornalfatosenoticias.com.br\/wp-content\/uploads\/2020\/11\/adolescente-mae-familia-mentira.jpg\",\"datePublished\":\"2020-11-05T21:16:58+00:00\",\"dateModified\":\"2020-11-05T21:17:03+00:00\",\"breadcrumb\":{\"@id\":\"https:\/\/jornalfatosenoticias.com.br\/index.php\/2020\/11\/05\/e-o-adolescente-momento-da-mistura-da-liberdade-e-dependencia-parte-iii\/#breadcrumb\"},\"inLanguage\":\"pt-BR\",\"potentialAction\":[{\"@type\":\"ReadAction\",\"target\":[\"https:\/\/jornalfatosenoticias.com.br\/index.php\/2020\/11\/05\/e-o-adolescente-momento-da-mistura-da-liberdade-e-dependencia-parte-iii\/\"]}]},{\"@type\":\"ImageObject\",\"inLanguage\":\"pt-BR\",\"@id\":\"https:\/\/jornalfatosenoticias.com.br\/index.php\/2020\/11\/05\/e-o-adolescente-momento-da-mistura-da-liberdade-e-dependencia-parte-iii\/#primaryimage\",\"url\":\"https:\/\/jornalfatosenoticias.com.br\/wp-content\/uploads\/2020\/11\/adolescente-mae-familia-mentira.jpg\",\"contentUrl\":\"https:\/\/jornalfatosenoticias.com.br\/wp-content\/uploads\/2020\/11\/adolescente-mae-familia-mentira.jpg\",\"width\":1000,\"height\":863},{\"@type\":\"BreadcrumbList\",\"@id\":\"https:\/\/jornalfatosenoticias.com.br\/index.php\/2020\/11\/05\/e-o-adolescente-momento-da-mistura-da-liberdade-e-dependencia-parte-iii\/#breadcrumb\",\"itemListElement\":[{\"@type\":\"ListItem\",\"position\":1,\"name\":\"In\u00edcio\",\"item\":\"https:\/\/jornalfatosenoticias.com.br\/\"},{\"@type\":\"ListItem\",\"position\":2,\"name\":\"E o Adolescente? Momento da mistura da liberdade e depend\u00eancia \u2014 Parte III\"}]},{\"@type\":\"WebSite\",\"@id\":\"https:\/\/jornalfatosenoticias.com.br\/#website\",\"url\":\"https:\/\/jornalfatosenoticias.com.br\/\",\"name\":\"Jornal Fatos e Not\u00edcias\",\"description\":\"Not\u00edcias em geral\",\"publisher\":{\"@id\":\"https:\/\/jornalfatosenoticias.com.br\/#organization\"},\"potentialAction\":[{\"@type\":\"SearchAction\",\"target\":{\"@type\":\"EntryPoint\",\"urlTemplate\":\"https:\/\/jornalfatosenoticias.com.br\/?s={search_term_string}\"},\"query-input\":{\"@type\":\"PropertyValueSpecification\",\"valueRequired\":true,\"valueName\":\"search_term_string\"}}],\"inLanguage\":\"pt-BR\"},{\"@type\":\"Organization\",\"@id\":\"https:\/\/jornalfatosenoticias.com.br\/#organization\",\"name\":\"Jornal Fatos e Not\u00edcias\",\"url\":\"https:\/\/jornalfatosenoticias.com.br\/\",\"logo\":{\"@type\":\"ImageObject\",\"inLanguage\":\"pt-BR\",\"@id\":\"https:\/\/jornalfatosenoticias.com.br\/#\/schema\/logo\/image\/\",\"url\":\"https:\/\/jornalfatosenoticias.com.br\/wp-content\/uploads\/2020\/02\/logo120.png\",\"contentUrl\":\"https:\/\/jornalfatosenoticias.com.br\/wp-content\/uploads\/2020\/02\/logo120.png\",\"width\":1227,\"height\":120,\"caption\":\"Jornal Fatos e Not\u00edcias\"},\"image\":{\"@id\":\"https:\/\/jornalfatosenoticias.com.br\/#\/schema\/logo\/image\/\"}},{\"@type\":\"Person\",\"@id\":\"https:\/\/jornalfatosenoticias.com.br\/#\/schema\/person\/c33fcf5fb02d729d3fec92c6737a22d1\",\"name\":\"Ana Maria Iencarelli\",\"image\":{\"@type\":\"ImageObject\",\"inLanguage\":\"pt-BR\",\"@id\":\"https:\/\/jornalfatosenoticias.com.br\/#\/schema\/person\/image\/\",\"url\":\"https:\/\/jornalfatosenoticias.com.br\/wp-content\/uploads\/2020\/02\/Ana-Maria-Iencarelli-1-150x150.jpg\",\"contentUrl\":\"https:\/\/jornalfatosenoticias.com.br\/wp-content\/uploads\/2020\/02\/Ana-Maria-Iencarelli-1-150x150.jpg\",\"caption\":\"Ana Maria Iencarelli\"},\"description\":\"Psicanalista Cl\u00ednica, especializada no atendimento a Crian\u00e7as e Adolescentes. Presidente da ONG Vozes de Anjos.\",\"url\":\"https:\/\/jornalfatosenoticias.com.br\/index.php\/author\/anamaria\/\"}]}<\/script>\n<!-- \/ Yoast SEO plugin. -->","yoast_head_json":{"title":"E o Adolescente? Momento da mistura da liberdade e depend\u00eancia \u2014 Parte III - Jornal Fatos e Not\u00edcias","robots":{"index":"index","follow":"follow","max-snippet":"max-snippet:-1","max-image-preview":"max-image-preview:large","max-video-preview":"max-video-preview:-1"},"canonical":"https:\/\/jornalfatosenoticias.com.br\/index.php\/2020\/11\/05\/e-o-adolescente-momento-da-mistura-da-liberdade-e-dependencia-parte-iii\/","og_locale":"pt_BR","og_type":"article","og_title":"E o Adolescente? Momento da mistura da liberdade e depend\u00eancia \u2014 Parte III - Jornal Fatos e Not\u00edcias","og_description":"Faz-se necess\u00e1rio considerar que esta condi\u00e7\u00e3o mista de autonomia e n\u00e3o responsabilidade civil, transforma certos adolescentes em verdadeiras bombas-rel\u00f3gio. Como n\u00e3o lemos muito, achamos \u2014 eu n\u00e3o \u2014 que o Estatuto da Crian\u00e7a e do Adolescente (ECA) \u00e9 paternalista e acoberta os adolescentes delinquentes. Mas ser\u00e1 que com os adultos delinquentes e criminosos temos executado [&hellip;]","og_url":"https:\/\/jornalfatosenoticias.com.br\/index.php\/2020\/11\/05\/e-o-adolescente-momento-da-mistura-da-liberdade-e-dependencia-parte-iii\/","og_site_name":"Jornal Fatos e Not\u00edcias","article_published_time":"2020-11-05T21:16:58+00:00","article_modified_time":"2020-11-05T21:17:03+00:00","og_image":[{"width":1000,"height":863,"url":"https:\/\/jornalfatosenoticias.com.br\/wp-content\/uploads\/2020\/11\/adolescente-mae-familia-mentira.jpg","type":"image\/jpeg"}],"author":"Ana Maria Iencarelli","twitter_card":"summary_large_image","twitter_misc":{"Escrito por":"Ana Maria Iencarelli","Est. tempo de leitura":"4 minutos"},"schema":{"@context":"https:\/\/schema.org","@graph":[{"@type":"Article","@id":"https:\/\/jornalfatosenoticias.com.br\/index.php\/2020\/11\/05\/e-o-adolescente-momento-da-mistura-da-liberdade-e-dependencia-parte-iii\/#article","isPartOf":{"@id":"https:\/\/jornalfatosenoticias.com.br\/index.php\/2020\/11\/05\/e-o-adolescente-momento-da-mistura-da-liberdade-e-dependencia-parte-iii\/"},"author":{"name":"Ana Maria Iencarelli","@id":"https:\/\/jornalfatosenoticias.com.br\/#\/schema\/person\/c33fcf5fb02d729d3fec92c6737a22d1"},"headline":"E o Adolescente? Momento da mistura da liberdade e depend\u00eancia \u2014 Parte III","datePublished":"2020-11-05T21:16:58+00:00","dateModified":"2020-11-05T21:17:03+00:00","mainEntityOfPage":{"@id":"https:\/\/jornalfatosenoticias.com.br\/index.php\/2020\/11\/05\/e-o-adolescente-momento-da-mistura-da-liberdade-e-dependencia-parte-iii\/"},"wordCount":764,"commentCount":0,"publisher":{"@id":"https:\/\/jornalfatosenoticias.com.br\/#organization"},"image":{"@id":"https:\/\/jornalfatosenoticias.com.br\/index.php\/2020\/11\/05\/e-o-adolescente-momento-da-mistura-da-liberdade-e-dependencia-parte-iii\/#primaryimage"},"thumbnailUrl":"https:\/\/jornalfatosenoticias.com.br\/wp-content\/uploads\/2020\/11\/adolescente-mae-familia-mentira.jpg","keywords":["adolescentes","confian\u00e7a","liberdade","mentira"],"articleSection":["Comportamento &amp; Equil\u00edbrio"],"inLanguage":"pt-BR","potentialAction":[{"@type":"CommentAction","name":"Comment","target":["https:\/\/jornalfatosenoticias.com.br\/index.php\/2020\/11\/05\/e-o-adolescente-momento-da-mistura-da-liberdade-e-dependencia-parte-iii\/#respond"]}]},{"@type":"WebPage","@id":"https:\/\/jornalfatosenoticias.com.br\/index.php\/2020\/11\/05\/e-o-adolescente-momento-da-mistura-da-liberdade-e-dependencia-parte-iii\/","url":"https:\/\/jornalfatosenoticias.com.br\/index.php\/2020\/11\/05\/e-o-adolescente-momento-da-mistura-da-liberdade-e-dependencia-parte-iii\/","name":"E o Adolescente? Momento da mistura da liberdade e depend\u00eancia \u2014 Parte III - Jornal Fatos e Not\u00edcias","isPartOf":{"@id":"https:\/\/jornalfatosenoticias.com.br\/#website"},"primaryImageOfPage":{"@id":"https:\/\/jornalfatosenoticias.com.br\/index.php\/2020\/11\/05\/e-o-adolescente-momento-da-mistura-da-liberdade-e-dependencia-parte-iii\/#primaryimage"},"image":{"@id":"https:\/\/jornalfatosenoticias.com.br\/index.php\/2020\/11\/05\/e-o-adolescente-momento-da-mistura-da-liberdade-e-dependencia-parte-iii\/#primaryimage"},"thumbnailUrl":"https:\/\/jornalfatosenoticias.com.br\/wp-content\/uploads\/2020\/11\/adolescente-mae-familia-mentira.jpg","datePublished":"2020-11-05T21:16:58+00:00","dateModified":"2020-11-05T21:17:03+00:00","breadcrumb":{"@id":"https:\/\/jornalfatosenoticias.com.br\/index.php\/2020\/11\/05\/e-o-adolescente-momento-da-mistura-da-liberdade-e-dependencia-parte-iii\/#breadcrumb"},"inLanguage":"pt-BR","potentialAction":[{"@type":"ReadAction","target":["https:\/\/jornalfatosenoticias.com.br\/index.php\/2020\/11\/05\/e-o-adolescente-momento-da-mistura-da-liberdade-e-dependencia-parte-iii\/"]}]},{"@type":"ImageObject","inLanguage":"pt-BR","@id":"https:\/\/jornalfatosenoticias.com.br\/index.php\/2020\/11\/05\/e-o-adolescente-momento-da-mistura-da-liberdade-e-dependencia-parte-iii\/#primaryimage","url":"https:\/\/jornalfatosenoticias.com.br\/wp-content\/uploads\/2020\/11\/adolescente-mae-familia-mentira.jpg","contentUrl":"https:\/\/jornalfatosenoticias.com.br\/wp-content\/uploads\/2020\/11\/adolescente-mae-familia-mentira.jpg","width":1000,"height":863},{"@type":"BreadcrumbList","@id":"https:\/\/jornalfatosenoticias.com.br\/index.php\/2020\/11\/05\/e-o-adolescente-momento-da-mistura-da-liberdade-e-dependencia-parte-iii\/#breadcrumb","itemListElement":[{"@type":"ListItem","position":1,"name":"In\u00edcio","item":"https:\/\/jornalfatosenoticias.com.br\/"},{"@type":"ListItem","position":2,"name":"E o Adolescente? Momento da mistura da liberdade e depend\u00eancia \u2014 Parte III"}]},{"@type":"WebSite","@id":"https:\/\/jornalfatosenoticias.com.br\/#website","url":"https:\/\/jornalfatosenoticias.com.br\/","name":"Jornal Fatos e Not\u00edcias","description":"Not\u00edcias em geral","publisher":{"@id":"https:\/\/jornalfatosenoticias.com.br\/#organization"},"potentialAction":[{"@type":"SearchAction","target":{"@type":"EntryPoint","urlTemplate":"https:\/\/jornalfatosenoticias.com.br\/?s={search_term_string}"},"query-input":{"@type":"PropertyValueSpecification","valueRequired":true,"valueName":"search_term_string"}}],"inLanguage":"pt-BR"},{"@type":"Organization","@id":"https:\/\/jornalfatosenoticias.com.br\/#organization","name":"Jornal Fatos e Not\u00edcias","url":"https:\/\/jornalfatosenoticias.com.br\/","logo":{"@type":"ImageObject","inLanguage":"pt-BR","@id":"https:\/\/jornalfatosenoticias.com.br\/#\/schema\/logo\/image\/","url":"https:\/\/jornalfatosenoticias.com.br\/wp-content\/uploads\/2020\/02\/logo120.png","contentUrl":"https:\/\/jornalfatosenoticias.com.br\/wp-content\/uploads\/2020\/02\/logo120.png","width":1227,"height":120,"caption":"Jornal Fatos e Not\u00edcias"},"image":{"@id":"https:\/\/jornalfatosenoticias.com.br\/#\/schema\/logo\/image\/"}},{"@type":"Person","@id":"https:\/\/jornalfatosenoticias.com.br\/#\/schema\/person\/c33fcf5fb02d729d3fec92c6737a22d1","name":"Ana Maria Iencarelli","image":{"@type":"ImageObject","inLanguage":"pt-BR","@id":"https:\/\/jornalfatosenoticias.com.br\/#\/schema\/person\/image\/","url":"https:\/\/jornalfatosenoticias.com.br\/wp-content\/uploads\/2020\/02\/Ana-Maria-Iencarelli-1-150x150.jpg","contentUrl":"https:\/\/jornalfatosenoticias.com.br\/wp-content\/uploads\/2020\/02\/Ana-Maria-Iencarelli-1-150x150.jpg","caption":"Ana Maria Iencarelli"},"description":"Psicanalista Cl\u00ednica, especializada no atendimento a Crian\u00e7as e Adolescentes. Presidente da ONG Vozes de Anjos.","url":"https:\/\/jornalfatosenoticias.com.br\/index.php\/author\/anamaria\/"}]}},"cc_featured_image_caption":{"caption_text":"(Foto: Getty Images) ","source_text":"","source_url":""},"jetpack_featured_media_url":"https:\/\/jornalfatosenoticias.com.br\/wp-content\/uploads\/2020\/11\/adolescente-mae-familia-mentira.jpg","_links":{"self":[{"href":"https:\/\/jornalfatosenoticias.com.br\/index.php\/wp-json\/wp\/v2\/posts\/10783","targetHints":{"allow":["GET"]}}],"collection":[{"href":"https:\/\/jornalfatosenoticias.com.br\/index.php\/wp-json\/wp\/v2\/posts"}],"about":[{"href":"https:\/\/jornalfatosenoticias.com.br\/index.php\/wp-json\/wp\/v2\/types\/post"}],"author":[{"embeddable":true,"href":"https:\/\/jornalfatosenoticias.com.br\/index.php\/wp-json\/wp\/v2\/users\/8"}],"replies":[{"embeddable":true,"href":"https:\/\/jornalfatosenoticias.com.br\/index.php\/wp-json\/wp\/v2\/comments?post=10783"}],"version-history":[{"count":0,"href":"https:\/\/jornalfatosenoticias.com.br\/index.php\/wp-json\/wp\/v2\/posts\/10783\/revisions"}],"wp:featuredmedia":[{"embeddable":true,"href":"https:\/\/jornalfatosenoticias.com.br\/index.php\/wp-json\/wp\/v2\/media\/10786"}],"wp:attachment":[{"href":"https:\/\/jornalfatosenoticias.com.br\/index.php\/wp-json\/wp\/v2\/media?parent=10783"}],"wp:term":[{"taxonomy":"category","embeddable":true,"href":"https:\/\/jornalfatosenoticias.com.br\/index.php\/wp-json\/wp\/v2\/categories?post=10783"},{"taxonomy":"post_tag","embeddable":true,"href":"https:\/\/jornalfatosenoticias.com.br\/index.php\/wp-json\/wp\/v2\/tags?post=10783"}],"curies":[{"name":"wp","href":"https:\/\/api.w.org\/{rel}","templated":true}]}}