{"id":10799,"date":"2020-11-05T18:34:40","date_gmt":"2020-11-05T21:34:40","guid":{"rendered":"https:\/\/jornalfatosenoticias.com.br\/?p=10799"},"modified":"2020-11-05T18:34:45","modified_gmt":"2020-11-05T21:34:45","slug":"um-em-cada-quatro-alunos-do-2o-ano-nao-sabe-escrever-uma-palavra-de-tres-silabas","status":"publish","type":"post","link":"https:\/\/jornalfatosenoticias.com.br\/index.php\/2020\/11\/05\/um-em-cada-quatro-alunos-do-2o-ano-nao-sabe-escrever-uma-palavra-de-tres-silabas\/","title":{"rendered":"Um em cada quatro alunos do 2\u00ba ano n\u00e3o sabe escrever uma palavra de tr\u00eas s\u00edlabas"},"content":{"rendered":"\n<h6 class=\"wp-block-heading\"><em>Os dados evidenciam tamb\u00e9m desigualdades em rela\u00e7\u00e3o \u00e0s zonas rurais e urbanas e \u00e0s regi\u00f5es do Brasil. Em L\u00edngua Portuguesa, 10 Estados tiveram resultados acima da m\u00e9dia nacional, de 750 pontos<\/em><\/h6>\n\n\n\n<p>Um em cada quatro alunos do 2\u00ba ano do ensino fundamental (oito anos) n\u00e3o sabe escrever uma palavra de tr\u00eas s\u00edlabas a partir de um ditado. Esse e outros dados fazem parte dos resultados do Sistema de Avalia\u00e7\u00e3o da Educa\u00e7\u00e3o B\u00e1sica (Saeb), divulgados nesta quarta-feira (4) pelo Minist\u00e9rio da Educa\u00e7\u00e3o (MEC) e o Instituto Nacional de Estudos e Pesquisas Educacionais An\u00edsio Teixeira (Inep).<br>A avalia\u00e7\u00e3o de Portugu\u00eas e Matem\u00e1tica, feita de modo amostral com 5,6 milh\u00f5es de estudantes, apontou que 27,5% est\u00e3o nos n\u00edveis 1, 2 e 3 de desempenho (em uma escala de 1 a 8) ou abaixo at\u00e9 do n\u00edvel m\u00ednimo. 17,8% dos alunos alcan\u00e7aram o n\u00edvel 4 \u2014 em que s\u00e3o capazes, por exemplo, de escrever palavras triss\u00edlabas ou localizam informa\u00e7\u00f5es expl\u00edcitas no final de um texto muito curto \u2014 e 55% est\u00e3o nos n\u00edveis de 5 a 8 (de maior desempenho em leitura e escrita).<br>S\u00f3 5% chegaram ao n\u00edvel 8, o mais avan\u00e7ado, em que o aluno \u00e9 capaz de inferir informa\u00e7\u00f5es em textos longos. Os resultados foram divulgados por n\u00edveis de profici\u00eancia, mas n\u00e3o foram indicados quais patamares s\u00e3o considerados adequados. A Base Nacional Comum Curricular (BNCC) define que a alfabetiza\u00e7\u00e3o das crian\u00e7as dever\u00e1 ocorrer at\u00e9 o segundo ano do ensino fundamental.<br>J\u00e1 em Matem\u00e1tica, a conclus\u00e3o \u00e9 de que metade est\u00e1 nos n\u00edveis de 1 a 4 (em uma escala de 1 a 8) ou abaixo at\u00e9 do n\u00edvel m\u00ednimo. Alunos com esse desempenho n\u00e3o s\u00e3o capazes, por exemplo, de identificar, em um calend\u00e1rio de determinado m\u00eas, o dia da semana em que esse m\u00eas se inicia.<br>Os dados evidenciam tamb\u00e9m desigualdades em rela\u00e7\u00e3o \u00e0s zonas rurais e urbanas e \u00e0s regi\u00f5es do Brasil. Em L\u00edngua Portuguesa, 10 Estados tiveram resultados acima da m\u00e9dia nacional, de 750 pontos. Esses Estados s\u00e3o: Cear\u00e1, S\u00e3o Paulo, Esp\u00edrito Santo, Rio de Janeiro, Minas Gerais, Paran\u00e1, Rio Grande do Sul, Santa Catarina e Goi\u00e1s. Os demais ficaram abaixo da m\u00e9dia.<br>H\u00e1 uma diferen\u00e7a de 52,76 pontos na avalia\u00e7\u00e3o entre o Estado com a maior m\u00e9dia em Portugu\u00eas (Cear\u00e1) e o Estado com a menor (Amap\u00e1). Centro-Oeste, Sudeste e Sul tamb\u00e9m predominam entre os melhores desempenhos de Matem\u00e1tica no 2\u00ba ano do ensino fundamental.<br>O Saeb vem sendo aplicado para o 5\u00ba e 9\u00ba ano do ensino fundamental. Os resultados das provas, juntamente com as taxas de aprova\u00e7\u00e3o, reprova\u00e7\u00e3o e abandono, apuradas no Censo Escolar, comp\u00f5em o \u00cdndice de Desenvolvimento da Educa\u00e7\u00e3o B\u00e1sica (Ideb). Essa \u00e9 a primeira vez que a prova foi a aplicada para avaliar a alfabetiza\u00e7\u00e3o de estudantes do 2\u00ba ano do fundamental.<\/p>\n\n\n\n<figure class=\"wp-block-image size-large\"><img loading=\"lazy\" decoding=\"async\" width=\"1000\" height=\"666\" src=\"https:\/\/jornalfatosenoticias.com.br\/wp-content\/uploads\/2020\/11\/crianca-que-nao-sabe-ler.jpg\" alt=\"\" class=\"wp-image-10800\" srcset=\"https:\/\/jornalfatosenoticias.com.br\/wp-content\/uploads\/2020\/11\/crianca-que-nao-sabe-ler.jpg 1000w, https:\/\/jornalfatosenoticias.com.br\/wp-content\/uploads\/2020\/11\/crianca-que-nao-sabe-ler-300x200.jpg 300w, https:\/\/jornalfatosenoticias.com.br\/wp-content\/uploads\/2020\/11\/crianca-que-nao-sabe-ler-768x511.jpg 768w\" sizes=\"auto, (max-width: 1000px) 100vw, 1000px\" \/><figcaption><em>(Foto: \u00a9Daniel Teixeira\/Estad\u00e3o)<\/em><\/figcaption><\/figure>\n\n\n\n<p>A aplica\u00e7\u00e3o do teste foi mediada \u2014 os aplicadores leram partes das quest\u00f5es para a turma. A ideia era que o desempenho dos estudantes em tarefas mais b\u00e1sicas de leitura pudesse ser medido mesmo que o estudante ainda n\u00e3o estivesse plenamente alfabetizado.<br>Em evento on-line de divulga\u00e7\u00e3o dos resultados, o ministro da Educa\u00e7\u00e3o, Milton Ribeiro, disse que o Saeb \u201cpassa a incorporar o desafio da avalia\u00e7\u00e3o dos n\u00edveis de alfabetiza\u00e7\u00e3o\u201d no segundo ano o fundamental. \u201cA partir desses dados poderemos produzir indicadores sobre as condi\u00e7\u00f5es de oferta de ensino e a contribui\u00e7\u00e3o para a melhoria da qualidade e redu\u00e7\u00e3o das desigualdades\u201d.<\/p>\n\n\n\n<p><strong><em>Fonte: <a href=\"https:\/\/www.msn.com\/pt-br\/noticias\/educacao\/um-em-cada-4-alunos-do-2%C2%BA-ano-n%C3%A3o-sabe-escrever-uma-palavra-de-3-s%C3%ADlabas\/ar-BB1aHrDc?li=AAggNbi\">MSN Not\u00edcias<\/a><\/em><\/strong><\/p>\n","protected":false},"excerpt":{"rendered":"<p>Os dados evidenciam tamb\u00e9m desigualdades em rela\u00e7\u00e3o \u00e0s zonas rurais e urbanas e \u00e0s regi\u00f5es do Brasil. Em L\u00edngua Portuguesa, 10 Estados tiveram resultados acima da m\u00e9dia nacional, de 750 pontos Um em cada quatro alunos do 2\u00ba ano do ensino fundamental (oito anos) n\u00e3o sabe escrever uma palavra de tr\u00eas s\u00edlabas a partir de [&hellip;]<\/p>\n","protected":false},"author":2,"featured_media":10801,"comment_status":"open","ping_status":"open","sticky":false,"template":"","format":"standard","meta":{"footnotes":""},"categories":[7],"tags":[3822,704,283,4189],"class_list":["post-10799","post","type-post","status-publish","format-standard","has-post-thumbnail","hentry","category-educacao","tag-analfabetismo","tag-inep","tag-mec","tag-saeb"],"yoast_head":"<!-- This site is optimized with the Yoast SEO plugin v26.5 - https:\/\/yoast.com\/wordpress\/plugins\/seo\/ -->\n<title>Um em cada quatro alunos do 2\u00ba ano n\u00e3o sabe escrever uma palavra de tr\u00eas s\u00edlabas - Jornal Fatos e Not\u00edcias<\/title>\n<meta name=\"robots\" content=\"index, follow, max-snippet:-1, max-image-preview:large, max-video-preview:-1\" \/>\n<link rel=\"canonical\" href=\"https:\/\/jornalfatosenoticias.com.br\/index.php\/2020\/11\/05\/um-em-cada-quatro-alunos-do-2o-ano-nao-sabe-escrever-uma-palavra-de-tres-silabas\/\" \/>\n<meta property=\"og:locale\" content=\"pt_BR\" \/>\n<meta property=\"og:type\" content=\"article\" \/>\n<meta property=\"og:title\" content=\"Um em cada quatro alunos do 2\u00ba ano n\u00e3o sabe escrever uma palavra de tr\u00eas s\u00edlabas - Jornal Fatos e Not\u00edcias\" \/>\n<meta property=\"og:description\" content=\"Os dados evidenciam tamb\u00e9m desigualdades em rela\u00e7\u00e3o \u00e0s zonas rurais e urbanas e \u00e0s regi\u00f5es do Brasil. Em L\u00edngua Portuguesa, 10 Estados tiveram resultados acima da m\u00e9dia nacional, de 750 pontos Um em cada quatro alunos do 2\u00ba ano do ensino fundamental (oito anos) n\u00e3o sabe escrever uma palavra de tr\u00eas s\u00edlabas a partir de [&hellip;]\" \/>\n<meta property=\"og:url\" content=\"https:\/\/jornalfatosenoticias.com.br\/index.php\/2020\/11\/05\/um-em-cada-quatro-alunos-do-2o-ano-nao-sabe-escrever-uma-palavra-de-tres-silabas\/\" \/>\n<meta property=\"og:site_name\" content=\"Jornal Fatos e Not\u00edcias\" \/>\n<meta property=\"article:published_time\" content=\"2020-11-05T21:34:40+00:00\" \/>\n<meta property=\"article:modified_time\" content=\"2020-11-05T21:34:45+00:00\" \/>\n<meta property=\"og:image\" content=\"https:\/\/jornalfatosenoticias.com.br\/wp-content\/uploads\/2020\/11\/barra_do_chapeu_2-ale_original2.jpeg\" \/>\n\t<meta property=\"og:image:width\" content=\"1000\" \/>\n\t<meta property=\"og:image:height\" content=\"750\" \/>\n\t<meta property=\"og:image:type\" content=\"image\/jpeg\" \/>\n<meta name=\"author\" content=\"Luzimara Fernandes\" \/>\n<meta name=\"twitter:card\" content=\"summary_large_image\" \/>\n<meta name=\"twitter:label1\" content=\"Escrito por\" \/>\n\t<meta name=\"twitter:data1\" content=\"Luzimara Fernandes\" \/>\n\t<meta name=\"twitter:label2\" content=\"Est. tempo de leitura\" \/>\n\t<meta name=\"twitter:data2\" content=\"3 minutos\" \/>\n<script type=\"application\/ld+json\" class=\"yoast-schema-graph\">{\"@context\":\"https:\/\/schema.org\",\"@graph\":[{\"@type\":\"Article\",\"@id\":\"https:\/\/jornalfatosenoticias.com.br\/index.php\/2020\/11\/05\/um-em-cada-quatro-alunos-do-2o-ano-nao-sabe-escrever-uma-palavra-de-tres-silabas\/#article\",\"isPartOf\":{\"@id\":\"https:\/\/jornalfatosenoticias.com.br\/index.php\/2020\/11\/05\/um-em-cada-quatro-alunos-do-2o-ano-nao-sabe-escrever-uma-palavra-de-tres-silabas\/\"},\"author\":{\"name\":\"Luzimara Fernandes\",\"@id\":\"https:\/\/jornalfatosenoticias.com.br\/#\/schema\/person\/d63837fa13ac8666eb9e74e0985d6f81\"},\"headline\":\"Um em cada quatro alunos do 2\u00ba ano n\u00e3o sabe escrever uma palavra de tr\u00eas s\u00edlabas\",\"datePublished\":\"2020-11-05T21:34:40+00:00\",\"dateModified\":\"2020-11-05T21:34:45+00:00\",\"mainEntityOfPage\":{\"@id\":\"https:\/\/jornalfatosenoticias.com.br\/index.php\/2020\/11\/05\/um-em-cada-quatro-alunos-do-2o-ano-nao-sabe-escrever-uma-palavra-de-tres-silabas\/\"},\"wordCount\":635,\"commentCount\":0,\"publisher\":{\"@id\":\"https:\/\/jornalfatosenoticias.com.br\/#organization\"},\"image\":{\"@id\":\"https:\/\/jornalfatosenoticias.com.br\/index.php\/2020\/11\/05\/um-em-cada-quatro-alunos-do-2o-ano-nao-sabe-escrever-uma-palavra-de-tres-silabas\/#primaryimage\"},\"thumbnailUrl\":\"https:\/\/jornalfatosenoticias.com.br\/wp-content\/uploads\/2020\/11\/barra_do_chapeu_2-ale_original2.jpeg\",\"keywords\":[\"analfabetismo\",\"Inep\",\"MEC\",\"Saeb\"],\"articleSection\":[\"Educa\u00e7\u00e3o\"],\"inLanguage\":\"pt-BR\",\"potentialAction\":[{\"@type\":\"CommentAction\",\"name\":\"Comment\",\"target\":[\"https:\/\/jornalfatosenoticias.com.br\/index.php\/2020\/11\/05\/um-em-cada-quatro-alunos-do-2o-ano-nao-sabe-escrever-uma-palavra-de-tres-silabas\/#respond\"]}]},{\"@type\":\"WebPage\",\"@id\":\"https:\/\/jornalfatosenoticias.com.br\/index.php\/2020\/11\/05\/um-em-cada-quatro-alunos-do-2o-ano-nao-sabe-escrever-uma-palavra-de-tres-silabas\/\",\"url\":\"https:\/\/jornalfatosenoticias.com.br\/index.php\/2020\/11\/05\/um-em-cada-quatro-alunos-do-2o-ano-nao-sabe-escrever-uma-palavra-de-tres-silabas\/\",\"name\":\"Um em cada quatro alunos do 2\u00ba ano n\u00e3o sabe escrever uma palavra de tr\u00eas s\u00edlabas - Jornal Fatos e Not\u00edcias\",\"isPartOf\":{\"@id\":\"https:\/\/jornalfatosenoticias.com.br\/#website\"},\"primaryImageOfPage\":{\"@id\":\"https:\/\/jornalfatosenoticias.com.br\/index.php\/2020\/11\/05\/um-em-cada-quatro-alunos-do-2o-ano-nao-sabe-escrever-uma-palavra-de-tres-silabas\/#primaryimage\"},\"image\":{\"@id\":\"https:\/\/jornalfatosenoticias.com.br\/index.php\/2020\/11\/05\/um-em-cada-quatro-alunos-do-2o-ano-nao-sabe-escrever-uma-palavra-de-tres-silabas\/#primaryimage\"},\"thumbnailUrl\":\"https:\/\/jornalfatosenoticias.com.br\/wp-content\/uploads\/2020\/11\/barra_do_chapeu_2-ale_original2.jpeg\",\"datePublished\":\"2020-11-05T21:34:40+00:00\",\"dateModified\":\"2020-11-05T21:34:45+00:00\",\"breadcrumb\":{\"@id\":\"https:\/\/jornalfatosenoticias.com.br\/index.php\/2020\/11\/05\/um-em-cada-quatro-alunos-do-2o-ano-nao-sabe-escrever-uma-palavra-de-tres-silabas\/#breadcrumb\"},\"inLanguage\":\"pt-BR\",\"potentialAction\":[{\"@type\":\"ReadAction\",\"target\":[\"https:\/\/jornalfatosenoticias.com.br\/index.php\/2020\/11\/05\/um-em-cada-quatro-alunos-do-2o-ano-nao-sabe-escrever-uma-palavra-de-tres-silabas\/\"]}]},{\"@type\":\"ImageObject\",\"inLanguage\":\"pt-BR\",\"@id\":\"https:\/\/jornalfatosenoticias.com.br\/index.php\/2020\/11\/05\/um-em-cada-quatro-alunos-do-2o-ano-nao-sabe-escrever-uma-palavra-de-tres-silabas\/#primaryimage\",\"url\":\"https:\/\/jornalfatosenoticias.com.br\/wp-content\/uploads\/2020\/11\/barra_do_chapeu_2-ale_original2.jpeg\",\"contentUrl\":\"https:\/\/jornalfatosenoticias.com.br\/wp-content\/uploads\/2020\/11\/barra_do_chapeu_2-ale_original2.jpeg\",\"width\":1000,\"height\":750,\"caption\":\"BARRA DO CHAPEU - SP - 23\/03\/2007 - VIDA &amp; - ESPECIAL DOMINICAL - DESEMPENHO DOS ALUNOS - Materia especial na Escola Municipal Professora Leonor Mendes de Barros em Barra do Chapeu - SP cidade que fica no extremo sul de Sao Paulo divisa com o estado do Parana. A pesquisa do IBMEC, com dados do MEC, mostra como a gestao da escola e mais importante do que o volume de recursos e alunos por classe. O MEC aponta a Escola Municipal Prof Leonor Mendes de Barrosuma das melhores escolas do Brasil mesmo estando numa cidade com cerca de 4500 habitantes em condicoes de pobreza. FOTO JONNE RORIZ\/AE\"},{\"@type\":\"BreadcrumbList\",\"@id\":\"https:\/\/jornalfatosenoticias.com.br\/index.php\/2020\/11\/05\/um-em-cada-quatro-alunos-do-2o-ano-nao-sabe-escrever-uma-palavra-de-tres-silabas\/#breadcrumb\",\"itemListElement\":[{\"@type\":\"ListItem\",\"position\":1,\"name\":\"In\u00edcio\",\"item\":\"https:\/\/jornalfatosenoticias.com.br\/\"},{\"@type\":\"ListItem\",\"position\":2,\"name\":\"Um em cada quatro alunos do 2\u00ba ano n\u00e3o sabe escrever uma palavra de tr\u00eas s\u00edlabas\"}]},{\"@type\":\"WebSite\",\"@id\":\"https:\/\/jornalfatosenoticias.com.br\/#website\",\"url\":\"https:\/\/jornalfatosenoticias.com.br\/\",\"name\":\"Jornal Fatos e Not\u00edcias\",\"description\":\"Not\u00edcias em geral\",\"publisher\":{\"@id\":\"https:\/\/jornalfatosenoticias.com.br\/#organization\"},\"potentialAction\":[{\"@type\":\"SearchAction\",\"target\":{\"@type\":\"EntryPoint\",\"urlTemplate\":\"https:\/\/jornalfatosenoticias.com.br\/?s={search_term_string}\"},\"query-input\":{\"@type\":\"PropertyValueSpecification\",\"valueRequired\":true,\"valueName\":\"search_term_string\"}}],\"inLanguage\":\"pt-BR\"},{\"@type\":\"Organization\",\"@id\":\"https:\/\/jornalfatosenoticias.com.br\/#organization\",\"name\":\"Jornal Fatos e Not\u00edcias\",\"url\":\"https:\/\/jornalfatosenoticias.com.br\/\",\"logo\":{\"@type\":\"ImageObject\",\"inLanguage\":\"pt-BR\",\"@id\":\"https:\/\/jornalfatosenoticias.com.br\/#\/schema\/logo\/image\/\",\"url\":\"https:\/\/jornalfatosenoticias.com.br\/wp-content\/uploads\/2020\/02\/logo120.png\",\"contentUrl\":\"https:\/\/jornalfatosenoticias.com.br\/wp-content\/uploads\/2020\/02\/logo120.png\",\"width\":1227,\"height\":120,\"caption\":\"Jornal Fatos e Not\u00edcias\"},\"image\":{\"@id\":\"https:\/\/jornalfatosenoticias.com.br\/#\/schema\/logo\/image\/\"}},{\"@type\":\"Person\",\"@id\":\"https:\/\/jornalfatosenoticias.com.br\/#\/schema\/person\/d63837fa13ac8666eb9e74e0985d6f81\",\"name\":\"Luzimara Fernandes\",\"image\":{\"@type\":\"ImageObject\",\"inLanguage\":\"pt-BR\",\"@id\":\"https:\/\/jornalfatosenoticias.com.br\/#\/schema\/person\/image\/\",\"url\":\"https:\/\/jornalfatosenoticias.com.br\/wp-content\/uploads\/2025\/05\/EU_portal.jpg\",\"contentUrl\":\"https:\/\/jornalfatosenoticias.com.br\/wp-content\/uploads\/2025\/05\/EU_portal.jpg\",\"caption\":\"Luzimara Fernandes\"},\"description\":\"Jornalista MTB 2358-ES\",\"sameAs\":[\"https:\/\/jornalfatosenoticias.com.br\"],\"url\":\"https:\/\/jornalfatosenoticias.com.br\/index.php\/author\/luzimara\/\"}]}<\/script>\n<!-- \/ Yoast SEO plugin. -->","yoast_head_json":{"title":"Um em cada quatro alunos do 2\u00ba ano n\u00e3o sabe escrever uma palavra de tr\u00eas s\u00edlabas - Jornal Fatos e Not\u00edcias","robots":{"index":"index","follow":"follow","max-snippet":"max-snippet:-1","max-image-preview":"max-image-preview:large","max-video-preview":"max-video-preview:-1"},"canonical":"https:\/\/jornalfatosenoticias.com.br\/index.php\/2020\/11\/05\/um-em-cada-quatro-alunos-do-2o-ano-nao-sabe-escrever-uma-palavra-de-tres-silabas\/","og_locale":"pt_BR","og_type":"article","og_title":"Um em cada quatro alunos do 2\u00ba ano n\u00e3o sabe escrever uma palavra de tr\u00eas s\u00edlabas - Jornal Fatos e Not\u00edcias","og_description":"Os dados evidenciam tamb\u00e9m desigualdades em rela\u00e7\u00e3o \u00e0s zonas rurais e urbanas e \u00e0s regi\u00f5es do Brasil. Em L\u00edngua Portuguesa, 10 Estados tiveram resultados acima da m\u00e9dia nacional, de 750 pontos Um em cada quatro alunos do 2\u00ba ano do ensino fundamental (oito anos) n\u00e3o sabe escrever uma palavra de tr\u00eas s\u00edlabas a partir de [&hellip;]","og_url":"https:\/\/jornalfatosenoticias.com.br\/index.php\/2020\/11\/05\/um-em-cada-quatro-alunos-do-2o-ano-nao-sabe-escrever-uma-palavra-de-tres-silabas\/","og_site_name":"Jornal Fatos e Not\u00edcias","article_published_time":"2020-11-05T21:34:40+00:00","article_modified_time":"2020-11-05T21:34:45+00:00","og_image":[{"width":1000,"height":750,"url":"https:\/\/jornalfatosenoticias.com.br\/wp-content\/uploads\/2020\/11\/barra_do_chapeu_2-ale_original2.jpeg","type":"image\/jpeg"}],"author":"Luzimara Fernandes","twitter_card":"summary_large_image","twitter_misc":{"Escrito por":"Luzimara Fernandes","Est. tempo de leitura":"3 minutos"},"schema":{"@context":"https:\/\/schema.org","@graph":[{"@type":"Article","@id":"https:\/\/jornalfatosenoticias.com.br\/index.php\/2020\/11\/05\/um-em-cada-quatro-alunos-do-2o-ano-nao-sabe-escrever-uma-palavra-de-tres-silabas\/#article","isPartOf":{"@id":"https:\/\/jornalfatosenoticias.com.br\/index.php\/2020\/11\/05\/um-em-cada-quatro-alunos-do-2o-ano-nao-sabe-escrever-uma-palavra-de-tres-silabas\/"},"author":{"name":"Luzimara Fernandes","@id":"https:\/\/jornalfatosenoticias.com.br\/#\/schema\/person\/d63837fa13ac8666eb9e74e0985d6f81"},"headline":"Um em cada quatro alunos do 2\u00ba ano n\u00e3o sabe escrever uma palavra de tr\u00eas s\u00edlabas","datePublished":"2020-11-05T21:34:40+00:00","dateModified":"2020-11-05T21:34:45+00:00","mainEntityOfPage":{"@id":"https:\/\/jornalfatosenoticias.com.br\/index.php\/2020\/11\/05\/um-em-cada-quatro-alunos-do-2o-ano-nao-sabe-escrever-uma-palavra-de-tres-silabas\/"},"wordCount":635,"commentCount":0,"publisher":{"@id":"https:\/\/jornalfatosenoticias.com.br\/#organization"},"image":{"@id":"https:\/\/jornalfatosenoticias.com.br\/index.php\/2020\/11\/05\/um-em-cada-quatro-alunos-do-2o-ano-nao-sabe-escrever-uma-palavra-de-tres-silabas\/#primaryimage"},"thumbnailUrl":"https:\/\/jornalfatosenoticias.com.br\/wp-content\/uploads\/2020\/11\/barra_do_chapeu_2-ale_original2.jpeg","keywords":["analfabetismo","Inep","MEC","Saeb"],"articleSection":["Educa\u00e7\u00e3o"],"inLanguage":"pt-BR","potentialAction":[{"@type":"CommentAction","name":"Comment","target":["https:\/\/jornalfatosenoticias.com.br\/index.php\/2020\/11\/05\/um-em-cada-quatro-alunos-do-2o-ano-nao-sabe-escrever-uma-palavra-de-tres-silabas\/#respond"]}]},{"@type":"WebPage","@id":"https:\/\/jornalfatosenoticias.com.br\/index.php\/2020\/11\/05\/um-em-cada-quatro-alunos-do-2o-ano-nao-sabe-escrever-uma-palavra-de-tres-silabas\/","url":"https:\/\/jornalfatosenoticias.com.br\/index.php\/2020\/11\/05\/um-em-cada-quatro-alunos-do-2o-ano-nao-sabe-escrever-uma-palavra-de-tres-silabas\/","name":"Um em cada quatro alunos do 2\u00ba ano n\u00e3o sabe escrever uma palavra de tr\u00eas s\u00edlabas - Jornal Fatos e Not\u00edcias","isPartOf":{"@id":"https:\/\/jornalfatosenoticias.com.br\/#website"},"primaryImageOfPage":{"@id":"https:\/\/jornalfatosenoticias.com.br\/index.php\/2020\/11\/05\/um-em-cada-quatro-alunos-do-2o-ano-nao-sabe-escrever-uma-palavra-de-tres-silabas\/#primaryimage"},"image":{"@id":"https:\/\/jornalfatosenoticias.com.br\/index.php\/2020\/11\/05\/um-em-cada-quatro-alunos-do-2o-ano-nao-sabe-escrever-uma-palavra-de-tres-silabas\/#primaryimage"},"thumbnailUrl":"https:\/\/jornalfatosenoticias.com.br\/wp-content\/uploads\/2020\/11\/barra_do_chapeu_2-ale_original2.jpeg","datePublished":"2020-11-05T21:34:40+00:00","dateModified":"2020-11-05T21:34:45+00:00","breadcrumb":{"@id":"https:\/\/jornalfatosenoticias.com.br\/index.php\/2020\/11\/05\/um-em-cada-quatro-alunos-do-2o-ano-nao-sabe-escrever-uma-palavra-de-tres-silabas\/#breadcrumb"},"inLanguage":"pt-BR","potentialAction":[{"@type":"ReadAction","target":["https:\/\/jornalfatosenoticias.com.br\/index.php\/2020\/11\/05\/um-em-cada-quatro-alunos-do-2o-ano-nao-sabe-escrever-uma-palavra-de-tres-silabas\/"]}]},{"@type":"ImageObject","inLanguage":"pt-BR","@id":"https:\/\/jornalfatosenoticias.com.br\/index.php\/2020\/11\/05\/um-em-cada-quatro-alunos-do-2o-ano-nao-sabe-escrever-uma-palavra-de-tres-silabas\/#primaryimage","url":"https:\/\/jornalfatosenoticias.com.br\/wp-content\/uploads\/2020\/11\/barra_do_chapeu_2-ale_original2.jpeg","contentUrl":"https:\/\/jornalfatosenoticias.com.br\/wp-content\/uploads\/2020\/11\/barra_do_chapeu_2-ale_original2.jpeg","width":1000,"height":750,"caption":"BARRA DO CHAPEU - SP - 23\/03\/2007 - VIDA &amp; - ESPECIAL DOMINICAL - DESEMPENHO DOS ALUNOS - Materia especial na Escola Municipal Professora Leonor Mendes de Barros em Barra do Chapeu - SP cidade que fica no extremo sul de Sao Paulo divisa com o estado do Parana. A pesquisa do IBMEC, com dados do MEC, mostra como a gestao da escola e mais importante do que o volume de recursos e alunos por classe. O MEC aponta a Escola Municipal Prof Leonor Mendes de Barrosuma das melhores escolas do Brasil mesmo estando numa cidade com cerca de 4500 habitantes em condicoes de pobreza. FOTO JONNE RORIZ\/AE"},{"@type":"BreadcrumbList","@id":"https:\/\/jornalfatosenoticias.com.br\/index.php\/2020\/11\/05\/um-em-cada-quatro-alunos-do-2o-ano-nao-sabe-escrever-uma-palavra-de-tres-silabas\/#breadcrumb","itemListElement":[{"@type":"ListItem","position":1,"name":"In\u00edcio","item":"https:\/\/jornalfatosenoticias.com.br\/"},{"@type":"ListItem","position":2,"name":"Um em cada quatro alunos do 2\u00ba ano n\u00e3o sabe escrever uma palavra de tr\u00eas s\u00edlabas"}]},{"@type":"WebSite","@id":"https:\/\/jornalfatosenoticias.com.br\/#website","url":"https:\/\/jornalfatosenoticias.com.br\/","name":"Jornal Fatos e Not\u00edcias","description":"Not\u00edcias em geral","publisher":{"@id":"https:\/\/jornalfatosenoticias.com.br\/#organization"},"potentialAction":[{"@type":"SearchAction","target":{"@type":"EntryPoint","urlTemplate":"https:\/\/jornalfatosenoticias.com.br\/?s={search_term_string}"},"query-input":{"@type":"PropertyValueSpecification","valueRequired":true,"valueName":"search_term_string"}}],"inLanguage":"pt-BR"},{"@type":"Organization","@id":"https:\/\/jornalfatosenoticias.com.br\/#organization","name":"Jornal Fatos e Not\u00edcias","url":"https:\/\/jornalfatosenoticias.com.br\/","logo":{"@type":"ImageObject","inLanguage":"pt-BR","@id":"https:\/\/jornalfatosenoticias.com.br\/#\/schema\/logo\/image\/","url":"https:\/\/jornalfatosenoticias.com.br\/wp-content\/uploads\/2020\/02\/logo120.png","contentUrl":"https:\/\/jornalfatosenoticias.com.br\/wp-content\/uploads\/2020\/02\/logo120.png","width":1227,"height":120,"caption":"Jornal Fatos e Not\u00edcias"},"image":{"@id":"https:\/\/jornalfatosenoticias.com.br\/#\/schema\/logo\/image\/"}},{"@type":"Person","@id":"https:\/\/jornalfatosenoticias.com.br\/#\/schema\/person\/d63837fa13ac8666eb9e74e0985d6f81","name":"Luzimara Fernandes","image":{"@type":"ImageObject","inLanguage":"pt-BR","@id":"https:\/\/jornalfatosenoticias.com.br\/#\/schema\/person\/image\/","url":"https:\/\/jornalfatosenoticias.com.br\/wp-content\/uploads\/2025\/05\/EU_portal.jpg","contentUrl":"https:\/\/jornalfatosenoticias.com.br\/wp-content\/uploads\/2025\/05\/EU_portal.jpg","caption":"Luzimara Fernandes"},"description":"Jornalista MTB 2358-ES","sameAs":["https:\/\/jornalfatosenoticias.com.br"],"url":"https:\/\/jornalfatosenoticias.com.br\/index.php\/author\/luzimara\/"}]}},"cc_featured_image_caption":{"caption_text":"(Foto: Jonne Roriz\/Veja) ","source_text":"","source_url":""},"jetpack_featured_media_url":"https:\/\/jornalfatosenoticias.com.br\/wp-content\/uploads\/2020\/11\/barra_do_chapeu_2-ale_original2.jpeg","_links":{"self":[{"href":"https:\/\/jornalfatosenoticias.com.br\/index.php\/wp-json\/wp\/v2\/posts\/10799","targetHints":{"allow":["GET"]}}],"collection":[{"href":"https:\/\/jornalfatosenoticias.com.br\/index.php\/wp-json\/wp\/v2\/posts"}],"about":[{"href":"https:\/\/jornalfatosenoticias.com.br\/index.php\/wp-json\/wp\/v2\/types\/post"}],"author":[{"embeddable":true,"href":"https:\/\/jornalfatosenoticias.com.br\/index.php\/wp-json\/wp\/v2\/users\/2"}],"replies":[{"embeddable":true,"href":"https:\/\/jornalfatosenoticias.com.br\/index.php\/wp-json\/wp\/v2\/comments?post=10799"}],"version-history":[{"count":0,"href":"https:\/\/jornalfatosenoticias.com.br\/index.php\/wp-json\/wp\/v2\/posts\/10799\/revisions"}],"wp:featuredmedia":[{"embeddable":true,"href":"https:\/\/jornalfatosenoticias.com.br\/index.php\/wp-json\/wp\/v2\/media\/10801"}],"wp:attachment":[{"href":"https:\/\/jornalfatosenoticias.com.br\/index.php\/wp-json\/wp\/v2\/media?parent=10799"}],"wp:term":[{"taxonomy":"category","embeddable":true,"href":"https:\/\/jornalfatosenoticias.com.br\/index.php\/wp-json\/wp\/v2\/categories?post=10799"},{"taxonomy":"post_tag","embeddable":true,"href":"https:\/\/jornalfatosenoticias.com.br\/index.php\/wp-json\/wp\/v2\/tags?post=10799"}],"curies":[{"name":"wp","href":"https:\/\/api.w.org\/{rel}","templated":true}]}}