{"id":10814,"date":"2020-11-05T18:49:09","date_gmt":"2020-11-05T21:49:09","guid":{"rendered":"https:\/\/jornalfatosenoticias.com.br\/?p=10814"},"modified":"2020-11-05T18:49:13","modified_gmt":"2020-11-05T21:49:13","slug":"tubarao-de-duas-cabecas-e-encontrado-no-litoral-sul-de-sp","status":"publish","type":"post","link":"https:\/\/jornalfatosenoticias.com.br\/index.php\/2020\/11\/05\/tubarao-de-duas-cabecas-e-encontrado-no-litoral-sul-de-sp\/","title":{"rendered":"Tubar\u00e3o de duas cabe\u00e7as \u00e9 encontrado no litoral sul de SP"},"content":{"rendered":"\n<h6 class=\"wp-block-heading\"><em>Anomalia pode ter sido causada por polui\u00e7\u00e3o dos oceanos; al\u00e9m de duas cabe\u00e7as, o animal conta com dois cora\u00e7\u00f5es e duas colunas vertebrais independentes, bem como outros \u00f3rg\u00e3os internos duplos<\/em><\/h6>\n\n\n\n<p>Um pequeno tubar\u00e3o-galhudo de duas cabe\u00e7as foi encontrado por pescadores no litoral sul de S\u00e3o Paulo, na divisa entre as praias de Itanha\u00e9m e Peru\u00edbe. A descoberta \u00e9 in\u00e9dita e, de acordo com os pesquisadores respons\u00e1veis pela identifica\u00e7\u00e3o, a polui\u00e7\u00e3o dos oceanos pode ser um fator para a provoca\u00e7\u00e3o da anomalia.<br>Foram o bi\u00f3logo Edris Queiroz e a pesquisadora Luana F\u00e9lix, do Instituto de Biologia Marinha e Meio Ambiente (Ibimm) de Peru\u00edbe, quem desenvolveram o estudo pioneiro com esse animal curioso. &#8220;\u00c9 o primeiro caso do mundo, registrado e documentado na literatura, de um tubar\u00e3o-galhudo g\u00eameo siam\u00eas encontrado na natureza&#8221;, contou Queiroz.<br>O tubar\u00e3o foi doado ao Ibimm pelos pescadores que o encontraram. Ap\u00f3s an\u00e1lises, os pesquisadores perceberam que, al\u00e9m de duas cabe\u00e7as, o animal em quest\u00e3o conta com dois cora\u00e7\u00f5es e duas colunas vertebrais independentes, bem como outros \u00f3rg\u00e3os internos duplos.<br>&#8220;Ap\u00f3s uma an\u00e1lise da anatomia externa e interna do tubar\u00e3o, a melhor defini\u00e7\u00e3o para o caso \u00e9 de que seriam g\u00eameos siameses. \u00c9 um acontecimento muito raro, devemos ter entre 10 casos no mundo. O problema \u00e9 que eles morrem rapidamente, logo ap\u00f3s o nascimento. Se tornam presas f\u00e1ceis e acabam sendo predados&#8221;, explicou Queiroz.<\/p>\n\n\n\n<figure class=\"wp-block-image size-large\"><img loading=\"lazy\" decoding=\"async\" width=\"1000\" height=\"561\" src=\"https:\/\/jornalfatosenoticias.com.br\/wp-content\/uploads\/2020\/11\/tubarao_galhudo_de_duas_cabecas.jpg\" alt=\"\" class=\"wp-image-10815\" srcset=\"https:\/\/jornalfatosenoticias.com.br\/wp-content\/uploads\/2020\/11\/tubarao_galhudo_de_duas_cabecas.jpg 1000w, https:\/\/jornalfatosenoticias.com.br\/wp-content\/uploads\/2020\/11\/tubarao_galhudo_de_duas_cabecas-300x168.jpg 300w, https:\/\/jornalfatosenoticias.com.br\/wp-content\/uploads\/2020\/11\/tubarao_galhudo_de_duas_cabecas-768x431.jpg 768w\" sizes=\"auto, (max-width: 1000px) 100vw, 1000px\" \/><figcaption><em>O tubar\u00e3o apresenta cabe\u00e7a, cora\u00e7\u00e3o e coluna vertebral duplos (Foto: Edris Queiroz\/Divulga\u00e7\u00e3o)<\/em><\/figcaption><\/figure>\n\n\n\n<p><strong>Hip\u00f3teses para a anomalia<br><\/strong>Segundo o bi\u00f3logo, n\u00e3o \u00e9 poss\u00edvel determinar com certeza qual a causa da anomalia, mas, entre os poss\u00edveis fatores respons\u00e1veis, est\u00e1 a polui\u00e7\u00e3o do habitat desses animais. &#8220;Os tubar\u00f5es acumulam metais pesados em sua alimenta\u00e7\u00e3o, e isso pode gerar o que chamamos de uma muta\u00e7\u00e3o, uma anomalia&#8221;, afirmou Queiroz.<br>No entanto, altera\u00e7\u00f5es gen\u00e9ticas e problemas no \u00fatero da m\u00e3e tubar\u00e3o tamb\u00e9m podem ter influenciado. &#8220;A compress\u00e3o do \u00fatero pode fazer um ovo se fundir com outro. N\u00e3o temos como ter certeza, pois s\u00e3o eventos rar\u00edssimos. N\u00e3o sabemos se a raridade acontece porque simplesmente n\u00e3o encontramos esses tubar\u00f5es ou se s\u00e3o eventos realmente diferenciados&#8221;, disse o bi\u00f3logo.<br>Queiroz espera que a descoberta in\u00e9dita chame aten\u00e7\u00e3o para a problem\u00e1tica cada vez mais grave da polui\u00e7\u00e3o nos oceanos. &#8220;Esse estudo vai ajudar a buscarmos medidas que auxiliem na preserva\u00e7\u00e3o e conserva\u00e7\u00e3o das esp\u00e9cies&#8221;, acrescentou Edris.<\/p>\n\n\n\n<p><strong><em>Fonte: <a href=\"https:\/\/olhardigital.com.br\/noticia\/inedito-tubarao-de-duas-cabecas-e-encontrado-no-litoral-sul-de-sp\/109707\">Olhar Digital<\/a><\/em><\/strong><\/p>\n","protected":false},"excerpt":{"rendered":"<p>Anomalia pode ter sido causada por polui\u00e7\u00e3o dos oceanos; al\u00e9m de duas cabe\u00e7as, o animal conta com dois cora\u00e7\u00f5es e duas colunas vertebrais independentes, bem como outros \u00f3rg\u00e3os internos duplos Um pequeno tubar\u00e3o-galhudo de duas cabe\u00e7as foi encontrado por pescadores no litoral sul de S\u00e3o Paulo, na divisa entre as praias de Itanha\u00e9m e Peru\u00edbe. [&hellip;]<\/p>\n","protected":false},"author":2,"featured_media":10816,"comment_status":"open","ping_status":"open","sticky":false,"template":"","format":"standard","meta":{"footnotes":""},"categories":[2],"tags":[4320,2042,5313,5733],"class_list":["post-10814","post","type-post","status-publish","format-standard","has-post-thumbnail","hentry","category-ciencia","tag-mutacao","tag-oceanos","tag-poluicao-nos-oceanos","tag-tubarao-galhudo"],"yoast_head":"<!-- This site is optimized with the Yoast SEO plugin v26.5 - https:\/\/yoast.com\/wordpress\/plugins\/seo\/ -->\n<title>Tubar\u00e3o de duas cabe\u00e7as \u00e9 encontrado no litoral sul de SP - Jornal Fatos e Not\u00edcias<\/title>\n<meta name=\"robots\" content=\"index, follow, max-snippet:-1, max-image-preview:large, max-video-preview:-1\" \/>\n<link rel=\"canonical\" href=\"https:\/\/jornalfatosenoticias.com.br\/index.php\/2020\/11\/05\/tubarao-de-duas-cabecas-e-encontrado-no-litoral-sul-de-sp\/\" \/>\n<meta property=\"og:locale\" content=\"pt_BR\" \/>\n<meta property=\"og:type\" content=\"article\" \/>\n<meta property=\"og:title\" content=\"Tubar\u00e3o de duas cabe\u00e7as \u00e9 encontrado no litoral sul de SP - Jornal Fatos e Not\u00edcias\" \/>\n<meta property=\"og:description\" content=\"Anomalia pode ter sido causada por polui\u00e7\u00e3o dos oceanos; al\u00e9m de duas cabe\u00e7as, o animal conta com dois cora\u00e7\u00f5es e duas colunas vertebrais independentes, bem como outros \u00f3rg\u00e3os internos duplos Um pequeno tubar\u00e3o-galhudo de duas cabe\u00e7as foi encontrado por pescadores no litoral sul de S\u00e3o Paulo, na divisa entre as praias de Itanha\u00e9m e Peru\u00edbe. [&hellip;]\" \/>\n<meta property=\"og:url\" content=\"https:\/\/jornalfatosenoticias.com.br\/index.php\/2020\/11\/05\/tubarao-de-duas-cabecas-e-encontrado-no-litoral-sul-de-sp\/\" \/>\n<meta property=\"og:site_name\" content=\"Jornal Fatos e Not\u00edcias\" \/>\n<meta property=\"article:published_time\" content=\"2020-11-05T21:49:09+00:00\" \/>\n<meta property=\"article:modified_time\" content=\"2020-11-05T21:49:13+00:00\" \/>\n<meta property=\"og:image\" content=\"https:\/\/jornalfatosenoticias.com.br\/wp-content\/uploads\/2020\/11\/tubarao_galhudo_de_duas_cabecas2.jpg\" \/>\n\t<meta property=\"og:image:width\" content=\"1000\" \/>\n\t<meta property=\"og:image:height\" content=\"528\" \/>\n\t<meta property=\"og:image:type\" content=\"image\/jpeg\" \/>\n<meta name=\"author\" content=\"Luzimara Fernandes\" \/>\n<meta name=\"twitter:card\" content=\"summary_large_image\" \/>\n<meta name=\"twitter:label1\" content=\"Escrito por\" \/>\n\t<meta name=\"twitter:data1\" content=\"Luzimara Fernandes\" \/>\n\t<meta name=\"twitter:label2\" content=\"Est. tempo de leitura\" \/>\n\t<meta name=\"twitter:data2\" content=\"2 minutos\" \/>\n<script type=\"application\/ld+json\" class=\"yoast-schema-graph\">{\"@context\":\"https:\/\/schema.org\",\"@graph\":[{\"@type\":\"Article\",\"@id\":\"https:\/\/jornalfatosenoticias.com.br\/index.php\/2020\/11\/05\/tubarao-de-duas-cabecas-e-encontrado-no-litoral-sul-de-sp\/#article\",\"isPartOf\":{\"@id\":\"https:\/\/jornalfatosenoticias.com.br\/index.php\/2020\/11\/05\/tubarao-de-duas-cabecas-e-encontrado-no-litoral-sul-de-sp\/\"},\"author\":{\"name\":\"Luzimara Fernandes\",\"@id\":\"https:\/\/jornalfatosenoticias.com.br\/#\/schema\/person\/d63837fa13ac8666eb9e74e0985d6f81\"},\"headline\":\"Tubar\u00e3o de duas cabe\u00e7as \u00e9 encontrado no litoral sul de SP\",\"datePublished\":\"2020-11-05T21:49:09+00:00\",\"dateModified\":\"2020-11-05T21:49:13+00:00\",\"mainEntityOfPage\":{\"@id\":\"https:\/\/jornalfatosenoticias.com.br\/index.php\/2020\/11\/05\/tubarao-de-duas-cabecas-e-encontrado-no-litoral-sul-de-sp\/\"},\"wordCount\":465,\"commentCount\":0,\"publisher\":{\"@id\":\"https:\/\/jornalfatosenoticias.com.br\/#organization\"},\"image\":{\"@id\":\"https:\/\/jornalfatosenoticias.com.br\/index.php\/2020\/11\/05\/tubarao-de-duas-cabecas-e-encontrado-no-litoral-sul-de-sp\/#primaryimage\"},\"thumbnailUrl\":\"https:\/\/jornalfatosenoticias.com.br\/wp-content\/uploads\/2020\/11\/tubarao_galhudo_de_duas_cabecas2.jpg\",\"keywords\":[\"muta\u00e7\u00e3o\",\"oceanos\",\"polui\u00e7\u00e3o nos oceanos\",\"tubar\u00e3o-galhudo\"],\"articleSection\":[\"Ci\u00eancia\"],\"inLanguage\":\"pt-BR\",\"potentialAction\":[{\"@type\":\"CommentAction\",\"name\":\"Comment\",\"target\":[\"https:\/\/jornalfatosenoticias.com.br\/index.php\/2020\/11\/05\/tubarao-de-duas-cabecas-e-encontrado-no-litoral-sul-de-sp\/#respond\"]}]},{\"@type\":\"WebPage\",\"@id\":\"https:\/\/jornalfatosenoticias.com.br\/index.php\/2020\/11\/05\/tubarao-de-duas-cabecas-e-encontrado-no-litoral-sul-de-sp\/\",\"url\":\"https:\/\/jornalfatosenoticias.com.br\/index.php\/2020\/11\/05\/tubarao-de-duas-cabecas-e-encontrado-no-litoral-sul-de-sp\/\",\"name\":\"Tubar\u00e3o de duas cabe\u00e7as \u00e9 encontrado no litoral sul de SP - Jornal Fatos e Not\u00edcias\",\"isPartOf\":{\"@id\":\"https:\/\/jornalfatosenoticias.com.br\/#website\"},\"primaryImageOfPage\":{\"@id\":\"https:\/\/jornalfatosenoticias.com.br\/index.php\/2020\/11\/05\/tubarao-de-duas-cabecas-e-encontrado-no-litoral-sul-de-sp\/#primaryimage\"},\"image\":{\"@id\":\"https:\/\/jornalfatosenoticias.com.br\/index.php\/2020\/11\/05\/tubarao-de-duas-cabecas-e-encontrado-no-litoral-sul-de-sp\/#primaryimage\"},\"thumbnailUrl\":\"https:\/\/jornalfatosenoticias.com.br\/wp-content\/uploads\/2020\/11\/tubarao_galhudo_de_duas_cabecas2.jpg\",\"datePublished\":\"2020-11-05T21:49:09+00:00\",\"dateModified\":\"2020-11-05T21:49:13+00:00\",\"breadcrumb\":{\"@id\":\"https:\/\/jornalfatosenoticias.com.br\/index.php\/2020\/11\/05\/tubarao-de-duas-cabecas-e-encontrado-no-litoral-sul-de-sp\/#breadcrumb\"},\"inLanguage\":\"pt-BR\",\"potentialAction\":[{\"@type\":\"ReadAction\",\"target\":[\"https:\/\/jornalfatosenoticias.com.br\/index.php\/2020\/11\/05\/tubarao-de-duas-cabecas-e-encontrado-no-litoral-sul-de-sp\/\"]}]},{\"@type\":\"ImageObject\",\"inLanguage\":\"pt-BR\",\"@id\":\"https:\/\/jornalfatosenoticias.com.br\/index.php\/2020\/11\/05\/tubarao-de-duas-cabecas-e-encontrado-no-litoral-sul-de-sp\/#primaryimage\",\"url\":\"https:\/\/jornalfatosenoticias.com.br\/wp-content\/uploads\/2020\/11\/tubarao_galhudo_de_duas_cabecas2.jpg\",\"contentUrl\":\"https:\/\/jornalfatosenoticias.com.br\/wp-content\/uploads\/2020\/11\/tubarao_galhudo_de_duas_cabecas2.jpg\",\"width\":1000,\"height\":528},{\"@type\":\"BreadcrumbList\",\"@id\":\"https:\/\/jornalfatosenoticias.com.br\/index.php\/2020\/11\/05\/tubarao-de-duas-cabecas-e-encontrado-no-litoral-sul-de-sp\/#breadcrumb\",\"itemListElement\":[{\"@type\":\"ListItem\",\"position\":1,\"name\":\"In\u00edcio\",\"item\":\"https:\/\/jornalfatosenoticias.com.br\/\"},{\"@type\":\"ListItem\",\"position\":2,\"name\":\"Tubar\u00e3o de duas cabe\u00e7as \u00e9 encontrado no litoral sul de SP\"}]},{\"@type\":\"WebSite\",\"@id\":\"https:\/\/jornalfatosenoticias.com.br\/#website\",\"url\":\"https:\/\/jornalfatosenoticias.com.br\/\",\"name\":\"Jornal Fatos e Not\u00edcias\",\"description\":\"Not\u00edcias em geral\",\"publisher\":{\"@id\":\"https:\/\/jornalfatosenoticias.com.br\/#organization\"},\"potentialAction\":[{\"@type\":\"SearchAction\",\"target\":{\"@type\":\"EntryPoint\",\"urlTemplate\":\"https:\/\/jornalfatosenoticias.com.br\/?s={search_term_string}\"},\"query-input\":{\"@type\":\"PropertyValueSpecification\",\"valueRequired\":true,\"valueName\":\"search_term_string\"}}],\"inLanguage\":\"pt-BR\"},{\"@type\":\"Organization\",\"@id\":\"https:\/\/jornalfatosenoticias.com.br\/#organization\",\"name\":\"Jornal Fatos e Not\u00edcias\",\"url\":\"https:\/\/jornalfatosenoticias.com.br\/\",\"logo\":{\"@type\":\"ImageObject\",\"inLanguage\":\"pt-BR\",\"@id\":\"https:\/\/jornalfatosenoticias.com.br\/#\/schema\/logo\/image\/\",\"url\":\"https:\/\/jornalfatosenoticias.com.br\/wp-content\/uploads\/2020\/02\/logo120.png\",\"contentUrl\":\"https:\/\/jornalfatosenoticias.com.br\/wp-content\/uploads\/2020\/02\/logo120.png\",\"width\":1227,\"height\":120,\"caption\":\"Jornal Fatos e Not\u00edcias\"},\"image\":{\"@id\":\"https:\/\/jornalfatosenoticias.com.br\/#\/schema\/logo\/image\/\"}},{\"@type\":\"Person\",\"@id\":\"https:\/\/jornalfatosenoticias.com.br\/#\/schema\/person\/d63837fa13ac8666eb9e74e0985d6f81\",\"name\":\"Luzimara Fernandes\",\"image\":{\"@type\":\"ImageObject\",\"inLanguage\":\"pt-BR\",\"@id\":\"https:\/\/jornalfatosenoticias.com.br\/#\/schema\/person\/image\/\",\"url\":\"https:\/\/jornalfatosenoticias.com.br\/wp-content\/uploads\/2025\/05\/EU_portal.jpg\",\"contentUrl\":\"https:\/\/jornalfatosenoticias.com.br\/wp-content\/uploads\/2025\/05\/EU_portal.jpg\",\"caption\":\"Luzimara Fernandes\"},\"description\":\"Jornalista MTB 2358-ES\",\"sameAs\":[\"https:\/\/jornalfatosenoticias.com.br\"],\"url\":\"https:\/\/jornalfatosenoticias.com.br\/index.php\/author\/luzimara\/\"}]}<\/script>\n<!-- \/ Yoast SEO plugin. -->","yoast_head_json":{"title":"Tubar\u00e3o de duas cabe\u00e7as \u00e9 encontrado no litoral sul de SP - Jornal Fatos e Not\u00edcias","robots":{"index":"index","follow":"follow","max-snippet":"max-snippet:-1","max-image-preview":"max-image-preview:large","max-video-preview":"max-video-preview:-1"},"canonical":"https:\/\/jornalfatosenoticias.com.br\/index.php\/2020\/11\/05\/tubarao-de-duas-cabecas-e-encontrado-no-litoral-sul-de-sp\/","og_locale":"pt_BR","og_type":"article","og_title":"Tubar\u00e3o de duas cabe\u00e7as \u00e9 encontrado no litoral sul de SP - Jornal Fatos e Not\u00edcias","og_description":"Anomalia pode ter sido causada por polui\u00e7\u00e3o dos oceanos; al\u00e9m de duas cabe\u00e7as, o animal conta com dois cora\u00e7\u00f5es e duas colunas vertebrais independentes, bem como outros \u00f3rg\u00e3os internos duplos Um pequeno tubar\u00e3o-galhudo de duas cabe\u00e7as foi encontrado por pescadores no litoral sul de S\u00e3o Paulo, na divisa entre as praias de Itanha\u00e9m e Peru\u00edbe. [&hellip;]","og_url":"https:\/\/jornalfatosenoticias.com.br\/index.php\/2020\/11\/05\/tubarao-de-duas-cabecas-e-encontrado-no-litoral-sul-de-sp\/","og_site_name":"Jornal Fatos e Not\u00edcias","article_published_time":"2020-11-05T21:49:09+00:00","article_modified_time":"2020-11-05T21:49:13+00:00","og_image":[{"width":1000,"height":528,"url":"https:\/\/jornalfatosenoticias.com.br\/wp-content\/uploads\/2020\/11\/tubarao_galhudo_de_duas_cabecas2.jpg","type":"image\/jpeg"}],"author":"Luzimara Fernandes","twitter_card":"summary_large_image","twitter_misc":{"Escrito por":"Luzimara Fernandes","Est. tempo de leitura":"2 minutos"},"schema":{"@context":"https:\/\/schema.org","@graph":[{"@type":"Article","@id":"https:\/\/jornalfatosenoticias.com.br\/index.php\/2020\/11\/05\/tubarao-de-duas-cabecas-e-encontrado-no-litoral-sul-de-sp\/#article","isPartOf":{"@id":"https:\/\/jornalfatosenoticias.com.br\/index.php\/2020\/11\/05\/tubarao-de-duas-cabecas-e-encontrado-no-litoral-sul-de-sp\/"},"author":{"name":"Luzimara Fernandes","@id":"https:\/\/jornalfatosenoticias.com.br\/#\/schema\/person\/d63837fa13ac8666eb9e74e0985d6f81"},"headline":"Tubar\u00e3o de duas cabe\u00e7as \u00e9 encontrado no litoral sul de SP","datePublished":"2020-11-05T21:49:09+00:00","dateModified":"2020-11-05T21:49:13+00:00","mainEntityOfPage":{"@id":"https:\/\/jornalfatosenoticias.com.br\/index.php\/2020\/11\/05\/tubarao-de-duas-cabecas-e-encontrado-no-litoral-sul-de-sp\/"},"wordCount":465,"commentCount":0,"publisher":{"@id":"https:\/\/jornalfatosenoticias.com.br\/#organization"},"image":{"@id":"https:\/\/jornalfatosenoticias.com.br\/index.php\/2020\/11\/05\/tubarao-de-duas-cabecas-e-encontrado-no-litoral-sul-de-sp\/#primaryimage"},"thumbnailUrl":"https:\/\/jornalfatosenoticias.com.br\/wp-content\/uploads\/2020\/11\/tubarao_galhudo_de_duas_cabecas2.jpg","keywords":["muta\u00e7\u00e3o","oceanos","polui\u00e7\u00e3o nos oceanos","tubar\u00e3o-galhudo"],"articleSection":["Ci\u00eancia"],"inLanguage":"pt-BR","potentialAction":[{"@type":"CommentAction","name":"Comment","target":["https:\/\/jornalfatosenoticias.com.br\/index.php\/2020\/11\/05\/tubarao-de-duas-cabecas-e-encontrado-no-litoral-sul-de-sp\/#respond"]}]},{"@type":"WebPage","@id":"https:\/\/jornalfatosenoticias.com.br\/index.php\/2020\/11\/05\/tubarao-de-duas-cabecas-e-encontrado-no-litoral-sul-de-sp\/","url":"https:\/\/jornalfatosenoticias.com.br\/index.php\/2020\/11\/05\/tubarao-de-duas-cabecas-e-encontrado-no-litoral-sul-de-sp\/","name":"Tubar\u00e3o de duas cabe\u00e7as \u00e9 encontrado no litoral sul de SP - Jornal Fatos e Not\u00edcias","isPartOf":{"@id":"https:\/\/jornalfatosenoticias.com.br\/#website"},"primaryImageOfPage":{"@id":"https:\/\/jornalfatosenoticias.com.br\/index.php\/2020\/11\/05\/tubarao-de-duas-cabecas-e-encontrado-no-litoral-sul-de-sp\/#primaryimage"},"image":{"@id":"https:\/\/jornalfatosenoticias.com.br\/index.php\/2020\/11\/05\/tubarao-de-duas-cabecas-e-encontrado-no-litoral-sul-de-sp\/#primaryimage"},"thumbnailUrl":"https:\/\/jornalfatosenoticias.com.br\/wp-content\/uploads\/2020\/11\/tubarao_galhudo_de_duas_cabecas2.jpg","datePublished":"2020-11-05T21:49:09+00:00","dateModified":"2020-11-05T21:49:13+00:00","breadcrumb":{"@id":"https:\/\/jornalfatosenoticias.com.br\/index.php\/2020\/11\/05\/tubarao-de-duas-cabecas-e-encontrado-no-litoral-sul-de-sp\/#breadcrumb"},"inLanguage":"pt-BR","potentialAction":[{"@type":"ReadAction","target":["https:\/\/jornalfatosenoticias.com.br\/index.php\/2020\/11\/05\/tubarao-de-duas-cabecas-e-encontrado-no-litoral-sul-de-sp\/"]}]},{"@type":"ImageObject","inLanguage":"pt-BR","@id":"https:\/\/jornalfatosenoticias.com.br\/index.php\/2020\/11\/05\/tubarao-de-duas-cabecas-e-encontrado-no-litoral-sul-de-sp\/#primaryimage","url":"https:\/\/jornalfatosenoticias.com.br\/wp-content\/uploads\/2020\/11\/tubarao_galhudo_de_duas_cabecas2.jpg","contentUrl":"https:\/\/jornalfatosenoticias.com.br\/wp-content\/uploads\/2020\/11\/tubarao_galhudo_de_duas_cabecas2.jpg","width":1000,"height":528},{"@type":"BreadcrumbList","@id":"https:\/\/jornalfatosenoticias.com.br\/index.php\/2020\/11\/05\/tubarao-de-duas-cabecas-e-encontrado-no-litoral-sul-de-sp\/#breadcrumb","itemListElement":[{"@type":"ListItem","position":1,"name":"In\u00edcio","item":"https:\/\/jornalfatosenoticias.com.br\/"},{"@type":"ListItem","position":2,"name":"Tubar\u00e3o de duas cabe\u00e7as \u00e9 encontrado no litoral sul de SP"}]},{"@type":"WebSite","@id":"https:\/\/jornalfatosenoticias.com.br\/#website","url":"https:\/\/jornalfatosenoticias.com.br\/","name":"Jornal Fatos e Not\u00edcias","description":"Not\u00edcias em geral","publisher":{"@id":"https:\/\/jornalfatosenoticias.com.br\/#organization"},"potentialAction":[{"@type":"SearchAction","target":{"@type":"EntryPoint","urlTemplate":"https:\/\/jornalfatosenoticias.com.br\/?s={search_term_string}"},"query-input":{"@type":"PropertyValueSpecification","valueRequired":true,"valueName":"search_term_string"}}],"inLanguage":"pt-BR"},{"@type":"Organization","@id":"https:\/\/jornalfatosenoticias.com.br\/#organization","name":"Jornal Fatos e Not\u00edcias","url":"https:\/\/jornalfatosenoticias.com.br\/","logo":{"@type":"ImageObject","inLanguage":"pt-BR","@id":"https:\/\/jornalfatosenoticias.com.br\/#\/schema\/logo\/image\/","url":"https:\/\/jornalfatosenoticias.com.br\/wp-content\/uploads\/2020\/02\/logo120.png","contentUrl":"https:\/\/jornalfatosenoticias.com.br\/wp-content\/uploads\/2020\/02\/logo120.png","width":1227,"height":120,"caption":"Jornal Fatos e Not\u00edcias"},"image":{"@id":"https:\/\/jornalfatosenoticias.com.br\/#\/schema\/logo\/image\/"}},{"@type":"Person","@id":"https:\/\/jornalfatosenoticias.com.br\/#\/schema\/person\/d63837fa13ac8666eb9e74e0985d6f81","name":"Luzimara Fernandes","image":{"@type":"ImageObject","inLanguage":"pt-BR","@id":"https:\/\/jornalfatosenoticias.com.br\/#\/schema\/person\/image\/","url":"https:\/\/jornalfatosenoticias.com.br\/wp-content\/uploads\/2025\/05\/EU_portal.jpg","contentUrl":"https:\/\/jornalfatosenoticias.com.br\/wp-content\/uploads\/2025\/05\/EU_portal.jpg","caption":"Luzimara Fernandes"},"description":"Jornalista MTB 2358-ES","sameAs":["https:\/\/jornalfatosenoticias.com.br"],"url":"https:\/\/jornalfatosenoticias.com.br\/index.php\/author\/luzimara\/"}]}},"cc_featured_image_caption":{"caption_text":"(Edris Queiroz\/Divulga\u00e7\u00e3o) \r\n","source_text":"","source_url":""},"jetpack_featured_media_url":"https:\/\/jornalfatosenoticias.com.br\/wp-content\/uploads\/2020\/11\/tubarao_galhudo_de_duas_cabecas2.jpg","_links":{"self":[{"href":"https:\/\/jornalfatosenoticias.com.br\/index.php\/wp-json\/wp\/v2\/posts\/10814","targetHints":{"allow":["GET"]}}],"collection":[{"href":"https:\/\/jornalfatosenoticias.com.br\/index.php\/wp-json\/wp\/v2\/posts"}],"about":[{"href":"https:\/\/jornalfatosenoticias.com.br\/index.php\/wp-json\/wp\/v2\/types\/post"}],"author":[{"embeddable":true,"href":"https:\/\/jornalfatosenoticias.com.br\/index.php\/wp-json\/wp\/v2\/users\/2"}],"replies":[{"embeddable":true,"href":"https:\/\/jornalfatosenoticias.com.br\/index.php\/wp-json\/wp\/v2\/comments?post=10814"}],"version-history":[{"count":0,"href":"https:\/\/jornalfatosenoticias.com.br\/index.php\/wp-json\/wp\/v2\/posts\/10814\/revisions"}],"wp:featuredmedia":[{"embeddable":true,"href":"https:\/\/jornalfatosenoticias.com.br\/index.php\/wp-json\/wp\/v2\/media\/10816"}],"wp:attachment":[{"href":"https:\/\/jornalfatosenoticias.com.br\/index.php\/wp-json\/wp\/v2\/media?parent=10814"}],"wp:term":[{"taxonomy":"category","embeddable":true,"href":"https:\/\/jornalfatosenoticias.com.br\/index.php\/wp-json\/wp\/v2\/categories?post=10814"},{"taxonomy":"post_tag","embeddable":true,"href":"https:\/\/jornalfatosenoticias.com.br\/index.php\/wp-json\/wp\/v2\/tags?post=10814"}],"curies":[{"name":"wp","href":"https:\/\/api.w.org\/{rel}","templated":true}]}}