{"id":10883,"date":"2020-11-09T09:17:30","date_gmt":"2020-11-09T12:17:30","guid":{"rendered":"https:\/\/jornalfatosenoticias.com.br\/?p=10883"},"modified":"2020-11-09T09:17:34","modified_gmt":"2020-11-09T12:17:34","slug":"estao-abertas-as-inscricoes-para-a-semana-da-inovacao-2020","status":"publish","type":"post","link":"https:\/\/jornalfatosenoticias.com.br\/index.php\/2020\/11\/09\/estao-abertas-as-inscricoes-para-a-semana-da-inovacao-2020\/","title":{"rendered":"Est\u00e3o abertas as inscri\u00e7\u00f5es para a Semana da Inova\u00e7\u00e3o 2020"},"content":{"rendered":"\n<h6 class=\"wp-block-heading\"><em>O evento ocorre de forma virtual de 16 a 19 de novembro<\/em><\/h6>\n\n\n\n<p>Est\u00e3o abertas as inscri\u00e7\u00f5es para a Semana da Inova\u00e7\u00e3o 2020, a sexta edi\u00e7\u00e3o do evento sobre inova\u00e7\u00e3o p\u00fablica que acontece de forma virtual de 16 a 19 de novembro. Os organizadores esperam reunir aproximadamente 20 mil pessoas e mais de 150 palestrantes durante os quatro dias, com mais de 200 horas de programa\u00e7\u00e3o on-line, que inclui palestras, oficinas, mesas-redondas, cursos, sess\u00f5es on-demand e outras atra\u00e7\u00f5es.<br>As inscri\u00e7\u00f5es podem ser feitas no site do evento. A Semana da Inova\u00e7\u00e3o 2020 \u00e9 uma realiza\u00e7\u00e3o da Escola Nacional de Administra\u00e7\u00e3o P\u00fablica (Enap), do Minist\u00e9rio da Economia, do Tribunal de Contas da Uni\u00e3o (TCU) e da Faculdade Latino-Americana de Ci\u00eancias Sociais (Flacso), com o apoio e a participa\u00e7\u00e3o de diversas institui\u00e7\u00f5es do governo federal, al\u00e9m de organismos internacionais, grupos da sociedade civil e representantes do setor privado.<br>Em comunicado, a Enap explicou que a defini\u00e7\u00e3o conceitual da semana trata da explora\u00e7\u00e3o do \u201centrelugar\u201d \u2014 um espa\u00e7o de transi\u00e7\u00e3o entre o passado e futuro na governan\u00e7a p\u00fablica. \u201cNeste espa\u00e7o somos desafiados tanto por antigas quest\u00f5es que permanecem \u2014 fome, pobreza, viol\u00eancia \u2014 quanto por novas quest\u00f5es que emergem \u2014 futuro do trabalho a dist\u00e2ncia, \u00e9tica da tecnologia, equil\u00edbrio entre economia e sa\u00fade\u201d, diz.<br>A Organiza\u00e7\u00e3o para a Coopera\u00e7\u00e3o e Desenvolvimento Econ\u00f4mico (OCDE) tamb\u00e9m est\u00e1 lan\u00e7ando este ano uma iniciativa chamada #govaftershock (governo depois do choque), um evento em rede que acontece por dois dias ininterruptos. Ele \u00e9 liderado pelo Observat\u00f3rio para Inova\u00e7\u00e3o do Setor P\u00fablico da OCDE, mas organizado por parceiros ao redor do mundo. No Brasil, a Semana da Inova\u00e7\u00e3o foi convidada para cocriar o evento e contribuir para a programa\u00e7\u00e3o. Ser\u00e1 dias 17 e 18 de novembro.<br>O primeiro dia focar\u00e1 em reunir reflex\u00f5es para as tr\u00eas perguntas: \u201co que queremos deixar para tr\u00e1s ap\u00f3s esse choque? O que queremos manter? O que queremos fazer diferente?\u201d. O segundo dia reunir\u00e1 l\u00edderes mundiais para debater sobre as reflex\u00f5es geradas pelos eventos ao redor do mundo.<\/p>\n\n\n\n<p><strong><em>Fonte: <a href=\"https:\/\/agenciabrasil.ebc.com.br\/geral\/noticia\/2020-11\/estao-abertas-inscricoes-para-semana-da-inovacao-2020\">Ag\u00eancia Brasil<\/a><\/em><\/strong><\/p>\n","protected":false},"excerpt":{"rendered":"<p>O evento ocorre de forma virtual de 16 a 19 de novembro Est\u00e3o abertas as inscri\u00e7\u00f5es para a Semana da Inova\u00e7\u00e3o 2020, a sexta edi\u00e7\u00e3o do evento sobre inova\u00e7\u00e3o p\u00fablica que acontece de forma virtual de 16 a 19 de novembro. Os organizadores esperam reunir aproximadamente 20 mil pessoas e mais de 150 palestrantes durante [&hellip;]<\/p>\n","protected":false},"author":2,"featured_media":10884,"comment_status":"open","ping_status":"open","sticky":false,"template":"","format":"standard","meta":{"footnotes":""},"categories":[7],"tags":[854,5774,3814,5773,5772],"class_list":["post-10883","post","type-post","status-publish","format-standard","has-post-thumbnail","hentry","category-educacao","tag-cursos","tag-mesas-redondas","tag-palestras","tag-programacao","tag-semana-da-inovacao-2020"],"yoast_head":"<!-- This site is optimized with the Yoast SEO plugin v26.5 - https:\/\/yoast.com\/wordpress\/plugins\/seo\/ -->\n<title>Est\u00e3o abertas as inscri\u00e7\u00f5es para a Semana da Inova\u00e7\u00e3o 2020 - Jornal Fatos e Not\u00edcias<\/title>\n<meta name=\"robots\" content=\"index, follow, max-snippet:-1, max-image-preview:large, max-video-preview:-1\" \/>\n<link rel=\"canonical\" href=\"https:\/\/jornalfatosenoticias.com.br\/index.php\/2020\/11\/09\/estao-abertas-as-inscricoes-para-a-semana-da-inovacao-2020\/\" \/>\n<meta property=\"og:locale\" content=\"pt_BR\" \/>\n<meta property=\"og:type\" content=\"article\" \/>\n<meta property=\"og:title\" content=\"Est\u00e3o abertas as inscri\u00e7\u00f5es para a Semana da Inova\u00e7\u00e3o 2020 - Jornal Fatos e Not\u00edcias\" \/>\n<meta property=\"og:description\" content=\"O evento ocorre de forma virtual de 16 a 19 de novembro Est\u00e3o abertas as inscri\u00e7\u00f5es para a Semana da Inova\u00e7\u00e3o 2020, a sexta edi\u00e7\u00e3o do evento sobre inova\u00e7\u00e3o p\u00fablica que acontece de forma virtual de 16 a 19 de novembro. Os organizadores esperam reunir aproximadamente 20 mil pessoas e mais de 150 palestrantes durante [&hellip;]\" \/>\n<meta property=\"og:url\" content=\"https:\/\/jornalfatosenoticias.com.br\/index.php\/2020\/11\/09\/estao-abertas-as-inscricoes-para-a-semana-da-inovacao-2020\/\" \/>\n<meta property=\"og:site_name\" content=\"Jornal Fatos e Not\u00edcias\" \/>\n<meta property=\"article:published_time\" content=\"2020-11-09T12:17:30+00:00\" \/>\n<meta property=\"article:modified_time\" content=\"2020-11-09T12:17:34+00:00\" \/>\n<meta property=\"og:image\" content=\"https:\/\/jornalfatosenoticias.com.br\/wp-content\/uploads\/2020\/11\/semana-inovacao-2020.png\" \/>\n\t<meta property=\"og:image:width\" content=\"1000\" \/>\n\t<meta property=\"og:image:height\" content=\"442\" \/>\n\t<meta property=\"og:image:type\" content=\"image\/png\" \/>\n<meta name=\"author\" content=\"Luzimara Fernandes\" \/>\n<meta name=\"twitter:card\" content=\"summary_large_image\" \/>\n<meta name=\"twitter:label1\" content=\"Escrito por\" \/>\n\t<meta name=\"twitter:data1\" content=\"Luzimara Fernandes\" \/>\n\t<meta name=\"twitter:label2\" content=\"Est. tempo de leitura\" \/>\n\t<meta name=\"twitter:data2\" content=\"2 minutos\" \/>\n<script type=\"application\/ld+json\" class=\"yoast-schema-graph\">{\"@context\":\"https:\/\/schema.org\",\"@graph\":[{\"@type\":\"Article\",\"@id\":\"https:\/\/jornalfatosenoticias.com.br\/index.php\/2020\/11\/09\/estao-abertas-as-inscricoes-para-a-semana-da-inovacao-2020\/#article\",\"isPartOf\":{\"@id\":\"https:\/\/jornalfatosenoticias.com.br\/index.php\/2020\/11\/09\/estao-abertas-as-inscricoes-para-a-semana-da-inovacao-2020\/\"},\"author\":{\"name\":\"Luzimara Fernandes\",\"@id\":\"https:\/\/jornalfatosenoticias.com.br\/#\/schema\/person\/d63837fa13ac8666eb9e74e0985d6f81\"},\"headline\":\"Est\u00e3o abertas as inscri\u00e7\u00f5es para a Semana da Inova\u00e7\u00e3o 2020\",\"datePublished\":\"2020-11-09T12:17:30+00:00\",\"dateModified\":\"2020-11-09T12:17:34+00:00\",\"mainEntityOfPage\":{\"@id\":\"https:\/\/jornalfatosenoticias.com.br\/index.php\/2020\/11\/09\/estao-abertas-as-inscricoes-para-a-semana-da-inovacao-2020\/\"},\"wordCount\":381,\"commentCount\":0,\"publisher\":{\"@id\":\"https:\/\/jornalfatosenoticias.com.br\/#organization\"},\"image\":{\"@id\":\"https:\/\/jornalfatosenoticias.com.br\/index.php\/2020\/11\/09\/estao-abertas-as-inscricoes-para-a-semana-da-inovacao-2020\/#primaryimage\"},\"thumbnailUrl\":\"https:\/\/jornalfatosenoticias.com.br\/wp-content\/uploads\/2020\/11\/semana-inovacao-2020.png\",\"keywords\":[\"cursos\",\"mesas-redondas\",\"palestras\",\"programa\u00e7\u00e3o\",\"Semana da Inova\u00e7\u00e3o 2020\"],\"articleSection\":[\"Educa\u00e7\u00e3o\"],\"inLanguage\":\"pt-BR\",\"potentialAction\":[{\"@type\":\"CommentAction\",\"name\":\"Comment\",\"target\":[\"https:\/\/jornalfatosenoticias.com.br\/index.php\/2020\/11\/09\/estao-abertas-as-inscricoes-para-a-semana-da-inovacao-2020\/#respond\"]}]},{\"@type\":\"WebPage\",\"@id\":\"https:\/\/jornalfatosenoticias.com.br\/index.php\/2020\/11\/09\/estao-abertas-as-inscricoes-para-a-semana-da-inovacao-2020\/\",\"url\":\"https:\/\/jornalfatosenoticias.com.br\/index.php\/2020\/11\/09\/estao-abertas-as-inscricoes-para-a-semana-da-inovacao-2020\/\",\"name\":\"Est\u00e3o abertas as inscri\u00e7\u00f5es para a Semana da Inova\u00e7\u00e3o 2020 - Jornal Fatos e Not\u00edcias\",\"isPartOf\":{\"@id\":\"https:\/\/jornalfatosenoticias.com.br\/#website\"},\"primaryImageOfPage\":{\"@id\":\"https:\/\/jornalfatosenoticias.com.br\/index.php\/2020\/11\/09\/estao-abertas-as-inscricoes-para-a-semana-da-inovacao-2020\/#primaryimage\"},\"image\":{\"@id\":\"https:\/\/jornalfatosenoticias.com.br\/index.php\/2020\/11\/09\/estao-abertas-as-inscricoes-para-a-semana-da-inovacao-2020\/#primaryimage\"},\"thumbnailUrl\":\"https:\/\/jornalfatosenoticias.com.br\/wp-content\/uploads\/2020\/11\/semana-inovacao-2020.png\",\"datePublished\":\"2020-11-09T12:17:30+00:00\",\"dateModified\":\"2020-11-09T12:17:34+00:00\",\"breadcrumb\":{\"@id\":\"https:\/\/jornalfatosenoticias.com.br\/index.php\/2020\/11\/09\/estao-abertas-as-inscricoes-para-a-semana-da-inovacao-2020\/#breadcrumb\"},\"inLanguage\":\"pt-BR\",\"potentialAction\":[{\"@type\":\"ReadAction\",\"target\":[\"https:\/\/jornalfatosenoticias.com.br\/index.php\/2020\/11\/09\/estao-abertas-as-inscricoes-para-a-semana-da-inovacao-2020\/\"]}]},{\"@type\":\"ImageObject\",\"inLanguage\":\"pt-BR\",\"@id\":\"https:\/\/jornalfatosenoticias.com.br\/index.php\/2020\/11\/09\/estao-abertas-as-inscricoes-para-a-semana-da-inovacao-2020\/#primaryimage\",\"url\":\"https:\/\/jornalfatosenoticias.com.br\/wp-content\/uploads\/2020\/11\/semana-inovacao-2020.png\",\"contentUrl\":\"https:\/\/jornalfatosenoticias.com.br\/wp-content\/uploads\/2020\/11\/semana-inovacao-2020.png\",\"width\":1000,\"height\":442},{\"@type\":\"BreadcrumbList\",\"@id\":\"https:\/\/jornalfatosenoticias.com.br\/index.php\/2020\/11\/09\/estao-abertas-as-inscricoes-para-a-semana-da-inovacao-2020\/#breadcrumb\",\"itemListElement\":[{\"@type\":\"ListItem\",\"position\":1,\"name\":\"In\u00edcio\",\"item\":\"https:\/\/jornalfatosenoticias.com.br\/\"},{\"@type\":\"ListItem\",\"position\":2,\"name\":\"Est\u00e3o abertas as inscri\u00e7\u00f5es para a Semana da Inova\u00e7\u00e3o 2020\"}]},{\"@type\":\"WebSite\",\"@id\":\"https:\/\/jornalfatosenoticias.com.br\/#website\",\"url\":\"https:\/\/jornalfatosenoticias.com.br\/\",\"name\":\"Jornal Fatos e Not\u00edcias\",\"description\":\"Not\u00edcias em geral\",\"publisher\":{\"@id\":\"https:\/\/jornalfatosenoticias.com.br\/#organization\"},\"potentialAction\":[{\"@type\":\"SearchAction\",\"target\":{\"@type\":\"EntryPoint\",\"urlTemplate\":\"https:\/\/jornalfatosenoticias.com.br\/?s={search_term_string}\"},\"query-input\":{\"@type\":\"PropertyValueSpecification\",\"valueRequired\":true,\"valueName\":\"search_term_string\"}}],\"inLanguage\":\"pt-BR\"},{\"@type\":\"Organization\",\"@id\":\"https:\/\/jornalfatosenoticias.com.br\/#organization\",\"name\":\"Jornal Fatos e Not\u00edcias\",\"url\":\"https:\/\/jornalfatosenoticias.com.br\/\",\"logo\":{\"@type\":\"ImageObject\",\"inLanguage\":\"pt-BR\",\"@id\":\"https:\/\/jornalfatosenoticias.com.br\/#\/schema\/logo\/image\/\",\"url\":\"https:\/\/jornalfatosenoticias.com.br\/wp-content\/uploads\/2020\/02\/logo120.png\",\"contentUrl\":\"https:\/\/jornalfatosenoticias.com.br\/wp-content\/uploads\/2020\/02\/logo120.png\",\"width\":1227,\"height\":120,\"caption\":\"Jornal Fatos e Not\u00edcias\"},\"image\":{\"@id\":\"https:\/\/jornalfatosenoticias.com.br\/#\/schema\/logo\/image\/\"}},{\"@type\":\"Person\",\"@id\":\"https:\/\/jornalfatosenoticias.com.br\/#\/schema\/person\/d63837fa13ac8666eb9e74e0985d6f81\",\"name\":\"Luzimara Fernandes\",\"image\":{\"@type\":\"ImageObject\",\"inLanguage\":\"pt-BR\",\"@id\":\"https:\/\/jornalfatosenoticias.com.br\/#\/schema\/person\/image\/\",\"url\":\"https:\/\/jornalfatosenoticias.com.br\/wp-content\/uploads\/2025\/05\/EU_portal.jpg\",\"contentUrl\":\"https:\/\/jornalfatosenoticias.com.br\/wp-content\/uploads\/2025\/05\/EU_portal.jpg\",\"caption\":\"Luzimara Fernandes\"},\"description\":\"Jornalista MTB 2358-ES\",\"sameAs\":[\"https:\/\/jornalfatosenoticias.com.br\"],\"url\":\"https:\/\/jornalfatosenoticias.com.br\/index.php\/author\/luzimara\/\"}]}<\/script>\n<!-- \/ Yoast SEO plugin. -->","yoast_head_json":{"title":"Est\u00e3o abertas as inscri\u00e7\u00f5es para a Semana da Inova\u00e7\u00e3o 2020 - Jornal Fatos e Not\u00edcias","robots":{"index":"index","follow":"follow","max-snippet":"max-snippet:-1","max-image-preview":"max-image-preview:large","max-video-preview":"max-video-preview:-1"},"canonical":"https:\/\/jornalfatosenoticias.com.br\/index.php\/2020\/11\/09\/estao-abertas-as-inscricoes-para-a-semana-da-inovacao-2020\/","og_locale":"pt_BR","og_type":"article","og_title":"Est\u00e3o abertas as inscri\u00e7\u00f5es para a Semana da Inova\u00e7\u00e3o 2020 - Jornal Fatos e Not\u00edcias","og_description":"O evento ocorre de forma virtual de 16 a 19 de novembro Est\u00e3o abertas as inscri\u00e7\u00f5es para a Semana da Inova\u00e7\u00e3o 2020, a sexta edi\u00e7\u00e3o do evento sobre inova\u00e7\u00e3o p\u00fablica que acontece de forma virtual de 16 a 19 de novembro. Os organizadores esperam reunir aproximadamente 20 mil pessoas e mais de 150 palestrantes durante [&hellip;]","og_url":"https:\/\/jornalfatosenoticias.com.br\/index.php\/2020\/11\/09\/estao-abertas-as-inscricoes-para-a-semana-da-inovacao-2020\/","og_site_name":"Jornal Fatos e Not\u00edcias","article_published_time":"2020-11-09T12:17:30+00:00","article_modified_time":"2020-11-09T12:17:34+00:00","og_image":[{"width":1000,"height":442,"url":"https:\/\/jornalfatosenoticias.com.br\/wp-content\/uploads\/2020\/11\/semana-inovacao-2020.png","type":"image\/png"}],"author":"Luzimara Fernandes","twitter_card":"summary_large_image","twitter_misc":{"Escrito por":"Luzimara Fernandes","Est. tempo de leitura":"2 minutos"},"schema":{"@context":"https:\/\/schema.org","@graph":[{"@type":"Article","@id":"https:\/\/jornalfatosenoticias.com.br\/index.php\/2020\/11\/09\/estao-abertas-as-inscricoes-para-a-semana-da-inovacao-2020\/#article","isPartOf":{"@id":"https:\/\/jornalfatosenoticias.com.br\/index.php\/2020\/11\/09\/estao-abertas-as-inscricoes-para-a-semana-da-inovacao-2020\/"},"author":{"name":"Luzimara Fernandes","@id":"https:\/\/jornalfatosenoticias.com.br\/#\/schema\/person\/d63837fa13ac8666eb9e74e0985d6f81"},"headline":"Est\u00e3o abertas as inscri\u00e7\u00f5es para a Semana da Inova\u00e7\u00e3o 2020","datePublished":"2020-11-09T12:17:30+00:00","dateModified":"2020-11-09T12:17:34+00:00","mainEntityOfPage":{"@id":"https:\/\/jornalfatosenoticias.com.br\/index.php\/2020\/11\/09\/estao-abertas-as-inscricoes-para-a-semana-da-inovacao-2020\/"},"wordCount":381,"commentCount":0,"publisher":{"@id":"https:\/\/jornalfatosenoticias.com.br\/#organization"},"image":{"@id":"https:\/\/jornalfatosenoticias.com.br\/index.php\/2020\/11\/09\/estao-abertas-as-inscricoes-para-a-semana-da-inovacao-2020\/#primaryimage"},"thumbnailUrl":"https:\/\/jornalfatosenoticias.com.br\/wp-content\/uploads\/2020\/11\/semana-inovacao-2020.png","keywords":["cursos","mesas-redondas","palestras","programa\u00e7\u00e3o","Semana da Inova\u00e7\u00e3o 2020"],"articleSection":["Educa\u00e7\u00e3o"],"inLanguage":"pt-BR","potentialAction":[{"@type":"CommentAction","name":"Comment","target":["https:\/\/jornalfatosenoticias.com.br\/index.php\/2020\/11\/09\/estao-abertas-as-inscricoes-para-a-semana-da-inovacao-2020\/#respond"]}]},{"@type":"WebPage","@id":"https:\/\/jornalfatosenoticias.com.br\/index.php\/2020\/11\/09\/estao-abertas-as-inscricoes-para-a-semana-da-inovacao-2020\/","url":"https:\/\/jornalfatosenoticias.com.br\/index.php\/2020\/11\/09\/estao-abertas-as-inscricoes-para-a-semana-da-inovacao-2020\/","name":"Est\u00e3o abertas as inscri\u00e7\u00f5es para a Semana da Inova\u00e7\u00e3o 2020 - Jornal Fatos e Not\u00edcias","isPartOf":{"@id":"https:\/\/jornalfatosenoticias.com.br\/#website"},"primaryImageOfPage":{"@id":"https:\/\/jornalfatosenoticias.com.br\/index.php\/2020\/11\/09\/estao-abertas-as-inscricoes-para-a-semana-da-inovacao-2020\/#primaryimage"},"image":{"@id":"https:\/\/jornalfatosenoticias.com.br\/index.php\/2020\/11\/09\/estao-abertas-as-inscricoes-para-a-semana-da-inovacao-2020\/#primaryimage"},"thumbnailUrl":"https:\/\/jornalfatosenoticias.com.br\/wp-content\/uploads\/2020\/11\/semana-inovacao-2020.png","datePublished":"2020-11-09T12:17:30+00:00","dateModified":"2020-11-09T12:17:34+00:00","breadcrumb":{"@id":"https:\/\/jornalfatosenoticias.com.br\/index.php\/2020\/11\/09\/estao-abertas-as-inscricoes-para-a-semana-da-inovacao-2020\/#breadcrumb"},"inLanguage":"pt-BR","potentialAction":[{"@type":"ReadAction","target":["https:\/\/jornalfatosenoticias.com.br\/index.php\/2020\/11\/09\/estao-abertas-as-inscricoes-para-a-semana-da-inovacao-2020\/"]}]},{"@type":"ImageObject","inLanguage":"pt-BR","@id":"https:\/\/jornalfatosenoticias.com.br\/index.php\/2020\/11\/09\/estao-abertas-as-inscricoes-para-a-semana-da-inovacao-2020\/#primaryimage","url":"https:\/\/jornalfatosenoticias.com.br\/wp-content\/uploads\/2020\/11\/semana-inovacao-2020.png","contentUrl":"https:\/\/jornalfatosenoticias.com.br\/wp-content\/uploads\/2020\/11\/semana-inovacao-2020.png","width":1000,"height":442},{"@type":"BreadcrumbList","@id":"https:\/\/jornalfatosenoticias.com.br\/index.php\/2020\/11\/09\/estao-abertas-as-inscricoes-para-a-semana-da-inovacao-2020\/#breadcrumb","itemListElement":[{"@type":"ListItem","position":1,"name":"In\u00edcio","item":"https:\/\/jornalfatosenoticias.com.br\/"},{"@type":"ListItem","position":2,"name":"Est\u00e3o abertas as inscri\u00e7\u00f5es para a Semana da Inova\u00e7\u00e3o 2020"}]},{"@type":"WebSite","@id":"https:\/\/jornalfatosenoticias.com.br\/#website","url":"https:\/\/jornalfatosenoticias.com.br\/","name":"Jornal Fatos e Not\u00edcias","description":"Not\u00edcias em geral","publisher":{"@id":"https:\/\/jornalfatosenoticias.com.br\/#organization"},"potentialAction":[{"@type":"SearchAction","target":{"@type":"EntryPoint","urlTemplate":"https:\/\/jornalfatosenoticias.com.br\/?s={search_term_string}"},"query-input":{"@type":"PropertyValueSpecification","valueRequired":true,"valueName":"search_term_string"}}],"inLanguage":"pt-BR"},{"@type":"Organization","@id":"https:\/\/jornalfatosenoticias.com.br\/#organization","name":"Jornal Fatos e Not\u00edcias","url":"https:\/\/jornalfatosenoticias.com.br\/","logo":{"@type":"ImageObject","inLanguage":"pt-BR","@id":"https:\/\/jornalfatosenoticias.com.br\/#\/schema\/logo\/image\/","url":"https:\/\/jornalfatosenoticias.com.br\/wp-content\/uploads\/2020\/02\/logo120.png","contentUrl":"https:\/\/jornalfatosenoticias.com.br\/wp-content\/uploads\/2020\/02\/logo120.png","width":1227,"height":120,"caption":"Jornal Fatos e Not\u00edcias"},"image":{"@id":"https:\/\/jornalfatosenoticias.com.br\/#\/schema\/logo\/image\/"}},{"@type":"Person","@id":"https:\/\/jornalfatosenoticias.com.br\/#\/schema\/person\/d63837fa13ac8666eb9e74e0985d6f81","name":"Luzimara Fernandes","image":{"@type":"ImageObject","inLanguage":"pt-BR","@id":"https:\/\/jornalfatosenoticias.com.br\/#\/schema\/person\/image\/","url":"https:\/\/jornalfatosenoticias.com.br\/wp-content\/uploads\/2025\/05\/EU_portal.jpg","contentUrl":"https:\/\/jornalfatosenoticias.com.br\/wp-content\/uploads\/2025\/05\/EU_portal.jpg","caption":"Luzimara Fernandes"},"description":"Jornalista MTB 2358-ES","sameAs":["https:\/\/jornalfatosenoticias.com.br"],"url":"https:\/\/jornalfatosenoticias.com.br\/index.php\/author\/luzimara\/"}]}},"cc_featured_image_caption":{"caption_text":"(Foto: Divulga\u00e7\u00e3o)","source_text":"","source_url":""},"jetpack_featured_media_url":"https:\/\/jornalfatosenoticias.com.br\/wp-content\/uploads\/2020\/11\/semana-inovacao-2020.png","_links":{"self":[{"href":"https:\/\/jornalfatosenoticias.com.br\/index.php\/wp-json\/wp\/v2\/posts\/10883","targetHints":{"allow":["GET"]}}],"collection":[{"href":"https:\/\/jornalfatosenoticias.com.br\/index.php\/wp-json\/wp\/v2\/posts"}],"about":[{"href":"https:\/\/jornalfatosenoticias.com.br\/index.php\/wp-json\/wp\/v2\/types\/post"}],"author":[{"embeddable":true,"href":"https:\/\/jornalfatosenoticias.com.br\/index.php\/wp-json\/wp\/v2\/users\/2"}],"replies":[{"embeddable":true,"href":"https:\/\/jornalfatosenoticias.com.br\/index.php\/wp-json\/wp\/v2\/comments?post=10883"}],"version-history":[{"count":0,"href":"https:\/\/jornalfatosenoticias.com.br\/index.php\/wp-json\/wp\/v2\/posts\/10883\/revisions"}],"wp:featuredmedia":[{"embeddable":true,"href":"https:\/\/jornalfatosenoticias.com.br\/index.php\/wp-json\/wp\/v2\/media\/10884"}],"wp:attachment":[{"href":"https:\/\/jornalfatosenoticias.com.br\/index.php\/wp-json\/wp\/v2\/media?parent=10883"}],"wp:term":[{"taxonomy":"category","embeddable":true,"href":"https:\/\/jornalfatosenoticias.com.br\/index.php\/wp-json\/wp\/v2\/categories?post=10883"},{"taxonomy":"post_tag","embeddable":true,"href":"https:\/\/jornalfatosenoticias.com.br\/index.php\/wp-json\/wp\/v2\/tags?post=10883"}],"curies":[{"name":"wp","href":"https:\/\/api.w.org\/{rel}","templated":true}]}}