{"id":10887,"date":"2020-11-09T09:34:32","date_gmt":"2020-11-09T12:34:32","guid":{"rendered":"https:\/\/jornalfatosenoticias.com.br\/?p=10887"},"modified":"2020-11-09T09:34:37","modified_gmt":"2020-11-09T12:34:37","slug":"plantas-tambem-ficam-doentes-saiba-como-identificar-e-cuidar","status":"publish","type":"post","link":"https:\/\/jornalfatosenoticias.com.br\/index.php\/2020\/11\/09\/plantas-tambem-ficam-doentes-saiba-como-identificar-e-cuidar\/","title":{"rendered":"Plantas tamb\u00e9m ficam doentes: saiba como identificar e cuidar"},"content":{"rendered":"\n<h6 class=\"wp-block-heading\"><em>Apesar de n\u00e3o ser poss\u00edvel impedir que as plantas fiquem doentes, h\u00e1 medidas para diminuir os riscos<\/em><\/h6>\n\n\n\n<p>Se voc\u00ea j\u00e1 se aventurou a cultivar plantas no jardim de casa ou na varanda do apartamento deve ter percebido que nem sempre as coisas saem como planejado. Por mais que dediquemos aten\u00e7\u00e3o e carinho na manuten\u00e7\u00e3o das plantinhas, n\u00e3o \u00e9 raro que elas tenham problemas de crescimento, fiquem com apar\u00eancia feia ou mesmo morram precocemente. Muitas vezes, isso se deve \u00e0 incid\u00eancia de pragas ou doen\u00e7as, que causam todos estes efeitos indesejados e outros mais.<br>\u201cAs plantas, assim como n\u00f3s, est\u00e3o sujeitas, a todo momento, a serem afetadas por pragas (insetos e \u00e1caros) e doen\u00e7as (causadas por fungos, bact\u00e9rias, v\u00edrus, entre outros)\u201d, conta Eliana Rivas, pesquisadora do Instituto Biol\u00f3gico (IB-APTA), da Secretaria de Agricultura e Abastecimento do Estado de S\u00e3o Paulo.<br>Sejam ornamentais, hortali\u00e7as ou arom\u00e1ticas \u2014 no campo ou no nosso lar \u2014 nenhuma planta est\u00e1 isenta de apresentar esses problemas. Segundo a pesquisadora do IB, apesar de n\u00e3o ser poss\u00edvel impedir que as plantas que cultivamos em casa fiquem doentes, h\u00e1 medidas que podemos tomar para diminuir os riscos.<\/p>\n\n\n\n<blockquote class=\"wp-block-quote is-layout-flow wp-block-quote-is-layout-flow\"><p>\u201cO que pode ser feito \u00e9 manter as plantas em condi\u00e7\u00f5es ambientais adequadas a cada esp\u00e9cie vegetal, ou seja, em condi\u00e7\u00f5es de luminosidade, umidade e temperatura ideais para aquela esp\u00e9cie de planta\u201d, detalha Eliana. \u201cIsso far\u00e1 com que a planta se desenvolva bem e tenha os mecanismos naturais de defesa em condi\u00e7\u00f5es adequadas \u2014 ainda que n\u00e3o seja uma garantia de que ela v\u00e1 vencer a \u2018batalha\u2019 contra as pragas e doen\u00e7as\u201d, acrescenta.<\/p><\/blockquote>\n\n\n\n<figure class=\"wp-block-image size-large\"><img loading=\"lazy\" decoding=\"async\" width=\"1000\" height=\"1000\" src=\"https:\/\/jornalfatosenoticias.com.br\/wp-content\/uploads\/2020\/11\/plantas-doencas2.jpg\" alt=\"\" class=\"wp-image-10888\" srcset=\"https:\/\/jornalfatosenoticias.com.br\/wp-content\/uploads\/2020\/11\/plantas-doencas2.jpg 1000w, https:\/\/jornalfatosenoticias.com.br\/wp-content\/uploads\/2020\/11\/plantas-doencas2-300x300.jpg 300w, https:\/\/jornalfatosenoticias.com.br\/wp-content\/uploads\/2020\/11\/plantas-doencas2-150x150.jpg 150w, https:\/\/jornalfatosenoticias.com.br\/wp-content\/uploads\/2020\/11\/plantas-doencas2-768x768.jpg 768w\" sizes=\"auto, (max-width: 1000px) 100vw, 1000px\" \/><figcaption><em>Planta doente (Foto: Markus Winkler|Unsplash)<\/em><\/figcaption><\/figure>\n\n\n\n<p>A especialista lembra que os microrganismos que causam doen\u00e7as nas plantas n\u00e3o s\u00e3o os mesmos que afetam os seres humanos, por isso, n\u00e3o apresentam riscos para n\u00f3s.<\/p>\n\n\n\n<h4 class=\"wp-block-heading\">Como identificar se sua planta n\u00e3o est\u00e1 bem?<\/h4>\n\n\n\n<p>\u201cSe temos plantas em nossos jardins ou dentro de casa \u00e9 necess\u00e1rio sempre prestar aten\u00e7\u00e3o se houve altera\u00e7\u00e3o quanto aos aspectos das folhas, caules e flores\u201d, diz a pesquisadora Eliana. De acordo com ela, no entanto, nem sempre uma altera\u00e7\u00e3o significa a presen\u00e7a de praga ou doen\u00e7a, podendo ser causada tamb\u00e9m pela falta ou excesso de adubo ou \u00e1gua, ou pelo transplante da planta de um local para outro.<br>A especialista coloca que, como no caso de animais e seres humanos, tamb\u00e9m podem ser feitas an\u00e1lises laboratoriais. O pr\u00f3prio Instituto Biol\u00f3gico realiza o servi\u00e7o \u2014 mas os custos devem ser pagos pelos interessados. Neste caso, \u00e9 importante avaliar o custo-benef\u00edcio, uma vez que o pre\u00e7o da an\u00e1lise pode ser maior que o da pr\u00f3pria planta. Informa\u00e7\u00f5es sobre as an\u00e1lises dispon\u00edveis, valores e a maneira correta de coletar e enviar as amostras podem ser obtidas no <a href=\"https:\/\/yonlaverabienxe.i-mpr.com\/link.php?code=bDpodHRwJTNBJTJGJTJGd3d3LmJpb2xvZ2ljby5zcC5nb3YuYnIlMkZwYWdlJTJGcHJvZHV0b3MtZS1zZXJ2aWNvcyUyRmV4YW1lcyUyRmV4YW1lcy0tLWFyZWEtZGUtc2FuaWRhZGUtdmVnZXRhbDoyMzY0MjY5NzQzOm1hcmNpYUBjaWNsb3Zpdm8uY29tLmJyOmUzYjJkZQ==\" target=\"_blank\" rel=\"noreferrer noopener\">site do IB.<\/a><br>\u201cUma boa op\u00e7\u00e3o para servir como orienta\u00e7\u00e3o para os cuidados a serem tomados \u00e9 consultar o <a href=\"https:\/\/yonlaverabienxe.i-mpr.com\/link.php?code=bDpodHRwJTNBJTJGJTJGd3d3LnNpY2EuYmlvLmJyJTJGZ3VpYWJpb2xvZ2ljbyUyRmJ1c2NhLnBocDoyMzY0MjY5NzQzOm1hcmNpYUBjaWNsb3Zpdm8uY29tLmJyOmU1NTU2YQ==\" target=\"_blank\" rel=\"noreferrer noopener\">Guia de Doen\u00e7as e Pragas em Plantas<\/a>, do Instituto Biol\u00f3gico\u201d, aconselha Eliana. Com o Guia, \u00e9 poss\u00edvel fazer uma busca por esp\u00e9cie vegetal e saber quais os principais problemas que podem estar acontecendo.<\/p>\n\n\n\n<p><strong><em>Fonte: <a href=\"https:\/\/ciclovivo.com.br\/mao-na-massa\/horta\/plantas-doentes-saiba-identificar-cuidar\/\">CicloVivo<\/a><\/em><\/strong><\/p>\n","protected":false},"excerpt":{"rendered":"<p>Apesar de n\u00e3o ser poss\u00edvel impedir que as plantas fiquem doentes, h\u00e1 medidas para diminuir os riscos Se voc\u00ea j\u00e1 se aventurou a cultivar plantas no jardim de casa ou na varanda do apartamento deve ter percebido que nem sempre as coisas saem como planejado. Por mais que dediquemos aten\u00e7\u00e3o e carinho na manuten\u00e7\u00e3o das [&hellip;]<\/p>\n","protected":false},"author":2,"featured_media":10889,"comment_status":"open","ping_status":"open","sticky":false,"template":"","format":"standard","meta":{"footnotes":""},"categories":[42],"tags":[5776,753,2762,784,5775],"class_list":["post-10887","post","type-post","status-publish","format-standard","has-post-thumbnail","hentry","category-bem-estar","tag-adubo","tag-doencas","tag-jardins","tag-plantas","tag-plantas-doentes"],"yoast_head":"<!-- This site is optimized with the Yoast SEO plugin v26.5 - https:\/\/yoast.com\/wordpress\/plugins\/seo\/ -->\n<title>Plantas tamb\u00e9m ficam doentes: saiba como identificar e cuidar - Jornal Fatos e Not\u00edcias<\/title>\n<meta name=\"robots\" content=\"index, follow, max-snippet:-1, max-image-preview:large, max-video-preview:-1\" \/>\n<link rel=\"canonical\" href=\"https:\/\/jornalfatosenoticias.com.br\/index.php\/2020\/11\/09\/plantas-tambem-ficam-doentes-saiba-como-identificar-e-cuidar\/\" \/>\n<meta property=\"og:locale\" content=\"pt_BR\" \/>\n<meta property=\"og:type\" content=\"article\" \/>\n<meta property=\"og:title\" content=\"Plantas tamb\u00e9m ficam doentes: saiba como identificar e cuidar - Jornal Fatos e Not\u00edcias\" \/>\n<meta property=\"og:description\" content=\"Apesar de n\u00e3o ser poss\u00edvel impedir que as plantas fiquem doentes, h\u00e1 medidas para diminuir os riscos Se voc\u00ea j\u00e1 se aventurou a cultivar plantas no jardim de casa ou na varanda do apartamento deve ter percebido que nem sempre as coisas saem como planejado. Por mais que dediquemos aten\u00e7\u00e3o e carinho na manuten\u00e7\u00e3o das [&hellip;]\" \/>\n<meta property=\"og:url\" content=\"https:\/\/jornalfatosenoticias.com.br\/index.php\/2020\/11\/09\/plantas-tambem-ficam-doentes-saiba-como-identificar-e-cuidar\/\" \/>\n<meta property=\"og:site_name\" content=\"Jornal Fatos e Not\u00edcias\" \/>\n<meta property=\"article:published_time\" content=\"2020-11-09T12:34:32+00:00\" \/>\n<meta property=\"article:modified_time\" content=\"2020-11-09T12:34:37+00:00\" \/>\n<meta property=\"og:image\" content=\"https:\/\/jornalfatosenoticias.com.br\/wp-content\/uploads\/2020\/11\/plantas-doencas.jpg\" \/>\n\t<meta property=\"og:image:width\" content=\"1000\" \/>\n\t<meta property=\"og:image:height\" content=\"750\" \/>\n\t<meta property=\"og:image:type\" content=\"image\/jpeg\" \/>\n<meta name=\"author\" content=\"Luzimara Fernandes\" \/>\n<meta name=\"twitter:card\" content=\"summary_large_image\" \/>\n<meta name=\"twitter:label1\" content=\"Escrito por\" \/>\n\t<meta name=\"twitter:data1\" content=\"Luzimara Fernandes\" \/>\n\t<meta name=\"twitter:label2\" content=\"Est. tempo de leitura\" \/>\n\t<meta name=\"twitter:data2\" content=\"3 minutos\" \/>\n<script type=\"application\/ld+json\" class=\"yoast-schema-graph\">{\"@context\":\"https:\/\/schema.org\",\"@graph\":[{\"@type\":\"Article\",\"@id\":\"https:\/\/jornalfatosenoticias.com.br\/index.php\/2020\/11\/09\/plantas-tambem-ficam-doentes-saiba-como-identificar-e-cuidar\/#article\",\"isPartOf\":{\"@id\":\"https:\/\/jornalfatosenoticias.com.br\/index.php\/2020\/11\/09\/plantas-tambem-ficam-doentes-saiba-como-identificar-e-cuidar\/\"},\"author\":{\"name\":\"Luzimara Fernandes\",\"@id\":\"https:\/\/jornalfatosenoticias.com.br\/#\/schema\/person\/d63837fa13ac8666eb9e74e0985d6f81\"},\"headline\":\"Plantas tamb\u00e9m ficam doentes: saiba como identificar e cuidar\",\"datePublished\":\"2020-11-09T12:34:32+00:00\",\"dateModified\":\"2020-11-09T12:34:37+00:00\",\"mainEntityOfPage\":{\"@id\":\"https:\/\/jornalfatosenoticias.com.br\/index.php\/2020\/11\/09\/plantas-tambem-ficam-doentes-saiba-como-identificar-e-cuidar\/\"},\"wordCount\":558,\"commentCount\":0,\"publisher\":{\"@id\":\"https:\/\/jornalfatosenoticias.com.br\/#organization\"},\"image\":{\"@id\":\"https:\/\/jornalfatosenoticias.com.br\/index.php\/2020\/11\/09\/plantas-tambem-ficam-doentes-saiba-como-identificar-e-cuidar\/#primaryimage\"},\"thumbnailUrl\":\"https:\/\/jornalfatosenoticias.com.br\/wp-content\/uploads\/2020\/11\/plantas-doencas.jpg\",\"keywords\":[\"adubo\",\"doen\u00e7as\",\"jardins\",\"plantas\",\"plantas doentes\"],\"articleSection\":[\"Bem-estar\"],\"inLanguage\":\"pt-BR\",\"potentialAction\":[{\"@type\":\"CommentAction\",\"name\":\"Comment\",\"target\":[\"https:\/\/jornalfatosenoticias.com.br\/index.php\/2020\/11\/09\/plantas-tambem-ficam-doentes-saiba-como-identificar-e-cuidar\/#respond\"]}]},{\"@type\":\"WebPage\",\"@id\":\"https:\/\/jornalfatosenoticias.com.br\/index.php\/2020\/11\/09\/plantas-tambem-ficam-doentes-saiba-como-identificar-e-cuidar\/\",\"url\":\"https:\/\/jornalfatosenoticias.com.br\/index.php\/2020\/11\/09\/plantas-tambem-ficam-doentes-saiba-como-identificar-e-cuidar\/\",\"name\":\"Plantas tamb\u00e9m ficam doentes: saiba como identificar e cuidar - Jornal Fatos e Not\u00edcias\",\"isPartOf\":{\"@id\":\"https:\/\/jornalfatosenoticias.com.br\/#website\"},\"primaryImageOfPage\":{\"@id\":\"https:\/\/jornalfatosenoticias.com.br\/index.php\/2020\/11\/09\/plantas-tambem-ficam-doentes-saiba-como-identificar-e-cuidar\/#primaryimage\"},\"image\":{\"@id\":\"https:\/\/jornalfatosenoticias.com.br\/index.php\/2020\/11\/09\/plantas-tambem-ficam-doentes-saiba-como-identificar-e-cuidar\/#primaryimage\"},\"thumbnailUrl\":\"https:\/\/jornalfatosenoticias.com.br\/wp-content\/uploads\/2020\/11\/plantas-doencas.jpg\",\"datePublished\":\"2020-11-09T12:34:32+00:00\",\"dateModified\":\"2020-11-09T12:34:37+00:00\",\"breadcrumb\":{\"@id\":\"https:\/\/jornalfatosenoticias.com.br\/index.php\/2020\/11\/09\/plantas-tambem-ficam-doentes-saiba-como-identificar-e-cuidar\/#breadcrumb\"},\"inLanguage\":\"pt-BR\",\"potentialAction\":[{\"@type\":\"ReadAction\",\"target\":[\"https:\/\/jornalfatosenoticias.com.br\/index.php\/2020\/11\/09\/plantas-tambem-ficam-doentes-saiba-como-identificar-e-cuidar\/\"]}]},{\"@type\":\"ImageObject\",\"inLanguage\":\"pt-BR\",\"@id\":\"https:\/\/jornalfatosenoticias.com.br\/index.php\/2020\/11\/09\/plantas-tambem-ficam-doentes-saiba-como-identificar-e-cuidar\/#primaryimage\",\"url\":\"https:\/\/jornalfatosenoticias.com.br\/wp-content\/uploads\/2020\/11\/plantas-doencas.jpg\",\"contentUrl\":\"https:\/\/jornalfatosenoticias.com.br\/wp-content\/uploads\/2020\/11\/plantas-doencas.jpg\",\"width\":1000,\"height\":750},{\"@type\":\"BreadcrumbList\",\"@id\":\"https:\/\/jornalfatosenoticias.com.br\/index.php\/2020\/11\/09\/plantas-tambem-ficam-doentes-saiba-como-identificar-e-cuidar\/#breadcrumb\",\"itemListElement\":[{\"@type\":\"ListItem\",\"position\":1,\"name\":\"In\u00edcio\",\"item\":\"https:\/\/jornalfatosenoticias.com.br\/\"},{\"@type\":\"ListItem\",\"position\":2,\"name\":\"Plantas tamb\u00e9m ficam doentes: saiba como identificar e cuidar\"}]},{\"@type\":\"WebSite\",\"@id\":\"https:\/\/jornalfatosenoticias.com.br\/#website\",\"url\":\"https:\/\/jornalfatosenoticias.com.br\/\",\"name\":\"Jornal Fatos e Not\u00edcias\",\"description\":\"Not\u00edcias em geral\",\"publisher\":{\"@id\":\"https:\/\/jornalfatosenoticias.com.br\/#organization\"},\"potentialAction\":[{\"@type\":\"SearchAction\",\"target\":{\"@type\":\"EntryPoint\",\"urlTemplate\":\"https:\/\/jornalfatosenoticias.com.br\/?s={search_term_string}\"},\"query-input\":{\"@type\":\"PropertyValueSpecification\",\"valueRequired\":true,\"valueName\":\"search_term_string\"}}],\"inLanguage\":\"pt-BR\"},{\"@type\":\"Organization\",\"@id\":\"https:\/\/jornalfatosenoticias.com.br\/#organization\",\"name\":\"Jornal Fatos e Not\u00edcias\",\"url\":\"https:\/\/jornalfatosenoticias.com.br\/\",\"logo\":{\"@type\":\"ImageObject\",\"inLanguage\":\"pt-BR\",\"@id\":\"https:\/\/jornalfatosenoticias.com.br\/#\/schema\/logo\/image\/\",\"url\":\"https:\/\/jornalfatosenoticias.com.br\/wp-content\/uploads\/2020\/02\/logo120.png\",\"contentUrl\":\"https:\/\/jornalfatosenoticias.com.br\/wp-content\/uploads\/2020\/02\/logo120.png\",\"width\":1227,\"height\":120,\"caption\":\"Jornal Fatos e Not\u00edcias\"},\"image\":{\"@id\":\"https:\/\/jornalfatosenoticias.com.br\/#\/schema\/logo\/image\/\"}},{\"@type\":\"Person\",\"@id\":\"https:\/\/jornalfatosenoticias.com.br\/#\/schema\/person\/d63837fa13ac8666eb9e74e0985d6f81\",\"name\":\"Luzimara Fernandes\",\"image\":{\"@type\":\"ImageObject\",\"inLanguage\":\"pt-BR\",\"@id\":\"https:\/\/jornalfatosenoticias.com.br\/#\/schema\/person\/image\/\",\"url\":\"https:\/\/jornalfatosenoticias.com.br\/wp-content\/uploads\/2025\/05\/EU_portal.jpg\",\"contentUrl\":\"https:\/\/jornalfatosenoticias.com.br\/wp-content\/uploads\/2025\/05\/EU_portal.jpg\",\"caption\":\"Luzimara Fernandes\"},\"description\":\"Jornalista MTB 2358-ES\",\"sameAs\":[\"https:\/\/jornalfatosenoticias.com.br\"],\"url\":\"https:\/\/jornalfatosenoticias.com.br\/index.php\/author\/luzimara\/\"}]}<\/script>\n<!-- \/ Yoast SEO plugin. -->","yoast_head_json":{"title":"Plantas tamb\u00e9m ficam doentes: saiba como identificar e cuidar - Jornal Fatos e Not\u00edcias","robots":{"index":"index","follow":"follow","max-snippet":"max-snippet:-1","max-image-preview":"max-image-preview:large","max-video-preview":"max-video-preview:-1"},"canonical":"https:\/\/jornalfatosenoticias.com.br\/index.php\/2020\/11\/09\/plantas-tambem-ficam-doentes-saiba-como-identificar-e-cuidar\/","og_locale":"pt_BR","og_type":"article","og_title":"Plantas tamb\u00e9m ficam doentes: saiba como identificar e cuidar - Jornal Fatos e Not\u00edcias","og_description":"Apesar de n\u00e3o ser poss\u00edvel impedir que as plantas fiquem doentes, h\u00e1 medidas para diminuir os riscos Se voc\u00ea j\u00e1 se aventurou a cultivar plantas no jardim de casa ou na varanda do apartamento deve ter percebido que nem sempre as coisas saem como planejado. Por mais que dediquemos aten\u00e7\u00e3o e carinho na manuten\u00e7\u00e3o das [&hellip;]","og_url":"https:\/\/jornalfatosenoticias.com.br\/index.php\/2020\/11\/09\/plantas-tambem-ficam-doentes-saiba-como-identificar-e-cuidar\/","og_site_name":"Jornal Fatos e Not\u00edcias","article_published_time":"2020-11-09T12:34:32+00:00","article_modified_time":"2020-11-09T12:34:37+00:00","og_image":[{"width":1000,"height":750,"url":"https:\/\/jornalfatosenoticias.com.br\/wp-content\/uploads\/2020\/11\/plantas-doencas.jpg","type":"image\/jpeg"}],"author":"Luzimara Fernandes","twitter_card":"summary_large_image","twitter_misc":{"Escrito por":"Luzimara Fernandes","Est. tempo de leitura":"3 minutos"},"schema":{"@context":"https:\/\/schema.org","@graph":[{"@type":"Article","@id":"https:\/\/jornalfatosenoticias.com.br\/index.php\/2020\/11\/09\/plantas-tambem-ficam-doentes-saiba-como-identificar-e-cuidar\/#article","isPartOf":{"@id":"https:\/\/jornalfatosenoticias.com.br\/index.php\/2020\/11\/09\/plantas-tambem-ficam-doentes-saiba-como-identificar-e-cuidar\/"},"author":{"name":"Luzimara Fernandes","@id":"https:\/\/jornalfatosenoticias.com.br\/#\/schema\/person\/d63837fa13ac8666eb9e74e0985d6f81"},"headline":"Plantas tamb\u00e9m ficam doentes: saiba como identificar e cuidar","datePublished":"2020-11-09T12:34:32+00:00","dateModified":"2020-11-09T12:34:37+00:00","mainEntityOfPage":{"@id":"https:\/\/jornalfatosenoticias.com.br\/index.php\/2020\/11\/09\/plantas-tambem-ficam-doentes-saiba-como-identificar-e-cuidar\/"},"wordCount":558,"commentCount":0,"publisher":{"@id":"https:\/\/jornalfatosenoticias.com.br\/#organization"},"image":{"@id":"https:\/\/jornalfatosenoticias.com.br\/index.php\/2020\/11\/09\/plantas-tambem-ficam-doentes-saiba-como-identificar-e-cuidar\/#primaryimage"},"thumbnailUrl":"https:\/\/jornalfatosenoticias.com.br\/wp-content\/uploads\/2020\/11\/plantas-doencas.jpg","keywords":["adubo","doen\u00e7as","jardins","plantas","plantas doentes"],"articleSection":["Bem-estar"],"inLanguage":"pt-BR","potentialAction":[{"@type":"CommentAction","name":"Comment","target":["https:\/\/jornalfatosenoticias.com.br\/index.php\/2020\/11\/09\/plantas-tambem-ficam-doentes-saiba-como-identificar-e-cuidar\/#respond"]}]},{"@type":"WebPage","@id":"https:\/\/jornalfatosenoticias.com.br\/index.php\/2020\/11\/09\/plantas-tambem-ficam-doentes-saiba-como-identificar-e-cuidar\/","url":"https:\/\/jornalfatosenoticias.com.br\/index.php\/2020\/11\/09\/plantas-tambem-ficam-doentes-saiba-como-identificar-e-cuidar\/","name":"Plantas tamb\u00e9m ficam doentes: saiba como identificar e cuidar - Jornal Fatos e Not\u00edcias","isPartOf":{"@id":"https:\/\/jornalfatosenoticias.com.br\/#website"},"primaryImageOfPage":{"@id":"https:\/\/jornalfatosenoticias.com.br\/index.php\/2020\/11\/09\/plantas-tambem-ficam-doentes-saiba-como-identificar-e-cuidar\/#primaryimage"},"image":{"@id":"https:\/\/jornalfatosenoticias.com.br\/index.php\/2020\/11\/09\/plantas-tambem-ficam-doentes-saiba-como-identificar-e-cuidar\/#primaryimage"},"thumbnailUrl":"https:\/\/jornalfatosenoticias.com.br\/wp-content\/uploads\/2020\/11\/plantas-doencas.jpg","datePublished":"2020-11-09T12:34:32+00:00","dateModified":"2020-11-09T12:34:37+00:00","breadcrumb":{"@id":"https:\/\/jornalfatosenoticias.com.br\/index.php\/2020\/11\/09\/plantas-tambem-ficam-doentes-saiba-como-identificar-e-cuidar\/#breadcrumb"},"inLanguage":"pt-BR","potentialAction":[{"@type":"ReadAction","target":["https:\/\/jornalfatosenoticias.com.br\/index.php\/2020\/11\/09\/plantas-tambem-ficam-doentes-saiba-como-identificar-e-cuidar\/"]}]},{"@type":"ImageObject","inLanguage":"pt-BR","@id":"https:\/\/jornalfatosenoticias.com.br\/index.php\/2020\/11\/09\/plantas-tambem-ficam-doentes-saiba-como-identificar-e-cuidar\/#primaryimage","url":"https:\/\/jornalfatosenoticias.com.br\/wp-content\/uploads\/2020\/11\/plantas-doencas.jpg","contentUrl":"https:\/\/jornalfatosenoticias.com.br\/wp-content\/uploads\/2020\/11\/plantas-doencas.jpg","width":1000,"height":750},{"@type":"BreadcrumbList","@id":"https:\/\/jornalfatosenoticias.com.br\/index.php\/2020\/11\/09\/plantas-tambem-ficam-doentes-saiba-como-identificar-e-cuidar\/#breadcrumb","itemListElement":[{"@type":"ListItem","position":1,"name":"In\u00edcio","item":"https:\/\/jornalfatosenoticias.com.br\/"},{"@type":"ListItem","position":2,"name":"Plantas tamb\u00e9m ficam doentes: saiba como identificar e cuidar"}]},{"@type":"WebSite","@id":"https:\/\/jornalfatosenoticias.com.br\/#website","url":"https:\/\/jornalfatosenoticias.com.br\/","name":"Jornal Fatos e Not\u00edcias","description":"Not\u00edcias em geral","publisher":{"@id":"https:\/\/jornalfatosenoticias.com.br\/#organization"},"potentialAction":[{"@type":"SearchAction","target":{"@type":"EntryPoint","urlTemplate":"https:\/\/jornalfatosenoticias.com.br\/?s={search_term_string}"},"query-input":{"@type":"PropertyValueSpecification","valueRequired":true,"valueName":"search_term_string"}}],"inLanguage":"pt-BR"},{"@type":"Organization","@id":"https:\/\/jornalfatosenoticias.com.br\/#organization","name":"Jornal Fatos e Not\u00edcias","url":"https:\/\/jornalfatosenoticias.com.br\/","logo":{"@type":"ImageObject","inLanguage":"pt-BR","@id":"https:\/\/jornalfatosenoticias.com.br\/#\/schema\/logo\/image\/","url":"https:\/\/jornalfatosenoticias.com.br\/wp-content\/uploads\/2020\/02\/logo120.png","contentUrl":"https:\/\/jornalfatosenoticias.com.br\/wp-content\/uploads\/2020\/02\/logo120.png","width":1227,"height":120,"caption":"Jornal Fatos e Not\u00edcias"},"image":{"@id":"https:\/\/jornalfatosenoticias.com.br\/#\/schema\/logo\/image\/"}},{"@type":"Person","@id":"https:\/\/jornalfatosenoticias.com.br\/#\/schema\/person\/d63837fa13ac8666eb9e74e0985d6f81","name":"Luzimara Fernandes","image":{"@type":"ImageObject","inLanguage":"pt-BR","@id":"https:\/\/jornalfatosenoticias.com.br\/#\/schema\/person\/image\/","url":"https:\/\/jornalfatosenoticias.com.br\/wp-content\/uploads\/2025\/05\/EU_portal.jpg","contentUrl":"https:\/\/jornalfatosenoticias.com.br\/wp-content\/uploads\/2025\/05\/EU_portal.jpg","caption":"Luzimara Fernandes"},"description":"Jornalista MTB 2358-ES","sameAs":["https:\/\/jornalfatosenoticias.com.br"],"url":"https:\/\/jornalfatosenoticias.com.br\/index.php\/author\/luzimara\/"}]}},"cc_featured_image_caption":{"caption_text":"(Foto: CC0|Pxhere)","source_text":"","source_url":""},"jetpack_featured_media_url":"https:\/\/jornalfatosenoticias.com.br\/wp-content\/uploads\/2020\/11\/plantas-doencas.jpg","_links":{"self":[{"href":"https:\/\/jornalfatosenoticias.com.br\/index.php\/wp-json\/wp\/v2\/posts\/10887","targetHints":{"allow":["GET"]}}],"collection":[{"href":"https:\/\/jornalfatosenoticias.com.br\/index.php\/wp-json\/wp\/v2\/posts"}],"about":[{"href":"https:\/\/jornalfatosenoticias.com.br\/index.php\/wp-json\/wp\/v2\/types\/post"}],"author":[{"embeddable":true,"href":"https:\/\/jornalfatosenoticias.com.br\/index.php\/wp-json\/wp\/v2\/users\/2"}],"replies":[{"embeddable":true,"href":"https:\/\/jornalfatosenoticias.com.br\/index.php\/wp-json\/wp\/v2\/comments?post=10887"}],"version-history":[{"count":0,"href":"https:\/\/jornalfatosenoticias.com.br\/index.php\/wp-json\/wp\/v2\/posts\/10887\/revisions"}],"wp:featuredmedia":[{"embeddable":true,"href":"https:\/\/jornalfatosenoticias.com.br\/index.php\/wp-json\/wp\/v2\/media\/10889"}],"wp:attachment":[{"href":"https:\/\/jornalfatosenoticias.com.br\/index.php\/wp-json\/wp\/v2\/media?parent=10887"}],"wp:term":[{"taxonomy":"category","embeddable":true,"href":"https:\/\/jornalfatosenoticias.com.br\/index.php\/wp-json\/wp\/v2\/categories?post=10887"},{"taxonomy":"post_tag","embeddable":true,"href":"https:\/\/jornalfatosenoticias.com.br\/index.php\/wp-json\/wp\/v2\/tags?post=10887"}],"curies":[{"name":"wp","href":"https:\/\/api.w.org\/{rel}","templated":true}]}}