{"id":10909,"date":"2020-11-09T11:13:32","date_gmt":"2020-11-09T14:13:32","guid":{"rendered":"https:\/\/jornalfatosenoticias.com.br\/?p=10909"},"modified":"2020-11-09T11:14:17","modified_gmt":"2020-11-09T14:14:17","slug":"amapa-inicia-rodizio-com-fornecimento-de-energia-intercalada-de-seis-em-seis-horas","status":"publish","type":"post","link":"https:\/\/jornalfatosenoticias.com.br\/index.php\/2020\/11\/09\/amapa-inicia-rodizio-com-fornecimento-de-energia-intercalada-de-seis-em-seis-horas\/","title":{"rendered":"Amap\u00e1 inicia rod\u00edzio com fornecimento de energia intercalado de seis em seis horas"},"content":{"rendered":"\n<h6 class=\"wp-block-heading\"><em>Medida visa garantir fornecimento de forma equilibrada ao consumidor at\u00e9 normaliza\u00e7\u00e3o do servi\u00e7o, aponta CEA AP<\/em><\/h6>\n\n\n\n<p>A Companhia de Eletricidade do Amap\u00e1 (CEA) divulgou neste domingo (8) o cronograma do sistema de rod\u00edzio do fornecimento de energia. A medida ocorre a partir da recomposi\u00e7\u00e3o do transformador da Subesta\u00e7\u00e3o Isolux, que possibilitou a conex\u00e3o com o Sistema Interligado Nacional (SIN) e pelo aumento de carga da Usina de Coaracy Nunes, garantindo a seguran\u00e7a energ\u00e9tica para a distribui\u00e7\u00e3o.<br>O rod\u00edzio iniciou \u00e0s 6h de domingo, em Macap\u00e1, Santana, Tartarugalzinho, Amap\u00e1, Cal\u00e7oene, Ferreira Gomes, Porto Grande e Serra do Navio. O fornecimento ocorrer\u00e1 de forma intercalada no intervalo de seis em seis horas para que haja equil\u00edbrio na distribui\u00e7\u00e3o de energia. Os hor\u00e1rios de refer\u00eancia ser\u00e3o de 0h as 6h, 6h as 12h, 12h as 18h e 24h.<\/p>\n\n\n\n<blockquote class=\"wp-block-quote is-layout-flow wp-block-quote-is-layout-flow\"><p>&#8220;J\u00e1 garantimos, a partir do funcionamento do transformador, a carga suficiente para atender em 60% a popula\u00e7\u00e3o do Estado. \u00c9 importante destacar que estamos inspecionando os locais que ainda n\u00e3o t\u00eam o servi\u00e7o. Estas ocorr\u00eancias s\u00e3o decorrentes de problemas isolados em trechos espec\u00edficos da rede&#8221;, explicou o diretor-presidente da CEA, Marcos Pereira.<\/p><\/blockquote>\n\n\n\n<p>O rod\u00edzio ocorrer\u00e1 at\u00e9 a garantia de oferta de 100% de energia com a conclus\u00e3o da implanta\u00e7\u00e3o dos geradores da Subesta\u00e7\u00e3o Isolux.<br>Para os casos de ocorr\u00eancia de falta de energia e situa\u00e7\u00f5es de falhas em pontos espec\u00edficos da rede el\u00e9trica, a Companhia destaca que os consumidores devem fazer este encaminhamento para o Call Center, atrav\u00e9s do n\u00famero 116. As equipes operacionais est\u00e3o realizando o atendimento, mas h\u00e1 uma alta demanda ap\u00f3s a normaliza\u00e7\u00e3o dos servi\u00e7os tanto na capital, quanto no interior.<\/p>\n\n\n\n<h4 class=\"wp-block-heading\">Presta\u00e7\u00e3o de servi\u00e7os essenciais<\/h4>\n\n\n\n<p>O rod\u00edzio de energia n\u00e3o ocorrer\u00e1 nas unidades que prestam servi\u00e7os essenciais como hospitais, Centros Covid, unidades de pronto atendimento, bancos e empresas de telecomunica\u00e7\u00f5es. Nestes locais, est\u00e1 sendo garantido o fornecimento de energia 24 horas.<br>O atendimento 24 horas tamb\u00e9m est\u00e1 assegurado \u00e0 Esta\u00e7\u00e3o de Capta\u00e7\u00e3o e a Esta\u00e7\u00e3o de Tratamento da Companhia de \u00c1gua e Esgoto do Amap\u00e1 (Caesa) para o fornecimento de \u00e1gua pot\u00e1vel \u00e0 popula\u00e7\u00e3o.<\/p>\n\n\n\n<h4 class=\"wp-block-heading\">Economia de energia e seguran\u00e7a<\/h4>\n\n\n\n<p>No per\u00edodo de rod\u00edzio, ser\u00e1 essencial que os consumidores pratiquem h\u00e1bitos saud\u00e1veis de consumo para garantir estabilidade no fornecimento.<\/p>\n\n\n\n<h4 class=\"wp-block-heading\">Confira algumas dicas:<br>Centrais e aparelhos de ar-condicionado<\/h4>\n\n\n\n<ul class=\"wp-block-list\"><li>Uso moderado destes aparelhos. Use em locais fechados e em situa\u00e7\u00f5es de necessidade;<\/li><\/ul>\n\n\n\n<h4 class=\"wp-block-heading\">Ilumina\u00e7\u00e3o<\/h4>\n\n\n\n<ul class=\"wp-block-list\"><li>Evite manter l\u00e2mpadas acesas durante o dia;<\/li><li>Durante \u00e0 noite, mantenha a luz acesa apenas em locais necess\u00e1rios;<\/li><\/ul>\n\n\n\n<h4 class=\"wp-block-heading\">Celular<\/h4>\n\n\n\n<ul class=\"wp-block-list\"><li>Evite deixar o carregador do celular conectado \u00e0 tomada;<\/li><\/ul>\n\n\n\n<h4 class=\"wp-block-heading\">Eletrodom\u00e9sticos e Eletroeletr\u00f4nicos<\/h4>\n\n\n\n<ul class=\"wp-block-list\"><li>Uso moderado de micro-ondas;<\/li><li>S\u00f3 deixe a porta da geladeira aberta no tempo que for necess\u00e1rio;<\/li><li>Retire os aparelhos da tomada quando poss\u00edvel e no intervalo em que seu bairro ficar\u00e1 sem energia;<\/li><li>Evite deixar os aparelhos em stand-by.<\/li><\/ul>\n\n\n\n<h4 class=\"wp-block-heading\">Confira o Cronograma de fornecimento nos bairros de Macap\u00e1:<\/h4>\n\n\n\n<figure class=\"wp-block-image size-large is-resized\"><img loading=\"lazy\" decoding=\"async\" src=\"https:\/\/jornalfatosenoticias.com.br\/wp-content\/uploads\/2020\/11\/CRONOGRAMA-PORTAL-MACAP-372x1024.jpg\" alt=\"\" class=\"wp-image-10910\" width=\"440\" height=\"1212\" srcset=\"https:\/\/jornalfatosenoticias.com.br\/wp-content\/uploads\/2020\/11\/CRONOGRAMA-PORTAL-MACAP-372x1024.jpg 372w, https:\/\/jornalfatosenoticias.com.br\/wp-content\/uploads\/2020\/11\/CRONOGRAMA-PORTAL-MACAP-109x300.jpg 109w, https:\/\/jornalfatosenoticias.com.br\/wp-content\/uploads\/2020\/11\/CRONOGRAMA-PORTAL-MACAP-557x1536.jpg 557w, https:\/\/jornalfatosenoticias.com.br\/wp-content\/uploads\/2020\/11\/CRONOGRAMA-PORTAL-MACAP-743x2048.jpg 743w, https:\/\/jornalfatosenoticias.com.br\/wp-content\/uploads\/2020\/11\/CRONOGRAMA-PORTAL-MACAP.jpg 750w\" sizes=\"auto, (max-width: 440px) 100vw, 440px\" \/><figcaption><em>Cronograma de fornecimento em Macap\u00e1 (Arte: Divulga\u00e7\u00e3o\/CEA AP)<\/em><\/figcaption><\/figure>\n\n\n\n<figure class=\"wp-block-image size-large\"><img loading=\"lazy\" decoding=\"async\" width=\"458\" height=\"1024\" src=\"https:\/\/jornalfatosenoticias.com.br\/wp-content\/uploads\/2020\/11\/CRONOGRAMA-PORTAL-SANTANA-E-LOCALIDADES-458x1024.jpg\" alt=\"\" class=\"wp-image-10911\" srcset=\"https:\/\/jornalfatosenoticias.com.br\/wp-content\/uploads\/2020\/11\/CRONOGRAMA-PORTAL-SANTANA-E-LOCALIDADES-458x1024.jpg 458w, https:\/\/jornalfatosenoticias.com.br\/wp-content\/uploads\/2020\/11\/CRONOGRAMA-PORTAL-SANTANA-E-LOCALIDADES-134x300.jpg 134w, https:\/\/jornalfatosenoticias.com.br\/wp-content\/uploads\/2020\/11\/CRONOGRAMA-PORTAL-SANTANA-E-LOCALIDADES-687x1536.jpg 687w, https:\/\/jornalfatosenoticias.com.br\/wp-content\/uploads\/2020\/11\/CRONOGRAMA-PORTAL-SANTANA-E-LOCALIDADES.jpg 750w\" sizes=\"auto, (max-width: 458px) 100vw, 458px\" \/><figcaption><em>Cronograma de fornecimento em Macap\u00e1 (Arte: Divulga\u00e7\u00e3o\/CEA AP)<\/em><\/figcaption><\/figure>\n\n\n\n<p><em><strong>Foto de capa:<\/strong> Albenir Sousa\/Rede Amaz\u00f4nica Amap\u00e1<\/em><\/p>\n\n\n\n<p><strong><em>Fonte: <a href=\"https:\/\/portalamazonia.com\/noticias\/cidades\/amapa-inicia-rodizio-com-fornecimento-de-energia-intercalada-de-seis-em-seis-horas-vejas-horarios\">Portal Amaz\u00f4nia<\/a><\/em><\/strong><\/p>\n","protected":false},"excerpt":{"rendered":"<p>Medida visa garantir fornecimento de forma equilibrada ao consumidor at\u00e9 normaliza\u00e7\u00e3o do servi\u00e7o, aponta CEA AP A Companhia de Eletricidade do Amap\u00e1 (CEA) divulgou neste domingo (8) o cronograma do sistema de rod\u00edzio do fornecimento de energia. A medida ocorre a partir da recomposi\u00e7\u00e3o do transformador da Subesta\u00e7\u00e3o Isolux, que possibilitou a conex\u00e3o com o [&hellip;]<\/p>\n","protected":false},"author":2,"featured_media":10912,"comment_status":"open","ping_status":"open","sticky":false,"template":"","format":"standard","meta":{"footnotes":""},"categories":[5],"tags":[2933,201,5784,5757,5786,5785],"class_list":["post-10909","post","type-post","status-publish","format-standard","has-post-thumbnail","hentry","category-geral","tag-amapa","tag-eletricidade","tag-fornecimento-de-energia","tag-macapa","tag-rodizio","tag-transformador"],"yoast_head":"<!-- This site is optimized with the Yoast SEO plugin v26.5 - https:\/\/yoast.com\/wordpress\/plugins\/seo\/ -->\n<title>Amap\u00e1 inicia rod\u00edzio com fornecimento de energia intercalado de seis em seis horas - Jornal Fatos e Not\u00edcias<\/title>\n<meta name=\"robots\" content=\"index, follow, max-snippet:-1, max-image-preview:large, max-video-preview:-1\" \/>\n<link rel=\"canonical\" href=\"https:\/\/jornalfatosenoticias.com.br\/index.php\/2020\/11\/09\/amapa-inicia-rodizio-com-fornecimento-de-energia-intercalada-de-seis-em-seis-horas\/\" \/>\n<meta property=\"og:locale\" content=\"pt_BR\" \/>\n<meta property=\"og:type\" content=\"article\" \/>\n<meta property=\"og:title\" content=\"Amap\u00e1 inicia rod\u00edzio com fornecimento de energia intercalado de seis em seis horas - Jornal Fatos e Not\u00edcias\" \/>\n<meta property=\"og:description\" content=\"Medida visa garantir fornecimento de forma equilibrada ao consumidor at\u00e9 normaliza\u00e7\u00e3o do servi\u00e7o, aponta CEA AP A Companhia de Eletricidade do Amap\u00e1 (CEA) divulgou neste domingo (8) o cronograma do sistema de rod\u00edzio do fornecimento de energia. A medida ocorre a partir da recomposi\u00e7\u00e3o do transformador da Subesta\u00e7\u00e3o Isolux, que possibilitou a conex\u00e3o com o [&hellip;]\" \/>\n<meta property=\"og:url\" content=\"https:\/\/jornalfatosenoticias.com.br\/index.php\/2020\/11\/09\/amapa-inicia-rodizio-com-fornecimento-de-energia-intercalada-de-seis-em-seis-horas\/\" \/>\n<meta property=\"og:site_name\" content=\"Jornal Fatos e Not\u00edcias\" \/>\n<meta property=\"article:published_time\" content=\"2020-11-09T14:13:32+00:00\" \/>\n<meta property=\"article:modified_time\" content=\"2020-11-09T14:14:17+00:00\" \/>\n<meta property=\"og:image\" content=\"https:\/\/jornalfatosenoticias.com.br\/wp-content\/uploads\/2020\/11\/apagao-AP.jpeg\" \/>\n\t<meta property=\"og:image:width\" content=\"1000\" \/>\n\t<meta property=\"og:image:height\" content=\"706\" \/>\n\t<meta property=\"og:image:type\" content=\"image\/jpeg\" \/>\n<meta name=\"author\" content=\"Luzimara Fernandes\" \/>\n<meta name=\"twitter:card\" content=\"summary_large_image\" \/>\n<meta name=\"twitter:label1\" content=\"Escrito por\" \/>\n\t<meta name=\"twitter:data1\" content=\"Luzimara Fernandes\" \/>\n\t<meta name=\"twitter:label2\" content=\"Est. tempo de leitura\" \/>\n\t<meta name=\"twitter:data2\" content=\"3 minutos\" \/>\n<script type=\"application\/ld+json\" class=\"yoast-schema-graph\">{\"@context\":\"https:\/\/schema.org\",\"@graph\":[{\"@type\":\"Article\",\"@id\":\"https:\/\/jornalfatosenoticias.com.br\/index.php\/2020\/11\/09\/amapa-inicia-rodizio-com-fornecimento-de-energia-intercalada-de-seis-em-seis-horas\/#article\",\"isPartOf\":{\"@id\":\"https:\/\/jornalfatosenoticias.com.br\/index.php\/2020\/11\/09\/amapa-inicia-rodizio-com-fornecimento-de-energia-intercalada-de-seis-em-seis-horas\/\"},\"author\":{\"name\":\"Luzimara Fernandes\",\"@id\":\"https:\/\/jornalfatosenoticias.com.br\/#\/schema\/person\/d63837fa13ac8666eb9e74e0985d6f81\"},\"headline\":\"Amap\u00e1 inicia rod\u00edzio com fornecimento de energia intercalado de seis em seis horas\",\"datePublished\":\"2020-11-09T14:13:32+00:00\",\"dateModified\":\"2020-11-09T14:14:17+00:00\",\"mainEntityOfPage\":{\"@id\":\"https:\/\/jornalfatosenoticias.com.br\/index.php\/2020\/11\/09\/amapa-inicia-rodizio-com-fornecimento-de-energia-intercalada-de-seis-em-seis-horas\/\"},\"wordCount\":565,\"commentCount\":0,\"publisher\":{\"@id\":\"https:\/\/jornalfatosenoticias.com.br\/#organization\"},\"image\":{\"@id\":\"https:\/\/jornalfatosenoticias.com.br\/index.php\/2020\/11\/09\/amapa-inicia-rodizio-com-fornecimento-de-energia-intercalada-de-seis-em-seis-horas\/#primaryimage\"},\"thumbnailUrl\":\"https:\/\/jornalfatosenoticias.com.br\/wp-content\/uploads\/2020\/11\/apagao-AP.jpeg\",\"keywords\":[\"Amap\u00e1\",\"eletricidade\",\"fornecimento de energia\",\"Macap\u00e1\",\"rod\u00edzio\",\"transformador\"],\"articleSection\":[\"Geral\"],\"inLanguage\":\"pt-BR\",\"potentialAction\":[{\"@type\":\"CommentAction\",\"name\":\"Comment\",\"target\":[\"https:\/\/jornalfatosenoticias.com.br\/index.php\/2020\/11\/09\/amapa-inicia-rodizio-com-fornecimento-de-energia-intercalada-de-seis-em-seis-horas\/#respond\"]}]},{\"@type\":\"WebPage\",\"@id\":\"https:\/\/jornalfatosenoticias.com.br\/index.php\/2020\/11\/09\/amapa-inicia-rodizio-com-fornecimento-de-energia-intercalada-de-seis-em-seis-horas\/\",\"url\":\"https:\/\/jornalfatosenoticias.com.br\/index.php\/2020\/11\/09\/amapa-inicia-rodizio-com-fornecimento-de-energia-intercalada-de-seis-em-seis-horas\/\",\"name\":\"Amap\u00e1 inicia rod\u00edzio com fornecimento de energia intercalado de seis em seis horas - Jornal Fatos e Not\u00edcias\",\"isPartOf\":{\"@id\":\"https:\/\/jornalfatosenoticias.com.br\/#website\"},\"primaryImageOfPage\":{\"@id\":\"https:\/\/jornalfatosenoticias.com.br\/index.php\/2020\/11\/09\/amapa-inicia-rodizio-com-fornecimento-de-energia-intercalada-de-seis-em-seis-horas\/#primaryimage\"},\"image\":{\"@id\":\"https:\/\/jornalfatosenoticias.com.br\/index.php\/2020\/11\/09\/amapa-inicia-rodizio-com-fornecimento-de-energia-intercalada-de-seis-em-seis-horas\/#primaryimage\"},\"thumbnailUrl\":\"https:\/\/jornalfatosenoticias.com.br\/wp-content\/uploads\/2020\/11\/apagao-AP.jpeg\",\"datePublished\":\"2020-11-09T14:13:32+00:00\",\"dateModified\":\"2020-11-09T14:14:17+00:00\",\"breadcrumb\":{\"@id\":\"https:\/\/jornalfatosenoticias.com.br\/index.php\/2020\/11\/09\/amapa-inicia-rodizio-com-fornecimento-de-energia-intercalada-de-seis-em-seis-horas\/#breadcrumb\"},\"inLanguage\":\"pt-BR\",\"potentialAction\":[{\"@type\":\"ReadAction\",\"target\":[\"https:\/\/jornalfatosenoticias.com.br\/index.php\/2020\/11\/09\/amapa-inicia-rodizio-com-fornecimento-de-energia-intercalada-de-seis-em-seis-horas\/\"]}]},{\"@type\":\"ImageObject\",\"inLanguage\":\"pt-BR\",\"@id\":\"https:\/\/jornalfatosenoticias.com.br\/index.php\/2020\/11\/09\/amapa-inicia-rodizio-com-fornecimento-de-energia-intercalada-de-seis-em-seis-horas\/#primaryimage\",\"url\":\"https:\/\/jornalfatosenoticias.com.br\/wp-content\/uploads\/2020\/11\/apagao-AP.jpeg\",\"contentUrl\":\"https:\/\/jornalfatosenoticias.com.br\/wp-content\/uploads\/2020\/11\/apagao-AP.jpeg\",\"width\":1000,\"height\":706},{\"@type\":\"BreadcrumbList\",\"@id\":\"https:\/\/jornalfatosenoticias.com.br\/index.php\/2020\/11\/09\/amapa-inicia-rodizio-com-fornecimento-de-energia-intercalada-de-seis-em-seis-horas\/#breadcrumb\",\"itemListElement\":[{\"@type\":\"ListItem\",\"position\":1,\"name\":\"In\u00edcio\",\"item\":\"https:\/\/jornalfatosenoticias.com.br\/\"},{\"@type\":\"ListItem\",\"position\":2,\"name\":\"Amap\u00e1 inicia rod\u00edzio com fornecimento de energia intercalado de seis em seis horas\"}]},{\"@type\":\"WebSite\",\"@id\":\"https:\/\/jornalfatosenoticias.com.br\/#website\",\"url\":\"https:\/\/jornalfatosenoticias.com.br\/\",\"name\":\"Jornal Fatos e Not\u00edcias\",\"description\":\"Not\u00edcias em geral\",\"publisher\":{\"@id\":\"https:\/\/jornalfatosenoticias.com.br\/#organization\"},\"potentialAction\":[{\"@type\":\"SearchAction\",\"target\":{\"@type\":\"EntryPoint\",\"urlTemplate\":\"https:\/\/jornalfatosenoticias.com.br\/?s={search_term_string}\"},\"query-input\":{\"@type\":\"PropertyValueSpecification\",\"valueRequired\":true,\"valueName\":\"search_term_string\"}}],\"inLanguage\":\"pt-BR\"},{\"@type\":\"Organization\",\"@id\":\"https:\/\/jornalfatosenoticias.com.br\/#organization\",\"name\":\"Jornal Fatos e Not\u00edcias\",\"url\":\"https:\/\/jornalfatosenoticias.com.br\/\",\"logo\":{\"@type\":\"ImageObject\",\"inLanguage\":\"pt-BR\",\"@id\":\"https:\/\/jornalfatosenoticias.com.br\/#\/schema\/logo\/image\/\",\"url\":\"https:\/\/jornalfatosenoticias.com.br\/wp-content\/uploads\/2020\/02\/logo120.png\",\"contentUrl\":\"https:\/\/jornalfatosenoticias.com.br\/wp-content\/uploads\/2020\/02\/logo120.png\",\"width\":1227,\"height\":120,\"caption\":\"Jornal Fatos e Not\u00edcias\"},\"image\":{\"@id\":\"https:\/\/jornalfatosenoticias.com.br\/#\/schema\/logo\/image\/\"}},{\"@type\":\"Person\",\"@id\":\"https:\/\/jornalfatosenoticias.com.br\/#\/schema\/person\/d63837fa13ac8666eb9e74e0985d6f81\",\"name\":\"Luzimara Fernandes\",\"image\":{\"@type\":\"ImageObject\",\"inLanguage\":\"pt-BR\",\"@id\":\"https:\/\/jornalfatosenoticias.com.br\/#\/schema\/person\/image\/\",\"url\":\"https:\/\/jornalfatosenoticias.com.br\/wp-content\/uploads\/2025\/05\/EU_portal.jpg\",\"contentUrl\":\"https:\/\/jornalfatosenoticias.com.br\/wp-content\/uploads\/2025\/05\/EU_portal.jpg\",\"caption\":\"Luzimara Fernandes\"},\"description\":\"Jornalista MTB 2358-ES\",\"sameAs\":[\"https:\/\/jornalfatosenoticias.com.br\"],\"url\":\"https:\/\/jornalfatosenoticias.com.br\/index.php\/author\/luzimara\/\"}]}<\/script>\n<!-- \/ Yoast SEO plugin. -->","yoast_head_json":{"title":"Amap\u00e1 inicia rod\u00edzio com fornecimento de energia intercalado de seis em seis horas - Jornal Fatos e Not\u00edcias","robots":{"index":"index","follow":"follow","max-snippet":"max-snippet:-1","max-image-preview":"max-image-preview:large","max-video-preview":"max-video-preview:-1"},"canonical":"https:\/\/jornalfatosenoticias.com.br\/index.php\/2020\/11\/09\/amapa-inicia-rodizio-com-fornecimento-de-energia-intercalada-de-seis-em-seis-horas\/","og_locale":"pt_BR","og_type":"article","og_title":"Amap\u00e1 inicia rod\u00edzio com fornecimento de energia intercalado de seis em seis horas - Jornal Fatos e Not\u00edcias","og_description":"Medida visa garantir fornecimento de forma equilibrada ao consumidor at\u00e9 normaliza\u00e7\u00e3o do servi\u00e7o, aponta CEA AP A Companhia de Eletricidade do Amap\u00e1 (CEA) divulgou neste domingo (8) o cronograma do sistema de rod\u00edzio do fornecimento de energia. A medida ocorre a partir da recomposi\u00e7\u00e3o do transformador da Subesta\u00e7\u00e3o Isolux, que possibilitou a conex\u00e3o com o [&hellip;]","og_url":"https:\/\/jornalfatosenoticias.com.br\/index.php\/2020\/11\/09\/amapa-inicia-rodizio-com-fornecimento-de-energia-intercalada-de-seis-em-seis-horas\/","og_site_name":"Jornal Fatos e Not\u00edcias","article_published_time":"2020-11-09T14:13:32+00:00","article_modified_time":"2020-11-09T14:14:17+00:00","og_image":[{"width":1000,"height":706,"url":"https:\/\/jornalfatosenoticias.com.br\/wp-content\/uploads\/2020\/11\/apagao-AP.jpeg","type":"image\/jpeg"}],"author":"Luzimara Fernandes","twitter_card":"summary_large_image","twitter_misc":{"Escrito por":"Luzimara Fernandes","Est. tempo de leitura":"3 minutos"},"schema":{"@context":"https:\/\/schema.org","@graph":[{"@type":"Article","@id":"https:\/\/jornalfatosenoticias.com.br\/index.php\/2020\/11\/09\/amapa-inicia-rodizio-com-fornecimento-de-energia-intercalada-de-seis-em-seis-horas\/#article","isPartOf":{"@id":"https:\/\/jornalfatosenoticias.com.br\/index.php\/2020\/11\/09\/amapa-inicia-rodizio-com-fornecimento-de-energia-intercalada-de-seis-em-seis-horas\/"},"author":{"name":"Luzimara Fernandes","@id":"https:\/\/jornalfatosenoticias.com.br\/#\/schema\/person\/d63837fa13ac8666eb9e74e0985d6f81"},"headline":"Amap\u00e1 inicia rod\u00edzio com fornecimento de energia intercalado de seis em seis horas","datePublished":"2020-11-09T14:13:32+00:00","dateModified":"2020-11-09T14:14:17+00:00","mainEntityOfPage":{"@id":"https:\/\/jornalfatosenoticias.com.br\/index.php\/2020\/11\/09\/amapa-inicia-rodizio-com-fornecimento-de-energia-intercalada-de-seis-em-seis-horas\/"},"wordCount":565,"commentCount":0,"publisher":{"@id":"https:\/\/jornalfatosenoticias.com.br\/#organization"},"image":{"@id":"https:\/\/jornalfatosenoticias.com.br\/index.php\/2020\/11\/09\/amapa-inicia-rodizio-com-fornecimento-de-energia-intercalada-de-seis-em-seis-horas\/#primaryimage"},"thumbnailUrl":"https:\/\/jornalfatosenoticias.com.br\/wp-content\/uploads\/2020\/11\/apagao-AP.jpeg","keywords":["Amap\u00e1","eletricidade","fornecimento de energia","Macap\u00e1","rod\u00edzio","transformador"],"articleSection":["Geral"],"inLanguage":"pt-BR","potentialAction":[{"@type":"CommentAction","name":"Comment","target":["https:\/\/jornalfatosenoticias.com.br\/index.php\/2020\/11\/09\/amapa-inicia-rodizio-com-fornecimento-de-energia-intercalada-de-seis-em-seis-horas\/#respond"]}]},{"@type":"WebPage","@id":"https:\/\/jornalfatosenoticias.com.br\/index.php\/2020\/11\/09\/amapa-inicia-rodizio-com-fornecimento-de-energia-intercalada-de-seis-em-seis-horas\/","url":"https:\/\/jornalfatosenoticias.com.br\/index.php\/2020\/11\/09\/amapa-inicia-rodizio-com-fornecimento-de-energia-intercalada-de-seis-em-seis-horas\/","name":"Amap\u00e1 inicia rod\u00edzio com fornecimento de energia intercalado de seis em seis horas - Jornal Fatos e Not\u00edcias","isPartOf":{"@id":"https:\/\/jornalfatosenoticias.com.br\/#website"},"primaryImageOfPage":{"@id":"https:\/\/jornalfatosenoticias.com.br\/index.php\/2020\/11\/09\/amapa-inicia-rodizio-com-fornecimento-de-energia-intercalada-de-seis-em-seis-horas\/#primaryimage"},"image":{"@id":"https:\/\/jornalfatosenoticias.com.br\/index.php\/2020\/11\/09\/amapa-inicia-rodizio-com-fornecimento-de-energia-intercalada-de-seis-em-seis-horas\/#primaryimage"},"thumbnailUrl":"https:\/\/jornalfatosenoticias.com.br\/wp-content\/uploads\/2020\/11\/apagao-AP.jpeg","datePublished":"2020-11-09T14:13:32+00:00","dateModified":"2020-11-09T14:14:17+00:00","breadcrumb":{"@id":"https:\/\/jornalfatosenoticias.com.br\/index.php\/2020\/11\/09\/amapa-inicia-rodizio-com-fornecimento-de-energia-intercalada-de-seis-em-seis-horas\/#breadcrumb"},"inLanguage":"pt-BR","potentialAction":[{"@type":"ReadAction","target":["https:\/\/jornalfatosenoticias.com.br\/index.php\/2020\/11\/09\/amapa-inicia-rodizio-com-fornecimento-de-energia-intercalada-de-seis-em-seis-horas\/"]}]},{"@type":"ImageObject","inLanguage":"pt-BR","@id":"https:\/\/jornalfatosenoticias.com.br\/index.php\/2020\/11\/09\/amapa-inicia-rodizio-com-fornecimento-de-energia-intercalada-de-seis-em-seis-horas\/#primaryimage","url":"https:\/\/jornalfatosenoticias.com.br\/wp-content\/uploads\/2020\/11\/apagao-AP.jpeg","contentUrl":"https:\/\/jornalfatosenoticias.com.br\/wp-content\/uploads\/2020\/11\/apagao-AP.jpeg","width":1000,"height":706},{"@type":"BreadcrumbList","@id":"https:\/\/jornalfatosenoticias.com.br\/index.php\/2020\/11\/09\/amapa-inicia-rodizio-com-fornecimento-de-energia-intercalada-de-seis-em-seis-horas\/#breadcrumb","itemListElement":[{"@type":"ListItem","position":1,"name":"In\u00edcio","item":"https:\/\/jornalfatosenoticias.com.br\/"},{"@type":"ListItem","position":2,"name":"Amap\u00e1 inicia rod\u00edzio com fornecimento de energia intercalado de seis em seis horas"}]},{"@type":"WebSite","@id":"https:\/\/jornalfatosenoticias.com.br\/#website","url":"https:\/\/jornalfatosenoticias.com.br\/","name":"Jornal Fatos e Not\u00edcias","description":"Not\u00edcias em geral","publisher":{"@id":"https:\/\/jornalfatosenoticias.com.br\/#organization"},"potentialAction":[{"@type":"SearchAction","target":{"@type":"EntryPoint","urlTemplate":"https:\/\/jornalfatosenoticias.com.br\/?s={search_term_string}"},"query-input":{"@type":"PropertyValueSpecification","valueRequired":true,"valueName":"search_term_string"}}],"inLanguage":"pt-BR"},{"@type":"Organization","@id":"https:\/\/jornalfatosenoticias.com.br\/#organization","name":"Jornal Fatos e Not\u00edcias","url":"https:\/\/jornalfatosenoticias.com.br\/","logo":{"@type":"ImageObject","inLanguage":"pt-BR","@id":"https:\/\/jornalfatosenoticias.com.br\/#\/schema\/logo\/image\/","url":"https:\/\/jornalfatosenoticias.com.br\/wp-content\/uploads\/2020\/02\/logo120.png","contentUrl":"https:\/\/jornalfatosenoticias.com.br\/wp-content\/uploads\/2020\/02\/logo120.png","width":1227,"height":120,"caption":"Jornal Fatos e Not\u00edcias"},"image":{"@id":"https:\/\/jornalfatosenoticias.com.br\/#\/schema\/logo\/image\/"}},{"@type":"Person","@id":"https:\/\/jornalfatosenoticias.com.br\/#\/schema\/person\/d63837fa13ac8666eb9e74e0985d6f81","name":"Luzimara Fernandes","image":{"@type":"ImageObject","inLanguage":"pt-BR","@id":"https:\/\/jornalfatosenoticias.com.br\/#\/schema\/person\/image\/","url":"https:\/\/jornalfatosenoticias.com.br\/wp-content\/uploads\/2025\/05\/EU_portal.jpg","contentUrl":"https:\/\/jornalfatosenoticias.com.br\/wp-content\/uploads\/2025\/05\/EU_portal.jpg","caption":"Luzimara Fernandes"},"description":"Jornalista MTB 2358-ES","sameAs":["https:\/\/jornalfatosenoticias.com.br"],"url":"https:\/\/jornalfatosenoticias.com.br\/index.php\/author\/luzimara\/"}]}},"cc_featured_image_caption":{"caption_text":"","source_text":"","source_url":""},"jetpack_featured_media_url":"https:\/\/jornalfatosenoticias.com.br\/wp-content\/uploads\/2020\/11\/apagao-AP.jpeg","_links":{"self":[{"href":"https:\/\/jornalfatosenoticias.com.br\/index.php\/wp-json\/wp\/v2\/posts\/10909","targetHints":{"allow":["GET"]}}],"collection":[{"href":"https:\/\/jornalfatosenoticias.com.br\/index.php\/wp-json\/wp\/v2\/posts"}],"about":[{"href":"https:\/\/jornalfatosenoticias.com.br\/index.php\/wp-json\/wp\/v2\/types\/post"}],"author":[{"embeddable":true,"href":"https:\/\/jornalfatosenoticias.com.br\/index.php\/wp-json\/wp\/v2\/users\/2"}],"replies":[{"embeddable":true,"href":"https:\/\/jornalfatosenoticias.com.br\/index.php\/wp-json\/wp\/v2\/comments?post=10909"}],"version-history":[{"count":0,"href":"https:\/\/jornalfatosenoticias.com.br\/index.php\/wp-json\/wp\/v2\/posts\/10909\/revisions"}],"wp:featuredmedia":[{"embeddable":true,"href":"https:\/\/jornalfatosenoticias.com.br\/index.php\/wp-json\/wp\/v2\/media\/10912"}],"wp:attachment":[{"href":"https:\/\/jornalfatosenoticias.com.br\/index.php\/wp-json\/wp\/v2\/media?parent=10909"}],"wp:term":[{"taxonomy":"category","embeddable":true,"href":"https:\/\/jornalfatosenoticias.com.br\/index.php\/wp-json\/wp\/v2\/categories?post=10909"},{"taxonomy":"post_tag","embeddable":true,"href":"https:\/\/jornalfatosenoticias.com.br\/index.php\/wp-json\/wp\/v2\/tags?post=10909"}],"curies":[{"name":"wp","href":"https:\/\/api.w.org\/{rel}","templated":true}]}}