{"id":10930,"date":"2020-11-09T14:46:57","date_gmt":"2020-11-09T17:46:57","guid":{"rendered":"https:\/\/jornalfatosenoticias.com.br\/?p=10930"},"modified":"2020-11-09T14:47:02","modified_gmt":"2020-11-09T17:47:02","slug":"tartaruga-albina-e-encontrada-na-india","status":"publish","type":"post","link":"https:\/\/jornalfatosenoticias.com.br\/index.php\/2020\/11\/09\/tartaruga-albina-e-encontrada-na-india\/","title":{"rendered":"Tartaruga albina \u00e9 encontrada na \u00cdndia"},"content":{"rendered":"\n<p>Uma esp\u00e9cie rar\u00edssima de tartaruga amarelada que foi resgatada na regi\u00e3o da Bengala Ocidental, no leste da \u00cdndia, tem chamado a aten\u00e7\u00e3o das m\u00eddias digitais pela sua apar\u00eancia diferenciada. De acordo com os pesquisadores, trata-se de uma tartaruga-abaulada-indiana-albina, mas a internet preferiu descrev\u00ea-la como uma &#8220;fatia de queijo&#8221;.<br>O animal foi encontrado em uma fazenda na vila de Sujanpur, dentro do distrito de Balasore. O fazendeiro que a encontrou decidiu lev\u00e1-la para casa e logo acionar as autoridades florestais da regi\u00e3o. Em conversa com a CNN, o diretor-executivo da Associa\u00e7\u00e3o de Conserva\u00e7\u00e3o da Biodiversidade da \u00cdndia, Siddhartha Pati disse jamais terem visto uma criatura assim na regi\u00e3o.<\/p>\n\n\n\n<h4 class=\"wp-block-heading\">O albinismo da tartaruga<\/h4>\n\n\n\n<p>Conforme a pesquisa feita pela equipe de cientistas da Associa\u00e7\u00e3o de Conserva\u00e7\u00e3o da Biodiversidade da \u00cdndia, a criatura \u00e9 um adulto com idade entre um ano e meio a dois anos. O que chama mais aten\u00e7\u00e3o, entretanto, \u00e9 que essa \u00e9 a primeira vez que uma tartaruga-abaulada-indiana-albina \u00e9 vista na natureza.<br>Por outro lado, sua vers\u00e3o pigmentada pode ser encontrada em diversos outros pa\u00edses, como Paquist\u00e3o, Sri Lanka, Nepal, Bangladesh e Myanmar. A geografia s\u00f3 confirma a tese de que o albinismo destes animais \u00e9 uma condi\u00e7\u00e3o extremamente rara dentro da esp\u00e9cie.<br>De acordo com Siddhartha Pati, a colora\u00e7\u00e3o amarelo-vibrante presente em todo corpo do animal \u00e9 resultado da aus\u00eancia do pigmento tirosina, presente em boa parte dos r\u00e9pteis. Outra possibilidade \u00e9 de que a tartaruga tenha sofrido alguma muta\u00e7\u00e3o gen\u00e9tica antes do seu nascimento, transfigurando sua apar\u00eancia.<br>Essa \u00e9 apenas a segunda vez que uma tartaruga albina foi encontrada por toda a \u00cdndia. Ap\u00f3s o fim dos estudos, o esp\u00e9cime foi liberado para retornar ao seu habitat natural.<\/p>\n\n\n\n<figure class=\"wp-block-embed-twitter wp-block-embed is-type-rich is-provider-twitter\"><div class=\"wp-block-embed__wrapper\">\n<blockquote class=\"twitter-tweet\" data-width=\"550\" data-dnt=\"true\"><p lang=\"en\" dir=\"ltr\">A rare yellow turtle was spotted &amp; rescued in Balasore, Odisha yesterday.<br><br>Most probably it was an albino. One such aberration was recorded by locals in Sindh few years back. <a href=\"https:\/\/t.co\/ZHAN8bVccU\">pic.twitter.com\/ZHAN8bVccU<\/a><\/p>&mdash; Susanta Nanda IFS (Retd) (@susantananda3) <a href=\"https:\/\/twitter.com\/susantananda3\/status\/1285028394950778884?ref_src=twsrc%5Etfw\">July 20, 2020<\/a><\/blockquote><script async src=\"https:\/\/platform.twitter.com\/widgets.js\" charset=\"utf-8\"><\/script>\n<\/div><\/figure>\n\n\n\n<p>As fotos da ador\u00e1vel e inusitada tartaruga passaram a viralizar no Twitter no dia 27 de outubro. Os internautas, curiosos com a apar\u00eancia do animal, passaram a fazer piadas e compar\u00e1-lo com um queijo.<br>N\u00e3o demorou muito tempo para que come\u00e7assem a surgir os primeiros memes, coment\u00e1rios engra\u00e7adinhos e montagens muito criativas onde a tartaruga aparece como ingrediente de um hamb\u00farguer ou alguma coisa do g\u00eanero.<\/p>\n\n\n\n<div class=\"wp-block-group\"><div class=\"wp-block-group__inner-container is-layout-flow wp-block-group-is-layout-flow\">\n<figure class=\"wp-block-embed-twitter wp-block-embed is-type-rich is-provider-twitter\"><div class=\"wp-block-embed__wrapper\">\n<blockquote class=\"twitter-tweet\" data-width=\"550\" data-dnt=\"true\"><p lang=\"en\" dir=\"ltr\">Today a Yellow Turtle was rescued from a Pond in Burdwan,WB. It&#39;s one kind of a rarely occuring Flapshell Turtle. <a href=\"https:\/\/twitter.com\/ParveenKaswan?ref_src=twsrc%5Etfw\">@ParveenKaswan<\/a> @SanthoshaGubbi <a href=\"https:\/\/twitter.com\/RandeepHooda?ref_src=twsrc%5Etfw\">@RandeepHooda<\/a> <a href=\"https:\/\/twitter.com\/rameshpandeyifs?ref_src=twsrc%5Etfw\">@rameshpandeyifs<\/a> <a href=\"https:\/\/t.co\/enTyNAkxmP\">pic.twitter.com\/enTyNAkxmP<\/a><\/p>&mdash; Debashish Sharma, IFS (@deva_iitkgp) <a href=\"https:\/\/twitter.com\/deva_iitkgp\/status\/1321105721874771968?ref_src=twsrc%5Etfw\">October 27, 2020<\/a><\/blockquote><script async src=\"https:\/\/platform.twitter.com\/widgets.js\" charset=\"utf-8\"><\/script>\n<\/div><\/figure>\n<\/div><\/div>\n\n\n\n<p>Apesar da verdadeira semelhan\u00e7a com o latic\u00ednio, \u00e9 pouco prov\u00e1vel que uma mordida no casco de uma tartaruga-abaulada-indiana-albina seja t\u00e3o delicioso quanto um belo peda\u00e7o de queijo.<\/p>\n\n\n\n<p><strong><em>Fonte: <a href=\"https:\/\/www.megacurioso.com.br\/ciencia\/116703-tartaruga-albina-com-visual-inusitado-e-encontrada-na-india.htm?utm_source=megacurioso.com.br&amp;utm_medium=internas&amp;utm_campaign=ultimasnoticias\">Megacurioso<\/a><\/em><\/strong><\/p>\n","protected":false},"excerpt":{"rendered":"<p>Uma esp\u00e9cie rar\u00edssima de tartaruga amarelada que foi resgatada na regi\u00e3o da Bengala Ocidental, no leste da \u00cdndia, tem chamado a aten\u00e7\u00e3o das m\u00eddias digitais pela sua apar\u00eancia diferenciada. De acordo com os pesquisadores, trata-se de uma tartaruga-abaulada-indiana-albina, mas a internet preferiu descrev\u00ea-la como uma &#8220;fatia de queijo&#8221;.O animal foi encontrado em uma fazenda na [&hellip;]<\/p>\n","protected":false},"author":2,"featured_media":10931,"comment_status":"open","ping_status":"open","sticky":false,"template":"","format":"standard","meta":{"footnotes":""},"categories":[8],"tags":[5794,5793,5792],"class_list":["post-10930","post","type-post","status-publish","format-standard","has-post-thumbnail","hentry","category-meio-ambiente","tag-albinismo","tag-memes","tag-tartaruga-abaulada-indiana-albina"],"yoast_head":"<!-- This site is optimized with the Yoast SEO plugin v26.5 - https:\/\/yoast.com\/wordpress\/plugins\/seo\/ -->\n<title>Tartaruga albina \u00e9 encontrada na \u00cdndia - Jornal Fatos e Not\u00edcias<\/title>\n<meta name=\"robots\" content=\"index, follow, max-snippet:-1, max-image-preview:large, max-video-preview:-1\" \/>\n<link rel=\"canonical\" href=\"https:\/\/jornalfatosenoticias.com.br\/index.php\/2020\/11\/09\/tartaruga-albina-e-encontrada-na-india\/\" \/>\n<meta property=\"og:locale\" content=\"pt_BR\" \/>\n<meta property=\"og:type\" content=\"article\" \/>\n<meta property=\"og:title\" content=\"Tartaruga albina \u00e9 encontrada na \u00cdndia - Jornal Fatos e Not\u00edcias\" \/>\n<meta property=\"og:description\" content=\"Uma esp\u00e9cie rar\u00edssima de tartaruga amarelada que foi resgatada na regi\u00e3o da Bengala Ocidental, no leste da \u00cdndia, tem chamado a aten\u00e7\u00e3o das m\u00eddias digitais pela sua apar\u00eancia diferenciada. De acordo com os pesquisadores, trata-se de uma tartaruga-abaulada-indiana-albina, mas a internet preferiu descrev\u00ea-la como uma &#8220;fatia de queijo&#8221;.O animal foi encontrado em uma fazenda na [&hellip;]\" \/>\n<meta property=\"og:url\" content=\"https:\/\/jornalfatosenoticias.com.br\/index.php\/2020\/11\/09\/tartaruga-albina-e-encontrada-na-india\/\" \/>\n<meta property=\"og:site_name\" content=\"Jornal Fatos e Not\u00edcias\" \/>\n<meta property=\"article:published_time\" content=\"2020-11-09T17:46:57+00:00\" \/>\n<meta property=\"article:modified_time\" content=\"2020-11-09T17:47:02+00:00\" \/>\n<meta property=\"og:image\" content=\"https:\/\/jornalfatosenoticias.com.br\/wp-content\/uploads\/2020\/11\/tartaruga-albina.jpg\" \/>\n\t<meta property=\"og:image:width\" content=\"1000\" \/>\n\t<meta property=\"og:image:height\" content=\"703\" \/>\n\t<meta property=\"og:image:type\" content=\"image\/jpeg\" \/>\n<meta name=\"author\" content=\"Luzimara Fernandes\" \/>\n<meta name=\"twitter:card\" content=\"summary_large_image\" \/>\n<meta name=\"twitter:label1\" content=\"Escrito por\" \/>\n\t<meta name=\"twitter:data1\" content=\"Luzimara Fernandes\" \/>\n\t<meta name=\"twitter:label2\" content=\"Est. tempo de leitura\" \/>\n\t<meta name=\"twitter:data2\" content=\"2 minutos\" \/>\n<script type=\"application\/ld+json\" class=\"yoast-schema-graph\">{\"@context\":\"https:\/\/schema.org\",\"@graph\":[{\"@type\":\"Article\",\"@id\":\"https:\/\/jornalfatosenoticias.com.br\/index.php\/2020\/11\/09\/tartaruga-albina-e-encontrada-na-india\/#article\",\"isPartOf\":{\"@id\":\"https:\/\/jornalfatosenoticias.com.br\/index.php\/2020\/11\/09\/tartaruga-albina-e-encontrada-na-india\/\"},\"author\":{\"name\":\"Luzimara Fernandes\",\"@id\":\"https:\/\/jornalfatosenoticias.com.br\/#\/schema\/person\/d63837fa13ac8666eb9e74e0985d6f81\"},\"headline\":\"Tartaruga albina \u00e9 encontrada na \u00cdndia\",\"datePublished\":\"2020-11-09T17:46:57+00:00\",\"dateModified\":\"2020-11-09T17:47:02+00:00\",\"mainEntityOfPage\":{\"@id\":\"https:\/\/jornalfatosenoticias.com.br\/index.php\/2020\/11\/09\/tartaruga-albina-e-encontrada-na-india\/\"},\"wordCount\":471,\"commentCount\":0,\"publisher\":{\"@id\":\"https:\/\/jornalfatosenoticias.com.br\/#organization\"},\"image\":{\"@id\":\"https:\/\/jornalfatosenoticias.com.br\/index.php\/2020\/11\/09\/tartaruga-albina-e-encontrada-na-india\/#primaryimage\"},\"thumbnailUrl\":\"https:\/\/jornalfatosenoticias.com.br\/wp-content\/uploads\/2020\/11\/tartaruga-albina.jpg\",\"keywords\":[\"albinismo\",\"memes\",\"tartaruga-abaulada-indiana-albina\"],\"articleSection\":[\"Meio ambiente\"],\"inLanguage\":\"pt-BR\",\"potentialAction\":[{\"@type\":\"CommentAction\",\"name\":\"Comment\",\"target\":[\"https:\/\/jornalfatosenoticias.com.br\/index.php\/2020\/11\/09\/tartaruga-albina-e-encontrada-na-india\/#respond\"]}]},{\"@type\":\"WebPage\",\"@id\":\"https:\/\/jornalfatosenoticias.com.br\/index.php\/2020\/11\/09\/tartaruga-albina-e-encontrada-na-india\/\",\"url\":\"https:\/\/jornalfatosenoticias.com.br\/index.php\/2020\/11\/09\/tartaruga-albina-e-encontrada-na-india\/\",\"name\":\"Tartaruga albina \u00e9 encontrada na \u00cdndia - Jornal Fatos e Not\u00edcias\",\"isPartOf\":{\"@id\":\"https:\/\/jornalfatosenoticias.com.br\/#website\"},\"primaryImageOfPage\":{\"@id\":\"https:\/\/jornalfatosenoticias.com.br\/index.php\/2020\/11\/09\/tartaruga-albina-e-encontrada-na-india\/#primaryimage\"},\"image\":{\"@id\":\"https:\/\/jornalfatosenoticias.com.br\/index.php\/2020\/11\/09\/tartaruga-albina-e-encontrada-na-india\/#primaryimage\"},\"thumbnailUrl\":\"https:\/\/jornalfatosenoticias.com.br\/wp-content\/uploads\/2020\/11\/tartaruga-albina.jpg\",\"datePublished\":\"2020-11-09T17:46:57+00:00\",\"dateModified\":\"2020-11-09T17:47:02+00:00\",\"breadcrumb\":{\"@id\":\"https:\/\/jornalfatosenoticias.com.br\/index.php\/2020\/11\/09\/tartaruga-albina-e-encontrada-na-india\/#breadcrumb\"},\"inLanguage\":\"pt-BR\",\"potentialAction\":[{\"@type\":\"ReadAction\",\"target\":[\"https:\/\/jornalfatosenoticias.com.br\/index.php\/2020\/11\/09\/tartaruga-albina-e-encontrada-na-india\/\"]}]},{\"@type\":\"ImageObject\",\"inLanguage\":\"pt-BR\",\"@id\":\"https:\/\/jornalfatosenoticias.com.br\/index.php\/2020\/11\/09\/tartaruga-albina-e-encontrada-na-india\/#primaryimage\",\"url\":\"https:\/\/jornalfatosenoticias.com.br\/wp-content\/uploads\/2020\/11\/tartaruga-albina.jpg\",\"contentUrl\":\"https:\/\/jornalfatosenoticias.com.br\/wp-content\/uploads\/2020\/11\/tartaruga-albina.jpg\",\"width\":1000,\"height\":703},{\"@type\":\"BreadcrumbList\",\"@id\":\"https:\/\/jornalfatosenoticias.com.br\/index.php\/2020\/11\/09\/tartaruga-albina-e-encontrada-na-india\/#breadcrumb\",\"itemListElement\":[{\"@type\":\"ListItem\",\"position\":1,\"name\":\"In\u00edcio\",\"item\":\"https:\/\/jornalfatosenoticias.com.br\/\"},{\"@type\":\"ListItem\",\"position\":2,\"name\":\"Tartaruga albina \u00e9 encontrada na \u00cdndia\"}]},{\"@type\":\"WebSite\",\"@id\":\"https:\/\/jornalfatosenoticias.com.br\/#website\",\"url\":\"https:\/\/jornalfatosenoticias.com.br\/\",\"name\":\"Jornal Fatos e Not\u00edcias\",\"description\":\"Not\u00edcias em geral\",\"publisher\":{\"@id\":\"https:\/\/jornalfatosenoticias.com.br\/#organization\"},\"potentialAction\":[{\"@type\":\"SearchAction\",\"target\":{\"@type\":\"EntryPoint\",\"urlTemplate\":\"https:\/\/jornalfatosenoticias.com.br\/?s={search_term_string}\"},\"query-input\":{\"@type\":\"PropertyValueSpecification\",\"valueRequired\":true,\"valueName\":\"search_term_string\"}}],\"inLanguage\":\"pt-BR\"},{\"@type\":\"Organization\",\"@id\":\"https:\/\/jornalfatosenoticias.com.br\/#organization\",\"name\":\"Jornal Fatos e Not\u00edcias\",\"url\":\"https:\/\/jornalfatosenoticias.com.br\/\",\"logo\":{\"@type\":\"ImageObject\",\"inLanguage\":\"pt-BR\",\"@id\":\"https:\/\/jornalfatosenoticias.com.br\/#\/schema\/logo\/image\/\",\"url\":\"https:\/\/jornalfatosenoticias.com.br\/wp-content\/uploads\/2020\/02\/logo120.png\",\"contentUrl\":\"https:\/\/jornalfatosenoticias.com.br\/wp-content\/uploads\/2020\/02\/logo120.png\",\"width\":1227,\"height\":120,\"caption\":\"Jornal Fatos e Not\u00edcias\"},\"image\":{\"@id\":\"https:\/\/jornalfatosenoticias.com.br\/#\/schema\/logo\/image\/\"}},{\"@type\":\"Person\",\"@id\":\"https:\/\/jornalfatosenoticias.com.br\/#\/schema\/person\/d63837fa13ac8666eb9e74e0985d6f81\",\"name\":\"Luzimara Fernandes\",\"image\":{\"@type\":\"ImageObject\",\"inLanguage\":\"pt-BR\",\"@id\":\"https:\/\/jornalfatosenoticias.com.br\/#\/schema\/person\/image\/\",\"url\":\"https:\/\/jornalfatosenoticias.com.br\/wp-content\/uploads\/2025\/05\/EU_portal.jpg\",\"contentUrl\":\"https:\/\/jornalfatosenoticias.com.br\/wp-content\/uploads\/2025\/05\/EU_portal.jpg\",\"caption\":\"Luzimara Fernandes\"},\"description\":\"Jornalista MTB 2358-ES\",\"sameAs\":[\"https:\/\/jornalfatosenoticias.com.br\"],\"url\":\"https:\/\/jornalfatosenoticias.com.br\/index.php\/author\/luzimara\/\"}]}<\/script>\n<!-- \/ Yoast SEO plugin. -->","yoast_head_json":{"title":"Tartaruga albina \u00e9 encontrada na \u00cdndia - Jornal Fatos e Not\u00edcias","robots":{"index":"index","follow":"follow","max-snippet":"max-snippet:-1","max-image-preview":"max-image-preview:large","max-video-preview":"max-video-preview:-1"},"canonical":"https:\/\/jornalfatosenoticias.com.br\/index.php\/2020\/11\/09\/tartaruga-albina-e-encontrada-na-india\/","og_locale":"pt_BR","og_type":"article","og_title":"Tartaruga albina \u00e9 encontrada na \u00cdndia - Jornal Fatos e Not\u00edcias","og_description":"Uma esp\u00e9cie rar\u00edssima de tartaruga amarelada que foi resgatada na regi\u00e3o da Bengala Ocidental, no leste da \u00cdndia, tem chamado a aten\u00e7\u00e3o das m\u00eddias digitais pela sua apar\u00eancia diferenciada. De acordo com os pesquisadores, trata-se de uma tartaruga-abaulada-indiana-albina, mas a internet preferiu descrev\u00ea-la como uma &#8220;fatia de queijo&#8221;.O animal foi encontrado em uma fazenda na [&hellip;]","og_url":"https:\/\/jornalfatosenoticias.com.br\/index.php\/2020\/11\/09\/tartaruga-albina-e-encontrada-na-india\/","og_site_name":"Jornal Fatos e Not\u00edcias","article_published_time":"2020-11-09T17:46:57+00:00","article_modified_time":"2020-11-09T17:47:02+00:00","og_image":[{"width":1000,"height":703,"url":"https:\/\/jornalfatosenoticias.com.br\/wp-content\/uploads\/2020\/11\/tartaruga-albina.jpg","type":"image\/jpeg"}],"author":"Luzimara Fernandes","twitter_card":"summary_large_image","twitter_misc":{"Escrito por":"Luzimara Fernandes","Est. tempo de leitura":"2 minutos"},"schema":{"@context":"https:\/\/schema.org","@graph":[{"@type":"Article","@id":"https:\/\/jornalfatosenoticias.com.br\/index.php\/2020\/11\/09\/tartaruga-albina-e-encontrada-na-india\/#article","isPartOf":{"@id":"https:\/\/jornalfatosenoticias.com.br\/index.php\/2020\/11\/09\/tartaruga-albina-e-encontrada-na-india\/"},"author":{"name":"Luzimara Fernandes","@id":"https:\/\/jornalfatosenoticias.com.br\/#\/schema\/person\/d63837fa13ac8666eb9e74e0985d6f81"},"headline":"Tartaruga albina \u00e9 encontrada na \u00cdndia","datePublished":"2020-11-09T17:46:57+00:00","dateModified":"2020-11-09T17:47:02+00:00","mainEntityOfPage":{"@id":"https:\/\/jornalfatosenoticias.com.br\/index.php\/2020\/11\/09\/tartaruga-albina-e-encontrada-na-india\/"},"wordCount":471,"commentCount":0,"publisher":{"@id":"https:\/\/jornalfatosenoticias.com.br\/#organization"},"image":{"@id":"https:\/\/jornalfatosenoticias.com.br\/index.php\/2020\/11\/09\/tartaruga-albina-e-encontrada-na-india\/#primaryimage"},"thumbnailUrl":"https:\/\/jornalfatosenoticias.com.br\/wp-content\/uploads\/2020\/11\/tartaruga-albina.jpg","keywords":["albinismo","memes","tartaruga-abaulada-indiana-albina"],"articleSection":["Meio ambiente"],"inLanguage":"pt-BR","potentialAction":[{"@type":"CommentAction","name":"Comment","target":["https:\/\/jornalfatosenoticias.com.br\/index.php\/2020\/11\/09\/tartaruga-albina-e-encontrada-na-india\/#respond"]}]},{"@type":"WebPage","@id":"https:\/\/jornalfatosenoticias.com.br\/index.php\/2020\/11\/09\/tartaruga-albina-e-encontrada-na-india\/","url":"https:\/\/jornalfatosenoticias.com.br\/index.php\/2020\/11\/09\/tartaruga-albina-e-encontrada-na-india\/","name":"Tartaruga albina \u00e9 encontrada na \u00cdndia - Jornal Fatos e Not\u00edcias","isPartOf":{"@id":"https:\/\/jornalfatosenoticias.com.br\/#website"},"primaryImageOfPage":{"@id":"https:\/\/jornalfatosenoticias.com.br\/index.php\/2020\/11\/09\/tartaruga-albina-e-encontrada-na-india\/#primaryimage"},"image":{"@id":"https:\/\/jornalfatosenoticias.com.br\/index.php\/2020\/11\/09\/tartaruga-albina-e-encontrada-na-india\/#primaryimage"},"thumbnailUrl":"https:\/\/jornalfatosenoticias.com.br\/wp-content\/uploads\/2020\/11\/tartaruga-albina.jpg","datePublished":"2020-11-09T17:46:57+00:00","dateModified":"2020-11-09T17:47:02+00:00","breadcrumb":{"@id":"https:\/\/jornalfatosenoticias.com.br\/index.php\/2020\/11\/09\/tartaruga-albina-e-encontrada-na-india\/#breadcrumb"},"inLanguage":"pt-BR","potentialAction":[{"@type":"ReadAction","target":["https:\/\/jornalfatosenoticias.com.br\/index.php\/2020\/11\/09\/tartaruga-albina-e-encontrada-na-india\/"]}]},{"@type":"ImageObject","inLanguage":"pt-BR","@id":"https:\/\/jornalfatosenoticias.com.br\/index.php\/2020\/11\/09\/tartaruga-albina-e-encontrada-na-india\/#primaryimage","url":"https:\/\/jornalfatosenoticias.com.br\/wp-content\/uploads\/2020\/11\/tartaruga-albina.jpg","contentUrl":"https:\/\/jornalfatosenoticias.com.br\/wp-content\/uploads\/2020\/11\/tartaruga-albina.jpg","width":1000,"height":703},{"@type":"BreadcrumbList","@id":"https:\/\/jornalfatosenoticias.com.br\/index.php\/2020\/11\/09\/tartaruga-albina-e-encontrada-na-india\/#breadcrumb","itemListElement":[{"@type":"ListItem","position":1,"name":"In\u00edcio","item":"https:\/\/jornalfatosenoticias.com.br\/"},{"@type":"ListItem","position":2,"name":"Tartaruga albina \u00e9 encontrada na \u00cdndia"}]},{"@type":"WebSite","@id":"https:\/\/jornalfatosenoticias.com.br\/#website","url":"https:\/\/jornalfatosenoticias.com.br\/","name":"Jornal Fatos e Not\u00edcias","description":"Not\u00edcias em geral","publisher":{"@id":"https:\/\/jornalfatosenoticias.com.br\/#organization"},"potentialAction":[{"@type":"SearchAction","target":{"@type":"EntryPoint","urlTemplate":"https:\/\/jornalfatosenoticias.com.br\/?s={search_term_string}"},"query-input":{"@type":"PropertyValueSpecification","valueRequired":true,"valueName":"search_term_string"}}],"inLanguage":"pt-BR"},{"@type":"Organization","@id":"https:\/\/jornalfatosenoticias.com.br\/#organization","name":"Jornal Fatos e Not\u00edcias","url":"https:\/\/jornalfatosenoticias.com.br\/","logo":{"@type":"ImageObject","inLanguage":"pt-BR","@id":"https:\/\/jornalfatosenoticias.com.br\/#\/schema\/logo\/image\/","url":"https:\/\/jornalfatosenoticias.com.br\/wp-content\/uploads\/2020\/02\/logo120.png","contentUrl":"https:\/\/jornalfatosenoticias.com.br\/wp-content\/uploads\/2020\/02\/logo120.png","width":1227,"height":120,"caption":"Jornal Fatos e Not\u00edcias"},"image":{"@id":"https:\/\/jornalfatosenoticias.com.br\/#\/schema\/logo\/image\/"}},{"@type":"Person","@id":"https:\/\/jornalfatosenoticias.com.br\/#\/schema\/person\/d63837fa13ac8666eb9e74e0985d6f81","name":"Luzimara Fernandes","image":{"@type":"ImageObject","inLanguage":"pt-BR","@id":"https:\/\/jornalfatosenoticias.com.br\/#\/schema\/person\/image\/","url":"https:\/\/jornalfatosenoticias.com.br\/wp-content\/uploads\/2025\/05\/EU_portal.jpg","contentUrl":"https:\/\/jornalfatosenoticias.com.br\/wp-content\/uploads\/2025\/05\/EU_portal.jpg","caption":"Luzimara Fernandes"},"description":"Jornalista MTB 2358-ES","sameAs":["https:\/\/jornalfatosenoticias.com.br"],"url":"https:\/\/jornalfatosenoticias.com.br\/index.php\/author\/luzimara\/"}]}},"cc_featured_image_caption":{"caption_text":"(Foto: Debashish Sharma)","source_text":"","source_url":""},"jetpack_featured_media_url":"https:\/\/jornalfatosenoticias.com.br\/wp-content\/uploads\/2020\/11\/tartaruga-albina.jpg","_links":{"self":[{"href":"https:\/\/jornalfatosenoticias.com.br\/index.php\/wp-json\/wp\/v2\/posts\/10930","targetHints":{"allow":["GET"]}}],"collection":[{"href":"https:\/\/jornalfatosenoticias.com.br\/index.php\/wp-json\/wp\/v2\/posts"}],"about":[{"href":"https:\/\/jornalfatosenoticias.com.br\/index.php\/wp-json\/wp\/v2\/types\/post"}],"author":[{"embeddable":true,"href":"https:\/\/jornalfatosenoticias.com.br\/index.php\/wp-json\/wp\/v2\/users\/2"}],"replies":[{"embeddable":true,"href":"https:\/\/jornalfatosenoticias.com.br\/index.php\/wp-json\/wp\/v2\/comments?post=10930"}],"version-history":[{"count":0,"href":"https:\/\/jornalfatosenoticias.com.br\/index.php\/wp-json\/wp\/v2\/posts\/10930\/revisions"}],"wp:featuredmedia":[{"embeddable":true,"href":"https:\/\/jornalfatosenoticias.com.br\/index.php\/wp-json\/wp\/v2\/media\/10931"}],"wp:attachment":[{"href":"https:\/\/jornalfatosenoticias.com.br\/index.php\/wp-json\/wp\/v2\/media?parent=10930"}],"wp:term":[{"taxonomy":"category","embeddable":true,"href":"https:\/\/jornalfatosenoticias.com.br\/index.php\/wp-json\/wp\/v2\/categories?post=10930"},{"taxonomy":"post_tag","embeddable":true,"href":"https:\/\/jornalfatosenoticias.com.br\/index.php\/wp-json\/wp\/v2\/tags?post=10930"}],"curies":[{"name":"wp","href":"https:\/\/api.w.org\/{rel}","templated":true}]}}