{"id":10948,"date":"2020-11-10T15:39:16","date_gmt":"2020-11-10T18:39:16","guid":{"rendered":"https:\/\/jornalfatosenoticias.com.br\/?p=10948"},"modified":"2020-11-10T15:39:21","modified_gmt":"2020-11-10T18:39:21","slug":"gasto-com-educacao-basica-eleva-padrao-de-vida-e-remuneracao","status":"publish","type":"post","link":"https:\/\/jornalfatosenoticias.com.br\/index.php\/2020\/11\/10\/gasto-com-educacao-basica-eleva-padrao-de-vida-e-remuneracao\/","title":{"rendered":"Gasto com educa\u00e7\u00e3o b\u00e1sica eleva padr\u00e3o de vida e remunera\u00e7\u00e3o"},"content":{"rendered":"\n<p>Se o Brasil investir apenas 1% a mais, a cada ano, do seu Produto Interno Bruto (PIB) em educa\u00e7\u00e3o b\u00e1sica, o padr\u00e3o de vida m\u00e9dio da popula\u00e7\u00e3o poder\u00e1 aumentar at\u00e9 26% nos pr\u00f3ximos 50 anos. Os dados s\u00e3o de um levantamento recente publicado por pesquisadores da Funda\u00e7\u00e3o Get\u00falio Vargas (FGV). \u201cA educa\u00e7\u00e3o \u00e9 um investimento de longo prazo, cujos efeitos sociais e econ\u00f4micos se tornam um patrim\u00f4nio daquela sociedade. Basta olhar para os exemplos da Su\u00e9cia ou da Coreia do Sul, pa\u00edses que evolu\u00edram apostando no ensino\u201d, diz um dos coautores da pesquisa, Samuel Pess\u00f4a, pesquisador s\u00eanior associado do Instituto Brasileiro de Economia (Ibre), da FGV.<br>Os economistas observaram os efeitos dos recursos para a educa\u00e7\u00e3o no Pa\u00eds entre 1933 a 1985. \u201cO investimento em capital humano por meio da oferta de educa\u00e7\u00e3o prim\u00e1ria n\u00e3o fazia parte da estrat\u00e9gia na \u00e9poca. Ao longo do s\u00e9culo, por meio de sucessivos ciclos de democracia e autoritarismo, a neglig\u00eancia em rela\u00e7\u00e3o \u00e0 educa\u00e7\u00e3o persistiu\u201d, lembra o tamb\u00e9m coautor, Edmilson Varej\u00e3o, diretor-executivo da startup AI Consult.<br>Em valores correntes, o PIB de 2019 foi de R$ 7,3 trilh\u00f5es. Para este ano, o Banco Mundial espera uma queda de 5,4%. Segundo Pess\u00f4a, considerando-se o patamar atual do Brasil, o aumento progressivo dos investimentos na educa\u00e7\u00e3o b\u00e1sica poderia igualar, em tr\u00eas d\u00e9cadas, o padr\u00e3o de vida brasileiro ao dos portugueses. \u201cIsso \u00e9 perfeitamente poss\u00edvel, com a universaliza\u00e7\u00e3o da educa\u00e7\u00e3o b\u00e1sica. Exemplos locais, como o do Cear\u00e1, devem ser aplicados em todo o Pa\u00eds. D\u00e1 para imaginar que, nos pr\u00f3ximos anos, os cearenses v\u00e3o ter um surto de desenvolvimento fruto da educa\u00e7\u00e3o, que poderia estar acontecendo em outros Estados\u201d, diz.<br>Os economistas apontam, ainda, que investir na educa\u00e7\u00e3o, 2% do que o Pa\u00eds produz por ano, levaria a um aumento de quase 32% na produtividade do trabalhador. Para as empresas, a baixa qualifica\u00e7\u00e3o m\u00e9dia do brasileiro no mercado de trabalho e o contingente de desempregados resultante da crise causada pela covid-19 s\u00e3o motivos de preocupa\u00e7\u00e3o. No ano passado, o \u00edndice de bem-estar brasileiro, medido pelo PIB per capita, era de R$ 34,5 mil. Ao se considerar a produtividade, o Pa\u00eds tamb\u00e9m vai mal. Entre 1995 e 2018, esse indicador aumentou apenas 1%, tamb\u00e9m segundo a FGV.<br>Uma estimativa da Confedera\u00e7\u00e3o Nacional do Com\u00e9rcio, de Bens, Servi\u00e7os e Turismo (CNC) aponta que para absorver o contingente de brasileiros desempregados e mais aqueles que devem entrar no mercado de trabalho nos pr\u00f3ximos anos, a economia teria de crescer cerca de 3,5% ao ano at\u00e9 o final da pr\u00f3xima d\u00e9cada.<br>\u201cDado o atual n\u00edvel de produtividade e o desempenho econ\u00f4mico esperado para os pr\u00f3ximos anos, o Brasil n\u00e3o deve conseguir absorver todos os desempregados durante as \u00faltimas crises\u201d, diz o economista-chefe da CNC, F\u00e1bio Bentes.<br>A entidade projeta que a taxa de desemprego, de 14,4% em outubro &#8211; segundo a Pesquisa Nacional por Amostra de Domic\u00edlios Cont\u00ednua (Pnad), do IBGE &#8211; s\u00f3 deve cair com a reativa\u00e7\u00e3o da economia combinada com aumento da produtividade.<\/p>\n\n\n\n<h4 class=\"wp-block-heading\">Vida melhor com os estudos<\/h4>\n\n\n\n<p>Do ponto de vista do trabalhador, anos a mais de estudo melhoram a remunera\u00e7\u00e3o e as condi\u00e7\u00f5es de trabalho. Dados da Pnad Cont\u00ednua apontam que a diferen\u00e7a de rendimento m\u00e9dio com o trabalho entre quem n\u00e3o concluiu o ensino fundamental e quem terminou uma gradua\u00e7\u00e3o chega a quase R$ 4 mil.<br>Al\u00e9m disso, os trabalhadores menos instru\u00eddos foram os que mais perderam rendimentos por conta da pandemia do novo coronav\u00edrus: eles deixaram de receber de 25% a 18% entre maio e julho, segundo c\u00e1lculos da consultoria IDados, a partir de dados da Pnad Covid, pesquisa que o IBGE tem feito durante os meses de pandemia.<br>No caso do analista de produ\u00e7\u00e3o Mauro Concei\u00e7\u00e3o, de 57 anos, ter sido o primeiro da fam\u00edlia a terminar um curso universit\u00e1rio fez toda a diferen\u00e7a. Trabalhando enquanto conclu\u00eda administra\u00e7\u00e3o de empresas na Pontif\u00edcia Universidade Cat\u00f3lica de S\u00e3o Paulo (PUC-SP), no in\u00edcio da d\u00e9cada de 1990, ele viu seu padr\u00e3o de vida mudar completamente.<br>\u201cEra uma rotina pesada, tinha de conciliar o trabalho com a faculdade, mas isso rendeu muito para a nossa fam\u00edlia. Na \u00e9poca, ter o ensino m\u00e9dio j\u00e1 n\u00e3o era um diferencial e nem impressionava os chefes. Eu tinha de me esfor\u00e7ar para estudar e trabalhar ao mesmo tempo ou me acostumar a ver s\u00f3 os colegas de trabalho conseguindo avan\u00e7ar na carreira\u201d, lembra Concei\u00e7\u00e3o.<br>Foi a forma\u00e7\u00e3o que permitiu que os filhos de Concei\u00e7\u00e3o pudessem concluir os estudos antes de entrar no mercado de trabalho. Seu filho mais velho, Matheus, de 24 anos, p\u00f4de estudar Comunica\u00e7\u00e3o em uma universidade p\u00fablica e agora tenta uma vaga de trainee em grandes empresas, como o Magazine Luiza e a Ambev.<br>\u201cA hist\u00f3ria da minha fam\u00edlia \u00e9 exce\u00e7\u00e3o, ainda mais quando se pensa em uma fam\u00edlia negra. O meu pai ter conclu\u00eddo uma faculdade, h\u00e1 30 anos, j\u00e1 foi o suficiente para mudar a minha vida e a dos meus dois irm\u00e3os. Se a gente pensar nas pessoas que conseguem entrar em uma faculdade agora, muitas por causa das cotas, d\u00e1 para imaginar quantas fam\u00edlias podem ser transformadas tamb\u00e9m\u201d, diz Matheus.<\/p>\n\n\n\n<p><em><strong>Legenda da foto:<\/strong> Mauro Concei\u00e7\u00e3o e seu filho mais velho, Matheus, que se formou em Comunica\u00e7\u00e3o; Mauro foi o primeiro universit\u00e1rio da fam\u00edlia e estimulou os tr\u00eas filhos nos estudos<\/em><\/p>\n\n\n\n<p><strong><em>Fonte: <a href=\"https:\/\/www.msn.com\/pt-br\/noticias\/educacao\/gasto-com-educa%c3%a7%c3%a3o-b%c3%a1sica-eleva-padr%c3%a3o-de-vida-e-remunera%c3%a7%c3%a3o\/ar-BB1aKoyQ\">MSN Not\u00edcias<\/a><\/em><\/strong><\/p>\n","protected":false},"excerpt":{"rendered":"<p>Se o Brasil investir apenas 1% a mais, a cada ano, do seu Produto Interno Bruto (PIB) em educa\u00e7\u00e3o b\u00e1sica, o padr\u00e3o de vida m\u00e9dio da popula\u00e7\u00e3o poder\u00e1 aumentar at\u00e9 26% nos pr\u00f3ximos 50 anos. Os dados s\u00e3o de um levantamento recente publicado por pesquisadores da Funda\u00e7\u00e3o Get\u00falio Vargas (FGV). \u201cA educa\u00e7\u00e3o \u00e9 um investimento [&hellip;]<\/p>\n","protected":false},"author":2,"featured_media":10949,"comment_status":"open","ping_status":"open","sticky":false,"template":"","format":"standard","meta":{"footnotes":""},"categories":[7],"tags":[411,1212,946,5799,833],"class_list":["post-10948","post","type-post","status-publish","format-standard","has-post-thumbnail","hentry","category-educacao","tag-educacao-basica","tag-fgv","tag-investimentos","tag-padrao-de-vida","tag-remuneracao"],"yoast_head":"<!-- This site is optimized with the Yoast SEO plugin v26.5 - https:\/\/yoast.com\/wordpress\/plugins\/seo\/ -->\n<title>Gasto com educa\u00e7\u00e3o b\u00e1sica eleva padr\u00e3o de vida e remunera\u00e7\u00e3o - Jornal Fatos e Not\u00edcias<\/title>\n<meta name=\"robots\" content=\"index, follow, max-snippet:-1, max-image-preview:large, max-video-preview:-1\" \/>\n<link rel=\"canonical\" href=\"https:\/\/jornalfatosenoticias.com.br\/index.php\/2020\/11\/10\/gasto-com-educacao-basica-eleva-padrao-de-vida-e-remuneracao\/\" \/>\n<meta property=\"og:locale\" content=\"pt_BR\" \/>\n<meta property=\"og:type\" content=\"article\" \/>\n<meta property=\"og:title\" content=\"Gasto com educa\u00e7\u00e3o b\u00e1sica eleva padr\u00e3o de vida e remunera\u00e7\u00e3o - Jornal Fatos e Not\u00edcias\" \/>\n<meta property=\"og:description\" content=\"Se o Brasil investir apenas 1% a mais, a cada ano, do seu Produto Interno Bruto (PIB) em educa\u00e7\u00e3o b\u00e1sica, o padr\u00e3o de vida m\u00e9dio da popula\u00e7\u00e3o poder\u00e1 aumentar at\u00e9 26% nos pr\u00f3ximos 50 anos. Os dados s\u00e3o de um levantamento recente publicado por pesquisadores da Funda\u00e7\u00e3o Get\u00falio Vargas (FGV). \u201cA educa\u00e7\u00e3o \u00e9 um investimento [&hellip;]\" \/>\n<meta property=\"og:url\" content=\"https:\/\/jornalfatosenoticias.com.br\/index.php\/2020\/11\/10\/gasto-com-educacao-basica-eleva-padrao-de-vida-e-remuneracao\/\" \/>\n<meta property=\"og:site_name\" content=\"Jornal Fatos e Not\u00edcias\" \/>\n<meta property=\"article:published_time\" content=\"2020-11-10T18:39:16+00:00\" \/>\n<meta property=\"article:modified_time\" content=\"2020-11-10T18:39:21+00:00\" \/>\n<meta property=\"og:image\" content=\"https:\/\/jornalfatosenoticias.com.br\/wp-content\/uploads\/2020\/11\/INVESTIR-EM-EDUCACAO-BASICA-ELEVA-PADRAO-DE-VIDA.jpg\" \/>\n\t<meta property=\"og:image:width\" content=\"1000\" \/>\n\t<meta property=\"og:image:height\" content=\"666\" \/>\n\t<meta property=\"og:image:type\" content=\"image\/jpeg\" \/>\n<meta name=\"author\" content=\"Luzimara Fernandes\" \/>\n<meta name=\"twitter:card\" content=\"summary_large_image\" \/>\n<meta name=\"twitter:label1\" content=\"Escrito por\" \/>\n\t<meta name=\"twitter:data1\" content=\"Luzimara Fernandes\" \/>\n\t<meta name=\"twitter:label2\" content=\"Est. tempo de leitura\" \/>\n\t<meta name=\"twitter:data2\" content=\"5 minutos\" \/>\n<script type=\"application\/ld+json\" class=\"yoast-schema-graph\">{\"@context\":\"https:\/\/schema.org\",\"@graph\":[{\"@type\":\"Article\",\"@id\":\"https:\/\/jornalfatosenoticias.com.br\/index.php\/2020\/11\/10\/gasto-com-educacao-basica-eleva-padrao-de-vida-e-remuneracao\/#article\",\"isPartOf\":{\"@id\":\"https:\/\/jornalfatosenoticias.com.br\/index.php\/2020\/11\/10\/gasto-com-educacao-basica-eleva-padrao-de-vida-e-remuneracao\/\"},\"author\":{\"name\":\"Luzimara Fernandes\",\"@id\":\"https:\/\/jornalfatosenoticias.com.br\/#\/schema\/person\/d63837fa13ac8666eb9e74e0985d6f81\"},\"headline\":\"Gasto com educa\u00e7\u00e3o b\u00e1sica eleva padr\u00e3o de vida e remunera\u00e7\u00e3o\",\"datePublished\":\"2020-11-10T18:39:16+00:00\",\"dateModified\":\"2020-11-10T18:39:21+00:00\",\"mainEntityOfPage\":{\"@id\":\"https:\/\/jornalfatosenoticias.com.br\/index.php\/2020\/11\/10\/gasto-com-educacao-basica-eleva-padrao-de-vida-e-remuneracao\/\"},\"wordCount\":981,\"commentCount\":0,\"publisher\":{\"@id\":\"https:\/\/jornalfatosenoticias.com.br\/#organization\"},\"image\":{\"@id\":\"https:\/\/jornalfatosenoticias.com.br\/index.php\/2020\/11\/10\/gasto-com-educacao-basica-eleva-padrao-de-vida-e-remuneracao\/#primaryimage\"},\"thumbnailUrl\":\"https:\/\/jornalfatosenoticias.com.br\/wp-content\/uploads\/2020\/11\/INVESTIR-EM-EDUCACAO-BASICA-ELEVA-PADRAO-DE-VIDA.jpg\",\"keywords\":[\"educa\u00e7\u00e3o b\u00e1sica\",\"FGV\",\"investimentos\",\"padr\u00e3o de vida\",\"remunera\u00e7\u00e3o\"],\"articleSection\":[\"Educa\u00e7\u00e3o\"],\"inLanguage\":\"pt-BR\",\"potentialAction\":[{\"@type\":\"CommentAction\",\"name\":\"Comment\",\"target\":[\"https:\/\/jornalfatosenoticias.com.br\/index.php\/2020\/11\/10\/gasto-com-educacao-basica-eleva-padrao-de-vida-e-remuneracao\/#respond\"]}]},{\"@type\":\"WebPage\",\"@id\":\"https:\/\/jornalfatosenoticias.com.br\/index.php\/2020\/11\/10\/gasto-com-educacao-basica-eleva-padrao-de-vida-e-remuneracao\/\",\"url\":\"https:\/\/jornalfatosenoticias.com.br\/index.php\/2020\/11\/10\/gasto-com-educacao-basica-eleva-padrao-de-vida-e-remuneracao\/\",\"name\":\"Gasto com educa\u00e7\u00e3o b\u00e1sica eleva padr\u00e3o de vida e remunera\u00e7\u00e3o - Jornal Fatos e Not\u00edcias\",\"isPartOf\":{\"@id\":\"https:\/\/jornalfatosenoticias.com.br\/#website\"},\"primaryImageOfPage\":{\"@id\":\"https:\/\/jornalfatosenoticias.com.br\/index.php\/2020\/11\/10\/gasto-com-educacao-basica-eleva-padrao-de-vida-e-remuneracao\/#primaryimage\"},\"image\":{\"@id\":\"https:\/\/jornalfatosenoticias.com.br\/index.php\/2020\/11\/10\/gasto-com-educacao-basica-eleva-padrao-de-vida-e-remuneracao\/#primaryimage\"},\"thumbnailUrl\":\"https:\/\/jornalfatosenoticias.com.br\/wp-content\/uploads\/2020\/11\/INVESTIR-EM-EDUCACAO-BASICA-ELEVA-PADRAO-DE-VIDA.jpg\",\"datePublished\":\"2020-11-10T18:39:16+00:00\",\"dateModified\":\"2020-11-10T18:39:21+00:00\",\"breadcrumb\":{\"@id\":\"https:\/\/jornalfatosenoticias.com.br\/index.php\/2020\/11\/10\/gasto-com-educacao-basica-eleva-padrao-de-vida-e-remuneracao\/#breadcrumb\"},\"inLanguage\":\"pt-BR\",\"potentialAction\":[{\"@type\":\"ReadAction\",\"target\":[\"https:\/\/jornalfatosenoticias.com.br\/index.php\/2020\/11\/10\/gasto-com-educacao-basica-eleva-padrao-de-vida-e-remuneracao\/\"]}]},{\"@type\":\"ImageObject\",\"inLanguage\":\"pt-BR\",\"@id\":\"https:\/\/jornalfatosenoticias.com.br\/index.php\/2020\/11\/10\/gasto-com-educacao-basica-eleva-padrao-de-vida-e-remuneracao\/#primaryimage\",\"url\":\"https:\/\/jornalfatosenoticias.com.br\/wp-content\/uploads\/2020\/11\/INVESTIR-EM-EDUCACAO-BASICA-ELEVA-PADRAO-DE-VIDA.jpg\",\"contentUrl\":\"https:\/\/jornalfatosenoticias.com.br\/wp-content\/uploads\/2020\/11\/INVESTIR-EM-EDUCACAO-BASICA-ELEVA-PADRAO-DE-VIDA.jpg\",\"width\":1000,\"height\":666},{\"@type\":\"BreadcrumbList\",\"@id\":\"https:\/\/jornalfatosenoticias.com.br\/index.php\/2020\/11\/10\/gasto-com-educacao-basica-eleva-padrao-de-vida-e-remuneracao\/#breadcrumb\",\"itemListElement\":[{\"@type\":\"ListItem\",\"position\":1,\"name\":\"In\u00edcio\",\"item\":\"https:\/\/jornalfatosenoticias.com.br\/\"},{\"@type\":\"ListItem\",\"position\":2,\"name\":\"Gasto com educa\u00e7\u00e3o b\u00e1sica eleva padr\u00e3o de vida e remunera\u00e7\u00e3o\"}]},{\"@type\":\"WebSite\",\"@id\":\"https:\/\/jornalfatosenoticias.com.br\/#website\",\"url\":\"https:\/\/jornalfatosenoticias.com.br\/\",\"name\":\"Jornal Fatos e Not\u00edcias\",\"description\":\"Not\u00edcias em geral\",\"publisher\":{\"@id\":\"https:\/\/jornalfatosenoticias.com.br\/#organization\"},\"potentialAction\":[{\"@type\":\"SearchAction\",\"target\":{\"@type\":\"EntryPoint\",\"urlTemplate\":\"https:\/\/jornalfatosenoticias.com.br\/?s={search_term_string}\"},\"query-input\":{\"@type\":\"PropertyValueSpecification\",\"valueRequired\":true,\"valueName\":\"search_term_string\"}}],\"inLanguage\":\"pt-BR\"},{\"@type\":\"Organization\",\"@id\":\"https:\/\/jornalfatosenoticias.com.br\/#organization\",\"name\":\"Jornal Fatos e Not\u00edcias\",\"url\":\"https:\/\/jornalfatosenoticias.com.br\/\",\"logo\":{\"@type\":\"ImageObject\",\"inLanguage\":\"pt-BR\",\"@id\":\"https:\/\/jornalfatosenoticias.com.br\/#\/schema\/logo\/image\/\",\"url\":\"https:\/\/jornalfatosenoticias.com.br\/wp-content\/uploads\/2020\/02\/logo120.png\",\"contentUrl\":\"https:\/\/jornalfatosenoticias.com.br\/wp-content\/uploads\/2020\/02\/logo120.png\",\"width\":1227,\"height\":120,\"caption\":\"Jornal Fatos e Not\u00edcias\"},\"image\":{\"@id\":\"https:\/\/jornalfatosenoticias.com.br\/#\/schema\/logo\/image\/\"}},{\"@type\":\"Person\",\"@id\":\"https:\/\/jornalfatosenoticias.com.br\/#\/schema\/person\/d63837fa13ac8666eb9e74e0985d6f81\",\"name\":\"Luzimara Fernandes\",\"image\":{\"@type\":\"ImageObject\",\"inLanguage\":\"pt-BR\",\"@id\":\"https:\/\/jornalfatosenoticias.com.br\/#\/schema\/person\/image\/\",\"url\":\"https:\/\/jornalfatosenoticias.com.br\/wp-content\/uploads\/2025\/05\/EU_portal.jpg\",\"contentUrl\":\"https:\/\/jornalfatosenoticias.com.br\/wp-content\/uploads\/2025\/05\/EU_portal.jpg\",\"caption\":\"Luzimara Fernandes\"},\"description\":\"Jornalista MTB 2358-ES\",\"sameAs\":[\"https:\/\/jornalfatosenoticias.com.br\"],\"url\":\"https:\/\/jornalfatosenoticias.com.br\/index.php\/author\/luzimara\/\"}]}<\/script>\n<!-- \/ Yoast SEO plugin. -->","yoast_head_json":{"title":"Gasto com educa\u00e7\u00e3o b\u00e1sica eleva padr\u00e3o de vida e remunera\u00e7\u00e3o - Jornal Fatos e Not\u00edcias","robots":{"index":"index","follow":"follow","max-snippet":"max-snippet:-1","max-image-preview":"max-image-preview:large","max-video-preview":"max-video-preview:-1"},"canonical":"https:\/\/jornalfatosenoticias.com.br\/index.php\/2020\/11\/10\/gasto-com-educacao-basica-eleva-padrao-de-vida-e-remuneracao\/","og_locale":"pt_BR","og_type":"article","og_title":"Gasto com educa\u00e7\u00e3o b\u00e1sica eleva padr\u00e3o de vida e remunera\u00e7\u00e3o - Jornal Fatos e Not\u00edcias","og_description":"Se o Brasil investir apenas 1% a mais, a cada ano, do seu Produto Interno Bruto (PIB) em educa\u00e7\u00e3o b\u00e1sica, o padr\u00e3o de vida m\u00e9dio da popula\u00e7\u00e3o poder\u00e1 aumentar at\u00e9 26% nos pr\u00f3ximos 50 anos. Os dados s\u00e3o de um levantamento recente publicado por pesquisadores da Funda\u00e7\u00e3o Get\u00falio Vargas (FGV). \u201cA educa\u00e7\u00e3o \u00e9 um investimento [&hellip;]","og_url":"https:\/\/jornalfatosenoticias.com.br\/index.php\/2020\/11\/10\/gasto-com-educacao-basica-eleva-padrao-de-vida-e-remuneracao\/","og_site_name":"Jornal Fatos e Not\u00edcias","article_published_time":"2020-11-10T18:39:16+00:00","article_modified_time":"2020-11-10T18:39:21+00:00","og_image":[{"width":1000,"height":666,"url":"https:\/\/jornalfatosenoticias.com.br\/wp-content\/uploads\/2020\/11\/INVESTIR-EM-EDUCACAO-BASICA-ELEVA-PADRAO-DE-VIDA.jpg","type":"image\/jpeg"}],"author":"Luzimara Fernandes","twitter_card":"summary_large_image","twitter_misc":{"Escrito por":"Luzimara Fernandes","Est. tempo de leitura":"5 minutos"},"schema":{"@context":"https:\/\/schema.org","@graph":[{"@type":"Article","@id":"https:\/\/jornalfatosenoticias.com.br\/index.php\/2020\/11\/10\/gasto-com-educacao-basica-eleva-padrao-de-vida-e-remuneracao\/#article","isPartOf":{"@id":"https:\/\/jornalfatosenoticias.com.br\/index.php\/2020\/11\/10\/gasto-com-educacao-basica-eleva-padrao-de-vida-e-remuneracao\/"},"author":{"name":"Luzimara Fernandes","@id":"https:\/\/jornalfatosenoticias.com.br\/#\/schema\/person\/d63837fa13ac8666eb9e74e0985d6f81"},"headline":"Gasto com educa\u00e7\u00e3o b\u00e1sica eleva padr\u00e3o de vida e remunera\u00e7\u00e3o","datePublished":"2020-11-10T18:39:16+00:00","dateModified":"2020-11-10T18:39:21+00:00","mainEntityOfPage":{"@id":"https:\/\/jornalfatosenoticias.com.br\/index.php\/2020\/11\/10\/gasto-com-educacao-basica-eleva-padrao-de-vida-e-remuneracao\/"},"wordCount":981,"commentCount":0,"publisher":{"@id":"https:\/\/jornalfatosenoticias.com.br\/#organization"},"image":{"@id":"https:\/\/jornalfatosenoticias.com.br\/index.php\/2020\/11\/10\/gasto-com-educacao-basica-eleva-padrao-de-vida-e-remuneracao\/#primaryimage"},"thumbnailUrl":"https:\/\/jornalfatosenoticias.com.br\/wp-content\/uploads\/2020\/11\/INVESTIR-EM-EDUCACAO-BASICA-ELEVA-PADRAO-DE-VIDA.jpg","keywords":["educa\u00e7\u00e3o b\u00e1sica","FGV","investimentos","padr\u00e3o de vida","remunera\u00e7\u00e3o"],"articleSection":["Educa\u00e7\u00e3o"],"inLanguage":"pt-BR","potentialAction":[{"@type":"CommentAction","name":"Comment","target":["https:\/\/jornalfatosenoticias.com.br\/index.php\/2020\/11\/10\/gasto-com-educacao-basica-eleva-padrao-de-vida-e-remuneracao\/#respond"]}]},{"@type":"WebPage","@id":"https:\/\/jornalfatosenoticias.com.br\/index.php\/2020\/11\/10\/gasto-com-educacao-basica-eleva-padrao-de-vida-e-remuneracao\/","url":"https:\/\/jornalfatosenoticias.com.br\/index.php\/2020\/11\/10\/gasto-com-educacao-basica-eleva-padrao-de-vida-e-remuneracao\/","name":"Gasto com educa\u00e7\u00e3o b\u00e1sica eleva padr\u00e3o de vida e remunera\u00e7\u00e3o - Jornal Fatos e Not\u00edcias","isPartOf":{"@id":"https:\/\/jornalfatosenoticias.com.br\/#website"},"primaryImageOfPage":{"@id":"https:\/\/jornalfatosenoticias.com.br\/index.php\/2020\/11\/10\/gasto-com-educacao-basica-eleva-padrao-de-vida-e-remuneracao\/#primaryimage"},"image":{"@id":"https:\/\/jornalfatosenoticias.com.br\/index.php\/2020\/11\/10\/gasto-com-educacao-basica-eleva-padrao-de-vida-e-remuneracao\/#primaryimage"},"thumbnailUrl":"https:\/\/jornalfatosenoticias.com.br\/wp-content\/uploads\/2020\/11\/INVESTIR-EM-EDUCACAO-BASICA-ELEVA-PADRAO-DE-VIDA.jpg","datePublished":"2020-11-10T18:39:16+00:00","dateModified":"2020-11-10T18:39:21+00:00","breadcrumb":{"@id":"https:\/\/jornalfatosenoticias.com.br\/index.php\/2020\/11\/10\/gasto-com-educacao-basica-eleva-padrao-de-vida-e-remuneracao\/#breadcrumb"},"inLanguage":"pt-BR","potentialAction":[{"@type":"ReadAction","target":["https:\/\/jornalfatosenoticias.com.br\/index.php\/2020\/11\/10\/gasto-com-educacao-basica-eleva-padrao-de-vida-e-remuneracao\/"]}]},{"@type":"ImageObject","inLanguage":"pt-BR","@id":"https:\/\/jornalfatosenoticias.com.br\/index.php\/2020\/11\/10\/gasto-com-educacao-basica-eleva-padrao-de-vida-e-remuneracao\/#primaryimage","url":"https:\/\/jornalfatosenoticias.com.br\/wp-content\/uploads\/2020\/11\/INVESTIR-EM-EDUCACAO-BASICA-ELEVA-PADRAO-DE-VIDA.jpg","contentUrl":"https:\/\/jornalfatosenoticias.com.br\/wp-content\/uploads\/2020\/11\/INVESTIR-EM-EDUCACAO-BASICA-ELEVA-PADRAO-DE-VIDA.jpg","width":1000,"height":666},{"@type":"BreadcrumbList","@id":"https:\/\/jornalfatosenoticias.com.br\/index.php\/2020\/11\/10\/gasto-com-educacao-basica-eleva-padrao-de-vida-e-remuneracao\/#breadcrumb","itemListElement":[{"@type":"ListItem","position":1,"name":"In\u00edcio","item":"https:\/\/jornalfatosenoticias.com.br\/"},{"@type":"ListItem","position":2,"name":"Gasto com educa\u00e7\u00e3o b\u00e1sica eleva padr\u00e3o de vida e remunera\u00e7\u00e3o"}]},{"@type":"WebSite","@id":"https:\/\/jornalfatosenoticias.com.br\/#website","url":"https:\/\/jornalfatosenoticias.com.br\/","name":"Jornal Fatos e Not\u00edcias","description":"Not\u00edcias em geral","publisher":{"@id":"https:\/\/jornalfatosenoticias.com.br\/#organization"},"potentialAction":[{"@type":"SearchAction","target":{"@type":"EntryPoint","urlTemplate":"https:\/\/jornalfatosenoticias.com.br\/?s={search_term_string}"},"query-input":{"@type":"PropertyValueSpecification","valueRequired":true,"valueName":"search_term_string"}}],"inLanguage":"pt-BR"},{"@type":"Organization","@id":"https:\/\/jornalfatosenoticias.com.br\/#organization","name":"Jornal Fatos e Not\u00edcias","url":"https:\/\/jornalfatosenoticias.com.br\/","logo":{"@type":"ImageObject","inLanguage":"pt-BR","@id":"https:\/\/jornalfatosenoticias.com.br\/#\/schema\/logo\/image\/","url":"https:\/\/jornalfatosenoticias.com.br\/wp-content\/uploads\/2020\/02\/logo120.png","contentUrl":"https:\/\/jornalfatosenoticias.com.br\/wp-content\/uploads\/2020\/02\/logo120.png","width":1227,"height":120,"caption":"Jornal Fatos e Not\u00edcias"},"image":{"@id":"https:\/\/jornalfatosenoticias.com.br\/#\/schema\/logo\/image\/"}},{"@type":"Person","@id":"https:\/\/jornalfatosenoticias.com.br\/#\/schema\/person\/d63837fa13ac8666eb9e74e0985d6f81","name":"Luzimara Fernandes","image":{"@type":"ImageObject","inLanguage":"pt-BR","@id":"https:\/\/jornalfatosenoticias.com.br\/#\/schema\/person\/image\/","url":"https:\/\/jornalfatosenoticias.com.br\/wp-content\/uploads\/2025\/05\/EU_portal.jpg","contentUrl":"https:\/\/jornalfatosenoticias.com.br\/wp-content\/uploads\/2025\/05\/EU_portal.jpg","caption":"Luzimara Fernandes"},"description":"Jornalista MTB 2358-ES","sameAs":["https:\/\/jornalfatosenoticias.com.br"],"url":"https:\/\/jornalfatosenoticias.com.br\/index.php\/author\/luzimara\/"}]}},"cc_featured_image_caption":{"caption_text":" (\u00a9Val\u00e9ria Gon\u00e7alvez\/Estad\u00e3o)","source_text":"","source_url":""},"jetpack_featured_media_url":"https:\/\/jornalfatosenoticias.com.br\/wp-content\/uploads\/2020\/11\/INVESTIR-EM-EDUCACAO-BASICA-ELEVA-PADRAO-DE-VIDA.jpg","_links":{"self":[{"href":"https:\/\/jornalfatosenoticias.com.br\/index.php\/wp-json\/wp\/v2\/posts\/10948","targetHints":{"allow":["GET"]}}],"collection":[{"href":"https:\/\/jornalfatosenoticias.com.br\/index.php\/wp-json\/wp\/v2\/posts"}],"about":[{"href":"https:\/\/jornalfatosenoticias.com.br\/index.php\/wp-json\/wp\/v2\/types\/post"}],"author":[{"embeddable":true,"href":"https:\/\/jornalfatosenoticias.com.br\/index.php\/wp-json\/wp\/v2\/users\/2"}],"replies":[{"embeddable":true,"href":"https:\/\/jornalfatosenoticias.com.br\/index.php\/wp-json\/wp\/v2\/comments?post=10948"}],"version-history":[{"count":0,"href":"https:\/\/jornalfatosenoticias.com.br\/index.php\/wp-json\/wp\/v2\/posts\/10948\/revisions"}],"wp:featuredmedia":[{"embeddable":true,"href":"https:\/\/jornalfatosenoticias.com.br\/index.php\/wp-json\/wp\/v2\/media\/10949"}],"wp:attachment":[{"href":"https:\/\/jornalfatosenoticias.com.br\/index.php\/wp-json\/wp\/v2\/media?parent=10948"}],"wp:term":[{"taxonomy":"category","embeddable":true,"href":"https:\/\/jornalfatosenoticias.com.br\/index.php\/wp-json\/wp\/v2\/categories?post=10948"},{"taxonomy":"post_tag","embeddable":true,"href":"https:\/\/jornalfatosenoticias.com.br\/index.php\/wp-json\/wp\/v2\/tags?post=10948"}],"curies":[{"name":"wp","href":"https:\/\/api.w.org\/{rel}","templated":true}]}}