{"id":10996,"date":"2020-11-10T16:25:27","date_gmt":"2020-11-10T19:25:27","guid":{"rendered":"https:\/\/jornalfatosenoticias.com.br\/?p=10996"},"modified":"2020-11-10T16:25:32","modified_gmt":"2020-11-10T19:25:32","slug":"transtorno-de-personalidade-borderline","status":"publish","type":"post","link":"https:\/\/jornalfatosenoticias.com.br\/index.php\/2020\/11\/10\/transtorno-de-personalidade-borderline\/","title":{"rendered":"Transtorno de personalidade Borderline"},"content":{"rendered":"\n<h6 class=\"wp-block-heading\"><em>Voc\u00ea sabe o que \u00e9 isso?<\/em><\/h6>\n\n\n\n<p>A cada grupo de 100 pessoas, de uma a seis tem esse tipo de transtorno de personalidade, o que \u00e9 uma propor\u00e7\u00e3o bastante expressiva. Pouco conhecida e raramente mencionada, a personalidade Borderline n\u00e3o \u00e9 facilmente diagnosticada, afinal \u00e9 preciso fazer uma avalia\u00e7\u00e3o profunda antes do veredito.<br>O principal sinal, no entanto, \u00e9 de origem comportamental, j\u00e1 que a pessoa Borderline tem uma vida marcada por instabilidade em termos de relacionamentos, sejam eles amorosos, familiares, de trabalho ou de amizade.<br>A instabilidade tem a ver com o fato de que o transtorno faz com que o indiv\u00edduo tenha comportamento impulsivo e seja emocionalmente inst\u00e1vel, deixando os relacionamentos interpessoais marcados por excesso ou falta de intensidade. Mais comum em mulheres do que em homens, o transtorno pode ser caracterizado por mais alguns sinais como medo intenso de abandono e de solid\u00e3o; tend\u00eancia a tomar decis\u00f5es e a assumir riscos sem pensar em consequ\u00eancias; pensamento suicida e tentativa de automutila\u00e7\u00e3o; sensa\u00e7\u00e3o de instabilidade e de vazio; pensamentos paranoicos e a cren\u00e7a de que as coisas \u00e0 sua volta n\u00e3o s\u00e3o verdadeiras; raiva intensa por motivos banais; sensa\u00e7\u00e3o de montanha-russa emocional, alternando entre ansiedade, depress\u00e3o e euforia em pouco tempo.<\/p>\n\n\n\n<figure class=\"wp-block-image size-large\"><img loading=\"lazy\" decoding=\"async\" width=\"1000\" height=\"465\" src=\"https:\/\/jornalfatosenoticias.com.br\/wp-content\/uploads\/2020\/11\/Sindrome-de-Borderline-2.jpg\" alt=\"\" class=\"wp-image-10997\" srcset=\"https:\/\/jornalfatosenoticias.com.br\/wp-content\/uploads\/2020\/11\/Sindrome-de-Borderline-2.jpg 1000w, https:\/\/jornalfatosenoticias.com.br\/wp-content\/uploads\/2020\/11\/Sindrome-de-Borderline-2-300x140.jpg 300w, https:\/\/jornalfatosenoticias.com.br\/wp-content\/uploads\/2020\/11\/Sindrome-de-Borderline-2-768x357.jpg 768w\" sizes=\"auto, (max-width: 1000px) 100vw, 1000px\" \/><figcaption><em>(Foto: Reprodu\u00e7\u00e3o Internet)<\/em><\/figcaption><\/figure>\n\n\n\n<p>Esses sintomas, obviamente, nem sempre caracterizam o transtorno, que pode apenas ser diagnosticado por um profissional de sa\u00fade mental. O tratamento inclui acompanhamento psicol\u00f3gico e medicamentoso, geralmente por meio de psicoterapia e do uso de antidepressivos.<br>A causa desse transtorno ainda \u00e9 desconhecida, mas se acredita que o desenvolvimento do Borderline tenha a ver com quest\u00f5es heredit\u00e1rias e\/ou com outros problemas que afetam a mente, como o estresse p\u00f3s-traum\u00e1tico. Se voc\u00ea acha que os sintomas acima descrevem a sua vida, n\u00e3o deixe de procurar ajuda m\u00e9dica.<\/p>\n\n\n\n<p><strong><em>Fonte: <a href=\"https:\/\/www.megacurioso.com.br\/ciencia\/100387-transtorno-de-personalidade-borderline-voce-sabe-o-que-e-isso.htm\">Megacurioso<\/a><\/em><\/strong><\/p>\n","protected":false},"excerpt":{"rendered":"<p>Voc\u00ea sabe o que \u00e9 isso? A cada grupo de 100 pessoas, de uma a seis tem esse tipo de transtorno de personalidade, o que \u00e9 uma propor\u00e7\u00e3o bastante expressiva. Pouco conhecida e raramente mencionada, a personalidade Borderline n\u00e3o \u00e9 facilmente diagnosticada, afinal \u00e9 preciso fazer uma avalia\u00e7\u00e3o profunda antes do veredito.O principal sinal, no [&hellip;]<\/p>\n","protected":false},"author":2,"featured_media":10998,"comment_status":"open","ping_status":"open","sticky":false,"template":"","format":"standard","meta":{"footnotes":""},"categories":[2522],"tags":[5823,3400,688,5247],"class_list":["post-10996","post","type-post","status-publish","format-standard","has-post-thumbnail","hentry","category-comportamento","tag-borderline","tag-personalidade","tag-saude-mental","tag-transtorno"],"yoast_head":"<!-- This site is optimized with the Yoast SEO plugin v26.5 - https:\/\/yoast.com\/wordpress\/plugins\/seo\/ -->\n<title>Transtorno de personalidade Borderline - Jornal Fatos e Not\u00edcias<\/title>\n<meta name=\"robots\" content=\"index, follow, max-snippet:-1, max-image-preview:large, max-video-preview:-1\" \/>\n<link rel=\"canonical\" href=\"https:\/\/jornalfatosenoticias.com.br\/index.php\/2020\/11\/10\/transtorno-de-personalidade-borderline\/\" \/>\n<meta property=\"og:locale\" content=\"pt_BR\" \/>\n<meta property=\"og:type\" content=\"article\" \/>\n<meta property=\"og:title\" content=\"Transtorno de personalidade Borderline - Jornal Fatos e Not\u00edcias\" \/>\n<meta property=\"og:description\" content=\"Voc\u00ea sabe o que \u00e9 isso? A cada grupo de 100 pessoas, de uma a seis tem esse tipo de transtorno de personalidade, o que \u00e9 uma propor\u00e7\u00e3o bastante expressiva. Pouco conhecida e raramente mencionada, a personalidade Borderline n\u00e3o \u00e9 facilmente diagnosticada, afinal \u00e9 preciso fazer uma avalia\u00e7\u00e3o profunda antes do veredito.O principal sinal, no [&hellip;]\" \/>\n<meta property=\"og:url\" content=\"https:\/\/jornalfatosenoticias.com.br\/index.php\/2020\/11\/10\/transtorno-de-personalidade-borderline\/\" \/>\n<meta property=\"og:site_name\" content=\"Jornal Fatos e Not\u00edcias\" \/>\n<meta property=\"article:published_time\" content=\"2020-11-10T19:25:27+00:00\" \/>\n<meta property=\"article:modified_time\" content=\"2020-11-10T19:25:32+00:00\" \/>\n<meta property=\"og:image\" content=\"https:\/\/jornalfatosenoticias.com.br\/wp-content\/uploads\/2020\/11\/transtorno-de-personalidade-borderline.jpg\" \/>\n\t<meta property=\"og:image:width\" content=\"1000\" \/>\n\t<meta property=\"og:image:height\" content=\"700\" \/>\n\t<meta property=\"og:image:type\" content=\"image\/jpeg\" \/>\n<meta name=\"author\" content=\"Luzimara Fernandes\" \/>\n<meta name=\"twitter:card\" content=\"summary_large_image\" \/>\n<meta name=\"twitter:label1\" content=\"Escrito por\" \/>\n\t<meta name=\"twitter:data1\" content=\"Luzimara Fernandes\" \/>\n\t<meta name=\"twitter:label2\" content=\"Est. tempo de leitura\" \/>\n\t<meta name=\"twitter:data2\" content=\"2 minutos\" \/>\n<script type=\"application\/ld+json\" class=\"yoast-schema-graph\">{\"@context\":\"https:\/\/schema.org\",\"@graph\":[{\"@type\":\"Article\",\"@id\":\"https:\/\/jornalfatosenoticias.com.br\/index.php\/2020\/11\/10\/transtorno-de-personalidade-borderline\/#article\",\"isPartOf\":{\"@id\":\"https:\/\/jornalfatosenoticias.com.br\/index.php\/2020\/11\/10\/transtorno-de-personalidade-borderline\/\"},\"author\":{\"name\":\"Luzimara Fernandes\",\"@id\":\"https:\/\/jornalfatosenoticias.com.br\/#\/schema\/person\/d63837fa13ac8666eb9e74e0985d6f81\"},\"headline\":\"Transtorno de personalidade Borderline\",\"datePublished\":\"2020-11-10T19:25:27+00:00\",\"dateModified\":\"2020-11-10T19:25:32+00:00\",\"mainEntityOfPage\":{\"@id\":\"https:\/\/jornalfatosenoticias.com.br\/index.php\/2020\/11\/10\/transtorno-de-personalidade-borderline\/\"},\"wordCount\":315,\"commentCount\":0,\"publisher\":{\"@id\":\"https:\/\/jornalfatosenoticias.com.br\/#organization\"},\"image\":{\"@id\":\"https:\/\/jornalfatosenoticias.com.br\/index.php\/2020\/11\/10\/transtorno-de-personalidade-borderline\/#primaryimage\"},\"thumbnailUrl\":\"https:\/\/jornalfatosenoticias.com.br\/wp-content\/uploads\/2020\/11\/transtorno-de-personalidade-borderline.jpg\",\"keywords\":[\"Borderline\",\"personalidade\",\"sa\u00fade mental\",\"transtorno\"],\"articleSection\":[\"Comportamento &amp; Equil\u00edbrio\"],\"inLanguage\":\"pt-BR\",\"potentialAction\":[{\"@type\":\"CommentAction\",\"name\":\"Comment\",\"target\":[\"https:\/\/jornalfatosenoticias.com.br\/index.php\/2020\/11\/10\/transtorno-de-personalidade-borderline\/#respond\"]}]},{\"@type\":\"WebPage\",\"@id\":\"https:\/\/jornalfatosenoticias.com.br\/index.php\/2020\/11\/10\/transtorno-de-personalidade-borderline\/\",\"url\":\"https:\/\/jornalfatosenoticias.com.br\/index.php\/2020\/11\/10\/transtorno-de-personalidade-borderline\/\",\"name\":\"Transtorno de personalidade Borderline - Jornal Fatos e Not\u00edcias\",\"isPartOf\":{\"@id\":\"https:\/\/jornalfatosenoticias.com.br\/#website\"},\"primaryImageOfPage\":{\"@id\":\"https:\/\/jornalfatosenoticias.com.br\/index.php\/2020\/11\/10\/transtorno-de-personalidade-borderline\/#primaryimage\"},\"image\":{\"@id\":\"https:\/\/jornalfatosenoticias.com.br\/index.php\/2020\/11\/10\/transtorno-de-personalidade-borderline\/#primaryimage\"},\"thumbnailUrl\":\"https:\/\/jornalfatosenoticias.com.br\/wp-content\/uploads\/2020\/11\/transtorno-de-personalidade-borderline.jpg\",\"datePublished\":\"2020-11-10T19:25:27+00:00\",\"dateModified\":\"2020-11-10T19:25:32+00:00\",\"breadcrumb\":{\"@id\":\"https:\/\/jornalfatosenoticias.com.br\/index.php\/2020\/11\/10\/transtorno-de-personalidade-borderline\/#breadcrumb\"},\"inLanguage\":\"pt-BR\",\"potentialAction\":[{\"@type\":\"ReadAction\",\"target\":[\"https:\/\/jornalfatosenoticias.com.br\/index.php\/2020\/11\/10\/transtorno-de-personalidade-borderline\/\"]}]},{\"@type\":\"ImageObject\",\"inLanguage\":\"pt-BR\",\"@id\":\"https:\/\/jornalfatosenoticias.com.br\/index.php\/2020\/11\/10\/transtorno-de-personalidade-borderline\/#primaryimage\",\"url\":\"https:\/\/jornalfatosenoticias.com.br\/wp-content\/uploads\/2020\/11\/transtorno-de-personalidade-borderline.jpg\",\"contentUrl\":\"https:\/\/jornalfatosenoticias.com.br\/wp-content\/uploads\/2020\/11\/transtorno-de-personalidade-borderline.jpg\",\"width\":1000,\"height\":700},{\"@type\":\"BreadcrumbList\",\"@id\":\"https:\/\/jornalfatosenoticias.com.br\/index.php\/2020\/11\/10\/transtorno-de-personalidade-borderline\/#breadcrumb\",\"itemListElement\":[{\"@type\":\"ListItem\",\"position\":1,\"name\":\"In\u00edcio\",\"item\":\"https:\/\/jornalfatosenoticias.com.br\/\"},{\"@type\":\"ListItem\",\"position\":2,\"name\":\"Transtorno de personalidade Borderline\"}]},{\"@type\":\"WebSite\",\"@id\":\"https:\/\/jornalfatosenoticias.com.br\/#website\",\"url\":\"https:\/\/jornalfatosenoticias.com.br\/\",\"name\":\"Jornal Fatos e Not\u00edcias\",\"description\":\"Not\u00edcias em geral\",\"publisher\":{\"@id\":\"https:\/\/jornalfatosenoticias.com.br\/#organization\"},\"potentialAction\":[{\"@type\":\"SearchAction\",\"target\":{\"@type\":\"EntryPoint\",\"urlTemplate\":\"https:\/\/jornalfatosenoticias.com.br\/?s={search_term_string}\"},\"query-input\":{\"@type\":\"PropertyValueSpecification\",\"valueRequired\":true,\"valueName\":\"search_term_string\"}}],\"inLanguage\":\"pt-BR\"},{\"@type\":\"Organization\",\"@id\":\"https:\/\/jornalfatosenoticias.com.br\/#organization\",\"name\":\"Jornal Fatos e Not\u00edcias\",\"url\":\"https:\/\/jornalfatosenoticias.com.br\/\",\"logo\":{\"@type\":\"ImageObject\",\"inLanguage\":\"pt-BR\",\"@id\":\"https:\/\/jornalfatosenoticias.com.br\/#\/schema\/logo\/image\/\",\"url\":\"https:\/\/jornalfatosenoticias.com.br\/wp-content\/uploads\/2020\/02\/logo120.png\",\"contentUrl\":\"https:\/\/jornalfatosenoticias.com.br\/wp-content\/uploads\/2020\/02\/logo120.png\",\"width\":1227,\"height\":120,\"caption\":\"Jornal Fatos e Not\u00edcias\"},\"image\":{\"@id\":\"https:\/\/jornalfatosenoticias.com.br\/#\/schema\/logo\/image\/\"}},{\"@type\":\"Person\",\"@id\":\"https:\/\/jornalfatosenoticias.com.br\/#\/schema\/person\/d63837fa13ac8666eb9e74e0985d6f81\",\"name\":\"Luzimara Fernandes\",\"image\":{\"@type\":\"ImageObject\",\"inLanguage\":\"pt-BR\",\"@id\":\"https:\/\/jornalfatosenoticias.com.br\/#\/schema\/person\/image\/\",\"url\":\"https:\/\/jornalfatosenoticias.com.br\/wp-content\/uploads\/2025\/05\/EU_portal.jpg\",\"contentUrl\":\"https:\/\/jornalfatosenoticias.com.br\/wp-content\/uploads\/2025\/05\/EU_portal.jpg\",\"caption\":\"Luzimara Fernandes\"},\"description\":\"Jornalista MTB 2358-ES\",\"sameAs\":[\"https:\/\/jornalfatosenoticias.com.br\"],\"url\":\"https:\/\/jornalfatosenoticias.com.br\/index.php\/author\/luzimara\/\"}]}<\/script>\n<!-- \/ Yoast SEO plugin. -->","yoast_head_json":{"title":"Transtorno de personalidade Borderline - Jornal Fatos e Not\u00edcias","robots":{"index":"index","follow":"follow","max-snippet":"max-snippet:-1","max-image-preview":"max-image-preview:large","max-video-preview":"max-video-preview:-1"},"canonical":"https:\/\/jornalfatosenoticias.com.br\/index.php\/2020\/11\/10\/transtorno-de-personalidade-borderline\/","og_locale":"pt_BR","og_type":"article","og_title":"Transtorno de personalidade Borderline - Jornal Fatos e Not\u00edcias","og_description":"Voc\u00ea sabe o que \u00e9 isso? A cada grupo de 100 pessoas, de uma a seis tem esse tipo de transtorno de personalidade, o que \u00e9 uma propor\u00e7\u00e3o bastante expressiva. Pouco conhecida e raramente mencionada, a personalidade Borderline n\u00e3o \u00e9 facilmente diagnosticada, afinal \u00e9 preciso fazer uma avalia\u00e7\u00e3o profunda antes do veredito.O principal sinal, no [&hellip;]","og_url":"https:\/\/jornalfatosenoticias.com.br\/index.php\/2020\/11\/10\/transtorno-de-personalidade-borderline\/","og_site_name":"Jornal Fatos e Not\u00edcias","article_published_time":"2020-11-10T19:25:27+00:00","article_modified_time":"2020-11-10T19:25:32+00:00","og_image":[{"width":1000,"height":700,"url":"https:\/\/jornalfatosenoticias.com.br\/wp-content\/uploads\/2020\/11\/transtorno-de-personalidade-borderline.jpg","type":"image\/jpeg"}],"author":"Luzimara Fernandes","twitter_card":"summary_large_image","twitter_misc":{"Escrito por":"Luzimara Fernandes","Est. tempo de leitura":"2 minutos"},"schema":{"@context":"https:\/\/schema.org","@graph":[{"@type":"Article","@id":"https:\/\/jornalfatosenoticias.com.br\/index.php\/2020\/11\/10\/transtorno-de-personalidade-borderline\/#article","isPartOf":{"@id":"https:\/\/jornalfatosenoticias.com.br\/index.php\/2020\/11\/10\/transtorno-de-personalidade-borderline\/"},"author":{"name":"Luzimara Fernandes","@id":"https:\/\/jornalfatosenoticias.com.br\/#\/schema\/person\/d63837fa13ac8666eb9e74e0985d6f81"},"headline":"Transtorno de personalidade Borderline","datePublished":"2020-11-10T19:25:27+00:00","dateModified":"2020-11-10T19:25:32+00:00","mainEntityOfPage":{"@id":"https:\/\/jornalfatosenoticias.com.br\/index.php\/2020\/11\/10\/transtorno-de-personalidade-borderline\/"},"wordCount":315,"commentCount":0,"publisher":{"@id":"https:\/\/jornalfatosenoticias.com.br\/#organization"},"image":{"@id":"https:\/\/jornalfatosenoticias.com.br\/index.php\/2020\/11\/10\/transtorno-de-personalidade-borderline\/#primaryimage"},"thumbnailUrl":"https:\/\/jornalfatosenoticias.com.br\/wp-content\/uploads\/2020\/11\/transtorno-de-personalidade-borderline.jpg","keywords":["Borderline","personalidade","sa\u00fade mental","transtorno"],"articleSection":["Comportamento &amp; Equil\u00edbrio"],"inLanguage":"pt-BR","potentialAction":[{"@type":"CommentAction","name":"Comment","target":["https:\/\/jornalfatosenoticias.com.br\/index.php\/2020\/11\/10\/transtorno-de-personalidade-borderline\/#respond"]}]},{"@type":"WebPage","@id":"https:\/\/jornalfatosenoticias.com.br\/index.php\/2020\/11\/10\/transtorno-de-personalidade-borderline\/","url":"https:\/\/jornalfatosenoticias.com.br\/index.php\/2020\/11\/10\/transtorno-de-personalidade-borderline\/","name":"Transtorno de personalidade Borderline - Jornal Fatos e Not\u00edcias","isPartOf":{"@id":"https:\/\/jornalfatosenoticias.com.br\/#website"},"primaryImageOfPage":{"@id":"https:\/\/jornalfatosenoticias.com.br\/index.php\/2020\/11\/10\/transtorno-de-personalidade-borderline\/#primaryimage"},"image":{"@id":"https:\/\/jornalfatosenoticias.com.br\/index.php\/2020\/11\/10\/transtorno-de-personalidade-borderline\/#primaryimage"},"thumbnailUrl":"https:\/\/jornalfatosenoticias.com.br\/wp-content\/uploads\/2020\/11\/transtorno-de-personalidade-borderline.jpg","datePublished":"2020-11-10T19:25:27+00:00","dateModified":"2020-11-10T19:25:32+00:00","breadcrumb":{"@id":"https:\/\/jornalfatosenoticias.com.br\/index.php\/2020\/11\/10\/transtorno-de-personalidade-borderline\/#breadcrumb"},"inLanguage":"pt-BR","potentialAction":[{"@type":"ReadAction","target":["https:\/\/jornalfatosenoticias.com.br\/index.php\/2020\/11\/10\/transtorno-de-personalidade-borderline\/"]}]},{"@type":"ImageObject","inLanguage":"pt-BR","@id":"https:\/\/jornalfatosenoticias.com.br\/index.php\/2020\/11\/10\/transtorno-de-personalidade-borderline\/#primaryimage","url":"https:\/\/jornalfatosenoticias.com.br\/wp-content\/uploads\/2020\/11\/transtorno-de-personalidade-borderline.jpg","contentUrl":"https:\/\/jornalfatosenoticias.com.br\/wp-content\/uploads\/2020\/11\/transtorno-de-personalidade-borderline.jpg","width":1000,"height":700},{"@type":"BreadcrumbList","@id":"https:\/\/jornalfatosenoticias.com.br\/index.php\/2020\/11\/10\/transtorno-de-personalidade-borderline\/#breadcrumb","itemListElement":[{"@type":"ListItem","position":1,"name":"In\u00edcio","item":"https:\/\/jornalfatosenoticias.com.br\/"},{"@type":"ListItem","position":2,"name":"Transtorno de personalidade Borderline"}]},{"@type":"WebSite","@id":"https:\/\/jornalfatosenoticias.com.br\/#website","url":"https:\/\/jornalfatosenoticias.com.br\/","name":"Jornal Fatos e Not\u00edcias","description":"Not\u00edcias em geral","publisher":{"@id":"https:\/\/jornalfatosenoticias.com.br\/#organization"},"potentialAction":[{"@type":"SearchAction","target":{"@type":"EntryPoint","urlTemplate":"https:\/\/jornalfatosenoticias.com.br\/?s={search_term_string}"},"query-input":{"@type":"PropertyValueSpecification","valueRequired":true,"valueName":"search_term_string"}}],"inLanguage":"pt-BR"},{"@type":"Organization","@id":"https:\/\/jornalfatosenoticias.com.br\/#organization","name":"Jornal Fatos e Not\u00edcias","url":"https:\/\/jornalfatosenoticias.com.br\/","logo":{"@type":"ImageObject","inLanguage":"pt-BR","@id":"https:\/\/jornalfatosenoticias.com.br\/#\/schema\/logo\/image\/","url":"https:\/\/jornalfatosenoticias.com.br\/wp-content\/uploads\/2020\/02\/logo120.png","contentUrl":"https:\/\/jornalfatosenoticias.com.br\/wp-content\/uploads\/2020\/02\/logo120.png","width":1227,"height":120,"caption":"Jornal Fatos e Not\u00edcias"},"image":{"@id":"https:\/\/jornalfatosenoticias.com.br\/#\/schema\/logo\/image\/"}},{"@type":"Person","@id":"https:\/\/jornalfatosenoticias.com.br\/#\/schema\/person\/d63837fa13ac8666eb9e74e0985d6f81","name":"Luzimara Fernandes","image":{"@type":"ImageObject","inLanguage":"pt-BR","@id":"https:\/\/jornalfatosenoticias.com.br\/#\/schema\/person\/image\/","url":"https:\/\/jornalfatosenoticias.com.br\/wp-content\/uploads\/2025\/05\/EU_portal.jpg","contentUrl":"https:\/\/jornalfatosenoticias.com.br\/wp-content\/uploads\/2025\/05\/EU_portal.jpg","caption":"Luzimara Fernandes"},"description":"Jornalista MTB 2358-ES","sameAs":["https:\/\/jornalfatosenoticias.com.br"],"url":"https:\/\/jornalfatosenoticias.com.br\/index.php\/author\/luzimara\/"}]}},"cc_featured_image_caption":{"caption_text":"(Foto: Krot.info) \r\n","source_text":"","source_url":""},"jetpack_featured_media_url":"https:\/\/jornalfatosenoticias.com.br\/wp-content\/uploads\/2020\/11\/transtorno-de-personalidade-borderline.jpg","_links":{"self":[{"href":"https:\/\/jornalfatosenoticias.com.br\/index.php\/wp-json\/wp\/v2\/posts\/10996","targetHints":{"allow":["GET"]}}],"collection":[{"href":"https:\/\/jornalfatosenoticias.com.br\/index.php\/wp-json\/wp\/v2\/posts"}],"about":[{"href":"https:\/\/jornalfatosenoticias.com.br\/index.php\/wp-json\/wp\/v2\/types\/post"}],"author":[{"embeddable":true,"href":"https:\/\/jornalfatosenoticias.com.br\/index.php\/wp-json\/wp\/v2\/users\/2"}],"replies":[{"embeddable":true,"href":"https:\/\/jornalfatosenoticias.com.br\/index.php\/wp-json\/wp\/v2\/comments?post=10996"}],"version-history":[{"count":0,"href":"https:\/\/jornalfatosenoticias.com.br\/index.php\/wp-json\/wp\/v2\/posts\/10996\/revisions"}],"wp:featuredmedia":[{"embeddable":true,"href":"https:\/\/jornalfatosenoticias.com.br\/index.php\/wp-json\/wp\/v2\/media\/10998"}],"wp:attachment":[{"href":"https:\/\/jornalfatosenoticias.com.br\/index.php\/wp-json\/wp\/v2\/media?parent=10996"}],"wp:term":[{"taxonomy":"category","embeddable":true,"href":"https:\/\/jornalfatosenoticias.com.br\/index.php\/wp-json\/wp\/v2\/categories?post=10996"},{"taxonomy":"post_tag","embeddable":true,"href":"https:\/\/jornalfatosenoticias.com.br\/index.php\/wp-json\/wp\/v2\/tags?post=10996"}],"curies":[{"name":"wp","href":"https:\/\/api.w.org\/{rel}","templated":true}]}}