{"id":11187,"date":"2020-11-16T10:47:57","date_gmt":"2020-11-16T13:47:57","guid":{"rendered":"https:\/\/jornalfatosenoticias.com.br\/?p=11187"},"modified":"2020-11-16T10:48:01","modified_gmt":"2020-11-16T13:48:01","slug":"inss-inicia-teste-de-telepericia-a-partir-de-hoje","status":"publish","type":"post","link":"https:\/\/jornalfatosenoticias.com.br\/index.php\/2020\/11\/16\/inss-inicia-teste-de-telepericia-a-partir-de-hoje\/","title":{"rendered":"INSS inicia teste de teleper\u00edcia a partir de hoje"},"content":{"rendered":"\n<h6 class=\"wp-block-heading\"><em>A experi\u00eancia vai at\u00e9 o dia 31 de janeiro de 2021<\/em><\/h6>\n\n\n\n<p>O Instituto Nacional do Seguro Social (INSS) inicia hoje (16) experi\u00eancia piloto de realiza\u00e7\u00e3o de per\u00edcias m\u00e9dicas com uso da telemedicina. A fase de testes vai at\u00e9 o dia 31 de janeiro de 2021.<br>Para o trabalhador ter acesso \u00e0 per\u00edcia por telemedicina, a empresa em que trabalha precisa aderir ao projeto. O INSS disponibilizou \u00e0s empresas, por meio eletr\u00f4nico, o Termo de Ades\u00e3o de Participa\u00e7\u00e3o da Experi\u00eancia Piloto de Realiza\u00e7\u00e3o de Per\u00edcias M\u00e9dicas com Uso da Telemedicina (PMUT).<br>Um m\u00e9dico contratado pela empresa ter\u00e1 a responsabilidade de acompanhar o segurado. Com os documentos e informa\u00e7\u00f5es encaminhados, o perito do INSS decidir\u00e1 se concede o aux\u00edlio-doen\u00e7a.<br>De acordo com a Secretaria Especial de Previd\u00eancia e Trabalho, o protocolo da experi\u00eancia piloto foi aperfei\u00e7oado para dar seguran\u00e7a ao ato pericial dos peritos m\u00e9dicos federais, que ficam autorizados a realizar per\u00edcias m\u00e9dicas por telemedicina, durante o per\u00edodo de enfrentamento da pandemia da covid-19. A medida foi tomada em cumprimento a decis\u00e3o do Tribunal de Contas da Uni\u00e3o (TCU).<br>Em nota, a Associa\u00e7\u00e3o Nacional dos Peritos M\u00e9dicos Federais (ANMP) se posicionou contra a per\u00edcia por telemedicina.<\/p>\n\n\n\n<blockquote class=\"wp-block-quote is-layout-flow wp-block-quote-is-layout-flow\"><p>\u201cN\u00e3o existe calamidade no \u00e2mbito da per\u00edcia m\u00e9dica federal e a prova disso \u00e9 que as agendas de atendimento dos peritos m\u00e9dicos federais de todo o Pa\u00eds est\u00e3o frequentemente vazias ou incompletas\u201d, diz a nota.<\/p><\/blockquote>\n\n\n\n<p>A ANMP argumenta ainda que o Conselho Federal de Medicina (CFM) \u201cpossui in\u00fameros atos que pro\u00edbem peremptoriamente a utiliza\u00e7\u00e3o de recursos tecnol\u00f3gicos na per\u00edcia m\u00e9dica\u201d.<br>A Secretaria Especial de Previd\u00eancia e Trabalho disse, em nota, que \u201cest\u00e1 preparada para dar in\u00edcio \u00e0s Per\u00edcias M\u00e9dicas com Uso da Telemedicina (PMUT)\u201d, nesta segunda-feira. A secretaria n\u00e3o informou quantas empresas j\u00e1 aderiram ao projeto-piloto.<\/p>\n\n\n\n<p><strong><em>Fonte: <a href=\"https:\/\/agenciabrasil.ebc.com.br\/saude\/noticia\/2020-11\/inss-inicia-teste-de-telepericia-partir-de-hoje\">Ag\u00eancia Brasil<\/a><\/em><\/strong><\/p>\n","protected":false},"excerpt":{"rendered":"<p>A experi\u00eancia vai at\u00e9 o dia 31 de janeiro de 2021 O Instituto Nacional do Seguro Social (INSS) inicia hoje (16) experi\u00eancia piloto de realiza\u00e7\u00e3o de per\u00edcias m\u00e9dicas com uso da telemedicina. A fase de testes vai at\u00e9 o dia 31 de janeiro de 2021.Para o trabalhador ter acesso \u00e0 per\u00edcia por telemedicina, a empresa [&hellip;]<\/p>\n","protected":false},"author":2,"featured_media":11188,"comment_status":"open","ping_status":"open","sticky":false,"template":"","format":"standard","meta":{"footnotes":""},"categories":[11],"tags":[5918,696,1860,1796],"class_list":["post-11187","post","type-post","status-publish","format-standard","has-post-thumbnail","hentry","category-saude","tag-auxilio-doenca","tag-inss","tag-pericia-medica","tag-telemedicina"],"yoast_head":"<!-- This site is optimized with the Yoast SEO plugin v26.5 - https:\/\/yoast.com\/wordpress\/plugins\/seo\/ -->\n<title>INSS inicia teste de teleper\u00edcia a partir de hoje - Jornal Fatos e Not\u00edcias<\/title>\n<meta name=\"robots\" content=\"index, follow, max-snippet:-1, max-image-preview:large, max-video-preview:-1\" \/>\n<link rel=\"canonical\" href=\"https:\/\/jornalfatosenoticias.com.br\/index.php\/2020\/11\/16\/inss-inicia-teste-de-telepericia-a-partir-de-hoje\/\" \/>\n<meta property=\"og:locale\" content=\"pt_BR\" \/>\n<meta property=\"og:type\" content=\"article\" \/>\n<meta property=\"og:title\" content=\"INSS inicia teste de teleper\u00edcia a partir de hoje - Jornal Fatos e Not\u00edcias\" \/>\n<meta property=\"og:description\" content=\"A experi\u00eancia vai at\u00e9 o dia 31 de janeiro de 2021 O Instituto Nacional do Seguro Social (INSS) inicia hoje (16) experi\u00eancia piloto de realiza\u00e7\u00e3o de per\u00edcias m\u00e9dicas com uso da telemedicina. A fase de testes vai at\u00e9 o dia 31 de janeiro de 2021.Para o trabalhador ter acesso \u00e0 per\u00edcia por telemedicina, a empresa [&hellip;]\" \/>\n<meta property=\"og:url\" content=\"https:\/\/jornalfatosenoticias.com.br\/index.php\/2020\/11\/16\/inss-inicia-teste-de-telepericia-a-partir-de-hoje\/\" \/>\n<meta property=\"og:site_name\" content=\"Jornal Fatos e Not\u00edcias\" \/>\n<meta property=\"article:published_time\" content=\"2020-11-16T13:47:57+00:00\" \/>\n<meta property=\"article:modified_time\" content=\"2020-11-16T13:48:01+00:00\" \/>\n<meta property=\"og:image\" content=\"https:\/\/jornalfatosenoticias.com.br\/wp-content\/uploads\/2020\/11\/previdencia_social_santos.jpg\" \/>\n\t<meta property=\"og:image:width\" content=\"1000\" \/>\n\t<meta property=\"og:image:height\" content=\"598\" \/>\n\t<meta property=\"og:image:type\" content=\"image\/jpeg\" \/>\n<meta name=\"author\" content=\"Luzimara Fernandes\" \/>\n<meta name=\"twitter:card\" content=\"summary_large_image\" \/>\n<meta name=\"twitter:label1\" content=\"Escrito por\" \/>\n\t<meta name=\"twitter:data1\" content=\"Luzimara Fernandes\" \/>\n\t<meta name=\"twitter:label2\" content=\"Est. tempo de leitura\" \/>\n\t<meta name=\"twitter:data2\" content=\"2 minutos\" \/>\n<script type=\"application\/ld+json\" class=\"yoast-schema-graph\">{\"@context\":\"https:\/\/schema.org\",\"@graph\":[{\"@type\":\"Article\",\"@id\":\"https:\/\/jornalfatosenoticias.com.br\/index.php\/2020\/11\/16\/inss-inicia-teste-de-telepericia-a-partir-de-hoje\/#article\",\"isPartOf\":{\"@id\":\"https:\/\/jornalfatosenoticias.com.br\/index.php\/2020\/11\/16\/inss-inicia-teste-de-telepericia-a-partir-de-hoje\/\"},\"author\":{\"name\":\"Luzimara Fernandes\",\"@id\":\"https:\/\/jornalfatosenoticias.com.br\/#\/schema\/person\/d63837fa13ac8666eb9e74e0985d6f81\"},\"headline\":\"INSS inicia teste de teleper\u00edcia a partir de hoje\",\"datePublished\":\"2020-11-16T13:47:57+00:00\",\"dateModified\":\"2020-11-16T13:48:01+00:00\",\"mainEntityOfPage\":{\"@id\":\"https:\/\/jornalfatosenoticias.com.br\/index.php\/2020\/11\/16\/inss-inicia-teste-de-telepericia-a-partir-de-hoje\/\"},\"wordCount\":344,\"commentCount\":0,\"publisher\":{\"@id\":\"https:\/\/jornalfatosenoticias.com.br\/#organization\"},\"image\":{\"@id\":\"https:\/\/jornalfatosenoticias.com.br\/index.php\/2020\/11\/16\/inss-inicia-teste-de-telepericia-a-partir-de-hoje\/#primaryimage\"},\"thumbnailUrl\":\"https:\/\/jornalfatosenoticias.com.br\/wp-content\/uploads\/2020\/11\/previdencia_social_santos.jpg\",\"keywords\":[\"aux\u00edlio-doen\u00e7a\",\"INSS\",\"per\u00edcia m\u00e9dica\",\"telemedicina\"],\"articleSection\":[\"Sa\u00fade\"],\"inLanguage\":\"pt-BR\",\"potentialAction\":[{\"@type\":\"CommentAction\",\"name\":\"Comment\",\"target\":[\"https:\/\/jornalfatosenoticias.com.br\/index.php\/2020\/11\/16\/inss-inicia-teste-de-telepericia-a-partir-de-hoje\/#respond\"]}]},{\"@type\":\"WebPage\",\"@id\":\"https:\/\/jornalfatosenoticias.com.br\/index.php\/2020\/11\/16\/inss-inicia-teste-de-telepericia-a-partir-de-hoje\/\",\"url\":\"https:\/\/jornalfatosenoticias.com.br\/index.php\/2020\/11\/16\/inss-inicia-teste-de-telepericia-a-partir-de-hoje\/\",\"name\":\"INSS inicia teste de teleper\u00edcia a partir de hoje - Jornal Fatos e Not\u00edcias\",\"isPartOf\":{\"@id\":\"https:\/\/jornalfatosenoticias.com.br\/#website\"},\"primaryImageOfPage\":{\"@id\":\"https:\/\/jornalfatosenoticias.com.br\/index.php\/2020\/11\/16\/inss-inicia-teste-de-telepericia-a-partir-de-hoje\/#primaryimage\"},\"image\":{\"@id\":\"https:\/\/jornalfatosenoticias.com.br\/index.php\/2020\/11\/16\/inss-inicia-teste-de-telepericia-a-partir-de-hoje\/#primaryimage\"},\"thumbnailUrl\":\"https:\/\/jornalfatosenoticias.com.br\/wp-content\/uploads\/2020\/11\/previdencia_social_santos.jpg\",\"datePublished\":\"2020-11-16T13:47:57+00:00\",\"dateModified\":\"2020-11-16T13:48:01+00:00\",\"breadcrumb\":{\"@id\":\"https:\/\/jornalfatosenoticias.com.br\/index.php\/2020\/11\/16\/inss-inicia-teste-de-telepericia-a-partir-de-hoje\/#breadcrumb\"},\"inLanguage\":\"pt-BR\",\"potentialAction\":[{\"@type\":\"ReadAction\",\"target\":[\"https:\/\/jornalfatosenoticias.com.br\/index.php\/2020\/11\/16\/inss-inicia-teste-de-telepericia-a-partir-de-hoje\/\"]}]},{\"@type\":\"ImageObject\",\"inLanguage\":\"pt-BR\",\"@id\":\"https:\/\/jornalfatosenoticias.com.br\/index.php\/2020\/11\/16\/inss-inicia-teste-de-telepericia-a-partir-de-hoje\/#primaryimage\",\"url\":\"https:\/\/jornalfatosenoticias.com.br\/wp-content\/uploads\/2020\/11\/previdencia_social_santos.jpg\",\"contentUrl\":\"https:\/\/jornalfatosenoticias.com.br\/wp-content\/uploads\/2020\/11\/previdencia_social_santos.jpg\",\"width\":1000,\"height\":598,\"caption\":\"Instituto Nacional do Seguro Social (INSS)\"},{\"@type\":\"BreadcrumbList\",\"@id\":\"https:\/\/jornalfatosenoticias.com.br\/index.php\/2020\/11\/16\/inss-inicia-teste-de-telepericia-a-partir-de-hoje\/#breadcrumb\",\"itemListElement\":[{\"@type\":\"ListItem\",\"position\":1,\"name\":\"In\u00edcio\",\"item\":\"https:\/\/jornalfatosenoticias.com.br\/\"},{\"@type\":\"ListItem\",\"position\":2,\"name\":\"INSS inicia teste de teleper\u00edcia a partir de hoje\"}]},{\"@type\":\"WebSite\",\"@id\":\"https:\/\/jornalfatosenoticias.com.br\/#website\",\"url\":\"https:\/\/jornalfatosenoticias.com.br\/\",\"name\":\"Jornal Fatos e Not\u00edcias\",\"description\":\"Not\u00edcias em geral\",\"publisher\":{\"@id\":\"https:\/\/jornalfatosenoticias.com.br\/#organization\"},\"potentialAction\":[{\"@type\":\"SearchAction\",\"target\":{\"@type\":\"EntryPoint\",\"urlTemplate\":\"https:\/\/jornalfatosenoticias.com.br\/?s={search_term_string}\"},\"query-input\":{\"@type\":\"PropertyValueSpecification\",\"valueRequired\":true,\"valueName\":\"search_term_string\"}}],\"inLanguage\":\"pt-BR\"},{\"@type\":\"Organization\",\"@id\":\"https:\/\/jornalfatosenoticias.com.br\/#organization\",\"name\":\"Jornal Fatos e Not\u00edcias\",\"url\":\"https:\/\/jornalfatosenoticias.com.br\/\",\"logo\":{\"@type\":\"ImageObject\",\"inLanguage\":\"pt-BR\",\"@id\":\"https:\/\/jornalfatosenoticias.com.br\/#\/schema\/logo\/image\/\",\"url\":\"https:\/\/jornalfatosenoticias.com.br\/wp-content\/uploads\/2020\/02\/logo120.png\",\"contentUrl\":\"https:\/\/jornalfatosenoticias.com.br\/wp-content\/uploads\/2020\/02\/logo120.png\",\"width\":1227,\"height\":120,\"caption\":\"Jornal Fatos e Not\u00edcias\"},\"image\":{\"@id\":\"https:\/\/jornalfatosenoticias.com.br\/#\/schema\/logo\/image\/\"}},{\"@type\":\"Person\",\"@id\":\"https:\/\/jornalfatosenoticias.com.br\/#\/schema\/person\/d63837fa13ac8666eb9e74e0985d6f81\",\"name\":\"Luzimara Fernandes\",\"image\":{\"@type\":\"ImageObject\",\"inLanguage\":\"pt-BR\",\"@id\":\"https:\/\/jornalfatosenoticias.com.br\/#\/schema\/person\/image\/\",\"url\":\"https:\/\/jornalfatosenoticias.com.br\/wp-content\/uploads\/2025\/05\/EU_portal.jpg\",\"contentUrl\":\"https:\/\/jornalfatosenoticias.com.br\/wp-content\/uploads\/2025\/05\/EU_portal.jpg\",\"caption\":\"Luzimara Fernandes\"},\"description\":\"Jornalista MTB 2358-ES\",\"sameAs\":[\"https:\/\/jornalfatosenoticias.com.br\"],\"url\":\"https:\/\/jornalfatosenoticias.com.br\/index.php\/author\/luzimara\/\"}]}<\/script>\n<!-- \/ Yoast SEO plugin. -->","yoast_head_json":{"title":"INSS inicia teste de teleper\u00edcia a partir de hoje - Jornal Fatos e Not\u00edcias","robots":{"index":"index","follow":"follow","max-snippet":"max-snippet:-1","max-image-preview":"max-image-preview:large","max-video-preview":"max-video-preview:-1"},"canonical":"https:\/\/jornalfatosenoticias.com.br\/index.php\/2020\/11\/16\/inss-inicia-teste-de-telepericia-a-partir-de-hoje\/","og_locale":"pt_BR","og_type":"article","og_title":"INSS inicia teste de teleper\u00edcia a partir de hoje - Jornal Fatos e Not\u00edcias","og_description":"A experi\u00eancia vai at\u00e9 o dia 31 de janeiro de 2021 O Instituto Nacional do Seguro Social (INSS) inicia hoje (16) experi\u00eancia piloto de realiza\u00e7\u00e3o de per\u00edcias m\u00e9dicas com uso da telemedicina. A fase de testes vai at\u00e9 o dia 31 de janeiro de 2021.Para o trabalhador ter acesso \u00e0 per\u00edcia por telemedicina, a empresa [&hellip;]","og_url":"https:\/\/jornalfatosenoticias.com.br\/index.php\/2020\/11\/16\/inss-inicia-teste-de-telepericia-a-partir-de-hoje\/","og_site_name":"Jornal Fatos e Not\u00edcias","article_published_time":"2020-11-16T13:47:57+00:00","article_modified_time":"2020-11-16T13:48:01+00:00","og_image":[{"width":1000,"height":598,"url":"https:\/\/jornalfatosenoticias.com.br\/wp-content\/uploads\/2020\/11\/previdencia_social_santos.jpg","type":"image\/jpeg"}],"author":"Luzimara Fernandes","twitter_card":"summary_large_image","twitter_misc":{"Escrito por":"Luzimara Fernandes","Est. tempo de leitura":"2 minutos"},"schema":{"@context":"https:\/\/schema.org","@graph":[{"@type":"Article","@id":"https:\/\/jornalfatosenoticias.com.br\/index.php\/2020\/11\/16\/inss-inicia-teste-de-telepericia-a-partir-de-hoje\/#article","isPartOf":{"@id":"https:\/\/jornalfatosenoticias.com.br\/index.php\/2020\/11\/16\/inss-inicia-teste-de-telepericia-a-partir-de-hoje\/"},"author":{"name":"Luzimara Fernandes","@id":"https:\/\/jornalfatosenoticias.com.br\/#\/schema\/person\/d63837fa13ac8666eb9e74e0985d6f81"},"headline":"INSS inicia teste de teleper\u00edcia a partir de hoje","datePublished":"2020-11-16T13:47:57+00:00","dateModified":"2020-11-16T13:48:01+00:00","mainEntityOfPage":{"@id":"https:\/\/jornalfatosenoticias.com.br\/index.php\/2020\/11\/16\/inss-inicia-teste-de-telepericia-a-partir-de-hoje\/"},"wordCount":344,"commentCount":0,"publisher":{"@id":"https:\/\/jornalfatosenoticias.com.br\/#organization"},"image":{"@id":"https:\/\/jornalfatosenoticias.com.br\/index.php\/2020\/11\/16\/inss-inicia-teste-de-telepericia-a-partir-de-hoje\/#primaryimage"},"thumbnailUrl":"https:\/\/jornalfatosenoticias.com.br\/wp-content\/uploads\/2020\/11\/previdencia_social_santos.jpg","keywords":["aux\u00edlio-doen\u00e7a","INSS","per\u00edcia m\u00e9dica","telemedicina"],"articleSection":["Sa\u00fade"],"inLanguage":"pt-BR","potentialAction":[{"@type":"CommentAction","name":"Comment","target":["https:\/\/jornalfatosenoticias.com.br\/index.php\/2020\/11\/16\/inss-inicia-teste-de-telepericia-a-partir-de-hoje\/#respond"]}]},{"@type":"WebPage","@id":"https:\/\/jornalfatosenoticias.com.br\/index.php\/2020\/11\/16\/inss-inicia-teste-de-telepericia-a-partir-de-hoje\/","url":"https:\/\/jornalfatosenoticias.com.br\/index.php\/2020\/11\/16\/inss-inicia-teste-de-telepericia-a-partir-de-hoje\/","name":"INSS inicia teste de teleper\u00edcia a partir de hoje - Jornal Fatos e Not\u00edcias","isPartOf":{"@id":"https:\/\/jornalfatosenoticias.com.br\/#website"},"primaryImageOfPage":{"@id":"https:\/\/jornalfatosenoticias.com.br\/index.php\/2020\/11\/16\/inss-inicia-teste-de-telepericia-a-partir-de-hoje\/#primaryimage"},"image":{"@id":"https:\/\/jornalfatosenoticias.com.br\/index.php\/2020\/11\/16\/inss-inicia-teste-de-telepericia-a-partir-de-hoje\/#primaryimage"},"thumbnailUrl":"https:\/\/jornalfatosenoticias.com.br\/wp-content\/uploads\/2020\/11\/previdencia_social_santos.jpg","datePublished":"2020-11-16T13:47:57+00:00","dateModified":"2020-11-16T13:48:01+00:00","breadcrumb":{"@id":"https:\/\/jornalfatosenoticias.com.br\/index.php\/2020\/11\/16\/inss-inicia-teste-de-telepericia-a-partir-de-hoje\/#breadcrumb"},"inLanguage":"pt-BR","potentialAction":[{"@type":"ReadAction","target":["https:\/\/jornalfatosenoticias.com.br\/index.php\/2020\/11\/16\/inss-inicia-teste-de-telepericia-a-partir-de-hoje\/"]}]},{"@type":"ImageObject","inLanguage":"pt-BR","@id":"https:\/\/jornalfatosenoticias.com.br\/index.php\/2020\/11\/16\/inss-inicia-teste-de-telepericia-a-partir-de-hoje\/#primaryimage","url":"https:\/\/jornalfatosenoticias.com.br\/wp-content\/uploads\/2020\/11\/previdencia_social_santos.jpg","contentUrl":"https:\/\/jornalfatosenoticias.com.br\/wp-content\/uploads\/2020\/11\/previdencia_social_santos.jpg","width":1000,"height":598,"caption":"Instituto Nacional do Seguro Social (INSS)"},{"@type":"BreadcrumbList","@id":"https:\/\/jornalfatosenoticias.com.br\/index.php\/2020\/11\/16\/inss-inicia-teste-de-telepericia-a-partir-de-hoje\/#breadcrumb","itemListElement":[{"@type":"ListItem","position":1,"name":"In\u00edcio","item":"https:\/\/jornalfatosenoticias.com.br\/"},{"@type":"ListItem","position":2,"name":"INSS inicia teste de teleper\u00edcia a partir de hoje"}]},{"@type":"WebSite","@id":"https:\/\/jornalfatosenoticias.com.br\/#website","url":"https:\/\/jornalfatosenoticias.com.br\/","name":"Jornal Fatos e Not\u00edcias","description":"Not\u00edcias em geral","publisher":{"@id":"https:\/\/jornalfatosenoticias.com.br\/#organization"},"potentialAction":[{"@type":"SearchAction","target":{"@type":"EntryPoint","urlTemplate":"https:\/\/jornalfatosenoticias.com.br\/?s={search_term_string}"},"query-input":{"@type":"PropertyValueSpecification","valueRequired":true,"valueName":"search_term_string"}}],"inLanguage":"pt-BR"},{"@type":"Organization","@id":"https:\/\/jornalfatosenoticias.com.br\/#organization","name":"Jornal Fatos e Not\u00edcias","url":"https:\/\/jornalfatosenoticias.com.br\/","logo":{"@type":"ImageObject","inLanguage":"pt-BR","@id":"https:\/\/jornalfatosenoticias.com.br\/#\/schema\/logo\/image\/","url":"https:\/\/jornalfatosenoticias.com.br\/wp-content\/uploads\/2020\/02\/logo120.png","contentUrl":"https:\/\/jornalfatosenoticias.com.br\/wp-content\/uploads\/2020\/02\/logo120.png","width":1227,"height":120,"caption":"Jornal Fatos e Not\u00edcias"},"image":{"@id":"https:\/\/jornalfatosenoticias.com.br\/#\/schema\/logo\/image\/"}},{"@type":"Person","@id":"https:\/\/jornalfatosenoticias.com.br\/#\/schema\/person\/d63837fa13ac8666eb9e74e0985d6f81","name":"Luzimara Fernandes","image":{"@type":"ImageObject","inLanguage":"pt-BR","@id":"https:\/\/jornalfatosenoticias.com.br\/#\/schema\/person\/image\/","url":"https:\/\/jornalfatosenoticias.com.br\/wp-content\/uploads\/2025\/05\/EU_portal.jpg","contentUrl":"https:\/\/jornalfatosenoticias.com.br\/wp-content\/uploads\/2025\/05\/EU_portal.jpg","caption":"Luzimara Fernandes"},"description":"Jornalista MTB 2358-ES","sameAs":["https:\/\/jornalfatosenoticias.com.br"],"url":"https:\/\/jornalfatosenoticias.com.br\/index.php\/author\/luzimara\/"}]}},"cc_featured_image_caption":{"caption_text":"(Marcello Casal Jr\/Ag\u00eancia Brasil)","source_text":"","source_url":""},"jetpack_featured_media_url":"https:\/\/jornalfatosenoticias.com.br\/wp-content\/uploads\/2020\/11\/previdencia_social_santos.jpg","_links":{"self":[{"href":"https:\/\/jornalfatosenoticias.com.br\/index.php\/wp-json\/wp\/v2\/posts\/11187","targetHints":{"allow":["GET"]}}],"collection":[{"href":"https:\/\/jornalfatosenoticias.com.br\/index.php\/wp-json\/wp\/v2\/posts"}],"about":[{"href":"https:\/\/jornalfatosenoticias.com.br\/index.php\/wp-json\/wp\/v2\/types\/post"}],"author":[{"embeddable":true,"href":"https:\/\/jornalfatosenoticias.com.br\/index.php\/wp-json\/wp\/v2\/users\/2"}],"replies":[{"embeddable":true,"href":"https:\/\/jornalfatosenoticias.com.br\/index.php\/wp-json\/wp\/v2\/comments?post=11187"}],"version-history":[{"count":0,"href":"https:\/\/jornalfatosenoticias.com.br\/index.php\/wp-json\/wp\/v2\/posts\/11187\/revisions"}],"wp:featuredmedia":[{"embeddable":true,"href":"https:\/\/jornalfatosenoticias.com.br\/index.php\/wp-json\/wp\/v2\/media\/11188"}],"wp:attachment":[{"href":"https:\/\/jornalfatosenoticias.com.br\/index.php\/wp-json\/wp\/v2\/media?parent=11187"}],"wp:term":[{"taxonomy":"category","embeddable":true,"href":"https:\/\/jornalfatosenoticias.com.br\/index.php\/wp-json\/wp\/v2\/categories?post=11187"},{"taxonomy":"post_tag","embeddable":true,"href":"https:\/\/jornalfatosenoticias.com.br\/index.php\/wp-json\/wp\/v2\/tags?post=11187"}],"curies":[{"name":"wp","href":"https:\/\/api.w.org\/{rel}","templated":true}]}}