{"id":11190,"date":"2020-11-16T10:56:50","date_gmt":"2020-11-16T13:56:50","guid":{"rendered":"https:\/\/jornalfatosenoticias.com.br\/?p=11190"},"modified":"2020-11-16T10:56:55","modified_gmt":"2020-11-16T13:56:55","slug":"foguete-spacex-segue-para-estacao-espacial-com-quatro-astronautas","status":"publish","type":"post","link":"https:\/\/jornalfatosenoticias.com.br\/index.php\/2020\/11\/16\/foguete-spacex-segue-para-estacao-espacial-com-quatro-astronautas\/","title":{"rendered":"Foguete SpaceX segue para esta\u00e7\u00e3o espacial com quatro astronautas"},"content":{"rendered":"\n<h6 class=\"wp-block-heading\"><em>Foguete foi lan\u00e7ado nesse domingo \u00e0 noite<\/em><\/h6>\n\n\n\n<p>Um foguete Falcon 9, que transporta a c\u00e1psula Dragon com quatro astronautas a bordo, foi lan\u00e7ado com \u00eaxito nesse domingo (15) rumo \u00e0 Esta\u00e7\u00e3o Espacial Internacional (EEI).<br>O lan\u00e7amento ocorreu \u00e0s 20h27 (00h27 em Lisboa) no Centro Espacial Kennedy, na Fl\u00f3rida (sudeste).<br>Menos de tr\u00eas minutos depois, a 90 quil\u00f4metros de altitude e quando o foguete atingia sete mil quil\u00f4metros por hora, o primeiro n\u00edvel separou-se, para regressar \u00e0 Terra e ser reutilizado.<br>O segundo n\u00edvel, com a c\u00e1psula, prosseguiu viagem, numa trajet\u00f3ria correta, anunciou a SpaceX.<br>Chamada Resilience, a c\u00e1psula dever\u00e1 chegar \u00e0s 4h de ter\u00e7a-feira \u00e0 EEI, na primeira miss\u00e3o tripulada operada pela companhia privada SpaceX, do empres\u00e1rio Elon Musk, e da ag\u00eancia aeroespacial norte-americana (Nasa) a partir de solo norte-americano.<br>Tr\u00eas astronautas norte-americanos, Michael Hopkins, Victor Glover e Shannon Walker, e um japon\u00eas, Soichi Noguchi, v\u00e3o demorar um pouco mais de 27 horas para chegar \u00e0 esta\u00e7\u00e3o, onde se encontram dois russos e uma norte-americana. Os quatro astronautas dever\u00e3o ficar seis meses na EEI.<br>Este primeiro &#8220;voo operacional&#8221; segue-se \u00e0 miss\u00e3o de demonstra\u00e7\u00e3o, realizada entre maio e agosto, durante a qual dois astronautas norte-americanos foram transportados para a EEI e de volta \u00e0 Terra sem problemas pela SpaceX.<br>A c\u00e1psula Dragon, da Space, \u00e9 o segundo aparelho atualmente capaz de viajar para a EEI, com a Soyuz russa, que desde 2011 tem transportado todos os residentes da esta\u00e7\u00e3o, depois do fim do programa do vaiv\u00e9m espacial norte-americano.<\/p>\n\n\n\n<p><em><strong>Cr\u00e9dito da foto:<\/strong> Reuters\/Joe Skipper\/Direitos Reservados<\/em><\/p>\n\n\n\n<p><strong><em>Fonte: <a href=\"https:\/\/agenciabrasil.ebc.com.br\/internacional\/noticia\/2020-11\/foguete-spacex-segue-para-estacao-espacial-com-quatro-astronautas\">Ag\u00eancia Brasil<\/a><\/em><\/strong><\/p>\n","protected":false},"excerpt":{"rendered":"<p>Foguete foi lan\u00e7ado nesse domingo \u00e0 noite Um foguete Falcon 9, que transporta a c\u00e1psula Dragon com quatro astronautas a bordo, foi lan\u00e7ado com \u00eaxito nesse domingo (15) rumo \u00e0 Esta\u00e7\u00e3o Espacial Internacional (EEI).O lan\u00e7amento ocorreu \u00e0s 20h27 (00h27 em Lisboa) no Centro Espacial Kennedy, na Fl\u00f3rida (sudeste).Menos de tr\u00eas minutos depois, a 90 quil\u00f4metros [&hellip;]<\/p>\n","protected":false},"author":2,"featured_media":11191,"comment_status":"open","ping_status":"open","sticky":false,"template":"","format":"standard","meta":{"footnotes":""},"categories":[41],"tags":[5919,3577,164,2425],"class_list":["post-11190","post","type-post","status-publish","format-standard","has-post-thumbnail","hentry","category-internacional","tag-foguete","tag-lancamento","tag-nasa","tag-spacex"],"yoast_head":"<!-- This site is optimized with the Yoast SEO plugin v26.5 - https:\/\/yoast.com\/wordpress\/plugins\/seo\/ -->\n<title>Foguete SpaceX segue para esta\u00e7\u00e3o espacial com quatro astronautas - Jornal Fatos e Not\u00edcias<\/title>\n<meta name=\"robots\" content=\"index, follow, max-snippet:-1, max-image-preview:large, max-video-preview:-1\" \/>\n<link rel=\"canonical\" href=\"https:\/\/jornalfatosenoticias.com.br\/index.php\/2020\/11\/16\/foguete-spacex-segue-para-estacao-espacial-com-quatro-astronautas\/\" \/>\n<meta property=\"og:locale\" content=\"pt_BR\" \/>\n<meta property=\"og:type\" content=\"article\" \/>\n<meta property=\"og:title\" content=\"Foguete SpaceX segue para esta\u00e7\u00e3o espacial com quatro astronautas - Jornal Fatos e Not\u00edcias\" \/>\n<meta property=\"og:description\" content=\"Foguete foi lan\u00e7ado nesse domingo \u00e0 noite Um foguete Falcon 9, que transporta a c\u00e1psula Dragon com quatro astronautas a bordo, foi lan\u00e7ado com \u00eaxito nesse domingo (15) rumo \u00e0 Esta\u00e7\u00e3o Espacial Internacional (EEI).O lan\u00e7amento ocorreu \u00e0s 20h27 (00h27 em Lisboa) no Centro Espacial Kennedy, na Fl\u00f3rida (sudeste).Menos de tr\u00eas minutos depois, a 90 quil\u00f4metros [&hellip;]\" \/>\n<meta property=\"og:url\" content=\"https:\/\/jornalfatosenoticias.com.br\/index.php\/2020\/11\/16\/foguete-spacex-segue-para-estacao-espacial-com-quatro-astronautas\/\" \/>\n<meta property=\"og:site_name\" content=\"Jornal Fatos e Not\u00edcias\" \/>\n<meta property=\"article:published_time\" content=\"2020-11-16T13:56:50+00:00\" \/>\n<meta property=\"article:modified_time\" content=\"2020-11-16T13:56:55+00:00\" \/>\n<meta property=\"og:image\" content=\"https:\/\/jornalfatosenoticias.com.br\/wp-content\/uploads\/2020\/11\/space-exploration-spacex.jpg\" \/>\n\t<meta property=\"og:image:width\" content=\"1000\" \/>\n\t<meta property=\"og:image:height\" content=\"598\" \/>\n\t<meta property=\"og:image:type\" content=\"image\/jpeg\" \/>\n<meta name=\"author\" content=\"Luzimara Fernandes\" \/>\n<meta name=\"twitter:card\" content=\"summary_large_image\" \/>\n<meta name=\"twitter:label1\" content=\"Escrito por\" \/>\n\t<meta name=\"twitter:data1\" content=\"Luzimara Fernandes\" \/>\n\t<meta name=\"twitter:label2\" content=\"Est. tempo de leitura\" \/>\n\t<meta name=\"twitter:data2\" content=\"1 minuto\" \/>\n<script type=\"application\/ld+json\" class=\"yoast-schema-graph\">{\"@context\":\"https:\/\/schema.org\",\"@graph\":[{\"@type\":\"Article\",\"@id\":\"https:\/\/jornalfatosenoticias.com.br\/index.php\/2020\/11\/16\/foguete-spacex-segue-para-estacao-espacial-com-quatro-astronautas\/#article\",\"isPartOf\":{\"@id\":\"https:\/\/jornalfatosenoticias.com.br\/index.php\/2020\/11\/16\/foguete-spacex-segue-para-estacao-espacial-com-quatro-astronautas\/\"},\"author\":{\"name\":\"Luzimara Fernandes\",\"@id\":\"https:\/\/jornalfatosenoticias.com.br\/#\/schema\/person\/d63837fa13ac8666eb9e74e0985d6f81\"},\"headline\":\"Foguete SpaceX segue para esta\u00e7\u00e3o espacial com quatro astronautas\",\"datePublished\":\"2020-11-16T13:56:50+00:00\",\"dateModified\":\"2020-11-16T13:56:55+00:00\",\"mainEntityOfPage\":{\"@id\":\"https:\/\/jornalfatosenoticias.com.br\/index.php\/2020\/11\/16\/foguete-spacex-segue-para-estacao-espacial-com-quatro-astronautas\/\"},\"wordCount\":285,\"commentCount\":0,\"publisher\":{\"@id\":\"https:\/\/jornalfatosenoticias.com.br\/#organization\"},\"image\":{\"@id\":\"https:\/\/jornalfatosenoticias.com.br\/index.php\/2020\/11\/16\/foguete-spacex-segue-para-estacao-espacial-com-quatro-astronautas\/#primaryimage\"},\"thumbnailUrl\":\"https:\/\/jornalfatosenoticias.com.br\/wp-content\/uploads\/2020\/11\/space-exploration-spacex.jpg\",\"keywords\":[\"foguete\",\"lan\u00e7amento\",\"Nasa\",\"SpaceX\"],\"articleSection\":[\"Internacional\"],\"inLanguage\":\"pt-BR\",\"potentialAction\":[{\"@type\":\"CommentAction\",\"name\":\"Comment\",\"target\":[\"https:\/\/jornalfatosenoticias.com.br\/index.php\/2020\/11\/16\/foguete-spacex-segue-para-estacao-espacial-com-quatro-astronautas\/#respond\"]}]},{\"@type\":\"WebPage\",\"@id\":\"https:\/\/jornalfatosenoticias.com.br\/index.php\/2020\/11\/16\/foguete-spacex-segue-para-estacao-espacial-com-quatro-astronautas\/\",\"url\":\"https:\/\/jornalfatosenoticias.com.br\/index.php\/2020\/11\/16\/foguete-spacex-segue-para-estacao-espacial-com-quatro-astronautas\/\",\"name\":\"Foguete SpaceX segue para esta\u00e7\u00e3o espacial com quatro astronautas - Jornal Fatos e Not\u00edcias\",\"isPartOf\":{\"@id\":\"https:\/\/jornalfatosenoticias.com.br\/#website\"},\"primaryImageOfPage\":{\"@id\":\"https:\/\/jornalfatosenoticias.com.br\/index.php\/2020\/11\/16\/foguete-spacex-segue-para-estacao-espacial-com-quatro-astronautas\/#primaryimage\"},\"image\":{\"@id\":\"https:\/\/jornalfatosenoticias.com.br\/index.php\/2020\/11\/16\/foguete-spacex-segue-para-estacao-espacial-com-quatro-astronautas\/#primaryimage\"},\"thumbnailUrl\":\"https:\/\/jornalfatosenoticias.com.br\/wp-content\/uploads\/2020\/11\/space-exploration-spacex.jpg\",\"datePublished\":\"2020-11-16T13:56:50+00:00\",\"dateModified\":\"2020-11-16T13:56:55+00:00\",\"breadcrumb\":{\"@id\":\"https:\/\/jornalfatosenoticias.com.br\/index.php\/2020\/11\/16\/foguete-spacex-segue-para-estacao-espacial-com-quatro-astronautas\/#breadcrumb\"},\"inLanguage\":\"pt-BR\",\"potentialAction\":[{\"@type\":\"ReadAction\",\"target\":[\"https:\/\/jornalfatosenoticias.com.br\/index.php\/2020\/11\/16\/foguete-spacex-segue-para-estacao-espacial-com-quatro-astronautas\/\"]}]},{\"@type\":\"ImageObject\",\"inLanguage\":\"pt-BR\",\"@id\":\"https:\/\/jornalfatosenoticias.com.br\/index.php\/2020\/11\/16\/foguete-spacex-segue-para-estacao-espacial-com-quatro-astronautas\/#primaryimage\",\"url\":\"https:\/\/jornalfatosenoticias.com.br\/wp-content\/uploads\/2020\/11\/space-exploration-spacex.jpg\",\"contentUrl\":\"https:\/\/jornalfatosenoticias.com.br\/wp-content\/uploads\/2020\/11\/space-exploration-spacex.jpg\",\"width\":1000,\"height\":598},{\"@type\":\"BreadcrumbList\",\"@id\":\"https:\/\/jornalfatosenoticias.com.br\/index.php\/2020\/11\/16\/foguete-spacex-segue-para-estacao-espacial-com-quatro-astronautas\/#breadcrumb\",\"itemListElement\":[{\"@type\":\"ListItem\",\"position\":1,\"name\":\"In\u00edcio\",\"item\":\"https:\/\/jornalfatosenoticias.com.br\/\"},{\"@type\":\"ListItem\",\"position\":2,\"name\":\"Foguete SpaceX segue para esta\u00e7\u00e3o espacial com quatro astronautas\"}]},{\"@type\":\"WebSite\",\"@id\":\"https:\/\/jornalfatosenoticias.com.br\/#website\",\"url\":\"https:\/\/jornalfatosenoticias.com.br\/\",\"name\":\"Jornal Fatos e Not\u00edcias\",\"description\":\"Not\u00edcias em geral\",\"publisher\":{\"@id\":\"https:\/\/jornalfatosenoticias.com.br\/#organization\"},\"potentialAction\":[{\"@type\":\"SearchAction\",\"target\":{\"@type\":\"EntryPoint\",\"urlTemplate\":\"https:\/\/jornalfatosenoticias.com.br\/?s={search_term_string}\"},\"query-input\":{\"@type\":\"PropertyValueSpecification\",\"valueRequired\":true,\"valueName\":\"search_term_string\"}}],\"inLanguage\":\"pt-BR\"},{\"@type\":\"Organization\",\"@id\":\"https:\/\/jornalfatosenoticias.com.br\/#organization\",\"name\":\"Jornal Fatos e Not\u00edcias\",\"url\":\"https:\/\/jornalfatosenoticias.com.br\/\",\"logo\":{\"@type\":\"ImageObject\",\"inLanguage\":\"pt-BR\",\"@id\":\"https:\/\/jornalfatosenoticias.com.br\/#\/schema\/logo\/image\/\",\"url\":\"https:\/\/jornalfatosenoticias.com.br\/wp-content\/uploads\/2020\/02\/logo120.png\",\"contentUrl\":\"https:\/\/jornalfatosenoticias.com.br\/wp-content\/uploads\/2020\/02\/logo120.png\",\"width\":1227,\"height\":120,\"caption\":\"Jornal Fatos e Not\u00edcias\"},\"image\":{\"@id\":\"https:\/\/jornalfatosenoticias.com.br\/#\/schema\/logo\/image\/\"}},{\"@type\":\"Person\",\"@id\":\"https:\/\/jornalfatosenoticias.com.br\/#\/schema\/person\/d63837fa13ac8666eb9e74e0985d6f81\",\"name\":\"Luzimara Fernandes\",\"image\":{\"@type\":\"ImageObject\",\"inLanguage\":\"pt-BR\",\"@id\":\"https:\/\/jornalfatosenoticias.com.br\/#\/schema\/person\/image\/\",\"url\":\"https:\/\/jornalfatosenoticias.com.br\/wp-content\/uploads\/2025\/05\/EU_portal.jpg\",\"contentUrl\":\"https:\/\/jornalfatosenoticias.com.br\/wp-content\/uploads\/2025\/05\/EU_portal.jpg\",\"caption\":\"Luzimara Fernandes\"},\"description\":\"Jornalista MTB 2358-ES\",\"sameAs\":[\"https:\/\/jornalfatosenoticias.com.br\"],\"url\":\"https:\/\/jornalfatosenoticias.com.br\/index.php\/author\/luzimara\/\"}]}<\/script>\n<!-- \/ Yoast SEO plugin. -->","yoast_head_json":{"title":"Foguete SpaceX segue para esta\u00e7\u00e3o espacial com quatro astronautas - Jornal Fatos e Not\u00edcias","robots":{"index":"index","follow":"follow","max-snippet":"max-snippet:-1","max-image-preview":"max-image-preview:large","max-video-preview":"max-video-preview:-1"},"canonical":"https:\/\/jornalfatosenoticias.com.br\/index.php\/2020\/11\/16\/foguete-spacex-segue-para-estacao-espacial-com-quatro-astronautas\/","og_locale":"pt_BR","og_type":"article","og_title":"Foguete SpaceX segue para esta\u00e7\u00e3o espacial com quatro astronautas - Jornal Fatos e Not\u00edcias","og_description":"Foguete foi lan\u00e7ado nesse domingo \u00e0 noite Um foguete Falcon 9, que transporta a c\u00e1psula Dragon com quatro astronautas a bordo, foi lan\u00e7ado com \u00eaxito nesse domingo (15) rumo \u00e0 Esta\u00e7\u00e3o Espacial Internacional (EEI).O lan\u00e7amento ocorreu \u00e0s 20h27 (00h27 em Lisboa) no Centro Espacial Kennedy, na Fl\u00f3rida (sudeste).Menos de tr\u00eas minutos depois, a 90 quil\u00f4metros [&hellip;]","og_url":"https:\/\/jornalfatosenoticias.com.br\/index.php\/2020\/11\/16\/foguete-spacex-segue-para-estacao-espacial-com-quatro-astronautas\/","og_site_name":"Jornal Fatos e Not\u00edcias","article_published_time":"2020-11-16T13:56:50+00:00","article_modified_time":"2020-11-16T13:56:55+00:00","og_image":[{"width":1000,"height":598,"url":"https:\/\/jornalfatosenoticias.com.br\/wp-content\/uploads\/2020\/11\/space-exploration-spacex.jpg","type":"image\/jpeg"}],"author":"Luzimara Fernandes","twitter_card":"summary_large_image","twitter_misc":{"Escrito por":"Luzimara Fernandes","Est. tempo de leitura":"1 minuto"},"schema":{"@context":"https:\/\/schema.org","@graph":[{"@type":"Article","@id":"https:\/\/jornalfatosenoticias.com.br\/index.php\/2020\/11\/16\/foguete-spacex-segue-para-estacao-espacial-com-quatro-astronautas\/#article","isPartOf":{"@id":"https:\/\/jornalfatosenoticias.com.br\/index.php\/2020\/11\/16\/foguete-spacex-segue-para-estacao-espacial-com-quatro-astronautas\/"},"author":{"name":"Luzimara Fernandes","@id":"https:\/\/jornalfatosenoticias.com.br\/#\/schema\/person\/d63837fa13ac8666eb9e74e0985d6f81"},"headline":"Foguete SpaceX segue para esta\u00e7\u00e3o espacial com quatro astronautas","datePublished":"2020-11-16T13:56:50+00:00","dateModified":"2020-11-16T13:56:55+00:00","mainEntityOfPage":{"@id":"https:\/\/jornalfatosenoticias.com.br\/index.php\/2020\/11\/16\/foguete-spacex-segue-para-estacao-espacial-com-quatro-astronautas\/"},"wordCount":285,"commentCount":0,"publisher":{"@id":"https:\/\/jornalfatosenoticias.com.br\/#organization"},"image":{"@id":"https:\/\/jornalfatosenoticias.com.br\/index.php\/2020\/11\/16\/foguete-spacex-segue-para-estacao-espacial-com-quatro-astronautas\/#primaryimage"},"thumbnailUrl":"https:\/\/jornalfatosenoticias.com.br\/wp-content\/uploads\/2020\/11\/space-exploration-spacex.jpg","keywords":["foguete","lan\u00e7amento","Nasa","SpaceX"],"articleSection":["Internacional"],"inLanguage":"pt-BR","potentialAction":[{"@type":"CommentAction","name":"Comment","target":["https:\/\/jornalfatosenoticias.com.br\/index.php\/2020\/11\/16\/foguete-spacex-segue-para-estacao-espacial-com-quatro-astronautas\/#respond"]}]},{"@type":"WebPage","@id":"https:\/\/jornalfatosenoticias.com.br\/index.php\/2020\/11\/16\/foguete-spacex-segue-para-estacao-espacial-com-quatro-astronautas\/","url":"https:\/\/jornalfatosenoticias.com.br\/index.php\/2020\/11\/16\/foguete-spacex-segue-para-estacao-espacial-com-quatro-astronautas\/","name":"Foguete SpaceX segue para esta\u00e7\u00e3o espacial com quatro astronautas - Jornal Fatos e Not\u00edcias","isPartOf":{"@id":"https:\/\/jornalfatosenoticias.com.br\/#website"},"primaryImageOfPage":{"@id":"https:\/\/jornalfatosenoticias.com.br\/index.php\/2020\/11\/16\/foguete-spacex-segue-para-estacao-espacial-com-quatro-astronautas\/#primaryimage"},"image":{"@id":"https:\/\/jornalfatosenoticias.com.br\/index.php\/2020\/11\/16\/foguete-spacex-segue-para-estacao-espacial-com-quatro-astronautas\/#primaryimage"},"thumbnailUrl":"https:\/\/jornalfatosenoticias.com.br\/wp-content\/uploads\/2020\/11\/space-exploration-spacex.jpg","datePublished":"2020-11-16T13:56:50+00:00","dateModified":"2020-11-16T13:56:55+00:00","breadcrumb":{"@id":"https:\/\/jornalfatosenoticias.com.br\/index.php\/2020\/11\/16\/foguete-spacex-segue-para-estacao-espacial-com-quatro-astronautas\/#breadcrumb"},"inLanguage":"pt-BR","potentialAction":[{"@type":"ReadAction","target":["https:\/\/jornalfatosenoticias.com.br\/index.php\/2020\/11\/16\/foguete-spacex-segue-para-estacao-espacial-com-quatro-astronautas\/"]}]},{"@type":"ImageObject","inLanguage":"pt-BR","@id":"https:\/\/jornalfatosenoticias.com.br\/index.php\/2020\/11\/16\/foguete-spacex-segue-para-estacao-espacial-com-quatro-astronautas\/#primaryimage","url":"https:\/\/jornalfatosenoticias.com.br\/wp-content\/uploads\/2020\/11\/space-exploration-spacex.jpg","contentUrl":"https:\/\/jornalfatosenoticias.com.br\/wp-content\/uploads\/2020\/11\/space-exploration-spacex.jpg","width":1000,"height":598},{"@type":"BreadcrumbList","@id":"https:\/\/jornalfatosenoticias.com.br\/index.php\/2020\/11\/16\/foguete-spacex-segue-para-estacao-espacial-com-quatro-astronautas\/#breadcrumb","itemListElement":[{"@type":"ListItem","position":1,"name":"In\u00edcio","item":"https:\/\/jornalfatosenoticias.com.br\/"},{"@type":"ListItem","position":2,"name":"Foguete SpaceX segue para esta\u00e7\u00e3o espacial com quatro astronautas"}]},{"@type":"WebSite","@id":"https:\/\/jornalfatosenoticias.com.br\/#website","url":"https:\/\/jornalfatosenoticias.com.br\/","name":"Jornal Fatos e Not\u00edcias","description":"Not\u00edcias em geral","publisher":{"@id":"https:\/\/jornalfatosenoticias.com.br\/#organization"},"potentialAction":[{"@type":"SearchAction","target":{"@type":"EntryPoint","urlTemplate":"https:\/\/jornalfatosenoticias.com.br\/?s={search_term_string}"},"query-input":{"@type":"PropertyValueSpecification","valueRequired":true,"valueName":"search_term_string"}}],"inLanguage":"pt-BR"},{"@type":"Organization","@id":"https:\/\/jornalfatosenoticias.com.br\/#organization","name":"Jornal Fatos e Not\u00edcias","url":"https:\/\/jornalfatosenoticias.com.br\/","logo":{"@type":"ImageObject","inLanguage":"pt-BR","@id":"https:\/\/jornalfatosenoticias.com.br\/#\/schema\/logo\/image\/","url":"https:\/\/jornalfatosenoticias.com.br\/wp-content\/uploads\/2020\/02\/logo120.png","contentUrl":"https:\/\/jornalfatosenoticias.com.br\/wp-content\/uploads\/2020\/02\/logo120.png","width":1227,"height":120,"caption":"Jornal Fatos e Not\u00edcias"},"image":{"@id":"https:\/\/jornalfatosenoticias.com.br\/#\/schema\/logo\/image\/"}},{"@type":"Person","@id":"https:\/\/jornalfatosenoticias.com.br\/#\/schema\/person\/d63837fa13ac8666eb9e74e0985d6f81","name":"Luzimara Fernandes","image":{"@type":"ImageObject","inLanguage":"pt-BR","@id":"https:\/\/jornalfatosenoticias.com.br\/#\/schema\/person\/image\/","url":"https:\/\/jornalfatosenoticias.com.br\/wp-content\/uploads\/2025\/05\/EU_portal.jpg","contentUrl":"https:\/\/jornalfatosenoticias.com.br\/wp-content\/uploads\/2025\/05\/EU_portal.jpg","caption":"Luzimara Fernandes"},"description":"Jornalista MTB 2358-ES","sameAs":["https:\/\/jornalfatosenoticias.com.br"],"url":"https:\/\/jornalfatosenoticias.com.br\/index.php\/author\/luzimara\/"}]}},"cc_featured_image_caption":{"caption_text":"","source_text":"","source_url":""},"jetpack_featured_media_url":"https:\/\/jornalfatosenoticias.com.br\/wp-content\/uploads\/2020\/11\/space-exploration-spacex.jpg","_links":{"self":[{"href":"https:\/\/jornalfatosenoticias.com.br\/index.php\/wp-json\/wp\/v2\/posts\/11190","targetHints":{"allow":["GET"]}}],"collection":[{"href":"https:\/\/jornalfatosenoticias.com.br\/index.php\/wp-json\/wp\/v2\/posts"}],"about":[{"href":"https:\/\/jornalfatosenoticias.com.br\/index.php\/wp-json\/wp\/v2\/types\/post"}],"author":[{"embeddable":true,"href":"https:\/\/jornalfatosenoticias.com.br\/index.php\/wp-json\/wp\/v2\/users\/2"}],"replies":[{"embeddable":true,"href":"https:\/\/jornalfatosenoticias.com.br\/index.php\/wp-json\/wp\/v2\/comments?post=11190"}],"version-history":[{"count":0,"href":"https:\/\/jornalfatosenoticias.com.br\/index.php\/wp-json\/wp\/v2\/posts\/11190\/revisions"}],"wp:featuredmedia":[{"embeddable":true,"href":"https:\/\/jornalfatosenoticias.com.br\/index.php\/wp-json\/wp\/v2\/media\/11191"}],"wp:attachment":[{"href":"https:\/\/jornalfatosenoticias.com.br\/index.php\/wp-json\/wp\/v2\/media?parent=11190"}],"wp:term":[{"taxonomy":"category","embeddable":true,"href":"https:\/\/jornalfatosenoticias.com.br\/index.php\/wp-json\/wp\/v2\/categories?post=11190"},{"taxonomy":"post_tag","embeddable":true,"href":"https:\/\/jornalfatosenoticias.com.br\/index.php\/wp-json\/wp\/v2\/tags?post=11190"}],"curies":[{"name":"wp","href":"https:\/\/api.w.org\/{rel}","templated":true}]}}