{"id":1120,"date":"2020-02-17T13:51:13","date_gmt":"2020-02-17T16:51:13","guid":{"rendered":"https:\/\/jornalfatosenoticias.com.br\/?p=1120"},"modified":"2020-02-17T13:51:14","modified_gmt":"2020-02-17T16:51:14","slug":"shoppings-brasileiros-exibem-curta-em-realidade-virtual-premiado-em-veneza","status":"publish","type":"post","link":"https:\/\/jornalfatosenoticias.com.br\/index.php\/2020\/02\/17\/shoppings-brasileiros-exibem-curta-em-realidade-virtual-premiado-em-veneza\/","title":{"rendered":"Shoppings brasileiros exibem curta em realidade virtual premiado em Veneza"},"content":{"rendered":"\n<p><em>Experi\u00eancia imersiva est\u00e1 dispon\u00edvel em S\u00e3o Paulo e Curitiba. P\u00fablico pode interagir com a hist\u00f3ria de amor entre um entregador de jornais e uma florista, narrada por Rodrigo Santoro<\/em><\/p>\n\n\n\n<p>O Voyager, espa\u00e7o em S\u00e3o Paulo e Curitiba especializado em realidade virtual, traz para seu cat\u00e1logo uma experi\u00eancia diferente: A Linha, curta-metragem no qual o espectador pode fazer parte da hist\u00f3ria. O filme tem como pano de fundo uma maquete da cidade de S\u00e3o Paulo dos anos 1940, que ambienta o romance entre Pedro, um entregador de jornal, e Rosa, uma florista.<br>\nNo curta, Pedro segue a mesma rotina todos os dias, entregando flores para Rosa numa tentativa de se declarar para ela. At\u00e9 que, um dia, ele resolve mudar a estrat\u00e9gia e, consequentemente, toda sua vida. Com 15 minutos, a experi\u00eancia est\u00e1 dispon\u00edvel em portugu\u00eas e ingl\u00eas (com narra\u00e7\u00e3o de Rodrigo Santoro no idioma estrangeiro).<br>\n&#8220;O filme tem duas camadas: a primeira \u00e9 uma hist\u00f3ria de amor e a segunda fala sobre pequenas mudan\u00e7as no cotidiano que podem transformar nossos rumos. O curta questiona o trilho em que andamos todos os dias&#8221;, conta o diretor do curta, Ricardo Laganaro, \u00e0 Galileu.<br>\nProduzido pelo est\u00fadio ARVORE, o curta foi vencedor da categoria de realidade virtual do 76\u00ba Festival Internacional de Cinema de Veneza, que aconteceu entre agosto e setembro de 2019. &#8220;O pr\u00eamio provou que, com uma equipe brasileira, \u00e9 poss\u00edvel contar uma hist\u00f3ria que ganha um festival desse n\u00edvel. Isso mostra que estamos crescendo junto com o mercado internacional e desenvolvendo a tecnologia necess\u00e1ria para sermos protagonistas no assunto&#8221;, declara Ricardo.<br>\nPara Rodrigo Terra, s\u00f3cio-fundador do Voyager e do ARVORE, a realidade virtual \u00e9 uma nova forma de contar hist\u00f3rias. &#8220;O diferencial entre o cinema, a televis\u00e3o e o VR [sigla em ingl\u00eas para realidade virtual] \u00e9 que esse \u00faltimo possibilita a intera\u00e7\u00e3o entre o corpo e a experi\u00eancia. Em rela\u00e7\u00e3o ao [curta] A Linha, nossa expectativa \u00e9 que o p\u00fablico seja tocado pela sensibilidade da narrativa&#8221;, diz. <\/p>\n\n\n\n<figure class=\"wp-block-image size-large\"><img loading=\"lazy\" decoding=\"async\" width=\"1024\" height=\"576\" src=\"https:\/\/jornalfatosenoticias.com.br\/wp-content\/uploads\/2020\/02\/Curta_A-Linha-1024x576.jpg\" alt=\"\" class=\"wp-image-1121\" srcset=\"https:\/\/jornalfatosenoticias.com.br\/wp-content\/uploads\/2020\/02\/Curta_A-Linha-1024x576.jpg 1024w, https:\/\/jornalfatosenoticias.com.br\/wp-content\/uploads\/2020\/02\/Curta_A-Linha-300x169.jpg 300w, https:\/\/jornalfatosenoticias.com.br\/wp-content\/uploads\/2020\/02\/Curta_A-Linha-768x432.jpg 768w, https:\/\/jornalfatosenoticias.com.br\/wp-content\/uploads\/2020\/02\/Curta_A-Linha-1536x864.jpg 1536w, https:\/\/jornalfatosenoticias.com.br\/wp-content\/uploads\/2020\/02\/Curta_A-Linha.jpg 1920w\" sizes=\"auto, (max-width: 1024px) 100vw, 1024px\" \/><figcaption>O filme &#8220;A Linha&#8221; \u00e9 uma experi\u00eancia de realidade virtual (Foto: Divulga\u00e7\u00e3o)<\/figcaption><\/figure>\n\n\n\n<h2 class=\"wp-block-heading\">Testamos<\/h2>\n\n\n\n<p>A hist\u00f3ria de amor entre Pedro e Rosa \u00e9 realmente instigante. O espectador interage com a maquete ajudando o jovem entregador a cumprir seu destino por meio de bot\u00f5es e alavancas. Sua miss\u00e3o \u00e9 fazer com que ele conclua a rota e chegue at\u00e9 a florista amada.<br>\nAo longo do filme, n\u00e3o \u00e9 poss\u00edvel ficar parado: \u00e9 preciso sentar, levantar e abaixar para acompanhar os movimentos de Pedro e conseguir ajud\u00e1-lo. Tudo \u00e9 guiado pela narra\u00e7\u00e3o, que transporta o &#8220;jogador&#8221; para dentro da hist\u00f3ria.<\/p>\n\n\n\n<figure class=\"wp-block-image size-large\"><img loading=\"lazy\" decoding=\"async\" width=\"1024\" height=\"576\" src=\"https:\/\/jornalfatosenoticias.com.br\/wp-content\/uploads\/2020\/02\/Curta_A-Linha2-1024x576.jpg\" alt=\"\" class=\"wp-image-1122\" srcset=\"https:\/\/jornalfatosenoticias.com.br\/wp-content\/uploads\/2020\/02\/Curta_A-Linha2-1024x576.jpg 1024w, https:\/\/jornalfatosenoticias.com.br\/wp-content\/uploads\/2020\/02\/Curta_A-Linha2-300x169.jpg 300w, https:\/\/jornalfatosenoticias.com.br\/wp-content\/uploads\/2020\/02\/Curta_A-Linha2-768x432.jpg 768w, https:\/\/jornalfatosenoticias.com.br\/wp-content\/uploads\/2020\/02\/Curta_A-Linha2-1536x864.jpg 1536w, https:\/\/jornalfatosenoticias.com.br\/wp-content\/uploads\/2020\/02\/Curta_A-Linha2.jpg 1920w\" sizes=\"auto, (max-width: 1024px) 100vw, 1024px\" \/><figcaption>O cen\u00e1rio da experi\u00eancia \u00e9 a S\u00e3o Paulo dos anos 1940 (Foto: Divulga\u00e7\u00e3o)<\/figcaption><\/figure>\n\n\n\n<h2 class=\"wp-block-heading\">Servi\u00e7o<\/h2>\n\n\n\n<p>Al\u00e9m do filme, o Voyager conta com cerca de 30 experi\u00eancias. Entre elas, sucessos como os jogos de m\u00fasica Beat Saber e Superhot VR, al\u00e9m de games de luta, simuladores de corrida e experi\u00eancias de escape room com realidade virtual baseadas no universo de Assassin\u2019s Creed.<br> Os visitantes das unidades dos shoppings JK Iguatemi, em S\u00e3o Paulo, e P\u00e1tio Batel, em Curitiba, podem acessar os espa\u00e7os por pre\u00e7os a partir de R$ 19,90, que d\u00e1 direito a 15 minutos de experimenta\u00e7\u00e3o (exceto jogos de escape room em VR), de segunda a quinta. Os valores variam de acordo com o dia da semana, do tipo de experi\u00eancia e do tempo de perman\u00eancia na unidade. <\/p>\n\n\n\n<figure class=\"wp-block-image size-large\"><img loading=\"lazy\" decoding=\"async\" width=\"1024\" height=\"576\" src=\"https:\/\/jornalfatosenoticias.com.br\/wp-content\/uploads\/2020\/02\/a_linha_3-1024x576.jpg\" alt=\"\" class=\"wp-image-1123\" srcset=\"https:\/\/jornalfatosenoticias.com.br\/wp-content\/uploads\/2020\/02\/a_linha_3-1024x576.jpg 1024w, https:\/\/jornalfatosenoticias.com.br\/wp-content\/uploads\/2020\/02\/a_linha_3-300x169.jpg 300w, https:\/\/jornalfatosenoticias.com.br\/wp-content\/uploads\/2020\/02\/a_linha_3-768x432.jpg 768w, https:\/\/jornalfatosenoticias.com.br\/wp-content\/uploads\/2020\/02\/a_linha_3-1536x864.jpg 1536w, https:\/\/jornalfatosenoticias.com.br\/wp-content\/uploads\/2020\/02\/a_linha_3.jpg 1920w\" sizes=\"auto, (max-width: 1024px) 100vw, 1024px\" \/><figcaption>Em A Linha, Rosa se apaixona por Pedro, que lhe entrega flores amarelas todos os dias (Foto: Divulga\u00e7\u00e3o)<\/figcaption><\/figure>\n\n\n\n<p><strong><em>Fonte: Galileu.com<\/em><\/strong><\/p>\n","protected":false},"excerpt":{"rendered":"<p>Experi\u00eancia imersiva est\u00e1 dispon\u00edvel em S\u00e3o Paulo e Curitiba. P\u00fablico pode interagir com a hist\u00f3ria de amor entre um entregador de jornais e uma florista, narrada por Rodrigo Santoro O Voyager, espa\u00e7o em S\u00e3o Paulo e Curitiba especializado em realidade virtual, traz para seu cat\u00e1logo uma experi\u00eancia diferente: A Linha, curta-metragem no qual o espectador [&hellip;]<\/p>\n","protected":false},"author":2,"featured_media":1121,"comment_status":"open","ping_status":"open","sticky":false,"template":"","format":"standard","meta":{"footnotes":""},"categories":[4,3],"tags":[],"class_list":["post-1120","post","type-post","status-publish","format-standard","has-post-thumbnail","hentry","category-cultura","category-tecnologia"],"yoast_head":"<!-- This site is optimized with the Yoast SEO plugin v26.5 - https:\/\/yoast.com\/wordpress\/plugins\/seo\/ -->\n<title>Shoppings brasileiros exibem curta em realidade virtual premiado em Veneza - Jornal Fatos e Not\u00edcias<\/title>\n<meta name=\"robots\" content=\"index, follow, max-snippet:-1, max-image-preview:large, max-video-preview:-1\" \/>\n<link rel=\"canonical\" href=\"https:\/\/jornalfatosenoticias.com.br\/index.php\/2020\/02\/17\/shoppings-brasileiros-exibem-curta-em-realidade-virtual-premiado-em-veneza\/\" \/>\n<meta property=\"og:locale\" content=\"pt_BR\" \/>\n<meta property=\"og:type\" content=\"article\" \/>\n<meta property=\"og:title\" content=\"Shoppings brasileiros exibem curta em realidade virtual premiado em Veneza - Jornal Fatos e Not\u00edcias\" \/>\n<meta property=\"og:description\" content=\"Experi\u00eancia imersiva est\u00e1 dispon\u00edvel em S\u00e3o Paulo e Curitiba. P\u00fablico pode interagir com a hist\u00f3ria de amor entre um entregador de jornais e uma florista, narrada por Rodrigo Santoro O Voyager, espa\u00e7o em S\u00e3o Paulo e Curitiba especializado em realidade virtual, traz para seu cat\u00e1logo uma experi\u00eancia diferente: A Linha, curta-metragem no qual o espectador [&hellip;]\" \/>\n<meta property=\"og:url\" content=\"https:\/\/jornalfatosenoticias.com.br\/index.php\/2020\/02\/17\/shoppings-brasileiros-exibem-curta-em-realidade-virtual-premiado-em-veneza\/\" \/>\n<meta property=\"og:site_name\" content=\"Jornal Fatos e Not\u00edcias\" \/>\n<meta property=\"article:published_time\" content=\"2020-02-17T16:51:13+00:00\" \/>\n<meta property=\"article:modified_time\" content=\"2020-02-17T16:51:14+00:00\" \/>\n<meta property=\"og:image\" content=\"https:\/\/jornalfatosenoticias.com.br\/wp-content\/uploads\/2020\/02\/Curta_A-Linha.jpg\" \/>\n\t<meta property=\"og:image:width\" content=\"1920\" \/>\n\t<meta property=\"og:image:height\" content=\"1080\" \/>\n\t<meta property=\"og:image:type\" content=\"image\/jpeg\" \/>\n<meta name=\"author\" content=\"Luzimara Fernandes\" \/>\n<meta name=\"twitter:card\" content=\"summary_large_image\" \/>\n<meta name=\"twitter:label1\" content=\"Escrito por\" \/>\n\t<meta name=\"twitter:data1\" content=\"Luzimara Fernandes\" \/>\n\t<meta name=\"twitter:label2\" content=\"Est. tempo de leitura\" \/>\n\t<meta name=\"twitter:data2\" content=\"3 minutos\" \/>\n<script type=\"application\/ld+json\" class=\"yoast-schema-graph\">{\"@context\":\"https:\/\/schema.org\",\"@graph\":[{\"@type\":\"Article\",\"@id\":\"https:\/\/jornalfatosenoticias.com.br\/index.php\/2020\/02\/17\/shoppings-brasileiros-exibem-curta-em-realidade-virtual-premiado-em-veneza\/#article\",\"isPartOf\":{\"@id\":\"https:\/\/jornalfatosenoticias.com.br\/index.php\/2020\/02\/17\/shoppings-brasileiros-exibem-curta-em-realidade-virtual-premiado-em-veneza\/\"},\"author\":{\"name\":\"Luzimara Fernandes\",\"@id\":\"https:\/\/jornalfatosenoticias.com.br\/#\/schema\/person\/d63837fa13ac8666eb9e74e0985d6f81\"},\"headline\":\"Shoppings brasileiros exibem curta em realidade virtual premiado em Veneza\",\"datePublished\":\"2020-02-17T16:51:13+00:00\",\"dateModified\":\"2020-02-17T16:51:14+00:00\",\"mainEntityOfPage\":{\"@id\":\"https:\/\/jornalfatosenoticias.com.br\/index.php\/2020\/02\/17\/shoppings-brasileiros-exibem-curta-em-realidade-virtual-premiado-em-veneza\/\"},\"wordCount\":624,\"commentCount\":0,\"publisher\":{\"@id\":\"https:\/\/jornalfatosenoticias.com.br\/#organization\"},\"image\":{\"@id\":\"https:\/\/jornalfatosenoticias.com.br\/index.php\/2020\/02\/17\/shoppings-brasileiros-exibem-curta-em-realidade-virtual-premiado-em-veneza\/#primaryimage\"},\"thumbnailUrl\":\"https:\/\/jornalfatosenoticias.com.br\/wp-content\/uploads\/2020\/02\/Curta_A-Linha.jpg\",\"articleSection\":[\"Cultura\",\"Tecnologia &amp; Inova\u00e7\u00e3o\"],\"inLanguage\":\"pt-BR\",\"potentialAction\":[{\"@type\":\"CommentAction\",\"name\":\"Comment\",\"target\":[\"https:\/\/jornalfatosenoticias.com.br\/index.php\/2020\/02\/17\/shoppings-brasileiros-exibem-curta-em-realidade-virtual-premiado-em-veneza\/#respond\"]}]},{\"@type\":\"WebPage\",\"@id\":\"https:\/\/jornalfatosenoticias.com.br\/index.php\/2020\/02\/17\/shoppings-brasileiros-exibem-curta-em-realidade-virtual-premiado-em-veneza\/\",\"url\":\"https:\/\/jornalfatosenoticias.com.br\/index.php\/2020\/02\/17\/shoppings-brasileiros-exibem-curta-em-realidade-virtual-premiado-em-veneza\/\",\"name\":\"Shoppings brasileiros exibem curta em realidade virtual premiado em Veneza - Jornal Fatos e Not\u00edcias\",\"isPartOf\":{\"@id\":\"https:\/\/jornalfatosenoticias.com.br\/#website\"},\"primaryImageOfPage\":{\"@id\":\"https:\/\/jornalfatosenoticias.com.br\/index.php\/2020\/02\/17\/shoppings-brasileiros-exibem-curta-em-realidade-virtual-premiado-em-veneza\/#primaryimage\"},\"image\":{\"@id\":\"https:\/\/jornalfatosenoticias.com.br\/index.php\/2020\/02\/17\/shoppings-brasileiros-exibem-curta-em-realidade-virtual-premiado-em-veneza\/#primaryimage\"},\"thumbnailUrl\":\"https:\/\/jornalfatosenoticias.com.br\/wp-content\/uploads\/2020\/02\/Curta_A-Linha.jpg\",\"datePublished\":\"2020-02-17T16:51:13+00:00\",\"dateModified\":\"2020-02-17T16:51:14+00:00\",\"breadcrumb\":{\"@id\":\"https:\/\/jornalfatosenoticias.com.br\/index.php\/2020\/02\/17\/shoppings-brasileiros-exibem-curta-em-realidade-virtual-premiado-em-veneza\/#breadcrumb\"},\"inLanguage\":\"pt-BR\",\"potentialAction\":[{\"@type\":\"ReadAction\",\"target\":[\"https:\/\/jornalfatosenoticias.com.br\/index.php\/2020\/02\/17\/shoppings-brasileiros-exibem-curta-em-realidade-virtual-premiado-em-veneza\/\"]}]},{\"@type\":\"ImageObject\",\"inLanguage\":\"pt-BR\",\"@id\":\"https:\/\/jornalfatosenoticias.com.br\/index.php\/2020\/02\/17\/shoppings-brasileiros-exibem-curta-em-realidade-virtual-premiado-em-veneza\/#primaryimage\",\"url\":\"https:\/\/jornalfatosenoticias.com.br\/wp-content\/uploads\/2020\/02\/Curta_A-Linha.jpg\",\"contentUrl\":\"https:\/\/jornalfatosenoticias.com.br\/wp-content\/uploads\/2020\/02\/Curta_A-Linha.jpg\",\"width\":1920,\"height\":1080},{\"@type\":\"BreadcrumbList\",\"@id\":\"https:\/\/jornalfatosenoticias.com.br\/index.php\/2020\/02\/17\/shoppings-brasileiros-exibem-curta-em-realidade-virtual-premiado-em-veneza\/#breadcrumb\",\"itemListElement\":[{\"@type\":\"ListItem\",\"position\":1,\"name\":\"In\u00edcio\",\"item\":\"https:\/\/jornalfatosenoticias.com.br\/\"},{\"@type\":\"ListItem\",\"position\":2,\"name\":\"Shoppings brasileiros exibem curta em realidade virtual premiado em Veneza\"}]},{\"@type\":\"WebSite\",\"@id\":\"https:\/\/jornalfatosenoticias.com.br\/#website\",\"url\":\"https:\/\/jornalfatosenoticias.com.br\/\",\"name\":\"Jornal Fatos e Not\u00edcias\",\"description\":\"Not\u00edcias em geral\",\"publisher\":{\"@id\":\"https:\/\/jornalfatosenoticias.com.br\/#organization\"},\"potentialAction\":[{\"@type\":\"SearchAction\",\"target\":{\"@type\":\"EntryPoint\",\"urlTemplate\":\"https:\/\/jornalfatosenoticias.com.br\/?s={search_term_string}\"},\"query-input\":{\"@type\":\"PropertyValueSpecification\",\"valueRequired\":true,\"valueName\":\"search_term_string\"}}],\"inLanguage\":\"pt-BR\"},{\"@type\":\"Organization\",\"@id\":\"https:\/\/jornalfatosenoticias.com.br\/#organization\",\"name\":\"Jornal Fatos e Not\u00edcias\",\"url\":\"https:\/\/jornalfatosenoticias.com.br\/\",\"logo\":{\"@type\":\"ImageObject\",\"inLanguage\":\"pt-BR\",\"@id\":\"https:\/\/jornalfatosenoticias.com.br\/#\/schema\/logo\/image\/\",\"url\":\"https:\/\/jornalfatosenoticias.com.br\/wp-content\/uploads\/2020\/02\/logo120.png\",\"contentUrl\":\"https:\/\/jornalfatosenoticias.com.br\/wp-content\/uploads\/2020\/02\/logo120.png\",\"width\":1227,\"height\":120,\"caption\":\"Jornal Fatos e Not\u00edcias\"},\"image\":{\"@id\":\"https:\/\/jornalfatosenoticias.com.br\/#\/schema\/logo\/image\/\"}},{\"@type\":\"Person\",\"@id\":\"https:\/\/jornalfatosenoticias.com.br\/#\/schema\/person\/d63837fa13ac8666eb9e74e0985d6f81\",\"name\":\"Luzimara Fernandes\",\"image\":{\"@type\":\"ImageObject\",\"inLanguage\":\"pt-BR\",\"@id\":\"https:\/\/jornalfatosenoticias.com.br\/#\/schema\/person\/image\/\",\"url\":\"https:\/\/jornalfatosenoticias.com.br\/wp-content\/uploads\/2025\/05\/EU_portal.jpg\",\"contentUrl\":\"https:\/\/jornalfatosenoticias.com.br\/wp-content\/uploads\/2025\/05\/EU_portal.jpg\",\"caption\":\"Luzimara Fernandes\"},\"description\":\"Jornalista MTB 2358-ES\",\"sameAs\":[\"https:\/\/jornalfatosenoticias.com.br\"],\"url\":\"https:\/\/jornalfatosenoticias.com.br\/index.php\/author\/luzimara\/\"}]}<\/script>\n<!-- \/ Yoast SEO plugin. -->","yoast_head_json":{"title":"Shoppings brasileiros exibem curta em realidade virtual premiado em Veneza - Jornal Fatos e Not\u00edcias","robots":{"index":"index","follow":"follow","max-snippet":"max-snippet:-1","max-image-preview":"max-image-preview:large","max-video-preview":"max-video-preview:-1"},"canonical":"https:\/\/jornalfatosenoticias.com.br\/index.php\/2020\/02\/17\/shoppings-brasileiros-exibem-curta-em-realidade-virtual-premiado-em-veneza\/","og_locale":"pt_BR","og_type":"article","og_title":"Shoppings brasileiros exibem curta em realidade virtual premiado em Veneza - Jornal Fatos e Not\u00edcias","og_description":"Experi\u00eancia imersiva est\u00e1 dispon\u00edvel em S\u00e3o Paulo e Curitiba. P\u00fablico pode interagir com a hist\u00f3ria de amor entre um entregador de jornais e uma florista, narrada por Rodrigo Santoro O Voyager, espa\u00e7o em S\u00e3o Paulo e Curitiba especializado em realidade virtual, traz para seu cat\u00e1logo uma experi\u00eancia diferente: A Linha, curta-metragem no qual o espectador [&hellip;]","og_url":"https:\/\/jornalfatosenoticias.com.br\/index.php\/2020\/02\/17\/shoppings-brasileiros-exibem-curta-em-realidade-virtual-premiado-em-veneza\/","og_site_name":"Jornal Fatos e Not\u00edcias","article_published_time":"2020-02-17T16:51:13+00:00","article_modified_time":"2020-02-17T16:51:14+00:00","og_image":[{"width":1920,"height":1080,"url":"https:\/\/jornalfatosenoticias.com.br\/wp-content\/uploads\/2020\/02\/Curta_A-Linha.jpg","type":"image\/jpeg"}],"author":"Luzimara Fernandes","twitter_card":"summary_large_image","twitter_misc":{"Escrito por":"Luzimara Fernandes","Est. tempo de leitura":"3 minutos"},"schema":{"@context":"https:\/\/schema.org","@graph":[{"@type":"Article","@id":"https:\/\/jornalfatosenoticias.com.br\/index.php\/2020\/02\/17\/shoppings-brasileiros-exibem-curta-em-realidade-virtual-premiado-em-veneza\/#article","isPartOf":{"@id":"https:\/\/jornalfatosenoticias.com.br\/index.php\/2020\/02\/17\/shoppings-brasileiros-exibem-curta-em-realidade-virtual-premiado-em-veneza\/"},"author":{"name":"Luzimara Fernandes","@id":"https:\/\/jornalfatosenoticias.com.br\/#\/schema\/person\/d63837fa13ac8666eb9e74e0985d6f81"},"headline":"Shoppings brasileiros exibem curta em realidade virtual premiado em Veneza","datePublished":"2020-02-17T16:51:13+00:00","dateModified":"2020-02-17T16:51:14+00:00","mainEntityOfPage":{"@id":"https:\/\/jornalfatosenoticias.com.br\/index.php\/2020\/02\/17\/shoppings-brasileiros-exibem-curta-em-realidade-virtual-premiado-em-veneza\/"},"wordCount":624,"commentCount":0,"publisher":{"@id":"https:\/\/jornalfatosenoticias.com.br\/#organization"},"image":{"@id":"https:\/\/jornalfatosenoticias.com.br\/index.php\/2020\/02\/17\/shoppings-brasileiros-exibem-curta-em-realidade-virtual-premiado-em-veneza\/#primaryimage"},"thumbnailUrl":"https:\/\/jornalfatosenoticias.com.br\/wp-content\/uploads\/2020\/02\/Curta_A-Linha.jpg","articleSection":["Cultura","Tecnologia &amp; Inova\u00e7\u00e3o"],"inLanguage":"pt-BR","potentialAction":[{"@type":"CommentAction","name":"Comment","target":["https:\/\/jornalfatosenoticias.com.br\/index.php\/2020\/02\/17\/shoppings-brasileiros-exibem-curta-em-realidade-virtual-premiado-em-veneza\/#respond"]}]},{"@type":"WebPage","@id":"https:\/\/jornalfatosenoticias.com.br\/index.php\/2020\/02\/17\/shoppings-brasileiros-exibem-curta-em-realidade-virtual-premiado-em-veneza\/","url":"https:\/\/jornalfatosenoticias.com.br\/index.php\/2020\/02\/17\/shoppings-brasileiros-exibem-curta-em-realidade-virtual-premiado-em-veneza\/","name":"Shoppings brasileiros exibem curta em realidade virtual premiado em Veneza - Jornal Fatos e Not\u00edcias","isPartOf":{"@id":"https:\/\/jornalfatosenoticias.com.br\/#website"},"primaryImageOfPage":{"@id":"https:\/\/jornalfatosenoticias.com.br\/index.php\/2020\/02\/17\/shoppings-brasileiros-exibem-curta-em-realidade-virtual-premiado-em-veneza\/#primaryimage"},"image":{"@id":"https:\/\/jornalfatosenoticias.com.br\/index.php\/2020\/02\/17\/shoppings-brasileiros-exibem-curta-em-realidade-virtual-premiado-em-veneza\/#primaryimage"},"thumbnailUrl":"https:\/\/jornalfatosenoticias.com.br\/wp-content\/uploads\/2020\/02\/Curta_A-Linha.jpg","datePublished":"2020-02-17T16:51:13+00:00","dateModified":"2020-02-17T16:51:14+00:00","breadcrumb":{"@id":"https:\/\/jornalfatosenoticias.com.br\/index.php\/2020\/02\/17\/shoppings-brasileiros-exibem-curta-em-realidade-virtual-premiado-em-veneza\/#breadcrumb"},"inLanguage":"pt-BR","potentialAction":[{"@type":"ReadAction","target":["https:\/\/jornalfatosenoticias.com.br\/index.php\/2020\/02\/17\/shoppings-brasileiros-exibem-curta-em-realidade-virtual-premiado-em-veneza\/"]}]},{"@type":"ImageObject","inLanguage":"pt-BR","@id":"https:\/\/jornalfatosenoticias.com.br\/index.php\/2020\/02\/17\/shoppings-brasileiros-exibem-curta-em-realidade-virtual-premiado-em-veneza\/#primaryimage","url":"https:\/\/jornalfatosenoticias.com.br\/wp-content\/uploads\/2020\/02\/Curta_A-Linha.jpg","contentUrl":"https:\/\/jornalfatosenoticias.com.br\/wp-content\/uploads\/2020\/02\/Curta_A-Linha.jpg","width":1920,"height":1080},{"@type":"BreadcrumbList","@id":"https:\/\/jornalfatosenoticias.com.br\/index.php\/2020\/02\/17\/shoppings-brasileiros-exibem-curta-em-realidade-virtual-premiado-em-veneza\/#breadcrumb","itemListElement":[{"@type":"ListItem","position":1,"name":"In\u00edcio","item":"https:\/\/jornalfatosenoticias.com.br\/"},{"@type":"ListItem","position":2,"name":"Shoppings brasileiros exibem curta em realidade virtual premiado em Veneza"}]},{"@type":"WebSite","@id":"https:\/\/jornalfatosenoticias.com.br\/#website","url":"https:\/\/jornalfatosenoticias.com.br\/","name":"Jornal Fatos e Not\u00edcias","description":"Not\u00edcias em geral","publisher":{"@id":"https:\/\/jornalfatosenoticias.com.br\/#organization"},"potentialAction":[{"@type":"SearchAction","target":{"@type":"EntryPoint","urlTemplate":"https:\/\/jornalfatosenoticias.com.br\/?s={search_term_string}"},"query-input":{"@type":"PropertyValueSpecification","valueRequired":true,"valueName":"search_term_string"}}],"inLanguage":"pt-BR"},{"@type":"Organization","@id":"https:\/\/jornalfatosenoticias.com.br\/#organization","name":"Jornal Fatos e Not\u00edcias","url":"https:\/\/jornalfatosenoticias.com.br\/","logo":{"@type":"ImageObject","inLanguage":"pt-BR","@id":"https:\/\/jornalfatosenoticias.com.br\/#\/schema\/logo\/image\/","url":"https:\/\/jornalfatosenoticias.com.br\/wp-content\/uploads\/2020\/02\/logo120.png","contentUrl":"https:\/\/jornalfatosenoticias.com.br\/wp-content\/uploads\/2020\/02\/logo120.png","width":1227,"height":120,"caption":"Jornal Fatos e Not\u00edcias"},"image":{"@id":"https:\/\/jornalfatosenoticias.com.br\/#\/schema\/logo\/image\/"}},{"@type":"Person","@id":"https:\/\/jornalfatosenoticias.com.br\/#\/schema\/person\/d63837fa13ac8666eb9e74e0985d6f81","name":"Luzimara Fernandes","image":{"@type":"ImageObject","inLanguage":"pt-BR","@id":"https:\/\/jornalfatosenoticias.com.br\/#\/schema\/person\/image\/","url":"https:\/\/jornalfatosenoticias.com.br\/wp-content\/uploads\/2025\/05\/EU_portal.jpg","contentUrl":"https:\/\/jornalfatosenoticias.com.br\/wp-content\/uploads\/2025\/05\/EU_portal.jpg","caption":"Luzimara Fernandes"},"description":"Jornalista MTB 2358-ES","sameAs":["https:\/\/jornalfatosenoticias.com.br"],"url":"https:\/\/jornalfatosenoticias.com.br\/index.php\/author\/luzimara\/"}]}},"cc_featured_image_caption":{"caption_text":"","source_text":"","source_url":""},"jetpack_featured_media_url":"https:\/\/jornalfatosenoticias.com.br\/wp-content\/uploads\/2020\/02\/Curta_A-Linha.jpg","_links":{"self":[{"href":"https:\/\/jornalfatosenoticias.com.br\/index.php\/wp-json\/wp\/v2\/posts\/1120","targetHints":{"allow":["GET"]}}],"collection":[{"href":"https:\/\/jornalfatosenoticias.com.br\/index.php\/wp-json\/wp\/v2\/posts"}],"about":[{"href":"https:\/\/jornalfatosenoticias.com.br\/index.php\/wp-json\/wp\/v2\/types\/post"}],"author":[{"embeddable":true,"href":"https:\/\/jornalfatosenoticias.com.br\/index.php\/wp-json\/wp\/v2\/users\/2"}],"replies":[{"embeddable":true,"href":"https:\/\/jornalfatosenoticias.com.br\/index.php\/wp-json\/wp\/v2\/comments?post=1120"}],"version-history":[{"count":0,"href":"https:\/\/jornalfatosenoticias.com.br\/index.php\/wp-json\/wp\/v2\/posts\/1120\/revisions"}],"wp:featuredmedia":[{"embeddable":true,"href":"https:\/\/jornalfatosenoticias.com.br\/index.php\/wp-json\/wp\/v2\/media\/1121"}],"wp:attachment":[{"href":"https:\/\/jornalfatosenoticias.com.br\/index.php\/wp-json\/wp\/v2\/media?parent=1120"}],"wp:term":[{"taxonomy":"category","embeddable":true,"href":"https:\/\/jornalfatosenoticias.com.br\/index.php\/wp-json\/wp\/v2\/categories?post=1120"},{"taxonomy":"post_tag","embeddable":true,"href":"https:\/\/jornalfatosenoticias.com.br\/index.php\/wp-json\/wp\/v2\/tags?post=1120"}],"curies":[{"name":"wp","href":"https:\/\/api.w.org\/{rel}","templated":true}]}}