{"id":11232,"date":"2020-11-16T14:46:27","date_gmt":"2020-11-16T17:46:27","guid":{"rendered":"https:\/\/jornalfatosenoticias.com.br\/?p=11232"},"modified":"2020-11-16T14:46:32","modified_gmt":"2020-11-16T17:46:32","slug":"esqueleto-de-soldado-do-seculo-16-e-encontrado-em-lago-da-lituania","status":"publish","type":"post","link":"https:\/\/jornalfatosenoticias.com.br\/index.php\/2020\/11\/16\/esqueleto-de-soldado-do-seculo-16-e-encontrado-em-lago-da-lituania\/","title":{"rendered":"Esqueleto de soldado do s\u00e9culo 16 \u00e9 encontrado em lago da Litu\u00e2nia"},"content":{"rendered":"\n<h6 class=\"wp-block-heading\"><em>Arque\u00f3logos suspeitam que a morte do guerreiro possa estar ligada \u00e0 hist\u00f3ria de um castelo localizado pr\u00f3ximo ao lago, uma das maiores fortalezas do Mar B\u00e1ltico<\/em><\/h6>\n\n\n\n<p>Em uma expedi\u00e7\u00e3o aqu\u00e1tica na encosta do Lago Asveja, no leste da Litu\u00e2nia, arque\u00f3logos e mergulhadores desenterraram os restos mortais de um soldado. As informa\u00e7\u00f5es sobre o achado foram divulgadas pela LRT News, um ve\u00edculo informativo local.<br>De acordo com os pesquisadores, os restos mortais foram encontrados sob uma camada de lama e areia a uma profundidade de nove metros. Elena Pranckenaite, arque\u00f3loga da Vilnius University, disse que o soldado foi encontrado durante um exame subaqu\u00e1tico nos restos da velha ponte Dubingiai.<br>Apesar do lugar n\u00e3o ter sido um cemit\u00e9rio, Pranckenaite disse que a descoberta subaqu\u00e1tica foi a primeira e \u00fanica desse tipo na Litu\u00e2nia. Al\u00e9m dos restos mortais, tamb\u00e9m foram encontrados, nas proximidades, diversos pertences pessoais, o que inclui uma espada, botas de couro bem preservadas e duas facas, o que sugerem que os restos mortais pertenceram a um combatente.<br>Os pesquisadores estimam que o corpo pode ser datado do s\u00e9culo 16. Os antrop\u00f3logos identificaram, preliminarmente, os restos mortais como sendo de um jovem. A causa da morte, no entanto, n\u00e3o p\u00f4de ser determinada.<br>Os restos mortais est\u00e3o agora a ser examinados na Faculdade de Medicina da Vilnius University e os achados arqueol\u00f3gicos foram enviados para o Museu Nacional da Litu\u00e2nia para conserva\u00e7\u00e3o. O fundo do Lago Asveja tem sido explorado, intermitentemente, usando m\u00e9todos arqueol\u00f3gicos subaqu\u00e1ticos desde 1998.<\/p>\n\n\n\n<div class=\"wp-block-jetpack-slideshow aligncenter\" data-effect=\"slide\"><div class=\"wp-block-jetpack-slideshow_container swiper-container\"><ul class=\"wp-block-jetpack-slideshow_swiper-wrapper swiper-wrapper\"><li class=\"wp-block-jetpack-slideshow_slide swiper-slide\"><figure><img loading=\"lazy\" decoding=\"async\" width=\"1000\" height=\"667\" alt=\"\" class=\"wp-block-jetpack-slideshow_image wp-image-11233\" data-id=\"11233\" src=\"https:\/\/jornalfatosenoticias.com.br\/wp-content\/uploads\/2020\/11\/descoberta_lituania_2.jpg\" srcset=\"https:\/\/jornalfatosenoticias.com.br\/wp-content\/uploads\/2020\/11\/descoberta_lituania_2.jpg 1000w, https:\/\/jornalfatosenoticias.com.br\/wp-content\/uploads\/2020\/11\/descoberta_lituania_2-300x200.jpg 300w, https:\/\/jornalfatosenoticias.com.br\/wp-content\/uploads\/2020\/11\/descoberta_lituania_2-768x512.jpg 768w\" sizes=\"auto, (max-width: 1000px) 100vw, 1000px\" \/><figcaption class=\"wp-block-jetpack-slideshow_caption gallery-caption\">Pesquisadores explorando os restos mortais (Fotos: Divulga\u00e7\u00e3o)<\/figcaption><\/figure><\/li><li class=\"wp-block-jetpack-slideshow_slide swiper-slide\"><figure><img loading=\"lazy\" decoding=\"async\" width=\"1000\" height=\"667\" alt=\"\" class=\"wp-block-jetpack-slideshow_image wp-image-11234\" data-id=\"11234\" src=\"https:\/\/jornalfatosenoticias.com.br\/wp-content\/uploads\/2020\/11\/descoberta_lituania_3.jpg\" srcset=\"https:\/\/jornalfatosenoticias.com.br\/wp-content\/uploads\/2020\/11\/descoberta_lituania_3.jpg 1000w, https:\/\/jornalfatosenoticias.com.br\/wp-content\/uploads\/2020\/11\/descoberta_lituania_3-300x200.jpg 300w, https:\/\/jornalfatosenoticias.com.br\/wp-content\/uploads\/2020\/11\/descoberta_lituania_3-768x512.jpg 768w\" sizes=\"auto, (max-width: 1000px) 100vw, 1000px\" \/><figcaption class=\"wp-block-jetpack-slideshow_caption gallery-caption\">Os restos do soldado medieval<\/figcaption><\/figure><\/li><\/ul><a class=\"wp-block-jetpack-slideshow_button-prev swiper-button-prev swiper-button-white\" role=\"button\"><\/a><a class=\"wp-block-jetpack-slideshow_button-next swiper-button-next swiper-button-white\" role=\"button\"><\/a><a aria-label=\"Pause Slideshow\" class=\"wp-block-jetpack-slideshow_button-pause\" role=\"button\"><\/a><div class=\"wp-block-jetpack-slideshow_pagination swiper-pagination swiper-pagination-white\"><\/div><\/div><\/div>\n\n\n\n<p><strong><em>Fonte: <a href=\"https:\/\/aventurasnahistoria.uol.com.br\/noticias\/historia-hoje\/restos-de-soldado-medieval-do-seculo-16-sao-encontrados-em-lago-da-lituania.phtml\">Aventuras na Hist\u00f3ria<\/a><\/em><\/strong><\/p>\n","protected":false},"excerpt":{"rendered":"<p>Arque\u00f3logos suspeitam que a morte do guerreiro possa estar ligada \u00e0 hist\u00f3ria de um castelo localizado pr\u00f3ximo ao lago, uma das maiores fortalezas do Mar B\u00e1ltico Em uma expedi\u00e7\u00e3o aqu\u00e1tica na encosta do Lago Asveja, no leste da Litu\u00e2nia, arque\u00f3logos e mergulhadores desenterraram os restos mortais de um soldado. As informa\u00e7\u00f5es sobre o achado foram [&hellip;]<\/p>\n","protected":false},"author":2,"featured_media":11235,"comment_status":"open","ping_status":"open","sticky":false,"template":"","format":"standard","meta":{"footnotes":""},"categories":[2],"tags":[5928,1478,2058,2927,1535,5929],"class_list":["post-11232","post","type-post","status-publish","format-standard","has-post-thumbnail","hentry","category-ciencia","tag-achado","tag-arqueologia","tag-expedicao","tag-lituania","tag-restos-mortais","tag-soldado-medieval"],"yoast_head":"<!-- This site is optimized with the Yoast SEO plugin v26.5 - https:\/\/yoast.com\/wordpress\/plugins\/seo\/ -->\n<title>Esqueleto de soldado do s\u00e9culo 16 \u00e9 encontrado em lago da Litu\u00e2nia - Jornal Fatos e Not\u00edcias<\/title>\n<meta name=\"robots\" content=\"index, follow, max-snippet:-1, max-image-preview:large, max-video-preview:-1\" \/>\n<link rel=\"canonical\" href=\"https:\/\/jornalfatosenoticias.com.br\/index.php\/2020\/11\/16\/esqueleto-de-soldado-do-seculo-16-e-encontrado-em-lago-da-lituania\/\" \/>\n<meta property=\"og:locale\" content=\"pt_BR\" \/>\n<meta property=\"og:type\" content=\"article\" \/>\n<meta property=\"og:title\" content=\"Esqueleto de soldado do s\u00e9culo 16 \u00e9 encontrado em lago da Litu\u00e2nia - Jornal Fatos e Not\u00edcias\" \/>\n<meta property=\"og:description\" content=\"Arque\u00f3logos suspeitam que a morte do guerreiro possa estar ligada \u00e0 hist\u00f3ria de um castelo localizado pr\u00f3ximo ao lago, uma das maiores fortalezas do Mar B\u00e1ltico Em uma expedi\u00e7\u00e3o aqu\u00e1tica na encosta do Lago Asveja, no leste da Litu\u00e2nia, arque\u00f3logos e mergulhadores desenterraram os restos mortais de um soldado. As informa\u00e7\u00f5es sobre o achado foram [&hellip;]\" \/>\n<meta property=\"og:url\" content=\"https:\/\/jornalfatosenoticias.com.br\/index.php\/2020\/11\/16\/esqueleto-de-soldado-do-seculo-16-e-encontrado-em-lago-da-lituania\/\" \/>\n<meta property=\"og:site_name\" content=\"Jornal Fatos e Not\u00edcias\" \/>\n<meta property=\"article:published_time\" content=\"2020-11-16T17:46:27+00:00\" \/>\n<meta property=\"article:modified_time\" content=\"2020-11-16T17:46:32+00:00\" \/>\n<meta property=\"og:image\" content=\"https:\/\/jornalfatosenoticias.com.br\/wp-content\/uploads\/2020\/11\/descoberta_lituania_capa.jpg\" \/>\n\t<meta property=\"og:image:width\" content=\"1000\" \/>\n\t<meta property=\"og:image:height\" content=\"562\" \/>\n\t<meta property=\"og:image:type\" content=\"image\/jpeg\" \/>\n<meta name=\"author\" content=\"Luzimara Fernandes\" \/>\n<meta name=\"twitter:card\" content=\"summary_large_image\" \/>\n<meta name=\"twitter:label1\" content=\"Escrito por\" \/>\n\t<meta name=\"twitter:data1\" content=\"Luzimara Fernandes\" \/>\n\t<meta name=\"twitter:label2\" content=\"Est. tempo de leitura\" \/>\n\t<meta name=\"twitter:data2\" content=\"1 minuto\" \/>\n<script type=\"application\/ld+json\" class=\"yoast-schema-graph\">{\"@context\":\"https:\/\/schema.org\",\"@graph\":[{\"@type\":\"Article\",\"@id\":\"https:\/\/jornalfatosenoticias.com.br\/index.php\/2020\/11\/16\/esqueleto-de-soldado-do-seculo-16-e-encontrado-em-lago-da-lituania\/#article\",\"isPartOf\":{\"@id\":\"https:\/\/jornalfatosenoticias.com.br\/index.php\/2020\/11\/16\/esqueleto-de-soldado-do-seculo-16-e-encontrado-em-lago-da-lituania\/\"},\"author\":{\"name\":\"Luzimara Fernandes\",\"@id\":\"https:\/\/jornalfatosenoticias.com.br\/#\/schema\/person\/d63837fa13ac8666eb9e74e0985d6f81\"},\"headline\":\"Esqueleto de soldado do s\u00e9culo 16 \u00e9 encontrado em lago da Litu\u00e2nia\",\"datePublished\":\"2020-11-16T17:46:27+00:00\",\"dateModified\":\"2020-11-16T17:46:32+00:00\",\"mainEntityOfPage\":{\"@id\":\"https:\/\/jornalfatosenoticias.com.br\/index.php\/2020\/11\/16\/esqueleto-de-soldado-do-seculo-16-e-encontrado-em-lago-da-lituania\/\"},\"wordCount\":301,\"commentCount\":0,\"publisher\":{\"@id\":\"https:\/\/jornalfatosenoticias.com.br\/#organization\"},\"image\":{\"@id\":\"https:\/\/jornalfatosenoticias.com.br\/index.php\/2020\/11\/16\/esqueleto-de-soldado-do-seculo-16-e-encontrado-em-lago-da-lituania\/#primaryimage\"},\"thumbnailUrl\":\"https:\/\/jornalfatosenoticias.com.br\/wp-content\/uploads\/2020\/11\/descoberta_lituania_capa.jpg\",\"keywords\":[\"achado\",\"arqueologia\",\"expedi\u00e7\u00e3o\",\"Litu\u00e2nia\",\"restos mortais\",\"soldado medieval\"],\"articleSection\":[\"Ci\u00eancia\"],\"inLanguage\":\"pt-BR\",\"potentialAction\":[{\"@type\":\"CommentAction\",\"name\":\"Comment\",\"target\":[\"https:\/\/jornalfatosenoticias.com.br\/index.php\/2020\/11\/16\/esqueleto-de-soldado-do-seculo-16-e-encontrado-em-lago-da-lituania\/#respond\"]}]},{\"@type\":\"WebPage\",\"@id\":\"https:\/\/jornalfatosenoticias.com.br\/index.php\/2020\/11\/16\/esqueleto-de-soldado-do-seculo-16-e-encontrado-em-lago-da-lituania\/\",\"url\":\"https:\/\/jornalfatosenoticias.com.br\/index.php\/2020\/11\/16\/esqueleto-de-soldado-do-seculo-16-e-encontrado-em-lago-da-lituania\/\",\"name\":\"Esqueleto de soldado do s\u00e9culo 16 \u00e9 encontrado em lago da Litu\u00e2nia - Jornal Fatos e Not\u00edcias\",\"isPartOf\":{\"@id\":\"https:\/\/jornalfatosenoticias.com.br\/#website\"},\"primaryImageOfPage\":{\"@id\":\"https:\/\/jornalfatosenoticias.com.br\/index.php\/2020\/11\/16\/esqueleto-de-soldado-do-seculo-16-e-encontrado-em-lago-da-lituania\/#primaryimage\"},\"image\":{\"@id\":\"https:\/\/jornalfatosenoticias.com.br\/index.php\/2020\/11\/16\/esqueleto-de-soldado-do-seculo-16-e-encontrado-em-lago-da-lituania\/#primaryimage\"},\"thumbnailUrl\":\"https:\/\/jornalfatosenoticias.com.br\/wp-content\/uploads\/2020\/11\/descoberta_lituania_capa.jpg\",\"datePublished\":\"2020-11-16T17:46:27+00:00\",\"dateModified\":\"2020-11-16T17:46:32+00:00\",\"breadcrumb\":{\"@id\":\"https:\/\/jornalfatosenoticias.com.br\/index.php\/2020\/11\/16\/esqueleto-de-soldado-do-seculo-16-e-encontrado-em-lago-da-lituania\/#breadcrumb\"},\"inLanguage\":\"pt-BR\",\"potentialAction\":[{\"@type\":\"ReadAction\",\"target\":[\"https:\/\/jornalfatosenoticias.com.br\/index.php\/2020\/11\/16\/esqueleto-de-soldado-do-seculo-16-e-encontrado-em-lago-da-lituania\/\"]}]},{\"@type\":\"ImageObject\",\"inLanguage\":\"pt-BR\",\"@id\":\"https:\/\/jornalfatosenoticias.com.br\/index.php\/2020\/11\/16\/esqueleto-de-soldado-do-seculo-16-e-encontrado-em-lago-da-lituania\/#primaryimage\",\"url\":\"https:\/\/jornalfatosenoticias.com.br\/wp-content\/uploads\/2020\/11\/descoberta_lituania_capa.jpg\",\"contentUrl\":\"https:\/\/jornalfatosenoticias.com.br\/wp-content\/uploads\/2020\/11\/descoberta_lituania_capa.jpg\",\"width\":1000,\"height\":562},{\"@type\":\"BreadcrumbList\",\"@id\":\"https:\/\/jornalfatosenoticias.com.br\/index.php\/2020\/11\/16\/esqueleto-de-soldado-do-seculo-16-e-encontrado-em-lago-da-lituania\/#breadcrumb\",\"itemListElement\":[{\"@type\":\"ListItem\",\"position\":1,\"name\":\"In\u00edcio\",\"item\":\"https:\/\/jornalfatosenoticias.com.br\/\"},{\"@type\":\"ListItem\",\"position\":2,\"name\":\"Esqueleto de soldado do s\u00e9culo 16 \u00e9 encontrado em lago da Litu\u00e2nia\"}]},{\"@type\":\"WebSite\",\"@id\":\"https:\/\/jornalfatosenoticias.com.br\/#website\",\"url\":\"https:\/\/jornalfatosenoticias.com.br\/\",\"name\":\"Jornal Fatos e Not\u00edcias\",\"description\":\"Not\u00edcias em geral\",\"publisher\":{\"@id\":\"https:\/\/jornalfatosenoticias.com.br\/#organization\"},\"potentialAction\":[{\"@type\":\"SearchAction\",\"target\":{\"@type\":\"EntryPoint\",\"urlTemplate\":\"https:\/\/jornalfatosenoticias.com.br\/?s={search_term_string}\"},\"query-input\":{\"@type\":\"PropertyValueSpecification\",\"valueRequired\":true,\"valueName\":\"search_term_string\"}}],\"inLanguage\":\"pt-BR\"},{\"@type\":\"Organization\",\"@id\":\"https:\/\/jornalfatosenoticias.com.br\/#organization\",\"name\":\"Jornal Fatos e Not\u00edcias\",\"url\":\"https:\/\/jornalfatosenoticias.com.br\/\",\"logo\":{\"@type\":\"ImageObject\",\"inLanguage\":\"pt-BR\",\"@id\":\"https:\/\/jornalfatosenoticias.com.br\/#\/schema\/logo\/image\/\",\"url\":\"https:\/\/jornalfatosenoticias.com.br\/wp-content\/uploads\/2020\/02\/logo120.png\",\"contentUrl\":\"https:\/\/jornalfatosenoticias.com.br\/wp-content\/uploads\/2020\/02\/logo120.png\",\"width\":1227,\"height\":120,\"caption\":\"Jornal Fatos e Not\u00edcias\"},\"image\":{\"@id\":\"https:\/\/jornalfatosenoticias.com.br\/#\/schema\/logo\/image\/\"}},{\"@type\":\"Person\",\"@id\":\"https:\/\/jornalfatosenoticias.com.br\/#\/schema\/person\/d63837fa13ac8666eb9e74e0985d6f81\",\"name\":\"Luzimara Fernandes\",\"image\":{\"@type\":\"ImageObject\",\"inLanguage\":\"pt-BR\",\"@id\":\"https:\/\/jornalfatosenoticias.com.br\/#\/schema\/person\/image\/\",\"url\":\"https:\/\/jornalfatosenoticias.com.br\/wp-content\/uploads\/2025\/05\/EU_portal.jpg\",\"contentUrl\":\"https:\/\/jornalfatosenoticias.com.br\/wp-content\/uploads\/2025\/05\/EU_portal.jpg\",\"caption\":\"Luzimara Fernandes\"},\"description\":\"Jornalista MTB 2358-ES\",\"sameAs\":[\"https:\/\/jornalfatosenoticias.com.br\"],\"url\":\"https:\/\/jornalfatosenoticias.com.br\/index.php\/author\/luzimara\/\"}]}<\/script>\n<!-- \/ Yoast SEO plugin. -->","yoast_head_json":{"title":"Esqueleto de soldado do s\u00e9culo 16 \u00e9 encontrado em lago da Litu\u00e2nia - Jornal Fatos e Not\u00edcias","robots":{"index":"index","follow":"follow","max-snippet":"max-snippet:-1","max-image-preview":"max-image-preview:large","max-video-preview":"max-video-preview:-1"},"canonical":"https:\/\/jornalfatosenoticias.com.br\/index.php\/2020\/11\/16\/esqueleto-de-soldado-do-seculo-16-e-encontrado-em-lago-da-lituania\/","og_locale":"pt_BR","og_type":"article","og_title":"Esqueleto de soldado do s\u00e9culo 16 \u00e9 encontrado em lago da Litu\u00e2nia - Jornal Fatos e Not\u00edcias","og_description":"Arque\u00f3logos suspeitam que a morte do guerreiro possa estar ligada \u00e0 hist\u00f3ria de um castelo localizado pr\u00f3ximo ao lago, uma das maiores fortalezas do Mar B\u00e1ltico Em uma expedi\u00e7\u00e3o aqu\u00e1tica na encosta do Lago Asveja, no leste da Litu\u00e2nia, arque\u00f3logos e mergulhadores desenterraram os restos mortais de um soldado. As informa\u00e7\u00f5es sobre o achado foram [&hellip;]","og_url":"https:\/\/jornalfatosenoticias.com.br\/index.php\/2020\/11\/16\/esqueleto-de-soldado-do-seculo-16-e-encontrado-em-lago-da-lituania\/","og_site_name":"Jornal Fatos e Not\u00edcias","article_published_time":"2020-11-16T17:46:27+00:00","article_modified_time":"2020-11-16T17:46:32+00:00","og_image":[{"width":1000,"height":562,"url":"https:\/\/jornalfatosenoticias.com.br\/wp-content\/uploads\/2020\/11\/descoberta_lituania_capa.jpg","type":"image\/jpeg"}],"author":"Luzimara Fernandes","twitter_card":"summary_large_image","twitter_misc":{"Escrito por":"Luzimara Fernandes","Est. tempo de leitura":"1 minuto"},"schema":{"@context":"https:\/\/schema.org","@graph":[{"@type":"Article","@id":"https:\/\/jornalfatosenoticias.com.br\/index.php\/2020\/11\/16\/esqueleto-de-soldado-do-seculo-16-e-encontrado-em-lago-da-lituania\/#article","isPartOf":{"@id":"https:\/\/jornalfatosenoticias.com.br\/index.php\/2020\/11\/16\/esqueleto-de-soldado-do-seculo-16-e-encontrado-em-lago-da-lituania\/"},"author":{"name":"Luzimara Fernandes","@id":"https:\/\/jornalfatosenoticias.com.br\/#\/schema\/person\/d63837fa13ac8666eb9e74e0985d6f81"},"headline":"Esqueleto de soldado do s\u00e9culo 16 \u00e9 encontrado em lago da Litu\u00e2nia","datePublished":"2020-11-16T17:46:27+00:00","dateModified":"2020-11-16T17:46:32+00:00","mainEntityOfPage":{"@id":"https:\/\/jornalfatosenoticias.com.br\/index.php\/2020\/11\/16\/esqueleto-de-soldado-do-seculo-16-e-encontrado-em-lago-da-lituania\/"},"wordCount":301,"commentCount":0,"publisher":{"@id":"https:\/\/jornalfatosenoticias.com.br\/#organization"},"image":{"@id":"https:\/\/jornalfatosenoticias.com.br\/index.php\/2020\/11\/16\/esqueleto-de-soldado-do-seculo-16-e-encontrado-em-lago-da-lituania\/#primaryimage"},"thumbnailUrl":"https:\/\/jornalfatosenoticias.com.br\/wp-content\/uploads\/2020\/11\/descoberta_lituania_capa.jpg","keywords":["achado","arqueologia","expedi\u00e7\u00e3o","Litu\u00e2nia","restos mortais","soldado medieval"],"articleSection":["Ci\u00eancia"],"inLanguage":"pt-BR","potentialAction":[{"@type":"CommentAction","name":"Comment","target":["https:\/\/jornalfatosenoticias.com.br\/index.php\/2020\/11\/16\/esqueleto-de-soldado-do-seculo-16-e-encontrado-em-lago-da-lituania\/#respond"]}]},{"@type":"WebPage","@id":"https:\/\/jornalfatosenoticias.com.br\/index.php\/2020\/11\/16\/esqueleto-de-soldado-do-seculo-16-e-encontrado-em-lago-da-lituania\/","url":"https:\/\/jornalfatosenoticias.com.br\/index.php\/2020\/11\/16\/esqueleto-de-soldado-do-seculo-16-e-encontrado-em-lago-da-lituania\/","name":"Esqueleto de soldado do s\u00e9culo 16 \u00e9 encontrado em lago da Litu\u00e2nia - Jornal Fatos e Not\u00edcias","isPartOf":{"@id":"https:\/\/jornalfatosenoticias.com.br\/#website"},"primaryImageOfPage":{"@id":"https:\/\/jornalfatosenoticias.com.br\/index.php\/2020\/11\/16\/esqueleto-de-soldado-do-seculo-16-e-encontrado-em-lago-da-lituania\/#primaryimage"},"image":{"@id":"https:\/\/jornalfatosenoticias.com.br\/index.php\/2020\/11\/16\/esqueleto-de-soldado-do-seculo-16-e-encontrado-em-lago-da-lituania\/#primaryimage"},"thumbnailUrl":"https:\/\/jornalfatosenoticias.com.br\/wp-content\/uploads\/2020\/11\/descoberta_lituania_capa.jpg","datePublished":"2020-11-16T17:46:27+00:00","dateModified":"2020-11-16T17:46:32+00:00","breadcrumb":{"@id":"https:\/\/jornalfatosenoticias.com.br\/index.php\/2020\/11\/16\/esqueleto-de-soldado-do-seculo-16-e-encontrado-em-lago-da-lituania\/#breadcrumb"},"inLanguage":"pt-BR","potentialAction":[{"@type":"ReadAction","target":["https:\/\/jornalfatosenoticias.com.br\/index.php\/2020\/11\/16\/esqueleto-de-soldado-do-seculo-16-e-encontrado-em-lago-da-lituania\/"]}]},{"@type":"ImageObject","inLanguage":"pt-BR","@id":"https:\/\/jornalfatosenoticias.com.br\/index.php\/2020\/11\/16\/esqueleto-de-soldado-do-seculo-16-e-encontrado-em-lago-da-lituania\/#primaryimage","url":"https:\/\/jornalfatosenoticias.com.br\/wp-content\/uploads\/2020\/11\/descoberta_lituania_capa.jpg","contentUrl":"https:\/\/jornalfatosenoticias.com.br\/wp-content\/uploads\/2020\/11\/descoberta_lituania_capa.jpg","width":1000,"height":562},{"@type":"BreadcrumbList","@id":"https:\/\/jornalfatosenoticias.com.br\/index.php\/2020\/11\/16\/esqueleto-de-soldado-do-seculo-16-e-encontrado-em-lago-da-lituania\/#breadcrumb","itemListElement":[{"@type":"ListItem","position":1,"name":"In\u00edcio","item":"https:\/\/jornalfatosenoticias.com.br\/"},{"@type":"ListItem","position":2,"name":"Esqueleto de soldado do s\u00e9culo 16 \u00e9 encontrado em lago da Litu\u00e2nia"}]},{"@type":"WebSite","@id":"https:\/\/jornalfatosenoticias.com.br\/#website","url":"https:\/\/jornalfatosenoticias.com.br\/","name":"Jornal Fatos e Not\u00edcias","description":"Not\u00edcias em geral","publisher":{"@id":"https:\/\/jornalfatosenoticias.com.br\/#organization"},"potentialAction":[{"@type":"SearchAction","target":{"@type":"EntryPoint","urlTemplate":"https:\/\/jornalfatosenoticias.com.br\/?s={search_term_string}"},"query-input":{"@type":"PropertyValueSpecification","valueRequired":true,"valueName":"search_term_string"}}],"inLanguage":"pt-BR"},{"@type":"Organization","@id":"https:\/\/jornalfatosenoticias.com.br\/#organization","name":"Jornal Fatos e Not\u00edcias","url":"https:\/\/jornalfatosenoticias.com.br\/","logo":{"@type":"ImageObject","inLanguage":"pt-BR","@id":"https:\/\/jornalfatosenoticias.com.br\/#\/schema\/logo\/image\/","url":"https:\/\/jornalfatosenoticias.com.br\/wp-content\/uploads\/2020\/02\/logo120.png","contentUrl":"https:\/\/jornalfatosenoticias.com.br\/wp-content\/uploads\/2020\/02\/logo120.png","width":1227,"height":120,"caption":"Jornal Fatos e Not\u00edcias"},"image":{"@id":"https:\/\/jornalfatosenoticias.com.br\/#\/schema\/logo\/image\/"}},{"@type":"Person","@id":"https:\/\/jornalfatosenoticias.com.br\/#\/schema\/person\/d63837fa13ac8666eb9e74e0985d6f81","name":"Luzimara Fernandes","image":{"@type":"ImageObject","inLanguage":"pt-BR","@id":"https:\/\/jornalfatosenoticias.com.br\/#\/schema\/person\/image\/","url":"https:\/\/jornalfatosenoticias.com.br\/wp-content\/uploads\/2025\/05\/EU_portal.jpg","contentUrl":"https:\/\/jornalfatosenoticias.com.br\/wp-content\/uploads\/2025\/05\/EU_portal.jpg","caption":"Luzimara Fernandes"},"description":"Jornalista MTB 2358-ES","sameAs":["https:\/\/jornalfatosenoticias.com.br"],"url":"https:\/\/jornalfatosenoticias.com.br\/index.php\/author\/luzimara\/"}]}},"cc_featured_image_caption":{"caption_text":"(Foto: Divulga\u00e7\u00e3o)","source_text":"","source_url":""},"jetpack_featured_media_url":"https:\/\/jornalfatosenoticias.com.br\/wp-content\/uploads\/2020\/11\/descoberta_lituania_capa.jpg","_links":{"self":[{"href":"https:\/\/jornalfatosenoticias.com.br\/index.php\/wp-json\/wp\/v2\/posts\/11232","targetHints":{"allow":["GET"]}}],"collection":[{"href":"https:\/\/jornalfatosenoticias.com.br\/index.php\/wp-json\/wp\/v2\/posts"}],"about":[{"href":"https:\/\/jornalfatosenoticias.com.br\/index.php\/wp-json\/wp\/v2\/types\/post"}],"author":[{"embeddable":true,"href":"https:\/\/jornalfatosenoticias.com.br\/index.php\/wp-json\/wp\/v2\/users\/2"}],"replies":[{"embeddable":true,"href":"https:\/\/jornalfatosenoticias.com.br\/index.php\/wp-json\/wp\/v2\/comments?post=11232"}],"version-history":[{"count":0,"href":"https:\/\/jornalfatosenoticias.com.br\/index.php\/wp-json\/wp\/v2\/posts\/11232\/revisions"}],"wp:featuredmedia":[{"embeddable":true,"href":"https:\/\/jornalfatosenoticias.com.br\/index.php\/wp-json\/wp\/v2\/media\/11235"}],"wp:attachment":[{"href":"https:\/\/jornalfatosenoticias.com.br\/index.php\/wp-json\/wp\/v2\/media?parent=11232"}],"wp:term":[{"taxonomy":"category","embeddable":true,"href":"https:\/\/jornalfatosenoticias.com.br\/index.php\/wp-json\/wp\/v2\/categories?post=11232"},{"taxonomy":"post_tag","embeddable":true,"href":"https:\/\/jornalfatosenoticias.com.br\/index.php\/wp-json\/wp\/v2\/tags?post=11232"}],"curies":[{"name":"wp","href":"https:\/\/api.w.org\/{rel}","templated":true}]}}