{"id":11289,"date":"2020-11-17T15:48:23","date_gmt":"2020-11-17T18:48:23","guid":{"rendered":"https:\/\/jornalfatosenoticias.com.br\/?p=11289"},"modified":"2020-11-17T15:48:25","modified_gmt":"2020-11-17T18:48:25","slug":"live-da-serie-foco-no-enem-sera-nesta-quinta-feira-19","status":"publish","type":"post","link":"https:\/\/jornalfatosenoticias.com.br\/index.php\/2020\/11\/17\/live-da-serie-foco-no-enem-sera-nesta-quinta-feira-19\/","title":{"rendered":"Live da s\u00e9rie \u2018Foco no Enem\u2019 ser\u00e1 nesta quinta-feira (19)"},"content":{"rendered":"\n<p>A Secretaria da Educa\u00e7\u00e3o (Sedu), por meio da Ger\u00eancia de Ensino M\u00e9dio (GEM), promover\u00e1 mais uma live da s\u00e9rie \u201cFoco no Enem\u201d, nesta quinta-feira (19), \u00e0s 15 horas, com o tema \u201cL\u00edngua Portuguesa e Literatura\u201d. A transmiss\u00e3o ser\u00e1 realizada pelo canal da Sedu Digital no YouTube e acess\u00edvel em Libras.<br>Os convidados para a live s\u00e3o o professor de L\u00edngua Portuguesa e Reda\u00e7\u00e3o do Pre-Enem Digit@l, Werllen Vieira Ferreira, e a professora Josely Bittencourt, do Centro Estadual de Ensino Fundamental e M\u00e9dio em Tempo Integral (CEEFMTI) Pastor Oliveira Ara\u00fajo, localizada em Vila Velha.<\/p>\n\n\n\n<p><strong>Servi\u00e7o<br><\/strong>Live: \u201cFoco no Enem\u201d<br>Data: 19\/11 (quinta-feira)<br>Hor\u00e1rio: 15 horas<br>Link: <a href=\"https:\/\/www.youtube.com\/channel\/UCH8UuMElRnv-ukHEmq246bw\">https:\/\/www.youtube.com\/channel\/UCH8UuMElRnv-ukHEmq246bw<\/a><\/p>\n\n\n\n<p><strong><em>Fonte: <a href=\"https:\/\/sedu.es.gov.br\/Not%C3%ADcia\/live-da-serie-foco-no-enem-sera-nesta-quinta-feira-12\">Sedu<\/a><\/em><\/strong><\/p>\n","protected":false},"excerpt":{"rendered":"<p>A Secretaria da Educa\u00e7\u00e3o (Sedu), por meio da Ger\u00eancia de Ensino M\u00e9dio (GEM), promover\u00e1 mais uma live da s\u00e9rie \u201cFoco no Enem\u201d, nesta quinta-feira (19), \u00e0s 15 horas, com o tema \u201cL\u00edngua Portuguesa e Literatura\u201d. A transmiss\u00e3o ser\u00e1 realizada pelo canal da Sedu Digital no YouTube e acess\u00edvel em Libras.Os convidados para a live s\u00e3o [&hellip;]<\/p>\n","protected":false},"author":2,"featured_media":11290,"comment_status":"open","ping_status":"open","sticky":false,"template":"","format":"standard","meta":{"footnotes":""},"categories":[7],"tags":[921,5973,5325,409],"class_list":["post-11289","post","type-post","status-publish","format-standard","has-post-thumbnail","hentry","category-educacao","tag-enem","tag-foco-no-enem","tag-live","tag-sedu"],"yoast_head":"<!-- This site is optimized with the Yoast SEO plugin v26.5 - https:\/\/yoast.com\/wordpress\/plugins\/seo\/ -->\n<title>Live da s\u00e9rie \u2018Foco no Enem\u2019 ser\u00e1 nesta quinta-feira (19) - Jornal Fatos e Not\u00edcias<\/title>\n<meta name=\"robots\" content=\"index, follow, max-snippet:-1, max-image-preview:large, max-video-preview:-1\" \/>\n<link rel=\"canonical\" href=\"https:\/\/jornalfatosenoticias.com.br\/index.php\/2020\/11\/17\/live-da-serie-foco-no-enem-sera-nesta-quinta-feira-19\/\" \/>\n<meta property=\"og:locale\" content=\"pt_BR\" \/>\n<meta property=\"og:type\" content=\"article\" \/>\n<meta property=\"og:title\" content=\"Live da s\u00e9rie \u2018Foco no Enem\u2019 ser\u00e1 nesta quinta-feira (19) - Jornal Fatos e Not\u00edcias\" \/>\n<meta property=\"og:description\" content=\"A Secretaria da Educa\u00e7\u00e3o (Sedu), por meio da Ger\u00eancia de Ensino M\u00e9dio (GEM), promover\u00e1 mais uma live da s\u00e9rie \u201cFoco no Enem\u201d, nesta quinta-feira (19), \u00e0s 15 horas, com o tema \u201cL\u00edngua Portuguesa e Literatura\u201d. A transmiss\u00e3o ser\u00e1 realizada pelo canal da Sedu Digital no YouTube e acess\u00edvel em Libras.Os convidados para a live s\u00e3o [&hellip;]\" \/>\n<meta property=\"og:url\" content=\"https:\/\/jornalfatosenoticias.com.br\/index.php\/2020\/11\/17\/live-da-serie-foco-no-enem-sera-nesta-quinta-feira-19\/\" \/>\n<meta property=\"og:site_name\" content=\"Jornal Fatos e Not\u00edcias\" \/>\n<meta property=\"article:published_time\" content=\"2020-11-17T18:48:23+00:00\" \/>\n<meta property=\"article:modified_time\" content=\"2020-11-17T18:48:25+00:00\" \/>\n<meta property=\"og:image\" content=\"https:\/\/jornalfatosenoticias.com.br\/wp-content\/uploads\/2020\/11\/lives-foco-no-enem-portugues-e-literatura-1.jpg\" \/>\n\t<meta property=\"og:image:width\" content=\"1000\" \/>\n\t<meta property=\"og:image:height\" content=\"1000\" \/>\n\t<meta property=\"og:image:type\" content=\"image\/jpeg\" \/>\n<meta name=\"author\" content=\"Luzimara Fernandes\" \/>\n<meta name=\"twitter:card\" content=\"summary_large_image\" \/>\n<meta name=\"twitter:label1\" content=\"Escrito por\" \/>\n\t<meta name=\"twitter:data1\" content=\"Luzimara Fernandes\" \/>\n\t<meta name=\"twitter:label2\" content=\"Est. tempo de leitura\" \/>\n\t<meta name=\"twitter:data2\" content=\"1 minuto\" \/>\n<script type=\"application\/ld+json\" class=\"yoast-schema-graph\">{\"@context\":\"https:\/\/schema.org\",\"@graph\":[{\"@type\":\"Article\",\"@id\":\"https:\/\/jornalfatosenoticias.com.br\/index.php\/2020\/11\/17\/live-da-serie-foco-no-enem-sera-nesta-quinta-feira-19\/#article\",\"isPartOf\":{\"@id\":\"https:\/\/jornalfatosenoticias.com.br\/index.php\/2020\/11\/17\/live-da-serie-foco-no-enem-sera-nesta-quinta-feira-19\/\"},\"author\":{\"name\":\"Luzimara Fernandes\",\"@id\":\"https:\/\/jornalfatosenoticias.com.br\/#\/schema\/person\/d63837fa13ac8666eb9e74e0985d6f81\"},\"headline\":\"Live da s\u00e9rie \u2018Foco no Enem\u2019 ser\u00e1 nesta quinta-feira (19)\",\"datePublished\":\"2020-11-17T18:48:23+00:00\",\"dateModified\":\"2020-11-17T18:48:25+00:00\",\"mainEntityOfPage\":{\"@id\":\"https:\/\/jornalfatosenoticias.com.br\/index.php\/2020\/11\/17\/live-da-serie-foco-no-enem-sera-nesta-quinta-feira-19\/\"},\"wordCount\":135,\"commentCount\":0,\"publisher\":{\"@id\":\"https:\/\/jornalfatosenoticias.com.br\/#organization\"},\"image\":{\"@id\":\"https:\/\/jornalfatosenoticias.com.br\/index.php\/2020\/11\/17\/live-da-serie-foco-no-enem-sera-nesta-quinta-feira-19\/#primaryimage\"},\"thumbnailUrl\":\"https:\/\/jornalfatosenoticias.com.br\/wp-content\/uploads\/2020\/11\/lives-foco-no-enem-portugues-e-literatura-1.jpg\",\"keywords\":[\"Enem\",\"Foco no Enem\",\"live\",\"Sedu\"],\"articleSection\":[\"Educa\u00e7\u00e3o\"],\"inLanguage\":\"pt-BR\",\"potentialAction\":[{\"@type\":\"CommentAction\",\"name\":\"Comment\",\"target\":[\"https:\/\/jornalfatosenoticias.com.br\/index.php\/2020\/11\/17\/live-da-serie-foco-no-enem-sera-nesta-quinta-feira-19\/#respond\"]}]},{\"@type\":\"WebPage\",\"@id\":\"https:\/\/jornalfatosenoticias.com.br\/index.php\/2020\/11\/17\/live-da-serie-foco-no-enem-sera-nesta-quinta-feira-19\/\",\"url\":\"https:\/\/jornalfatosenoticias.com.br\/index.php\/2020\/11\/17\/live-da-serie-foco-no-enem-sera-nesta-quinta-feira-19\/\",\"name\":\"Live da s\u00e9rie \u2018Foco no Enem\u2019 ser\u00e1 nesta quinta-feira (19) - Jornal Fatos e Not\u00edcias\",\"isPartOf\":{\"@id\":\"https:\/\/jornalfatosenoticias.com.br\/#website\"},\"primaryImageOfPage\":{\"@id\":\"https:\/\/jornalfatosenoticias.com.br\/index.php\/2020\/11\/17\/live-da-serie-foco-no-enem-sera-nesta-quinta-feira-19\/#primaryimage\"},\"image\":{\"@id\":\"https:\/\/jornalfatosenoticias.com.br\/index.php\/2020\/11\/17\/live-da-serie-foco-no-enem-sera-nesta-quinta-feira-19\/#primaryimage\"},\"thumbnailUrl\":\"https:\/\/jornalfatosenoticias.com.br\/wp-content\/uploads\/2020\/11\/lives-foco-no-enem-portugues-e-literatura-1.jpg\",\"datePublished\":\"2020-11-17T18:48:23+00:00\",\"dateModified\":\"2020-11-17T18:48:25+00:00\",\"breadcrumb\":{\"@id\":\"https:\/\/jornalfatosenoticias.com.br\/index.php\/2020\/11\/17\/live-da-serie-foco-no-enem-sera-nesta-quinta-feira-19\/#breadcrumb\"},\"inLanguage\":\"pt-BR\",\"potentialAction\":[{\"@type\":\"ReadAction\",\"target\":[\"https:\/\/jornalfatosenoticias.com.br\/index.php\/2020\/11\/17\/live-da-serie-foco-no-enem-sera-nesta-quinta-feira-19\/\"]}]},{\"@type\":\"ImageObject\",\"inLanguage\":\"pt-BR\",\"@id\":\"https:\/\/jornalfatosenoticias.com.br\/index.php\/2020\/11\/17\/live-da-serie-foco-no-enem-sera-nesta-quinta-feira-19\/#primaryimage\",\"url\":\"https:\/\/jornalfatosenoticias.com.br\/wp-content\/uploads\/2020\/11\/lives-foco-no-enem-portugues-e-literatura-1.jpg\",\"contentUrl\":\"https:\/\/jornalfatosenoticias.com.br\/wp-content\/uploads\/2020\/11\/lives-foco-no-enem-portugues-e-literatura-1.jpg\",\"width\":1000,\"height\":1000},{\"@type\":\"BreadcrumbList\",\"@id\":\"https:\/\/jornalfatosenoticias.com.br\/index.php\/2020\/11\/17\/live-da-serie-foco-no-enem-sera-nesta-quinta-feira-19\/#breadcrumb\",\"itemListElement\":[{\"@type\":\"ListItem\",\"position\":1,\"name\":\"In\u00edcio\",\"item\":\"https:\/\/jornalfatosenoticias.com.br\/\"},{\"@type\":\"ListItem\",\"position\":2,\"name\":\"Live da s\u00e9rie \u2018Foco no Enem\u2019 ser\u00e1 nesta quinta-feira (19)\"}]},{\"@type\":\"WebSite\",\"@id\":\"https:\/\/jornalfatosenoticias.com.br\/#website\",\"url\":\"https:\/\/jornalfatosenoticias.com.br\/\",\"name\":\"Jornal Fatos e Not\u00edcias\",\"description\":\"Not\u00edcias em geral\",\"publisher\":{\"@id\":\"https:\/\/jornalfatosenoticias.com.br\/#organization\"},\"potentialAction\":[{\"@type\":\"SearchAction\",\"target\":{\"@type\":\"EntryPoint\",\"urlTemplate\":\"https:\/\/jornalfatosenoticias.com.br\/?s={search_term_string}\"},\"query-input\":{\"@type\":\"PropertyValueSpecification\",\"valueRequired\":true,\"valueName\":\"search_term_string\"}}],\"inLanguage\":\"pt-BR\"},{\"@type\":\"Organization\",\"@id\":\"https:\/\/jornalfatosenoticias.com.br\/#organization\",\"name\":\"Jornal Fatos e Not\u00edcias\",\"url\":\"https:\/\/jornalfatosenoticias.com.br\/\",\"logo\":{\"@type\":\"ImageObject\",\"inLanguage\":\"pt-BR\",\"@id\":\"https:\/\/jornalfatosenoticias.com.br\/#\/schema\/logo\/image\/\",\"url\":\"https:\/\/jornalfatosenoticias.com.br\/wp-content\/uploads\/2020\/02\/logo120.png\",\"contentUrl\":\"https:\/\/jornalfatosenoticias.com.br\/wp-content\/uploads\/2020\/02\/logo120.png\",\"width\":1227,\"height\":120,\"caption\":\"Jornal Fatos e Not\u00edcias\"},\"image\":{\"@id\":\"https:\/\/jornalfatosenoticias.com.br\/#\/schema\/logo\/image\/\"}},{\"@type\":\"Person\",\"@id\":\"https:\/\/jornalfatosenoticias.com.br\/#\/schema\/person\/d63837fa13ac8666eb9e74e0985d6f81\",\"name\":\"Luzimara Fernandes\",\"image\":{\"@type\":\"ImageObject\",\"inLanguage\":\"pt-BR\",\"@id\":\"https:\/\/jornalfatosenoticias.com.br\/#\/schema\/person\/image\/\",\"url\":\"https:\/\/jornalfatosenoticias.com.br\/wp-content\/uploads\/2025\/05\/EU_portal.jpg\",\"contentUrl\":\"https:\/\/jornalfatosenoticias.com.br\/wp-content\/uploads\/2025\/05\/EU_portal.jpg\",\"caption\":\"Luzimara Fernandes\"},\"description\":\"Jornalista MTB 2358-ES\",\"sameAs\":[\"https:\/\/jornalfatosenoticias.com.br\"],\"url\":\"https:\/\/jornalfatosenoticias.com.br\/index.php\/author\/luzimara\/\"}]}<\/script>\n<!-- \/ Yoast SEO plugin. -->","yoast_head_json":{"title":"Live da s\u00e9rie \u2018Foco no Enem\u2019 ser\u00e1 nesta quinta-feira (19) - Jornal Fatos e Not\u00edcias","robots":{"index":"index","follow":"follow","max-snippet":"max-snippet:-1","max-image-preview":"max-image-preview:large","max-video-preview":"max-video-preview:-1"},"canonical":"https:\/\/jornalfatosenoticias.com.br\/index.php\/2020\/11\/17\/live-da-serie-foco-no-enem-sera-nesta-quinta-feira-19\/","og_locale":"pt_BR","og_type":"article","og_title":"Live da s\u00e9rie \u2018Foco no Enem\u2019 ser\u00e1 nesta quinta-feira (19) - Jornal Fatos e Not\u00edcias","og_description":"A Secretaria da Educa\u00e7\u00e3o (Sedu), por meio da Ger\u00eancia de Ensino M\u00e9dio (GEM), promover\u00e1 mais uma live da s\u00e9rie \u201cFoco no Enem\u201d, nesta quinta-feira (19), \u00e0s 15 horas, com o tema \u201cL\u00edngua Portuguesa e Literatura\u201d. A transmiss\u00e3o ser\u00e1 realizada pelo canal da Sedu Digital no YouTube e acess\u00edvel em Libras.Os convidados para a live s\u00e3o [&hellip;]","og_url":"https:\/\/jornalfatosenoticias.com.br\/index.php\/2020\/11\/17\/live-da-serie-foco-no-enem-sera-nesta-quinta-feira-19\/","og_site_name":"Jornal Fatos e Not\u00edcias","article_published_time":"2020-11-17T18:48:23+00:00","article_modified_time":"2020-11-17T18:48:25+00:00","og_image":[{"width":1000,"height":1000,"url":"https:\/\/jornalfatosenoticias.com.br\/wp-content\/uploads\/2020\/11\/lives-foco-no-enem-portugues-e-literatura-1.jpg","type":"image\/jpeg"}],"author":"Luzimara Fernandes","twitter_card":"summary_large_image","twitter_misc":{"Escrito por":"Luzimara Fernandes","Est. tempo de leitura":"1 minuto"},"schema":{"@context":"https:\/\/schema.org","@graph":[{"@type":"Article","@id":"https:\/\/jornalfatosenoticias.com.br\/index.php\/2020\/11\/17\/live-da-serie-foco-no-enem-sera-nesta-quinta-feira-19\/#article","isPartOf":{"@id":"https:\/\/jornalfatosenoticias.com.br\/index.php\/2020\/11\/17\/live-da-serie-foco-no-enem-sera-nesta-quinta-feira-19\/"},"author":{"name":"Luzimara Fernandes","@id":"https:\/\/jornalfatosenoticias.com.br\/#\/schema\/person\/d63837fa13ac8666eb9e74e0985d6f81"},"headline":"Live da s\u00e9rie \u2018Foco no Enem\u2019 ser\u00e1 nesta quinta-feira (19)","datePublished":"2020-11-17T18:48:23+00:00","dateModified":"2020-11-17T18:48:25+00:00","mainEntityOfPage":{"@id":"https:\/\/jornalfatosenoticias.com.br\/index.php\/2020\/11\/17\/live-da-serie-foco-no-enem-sera-nesta-quinta-feira-19\/"},"wordCount":135,"commentCount":0,"publisher":{"@id":"https:\/\/jornalfatosenoticias.com.br\/#organization"},"image":{"@id":"https:\/\/jornalfatosenoticias.com.br\/index.php\/2020\/11\/17\/live-da-serie-foco-no-enem-sera-nesta-quinta-feira-19\/#primaryimage"},"thumbnailUrl":"https:\/\/jornalfatosenoticias.com.br\/wp-content\/uploads\/2020\/11\/lives-foco-no-enem-portugues-e-literatura-1.jpg","keywords":["Enem","Foco no Enem","live","Sedu"],"articleSection":["Educa\u00e7\u00e3o"],"inLanguage":"pt-BR","potentialAction":[{"@type":"CommentAction","name":"Comment","target":["https:\/\/jornalfatosenoticias.com.br\/index.php\/2020\/11\/17\/live-da-serie-foco-no-enem-sera-nesta-quinta-feira-19\/#respond"]}]},{"@type":"WebPage","@id":"https:\/\/jornalfatosenoticias.com.br\/index.php\/2020\/11\/17\/live-da-serie-foco-no-enem-sera-nesta-quinta-feira-19\/","url":"https:\/\/jornalfatosenoticias.com.br\/index.php\/2020\/11\/17\/live-da-serie-foco-no-enem-sera-nesta-quinta-feira-19\/","name":"Live da s\u00e9rie \u2018Foco no Enem\u2019 ser\u00e1 nesta quinta-feira (19) - Jornal Fatos e Not\u00edcias","isPartOf":{"@id":"https:\/\/jornalfatosenoticias.com.br\/#website"},"primaryImageOfPage":{"@id":"https:\/\/jornalfatosenoticias.com.br\/index.php\/2020\/11\/17\/live-da-serie-foco-no-enem-sera-nesta-quinta-feira-19\/#primaryimage"},"image":{"@id":"https:\/\/jornalfatosenoticias.com.br\/index.php\/2020\/11\/17\/live-da-serie-foco-no-enem-sera-nesta-quinta-feira-19\/#primaryimage"},"thumbnailUrl":"https:\/\/jornalfatosenoticias.com.br\/wp-content\/uploads\/2020\/11\/lives-foco-no-enem-portugues-e-literatura-1.jpg","datePublished":"2020-11-17T18:48:23+00:00","dateModified":"2020-11-17T18:48:25+00:00","breadcrumb":{"@id":"https:\/\/jornalfatosenoticias.com.br\/index.php\/2020\/11\/17\/live-da-serie-foco-no-enem-sera-nesta-quinta-feira-19\/#breadcrumb"},"inLanguage":"pt-BR","potentialAction":[{"@type":"ReadAction","target":["https:\/\/jornalfatosenoticias.com.br\/index.php\/2020\/11\/17\/live-da-serie-foco-no-enem-sera-nesta-quinta-feira-19\/"]}]},{"@type":"ImageObject","inLanguage":"pt-BR","@id":"https:\/\/jornalfatosenoticias.com.br\/index.php\/2020\/11\/17\/live-da-serie-foco-no-enem-sera-nesta-quinta-feira-19\/#primaryimage","url":"https:\/\/jornalfatosenoticias.com.br\/wp-content\/uploads\/2020\/11\/lives-foco-no-enem-portugues-e-literatura-1.jpg","contentUrl":"https:\/\/jornalfatosenoticias.com.br\/wp-content\/uploads\/2020\/11\/lives-foco-no-enem-portugues-e-literatura-1.jpg","width":1000,"height":1000},{"@type":"BreadcrumbList","@id":"https:\/\/jornalfatosenoticias.com.br\/index.php\/2020\/11\/17\/live-da-serie-foco-no-enem-sera-nesta-quinta-feira-19\/#breadcrumb","itemListElement":[{"@type":"ListItem","position":1,"name":"In\u00edcio","item":"https:\/\/jornalfatosenoticias.com.br\/"},{"@type":"ListItem","position":2,"name":"Live da s\u00e9rie \u2018Foco no Enem\u2019 ser\u00e1 nesta quinta-feira (19)"}]},{"@type":"WebSite","@id":"https:\/\/jornalfatosenoticias.com.br\/#website","url":"https:\/\/jornalfatosenoticias.com.br\/","name":"Jornal Fatos e Not\u00edcias","description":"Not\u00edcias em geral","publisher":{"@id":"https:\/\/jornalfatosenoticias.com.br\/#organization"},"potentialAction":[{"@type":"SearchAction","target":{"@type":"EntryPoint","urlTemplate":"https:\/\/jornalfatosenoticias.com.br\/?s={search_term_string}"},"query-input":{"@type":"PropertyValueSpecification","valueRequired":true,"valueName":"search_term_string"}}],"inLanguage":"pt-BR"},{"@type":"Organization","@id":"https:\/\/jornalfatosenoticias.com.br\/#organization","name":"Jornal Fatos e Not\u00edcias","url":"https:\/\/jornalfatosenoticias.com.br\/","logo":{"@type":"ImageObject","inLanguage":"pt-BR","@id":"https:\/\/jornalfatosenoticias.com.br\/#\/schema\/logo\/image\/","url":"https:\/\/jornalfatosenoticias.com.br\/wp-content\/uploads\/2020\/02\/logo120.png","contentUrl":"https:\/\/jornalfatosenoticias.com.br\/wp-content\/uploads\/2020\/02\/logo120.png","width":1227,"height":120,"caption":"Jornal Fatos e Not\u00edcias"},"image":{"@id":"https:\/\/jornalfatosenoticias.com.br\/#\/schema\/logo\/image\/"}},{"@type":"Person","@id":"https:\/\/jornalfatosenoticias.com.br\/#\/schema\/person\/d63837fa13ac8666eb9e74e0985d6f81","name":"Luzimara Fernandes","image":{"@type":"ImageObject","inLanguage":"pt-BR","@id":"https:\/\/jornalfatosenoticias.com.br\/#\/schema\/person\/image\/","url":"https:\/\/jornalfatosenoticias.com.br\/wp-content\/uploads\/2025\/05\/EU_portal.jpg","contentUrl":"https:\/\/jornalfatosenoticias.com.br\/wp-content\/uploads\/2025\/05\/EU_portal.jpg","caption":"Luzimara Fernandes"},"description":"Jornalista MTB 2358-ES","sameAs":["https:\/\/jornalfatosenoticias.com.br"],"url":"https:\/\/jornalfatosenoticias.com.br\/index.php\/author\/luzimara\/"}]}},"cc_featured_image_caption":{"caption_text":"(Foto: \u00a9Ascom\/Sedu) \r\n","source_text":"","source_url":""},"jetpack_featured_media_url":"https:\/\/jornalfatosenoticias.com.br\/wp-content\/uploads\/2020\/11\/lives-foco-no-enem-portugues-e-literatura-1.jpg","_links":{"self":[{"href":"https:\/\/jornalfatosenoticias.com.br\/index.php\/wp-json\/wp\/v2\/posts\/11289","targetHints":{"allow":["GET"]}}],"collection":[{"href":"https:\/\/jornalfatosenoticias.com.br\/index.php\/wp-json\/wp\/v2\/posts"}],"about":[{"href":"https:\/\/jornalfatosenoticias.com.br\/index.php\/wp-json\/wp\/v2\/types\/post"}],"author":[{"embeddable":true,"href":"https:\/\/jornalfatosenoticias.com.br\/index.php\/wp-json\/wp\/v2\/users\/2"}],"replies":[{"embeddable":true,"href":"https:\/\/jornalfatosenoticias.com.br\/index.php\/wp-json\/wp\/v2\/comments?post=11289"}],"version-history":[{"count":0,"href":"https:\/\/jornalfatosenoticias.com.br\/index.php\/wp-json\/wp\/v2\/posts\/11289\/revisions"}],"wp:featuredmedia":[{"embeddable":true,"href":"https:\/\/jornalfatosenoticias.com.br\/index.php\/wp-json\/wp\/v2\/media\/11290"}],"wp:attachment":[{"href":"https:\/\/jornalfatosenoticias.com.br\/index.php\/wp-json\/wp\/v2\/media?parent=11289"}],"wp:term":[{"taxonomy":"category","embeddable":true,"href":"https:\/\/jornalfatosenoticias.com.br\/index.php\/wp-json\/wp\/v2\/categories?post=11289"},{"taxonomy":"post_tag","embeddable":true,"href":"https:\/\/jornalfatosenoticias.com.br\/index.php\/wp-json\/wp\/v2\/tags?post=11289"}],"curies":[{"name":"wp","href":"https:\/\/api.w.org\/{rel}","templated":true}]}}