{"id":11310,"date":"2020-11-18T09:26:51","date_gmt":"2020-11-18T12:26:51","guid":{"rendered":"https:\/\/jornalfatosenoticias.com.br\/?p=11310"},"modified":"2020-11-18T09:26:54","modified_gmt":"2020-11-18T12:26:54","slug":"wwf-lanca-plano-regional-de-conservacao-da-onca-pintada-na-america-latina","status":"publish","type":"post","link":"https:\/\/jornalfatosenoticias.com.br\/index.php\/2020\/11\/18\/wwf-lanca-plano-regional-de-conservacao-da-onca-pintada-na-america-latina\/","title":{"rendered":"WWF lan\u00e7a plano regional de conserva\u00e7\u00e3o da on\u00e7a-pintada na Am\u00e9rica Latina"},"content":{"rendered":"\n<p>Ela \u00e9 linda, \u00e1gil e inteligente. Esp\u00e9cie emblem\u00e1tica e reconhecida como maior felino das Am\u00e9ricas, desenvolve um papel fundamental nas florestas e, por s\u00e9culos, tem sido cultuada como s\u00edmbolo de for\u00e7a por in\u00fameros povos ind\u00edgenas na Am\u00e9rica do Sul.<br>A on\u00e7a-pintada \u00e9 um animal de topo da cadeia alimentar, ou seja, que controla popula\u00e7\u00f5es de outras esp\u00e9cies e, com isso, sustenta um delicado equil\u00edbrio entre fauna e flora. Sua presen\u00e7a \u00e9 um importante bioindicador da qualidade de um ambiente natural.<br>Estima-se que as \u00e1reas habitadas pelos felinos, globalmente, fornecem 12% da captura de CO2, 10,5% da produ\u00e7\u00e3o de madeira e 9,8% da pesca comercial. Mas, infelizmente, os cientistas calculam que, nas \u00faltimas d\u00e9cadas, a esp\u00e9cie tenha perdido 50% de sua distribui\u00e7\u00e3o hist\u00f3rica. Apenas 8,6% da superf\u00edcie terrestre do planeta hoje possui popula\u00e7\u00f5es de on\u00e7a-pintada.<br>Essa mesma \u00e1rea \u00e9 lar de 28% de toda biodiversidade global. Considerada como \u201cquase amea\u00e7ada\u201d na Lista Vermelha de Esp\u00e9cies Amea\u00e7adas da Uni\u00e3o Internacional para a Conserva\u00e7\u00e3o da Natureza (UICN), existem apenas 174 mil esp\u00e9cimes na natureza, 2\/3 na Amaz\u00f4nia.<br>Dentre as amea\u00e7as ao animal, o desmatamento, seja pela expans\u00e3o da agricultura e da pecu\u00e1ria industrial, a expans\u00e3o da \u00e1rea urbana, a extra\u00e7\u00e3o ilegal de madeira, o desenvolvimento de projetos de infraestrutura, a degrada\u00e7\u00e3o e perda de seus habitats, a ca\u00e7a ilegal e o tr\u00e1fico internacional.<\/p>\n\n\n\n<figure class=\"wp-block-image size-large\"><img loading=\"lazy\" decoding=\"async\" width=\"1000\" height=\"1000\" src=\"https:\/\/jornalfatosenoticias.com.br\/wp-content\/uploads\/2020\/11\/post_estrategiajaguar2030_2.png\" alt=\"\" class=\"wp-image-11312\" srcset=\"https:\/\/jornalfatosenoticias.com.br\/wp-content\/uploads\/2020\/11\/post_estrategiajaguar2030_2.png 1000w, https:\/\/jornalfatosenoticias.com.br\/wp-content\/uploads\/2020\/11\/post_estrategiajaguar2030_2-300x300.png 300w, https:\/\/jornalfatosenoticias.com.br\/wp-content\/uploads\/2020\/11\/post_estrategiajaguar2030_2-150x150.png 150w, https:\/\/jornalfatosenoticias.com.br\/wp-content\/uploads\/2020\/11\/post_estrategiajaguar2030_2-768x768.png 768w\" sizes=\"auto, (max-width: 1000px) 100vw, 1000px\" \/><figcaption><em>A on\u00e7a-pintada \u00e9 o terceiro maior felino do planeta e est\u00e1 presente em 18 dos 21 pa\u00edses da Am\u00e9rica Latina, do M\u00e9xico \u00e0 Argentina, sendo j\u00e1 extinta no Uruguai e em El Salvador (Foto: \u00a9Emmanuel Rondeau\/WWF-Fran\u00e7a)<\/em><\/figcaption><\/figure>\n\n\n\n<h4 class=\"wp-block-heading\">Plano transfronteiri\u00e7o de conserva\u00e7\u00e3o<\/h4>\n\n\n\n<p>Assim, com o objetivo de garantir a recupera\u00e7\u00e3o da on\u00e7a-pintada, foi criada a Estrat\u00e9gia de Conserva\u00e7\u00e3o da On\u00e7a-Pintada 2020-2030, um programa que contempla 15 paisagens priorit\u00e1rias, em 14 dos 18 pa\u00edses onde o felino ainda vive, inclusive no Brasil.<br>Coordenada pela Rede WWF em parceria com outras organiza\u00e7\u00f5es, a Estrat\u00e9gia ir\u00e1 promover atividades econ\u00f4micas sustent\u00e1veis, como agrofloresta e restaura\u00e7\u00e3o florestal comunit\u00e1ria, em benef\u00edcio das popula\u00e7\u00f5es humanas que coexistem com o felino.<\/p>\n\n\n\n<blockquote class=\"wp-block-quote is-layout-flow wp-block-quote-is-layout-flow\"><p>\u201cA on\u00e7a-pintada pode se tornar um s\u00edmbolo de desenvolvimento sustent\u00e1vel na Am\u00e9rica Latina, e os esfor\u00e7os dirigidos a sua conserva\u00e7\u00e3o podem ajudar os pa\u00edses a cumprir suas metas de desenvolvimento sustent\u00e1vel\u201d, disse Maria Jos\u00e9 Villanueva, Diretora de Conserva\u00e7\u00e3o do WWF-M\u00e9xico e l\u00edder regional da iniciativa de conserva\u00e7\u00e3o da on\u00e7a-pintada.<\/p><\/blockquote>\n\n\n\n<p>A estrat\u00e9gia, que tem dura\u00e7\u00e3o de 10 anos, ser\u00e1 um guia para as a\u00e7\u00f5es do WWF na regi\u00e3o a favor do maior felino do continente e das \u00e1reas que ele habita. A ideia \u00e9 assegurar as Unidades de Conserva\u00e7\u00e3o da On\u00e7a-Pintada, \u00e1reas de prioridade para a prote\u00e7\u00e3o da esp\u00e9cie. Das 15 paisagens priorit\u00e1rias identificadas pelos cientistas ao longo de 20 anos, sete s\u00e3o transfronteiri\u00e7as:<\/p>\n\n\n\n<figure class=\"wp-block-image size-large\"><img loading=\"lazy\" decoding=\"async\" width=\"1024\" height=\"864\" src=\"https:\/\/jornalfatosenoticias.com.br\/wp-content\/uploads\/2020\/11\/tabela_onca-pintada-1024x864.png\" alt=\"\" class=\"wp-image-11311\" srcset=\"https:\/\/jornalfatosenoticias.com.br\/wp-content\/uploads\/2020\/11\/tabela_onca-pintada-1024x864.png 1024w, https:\/\/jornalfatosenoticias.com.br\/wp-content\/uploads\/2020\/11\/tabela_onca-pintada-300x253.png 300w, https:\/\/jornalfatosenoticias.com.br\/wp-content\/uploads\/2020\/11\/tabela_onca-pintada-768x648.png 768w, https:\/\/jornalfatosenoticias.com.br\/wp-content\/uploads\/2020\/11\/tabela_onca-pintada.png 1185w\" sizes=\"auto, (max-width: 1024px) 100vw, 1024px\" \/><\/figure>\n\n\n\n<p>\u201cA Estrat\u00e9gia delineia as duas metas que a Rede WWF planeja alcan\u00e7ar para 2030: estabilizar ou aumentar as popula\u00e7\u00f5es de on\u00e7a-pintada e aumentar ou estabilizar a distribui\u00e7\u00e3o do felino, as popula\u00e7\u00f5es de suas presas e a conectividade de seus habitats dentro das 15 paisagens priorit\u00e1rios\u201d, explica Roberto Troya, Diretor Regional do WWF na Am\u00e9rica Latina e Caribe.<br>A Estrat\u00e9gia de Conserva\u00e7\u00e3o da On\u00e7a-Pintada 2020-2030 est\u00e1 sendo lan\u00e7ada quando a conex\u00e3o entre a nossa sa\u00fade e a da natureza est\u00e1 mais evidente que nunca. Hoje sabemos que a perda de biodiversidade est\u00e1 ligada \u00e0 apari\u00e7\u00e3o de v\u00edrus como o SARS-CoV-2, que causa a Covid-19.<\/p>\n\n\n\n<blockquote class=\"wp-block-quote is-layout-flow wp-block-quote-is-layout-flow\"><p>\u201cAo conservar a on\u00e7a-pintada e seu habitat, o WWF contribui em reverter a perda de esp\u00e9cies e em diminuir a probabilidade de surgirem novas enfermidades de origem animal\u201d, disse Troya.<\/p><\/blockquote>\n\n\n\n<figure class=\"wp-block-image size-large\"><img loading=\"lazy\" decoding=\"async\" width=\"1000\" height=\"1000\" src=\"https:\/\/jornalfatosenoticias.com.br\/wp-content\/uploads\/2020\/11\/post_estrategiajaguar2030_3.png\" alt=\"\" class=\"wp-image-11313\" srcset=\"https:\/\/jornalfatosenoticias.com.br\/wp-content\/uploads\/2020\/11\/post_estrategiajaguar2030_3.png 1000w, https:\/\/jornalfatosenoticias.com.br\/wp-content\/uploads\/2020\/11\/post_estrategiajaguar2030_3-300x300.png 300w, https:\/\/jornalfatosenoticias.com.br\/wp-content\/uploads\/2020\/11\/post_estrategiajaguar2030_3-150x150.png 150w, https:\/\/jornalfatosenoticias.com.br\/wp-content\/uploads\/2020\/11\/post_estrategiajaguar2030_3-768x768.png 768w\" sizes=\"auto, (max-width: 1000px) 100vw, 1000px\" \/><figcaption><em>De acordo com a IUCN, existem apenas 64 mil esp\u00e9cimes na natureza, 90% deles na Amaz\u00f4nia (Foto: \u00a9Paulo Behar\/WWF-Brasil)<\/em><\/figcaption><\/figure>\n\n\n\n<p>O documento tamb\u00e9m delineia as contribui\u00e7\u00f5es do WWF a outros esfor\u00e7os internacionais de conserva\u00e7\u00e3o, como o Plano On\u00e7a-pintada 2030, lan\u00e7ado na CoP-14 de Diversidade Biol\u00f3gica, em 2018. Entre as contribui\u00e7\u00f5es, destacam-se o fortalecimento da coopera\u00e7\u00e3o transfronteiri\u00e7a, o impulsionamento de modelos de desenvolvimento sustent\u00e1vel compat\u00edveis com a conserva\u00e7\u00e3o da on\u00e7a-pintada nas paisagens priorit\u00e1rias e melhorar a sustentabilidade financeira das a\u00e7\u00f5es dirigidas \u00e0 conserva\u00e7\u00e3o da on\u00e7a-pintada e de seu habitat.<\/p>\n\n\n\n<h4 class=\"wp-block-heading\">Atua\u00e7\u00e3o do WWF-Brasil<\/h4>\n\n\n\n<p>Ao longo da hist\u00f3ria do WWF-Brasil, j\u00e1 desenvolvemos projetos pela conserva\u00e7\u00e3o da on\u00e7a-pintada em alguns biomas brasileiros e nas regi\u00f5es compartilhadas com outros pa\u00edses da Am\u00e9rica do Sul.<br>Marcelo Oliveira, especialista em conserva\u00e7\u00e3o do WWF-Brasil, explica que na Amaz\u00f4nia as a\u00e7\u00f5es priorizam a gera\u00e7\u00e3o de conhecimento cient\u00edfico.<\/p>\n\n\n\n<blockquote class=\"wp-block-quote is-layout-flow wp-block-quote-is-layout-flow\"><p>\u201cAssim temos melhor entendimento sobre o estado de conserva\u00e7\u00e3o das popula\u00e7\u00f5es desse felino nas \u00e1reas protegidas, incluindo os territ\u00f3rios ind\u00edgenas, que s\u00e3o ref\u00fagios important\u00edssimos para manuten\u00e7\u00e3o da maior popula\u00e7\u00e3o de on\u00e7as-pintadas do mundo\u201d, comenta.<\/p><\/blockquote>\n\n\n\n<p>J\u00e1 na Mata Atl\u00e2ntica, um exemplo de atua\u00e7\u00e3o do WWF-Brasil \u00e9 o projeto de conserva\u00e7\u00e3o de on\u00e7as-pintadas no corredor trinacional, em parceira com Argentina e Paraguai. Dentro desta coopera\u00e7\u00e3o, pesquisadores brasileiros e argentinos realizam juntos desde 2015 o censo populacional de on\u00e7as-pintadas (Parque Nacional do Igua\u00e7u, Brasil, e Corredor Verde, Argentina).<br>O \u00faltimo censo, divulgado em novembro de 2019, apontou crescimento do n\u00famero de on\u00e7as-pintadas na regi\u00e3o. O total estimado passou de 71 a 107, em 2016, para entre 84 e 125 no ano passado. Foram 217 pontos de amostragem, 600 mil hectares amostrados e mais de 10 mil km percorridos pelas equipes dos dois pa\u00edses. De carro, a p\u00e9, de barco e helic\u00f3ptero, armadilhas fotogr\u00e1ficas foram instaladas para que a densidade das on\u00e7as-pintadas pudesse ser amostrada.<\/p>\n\n\n\n<figure class=\"wp-block-image size-large\"><img loading=\"lazy\" decoding=\"async\" width=\"1000\" height=\"1000\" src=\"https:\/\/jornalfatosenoticias.com.br\/wp-content\/uploads\/2020\/11\/post_estrategiajaguar2030_4.png\" alt=\"\" class=\"wp-image-11314\" srcset=\"https:\/\/jornalfatosenoticias.com.br\/wp-content\/uploads\/2020\/11\/post_estrategiajaguar2030_4.png 1000w, https:\/\/jornalfatosenoticias.com.br\/wp-content\/uploads\/2020\/11\/post_estrategiajaguar2030_4-300x300.png 300w, https:\/\/jornalfatosenoticias.com.br\/wp-content\/uploads\/2020\/11\/post_estrategiajaguar2030_4-150x150.png 150w, https:\/\/jornalfatosenoticias.com.br\/wp-content\/uploads\/2020\/11\/post_estrategiajaguar2030_4-768x768.png 768w\" sizes=\"auto, (max-width: 1000px) 100vw, 1000px\" \/><figcaption><em>Estima-se que, nas \u00faltimas d\u00e9cadas, a esp\u00e9cie tenha perdido 50% de sua distribui\u00e7\u00e3o hist\u00f3rica (Foto: \u00a9Rog\u00e9rio de Castro Duarte e Silva\/WWF-Brasil)<\/em><\/figcaption><\/figure>\n\n\n\n<p>Felipe Feliciani, analista de conserva\u00e7\u00e3o do WWF-Brasil, explica que, no Brasil, os trabalhos s\u00e3o focados no Parque Nacional do Igua\u00e7u (PR) e no Parque Estadual do Turvo (RS). \u201cOs resultados obtidos nos \u00faltimos anos s\u00e3o animadores e demonstram que os esfor\u00e7os de conserva\u00e7\u00e3o est\u00e3o surtindo efeito. A popula\u00e7\u00e3o de on\u00e7as-pintadas no Parque Nacional do Igua\u00e7u, por exemplo, \u00e9 a \u00fanica na Mata Atl\u00e2ntica, que comprovadamente est\u00e1 em uma curva crescente\u201d, comenta.<br>Um novo censo deveria ter sido feito no primeiro semestre de 2020, mas foi adiado por conta da pandemia de Covid-19. Ainda assim, o projeto On\u00e7as do Igua\u00e7u e outros parceiros locais continuam atuando na regi\u00e3o pela conserva\u00e7\u00e3o das on\u00e7as. Ficou curioso para saber mais sobre essa parceria? Escute o podcast Barulho da On\u00e7a!<br>\u201cA Estrat\u00e9gia regional para a conserva\u00e7\u00e3o de on\u00e7as-pintadas vai fortalecer ainda mais esse trabalho conjunto entre pa\u00edses vizinhos, al\u00e9m de promover de forma mais intensa a troca de experi\u00eancias entre os diversos projetos que atuam em todo o territ\u00f3rio de ocorr\u00eancia da esp\u00e9cie\u201d, reflete Felipe Feliciani.<\/p>\n\n\n\n<p><strong><em>Fonte: <a href=\"https:\/\/www.wwf.org.br\/informacoes\/noticias_meio_ambiente_e_natureza\/?77328\/WWF-lanca-plano-regional-de-conservacao-da-onca-pintada-na-America-Latina#\">WWF-Brasil<\/a><\/em><\/strong><\/p>\n","protected":false},"excerpt":{"rendered":"<p>Ela \u00e9 linda, \u00e1gil e inteligente. Esp\u00e9cie emblem\u00e1tica e reconhecida como maior felino das Am\u00e9ricas, desenvolve um papel fundamental nas florestas e, por s\u00e9culos, tem sido cultuada como s\u00edmbolo de for\u00e7a por in\u00fameros povos ind\u00edgenas na Am\u00e9rica do Sul.A on\u00e7a-pintada \u00e9 um animal de topo da cadeia alimentar, ou seja, que controla popula\u00e7\u00f5es de outras [&hellip;]<\/p>\n","protected":false},"author":2,"featured_media":11315,"comment_status":"open","ping_status":"open","sticky":false,"template":"","format":"standard","meta":{"footnotes":""},"categories":[8],"tags":[260,970,5990],"class_list":["post-11310","post","type-post","status-publish","format-standard","has-post-thumbnail","hentry","category-meio-ambiente","tag-america-latina","tag-onca-pintada","tag-plano-de-conservacao"],"yoast_head":"<!-- This site is optimized with the Yoast SEO plugin v26.5 - https:\/\/yoast.com\/wordpress\/plugins\/seo\/ -->\n<title>WWF lan\u00e7a plano regional de conserva\u00e7\u00e3o da on\u00e7a-pintada na Am\u00e9rica Latina - Jornal Fatos e Not\u00edcias<\/title>\n<meta name=\"robots\" content=\"index, follow, max-snippet:-1, max-image-preview:large, max-video-preview:-1\" \/>\n<link rel=\"canonical\" href=\"https:\/\/jornalfatosenoticias.com.br\/index.php\/2020\/11\/18\/wwf-lanca-plano-regional-de-conservacao-da-onca-pintada-na-america-latina\/\" \/>\n<meta property=\"og:locale\" content=\"pt_BR\" \/>\n<meta property=\"og:type\" content=\"article\" \/>\n<meta property=\"og:title\" content=\"WWF lan\u00e7a plano regional de conserva\u00e7\u00e3o da on\u00e7a-pintada na Am\u00e9rica Latina - Jornal Fatos e Not\u00edcias\" \/>\n<meta property=\"og:description\" content=\"Ela \u00e9 linda, \u00e1gil e inteligente. Esp\u00e9cie emblem\u00e1tica e reconhecida como maior felino das Am\u00e9ricas, desenvolve um papel fundamental nas florestas e, por s\u00e9culos, tem sido cultuada como s\u00edmbolo de for\u00e7a por in\u00fameros povos ind\u00edgenas na Am\u00e9rica do Sul.A on\u00e7a-pintada \u00e9 um animal de topo da cadeia alimentar, ou seja, que controla popula\u00e7\u00f5es de outras [&hellip;]\" \/>\n<meta property=\"og:url\" content=\"https:\/\/jornalfatosenoticias.com.br\/index.php\/2020\/11\/18\/wwf-lanca-plano-regional-de-conservacao-da-onca-pintada-na-america-latina\/\" \/>\n<meta property=\"og:site_name\" content=\"Jornal Fatos e Not\u00edcias\" \/>\n<meta property=\"article:published_time\" content=\"2020-11-18T12:26:51+00:00\" \/>\n<meta property=\"article:modified_time\" content=\"2020-11-18T12:26:54+00:00\" \/>\n<meta property=\"og:image\" content=\"https:\/\/jornalfatosenoticias.com.br\/wp-content\/uploads\/2020\/11\/post_estrategia-jaguar2030_1.png\" \/>\n\t<meta property=\"og:image:width\" content=\"660\" \/>\n\t<meta property=\"og:image:height\" content=\"660\" \/>\n\t<meta property=\"og:image:type\" content=\"image\/png\" \/>\n<meta name=\"author\" content=\"Luzimara Fernandes\" \/>\n<meta name=\"twitter:card\" content=\"summary_large_image\" \/>\n<meta name=\"twitter:label1\" content=\"Escrito por\" \/>\n\t<meta name=\"twitter:data1\" content=\"Luzimara Fernandes\" \/>\n\t<meta name=\"twitter:label2\" content=\"Est. tempo de leitura\" \/>\n\t<meta name=\"twitter:data2\" content=\"6 minutos\" \/>\n<script type=\"application\/ld+json\" class=\"yoast-schema-graph\">{\"@context\":\"https:\/\/schema.org\",\"@graph\":[{\"@type\":\"Article\",\"@id\":\"https:\/\/jornalfatosenoticias.com.br\/index.php\/2020\/11\/18\/wwf-lanca-plano-regional-de-conservacao-da-onca-pintada-na-america-latina\/#article\",\"isPartOf\":{\"@id\":\"https:\/\/jornalfatosenoticias.com.br\/index.php\/2020\/11\/18\/wwf-lanca-plano-regional-de-conservacao-da-onca-pintada-na-america-latina\/\"},\"author\":{\"name\":\"Luzimara Fernandes\",\"@id\":\"https:\/\/jornalfatosenoticias.com.br\/#\/schema\/person\/d63837fa13ac8666eb9e74e0985d6f81\"},\"headline\":\"WWF lan\u00e7a plano regional de conserva\u00e7\u00e3o da on\u00e7a-pintada na Am\u00e9rica Latina\",\"datePublished\":\"2020-11-18T12:26:51+00:00\",\"dateModified\":\"2020-11-18T12:26:54+00:00\",\"mainEntityOfPage\":{\"@id\":\"https:\/\/jornalfatosenoticias.com.br\/index.php\/2020\/11\/18\/wwf-lanca-plano-regional-de-conservacao-da-onca-pintada-na-america-latina\/\"},\"wordCount\":1230,\"commentCount\":0,\"publisher\":{\"@id\":\"https:\/\/jornalfatosenoticias.com.br\/#organization\"},\"image\":{\"@id\":\"https:\/\/jornalfatosenoticias.com.br\/index.php\/2020\/11\/18\/wwf-lanca-plano-regional-de-conservacao-da-onca-pintada-na-america-latina\/#primaryimage\"},\"thumbnailUrl\":\"https:\/\/jornalfatosenoticias.com.br\/wp-content\/uploads\/2020\/11\/post_estrategia-jaguar2030_1.png\",\"keywords\":[\"Am\u00e9rica latina\",\"on\u00e7a-pintada\",\"plano de conserva\u00e7\u00e3o\"],\"articleSection\":[\"Meio ambiente\"],\"inLanguage\":\"pt-BR\",\"potentialAction\":[{\"@type\":\"CommentAction\",\"name\":\"Comment\",\"target\":[\"https:\/\/jornalfatosenoticias.com.br\/index.php\/2020\/11\/18\/wwf-lanca-plano-regional-de-conservacao-da-onca-pintada-na-america-latina\/#respond\"]}]},{\"@type\":\"WebPage\",\"@id\":\"https:\/\/jornalfatosenoticias.com.br\/index.php\/2020\/11\/18\/wwf-lanca-plano-regional-de-conservacao-da-onca-pintada-na-america-latina\/\",\"url\":\"https:\/\/jornalfatosenoticias.com.br\/index.php\/2020\/11\/18\/wwf-lanca-plano-regional-de-conservacao-da-onca-pintada-na-america-latina\/\",\"name\":\"WWF lan\u00e7a plano regional de conserva\u00e7\u00e3o da on\u00e7a-pintada na Am\u00e9rica Latina - Jornal Fatos e Not\u00edcias\",\"isPartOf\":{\"@id\":\"https:\/\/jornalfatosenoticias.com.br\/#website\"},\"primaryImageOfPage\":{\"@id\":\"https:\/\/jornalfatosenoticias.com.br\/index.php\/2020\/11\/18\/wwf-lanca-plano-regional-de-conservacao-da-onca-pintada-na-america-latina\/#primaryimage\"},\"image\":{\"@id\":\"https:\/\/jornalfatosenoticias.com.br\/index.php\/2020\/11\/18\/wwf-lanca-plano-regional-de-conservacao-da-onca-pintada-na-america-latina\/#primaryimage\"},\"thumbnailUrl\":\"https:\/\/jornalfatosenoticias.com.br\/wp-content\/uploads\/2020\/11\/post_estrategia-jaguar2030_1.png\",\"datePublished\":\"2020-11-18T12:26:51+00:00\",\"dateModified\":\"2020-11-18T12:26:54+00:00\",\"breadcrumb\":{\"@id\":\"https:\/\/jornalfatosenoticias.com.br\/index.php\/2020\/11\/18\/wwf-lanca-plano-regional-de-conservacao-da-onca-pintada-na-america-latina\/#breadcrumb\"},\"inLanguage\":\"pt-BR\",\"potentialAction\":[{\"@type\":\"ReadAction\",\"target\":[\"https:\/\/jornalfatosenoticias.com.br\/index.php\/2020\/11\/18\/wwf-lanca-plano-regional-de-conservacao-da-onca-pintada-na-america-latina\/\"]}]},{\"@type\":\"ImageObject\",\"inLanguage\":\"pt-BR\",\"@id\":\"https:\/\/jornalfatosenoticias.com.br\/index.php\/2020\/11\/18\/wwf-lanca-plano-regional-de-conservacao-da-onca-pintada-na-america-latina\/#primaryimage\",\"url\":\"https:\/\/jornalfatosenoticias.com.br\/wp-content\/uploads\/2020\/11\/post_estrategia-jaguar2030_1.png\",\"contentUrl\":\"https:\/\/jornalfatosenoticias.com.br\/wp-content\/uploads\/2020\/11\/post_estrategia-jaguar2030_1.png\",\"width\":1000,\"height\":1000},{\"@type\":\"BreadcrumbList\",\"@id\":\"https:\/\/jornalfatosenoticias.com.br\/index.php\/2020\/11\/18\/wwf-lanca-plano-regional-de-conservacao-da-onca-pintada-na-america-latina\/#breadcrumb\",\"itemListElement\":[{\"@type\":\"ListItem\",\"position\":1,\"name\":\"In\u00edcio\",\"item\":\"https:\/\/jornalfatosenoticias.com.br\/\"},{\"@type\":\"ListItem\",\"position\":2,\"name\":\"WWF lan\u00e7a plano regional de conserva\u00e7\u00e3o da on\u00e7a-pintada na Am\u00e9rica Latina\"}]},{\"@type\":\"WebSite\",\"@id\":\"https:\/\/jornalfatosenoticias.com.br\/#website\",\"url\":\"https:\/\/jornalfatosenoticias.com.br\/\",\"name\":\"Jornal Fatos e Not\u00edcias\",\"description\":\"Not\u00edcias em geral\",\"publisher\":{\"@id\":\"https:\/\/jornalfatosenoticias.com.br\/#organization\"},\"potentialAction\":[{\"@type\":\"SearchAction\",\"target\":{\"@type\":\"EntryPoint\",\"urlTemplate\":\"https:\/\/jornalfatosenoticias.com.br\/?s={search_term_string}\"},\"query-input\":{\"@type\":\"PropertyValueSpecification\",\"valueRequired\":true,\"valueName\":\"search_term_string\"}}],\"inLanguage\":\"pt-BR\"},{\"@type\":\"Organization\",\"@id\":\"https:\/\/jornalfatosenoticias.com.br\/#organization\",\"name\":\"Jornal Fatos e Not\u00edcias\",\"url\":\"https:\/\/jornalfatosenoticias.com.br\/\",\"logo\":{\"@type\":\"ImageObject\",\"inLanguage\":\"pt-BR\",\"@id\":\"https:\/\/jornalfatosenoticias.com.br\/#\/schema\/logo\/image\/\",\"url\":\"https:\/\/jornalfatosenoticias.com.br\/wp-content\/uploads\/2020\/02\/logo120.png\",\"contentUrl\":\"https:\/\/jornalfatosenoticias.com.br\/wp-content\/uploads\/2020\/02\/logo120.png\",\"width\":1227,\"height\":120,\"caption\":\"Jornal Fatos e Not\u00edcias\"},\"image\":{\"@id\":\"https:\/\/jornalfatosenoticias.com.br\/#\/schema\/logo\/image\/\"}},{\"@type\":\"Person\",\"@id\":\"https:\/\/jornalfatosenoticias.com.br\/#\/schema\/person\/d63837fa13ac8666eb9e74e0985d6f81\",\"name\":\"Luzimara Fernandes\",\"image\":{\"@type\":\"ImageObject\",\"inLanguage\":\"pt-BR\",\"@id\":\"https:\/\/jornalfatosenoticias.com.br\/#\/schema\/person\/image\/\",\"url\":\"https:\/\/jornalfatosenoticias.com.br\/wp-content\/uploads\/2025\/05\/EU_portal.jpg\",\"contentUrl\":\"https:\/\/jornalfatosenoticias.com.br\/wp-content\/uploads\/2025\/05\/EU_portal.jpg\",\"caption\":\"Luzimara Fernandes\"},\"description\":\"Jornalista MTB 2358-ES\",\"sameAs\":[\"https:\/\/jornalfatosenoticias.com.br\"],\"url\":\"https:\/\/jornalfatosenoticias.com.br\/index.php\/author\/luzimara\/\"}]}<\/script>\n<!-- \/ Yoast SEO plugin. -->","yoast_head_json":{"title":"WWF lan\u00e7a plano regional de conserva\u00e7\u00e3o da on\u00e7a-pintada na Am\u00e9rica Latina - Jornal Fatos e Not\u00edcias","robots":{"index":"index","follow":"follow","max-snippet":"max-snippet:-1","max-image-preview":"max-image-preview:large","max-video-preview":"max-video-preview:-1"},"canonical":"https:\/\/jornalfatosenoticias.com.br\/index.php\/2020\/11\/18\/wwf-lanca-plano-regional-de-conservacao-da-onca-pintada-na-america-latina\/","og_locale":"pt_BR","og_type":"article","og_title":"WWF lan\u00e7a plano regional de conserva\u00e7\u00e3o da on\u00e7a-pintada na Am\u00e9rica Latina - Jornal Fatos e Not\u00edcias","og_description":"Ela \u00e9 linda, \u00e1gil e inteligente. Esp\u00e9cie emblem\u00e1tica e reconhecida como maior felino das Am\u00e9ricas, desenvolve um papel fundamental nas florestas e, por s\u00e9culos, tem sido cultuada como s\u00edmbolo de for\u00e7a por in\u00fameros povos ind\u00edgenas na Am\u00e9rica do Sul.A on\u00e7a-pintada \u00e9 um animal de topo da cadeia alimentar, ou seja, que controla popula\u00e7\u00f5es de outras [&hellip;]","og_url":"https:\/\/jornalfatosenoticias.com.br\/index.php\/2020\/11\/18\/wwf-lanca-plano-regional-de-conservacao-da-onca-pintada-na-america-latina\/","og_site_name":"Jornal Fatos e Not\u00edcias","article_published_time":"2020-11-18T12:26:51+00:00","article_modified_time":"2020-11-18T12:26:54+00:00","og_image":[{"url":"https:\/\/jornalfatosenoticias.com.br\/wp-content\/uploads\/2020\/11\/post_estrategia-jaguar2030_1.png","width":660,"height":660,"type":"image\/png"}],"author":"Luzimara Fernandes","twitter_card":"summary_large_image","twitter_misc":{"Escrito por":"Luzimara Fernandes","Est. tempo de leitura":"6 minutos"},"schema":{"@context":"https:\/\/schema.org","@graph":[{"@type":"Article","@id":"https:\/\/jornalfatosenoticias.com.br\/index.php\/2020\/11\/18\/wwf-lanca-plano-regional-de-conservacao-da-onca-pintada-na-america-latina\/#article","isPartOf":{"@id":"https:\/\/jornalfatosenoticias.com.br\/index.php\/2020\/11\/18\/wwf-lanca-plano-regional-de-conservacao-da-onca-pintada-na-america-latina\/"},"author":{"name":"Luzimara Fernandes","@id":"https:\/\/jornalfatosenoticias.com.br\/#\/schema\/person\/d63837fa13ac8666eb9e74e0985d6f81"},"headline":"WWF lan\u00e7a plano regional de conserva\u00e7\u00e3o da on\u00e7a-pintada na Am\u00e9rica Latina","datePublished":"2020-11-18T12:26:51+00:00","dateModified":"2020-11-18T12:26:54+00:00","mainEntityOfPage":{"@id":"https:\/\/jornalfatosenoticias.com.br\/index.php\/2020\/11\/18\/wwf-lanca-plano-regional-de-conservacao-da-onca-pintada-na-america-latina\/"},"wordCount":1230,"commentCount":0,"publisher":{"@id":"https:\/\/jornalfatosenoticias.com.br\/#organization"},"image":{"@id":"https:\/\/jornalfatosenoticias.com.br\/index.php\/2020\/11\/18\/wwf-lanca-plano-regional-de-conservacao-da-onca-pintada-na-america-latina\/#primaryimage"},"thumbnailUrl":"https:\/\/jornalfatosenoticias.com.br\/wp-content\/uploads\/2020\/11\/post_estrategia-jaguar2030_1.png","keywords":["Am\u00e9rica latina","on\u00e7a-pintada","plano de conserva\u00e7\u00e3o"],"articleSection":["Meio ambiente"],"inLanguage":"pt-BR","potentialAction":[{"@type":"CommentAction","name":"Comment","target":["https:\/\/jornalfatosenoticias.com.br\/index.php\/2020\/11\/18\/wwf-lanca-plano-regional-de-conservacao-da-onca-pintada-na-america-latina\/#respond"]}]},{"@type":"WebPage","@id":"https:\/\/jornalfatosenoticias.com.br\/index.php\/2020\/11\/18\/wwf-lanca-plano-regional-de-conservacao-da-onca-pintada-na-america-latina\/","url":"https:\/\/jornalfatosenoticias.com.br\/index.php\/2020\/11\/18\/wwf-lanca-plano-regional-de-conservacao-da-onca-pintada-na-america-latina\/","name":"WWF lan\u00e7a plano regional de conserva\u00e7\u00e3o da on\u00e7a-pintada na Am\u00e9rica Latina - Jornal Fatos e Not\u00edcias","isPartOf":{"@id":"https:\/\/jornalfatosenoticias.com.br\/#website"},"primaryImageOfPage":{"@id":"https:\/\/jornalfatosenoticias.com.br\/index.php\/2020\/11\/18\/wwf-lanca-plano-regional-de-conservacao-da-onca-pintada-na-america-latina\/#primaryimage"},"image":{"@id":"https:\/\/jornalfatosenoticias.com.br\/index.php\/2020\/11\/18\/wwf-lanca-plano-regional-de-conservacao-da-onca-pintada-na-america-latina\/#primaryimage"},"thumbnailUrl":"https:\/\/jornalfatosenoticias.com.br\/wp-content\/uploads\/2020\/11\/post_estrategia-jaguar2030_1.png","datePublished":"2020-11-18T12:26:51+00:00","dateModified":"2020-11-18T12:26:54+00:00","breadcrumb":{"@id":"https:\/\/jornalfatosenoticias.com.br\/index.php\/2020\/11\/18\/wwf-lanca-plano-regional-de-conservacao-da-onca-pintada-na-america-latina\/#breadcrumb"},"inLanguage":"pt-BR","potentialAction":[{"@type":"ReadAction","target":["https:\/\/jornalfatosenoticias.com.br\/index.php\/2020\/11\/18\/wwf-lanca-plano-regional-de-conservacao-da-onca-pintada-na-america-latina\/"]}]},{"@type":"ImageObject","inLanguage":"pt-BR","@id":"https:\/\/jornalfatosenoticias.com.br\/index.php\/2020\/11\/18\/wwf-lanca-plano-regional-de-conservacao-da-onca-pintada-na-america-latina\/#primaryimage","url":"https:\/\/jornalfatosenoticias.com.br\/wp-content\/uploads\/2020\/11\/post_estrategia-jaguar2030_1.png","contentUrl":"https:\/\/jornalfatosenoticias.com.br\/wp-content\/uploads\/2020\/11\/post_estrategia-jaguar2030_1.png","width":1000,"height":1000},{"@type":"BreadcrumbList","@id":"https:\/\/jornalfatosenoticias.com.br\/index.php\/2020\/11\/18\/wwf-lanca-plano-regional-de-conservacao-da-onca-pintada-na-america-latina\/#breadcrumb","itemListElement":[{"@type":"ListItem","position":1,"name":"In\u00edcio","item":"https:\/\/jornalfatosenoticias.com.br\/"},{"@type":"ListItem","position":2,"name":"WWF lan\u00e7a plano regional de conserva\u00e7\u00e3o da on\u00e7a-pintada na Am\u00e9rica Latina"}]},{"@type":"WebSite","@id":"https:\/\/jornalfatosenoticias.com.br\/#website","url":"https:\/\/jornalfatosenoticias.com.br\/","name":"Jornal Fatos e Not\u00edcias","description":"Not\u00edcias em geral","publisher":{"@id":"https:\/\/jornalfatosenoticias.com.br\/#organization"},"potentialAction":[{"@type":"SearchAction","target":{"@type":"EntryPoint","urlTemplate":"https:\/\/jornalfatosenoticias.com.br\/?s={search_term_string}"},"query-input":{"@type":"PropertyValueSpecification","valueRequired":true,"valueName":"search_term_string"}}],"inLanguage":"pt-BR"},{"@type":"Organization","@id":"https:\/\/jornalfatosenoticias.com.br\/#organization","name":"Jornal Fatos e Not\u00edcias","url":"https:\/\/jornalfatosenoticias.com.br\/","logo":{"@type":"ImageObject","inLanguage":"pt-BR","@id":"https:\/\/jornalfatosenoticias.com.br\/#\/schema\/logo\/image\/","url":"https:\/\/jornalfatosenoticias.com.br\/wp-content\/uploads\/2020\/02\/logo120.png","contentUrl":"https:\/\/jornalfatosenoticias.com.br\/wp-content\/uploads\/2020\/02\/logo120.png","width":1227,"height":120,"caption":"Jornal Fatos e Not\u00edcias"},"image":{"@id":"https:\/\/jornalfatosenoticias.com.br\/#\/schema\/logo\/image\/"}},{"@type":"Person","@id":"https:\/\/jornalfatosenoticias.com.br\/#\/schema\/person\/d63837fa13ac8666eb9e74e0985d6f81","name":"Luzimara Fernandes","image":{"@type":"ImageObject","inLanguage":"pt-BR","@id":"https:\/\/jornalfatosenoticias.com.br\/#\/schema\/person\/image\/","url":"https:\/\/jornalfatosenoticias.com.br\/wp-content\/uploads\/2025\/05\/EU_portal.jpg","contentUrl":"https:\/\/jornalfatosenoticias.com.br\/wp-content\/uploads\/2025\/05\/EU_portal.jpg","caption":"Luzimara Fernandes"},"description":"Jornalista MTB 2358-ES","sameAs":["https:\/\/jornalfatosenoticias.com.br"],"url":"https:\/\/jornalfatosenoticias.com.br\/index.php\/author\/luzimara\/"}]}},"cc_featured_image_caption":{"caption_text":"(\u00a9Staffan Widstrand\/WWF)\r\n","source_text":"","source_url":""},"jetpack_featured_media_url":"https:\/\/jornalfatosenoticias.com.br\/wp-content\/uploads\/2020\/11\/post_estrategia-jaguar2030_1.png","_links":{"self":[{"href":"https:\/\/jornalfatosenoticias.com.br\/index.php\/wp-json\/wp\/v2\/posts\/11310","targetHints":{"allow":["GET"]}}],"collection":[{"href":"https:\/\/jornalfatosenoticias.com.br\/index.php\/wp-json\/wp\/v2\/posts"}],"about":[{"href":"https:\/\/jornalfatosenoticias.com.br\/index.php\/wp-json\/wp\/v2\/types\/post"}],"author":[{"embeddable":true,"href":"https:\/\/jornalfatosenoticias.com.br\/index.php\/wp-json\/wp\/v2\/users\/2"}],"replies":[{"embeddable":true,"href":"https:\/\/jornalfatosenoticias.com.br\/index.php\/wp-json\/wp\/v2\/comments?post=11310"}],"version-history":[{"count":0,"href":"https:\/\/jornalfatosenoticias.com.br\/index.php\/wp-json\/wp\/v2\/posts\/11310\/revisions"}],"wp:featuredmedia":[{"embeddable":true,"href":"https:\/\/jornalfatosenoticias.com.br\/index.php\/wp-json\/wp\/v2\/media\/11315"}],"wp:attachment":[{"href":"https:\/\/jornalfatosenoticias.com.br\/index.php\/wp-json\/wp\/v2\/media?parent=11310"}],"wp:term":[{"taxonomy":"category","embeddable":true,"href":"https:\/\/jornalfatosenoticias.com.br\/index.php\/wp-json\/wp\/v2\/categories?post=11310"},{"taxonomy":"post_tag","embeddable":true,"href":"https:\/\/jornalfatosenoticias.com.br\/index.php\/wp-json\/wp\/v2\/tags?post=11310"}],"curies":[{"name":"wp","href":"https:\/\/api.w.org\/{rel}","templated":true}]}}