{"id":11325,"date":"2020-11-18T10:06:35","date_gmt":"2020-11-18T13:06:35","guid":{"rendered":"https:\/\/jornalfatosenoticias.com.br\/?p=11325"},"modified":"2020-11-18T10:06:39","modified_gmt":"2020-11-18T13:06:39","slug":"nokia-anuncia-ter-alcancado-recorde-mundial-de-velocidade-em-5g","status":"publish","type":"post","link":"https:\/\/jornalfatosenoticias.com.br\/index.php\/2020\/11\/18\/nokia-anuncia-ter-alcancado-recorde-mundial-de-velocidade-em-5g\/","title":{"rendered":"Nokia anuncia ter alcan\u00e7ado recorde mundial de velocidade em 5G"},"content":{"rendered":"\n<h6 class=\"wp-block-heading\"><em>A Finl\u00e2ndia registrou a velocidade mais alta do mundo em 5G, 8 Gbps, na rede comercial da operadora Elisa, comunicou a corpora\u00e7\u00e3o Nokia<\/em><\/h6>\n\n\n\n<p>Em uma nota, a <a href=\"https:\/\/br.sputniknews.com\/ciencia_tecnologia\/20201018\/16240464.html\" target=\"_blank\" rel=\"noreferrer noopener\">companhia finlandesa<\/a>\u00a0de tecnologia\u00a0<a href=\"https:\/\/www.nokia.com\/about-us\/news\/releases\/2020\/11\/18\/nokia-elisa-and-qualcomm-achieve-5g-speed-record-in-finland\/\" target=\"_blank\" rel=\"noreferrer noopener\">informou<\/a>:<\/p>\n\n\n\n<blockquote class=\"wp-block-quote is-layout-flow wp-block-quote-is-layout-flow\"><p>&#8220;A Nokia, Elisa e Qualcomm Technologies anunciaram hoje [18 de novembro] que alcan\u00e7aram as velocidades 5G mais r\u00e1pidas do mundo na rede comercial da Finl\u00e2ndia, ao proporcionar 8 Gbps [gigabits por segundo] pela primeira vez, servindo dois dispositivos 5G mmWave conectados simultaneamente&#8221;.<\/p><\/blockquote>\n\n\n\n<p>O recorde foi registrado usando a tecnologia Nokia 5G mmWave e os dispositivos de\u00a0<a href=\"https:\/\/br.sputniknews.com\/ciencia_tecnologia\/20201115\/16431455.html\" target=\"_blank\" rel=\"noreferrer noopener\">teste para smartphones Qualcomm Technologies<\/a> na rede comercial 5G da Elisa.<\/p>\n\n\n\n<figure class=\"wp-block-image size-large\"><img loading=\"lazy\" decoding=\"async\" width=\"1000\" height=\"666\" src=\"https:\/\/jornalfatosenoticias.com.br\/wp-content\/uploads\/2020\/11\/NOKIA2.jpg\" alt=\"\" class=\"wp-image-11326\" srcset=\"https:\/\/jornalfatosenoticias.com.br\/wp-content\/uploads\/2020\/11\/NOKIA2.jpg 1000w, https:\/\/jornalfatosenoticias.com.br\/wp-content\/uploads\/2020\/11\/NOKIA2-300x200.jpg 300w, https:\/\/jornalfatosenoticias.com.br\/wp-content\/uploads\/2020\/11\/NOKIA2-768x511.jpg 768w\" sizes=\"auto, (max-width: 1000px) 100vw, 1000px\" \/><figcaption><em>Trabalhadores instalam equipamento para uso da tecnologia 5G no Texas, nos EUA (Foto: \u00a9Reuters\/Adrees Latif)<\/em><\/figcaption><\/figure>\n\n\n\n<p>Vale ressaltar que a velocidade indicada equivale a 8.192 megabytes por segundo. A Finl\u00e2ndia \u00e9 um dos l\u00edderes mundiais na <a href=\"https:\/\/br.sputniknews.com\/asia_oceania\/20201111\/16405356.html\" target=\"_blank\" rel=\"noreferrer noopener\">implementa\u00e7\u00e3o da tecnologia 5G<\/a>. As redes deste padr\u00e3o come\u00e7aram a entrar em opera\u00e7\u00e3o comercial em janeiro de 2019.<br>As tr\u00eas operadoras m\u00f3veis do pa\u00eds (Elisa Oyj, Telia Finland Oyj e DNA Oyj) continuam desenvolvendo a rede em todo o pa\u00eds.<\/p>\n\n\n\n<p><strong><em>Fonte: <a href=\"https:\/\/br.sputniknews.com\/ciencia_tecnologia\/2020111816455069-nokia-anuncia-ter-alcancado-recorde-mundial-de-velocidade-em-5g\/\">Sputnik News Brasil<\/a><\/em><\/strong><\/p>\n","protected":false},"excerpt":{"rendered":"<p>A Finl\u00e2ndia registrou a velocidade mais alta do mundo em 5G, 8 Gbps, na rede comercial da operadora Elisa, comunicou a corpora\u00e7\u00e3o Nokia Em uma nota, a companhia finlandesa\u00a0de tecnologia\u00a0informou: &#8220;A Nokia, Elisa e Qualcomm Technologies anunciaram hoje [18 de novembro] que alcan\u00e7aram as velocidades 5G mais r\u00e1pidas do mundo na rede comercial da Finl\u00e2ndia, [&hellip;]<\/p>\n","protected":false},"author":2,"featured_media":11327,"comment_status":"open","ping_status":"open","sticky":false,"template":"","format":"standard","meta":{"footnotes":""},"categories":[3],"tags":[1157,2339,3784,3111],"class_list":["post-11325","post","type-post","status-publish","format-standard","has-post-thumbnail","hentry","category-tecnologia","tag-5g","tag-finlandia","tag-nokia","tag-velocidade"],"yoast_head":"<!-- This site is optimized with the Yoast SEO plugin v26.5 - https:\/\/yoast.com\/wordpress\/plugins\/seo\/ -->\n<title>Nokia anuncia ter alcan\u00e7ado recorde mundial de velocidade em 5G - Jornal Fatos e Not\u00edcias<\/title>\n<meta name=\"robots\" content=\"index, follow, max-snippet:-1, max-image-preview:large, max-video-preview:-1\" \/>\n<link rel=\"canonical\" href=\"https:\/\/jornalfatosenoticias.com.br\/index.php\/2020\/11\/18\/nokia-anuncia-ter-alcancado-recorde-mundial-de-velocidade-em-5g\/\" \/>\n<meta property=\"og:locale\" content=\"pt_BR\" \/>\n<meta property=\"og:type\" content=\"article\" \/>\n<meta property=\"og:title\" content=\"Nokia anuncia ter alcan\u00e7ado recorde mundial de velocidade em 5G - Jornal Fatos e Not\u00edcias\" \/>\n<meta property=\"og:description\" content=\"A Finl\u00e2ndia registrou a velocidade mais alta do mundo em 5G, 8 Gbps, na rede comercial da operadora Elisa, comunicou a corpora\u00e7\u00e3o Nokia Em uma nota, a companhia finlandesa\u00a0de tecnologia\u00a0informou: &#8220;A Nokia, Elisa e Qualcomm Technologies anunciaram hoje [18 de novembro] que alcan\u00e7aram as velocidades 5G mais r\u00e1pidas do mundo na rede comercial da Finl\u00e2ndia, [&hellip;]\" \/>\n<meta property=\"og:url\" content=\"https:\/\/jornalfatosenoticias.com.br\/index.php\/2020\/11\/18\/nokia-anuncia-ter-alcancado-recorde-mundial-de-velocidade-em-5g\/\" \/>\n<meta property=\"og:site_name\" content=\"Jornal Fatos e Not\u00edcias\" \/>\n<meta property=\"article:published_time\" content=\"2020-11-18T13:06:35+00:00\" \/>\n<meta property=\"article:modified_time\" content=\"2020-11-18T13:06:39+00:00\" \/>\n<meta property=\"og:image\" content=\"https:\/\/jornalfatosenoticias.com.br\/wp-content\/uploads\/2020\/11\/NOKIA.jpg\" \/>\n\t<meta property=\"og:image:width\" content=\"1000\" \/>\n\t<meta property=\"og:image:height\" content=\"541\" \/>\n\t<meta property=\"og:image:type\" content=\"image\/jpeg\" \/>\n<meta name=\"author\" content=\"Luzimara Fernandes\" \/>\n<meta name=\"twitter:card\" content=\"summary_large_image\" \/>\n<meta name=\"twitter:label1\" content=\"Escrito por\" \/>\n\t<meta name=\"twitter:data1\" content=\"Luzimara Fernandes\" \/>\n\t<meta name=\"twitter:label2\" content=\"Est. tempo de leitura\" \/>\n\t<meta name=\"twitter:data2\" content=\"1 minuto\" \/>\n<script type=\"application\/ld+json\" class=\"yoast-schema-graph\">{\"@context\":\"https:\/\/schema.org\",\"@graph\":[{\"@type\":\"Article\",\"@id\":\"https:\/\/jornalfatosenoticias.com.br\/index.php\/2020\/11\/18\/nokia-anuncia-ter-alcancado-recorde-mundial-de-velocidade-em-5g\/#article\",\"isPartOf\":{\"@id\":\"https:\/\/jornalfatosenoticias.com.br\/index.php\/2020\/11\/18\/nokia-anuncia-ter-alcancado-recorde-mundial-de-velocidade-em-5g\/\"},\"author\":{\"name\":\"Luzimara Fernandes\",\"@id\":\"https:\/\/jornalfatosenoticias.com.br\/#\/schema\/person\/d63837fa13ac8666eb9e74e0985d6f81\"},\"headline\":\"Nokia anuncia ter alcan\u00e7ado recorde mundial de velocidade em 5G\",\"datePublished\":\"2020-11-18T13:06:35+00:00\",\"dateModified\":\"2020-11-18T13:06:39+00:00\",\"mainEntityOfPage\":{\"@id\":\"https:\/\/jornalfatosenoticias.com.br\/index.php\/2020\/11\/18\/nokia-anuncia-ter-alcancado-recorde-mundial-de-velocidade-em-5g\/\"},\"wordCount\":199,\"commentCount\":0,\"publisher\":{\"@id\":\"https:\/\/jornalfatosenoticias.com.br\/#organization\"},\"image\":{\"@id\":\"https:\/\/jornalfatosenoticias.com.br\/index.php\/2020\/11\/18\/nokia-anuncia-ter-alcancado-recorde-mundial-de-velocidade-em-5g\/#primaryimage\"},\"thumbnailUrl\":\"https:\/\/jornalfatosenoticias.com.br\/wp-content\/uploads\/2020\/11\/NOKIA.jpg\",\"keywords\":[\"5G\",\"Finl\u00e2ndia\",\"Nokia\",\"velocidade\"],\"articleSection\":[\"Tecnologia &amp; Inova\u00e7\u00e3o\"],\"inLanguage\":\"pt-BR\",\"potentialAction\":[{\"@type\":\"CommentAction\",\"name\":\"Comment\",\"target\":[\"https:\/\/jornalfatosenoticias.com.br\/index.php\/2020\/11\/18\/nokia-anuncia-ter-alcancado-recorde-mundial-de-velocidade-em-5g\/#respond\"]}]},{\"@type\":\"WebPage\",\"@id\":\"https:\/\/jornalfatosenoticias.com.br\/index.php\/2020\/11\/18\/nokia-anuncia-ter-alcancado-recorde-mundial-de-velocidade-em-5g\/\",\"url\":\"https:\/\/jornalfatosenoticias.com.br\/index.php\/2020\/11\/18\/nokia-anuncia-ter-alcancado-recorde-mundial-de-velocidade-em-5g\/\",\"name\":\"Nokia anuncia ter alcan\u00e7ado recorde mundial de velocidade em 5G - Jornal Fatos e Not\u00edcias\",\"isPartOf\":{\"@id\":\"https:\/\/jornalfatosenoticias.com.br\/#website\"},\"primaryImageOfPage\":{\"@id\":\"https:\/\/jornalfatosenoticias.com.br\/index.php\/2020\/11\/18\/nokia-anuncia-ter-alcancado-recorde-mundial-de-velocidade-em-5g\/#primaryimage\"},\"image\":{\"@id\":\"https:\/\/jornalfatosenoticias.com.br\/index.php\/2020\/11\/18\/nokia-anuncia-ter-alcancado-recorde-mundial-de-velocidade-em-5g\/#primaryimage\"},\"thumbnailUrl\":\"https:\/\/jornalfatosenoticias.com.br\/wp-content\/uploads\/2020\/11\/NOKIA.jpg\",\"datePublished\":\"2020-11-18T13:06:35+00:00\",\"dateModified\":\"2020-11-18T13:06:39+00:00\",\"breadcrumb\":{\"@id\":\"https:\/\/jornalfatosenoticias.com.br\/index.php\/2020\/11\/18\/nokia-anuncia-ter-alcancado-recorde-mundial-de-velocidade-em-5g\/#breadcrumb\"},\"inLanguage\":\"pt-BR\",\"potentialAction\":[{\"@type\":\"ReadAction\",\"target\":[\"https:\/\/jornalfatosenoticias.com.br\/index.php\/2020\/11\/18\/nokia-anuncia-ter-alcancado-recorde-mundial-de-velocidade-em-5g\/\"]}]},{\"@type\":\"ImageObject\",\"inLanguage\":\"pt-BR\",\"@id\":\"https:\/\/jornalfatosenoticias.com.br\/index.php\/2020\/11\/18\/nokia-anuncia-ter-alcancado-recorde-mundial-de-velocidade-em-5g\/#primaryimage\",\"url\":\"https:\/\/jornalfatosenoticias.com.br\/wp-content\/uploads\/2020\/11\/NOKIA.jpg\",\"contentUrl\":\"https:\/\/jornalfatosenoticias.com.br\/wp-content\/uploads\/2020\/11\/NOKIA.jpg\",\"width\":1000,\"height\":541},{\"@type\":\"BreadcrumbList\",\"@id\":\"https:\/\/jornalfatosenoticias.com.br\/index.php\/2020\/11\/18\/nokia-anuncia-ter-alcancado-recorde-mundial-de-velocidade-em-5g\/#breadcrumb\",\"itemListElement\":[{\"@type\":\"ListItem\",\"position\":1,\"name\":\"In\u00edcio\",\"item\":\"https:\/\/jornalfatosenoticias.com.br\/\"},{\"@type\":\"ListItem\",\"position\":2,\"name\":\"Nokia anuncia ter alcan\u00e7ado recorde mundial de velocidade em 5G\"}]},{\"@type\":\"WebSite\",\"@id\":\"https:\/\/jornalfatosenoticias.com.br\/#website\",\"url\":\"https:\/\/jornalfatosenoticias.com.br\/\",\"name\":\"Jornal Fatos e Not\u00edcias\",\"description\":\"Not\u00edcias em geral\",\"publisher\":{\"@id\":\"https:\/\/jornalfatosenoticias.com.br\/#organization\"},\"potentialAction\":[{\"@type\":\"SearchAction\",\"target\":{\"@type\":\"EntryPoint\",\"urlTemplate\":\"https:\/\/jornalfatosenoticias.com.br\/?s={search_term_string}\"},\"query-input\":{\"@type\":\"PropertyValueSpecification\",\"valueRequired\":true,\"valueName\":\"search_term_string\"}}],\"inLanguage\":\"pt-BR\"},{\"@type\":\"Organization\",\"@id\":\"https:\/\/jornalfatosenoticias.com.br\/#organization\",\"name\":\"Jornal Fatos e Not\u00edcias\",\"url\":\"https:\/\/jornalfatosenoticias.com.br\/\",\"logo\":{\"@type\":\"ImageObject\",\"inLanguage\":\"pt-BR\",\"@id\":\"https:\/\/jornalfatosenoticias.com.br\/#\/schema\/logo\/image\/\",\"url\":\"https:\/\/jornalfatosenoticias.com.br\/wp-content\/uploads\/2020\/02\/logo120.png\",\"contentUrl\":\"https:\/\/jornalfatosenoticias.com.br\/wp-content\/uploads\/2020\/02\/logo120.png\",\"width\":1227,\"height\":120,\"caption\":\"Jornal Fatos e Not\u00edcias\"},\"image\":{\"@id\":\"https:\/\/jornalfatosenoticias.com.br\/#\/schema\/logo\/image\/\"}},{\"@type\":\"Person\",\"@id\":\"https:\/\/jornalfatosenoticias.com.br\/#\/schema\/person\/d63837fa13ac8666eb9e74e0985d6f81\",\"name\":\"Luzimara Fernandes\",\"image\":{\"@type\":\"ImageObject\",\"inLanguage\":\"pt-BR\",\"@id\":\"https:\/\/jornalfatosenoticias.com.br\/#\/schema\/person\/image\/\",\"url\":\"https:\/\/jornalfatosenoticias.com.br\/wp-content\/uploads\/2025\/05\/EU_portal.jpg\",\"contentUrl\":\"https:\/\/jornalfatosenoticias.com.br\/wp-content\/uploads\/2025\/05\/EU_portal.jpg\",\"caption\":\"Luzimara Fernandes\"},\"description\":\"Jornalista MTB 2358-ES\",\"sameAs\":[\"https:\/\/jornalfatosenoticias.com.br\"],\"url\":\"https:\/\/jornalfatosenoticias.com.br\/index.php\/author\/luzimara\/\"}]}<\/script>\n<!-- \/ Yoast SEO plugin. -->","yoast_head_json":{"title":"Nokia anuncia ter alcan\u00e7ado recorde mundial de velocidade em 5G - Jornal Fatos e Not\u00edcias","robots":{"index":"index","follow":"follow","max-snippet":"max-snippet:-1","max-image-preview":"max-image-preview:large","max-video-preview":"max-video-preview:-1"},"canonical":"https:\/\/jornalfatosenoticias.com.br\/index.php\/2020\/11\/18\/nokia-anuncia-ter-alcancado-recorde-mundial-de-velocidade-em-5g\/","og_locale":"pt_BR","og_type":"article","og_title":"Nokia anuncia ter alcan\u00e7ado recorde mundial de velocidade em 5G - Jornal Fatos e Not\u00edcias","og_description":"A Finl\u00e2ndia registrou a velocidade mais alta do mundo em 5G, 8 Gbps, na rede comercial da operadora Elisa, comunicou a corpora\u00e7\u00e3o Nokia Em uma nota, a companhia finlandesa\u00a0de tecnologia\u00a0informou: &#8220;A Nokia, Elisa e Qualcomm Technologies anunciaram hoje [18 de novembro] que alcan\u00e7aram as velocidades 5G mais r\u00e1pidas do mundo na rede comercial da Finl\u00e2ndia, [&hellip;]","og_url":"https:\/\/jornalfatosenoticias.com.br\/index.php\/2020\/11\/18\/nokia-anuncia-ter-alcancado-recorde-mundial-de-velocidade-em-5g\/","og_site_name":"Jornal Fatos e Not\u00edcias","article_published_time":"2020-11-18T13:06:35+00:00","article_modified_time":"2020-11-18T13:06:39+00:00","og_image":[{"width":1000,"height":541,"url":"https:\/\/jornalfatosenoticias.com.br\/wp-content\/uploads\/2020\/11\/NOKIA.jpg","type":"image\/jpeg"}],"author":"Luzimara Fernandes","twitter_card":"summary_large_image","twitter_misc":{"Escrito por":"Luzimara Fernandes","Est. tempo de leitura":"1 minuto"},"schema":{"@context":"https:\/\/schema.org","@graph":[{"@type":"Article","@id":"https:\/\/jornalfatosenoticias.com.br\/index.php\/2020\/11\/18\/nokia-anuncia-ter-alcancado-recorde-mundial-de-velocidade-em-5g\/#article","isPartOf":{"@id":"https:\/\/jornalfatosenoticias.com.br\/index.php\/2020\/11\/18\/nokia-anuncia-ter-alcancado-recorde-mundial-de-velocidade-em-5g\/"},"author":{"name":"Luzimara Fernandes","@id":"https:\/\/jornalfatosenoticias.com.br\/#\/schema\/person\/d63837fa13ac8666eb9e74e0985d6f81"},"headline":"Nokia anuncia ter alcan\u00e7ado recorde mundial de velocidade em 5G","datePublished":"2020-11-18T13:06:35+00:00","dateModified":"2020-11-18T13:06:39+00:00","mainEntityOfPage":{"@id":"https:\/\/jornalfatosenoticias.com.br\/index.php\/2020\/11\/18\/nokia-anuncia-ter-alcancado-recorde-mundial-de-velocidade-em-5g\/"},"wordCount":199,"commentCount":0,"publisher":{"@id":"https:\/\/jornalfatosenoticias.com.br\/#organization"},"image":{"@id":"https:\/\/jornalfatosenoticias.com.br\/index.php\/2020\/11\/18\/nokia-anuncia-ter-alcancado-recorde-mundial-de-velocidade-em-5g\/#primaryimage"},"thumbnailUrl":"https:\/\/jornalfatosenoticias.com.br\/wp-content\/uploads\/2020\/11\/NOKIA.jpg","keywords":["5G","Finl\u00e2ndia","Nokia","velocidade"],"articleSection":["Tecnologia &amp; Inova\u00e7\u00e3o"],"inLanguage":"pt-BR","potentialAction":[{"@type":"CommentAction","name":"Comment","target":["https:\/\/jornalfatosenoticias.com.br\/index.php\/2020\/11\/18\/nokia-anuncia-ter-alcancado-recorde-mundial-de-velocidade-em-5g\/#respond"]}]},{"@type":"WebPage","@id":"https:\/\/jornalfatosenoticias.com.br\/index.php\/2020\/11\/18\/nokia-anuncia-ter-alcancado-recorde-mundial-de-velocidade-em-5g\/","url":"https:\/\/jornalfatosenoticias.com.br\/index.php\/2020\/11\/18\/nokia-anuncia-ter-alcancado-recorde-mundial-de-velocidade-em-5g\/","name":"Nokia anuncia ter alcan\u00e7ado recorde mundial de velocidade em 5G - Jornal Fatos e Not\u00edcias","isPartOf":{"@id":"https:\/\/jornalfatosenoticias.com.br\/#website"},"primaryImageOfPage":{"@id":"https:\/\/jornalfatosenoticias.com.br\/index.php\/2020\/11\/18\/nokia-anuncia-ter-alcancado-recorde-mundial-de-velocidade-em-5g\/#primaryimage"},"image":{"@id":"https:\/\/jornalfatosenoticias.com.br\/index.php\/2020\/11\/18\/nokia-anuncia-ter-alcancado-recorde-mundial-de-velocidade-em-5g\/#primaryimage"},"thumbnailUrl":"https:\/\/jornalfatosenoticias.com.br\/wp-content\/uploads\/2020\/11\/NOKIA.jpg","datePublished":"2020-11-18T13:06:35+00:00","dateModified":"2020-11-18T13:06:39+00:00","breadcrumb":{"@id":"https:\/\/jornalfatosenoticias.com.br\/index.php\/2020\/11\/18\/nokia-anuncia-ter-alcancado-recorde-mundial-de-velocidade-em-5g\/#breadcrumb"},"inLanguage":"pt-BR","potentialAction":[{"@type":"ReadAction","target":["https:\/\/jornalfatosenoticias.com.br\/index.php\/2020\/11\/18\/nokia-anuncia-ter-alcancado-recorde-mundial-de-velocidade-em-5g\/"]}]},{"@type":"ImageObject","inLanguage":"pt-BR","@id":"https:\/\/jornalfatosenoticias.com.br\/index.php\/2020\/11\/18\/nokia-anuncia-ter-alcancado-recorde-mundial-de-velocidade-em-5g\/#primaryimage","url":"https:\/\/jornalfatosenoticias.com.br\/wp-content\/uploads\/2020\/11\/NOKIA.jpg","contentUrl":"https:\/\/jornalfatosenoticias.com.br\/wp-content\/uploads\/2020\/11\/NOKIA.jpg","width":1000,"height":541},{"@type":"BreadcrumbList","@id":"https:\/\/jornalfatosenoticias.com.br\/index.php\/2020\/11\/18\/nokia-anuncia-ter-alcancado-recorde-mundial-de-velocidade-em-5g\/#breadcrumb","itemListElement":[{"@type":"ListItem","position":1,"name":"In\u00edcio","item":"https:\/\/jornalfatosenoticias.com.br\/"},{"@type":"ListItem","position":2,"name":"Nokia anuncia ter alcan\u00e7ado recorde mundial de velocidade em 5G"}]},{"@type":"WebSite","@id":"https:\/\/jornalfatosenoticias.com.br\/#website","url":"https:\/\/jornalfatosenoticias.com.br\/","name":"Jornal Fatos e Not\u00edcias","description":"Not\u00edcias em geral","publisher":{"@id":"https:\/\/jornalfatosenoticias.com.br\/#organization"},"potentialAction":[{"@type":"SearchAction","target":{"@type":"EntryPoint","urlTemplate":"https:\/\/jornalfatosenoticias.com.br\/?s={search_term_string}"},"query-input":{"@type":"PropertyValueSpecification","valueRequired":true,"valueName":"search_term_string"}}],"inLanguage":"pt-BR"},{"@type":"Organization","@id":"https:\/\/jornalfatosenoticias.com.br\/#organization","name":"Jornal Fatos e Not\u00edcias","url":"https:\/\/jornalfatosenoticias.com.br\/","logo":{"@type":"ImageObject","inLanguage":"pt-BR","@id":"https:\/\/jornalfatosenoticias.com.br\/#\/schema\/logo\/image\/","url":"https:\/\/jornalfatosenoticias.com.br\/wp-content\/uploads\/2020\/02\/logo120.png","contentUrl":"https:\/\/jornalfatosenoticias.com.br\/wp-content\/uploads\/2020\/02\/logo120.png","width":1227,"height":120,"caption":"Jornal Fatos e Not\u00edcias"},"image":{"@id":"https:\/\/jornalfatosenoticias.com.br\/#\/schema\/logo\/image\/"}},{"@type":"Person","@id":"https:\/\/jornalfatosenoticias.com.br\/#\/schema\/person\/d63837fa13ac8666eb9e74e0985d6f81","name":"Luzimara Fernandes","image":{"@type":"ImageObject","inLanguage":"pt-BR","@id":"https:\/\/jornalfatosenoticias.com.br\/#\/schema\/person\/image\/","url":"https:\/\/jornalfatosenoticias.com.br\/wp-content\/uploads\/2025\/05\/EU_portal.jpg","contentUrl":"https:\/\/jornalfatosenoticias.com.br\/wp-content\/uploads\/2025\/05\/EU_portal.jpg","caption":"Luzimara Fernandes"},"description":"Jornalista MTB 2358-ES","sameAs":["https:\/\/jornalfatosenoticias.com.br"],"url":"https:\/\/jornalfatosenoticias.com.br\/index.php\/author\/luzimara\/"}]}},"cc_featured_image_caption":{"caption_text":"(Foto: \u00a9Pixabay\/Hermann)","source_text":"","source_url":""},"jetpack_featured_media_url":"https:\/\/jornalfatosenoticias.com.br\/wp-content\/uploads\/2020\/11\/NOKIA.jpg","_links":{"self":[{"href":"https:\/\/jornalfatosenoticias.com.br\/index.php\/wp-json\/wp\/v2\/posts\/11325","targetHints":{"allow":["GET"]}}],"collection":[{"href":"https:\/\/jornalfatosenoticias.com.br\/index.php\/wp-json\/wp\/v2\/posts"}],"about":[{"href":"https:\/\/jornalfatosenoticias.com.br\/index.php\/wp-json\/wp\/v2\/types\/post"}],"author":[{"embeddable":true,"href":"https:\/\/jornalfatosenoticias.com.br\/index.php\/wp-json\/wp\/v2\/users\/2"}],"replies":[{"embeddable":true,"href":"https:\/\/jornalfatosenoticias.com.br\/index.php\/wp-json\/wp\/v2\/comments?post=11325"}],"version-history":[{"count":0,"href":"https:\/\/jornalfatosenoticias.com.br\/index.php\/wp-json\/wp\/v2\/posts\/11325\/revisions"}],"wp:featuredmedia":[{"embeddable":true,"href":"https:\/\/jornalfatosenoticias.com.br\/index.php\/wp-json\/wp\/v2\/media\/11327"}],"wp:attachment":[{"href":"https:\/\/jornalfatosenoticias.com.br\/index.php\/wp-json\/wp\/v2\/media?parent=11325"}],"wp:term":[{"taxonomy":"category","embeddable":true,"href":"https:\/\/jornalfatosenoticias.com.br\/index.php\/wp-json\/wp\/v2\/categories?post=11325"},{"taxonomy":"post_tag","embeddable":true,"href":"https:\/\/jornalfatosenoticias.com.br\/index.php\/wp-json\/wp\/v2\/tags?post=11325"}],"curies":[{"name":"wp","href":"https:\/\/api.w.org\/{rel}","templated":true}]}}