{"id":11356,"date":"2020-11-18T11:39:16","date_gmt":"2020-11-18T14:39:16","guid":{"rendered":"https:\/\/jornalfatosenoticias.com.br\/?p=11356"},"modified":"2020-11-18T11:39:20","modified_gmt":"2020-11-18T14:39:20","slug":"mtur-e-ufsc-iniciam-o-diagnostico-de-rotas-turisticas-em-158-municipios","status":"publish","type":"post","link":"https:\/\/jornalfatosenoticias.com.br\/index.php\/2020\/11\/18\/mtur-e-ufsc-iniciam-o-diagnostico-de-rotas-turisticas-em-158-municipios\/","title":{"rendered":"MTur e UFSC iniciam o diagn\u00f3stico de rotas tur\u00edsticas em 158 munic\u00edpios"},"content":{"rendered":"\n<h6 class=\"wp-block-heading\"><em>Parceria, viabilizada por meio do Labtrans, permitir\u00e1 melhorias nas condi\u00e7\u00f5es de circula\u00e7\u00e3o em 30 rotas tur\u00edsticas do Pa\u00eds<\/em><\/h6>\n\n\n\n<p>J\u00e1 come\u00e7ou o mapeamento e diagn\u00f3stico de 30 rotas tur\u00edsticas estrat\u00e9gicas do Brasil, distribu\u00eddas em 158 munic\u00edpios e contempladas no programa Investe Turismo. A parceria, firmada entre o Minist\u00e9rio do Turismo (MTur) e a Universidade Federal de Santa Catarina (UFSC) em outubro, vai permitir tra\u00e7ar as condi\u00e7\u00f5es de transporte nestas rotas, incluindo a estrutura existente, integra\u00e7\u00e3o dos modais e a disponibilidade de informa\u00e7\u00f5es aos turistas. No \u00faltimo m\u00eas, representantes dos dois \u00f3rg\u00e3os se reuniram, em Florian\u00f3polis (SC), para discutir o andamento das a\u00e7\u00f5es.<br>Na avalia\u00e7\u00e3o do secret\u00e1rio nacional de Atra\u00e7\u00e3o de Investimentos, Parcerias e Concess\u00f5es do Minist\u00e9rio do Turismo, Lucas Fiuza, a oferta de infraestrutura e integra\u00e7\u00e3o entre os diversos modais de transporte \u00e9 determinante para o desenvolvimento de destinos tur\u00edsticos.<\/p>\n\n\n\n<blockquote class=\"wp-block-quote is-layout-flow wp-block-quote-is-layout-flow\"><p>\u201cEste diagn\u00f3stico ser\u00e1 fundamental para que consigamos planejar melhorias de infraestrutura nestas rotas e proporcionarmos mais conforto, seguran\u00e7a e viabilidade aos turistas nos deslocamentos\u201d, justificou. \u201cAssim, vamos oportunizar investimentos no setor e importantes parcerias que v\u00e3o gerar mais empregos e renda no Brasil\u201d, finalizou.<\/p><\/blockquote>\n\n\n\n<p>O mapeamento abranger\u00e1 os modais rodovi\u00e1rio, ferrovi\u00e1rio, aquavi\u00e1rio e a\u00e9reo das 30 rotas tur\u00edsticas do programa Investe Turismo e possibilitar\u00e1 o planejamento de melhores condi\u00e7\u00f5es ao transporte tur\u00edstico de passageiros.<br>A coordenadora de Apoio a Projetos de Mobilidade e Conectividade do Minist\u00e9rio do Turismo, Valesk Rebou\u00e7as, detalha as a\u00e7\u00f5es j\u00e1 em curso.<\/p>\n\n\n\n<blockquote class=\"wp-block-quote is-layout-flow wp-block-quote-is-layout-flow\"><p>\u201cEstamos levantando legisla\u00e7\u00f5es e resolu\u00e7\u00f5es que podem ser aprimoradas, realizando pesquisas, mapeando infraestruturas e servi\u00e7os de rotas tur\u00edsticas, inclusive, com visitas. Com isso, vamos conseguir entregar um plano de a\u00e7\u00e3o para todos os modais de transporte\u201d, disse.<\/p><\/blockquote>\n\n\n\n<p>Al\u00e9m do diagn\u00f3stico das necessidades espec\u00edficas no que se refere ao deslocamento de pessoas, a parceria com a Universidade Federal de Santa Catarina tamb\u00e9m prev\u00ea o desenvolvimento de uma estrat\u00e9gia de capacita\u00e7\u00e3o aos setores p\u00fablicos locais e entidades privadas ligadas ao turismo. E, ainda, o desenvolvimento de uma base georreferenciada com os principais elementos de infraestrutura e informa\u00e7\u00f5es das 30 rotas tur\u00edsticas.<\/p>\n\n\n\n<figure class=\"wp-block-embed-youtube wp-block-embed is-type-video is-provider-youtube wp-embed-aspect-16-9 wp-has-aspect-ratio\"><div class=\"wp-block-embed__wrapper\">\n<iframe loading=\"lazy\" title=\"Parceria para diagn\u00f3stico de rotas tur\u00edsticas em 158 munic\u00edpios\" width=\"660\" height=\"371\" src=\"https:\/\/www.youtube.com\/embed\/Hj4KXbDeMEw?feature=oembed\" frameborder=\"0\" allow=\"accelerometer; autoplay; clipboard-write; encrypted-media; gyroscope; picture-in-picture; web-share\" referrerpolicy=\"strict-origin-when-cross-origin\" allowfullscreen><\/iframe>\n<\/div><\/figure>\n\n\n\n<p><strong>PARCERIA \u2014<\/strong> O Laborat\u00f3rio de Transporte e Log\u00edstica (LabTrans) da Universidade Federal de Santa Catarina, \u00e9 quem est\u00e1 conduzindo os estudos e pesquisas encomendados pelo Minist\u00e9rio do Turismo. Criado em 1998, a institui\u00e7\u00e3o j\u00e1 prestou servi\u00e7os, por exemplo, ao Departamento Nacional de Infraestrutura de Transportes (DNIT) e a Secretaria de Avia\u00e7\u00e3o Civil (SAC).<br>O coordenador-geral de Mobilidade e Conectividade Tur\u00edstica do Minist\u00e9rio do Turismo, Higor Guerra, acredita que a expertise da institui\u00e7\u00e3o na \u00e1rea de transportes \u00e9 um diferencial. \u201cO Labtrans re\u00fane um vasto conhecimento t\u00e9cnico em infraestrutura e servi\u00e7os de transporte em todo o pa\u00eds, o que contribuir\u00e1 para a efici\u00eancia deste diagn\u00f3stico que busca a melhoria da mobilidade e conectividade tur\u00edstica\u201d, disse.<\/p>\n\n\n\n<p><strong>INVESTE TURISMO \u2014<\/strong> O programa Investe Turismo \u00e9 um esfor\u00e7o conjunto entre Minist\u00e9rio do Turismo, Sebrae e Embratur para acelerar o desenvolvimento, aumentar a qualidade e a competitividade de 30 rotas tur\u00edsticas estrat\u00e9gias distribu\u00eddas em 158 munic\u00edpios do Pa\u00eds. O programa prev\u00ea investimentos e a\u00e7\u00f5es de incentivos a novos neg\u00f3cios, acesso ao cr\u00e9dito, melhoria de servi\u00e7os, inova\u00e7\u00e3o e marketing. Para conhecer estas rotas clique <a href=\"http:\/\/www.turismo.gov.br\/images\/Investe%20Turismo\/Rotas_Tur%C3%ADsticas_Estrat%C3%A9gicas-InvesteTurismo.pdf\"><strong>AQUI<\/strong><\/a>.<\/p>\n\n\n\n<p><strong><em>Fonte: <a href=\"http:\/\/www.turismo.gov.br\/%C3%BAltimas-not%C3%ADcias\/14016-mtur-e-ufsc-iniciam-o-diagn%C3%B3stico-de-rotas-tur%C3%ADsticas-em-158-munic%C3%ADpios.html\">MTur<\/a><\/em><\/strong><\/p>\n","protected":false},"excerpt":{"rendered":"<p>Parceria, viabilizada por meio do Labtrans, permitir\u00e1 melhorias nas condi\u00e7\u00f5es de circula\u00e7\u00e3o em 30 rotas tur\u00edsticas do Pa\u00eds J\u00e1 come\u00e7ou o mapeamento e diagn\u00f3stico de 30 rotas tur\u00edsticas estrat\u00e9gicas do Brasil, distribu\u00eddas em 158 munic\u00edpios e contempladas no programa Investe Turismo. A parceria, firmada entre o Minist\u00e9rio do Turismo (MTur) e a Universidade Federal de [&hellip;]<\/p>\n","protected":false},"author":2,"featured_media":11357,"comment_status":"open","ping_status":"open","sticky":false,"template":"","format":"standard","meta":{"footnotes":""},"categories":[746],"tags":[3506,6011,6010,1853],"class_list":["post-11356","post","type-post","status-publish","format-standard","has-post-thumbnail","hentry","category-turismo","tag-infraestrutura","tag-mapeamento-turistico","tag-rotas-turisticas","tag-turismo"],"yoast_head":"<!-- This site is optimized with the Yoast SEO plugin v26.5 - https:\/\/yoast.com\/wordpress\/plugins\/seo\/ -->\n<title>MTur e UFSC iniciam o diagn\u00f3stico de rotas tur\u00edsticas em 158 munic\u00edpios - Jornal Fatos e Not\u00edcias<\/title>\n<meta name=\"robots\" content=\"index, follow, max-snippet:-1, max-image-preview:large, max-video-preview:-1\" \/>\n<link rel=\"canonical\" href=\"https:\/\/jornalfatosenoticias.com.br\/index.php\/2020\/11\/18\/mtur-e-ufsc-iniciam-o-diagnostico-de-rotas-turisticas-em-158-municipios\/\" \/>\n<meta property=\"og:locale\" content=\"pt_BR\" \/>\n<meta property=\"og:type\" content=\"article\" \/>\n<meta property=\"og:title\" content=\"MTur e UFSC iniciam o diagn\u00f3stico de rotas tur\u00edsticas em 158 munic\u00edpios - Jornal Fatos e Not\u00edcias\" \/>\n<meta property=\"og:description\" content=\"Parceria, viabilizada por meio do Labtrans, permitir\u00e1 melhorias nas condi\u00e7\u00f5es de circula\u00e7\u00e3o em 30 rotas tur\u00edsticas do Pa\u00eds J\u00e1 come\u00e7ou o mapeamento e diagn\u00f3stico de 30 rotas tur\u00edsticas estrat\u00e9gicas do Brasil, distribu\u00eddas em 158 munic\u00edpios e contempladas no programa Investe Turismo. A parceria, firmada entre o Minist\u00e9rio do Turismo (MTur) e a Universidade Federal de [&hellip;]\" \/>\n<meta property=\"og:url\" content=\"https:\/\/jornalfatosenoticias.com.br\/index.php\/2020\/11\/18\/mtur-e-ufsc-iniciam-o-diagnostico-de-rotas-turisticas-em-158-municipios\/\" \/>\n<meta property=\"og:site_name\" content=\"Jornal Fatos e Not\u00edcias\" \/>\n<meta property=\"article:published_time\" content=\"2020-11-18T14:39:16+00:00\" \/>\n<meta property=\"article:modified_time\" content=\"2020-11-18T14:39:20+00:00\" \/>\n<meta property=\"og:image\" content=\"https:\/\/jornalfatosenoticias.com.br\/wp-content\/uploads\/2020\/11\/turismo_Brasil.jpg\" \/>\n\t<meta property=\"og:image:width\" content=\"1000\" \/>\n\t<meta property=\"og:image:height\" content=\"667\" \/>\n\t<meta property=\"og:image:type\" content=\"image\/jpeg\" \/>\n<meta name=\"author\" content=\"Luzimara Fernandes\" \/>\n<meta name=\"twitter:card\" content=\"summary_large_image\" \/>\n<meta name=\"twitter:label1\" content=\"Escrito por\" \/>\n\t<meta name=\"twitter:data1\" content=\"Luzimara Fernandes\" \/>\n\t<meta name=\"twitter:label2\" content=\"Est. tempo de leitura\" \/>\n\t<meta name=\"twitter:data2\" content=\"3 minutos\" \/>\n<script type=\"application\/ld+json\" class=\"yoast-schema-graph\">{\"@context\":\"https:\/\/schema.org\",\"@graph\":[{\"@type\":\"Article\",\"@id\":\"https:\/\/jornalfatosenoticias.com.br\/index.php\/2020\/11\/18\/mtur-e-ufsc-iniciam-o-diagnostico-de-rotas-turisticas-em-158-municipios\/#article\",\"isPartOf\":{\"@id\":\"https:\/\/jornalfatosenoticias.com.br\/index.php\/2020\/11\/18\/mtur-e-ufsc-iniciam-o-diagnostico-de-rotas-turisticas-em-158-municipios\/\"},\"author\":{\"name\":\"Luzimara Fernandes\",\"@id\":\"https:\/\/jornalfatosenoticias.com.br\/#\/schema\/person\/d63837fa13ac8666eb9e74e0985d6f81\"},\"headline\":\"MTur e UFSC iniciam o diagn\u00f3stico de rotas tur\u00edsticas em 158 munic\u00edpios\",\"datePublished\":\"2020-11-18T14:39:16+00:00\",\"dateModified\":\"2020-11-18T14:39:20+00:00\",\"mainEntityOfPage\":{\"@id\":\"https:\/\/jornalfatosenoticias.com.br\/index.php\/2020\/11\/18\/mtur-e-ufsc-iniciam-o-diagnostico-de-rotas-turisticas-em-158-municipios\/\"},\"wordCount\":608,\"commentCount\":0,\"publisher\":{\"@id\":\"https:\/\/jornalfatosenoticias.com.br\/#organization\"},\"image\":{\"@id\":\"https:\/\/jornalfatosenoticias.com.br\/index.php\/2020\/11\/18\/mtur-e-ufsc-iniciam-o-diagnostico-de-rotas-turisticas-em-158-municipios\/#primaryimage\"},\"thumbnailUrl\":\"https:\/\/jornalfatosenoticias.com.br\/wp-content\/uploads\/2020\/11\/turismo_Brasil.jpg\",\"keywords\":[\"Infraestrutura\",\"mapeamento tur\u00edstico\",\"rotas tur\u00edsticas\",\"Turismo\"],\"articleSection\":[\"Turismo\"],\"inLanguage\":\"pt-BR\",\"potentialAction\":[{\"@type\":\"CommentAction\",\"name\":\"Comment\",\"target\":[\"https:\/\/jornalfatosenoticias.com.br\/index.php\/2020\/11\/18\/mtur-e-ufsc-iniciam-o-diagnostico-de-rotas-turisticas-em-158-municipios\/#respond\"]}]},{\"@type\":\"WebPage\",\"@id\":\"https:\/\/jornalfatosenoticias.com.br\/index.php\/2020\/11\/18\/mtur-e-ufsc-iniciam-o-diagnostico-de-rotas-turisticas-em-158-municipios\/\",\"url\":\"https:\/\/jornalfatosenoticias.com.br\/index.php\/2020\/11\/18\/mtur-e-ufsc-iniciam-o-diagnostico-de-rotas-turisticas-em-158-municipios\/\",\"name\":\"MTur e UFSC iniciam o diagn\u00f3stico de rotas tur\u00edsticas em 158 munic\u00edpios - Jornal Fatos e Not\u00edcias\",\"isPartOf\":{\"@id\":\"https:\/\/jornalfatosenoticias.com.br\/#website\"},\"primaryImageOfPage\":{\"@id\":\"https:\/\/jornalfatosenoticias.com.br\/index.php\/2020\/11\/18\/mtur-e-ufsc-iniciam-o-diagnostico-de-rotas-turisticas-em-158-municipios\/#primaryimage\"},\"image\":{\"@id\":\"https:\/\/jornalfatosenoticias.com.br\/index.php\/2020\/11\/18\/mtur-e-ufsc-iniciam-o-diagnostico-de-rotas-turisticas-em-158-municipios\/#primaryimage\"},\"thumbnailUrl\":\"https:\/\/jornalfatosenoticias.com.br\/wp-content\/uploads\/2020\/11\/turismo_Brasil.jpg\",\"datePublished\":\"2020-11-18T14:39:16+00:00\",\"dateModified\":\"2020-11-18T14:39:20+00:00\",\"breadcrumb\":{\"@id\":\"https:\/\/jornalfatosenoticias.com.br\/index.php\/2020\/11\/18\/mtur-e-ufsc-iniciam-o-diagnostico-de-rotas-turisticas-em-158-municipios\/#breadcrumb\"},\"inLanguage\":\"pt-BR\",\"potentialAction\":[{\"@type\":\"ReadAction\",\"target\":[\"https:\/\/jornalfatosenoticias.com.br\/index.php\/2020\/11\/18\/mtur-e-ufsc-iniciam-o-diagnostico-de-rotas-turisticas-em-158-municipios\/\"]}]},{\"@type\":\"ImageObject\",\"inLanguage\":\"pt-BR\",\"@id\":\"https:\/\/jornalfatosenoticias.com.br\/index.php\/2020\/11\/18\/mtur-e-ufsc-iniciam-o-diagnostico-de-rotas-turisticas-em-158-municipios\/#primaryimage\",\"url\":\"https:\/\/jornalfatosenoticias.com.br\/wp-content\/uploads\/2020\/11\/turismo_Brasil.jpg\",\"contentUrl\":\"https:\/\/jornalfatosenoticias.com.br\/wp-content\/uploads\/2020\/11\/turismo_Brasil.jpg\",\"width\":1000,\"height\":667},{\"@type\":\"BreadcrumbList\",\"@id\":\"https:\/\/jornalfatosenoticias.com.br\/index.php\/2020\/11\/18\/mtur-e-ufsc-iniciam-o-diagnostico-de-rotas-turisticas-em-158-municipios\/#breadcrumb\",\"itemListElement\":[{\"@type\":\"ListItem\",\"position\":1,\"name\":\"In\u00edcio\",\"item\":\"https:\/\/jornalfatosenoticias.com.br\/\"},{\"@type\":\"ListItem\",\"position\":2,\"name\":\"MTur e UFSC iniciam o diagn\u00f3stico de rotas tur\u00edsticas em 158 munic\u00edpios\"}]},{\"@type\":\"WebSite\",\"@id\":\"https:\/\/jornalfatosenoticias.com.br\/#website\",\"url\":\"https:\/\/jornalfatosenoticias.com.br\/\",\"name\":\"Jornal Fatos e Not\u00edcias\",\"description\":\"Not\u00edcias em geral\",\"publisher\":{\"@id\":\"https:\/\/jornalfatosenoticias.com.br\/#organization\"},\"potentialAction\":[{\"@type\":\"SearchAction\",\"target\":{\"@type\":\"EntryPoint\",\"urlTemplate\":\"https:\/\/jornalfatosenoticias.com.br\/?s={search_term_string}\"},\"query-input\":{\"@type\":\"PropertyValueSpecification\",\"valueRequired\":true,\"valueName\":\"search_term_string\"}}],\"inLanguage\":\"pt-BR\"},{\"@type\":\"Organization\",\"@id\":\"https:\/\/jornalfatosenoticias.com.br\/#organization\",\"name\":\"Jornal Fatos e Not\u00edcias\",\"url\":\"https:\/\/jornalfatosenoticias.com.br\/\",\"logo\":{\"@type\":\"ImageObject\",\"inLanguage\":\"pt-BR\",\"@id\":\"https:\/\/jornalfatosenoticias.com.br\/#\/schema\/logo\/image\/\",\"url\":\"https:\/\/jornalfatosenoticias.com.br\/wp-content\/uploads\/2020\/02\/logo120.png\",\"contentUrl\":\"https:\/\/jornalfatosenoticias.com.br\/wp-content\/uploads\/2020\/02\/logo120.png\",\"width\":1227,\"height\":120,\"caption\":\"Jornal Fatos e Not\u00edcias\"},\"image\":{\"@id\":\"https:\/\/jornalfatosenoticias.com.br\/#\/schema\/logo\/image\/\"}},{\"@type\":\"Person\",\"@id\":\"https:\/\/jornalfatosenoticias.com.br\/#\/schema\/person\/d63837fa13ac8666eb9e74e0985d6f81\",\"name\":\"Luzimara Fernandes\",\"image\":{\"@type\":\"ImageObject\",\"inLanguage\":\"pt-BR\",\"@id\":\"https:\/\/jornalfatosenoticias.com.br\/#\/schema\/person\/image\/\",\"url\":\"https:\/\/jornalfatosenoticias.com.br\/wp-content\/uploads\/2025\/05\/EU_portal.jpg\",\"contentUrl\":\"https:\/\/jornalfatosenoticias.com.br\/wp-content\/uploads\/2025\/05\/EU_portal.jpg\",\"caption\":\"Luzimara Fernandes\"},\"description\":\"Jornalista MTB 2358-ES\",\"sameAs\":[\"https:\/\/jornalfatosenoticias.com.br\"],\"url\":\"https:\/\/jornalfatosenoticias.com.br\/index.php\/author\/luzimara\/\"}]}<\/script>\n<!-- \/ Yoast SEO plugin. -->","yoast_head_json":{"title":"MTur e UFSC iniciam o diagn\u00f3stico de rotas tur\u00edsticas em 158 munic\u00edpios - Jornal Fatos e Not\u00edcias","robots":{"index":"index","follow":"follow","max-snippet":"max-snippet:-1","max-image-preview":"max-image-preview:large","max-video-preview":"max-video-preview:-1"},"canonical":"https:\/\/jornalfatosenoticias.com.br\/index.php\/2020\/11\/18\/mtur-e-ufsc-iniciam-o-diagnostico-de-rotas-turisticas-em-158-municipios\/","og_locale":"pt_BR","og_type":"article","og_title":"MTur e UFSC iniciam o diagn\u00f3stico de rotas tur\u00edsticas em 158 munic\u00edpios - Jornal Fatos e Not\u00edcias","og_description":"Parceria, viabilizada por meio do Labtrans, permitir\u00e1 melhorias nas condi\u00e7\u00f5es de circula\u00e7\u00e3o em 30 rotas tur\u00edsticas do Pa\u00eds J\u00e1 come\u00e7ou o mapeamento e diagn\u00f3stico de 30 rotas tur\u00edsticas estrat\u00e9gicas do Brasil, distribu\u00eddas em 158 munic\u00edpios e contempladas no programa Investe Turismo. A parceria, firmada entre o Minist\u00e9rio do Turismo (MTur) e a Universidade Federal de [&hellip;]","og_url":"https:\/\/jornalfatosenoticias.com.br\/index.php\/2020\/11\/18\/mtur-e-ufsc-iniciam-o-diagnostico-de-rotas-turisticas-em-158-municipios\/","og_site_name":"Jornal Fatos e Not\u00edcias","article_published_time":"2020-11-18T14:39:16+00:00","article_modified_time":"2020-11-18T14:39:20+00:00","og_image":[{"width":1000,"height":667,"url":"https:\/\/jornalfatosenoticias.com.br\/wp-content\/uploads\/2020\/11\/turismo_Brasil.jpg","type":"image\/jpeg"}],"author":"Luzimara Fernandes","twitter_card":"summary_large_image","twitter_misc":{"Escrito por":"Luzimara Fernandes","Est. tempo de leitura":"3 minutos"},"schema":{"@context":"https:\/\/schema.org","@graph":[{"@type":"Article","@id":"https:\/\/jornalfatosenoticias.com.br\/index.php\/2020\/11\/18\/mtur-e-ufsc-iniciam-o-diagnostico-de-rotas-turisticas-em-158-municipios\/#article","isPartOf":{"@id":"https:\/\/jornalfatosenoticias.com.br\/index.php\/2020\/11\/18\/mtur-e-ufsc-iniciam-o-diagnostico-de-rotas-turisticas-em-158-municipios\/"},"author":{"name":"Luzimara Fernandes","@id":"https:\/\/jornalfatosenoticias.com.br\/#\/schema\/person\/d63837fa13ac8666eb9e74e0985d6f81"},"headline":"MTur e UFSC iniciam o diagn\u00f3stico de rotas tur\u00edsticas em 158 munic\u00edpios","datePublished":"2020-11-18T14:39:16+00:00","dateModified":"2020-11-18T14:39:20+00:00","mainEntityOfPage":{"@id":"https:\/\/jornalfatosenoticias.com.br\/index.php\/2020\/11\/18\/mtur-e-ufsc-iniciam-o-diagnostico-de-rotas-turisticas-em-158-municipios\/"},"wordCount":608,"commentCount":0,"publisher":{"@id":"https:\/\/jornalfatosenoticias.com.br\/#organization"},"image":{"@id":"https:\/\/jornalfatosenoticias.com.br\/index.php\/2020\/11\/18\/mtur-e-ufsc-iniciam-o-diagnostico-de-rotas-turisticas-em-158-municipios\/#primaryimage"},"thumbnailUrl":"https:\/\/jornalfatosenoticias.com.br\/wp-content\/uploads\/2020\/11\/turismo_Brasil.jpg","keywords":["Infraestrutura","mapeamento tur\u00edstico","rotas tur\u00edsticas","Turismo"],"articleSection":["Turismo"],"inLanguage":"pt-BR","potentialAction":[{"@type":"CommentAction","name":"Comment","target":["https:\/\/jornalfatosenoticias.com.br\/index.php\/2020\/11\/18\/mtur-e-ufsc-iniciam-o-diagnostico-de-rotas-turisticas-em-158-municipios\/#respond"]}]},{"@type":"WebPage","@id":"https:\/\/jornalfatosenoticias.com.br\/index.php\/2020\/11\/18\/mtur-e-ufsc-iniciam-o-diagnostico-de-rotas-turisticas-em-158-municipios\/","url":"https:\/\/jornalfatosenoticias.com.br\/index.php\/2020\/11\/18\/mtur-e-ufsc-iniciam-o-diagnostico-de-rotas-turisticas-em-158-municipios\/","name":"MTur e UFSC iniciam o diagn\u00f3stico de rotas tur\u00edsticas em 158 munic\u00edpios - Jornal Fatos e Not\u00edcias","isPartOf":{"@id":"https:\/\/jornalfatosenoticias.com.br\/#website"},"primaryImageOfPage":{"@id":"https:\/\/jornalfatosenoticias.com.br\/index.php\/2020\/11\/18\/mtur-e-ufsc-iniciam-o-diagnostico-de-rotas-turisticas-em-158-municipios\/#primaryimage"},"image":{"@id":"https:\/\/jornalfatosenoticias.com.br\/index.php\/2020\/11\/18\/mtur-e-ufsc-iniciam-o-diagnostico-de-rotas-turisticas-em-158-municipios\/#primaryimage"},"thumbnailUrl":"https:\/\/jornalfatosenoticias.com.br\/wp-content\/uploads\/2020\/11\/turismo_Brasil.jpg","datePublished":"2020-11-18T14:39:16+00:00","dateModified":"2020-11-18T14:39:20+00:00","breadcrumb":{"@id":"https:\/\/jornalfatosenoticias.com.br\/index.php\/2020\/11\/18\/mtur-e-ufsc-iniciam-o-diagnostico-de-rotas-turisticas-em-158-municipios\/#breadcrumb"},"inLanguage":"pt-BR","potentialAction":[{"@type":"ReadAction","target":["https:\/\/jornalfatosenoticias.com.br\/index.php\/2020\/11\/18\/mtur-e-ufsc-iniciam-o-diagnostico-de-rotas-turisticas-em-158-municipios\/"]}]},{"@type":"ImageObject","inLanguage":"pt-BR","@id":"https:\/\/jornalfatosenoticias.com.br\/index.php\/2020\/11\/18\/mtur-e-ufsc-iniciam-o-diagnostico-de-rotas-turisticas-em-158-municipios\/#primaryimage","url":"https:\/\/jornalfatosenoticias.com.br\/wp-content\/uploads\/2020\/11\/turismo_Brasil.jpg","contentUrl":"https:\/\/jornalfatosenoticias.com.br\/wp-content\/uploads\/2020\/11\/turismo_Brasil.jpg","width":1000,"height":667},{"@type":"BreadcrumbList","@id":"https:\/\/jornalfatosenoticias.com.br\/index.php\/2020\/11\/18\/mtur-e-ufsc-iniciam-o-diagnostico-de-rotas-turisticas-em-158-municipios\/#breadcrumb","itemListElement":[{"@type":"ListItem","position":1,"name":"In\u00edcio","item":"https:\/\/jornalfatosenoticias.com.br\/"},{"@type":"ListItem","position":2,"name":"MTur e UFSC iniciam o diagn\u00f3stico de rotas tur\u00edsticas em 158 munic\u00edpios"}]},{"@type":"WebSite","@id":"https:\/\/jornalfatosenoticias.com.br\/#website","url":"https:\/\/jornalfatosenoticias.com.br\/","name":"Jornal Fatos e Not\u00edcias","description":"Not\u00edcias em geral","publisher":{"@id":"https:\/\/jornalfatosenoticias.com.br\/#organization"},"potentialAction":[{"@type":"SearchAction","target":{"@type":"EntryPoint","urlTemplate":"https:\/\/jornalfatosenoticias.com.br\/?s={search_term_string}"},"query-input":{"@type":"PropertyValueSpecification","valueRequired":true,"valueName":"search_term_string"}}],"inLanguage":"pt-BR"},{"@type":"Organization","@id":"https:\/\/jornalfatosenoticias.com.br\/#organization","name":"Jornal Fatos e Not\u00edcias","url":"https:\/\/jornalfatosenoticias.com.br\/","logo":{"@type":"ImageObject","inLanguage":"pt-BR","@id":"https:\/\/jornalfatosenoticias.com.br\/#\/schema\/logo\/image\/","url":"https:\/\/jornalfatosenoticias.com.br\/wp-content\/uploads\/2020\/02\/logo120.png","contentUrl":"https:\/\/jornalfatosenoticias.com.br\/wp-content\/uploads\/2020\/02\/logo120.png","width":1227,"height":120,"caption":"Jornal Fatos e Not\u00edcias"},"image":{"@id":"https:\/\/jornalfatosenoticias.com.br\/#\/schema\/logo\/image\/"}},{"@type":"Person","@id":"https:\/\/jornalfatosenoticias.com.br\/#\/schema\/person\/d63837fa13ac8666eb9e74e0985d6f81","name":"Luzimara Fernandes","image":{"@type":"ImageObject","inLanguage":"pt-BR","@id":"https:\/\/jornalfatosenoticias.com.br\/#\/schema\/person\/image\/","url":"https:\/\/jornalfatosenoticias.com.br\/wp-content\/uploads\/2025\/05\/EU_portal.jpg","contentUrl":"https:\/\/jornalfatosenoticias.com.br\/wp-content\/uploads\/2025\/05\/EU_portal.jpg","caption":"Luzimara Fernandes"},"description":"Jornalista MTB 2358-ES","sameAs":["https:\/\/jornalfatosenoticias.com.br"],"url":"https:\/\/jornalfatosenoticias.com.br\/index.php\/author\/luzimara\/"}]}},"cc_featured_image_caption":{"caption_text":"(Foto: Bento Viana\/GDF)","source_text":"","source_url":""},"jetpack_featured_media_url":"https:\/\/jornalfatosenoticias.com.br\/wp-content\/uploads\/2020\/11\/turismo_Brasil.jpg","_links":{"self":[{"href":"https:\/\/jornalfatosenoticias.com.br\/index.php\/wp-json\/wp\/v2\/posts\/11356","targetHints":{"allow":["GET"]}}],"collection":[{"href":"https:\/\/jornalfatosenoticias.com.br\/index.php\/wp-json\/wp\/v2\/posts"}],"about":[{"href":"https:\/\/jornalfatosenoticias.com.br\/index.php\/wp-json\/wp\/v2\/types\/post"}],"author":[{"embeddable":true,"href":"https:\/\/jornalfatosenoticias.com.br\/index.php\/wp-json\/wp\/v2\/users\/2"}],"replies":[{"embeddable":true,"href":"https:\/\/jornalfatosenoticias.com.br\/index.php\/wp-json\/wp\/v2\/comments?post=11356"}],"version-history":[{"count":0,"href":"https:\/\/jornalfatosenoticias.com.br\/index.php\/wp-json\/wp\/v2\/posts\/11356\/revisions"}],"wp:featuredmedia":[{"embeddable":true,"href":"https:\/\/jornalfatosenoticias.com.br\/index.php\/wp-json\/wp\/v2\/media\/11357"}],"wp:attachment":[{"href":"https:\/\/jornalfatosenoticias.com.br\/index.php\/wp-json\/wp\/v2\/media?parent=11356"}],"wp:term":[{"taxonomy":"category","embeddable":true,"href":"https:\/\/jornalfatosenoticias.com.br\/index.php\/wp-json\/wp\/v2\/categories?post=11356"},{"taxonomy":"post_tag","embeddable":true,"href":"https:\/\/jornalfatosenoticias.com.br\/index.php\/wp-json\/wp\/v2\/tags?post=11356"}],"curies":[{"name":"wp","href":"https:\/\/api.w.org\/{rel}","templated":true}]}}