{"id":11454,"date":"2020-11-20T14:47:24","date_gmt":"2020-11-20T17:47:24","guid":{"rendered":"https:\/\/jornalfatosenoticias.com.br\/?p=11454"},"modified":"2020-11-20T14:47:29","modified_gmt":"2020-11-20T17:47:29","slug":"aneel-autoriza-contratacao-de-duas-termeletricas-para-o-amapa","status":"publish","type":"post","link":"https:\/\/jornalfatosenoticias.com.br\/index.php\/2020\/11\/20\/aneel-autoriza-contratacao-de-duas-termeletricas-para-o-amapa\/","title":{"rendered":"Aneel autoriza contrata\u00e7\u00e3o de duas termel\u00e9tricas para o Amap\u00e1"},"content":{"rendered":"\n<h6 class=\"wp-block-heading\"><em>Estado vive drama causado pela falta de energia el\u00e9trica<\/em><\/h6>\n\n\n\n<p>A Ag\u00eancia Nacional de Energia El\u00e9trica (Aneel) autorizou a libera\u00e7\u00e3o operacional, em car\u00e1ter excepcional, de duas usinas termel\u00e9tricas para abastecer o estado do Amap\u00e1, que passa por problemas de energia desde o dia 3 de novembro, quando um apag\u00e3o atingiu o estado.<br>Segundo o despacho, publicado hoje (20) no\u00a0<a href=\"http:\/\/pesquisa.in.gov.br\/imprensa\/jsp\/visualiza\/index.jsp?data=20\/11\/2020&amp;jornal=515&amp;pagina=164&amp;totalArquivos=249\" target=\"_blank\" rel=\"noreferrer noopener\"><em>Di\u00e1rio Oficial da Uni\u00e3o<\/em><\/a>, as usinas poder\u00e3o comercializar 45 megawatts (MW) de energia para o estado. A libera\u00e7\u00e3o para a produ\u00e7\u00e3o comercial come\u00e7a a partir de amanh\u00e3 (21).<br>A contrata\u00e7\u00e3o atende a uma determina\u00e7\u00e3o do Minist\u00e9rio de Minas e Energia (MME), que autorizou a medida, &#8220;de forma c\u00e9lere, excepcional e tempor\u00e1ria&#8221;, de gera\u00e7\u00e3o de energia el\u00e9trica no montante de at\u00e9 150 MWs, na cidade de Macap\u00e1, no Amap\u00e1, por at\u00e9 180 dias. A expectativa \u00e9 que a entrada em opera\u00e7\u00e3o das usinas contribua para normalizar o abastecimento de energia no estado.<br>Pelo despacho, a energia vir\u00e1 da Unidade Termel\u00e9trica (UTE) Santana II, com 24 unidades geradoras de 1.230 quilowatts (kW) cada, totalizando pot\u00eancia instalada de 29,52 MW para garantia de gera\u00e7\u00e3o cont\u00ednua e ininterrupta de 25 MW e da UTE Santa Rita, com 20 unidades geradoras de 1.224 kW cada, somando 24,28 MW de pot\u00eancia instalada para garantia de gera\u00e7\u00e3o cont\u00ednua e ininterrupta de 20 MW. As usinas est\u00e3o localizadas em Macap\u00e1, capital do estado.<br>De acordo com o documento, caber\u00e1 ainda \u00e0 Eletronorte, respons\u00e1vel por providenciar a contrata\u00e7\u00e3o do montante de gera\u00e7\u00e3o termel\u00e9trica, apresentar, no prazo de 60 dias, a documenta\u00e7\u00e3o necess\u00e1ria para a libera\u00e7\u00e3o das opera\u00e7\u00f5es.<br>O prazo poder\u00e1 ser prorrogado por igual per\u00edodo. O restante da documenta\u00e7\u00e3o relacionada \u00e0s UTEs poder\u00e1 ser apresentado at\u00e9 o dia 10 de janeiro de 2021.<\/p>\n\n\n\n<p><em><strong>Cr\u00e9dito da foto:<\/strong> Divulga\u00e7\u00e3o\/Minist\u00e9rio de Minas e Energia<\/em><\/p>\n\n\n\n<p><strong><em>Fonte: <a href=\"https:\/\/agenciabrasil.ebc.com.br\/economia\/noticia\/2020-11\/aneel-autoriza-contratacao-de-duas-termeletricas-para-o-amapa#\">Ag\u00eancia Brasil<\/a><\/em><\/strong><\/p>\n","protected":false},"excerpt":{"rendered":"<p>Estado vive drama causado pela falta de energia el\u00e9trica A Ag\u00eancia Nacional de Energia El\u00e9trica (Aneel) autorizou a libera\u00e7\u00e3o operacional, em car\u00e1ter excepcional, de duas usinas termel\u00e9tricas para abastecer o estado do Amap\u00e1, que passa por problemas de energia desde o dia 3 de novembro, quando um apag\u00e3o atingiu o estado.Segundo o despacho, publicado hoje [&hellip;]<\/p>\n","protected":false},"author":2,"featured_media":11455,"comment_status":"open","ping_status":"open","sticky":false,"template":"","format":"standard","meta":{"footnotes":""},"categories":[9],"tags":[2933,2509,6052,2539,3899,6053,6054],"class_list":["post-11454","post","type-post","status-publish","format-standard","has-post-thumbnail","hentry","category-economia","tag-amapa","tag-aneel","tag-apagao","tag-energia","tag-mme","tag-providencias","tag-usinas"],"yoast_head":"<!-- This site is optimized with the Yoast SEO plugin v26.5 - https:\/\/yoast.com\/wordpress\/plugins\/seo\/ -->\n<title>Aneel autoriza contrata\u00e7\u00e3o de duas termel\u00e9tricas para o Amap\u00e1 - Jornal Fatos e Not\u00edcias<\/title>\n<meta name=\"robots\" content=\"index, follow, max-snippet:-1, max-image-preview:large, max-video-preview:-1\" \/>\n<link rel=\"canonical\" href=\"https:\/\/jornalfatosenoticias.com.br\/index.php\/2020\/11\/20\/aneel-autoriza-contratacao-de-duas-termeletricas-para-o-amapa\/\" \/>\n<meta property=\"og:locale\" content=\"pt_BR\" \/>\n<meta property=\"og:type\" content=\"article\" \/>\n<meta property=\"og:title\" content=\"Aneel autoriza contrata\u00e7\u00e3o de duas termel\u00e9tricas para o Amap\u00e1 - Jornal Fatos e Not\u00edcias\" \/>\n<meta property=\"og:description\" content=\"Estado vive drama causado pela falta de energia el\u00e9trica A Ag\u00eancia Nacional de Energia El\u00e9trica (Aneel) autorizou a libera\u00e7\u00e3o operacional, em car\u00e1ter excepcional, de duas usinas termel\u00e9tricas para abastecer o estado do Amap\u00e1, que passa por problemas de energia desde o dia 3 de novembro, quando um apag\u00e3o atingiu o estado.Segundo o despacho, publicado hoje [&hellip;]\" \/>\n<meta property=\"og:url\" content=\"https:\/\/jornalfatosenoticias.com.br\/index.php\/2020\/11\/20\/aneel-autoriza-contratacao-de-duas-termeletricas-para-o-amapa\/\" \/>\n<meta property=\"og:site_name\" content=\"Jornal Fatos e Not\u00edcias\" \/>\n<meta property=\"article:published_time\" content=\"2020-11-20T17:47:24+00:00\" \/>\n<meta property=\"article:modified_time\" content=\"2020-11-20T17:47:29+00:00\" \/>\n<meta property=\"og:image\" content=\"https:\/\/jornalfatosenoticias.com.br\/wp-content\/uploads\/2020\/11\/ministerio_de_minas_e_energia_Amapa.jpg\" \/>\n\t<meta property=\"og:image:width\" content=\"1000\" \/>\n\t<meta property=\"og:image:height\" content=\"598\" \/>\n\t<meta property=\"og:image:type\" content=\"image\/jpeg\" \/>\n<meta name=\"author\" content=\"Luzimara Fernandes\" \/>\n<meta name=\"twitter:card\" content=\"summary_large_image\" \/>\n<meta name=\"twitter:label1\" content=\"Escrito por\" \/>\n\t<meta name=\"twitter:data1\" content=\"Luzimara Fernandes\" \/>\n\t<meta name=\"twitter:label2\" content=\"Est. tempo de leitura\" \/>\n\t<meta name=\"twitter:data2\" content=\"2 minutos\" \/>\n<script type=\"application\/ld+json\" class=\"yoast-schema-graph\">{\"@context\":\"https:\/\/schema.org\",\"@graph\":[{\"@type\":\"Article\",\"@id\":\"https:\/\/jornalfatosenoticias.com.br\/index.php\/2020\/11\/20\/aneel-autoriza-contratacao-de-duas-termeletricas-para-o-amapa\/#article\",\"isPartOf\":{\"@id\":\"https:\/\/jornalfatosenoticias.com.br\/index.php\/2020\/11\/20\/aneel-autoriza-contratacao-de-duas-termeletricas-para-o-amapa\/\"},\"author\":{\"name\":\"Luzimara Fernandes\",\"@id\":\"https:\/\/jornalfatosenoticias.com.br\/#\/schema\/person\/d63837fa13ac8666eb9e74e0985d6f81\"},\"headline\":\"Aneel autoriza contrata\u00e7\u00e3o de duas termel\u00e9tricas para o Amap\u00e1\",\"datePublished\":\"2020-11-20T17:47:24+00:00\",\"dateModified\":\"2020-11-20T17:47:29+00:00\",\"mainEntityOfPage\":{\"@id\":\"https:\/\/jornalfatosenoticias.com.br\/index.php\/2020\/11\/20\/aneel-autoriza-contratacao-de-duas-termeletricas-para-o-amapa\/\"},\"wordCount\":329,\"commentCount\":0,\"publisher\":{\"@id\":\"https:\/\/jornalfatosenoticias.com.br\/#organization\"},\"image\":{\"@id\":\"https:\/\/jornalfatosenoticias.com.br\/index.php\/2020\/11\/20\/aneel-autoriza-contratacao-de-duas-termeletricas-para-o-amapa\/#primaryimage\"},\"thumbnailUrl\":\"https:\/\/jornalfatosenoticias.com.br\/wp-content\/uploads\/2020\/11\/ministerio_de_minas_e_energia_Amapa.jpg\",\"keywords\":[\"Amap\u00e1\",\"Aneel\",\"apag\u00e3o\",\"energia\",\"MME\",\"provid\u00eancias\",\"usinas\"],\"articleSection\":[\"Economia\"],\"inLanguage\":\"pt-BR\",\"potentialAction\":[{\"@type\":\"CommentAction\",\"name\":\"Comment\",\"target\":[\"https:\/\/jornalfatosenoticias.com.br\/index.php\/2020\/11\/20\/aneel-autoriza-contratacao-de-duas-termeletricas-para-o-amapa\/#respond\"]}]},{\"@type\":\"WebPage\",\"@id\":\"https:\/\/jornalfatosenoticias.com.br\/index.php\/2020\/11\/20\/aneel-autoriza-contratacao-de-duas-termeletricas-para-o-amapa\/\",\"url\":\"https:\/\/jornalfatosenoticias.com.br\/index.php\/2020\/11\/20\/aneel-autoriza-contratacao-de-duas-termeletricas-para-o-amapa\/\",\"name\":\"Aneel autoriza contrata\u00e7\u00e3o de duas termel\u00e9tricas para o Amap\u00e1 - Jornal Fatos e Not\u00edcias\",\"isPartOf\":{\"@id\":\"https:\/\/jornalfatosenoticias.com.br\/#website\"},\"primaryImageOfPage\":{\"@id\":\"https:\/\/jornalfatosenoticias.com.br\/index.php\/2020\/11\/20\/aneel-autoriza-contratacao-de-duas-termeletricas-para-o-amapa\/#primaryimage\"},\"image\":{\"@id\":\"https:\/\/jornalfatosenoticias.com.br\/index.php\/2020\/11\/20\/aneel-autoriza-contratacao-de-duas-termeletricas-para-o-amapa\/#primaryimage\"},\"thumbnailUrl\":\"https:\/\/jornalfatosenoticias.com.br\/wp-content\/uploads\/2020\/11\/ministerio_de_minas_e_energia_Amapa.jpg\",\"datePublished\":\"2020-11-20T17:47:24+00:00\",\"dateModified\":\"2020-11-20T17:47:29+00:00\",\"breadcrumb\":{\"@id\":\"https:\/\/jornalfatosenoticias.com.br\/index.php\/2020\/11\/20\/aneel-autoriza-contratacao-de-duas-termeletricas-para-o-amapa\/#breadcrumb\"},\"inLanguage\":\"pt-BR\",\"potentialAction\":[{\"@type\":\"ReadAction\",\"target\":[\"https:\/\/jornalfatosenoticias.com.br\/index.php\/2020\/11\/20\/aneel-autoriza-contratacao-de-duas-termeletricas-para-o-amapa\/\"]}]},{\"@type\":\"ImageObject\",\"inLanguage\":\"pt-BR\",\"@id\":\"https:\/\/jornalfatosenoticias.com.br\/index.php\/2020\/11\/20\/aneel-autoriza-contratacao-de-duas-termeletricas-para-o-amapa\/#primaryimage\",\"url\":\"https:\/\/jornalfatosenoticias.com.br\/wp-content\/uploads\/2020\/11\/ministerio_de_minas_e_energia_Amapa.jpg\",\"contentUrl\":\"https:\/\/jornalfatosenoticias.com.br\/wp-content\/uploads\/2020\/11\/ministerio_de_minas_e_energia_Amapa.jpg\",\"width\":1000,\"height\":598,\"caption\":\"o Ministro de Minas e Energia, Bento Albuquerque, realiza visita t\u00e9cnica \u00e0 subesta\u00e7\u00e3o Santa Rita e \u00e0s instala\u00e7\u00f5es constru\u00eddas pela Oliveira Energia para fornecimento de mais 20MW ao Amap\u00e1\"},{\"@type\":\"BreadcrumbList\",\"@id\":\"https:\/\/jornalfatosenoticias.com.br\/index.php\/2020\/11\/20\/aneel-autoriza-contratacao-de-duas-termeletricas-para-o-amapa\/#breadcrumb\",\"itemListElement\":[{\"@type\":\"ListItem\",\"position\":1,\"name\":\"In\u00edcio\",\"item\":\"https:\/\/jornalfatosenoticias.com.br\/\"},{\"@type\":\"ListItem\",\"position\":2,\"name\":\"Aneel autoriza contrata\u00e7\u00e3o de duas termel\u00e9tricas para o Amap\u00e1\"}]},{\"@type\":\"WebSite\",\"@id\":\"https:\/\/jornalfatosenoticias.com.br\/#website\",\"url\":\"https:\/\/jornalfatosenoticias.com.br\/\",\"name\":\"Jornal Fatos e Not\u00edcias\",\"description\":\"Not\u00edcias em geral\",\"publisher\":{\"@id\":\"https:\/\/jornalfatosenoticias.com.br\/#organization\"},\"potentialAction\":[{\"@type\":\"SearchAction\",\"target\":{\"@type\":\"EntryPoint\",\"urlTemplate\":\"https:\/\/jornalfatosenoticias.com.br\/?s={search_term_string}\"},\"query-input\":{\"@type\":\"PropertyValueSpecification\",\"valueRequired\":true,\"valueName\":\"search_term_string\"}}],\"inLanguage\":\"pt-BR\"},{\"@type\":\"Organization\",\"@id\":\"https:\/\/jornalfatosenoticias.com.br\/#organization\",\"name\":\"Jornal Fatos e Not\u00edcias\",\"url\":\"https:\/\/jornalfatosenoticias.com.br\/\",\"logo\":{\"@type\":\"ImageObject\",\"inLanguage\":\"pt-BR\",\"@id\":\"https:\/\/jornalfatosenoticias.com.br\/#\/schema\/logo\/image\/\",\"url\":\"https:\/\/jornalfatosenoticias.com.br\/wp-content\/uploads\/2020\/02\/logo120.png\",\"contentUrl\":\"https:\/\/jornalfatosenoticias.com.br\/wp-content\/uploads\/2020\/02\/logo120.png\",\"width\":1227,\"height\":120,\"caption\":\"Jornal Fatos e Not\u00edcias\"},\"image\":{\"@id\":\"https:\/\/jornalfatosenoticias.com.br\/#\/schema\/logo\/image\/\"}},{\"@type\":\"Person\",\"@id\":\"https:\/\/jornalfatosenoticias.com.br\/#\/schema\/person\/d63837fa13ac8666eb9e74e0985d6f81\",\"name\":\"Luzimara Fernandes\",\"image\":{\"@type\":\"ImageObject\",\"inLanguage\":\"pt-BR\",\"@id\":\"https:\/\/jornalfatosenoticias.com.br\/#\/schema\/person\/image\/\",\"url\":\"https:\/\/jornalfatosenoticias.com.br\/wp-content\/uploads\/2025\/05\/EU_portal.jpg\",\"contentUrl\":\"https:\/\/jornalfatosenoticias.com.br\/wp-content\/uploads\/2025\/05\/EU_portal.jpg\",\"caption\":\"Luzimara Fernandes\"},\"description\":\"Jornalista MTB 2358-ES\",\"sameAs\":[\"https:\/\/jornalfatosenoticias.com.br\"],\"url\":\"https:\/\/jornalfatosenoticias.com.br\/index.php\/author\/luzimara\/\"}]}<\/script>\n<!-- \/ Yoast SEO plugin. -->","yoast_head_json":{"title":"Aneel autoriza contrata\u00e7\u00e3o de duas termel\u00e9tricas para o Amap\u00e1 - Jornal Fatos e Not\u00edcias","robots":{"index":"index","follow":"follow","max-snippet":"max-snippet:-1","max-image-preview":"max-image-preview:large","max-video-preview":"max-video-preview:-1"},"canonical":"https:\/\/jornalfatosenoticias.com.br\/index.php\/2020\/11\/20\/aneel-autoriza-contratacao-de-duas-termeletricas-para-o-amapa\/","og_locale":"pt_BR","og_type":"article","og_title":"Aneel autoriza contrata\u00e7\u00e3o de duas termel\u00e9tricas para o Amap\u00e1 - Jornal Fatos e Not\u00edcias","og_description":"Estado vive drama causado pela falta de energia el\u00e9trica A Ag\u00eancia Nacional de Energia El\u00e9trica (Aneel) autorizou a libera\u00e7\u00e3o operacional, em car\u00e1ter excepcional, de duas usinas termel\u00e9tricas para abastecer o estado do Amap\u00e1, que passa por problemas de energia desde o dia 3 de novembro, quando um apag\u00e3o atingiu o estado.Segundo o despacho, publicado hoje [&hellip;]","og_url":"https:\/\/jornalfatosenoticias.com.br\/index.php\/2020\/11\/20\/aneel-autoriza-contratacao-de-duas-termeletricas-para-o-amapa\/","og_site_name":"Jornal Fatos e Not\u00edcias","article_published_time":"2020-11-20T17:47:24+00:00","article_modified_time":"2020-11-20T17:47:29+00:00","og_image":[{"width":1000,"height":598,"url":"https:\/\/jornalfatosenoticias.com.br\/wp-content\/uploads\/2020\/11\/ministerio_de_minas_e_energia_Amapa.jpg","type":"image\/jpeg"}],"author":"Luzimara Fernandes","twitter_card":"summary_large_image","twitter_misc":{"Escrito por":"Luzimara Fernandes","Est. tempo de leitura":"2 minutos"},"schema":{"@context":"https:\/\/schema.org","@graph":[{"@type":"Article","@id":"https:\/\/jornalfatosenoticias.com.br\/index.php\/2020\/11\/20\/aneel-autoriza-contratacao-de-duas-termeletricas-para-o-amapa\/#article","isPartOf":{"@id":"https:\/\/jornalfatosenoticias.com.br\/index.php\/2020\/11\/20\/aneel-autoriza-contratacao-de-duas-termeletricas-para-o-amapa\/"},"author":{"name":"Luzimara Fernandes","@id":"https:\/\/jornalfatosenoticias.com.br\/#\/schema\/person\/d63837fa13ac8666eb9e74e0985d6f81"},"headline":"Aneel autoriza contrata\u00e7\u00e3o de duas termel\u00e9tricas para o Amap\u00e1","datePublished":"2020-11-20T17:47:24+00:00","dateModified":"2020-11-20T17:47:29+00:00","mainEntityOfPage":{"@id":"https:\/\/jornalfatosenoticias.com.br\/index.php\/2020\/11\/20\/aneel-autoriza-contratacao-de-duas-termeletricas-para-o-amapa\/"},"wordCount":329,"commentCount":0,"publisher":{"@id":"https:\/\/jornalfatosenoticias.com.br\/#organization"},"image":{"@id":"https:\/\/jornalfatosenoticias.com.br\/index.php\/2020\/11\/20\/aneel-autoriza-contratacao-de-duas-termeletricas-para-o-amapa\/#primaryimage"},"thumbnailUrl":"https:\/\/jornalfatosenoticias.com.br\/wp-content\/uploads\/2020\/11\/ministerio_de_minas_e_energia_Amapa.jpg","keywords":["Amap\u00e1","Aneel","apag\u00e3o","energia","MME","provid\u00eancias","usinas"],"articleSection":["Economia"],"inLanguage":"pt-BR","potentialAction":[{"@type":"CommentAction","name":"Comment","target":["https:\/\/jornalfatosenoticias.com.br\/index.php\/2020\/11\/20\/aneel-autoriza-contratacao-de-duas-termeletricas-para-o-amapa\/#respond"]}]},{"@type":"WebPage","@id":"https:\/\/jornalfatosenoticias.com.br\/index.php\/2020\/11\/20\/aneel-autoriza-contratacao-de-duas-termeletricas-para-o-amapa\/","url":"https:\/\/jornalfatosenoticias.com.br\/index.php\/2020\/11\/20\/aneel-autoriza-contratacao-de-duas-termeletricas-para-o-amapa\/","name":"Aneel autoriza contrata\u00e7\u00e3o de duas termel\u00e9tricas para o Amap\u00e1 - Jornal Fatos e Not\u00edcias","isPartOf":{"@id":"https:\/\/jornalfatosenoticias.com.br\/#website"},"primaryImageOfPage":{"@id":"https:\/\/jornalfatosenoticias.com.br\/index.php\/2020\/11\/20\/aneel-autoriza-contratacao-de-duas-termeletricas-para-o-amapa\/#primaryimage"},"image":{"@id":"https:\/\/jornalfatosenoticias.com.br\/index.php\/2020\/11\/20\/aneel-autoriza-contratacao-de-duas-termeletricas-para-o-amapa\/#primaryimage"},"thumbnailUrl":"https:\/\/jornalfatosenoticias.com.br\/wp-content\/uploads\/2020\/11\/ministerio_de_minas_e_energia_Amapa.jpg","datePublished":"2020-11-20T17:47:24+00:00","dateModified":"2020-11-20T17:47:29+00:00","breadcrumb":{"@id":"https:\/\/jornalfatosenoticias.com.br\/index.php\/2020\/11\/20\/aneel-autoriza-contratacao-de-duas-termeletricas-para-o-amapa\/#breadcrumb"},"inLanguage":"pt-BR","potentialAction":[{"@type":"ReadAction","target":["https:\/\/jornalfatosenoticias.com.br\/index.php\/2020\/11\/20\/aneel-autoriza-contratacao-de-duas-termeletricas-para-o-amapa\/"]}]},{"@type":"ImageObject","inLanguage":"pt-BR","@id":"https:\/\/jornalfatosenoticias.com.br\/index.php\/2020\/11\/20\/aneel-autoriza-contratacao-de-duas-termeletricas-para-o-amapa\/#primaryimage","url":"https:\/\/jornalfatosenoticias.com.br\/wp-content\/uploads\/2020\/11\/ministerio_de_minas_e_energia_Amapa.jpg","contentUrl":"https:\/\/jornalfatosenoticias.com.br\/wp-content\/uploads\/2020\/11\/ministerio_de_minas_e_energia_Amapa.jpg","width":1000,"height":598,"caption":"o Ministro de Minas e Energia, Bento Albuquerque, realiza visita t\u00e9cnica \u00e0 subesta\u00e7\u00e3o Santa Rita e \u00e0s instala\u00e7\u00f5es constru\u00eddas pela Oliveira Energia para fornecimento de mais 20MW ao Amap\u00e1"},{"@type":"BreadcrumbList","@id":"https:\/\/jornalfatosenoticias.com.br\/index.php\/2020\/11\/20\/aneel-autoriza-contratacao-de-duas-termeletricas-para-o-amapa\/#breadcrumb","itemListElement":[{"@type":"ListItem","position":1,"name":"In\u00edcio","item":"https:\/\/jornalfatosenoticias.com.br\/"},{"@type":"ListItem","position":2,"name":"Aneel autoriza contrata\u00e7\u00e3o de duas termel\u00e9tricas para o Amap\u00e1"}]},{"@type":"WebSite","@id":"https:\/\/jornalfatosenoticias.com.br\/#website","url":"https:\/\/jornalfatosenoticias.com.br\/","name":"Jornal Fatos e Not\u00edcias","description":"Not\u00edcias em geral","publisher":{"@id":"https:\/\/jornalfatosenoticias.com.br\/#organization"},"potentialAction":[{"@type":"SearchAction","target":{"@type":"EntryPoint","urlTemplate":"https:\/\/jornalfatosenoticias.com.br\/?s={search_term_string}"},"query-input":{"@type":"PropertyValueSpecification","valueRequired":true,"valueName":"search_term_string"}}],"inLanguage":"pt-BR"},{"@type":"Organization","@id":"https:\/\/jornalfatosenoticias.com.br\/#organization","name":"Jornal Fatos e Not\u00edcias","url":"https:\/\/jornalfatosenoticias.com.br\/","logo":{"@type":"ImageObject","inLanguage":"pt-BR","@id":"https:\/\/jornalfatosenoticias.com.br\/#\/schema\/logo\/image\/","url":"https:\/\/jornalfatosenoticias.com.br\/wp-content\/uploads\/2020\/02\/logo120.png","contentUrl":"https:\/\/jornalfatosenoticias.com.br\/wp-content\/uploads\/2020\/02\/logo120.png","width":1227,"height":120,"caption":"Jornal Fatos e Not\u00edcias"},"image":{"@id":"https:\/\/jornalfatosenoticias.com.br\/#\/schema\/logo\/image\/"}},{"@type":"Person","@id":"https:\/\/jornalfatosenoticias.com.br\/#\/schema\/person\/d63837fa13ac8666eb9e74e0985d6f81","name":"Luzimara Fernandes","image":{"@type":"ImageObject","inLanguage":"pt-BR","@id":"https:\/\/jornalfatosenoticias.com.br\/#\/schema\/person\/image\/","url":"https:\/\/jornalfatosenoticias.com.br\/wp-content\/uploads\/2025\/05\/EU_portal.jpg","contentUrl":"https:\/\/jornalfatosenoticias.com.br\/wp-content\/uploads\/2025\/05\/EU_portal.jpg","caption":"Luzimara Fernandes"},"description":"Jornalista MTB 2358-ES","sameAs":["https:\/\/jornalfatosenoticias.com.br"],"url":"https:\/\/jornalfatosenoticias.com.br\/index.php\/author\/luzimara\/"}]}},"cc_featured_image_caption":{"caption_text":"","source_text":"","source_url":""},"jetpack_featured_media_url":"https:\/\/jornalfatosenoticias.com.br\/wp-content\/uploads\/2020\/11\/ministerio_de_minas_e_energia_Amapa.jpg","_links":{"self":[{"href":"https:\/\/jornalfatosenoticias.com.br\/index.php\/wp-json\/wp\/v2\/posts\/11454","targetHints":{"allow":["GET"]}}],"collection":[{"href":"https:\/\/jornalfatosenoticias.com.br\/index.php\/wp-json\/wp\/v2\/posts"}],"about":[{"href":"https:\/\/jornalfatosenoticias.com.br\/index.php\/wp-json\/wp\/v2\/types\/post"}],"author":[{"embeddable":true,"href":"https:\/\/jornalfatosenoticias.com.br\/index.php\/wp-json\/wp\/v2\/users\/2"}],"replies":[{"embeddable":true,"href":"https:\/\/jornalfatosenoticias.com.br\/index.php\/wp-json\/wp\/v2\/comments?post=11454"}],"version-history":[{"count":0,"href":"https:\/\/jornalfatosenoticias.com.br\/index.php\/wp-json\/wp\/v2\/posts\/11454\/revisions"}],"wp:featuredmedia":[{"embeddable":true,"href":"https:\/\/jornalfatosenoticias.com.br\/index.php\/wp-json\/wp\/v2\/media\/11455"}],"wp:attachment":[{"href":"https:\/\/jornalfatosenoticias.com.br\/index.php\/wp-json\/wp\/v2\/media?parent=11454"}],"wp:term":[{"taxonomy":"category","embeddable":true,"href":"https:\/\/jornalfatosenoticias.com.br\/index.php\/wp-json\/wp\/v2\/categories?post=11454"},{"taxonomy":"post_tag","embeddable":true,"href":"https:\/\/jornalfatosenoticias.com.br\/index.php\/wp-json\/wp\/v2\/tags?post=11454"}],"curies":[{"name":"wp","href":"https:\/\/api.w.org\/{rel}","templated":true}]}}