{"id":11457,"date":"2020-11-20T15:00:55","date_gmt":"2020-11-20T18:00:55","guid":{"rendered":"https:\/\/jornalfatosenoticias.com.br\/?p=11457"},"modified":"2020-11-20T15:00:58","modified_gmt":"2020-11-20T18:00:58","slug":"dia-da-consciencia-negra-luiz-gama-o-patrono-da-abolicao-da-escravidao","status":"publish","type":"post","link":"https:\/\/jornalfatosenoticias.com.br\/index.php\/2020\/11\/20\/dia-da-consciencia-negra-luiz-gama-o-patrono-da-abolicao-da-escravidao\/","title":{"rendered":"Dia da Consci\u00eancia Negra \u2014 Luiz Gama, o patrono da aboli\u00e7\u00e3o da escravid\u00e3o"},"content":{"rendered":"\n<h6 class=\"wp-block-heading\"><em>O ex-escravo baiano libertou cerca de 500 escravizados<\/em><\/h6>\n\n\n\n<p>Nascido em Salvador em 1830, filho de uma africana livre e de um portugu\u00eas, Luiz Gama foi vendido ainda crian\u00e7a pelo pai, como pagamento de uma d\u00edvida de jogo, e enviado a S\u00e3o Paulo como escravo. Foi alfabetizado apenas aos 17 anos, um ano antes de conseguir judicialmente a pr\u00f3pria liberdade.<br>Por ser negro, foi impedido de frequentar o curso da Faculdade de Direito do Largo S\u00e3o Francisco, a mais antiga institui\u00e7\u00e3o do g\u00eanero no Pa\u00eds. Determinado, o baiano passou a estudar direito de forma autodidata e atuou na pr\u00e1tica como advogado, libertando mais de 500 negros da escravid\u00e3o. Em 2015, 133 anos ap\u00f3s a sua morte, foi reconhecido pela OAB como advogado e, em 2018, foi declarado por lei como patrono da aboli\u00e7\u00e3o da escravid\u00e3o no Brasil, al\u00e9m de ter o nome inscrito no Livro dos Her\u00f3is da P\u00e1tria.<br>O abolicionista, que tamb\u00e9m foi jornalista e poeta, \u00e9 tema do estudo de L\u00edgia Fonseca Ferreira, professora da Unifesp que pesquisa a vida e obra de Luiz Gama h\u00e1 cerca de 20 anos e publicou tr\u00eas livros sobre ele. O \u00faltimo, Li\u00e7\u00f5es de Resist\u00eancia: Artigos de Luiz Gama na Imprensa de S\u00e3o Paulo e do Rio de Janeiro, foi lan\u00e7ado neste ano.<\/p>\n\n\n\n<figure class=\"wp-block-image size-large\"><img loading=\"lazy\" decoding=\"async\" width=\"1000\" height=\"664\" src=\"https:\/\/jornalfatosenoticias.com.br\/wp-content\/uploads\/2020\/11\/ligia-fonseca.jpeg\" alt=\"\" class=\"wp-image-11458\" srcset=\"https:\/\/jornalfatosenoticias.com.br\/wp-content\/uploads\/2020\/11\/ligia-fonseca.jpeg 1000w, https:\/\/jornalfatosenoticias.com.br\/wp-content\/uploads\/2020\/11\/ligia-fonseca-300x199.jpeg 300w, https:\/\/jornalfatosenoticias.com.br\/wp-content\/uploads\/2020\/11\/ligia-fonseca-768x510.jpeg 768w\" sizes=\"auto, (max-width: 1000px) 100vw, 1000px\" \/><figcaption><em>Professora L\u00edgia Fonseca Ferreira publicou tr\u00eas livros sobre Luiz Gama (Foto: Arquivo pessoal)<\/em><\/figcaption><\/figure>\n\n\n\n<p>Em entrevista exclusiva \u00e0 TV Brasil, a pesquisadora fala sobre o papel importante de Luiz Gama no movimento abolicionista, de sua atua\u00e7\u00e3o relevante na imprensa e tamb\u00e9m no campo liter\u00e1rio.<\/p>\n\n\n\n<p><strong>Leia a entrevista a seguir:<\/strong><\/p>\n\n\n\n<p><strong>TV Brasil \u2014 <\/strong><em>Neste livro, que traz 61 artigos de Luiz Gama, 42 deles in\u00e9ditos, quais s\u00e3o as li\u00e7\u00f5es de resist\u00eancia que o leitor vai encontrar?<\/em><br><strong>L\u00edgia Fonseca Ferreira \u2014<\/strong> Essas li\u00e7\u00f5es de resist\u00eancia s\u00e3o, em primeiro lugar, a defesa dos escravizados, a defesa dos direitos humanos, sobretudo o direito dos escravos que j\u00e1 existiam, j\u00e1 estavam inclusive assegurados pelas nossas leis, mas que muitas vezes n\u00e3o eram respeitados. Ele conseguiu desenterrar leis que ficaram como letra morta, como a lei de 7 de novembro de 1831, que deveria garantir que os africanos que desembarcassem no Brasil a partir daquela data deveriam ser considerados livres e que os traficantes de escravos deveriam sofrer penalidades. Ent\u00e3o de 1831 at\u00e9 1888, quando houve a aboli\u00e7\u00e3o, s\u00e3o 57 anos. Mas o Luiz Gama vai fazer com que essas leis possam ser aplicadas antes da aboli\u00e7\u00e3o. Ele diz que a fun\u00e7\u00e3o dos ju\u00edzes \u00e9 de estudar e aplicar as leis e ele vai bater insistentemente nessa tecla, e \u00e9 a partir disso, portanto, que ele alcan\u00e7a, como declara numa carta, a liberdade de cerca de 500 escravos.<\/p>\n\n\n\n<p><strong>TV Brasil \u2014<\/strong> <em>Mesmo sem forma\u00e7\u00e3o acad\u00eamica, Luiz Gama demonstrava muito conhecimento jur\u00eddico e advogava de gra\u00e7a para libertar os escravizados?<\/em><br><strong>L\u00edgia Fonseca Ferreira \u2014<\/strong> Ele traz \u00e0 tona essa condi\u00e7\u00e3o muito singular de ser um homem de uma imensa cultura jur\u00eddica e de aplic\u00e1-la em benef\u00edcio dos escravizados. Ele tinha uma autoriza\u00e7\u00e3o especial para advogar em primeira inst\u00e2ncia e fazia an\u00fancios a servi\u00e7o das causas da liberdade, tudo sem retribui\u00e7\u00e3o alguma. Ele abra\u00e7a a causa abolicionista e tamb\u00e9m foi um dos primeiros brasileiros a abra\u00e7ar a causa republicana. Para Luiz Gama, a luta abolicionista tamb\u00e9m se desdobrava na luta pelos ideais republicanos, no combate \u00e0 monarquia, ent\u00e3o a gente n\u00e3o pode se esquecer desse papel muito importante que ele vai ter nesse momento.<\/p>\n\n\n\n<p><strong>TV Brasil \u2014<\/strong> <em>Luiz Gama advogava de gra\u00e7a e tinha como ganha-p\u00e3o o trabalho de jornalista. Inclusive fundou o primeiro jornal ilustrado de S\u00e3o Paulo, chamado Diabo Coxo. De que forma as facetas de abolicionista e jornalista se uniam?<\/em><br><strong>L\u00edgia Fonseca Ferreira \u2014<\/strong> O Luiz Gama \u00e9 esse trabalhador incans\u00e1vel do jornalismo que n\u00f3s tamb\u00e9m precisamos conhecer. Al\u00e9m do abolicionista, que se funde com esse homem que est\u00e1 olhando para o Brasil e mostrando um retrato a partir de uma perspectiva diferente, que a sua condi\u00e7\u00e3o de homem negro lhe dava. No ano de 1871, quando Luiz Gama \u00e9 acusado de promover insurrei\u00e7\u00f5es escravas, ele vem a p\u00fablico atrav\u00e9s da imprensa, que era uma arma importante para ele, dizer que n\u00e3o estava promovendo insurrei\u00e7\u00f5es, mas que, quando a justi\u00e7a falhasse em garantir o direito dos escravos, ele fala que promoveria a resist\u00eancia como virtude c\u00edvica.<\/p>\n\n\n\n<p><strong>TV Brasil \u2014<\/strong> <em>E al\u00e9m de atuar como abolicionista e jornalista, Luiz Gama tamb\u00e9m foi poeta e lan\u00e7ou o primeiro livro apenas 12 anos depois de ser alfabetizado?<\/em><br><strong>L\u00edgia Fonseca Ferreira \u2014<\/strong> Estamos falando aqui do S\u00e9culo 19, em que pouqu\u00edssimos negros estiveram ligados ao mundo das letras, \u00e0 produ\u00e7\u00e3o liter\u00e1ria, que \u00e9 outro aspecto no qual ele se destaca. Ele lan\u00e7a as Primeiras Trovas Burlescas em 1859. \u00c9 um conjunto de s\u00e1tiras pol\u00edticas, sociais e raciais, nas quais o Luiz Gama faz uma grande descri\u00e7\u00e3o do funcionamento da sociedade imperial da \u00e9poca. Se a gente ler a maneira como ele aponta o funcionamento da sociedade em v\u00e1rios n\u00edveis, a gente tem a impress\u00e3o de que o Luiz Gama est\u00e1 fazendo um retrato da nossa sociedade de hoje. \u00c9 isso que garante a sua extrema atualidade. E ele tamb\u00e9m escreve poemas l\u00edricos. \u00c9 o primeiro poeta afro-brasileiro, porque ele era filho de uma africana, a ter louvado a mulher negra, ent\u00e3o ele j\u00e1 tem um papel bastante interessante dentro de uma produ\u00e7\u00e3o que mais tarde a gente vai poder chamar de literatura negra, trazendo essa tem\u00e1tica.<\/p>\n\n\n\n<p>T<strong>V Brasil \u2014<\/strong> <em>Nesses 190 anos do nascimento de Luiz Gama, ainda falta reconhecimento para a obra dele?<\/em><br><strong>L\u00edgia Fonseca Ferreira \u2014<\/strong> Ele deveria estar presente na hist\u00f3ria da literatura, do per\u00edodo rom\u00e2ntico; na hist\u00f3ria do Brasil, especialmente das lutas abolicionistas e da campanha republicana; ele deveria estar na hist\u00f3ria das ideias jur\u00eddicas, e ele deveria estar na hist\u00f3ria da imprensa, pelo papel que desempenhou e que agora uma parte est\u00e1 reunida no livro Li\u00e7\u00f5es de Resist\u00eancia, em artigos que tratam sobre escravid\u00e3o, liberdade, rep\u00fablica e direitos humanos.<\/p>\n\n\n\n<p><strong><em>Fonte: <a href=\"https:\/\/agenciabrasil.ebc.com.br\/direitos-humanos\/noticia\/2020-11\/luiz-gama-o-patrono-da-abolicao-da-escravidao\">Ag\u00eancia Brasil<\/a><\/em><\/strong><\/p>\n","protected":false},"excerpt":{"rendered":"<p>O ex-escravo baiano libertou cerca de 500 escravizados Nascido em Salvador em 1830, filho de uma africana livre e de um portugu\u00eas, Luiz Gama foi vendido ainda crian\u00e7a pelo pai, como pagamento de uma d\u00edvida de jogo, e enviado a S\u00e3o Paulo como escravo. Foi alfabetizado apenas aos 17 anos, um ano antes de conseguir [&hellip;]<\/p>\n","protected":false},"author":2,"featured_media":11459,"comment_status":"open","ping_status":"open","sticky":false,"template":"","format":"standard","meta":{"footnotes":""},"categories":[4],"tags":[6055,6057,6058,6059],"class_list":["post-11457","post","type-post","status-publish","format-standard","has-post-thumbnail","hentry","category-cultura","tag-abolicionista","tag-consciencia-negra-2020-2","tag-luiz-gama","tag-patrono-da-abolicao"],"yoast_head":"<!-- This site is optimized with the Yoast SEO plugin v26.5 - https:\/\/yoast.com\/wordpress\/plugins\/seo\/ -->\n<title>Dia da Consci\u00eancia Negra \u2014 Luiz Gama, o patrono da aboli\u00e7\u00e3o da escravid\u00e3o - Jornal Fatos e Not\u00edcias<\/title>\n<meta name=\"robots\" content=\"index, follow, max-snippet:-1, max-image-preview:large, max-video-preview:-1\" \/>\n<link rel=\"canonical\" href=\"https:\/\/jornalfatosenoticias.com.br\/index.php\/2020\/11\/20\/dia-da-consciencia-negra-luiz-gama-o-patrono-da-abolicao-da-escravidao\/\" \/>\n<meta property=\"og:locale\" content=\"pt_BR\" \/>\n<meta property=\"og:type\" content=\"article\" \/>\n<meta property=\"og:title\" content=\"Dia da Consci\u00eancia Negra \u2014 Luiz Gama, o patrono da aboli\u00e7\u00e3o da escravid\u00e3o - Jornal Fatos e Not\u00edcias\" \/>\n<meta property=\"og:description\" content=\"O ex-escravo baiano libertou cerca de 500 escravizados Nascido em Salvador em 1830, filho de uma africana livre e de um portugu\u00eas, Luiz Gama foi vendido ainda crian\u00e7a pelo pai, como pagamento de uma d\u00edvida de jogo, e enviado a S\u00e3o Paulo como escravo. Foi alfabetizado apenas aos 17 anos, um ano antes de conseguir [&hellip;]\" \/>\n<meta property=\"og:url\" content=\"https:\/\/jornalfatosenoticias.com.br\/index.php\/2020\/11\/20\/dia-da-consciencia-negra-luiz-gama-o-patrono-da-abolicao-da-escravidao\/\" \/>\n<meta property=\"og:site_name\" content=\"Jornal Fatos e Not\u00edcias\" \/>\n<meta property=\"article:published_time\" content=\"2020-11-20T18:00:55+00:00\" \/>\n<meta property=\"article:modified_time\" content=\"2020-11-20T18:00:58+00:00\" \/>\n<meta property=\"og:image\" content=\"https:\/\/jornalfatosenoticias.com.br\/wp-content\/uploads\/2020\/11\/luiz_gama.jpg\" \/>\n\t<meta property=\"og:image:width\" content=\"1000\" \/>\n\t<meta property=\"og:image:height\" content=\"598\" \/>\n\t<meta property=\"og:image:type\" content=\"image\/jpeg\" \/>\n<meta name=\"author\" content=\"Luzimara Fernandes\" \/>\n<meta name=\"twitter:card\" content=\"summary_large_image\" \/>\n<meta name=\"twitter:label1\" content=\"Escrito por\" \/>\n\t<meta name=\"twitter:data1\" content=\"Luzimara Fernandes\" \/>\n\t<meta name=\"twitter:label2\" content=\"Est. tempo de leitura\" \/>\n\t<meta name=\"twitter:data2\" content=\"5 minutos\" \/>\n<script type=\"application\/ld+json\" class=\"yoast-schema-graph\">{\"@context\":\"https:\/\/schema.org\",\"@graph\":[{\"@type\":\"Article\",\"@id\":\"https:\/\/jornalfatosenoticias.com.br\/index.php\/2020\/11\/20\/dia-da-consciencia-negra-luiz-gama-o-patrono-da-abolicao-da-escravidao\/#article\",\"isPartOf\":{\"@id\":\"https:\/\/jornalfatosenoticias.com.br\/index.php\/2020\/11\/20\/dia-da-consciencia-negra-luiz-gama-o-patrono-da-abolicao-da-escravidao\/\"},\"author\":{\"name\":\"Luzimara Fernandes\",\"@id\":\"https:\/\/jornalfatosenoticias.com.br\/#\/schema\/person\/d63837fa13ac8666eb9e74e0985d6f81\"},\"headline\":\"Dia da Consci\u00eancia Negra \u2014 Luiz Gama, o patrono da aboli\u00e7\u00e3o da escravid\u00e3o\",\"datePublished\":\"2020-11-20T18:00:55+00:00\",\"dateModified\":\"2020-11-20T18:00:58+00:00\",\"mainEntityOfPage\":{\"@id\":\"https:\/\/jornalfatosenoticias.com.br\/index.php\/2020\/11\/20\/dia-da-consciencia-negra-luiz-gama-o-patrono-da-abolicao-da-escravidao\/\"},\"wordCount\":1073,\"commentCount\":0,\"publisher\":{\"@id\":\"https:\/\/jornalfatosenoticias.com.br\/#organization\"},\"image\":{\"@id\":\"https:\/\/jornalfatosenoticias.com.br\/index.php\/2020\/11\/20\/dia-da-consciencia-negra-luiz-gama-o-patrono-da-abolicao-da-escravidao\/#primaryimage\"},\"thumbnailUrl\":\"https:\/\/jornalfatosenoticias.com.br\/wp-content\/uploads\/2020\/11\/luiz_gama.jpg\",\"keywords\":[\"abolicionista\",\"Consci\u00eancia Negra 2020\",\"Luiz Gama\",\"patrono da aboli\u00e7\u00e3o\"],\"articleSection\":[\"Cultura\"],\"inLanguage\":\"pt-BR\",\"potentialAction\":[{\"@type\":\"CommentAction\",\"name\":\"Comment\",\"target\":[\"https:\/\/jornalfatosenoticias.com.br\/index.php\/2020\/11\/20\/dia-da-consciencia-negra-luiz-gama-o-patrono-da-abolicao-da-escravidao\/#respond\"]}]},{\"@type\":\"WebPage\",\"@id\":\"https:\/\/jornalfatosenoticias.com.br\/index.php\/2020\/11\/20\/dia-da-consciencia-negra-luiz-gama-o-patrono-da-abolicao-da-escravidao\/\",\"url\":\"https:\/\/jornalfatosenoticias.com.br\/index.php\/2020\/11\/20\/dia-da-consciencia-negra-luiz-gama-o-patrono-da-abolicao-da-escravidao\/\",\"name\":\"Dia da Consci\u00eancia Negra \u2014 Luiz Gama, o patrono da aboli\u00e7\u00e3o da escravid\u00e3o - Jornal Fatos e Not\u00edcias\",\"isPartOf\":{\"@id\":\"https:\/\/jornalfatosenoticias.com.br\/#website\"},\"primaryImageOfPage\":{\"@id\":\"https:\/\/jornalfatosenoticias.com.br\/index.php\/2020\/11\/20\/dia-da-consciencia-negra-luiz-gama-o-patrono-da-abolicao-da-escravidao\/#primaryimage\"},\"image\":{\"@id\":\"https:\/\/jornalfatosenoticias.com.br\/index.php\/2020\/11\/20\/dia-da-consciencia-negra-luiz-gama-o-patrono-da-abolicao-da-escravidao\/#primaryimage\"},\"thumbnailUrl\":\"https:\/\/jornalfatosenoticias.com.br\/wp-content\/uploads\/2020\/11\/luiz_gama.jpg\",\"datePublished\":\"2020-11-20T18:00:55+00:00\",\"dateModified\":\"2020-11-20T18:00:58+00:00\",\"breadcrumb\":{\"@id\":\"https:\/\/jornalfatosenoticias.com.br\/index.php\/2020\/11\/20\/dia-da-consciencia-negra-luiz-gama-o-patrono-da-abolicao-da-escravidao\/#breadcrumb\"},\"inLanguage\":\"pt-BR\",\"potentialAction\":[{\"@type\":\"ReadAction\",\"target\":[\"https:\/\/jornalfatosenoticias.com.br\/index.php\/2020\/11\/20\/dia-da-consciencia-negra-luiz-gama-o-patrono-da-abolicao-da-escravidao\/\"]}]},{\"@type\":\"ImageObject\",\"inLanguage\":\"pt-BR\",\"@id\":\"https:\/\/jornalfatosenoticias.com.br\/index.php\/2020\/11\/20\/dia-da-consciencia-negra-luiz-gama-o-patrono-da-abolicao-da-escravidao\/#primaryimage\",\"url\":\"https:\/\/jornalfatosenoticias.com.br\/wp-content\/uploads\/2020\/11\/luiz_gama.jpg\",\"contentUrl\":\"https:\/\/jornalfatosenoticias.com.br\/wp-content\/uploads\/2020\/11\/luiz_gama.jpg\",\"width\":1000,\"height\":598,\"caption\":\"Luiz Gama foi um intelectual negro no Brasil no s\u00e9culo XIX.\"},{\"@type\":\"BreadcrumbList\",\"@id\":\"https:\/\/jornalfatosenoticias.com.br\/index.php\/2020\/11\/20\/dia-da-consciencia-negra-luiz-gama-o-patrono-da-abolicao-da-escravidao\/#breadcrumb\",\"itemListElement\":[{\"@type\":\"ListItem\",\"position\":1,\"name\":\"In\u00edcio\",\"item\":\"https:\/\/jornalfatosenoticias.com.br\/\"},{\"@type\":\"ListItem\",\"position\":2,\"name\":\"Dia da Consci\u00eancia Negra \u2014 Luiz Gama, o patrono da aboli\u00e7\u00e3o da escravid\u00e3o\"}]},{\"@type\":\"WebSite\",\"@id\":\"https:\/\/jornalfatosenoticias.com.br\/#website\",\"url\":\"https:\/\/jornalfatosenoticias.com.br\/\",\"name\":\"Jornal Fatos e Not\u00edcias\",\"description\":\"Not\u00edcias em geral\",\"publisher\":{\"@id\":\"https:\/\/jornalfatosenoticias.com.br\/#organization\"},\"potentialAction\":[{\"@type\":\"SearchAction\",\"target\":{\"@type\":\"EntryPoint\",\"urlTemplate\":\"https:\/\/jornalfatosenoticias.com.br\/?s={search_term_string}\"},\"query-input\":{\"@type\":\"PropertyValueSpecification\",\"valueRequired\":true,\"valueName\":\"search_term_string\"}}],\"inLanguage\":\"pt-BR\"},{\"@type\":\"Organization\",\"@id\":\"https:\/\/jornalfatosenoticias.com.br\/#organization\",\"name\":\"Jornal Fatos e Not\u00edcias\",\"url\":\"https:\/\/jornalfatosenoticias.com.br\/\",\"logo\":{\"@type\":\"ImageObject\",\"inLanguage\":\"pt-BR\",\"@id\":\"https:\/\/jornalfatosenoticias.com.br\/#\/schema\/logo\/image\/\",\"url\":\"https:\/\/jornalfatosenoticias.com.br\/wp-content\/uploads\/2020\/02\/logo120.png\",\"contentUrl\":\"https:\/\/jornalfatosenoticias.com.br\/wp-content\/uploads\/2020\/02\/logo120.png\",\"width\":1227,\"height\":120,\"caption\":\"Jornal Fatos e Not\u00edcias\"},\"image\":{\"@id\":\"https:\/\/jornalfatosenoticias.com.br\/#\/schema\/logo\/image\/\"}},{\"@type\":\"Person\",\"@id\":\"https:\/\/jornalfatosenoticias.com.br\/#\/schema\/person\/d63837fa13ac8666eb9e74e0985d6f81\",\"name\":\"Luzimara Fernandes\",\"image\":{\"@type\":\"ImageObject\",\"inLanguage\":\"pt-BR\",\"@id\":\"https:\/\/jornalfatosenoticias.com.br\/#\/schema\/person\/image\/\",\"url\":\"https:\/\/jornalfatosenoticias.com.br\/wp-content\/uploads\/2025\/05\/EU_portal.jpg\",\"contentUrl\":\"https:\/\/jornalfatosenoticias.com.br\/wp-content\/uploads\/2025\/05\/EU_portal.jpg\",\"caption\":\"Luzimara Fernandes\"},\"description\":\"Jornalista MTB 2358-ES\",\"sameAs\":[\"https:\/\/jornalfatosenoticias.com.br\"],\"url\":\"https:\/\/jornalfatosenoticias.com.br\/index.php\/author\/luzimara\/\"}]}<\/script>\n<!-- \/ Yoast SEO plugin. -->","yoast_head_json":{"title":"Dia da Consci\u00eancia Negra \u2014 Luiz Gama, o patrono da aboli\u00e7\u00e3o da escravid\u00e3o - Jornal Fatos e Not\u00edcias","robots":{"index":"index","follow":"follow","max-snippet":"max-snippet:-1","max-image-preview":"max-image-preview:large","max-video-preview":"max-video-preview:-1"},"canonical":"https:\/\/jornalfatosenoticias.com.br\/index.php\/2020\/11\/20\/dia-da-consciencia-negra-luiz-gama-o-patrono-da-abolicao-da-escravidao\/","og_locale":"pt_BR","og_type":"article","og_title":"Dia da Consci\u00eancia Negra \u2014 Luiz Gama, o patrono da aboli\u00e7\u00e3o da escravid\u00e3o - Jornal Fatos e Not\u00edcias","og_description":"O ex-escravo baiano libertou cerca de 500 escravizados Nascido em Salvador em 1830, filho de uma africana livre e de um portugu\u00eas, Luiz Gama foi vendido ainda crian\u00e7a pelo pai, como pagamento de uma d\u00edvida de jogo, e enviado a S\u00e3o Paulo como escravo. Foi alfabetizado apenas aos 17 anos, um ano antes de conseguir [&hellip;]","og_url":"https:\/\/jornalfatosenoticias.com.br\/index.php\/2020\/11\/20\/dia-da-consciencia-negra-luiz-gama-o-patrono-da-abolicao-da-escravidao\/","og_site_name":"Jornal Fatos e Not\u00edcias","article_published_time":"2020-11-20T18:00:55+00:00","article_modified_time":"2020-11-20T18:00:58+00:00","og_image":[{"width":1000,"height":598,"url":"https:\/\/jornalfatosenoticias.com.br\/wp-content\/uploads\/2020\/11\/luiz_gama.jpg","type":"image\/jpeg"}],"author":"Luzimara Fernandes","twitter_card":"summary_large_image","twitter_misc":{"Escrito por":"Luzimara Fernandes","Est. tempo de leitura":"5 minutos"},"schema":{"@context":"https:\/\/schema.org","@graph":[{"@type":"Article","@id":"https:\/\/jornalfatosenoticias.com.br\/index.php\/2020\/11\/20\/dia-da-consciencia-negra-luiz-gama-o-patrono-da-abolicao-da-escravidao\/#article","isPartOf":{"@id":"https:\/\/jornalfatosenoticias.com.br\/index.php\/2020\/11\/20\/dia-da-consciencia-negra-luiz-gama-o-patrono-da-abolicao-da-escravidao\/"},"author":{"name":"Luzimara Fernandes","@id":"https:\/\/jornalfatosenoticias.com.br\/#\/schema\/person\/d63837fa13ac8666eb9e74e0985d6f81"},"headline":"Dia da Consci\u00eancia Negra \u2014 Luiz Gama, o patrono da aboli\u00e7\u00e3o da escravid\u00e3o","datePublished":"2020-11-20T18:00:55+00:00","dateModified":"2020-11-20T18:00:58+00:00","mainEntityOfPage":{"@id":"https:\/\/jornalfatosenoticias.com.br\/index.php\/2020\/11\/20\/dia-da-consciencia-negra-luiz-gama-o-patrono-da-abolicao-da-escravidao\/"},"wordCount":1073,"commentCount":0,"publisher":{"@id":"https:\/\/jornalfatosenoticias.com.br\/#organization"},"image":{"@id":"https:\/\/jornalfatosenoticias.com.br\/index.php\/2020\/11\/20\/dia-da-consciencia-negra-luiz-gama-o-patrono-da-abolicao-da-escravidao\/#primaryimage"},"thumbnailUrl":"https:\/\/jornalfatosenoticias.com.br\/wp-content\/uploads\/2020\/11\/luiz_gama.jpg","keywords":["abolicionista","Consci\u00eancia Negra 2020","Luiz Gama","patrono da aboli\u00e7\u00e3o"],"articleSection":["Cultura"],"inLanguage":"pt-BR","potentialAction":[{"@type":"CommentAction","name":"Comment","target":["https:\/\/jornalfatosenoticias.com.br\/index.php\/2020\/11\/20\/dia-da-consciencia-negra-luiz-gama-o-patrono-da-abolicao-da-escravidao\/#respond"]}]},{"@type":"WebPage","@id":"https:\/\/jornalfatosenoticias.com.br\/index.php\/2020\/11\/20\/dia-da-consciencia-negra-luiz-gama-o-patrono-da-abolicao-da-escravidao\/","url":"https:\/\/jornalfatosenoticias.com.br\/index.php\/2020\/11\/20\/dia-da-consciencia-negra-luiz-gama-o-patrono-da-abolicao-da-escravidao\/","name":"Dia da Consci\u00eancia Negra \u2014 Luiz Gama, o patrono da aboli\u00e7\u00e3o da escravid\u00e3o - Jornal Fatos e Not\u00edcias","isPartOf":{"@id":"https:\/\/jornalfatosenoticias.com.br\/#website"},"primaryImageOfPage":{"@id":"https:\/\/jornalfatosenoticias.com.br\/index.php\/2020\/11\/20\/dia-da-consciencia-negra-luiz-gama-o-patrono-da-abolicao-da-escravidao\/#primaryimage"},"image":{"@id":"https:\/\/jornalfatosenoticias.com.br\/index.php\/2020\/11\/20\/dia-da-consciencia-negra-luiz-gama-o-patrono-da-abolicao-da-escravidao\/#primaryimage"},"thumbnailUrl":"https:\/\/jornalfatosenoticias.com.br\/wp-content\/uploads\/2020\/11\/luiz_gama.jpg","datePublished":"2020-11-20T18:00:55+00:00","dateModified":"2020-11-20T18:00:58+00:00","breadcrumb":{"@id":"https:\/\/jornalfatosenoticias.com.br\/index.php\/2020\/11\/20\/dia-da-consciencia-negra-luiz-gama-o-patrono-da-abolicao-da-escravidao\/#breadcrumb"},"inLanguage":"pt-BR","potentialAction":[{"@type":"ReadAction","target":["https:\/\/jornalfatosenoticias.com.br\/index.php\/2020\/11\/20\/dia-da-consciencia-negra-luiz-gama-o-patrono-da-abolicao-da-escravidao\/"]}]},{"@type":"ImageObject","inLanguage":"pt-BR","@id":"https:\/\/jornalfatosenoticias.com.br\/index.php\/2020\/11\/20\/dia-da-consciencia-negra-luiz-gama-o-patrono-da-abolicao-da-escravidao\/#primaryimage","url":"https:\/\/jornalfatosenoticias.com.br\/wp-content\/uploads\/2020\/11\/luiz_gama.jpg","contentUrl":"https:\/\/jornalfatosenoticias.com.br\/wp-content\/uploads\/2020\/11\/luiz_gama.jpg","width":1000,"height":598,"caption":"Luiz Gama foi um intelectual negro no Brasil no s\u00e9culo XIX."},{"@type":"BreadcrumbList","@id":"https:\/\/jornalfatosenoticias.com.br\/index.php\/2020\/11\/20\/dia-da-consciencia-negra-luiz-gama-o-patrono-da-abolicao-da-escravidao\/#breadcrumb","itemListElement":[{"@type":"ListItem","position":1,"name":"In\u00edcio","item":"https:\/\/jornalfatosenoticias.com.br\/"},{"@type":"ListItem","position":2,"name":"Dia da Consci\u00eancia Negra \u2014 Luiz Gama, o patrono da aboli\u00e7\u00e3o da escravid\u00e3o"}]},{"@type":"WebSite","@id":"https:\/\/jornalfatosenoticias.com.br\/#website","url":"https:\/\/jornalfatosenoticias.com.br\/","name":"Jornal Fatos e Not\u00edcias","description":"Not\u00edcias em geral","publisher":{"@id":"https:\/\/jornalfatosenoticias.com.br\/#organization"},"potentialAction":[{"@type":"SearchAction","target":{"@type":"EntryPoint","urlTemplate":"https:\/\/jornalfatosenoticias.com.br\/?s={search_term_string}"},"query-input":{"@type":"PropertyValueSpecification","valueRequired":true,"valueName":"search_term_string"}}],"inLanguage":"pt-BR"},{"@type":"Organization","@id":"https:\/\/jornalfatosenoticias.com.br\/#organization","name":"Jornal Fatos e Not\u00edcias","url":"https:\/\/jornalfatosenoticias.com.br\/","logo":{"@type":"ImageObject","inLanguage":"pt-BR","@id":"https:\/\/jornalfatosenoticias.com.br\/#\/schema\/logo\/image\/","url":"https:\/\/jornalfatosenoticias.com.br\/wp-content\/uploads\/2020\/02\/logo120.png","contentUrl":"https:\/\/jornalfatosenoticias.com.br\/wp-content\/uploads\/2020\/02\/logo120.png","width":1227,"height":120,"caption":"Jornal Fatos e Not\u00edcias"},"image":{"@id":"https:\/\/jornalfatosenoticias.com.br\/#\/schema\/logo\/image\/"}},{"@type":"Person","@id":"https:\/\/jornalfatosenoticias.com.br\/#\/schema\/person\/d63837fa13ac8666eb9e74e0985d6f81","name":"Luzimara Fernandes","image":{"@type":"ImageObject","inLanguage":"pt-BR","@id":"https:\/\/jornalfatosenoticias.com.br\/#\/schema\/person\/image\/","url":"https:\/\/jornalfatosenoticias.com.br\/wp-content\/uploads\/2025\/05\/EU_portal.jpg","contentUrl":"https:\/\/jornalfatosenoticias.com.br\/wp-content\/uploads\/2025\/05\/EU_portal.jpg","caption":"Luzimara Fernandes"},"description":"Jornalista MTB 2358-ES","sameAs":["https:\/\/jornalfatosenoticias.com.br"],"url":"https:\/\/jornalfatosenoticias.com.br\/index.php\/author\/luzimara\/"}]}},"cc_featured_image_caption":{"caption_text":"(Biblioteca P\u00fablica do Paran\u00e1)","source_text":"","source_url":""},"jetpack_featured_media_url":"https:\/\/jornalfatosenoticias.com.br\/wp-content\/uploads\/2020\/11\/luiz_gama.jpg","_links":{"self":[{"href":"https:\/\/jornalfatosenoticias.com.br\/index.php\/wp-json\/wp\/v2\/posts\/11457","targetHints":{"allow":["GET"]}}],"collection":[{"href":"https:\/\/jornalfatosenoticias.com.br\/index.php\/wp-json\/wp\/v2\/posts"}],"about":[{"href":"https:\/\/jornalfatosenoticias.com.br\/index.php\/wp-json\/wp\/v2\/types\/post"}],"author":[{"embeddable":true,"href":"https:\/\/jornalfatosenoticias.com.br\/index.php\/wp-json\/wp\/v2\/users\/2"}],"replies":[{"embeddable":true,"href":"https:\/\/jornalfatosenoticias.com.br\/index.php\/wp-json\/wp\/v2\/comments?post=11457"}],"version-history":[{"count":0,"href":"https:\/\/jornalfatosenoticias.com.br\/index.php\/wp-json\/wp\/v2\/posts\/11457\/revisions"}],"wp:featuredmedia":[{"embeddable":true,"href":"https:\/\/jornalfatosenoticias.com.br\/index.php\/wp-json\/wp\/v2\/media\/11459"}],"wp:attachment":[{"href":"https:\/\/jornalfatosenoticias.com.br\/index.php\/wp-json\/wp\/v2\/media?parent=11457"}],"wp:term":[{"taxonomy":"category","embeddable":true,"href":"https:\/\/jornalfatosenoticias.com.br\/index.php\/wp-json\/wp\/v2\/categories?post=11457"},{"taxonomy":"post_tag","embeddable":true,"href":"https:\/\/jornalfatosenoticias.com.br\/index.php\/wp-json\/wp\/v2\/tags?post=11457"}],"curies":[{"name":"wp","href":"https:\/\/api.w.org\/{rel}","templated":true}]}}