{"id":11482,"date":"2020-11-20T16:10:55","date_gmt":"2020-11-20T19:10:55","guid":{"rendered":"https:\/\/jornalfatosenoticias.com.br\/?p=11482"},"modified":"2020-11-20T16:11:00","modified_gmt":"2020-11-20T19:11:00","slug":"humanos-viverao-em-redomas-de-vidro-em-marte-diz-elon-musk","status":"publish","type":"post","link":"https:\/\/jornalfatosenoticias.com.br\/index.php\/2020\/11\/20\/humanos-viverao-em-redomas-de-vidro-em-marte-diz-elon-musk\/","title":{"rendered":"Humanos viver\u00e3o em redomas de vidro em Marte, diz Elon Musk"},"content":{"rendered":"\n<h6 class=\"wp-block-heading\"><em>De acordo com o empres\u00e1rio, a ideia \u00e9 terraformar o terreno para &#8216;suportar vida, como a Terra&#8217;<\/em><\/h6>\n\n\n\n<p>Que\u00a0<a target=\"_blank\" rel=\"noreferrer noopener\" href=\"https:\/\/olhardigital.com.br\/coronavirus\/noticia\/elon-musk-diz-ter-testado-positivo-e-negativo-para-covid-19\/110178\">Elon Musk<\/a>, CEO da\u00a0<a target=\"_blank\" rel=\"noreferrer noopener\" href=\"https:\/\/olhardigital.com.br\/ciencia-e-espaco\/noticia\/spacex-tentara-lancar-e-pousar-dois-falcon-9-num-intervalo-de-13-horas\/110354\">SpaceX<\/a>, tem planos bastante ambiciosos n\u00e3o \u00e9 novidade. Uma das ideias mais interessantes \u00e9 a de criar uma col\u00f4nia em <a target=\"_blank\" rel=\"noreferrer noopener\" href=\"https:\/\/olhardigital.com.br\/ciencia-e-espaco\/noticia\/marte-possui-tuneis-de-lava-tres-vezes-maiores-do-que-os-da-terra\/108915\">Marte<\/a> que deve ter um milh\u00e3o de pessoas at\u00e9 2050.<br>Agora, <a target=\"_blank\" rel=\"noreferrer noopener\" href=\"https:\/\/olhardigital.com.br\/noticia\/elon-musk-vai-alem-e-anuncia-tequila-da-tesla\/109872\">Musk<\/a> revelou um pouco mais sobre o empreendimento. Em um tu\u00edte sobre o assunto, ele afirma que a vida vai come\u00e7ar com redomas de vidro que ser\u00e3o terraformadas &#8220;para suportar vida, como a Terra&#8221;.<\/p>\n\n\n\n<figure class=\"wp-block-embed-twitter wp-block-embed is-type-rich is-provider-twitter\"><div class=\"wp-block-embed__wrapper\">\n<blockquote class=\"twitter-tweet\" data-width=\"550\" data-dnt=\"true\"><p lang=\"en\" dir=\"ltr\">Elon: When people arrived on Mars, would the planet already be terraformed or would people have another way created by SpaceX to survive on the red planet?<\/p>&mdash; CoinOrbitX (@CoinOrbitX) <a href=\"https:\/\/twitter.com\/CoinOrbitX\/status\/1329101715786829824?ref_src=twsrc%5Etfw\">November 18, 2020<\/a><\/blockquote><script async src=\"https:\/\/platform.twitter.com\/widgets.js\" charset=\"utf-8\"><\/script>\n<\/div><\/figure>\n\n\n\n<p>A terraforma\u00e7\u00e3o \u00e9 um processo de modifica\u00e7\u00e3o de atmosfera, temperatura, ecologia e topografia de um planeta para suportar um ecossistema como o da <a target=\"_blank\" rel=\"noreferrer noopener\" href=\"https:\/\/olhardigital.com.br\/ciencia-e-espaco\/noticia\/impacto-de-asteroide-com-a-terra-em-2068-ainda-e-possivel\/109937\">Terra<\/a>. Vale lembrar que, pelo menos por enquanto, esse conceito \u00e9 apenas hipot\u00e9tico.<br>Mesmo assim, Musk reconhece que o processo &#8220;ser\u00e1 lento demais para ser relevante em nossa vida&#8221;. E completa: &#8220;No entanto, podemos estabelecer uma base humana l\u00e1 enquanto estamos vivos. Pelo menos uma futura civiliza\u00e7\u00e3o espacial, descobrindo nossas ru\u00ednas, ficar\u00e1 impressionada com o qu\u00e3o longe os humanos chegaram&#8221;.<br>E quando comenta que esse processo ser\u00e1 lento, o empres\u00e1rio tem raz\u00e3o. Em uma an\u00e1lise recente, especialistas conclu\u00edram que podem ser necess\u00e1rias 3.500 ogivas nucleares explodindo diariamente para aumentar a press\u00e3o atmosf\u00e9rica de <a target=\"_blank\" rel=\"noreferrer noopener\" href=\"https:\/\/olhardigital.com.br\/ciencia-e-espaco\/noticia\/primeira-starship-rumo-a-marte-pode-decolar-em-quatro-anos-diz-musk\/108856\">Marte<\/a> a n\u00edveis respir\u00e1veis.<\/p>\n\n\n\n<figure class=\"wp-block-image size-large\"><img loading=\"lazy\" decoding=\"async\" width=\"1000\" height=\"563\" src=\"https:\/\/jornalfatosenoticias.com.br\/wp-content\/uploads\/2020\/11\/redoma_de_vidro_em_marte2.jpg\" alt=\"\" class=\"wp-image-11484\" srcset=\"https:\/\/jornalfatosenoticias.com.br\/wp-content\/uploads\/2020\/11\/redoma_de_vidro_em_marte2.jpg 1000w, https:\/\/jornalfatosenoticias.com.br\/wp-content\/uploads\/2020\/11\/redoma_de_vidro_em_marte2-300x169.jpg 300w, https:\/\/jornalfatosenoticias.com.br\/wp-content\/uploads\/2020\/11\/redoma_de_vidro_em_marte2-768x432.jpg 768w\" sizes=\"auto, (max-width: 1000px) 100vw, 1000px\" \/><figcaption><em>Redomas de vidro podem ser a solu\u00e7\u00e3o para estabelecer vida em Marte (Foto: SergeyDV\/Shutterstock)<\/em><\/figcaption><\/figure>\n\n\n\n<p>No entanto, mesmo que isso seja poss\u00edvel um dia, h\u00e1 um grande obst\u00e1culo nesse processo. A radia\u00e7\u00e3o resultante tornaria a superf\u00edcie completamente inabit\u00e1vel.<br>Apesar disso, <a target=\"_blank\" rel=\"noreferrer noopener\" href=\"https:\/\/olhardigital.com.br\/noticia\/elon-musk-indica-que-tesla-pode-lancar-um-onibus-eletrico-mas-apaga-post\/108711\">Musk<\/a> parece n\u00e3o ter inten\u00e7\u00e3o de desistir da ideia. &#8220;Se n\u00e3o melhorarmos nosso ritmo de progresso, definitivamente estarei morto antes de irmos para Marte&#8221;, declarou durante a confer\u00eancia Satellite 2020, realizada em Washington.<br>Se tudo correr de acordo com o ambicioso plano de Musk, a primeira nave espacial do empres\u00e1rio dever\u00e1 chegar ao Planeta Vermelho em 2024.<\/p>\n\n\n\n<p><strong><em>Fonte: <a href=\"https:\/\/olhardigital.com.br\/ciencia-e-espaco\/noticia\/humanos-viverao-em-redomas-de-vidro-em-marte-diz-elon-musk\/110456\">Olhar Digital<\/a><\/em><\/strong><\/p>\n","protected":false},"excerpt":{"rendered":"<p>De acordo com o empres\u00e1rio, a ideia \u00e9 terraformar o terreno para &#8216;suportar vida, como a Terra&#8217; Que\u00a0Elon Musk, CEO da\u00a0SpaceX, tem planos bastante ambiciosos n\u00e3o \u00e9 novidade. Uma das ideias mais interessantes \u00e9 a de criar uma col\u00f4nia em Marte que deve ter um milh\u00e3o de pessoas at\u00e9 2050.Agora, Musk revelou um pouco mais [&hellip;]<\/p>\n","protected":false},"author":2,"featured_media":11485,"comment_status":"open","ping_status":"open","sticky":false,"template":"","format":"standard","meta":{"footnotes":""},"categories":[2],"tags":[1634,434,2425],"class_list":["post-11482","post","type-post","status-publish","format-standard","has-post-thumbnail","hentry","category-ciencia","tag-elon-musk","tag-marte","tag-spacex"],"yoast_head":"<!-- This site is optimized with the Yoast SEO plugin v26.5 - https:\/\/yoast.com\/wordpress\/plugins\/seo\/ -->\n<title>Humanos viver\u00e3o em redomas de vidro em Marte, diz Elon Musk - Jornal Fatos e Not\u00edcias<\/title>\n<meta name=\"robots\" content=\"index, follow, max-snippet:-1, max-image-preview:large, max-video-preview:-1\" \/>\n<link rel=\"canonical\" href=\"https:\/\/jornalfatosenoticias.com.br\/index.php\/2020\/11\/20\/humanos-viverao-em-redomas-de-vidro-em-marte-diz-elon-musk\/\" \/>\n<meta property=\"og:locale\" content=\"pt_BR\" \/>\n<meta property=\"og:type\" content=\"article\" \/>\n<meta property=\"og:title\" content=\"Humanos viver\u00e3o em redomas de vidro em Marte, diz Elon Musk - Jornal Fatos e Not\u00edcias\" \/>\n<meta property=\"og:description\" content=\"De acordo com o empres\u00e1rio, a ideia \u00e9 terraformar o terreno para &#8216;suportar vida, como a Terra&#8217; Que\u00a0Elon Musk, CEO da\u00a0SpaceX, tem planos bastante ambiciosos n\u00e3o \u00e9 novidade. Uma das ideias mais interessantes \u00e9 a de criar uma col\u00f4nia em Marte que deve ter um milh\u00e3o de pessoas at\u00e9 2050.Agora, Musk revelou um pouco mais [&hellip;]\" \/>\n<meta property=\"og:url\" content=\"https:\/\/jornalfatosenoticias.com.br\/index.php\/2020\/11\/20\/humanos-viverao-em-redomas-de-vidro-em-marte-diz-elon-musk\/\" \/>\n<meta property=\"og:site_name\" content=\"Jornal Fatos e Not\u00edcias\" \/>\n<meta property=\"article:published_time\" content=\"2020-11-20T19:10:55+00:00\" \/>\n<meta property=\"article:modified_time\" content=\"2020-11-20T19:11:00+00:00\" \/>\n<meta property=\"og:image\" content=\"https:\/\/jornalfatosenoticias.com.br\/wp-content\/uploads\/2020\/11\/redoma_de_vidro_em_marte.jpg\" \/>\n\t<meta property=\"og:image:width\" content=\"1000\" \/>\n\t<meta property=\"og:image:height\" content=\"561\" \/>\n\t<meta property=\"og:image:type\" content=\"image\/jpeg\" \/>\n<meta name=\"author\" content=\"Luzimara Fernandes\" \/>\n<meta name=\"twitter:card\" content=\"summary_large_image\" \/>\n<meta name=\"twitter:label1\" content=\"Escrito por\" \/>\n\t<meta name=\"twitter:data1\" content=\"Luzimara Fernandes\" \/>\n\t<meta name=\"twitter:label2\" content=\"Est. tempo de leitura\" \/>\n\t<meta name=\"twitter:data2\" content=\"2 minutos\" \/>\n<script type=\"application\/ld+json\" class=\"yoast-schema-graph\">{\"@context\":\"https:\/\/schema.org\",\"@graph\":[{\"@type\":\"Article\",\"@id\":\"https:\/\/jornalfatosenoticias.com.br\/index.php\/2020\/11\/20\/humanos-viverao-em-redomas-de-vidro-em-marte-diz-elon-musk\/#article\",\"isPartOf\":{\"@id\":\"https:\/\/jornalfatosenoticias.com.br\/index.php\/2020\/11\/20\/humanos-viverao-em-redomas-de-vidro-em-marte-diz-elon-musk\/\"},\"author\":{\"name\":\"Luzimara Fernandes\",\"@id\":\"https:\/\/jornalfatosenoticias.com.br\/#\/schema\/person\/d63837fa13ac8666eb9e74e0985d6f81\"},\"headline\":\"Humanos viver\u00e3o em redomas de vidro em Marte, diz Elon Musk\",\"datePublished\":\"2020-11-20T19:10:55+00:00\",\"dateModified\":\"2020-11-20T19:11:00+00:00\",\"mainEntityOfPage\":{\"@id\":\"https:\/\/jornalfatosenoticias.com.br\/index.php\/2020\/11\/20\/humanos-viverao-em-redomas-de-vidro-em-marte-diz-elon-musk\/\"},\"wordCount\":371,\"commentCount\":0,\"publisher\":{\"@id\":\"https:\/\/jornalfatosenoticias.com.br\/#organization\"},\"image\":{\"@id\":\"https:\/\/jornalfatosenoticias.com.br\/index.php\/2020\/11\/20\/humanos-viverao-em-redomas-de-vidro-em-marte-diz-elon-musk\/#primaryimage\"},\"thumbnailUrl\":\"https:\/\/jornalfatosenoticias.com.br\/wp-content\/uploads\/2020\/11\/redoma_de_vidro_em_marte.jpg\",\"keywords\":[\"Elon Musk\",\"Marte\",\"SpaceX\"],\"articleSection\":[\"Ci\u00eancia\"],\"inLanguage\":\"pt-BR\",\"potentialAction\":[{\"@type\":\"CommentAction\",\"name\":\"Comment\",\"target\":[\"https:\/\/jornalfatosenoticias.com.br\/index.php\/2020\/11\/20\/humanos-viverao-em-redomas-de-vidro-em-marte-diz-elon-musk\/#respond\"]}]},{\"@type\":\"WebPage\",\"@id\":\"https:\/\/jornalfatosenoticias.com.br\/index.php\/2020\/11\/20\/humanos-viverao-em-redomas-de-vidro-em-marte-diz-elon-musk\/\",\"url\":\"https:\/\/jornalfatosenoticias.com.br\/index.php\/2020\/11\/20\/humanos-viverao-em-redomas-de-vidro-em-marte-diz-elon-musk\/\",\"name\":\"Humanos viver\u00e3o em redomas de vidro em Marte, diz Elon Musk - Jornal Fatos e Not\u00edcias\",\"isPartOf\":{\"@id\":\"https:\/\/jornalfatosenoticias.com.br\/#website\"},\"primaryImageOfPage\":{\"@id\":\"https:\/\/jornalfatosenoticias.com.br\/index.php\/2020\/11\/20\/humanos-viverao-em-redomas-de-vidro-em-marte-diz-elon-musk\/#primaryimage\"},\"image\":{\"@id\":\"https:\/\/jornalfatosenoticias.com.br\/index.php\/2020\/11\/20\/humanos-viverao-em-redomas-de-vidro-em-marte-diz-elon-musk\/#primaryimage\"},\"thumbnailUrl\":\"https:\/\/jornalfatosenoticias.com.br\/wp-content\/uploads\/2020\/11\/redoma_de_vidro_em_marte.jpg\",\"datePublished\":\"2020-11-20T19:10:55+00:00\",\"dateModified\":\"2020-11-20T19:11:00+00:00\",\"breadcrumb\":{\"@id\":\"https:\/\/jornalfatosenoticias.com.br\/index.php\/2020\/11\/20\/humanos-viverao-em-redomas-de-vidro-em-marte-diz-elon-musk\/#breadcrumb\"},\"inLanguage\":\"pt-BR\",\"potentialAction\":[{\"@type\":\"ReadAction\",\"target\":[\"https:\/\/jornalfatosenoticias.com.br\/index.php\/2020\/11\/20\/humanos-viverao-em-redomas-de-vidro-em-marte-diz-elon-musk\/\"]}]},{\"@type\":\"ImageObject\",\"inLanguage\":\"pt-BR\",\"@id\":\"https:\/\/jornalfatosenoticias.com.br\/index.php\/2020\/11\/20\/humanos-viverao-em-redomas-de-vidro-em-marte-diz-elon-musk\/#primaryimage\",\"url\":\"https:\/\/jornalfatosenoticias.com.br\/wp-content\/uploads\/2020\/11\/redoma_de_vidro_em_marte.jpg\",\"contentUrl\":\"https:\/\/jornalfatosenoticias.com.br\/wp-content\/uploads\/2020\/11\/redoma_de_vidro_em_marte.jpg\",\"width\":1000,\"height\":561},{\"@type\":\"BreadcrumbList\",\"@id\":\"https:\/\/jornalfatosenoticias.com.br\/index.php\/2020\/11\/20\/humanos-viverao-em-redomas-de-vidro-em-marte-diz-elon-musk\/#breadcrumb\",\"itemListElement\":[{\"@type\":\"ListItem\",\"position\":1,\"name\":\"In\u00edcio\",\"item\":\"https:\/\/jornalfatosenoticias.com.br\/\"},{\"@type\":\"ListItem\",\"position\":2,\"name\":\"Humanos viver\u00e3o em redomas de vidro em Marte, diz Elon Musk\"}]},{\"@type\":\"WebSite\",\"@id\":\"https:\/\/jornalfatosenoticias.com.br\/#website\",\"url\":\"https:\/\/jornalfatosenoticias.com.br\/\",\"name\":\"Jornal Fatos e Not\u00edcias\",\"description\":\"Not\u00edcias em geral\",\"publisher\":{\"@id\":\"https:\/\/jornalfatosenoticias.com.br\/#organization\"},\"potentialAction\":[{\"@type\":\"SearchAction\",\"target\":{\"@type\":\"EntryPoint\",\"urlTemplate\":\"https:\/\/jornalfatosenoticias.com.br\/?s={search_term_string}\"},\"query-input\":{\"@type\":\"PropertyValueSpecification\",\"valueRequired\":true,\"valueName\":\"search_term_string\"}}],\"inLanguage\":\"pt-BR\"},{\"@type\":\"Organization\",\"@id\":\"https:\/\/jornalfatosenoticias.com.br\/#organization\",\"name\":\"Jornal Fatos e Not\u00edcias\",\"url\":\"https:\/\/jornalfatosenoticias.com.br\/\",\"logo\":{\"@type\":\"ImageObject\",\"inLanguage\":\"pt-BR\",\"@id\":\"https:\/\/jornalfatosenoticias.com.br\/#\/schema\/logo\/image\/\",\"url\":\"https:\/\/jornalfatosenoticias.com.br\/wp-content\/uploads\/2020\/02\/logo120.png\",\"contentUrl\":\"https:\/\/jornalfatosenoticias.com.br\/wp-content\/uploads\/2020\/02\/logo120.png\",\"width\":1227,\"height\":120,\"caption\":\"Jornal Fatos e Not\u00edcias\"},\"image\":{\"@id\":\"https:\/\/jornalfatosenoticias.com.br\/#\/schema\/logo\/image\/\"}},{\"@type\":\"Person\",\"@id\":\"https:\/\/jornalfatosenoticias.com.br\/#\/schema\/person\/d63837fa13ac8666eb9e74e0985d6f81\",\"name\":\"Luzimara Fernandes\",\"image\":{\"@type\":\"ImageObject\",\"inLanguage\":\"pt-BR\",\"@id\":\"https:\/\/jornalfatosenoticias.com.br\/#\/schema\/person\/image\/\",\"url\":\"https:\/\/jornalfatosenoticias.com.br\/wp-content\/uploads\/2025\/05\/EU_portal.jpg\",\"contentUrl\":\"https:\/\/jornalfatosenoticias.com.br\/wp-content\/uploads\/2025\/05\/EU_portal.jpg\",\"caption\":\"Luzimara Fernandes\"},\"description\":\"Jornalista MTB 2358-ES\",\"sameAs\":[\"https:\/\/jornalfatosenoticias.com.br\"],\"url\":\"https:\/\/jornalfatosenoticias.com.br\/index.php\/author\/luzimara\/\"}]}<\/script>\n<!-- \/ Yoast SEO plugin. -->","yoast_head_json":{"title":"Humanos viver\u00e3o em redomas de vidro em Marte, diz Elon Musk - Jornal Fatos e Not\u00edcias","robots":{"index":"index","follow":"follow","max-snippet":"max-snippet:-1","max-image-preview":"max-image-preview:large","max-video-preview":"max-video-preview:-1"},"canonical":"https:\/\/jornalfatosenoticias.com.br\/index.php\/2020\/11\/20\/humanos-viverao-em-redomas-de-vidro-em-marte-diz-elon-musk\/","og_locale":"pt_BR","og_type":"article","og_title":"Humanos viver\u00e3o em redomas de vidro em Marte, diz Elon Musk - Jornal Fatos e Not\u00edcias","og_description":"De acordo com o empres\u00e1rio, a ideia \u00e9 terraformar o terreno para &#8216;suportar vida, como a Terra&#8217; Que\u00a0Elon Musk, CEO da\u00a0SpaceX, tem planos bastante ambiciosos n\u00e3o \u00e9 novidade. Uma das ideias mais interessantes \u00e9 a de criar uma col\u00f4nia em Marte que deve ter um milh\u00e3o de pessoas at\u00e9 2050.Agora, Musk revelou um pouco mais [&hellip;]","og_url":"https:\/\/jornalfatosenoticias.com.br\/index.php\/2020\/11\/20\/humanos-viverao-em-redomas-de-vidro-em-marte-diz-elon-musk\/","og_site_name":"Jornal Fatos e Not\u00edcias","article_published_time":"2020-11-20T19:10:55+00:00","article_modified_time":"2020-11-20T19:11:00+00:00","og_image":[{"width":1000,"height":561,"url":"https:\/\/jornalfatosenoticias.com.br\/wp-content\/uploads\/2020\/11\/redoma_de_vidro_em_marte.jpg","type":"image\/jpeg"}],"author":"Luzimara Fernandes","twitter_card":"summary_large_image","twitter_misc":{"Escrito por":"Luzimara Fernandes","Est. tempo de leitura":"2 minutos"},"schema":{"@context":"https:\/\/schema.org","@graph":[{"@type":"Article","@id":"https:\/\/jornalfatosenoticias.com.br\/index.php\/2020\/11\/20\/humanos-viverao-em-redomas-de-vidro-em-marte-diz-elon-musk\/#article","isPartOf":{"@id":"https:\/\/jornalfatosenoticias.com.br\/index.php\/2020\/11\/20\/humanos-viverao-em-redomas-de-vidro-em-marte-diz-elon-musk\/"},"author":{"name":"Luzimara Fernandes","@id":"https:\/\/jornalfatosenoticias.com.br\/#\/schema\/person\/d63837fa13ac8666eb9e74e0985d6f81"},"headline":"Humanos viver\u00e3o em redomas de vidro em Marte, diz Elon Musk","datePublished":"2020-11-20T19:10:55+00:00","dateModified":"2020-11-20T19:11:00+00:00","mainEntityOfPage":{"@id":"https:\/\/jornalfatosenoticias.com.br\/index.php\/2020\/11\/20\/humanos-viverao-em-redomas-de-vidro-em-marte-diz-elon-musk\/"},"wordCount":371,"commentCount":0,"publisher":{"@id":"https:\/\/jornalfatosenoticias.com.br\/#organization"},"image":{"@id":"https:\/\/jornalfatosenoticias.com.br\/index.php\/2020\/11\/20\/humanos-viverao-em-redomas-de-vidro-em-marte-diz-elon-musk\/#primaryimage"},"thumbnailUrl":"https:\/\/jornalfatosenoticias.com.br\/wp-content\/uploads\/2020\/11\/redoma_de_vidro_em_marte.jpg","keywords":["Elon Musk","Marte","SpaceX"],"articleSection":["Ci\u00eancia"],"inLanguage":"pt-BR","potentialAction":[{"@type":"CommentAction","name":"Comment","target":["https:\/\/jornalfatosenoticias.com.br\/index.php\/2020\/11\/20\/humanos-viverao-em-redomas-de-vidro-em-marte-diz-elon-musk\/#respond"]}]},{"@type":"WebPage","@id":"https:\/\/jornalfatosenoticias.com.br\/index.php\/2020\/11\/20\/humanos-viverao-em-redomas-de-vidro-em-marte-diz-elon-musk\/","url":"https:\/\/jornalfatosenoticias.com.br\/index.php\/2020\/11\/20\/humanos-viverao-em-redomas-de-vidro-em-marte-diz-elon-musk\/","name":"Humanos viver\u00e3o em redomas de vidro em Marte, diz Elon Musk - Jornal Fatos e Not\u00edcias","isPartOf":{"@id":"https:\/\/jornalfatosenoticias.com.br\/#website"},"primaryImageOfPage":{"@id":"https:\/\/jornalfatosenoticias.com.br\/index.php\/2020\/11\/20\/humanos-viverao-em-redomas-de-vidro-em-marte-diz-elon-musk\/#primaryimage"},"image":{"@id":"https:\/\/jornalfatosenoticias.com.br\/index.php\/2020\/11\/20\/humanos-viverao-em-redomas-de-vidro-em-marte-diz-elon-musk\/#primaryimage"},"thumbnailUrl":"https:\/\/jornalfatosenoticias.com.br\/wp-content\/uploads\/2020\/11\/redoma_de_vidro_em_marte.jpg","datePublished":"2020-11-20T19:10:55+00:00","dateModified":"2020-11-20T19:11:00+00:00","breadcrumb":{"@id":"https:\/\/jornalfatosenoticias.com.br\/index.php\/2020\/11\/20\/humanos-viverao-em-redomas-de-vidro-em-marte-diz-elon-musk\/#breadcrumb"},"inLanguage":"pt-BR","potentialAction":[{"@type":"ReadAction","target":["https:\/\/jornalfatosenoticias.com.br\/index.php\/2020\/11\/20\/humanos-viverao-em-redomas-de-vidro-em-marte-diz-elon-musk\/"]}]},{"@type":"ImageObject","inLanguage":"pt-BR","@id":"https:\/\/jornalfatosenoticias.com.br\/index.php\/2020\/11\/20\/humanos-viverao-em-redomas-de-vidro-em-marte-diz-elon-musk\/#primaryimage","url":"https:\/\/jornalfatosenoticias.com.br\/wp-content\/uploads\/2020\/11\/redoma_de_vidro_em_marte.jpg","contentUrl":"https:\/\/jornalfatosenoticias.com.br\/wp-content\/uploads\/2020\/11\/redoma_de_vidro_em_marte.jpg","width":1000,"height":561},{"@type":"BreadcrumbList","@id":"https:\/\/jornalfatosenoticias.com.br\/index.php\/2020\/11\/20\/humanos-viverao-em-redomas-de-vidro-em-marte-diz-elon-musk\/#breadcrumb","itemListElement":[{"@type":"ListItem","position":1,"name":"In\u00edcio","item":"https:\/\/jornalfatosenoticias.com.br\/"},{"@type":"ListItem","position":2,"name":"Humanos viver\u00e3o em redomas de vidro em Marte, diz Elon Musk"}]},{"@type":"WebSite","@id":"https:\/\/jornalfatosenoticias.com.br\/#website","url":"https:\/\/jornalfatosenoticias.com.br\/","name":"Jornal Fatos e Not\u00edcias","description":"Not\u00edcias em geral","publisher":{"@id":"https:\/\/jornalfatosenoticias.com.br\/#organization"},"potentialAction":[{"@type":"SearchAction","target":{"@type":"EntryPoint","urlTemplate":"https:\/\/jornalfatosenoticias.com.br\/?s={search_term_string}"},"query-input":{"@type":"PropertyValueSpecification","valueRequired":true,"valueName":"search_term_string"}}],"inLanguage":"pt-BR"},{"@type":"Organization","@id":"https:\/\/jornalfatosenoticias.com.br\/#organization","name":"Jornal Fatos e Not\u00edcias","url":"https:\/\/jornalfatosenoticias.com.br\/","logo":{"@type":"ImageObject","inLanguage":"pt-BR","@id":"https:\/\/jornalfatosenoticias.com.br\/#\/schema\/logo\/image\/","url":"https:\/\/jornalfatosenoticias.com.br\/wp-content\/uploads\/2020\/02\/logo120.png","contentUrl":"https:\/\/jornalfatosenoticias.com.br\/wp-content\/uploads\/2020\/02\/logo120.png","width":1227,"height":120,"caption":"Jornal Fatos e Not\u00edcias"},"image":{"@id":"https:\/\/jornalfatosenoticias.com.br\/#\/schema\/logo\/image\/"}},{"@type":"Person","@id":"https:\/\/jornalfatosenoticias.com.br\/#\/schema\/person\/d63837fa13ac8666eb9e74e0985d6f81","name":"Luzimara Fernandes","image":{"@type":"ImageObject","inLanguage":"pt-BR","@id":"https:\/\/jornalfatosenoticias.com.br\/#\/schema\/person\/image\/","url":"https:\/\/jornalfatosenoticias.com.br\/wp-content\/uploads\/2025\/05\/EU_portal.jpg","contentUrl":"https:\/\/jornalfatosenoticias.com.br\/wp-content\/uploads\/2025\/05\/EU_portal.jpg","caption":"Luzimara Fernandes"},"description":"Jornalista MTB 2358-ES","sameAs":["https:\/\/jornalfatosenoticias.com.br"],"url":"https:\/\/jornalfatosenoticias.com.br\/index.php\/author\/luzimara\/"}]}},"cc_featured_image_caption":{"caption_text":"(Pavel Chagochkin\/Shutterstock)","source_text":"","source_url":""},"jetpack_featured_media_url":"https:\/\/jornalfatosenoticias.com.br\/wp-content\/uploads\/2020\/11\/redoma_de_vidro_em_marte.jpg","_links":{"self":[{"href":"https:\/\/jornalfatosenoticias.com.br\/index.php\/wp-json\/wp\/v2\/posts\/11482","targetHints":{"allow":["GET"]}}],"collection":[{"href":"https:\/\/jornalfatosenoticias.com.br\/index.php\/wp-json\/wp\/v2\/posts"}],"about":[{"href":"https:\/\/jornalfatosenoticias.com.br\/index.php\/wp-json\/wp\/v2\/types\/post"}],"author":[{"embeddable":true,"href":"https:\/\/jornalfatosenoticias.com.br\/index.php\/wp-json\/wp\/v2\/users\/2"}],"replies":[{"embeddable":true,"href":"https:\/\/jornalfatosenoticias.com.br\/index.php\/wp-json\/wp\/v2\/comments?post=11482"}],"version-history":[{"count":0,"href":"https:\/\/jornalfatosenoticias.com.br\/index.php\/wp-json\/wp\/v2\/posts\/11482\/revisions"}],"wp:featuredmedia":[{"embeddable":true,"href":"https:\/\/jornalfatosenoticias.com.br\/index.php\/wp-json\/wp\/v2\/media\/11485"}],"wp:attachment":[{"href":"https:\/\/jornalfatosenoticias.com.br\/index.php\/wp-json\/wp\/v2\/media?parent=11482"}],"wp:term":[{"taxonomy":"category","embeddable":true,"href":"https:\/\/jornalfatosenoticias.com.br\/index.php\/wp-json\/wp\/v2\/categories?post=11482"},{"taxonomy":"post_tag","embeddable":true,"href":"https:\/\/jornalfatosenoticias.com.br\/index.php\/wp-json\/wp\/v2\/tags?post=11482"}],"curies":[{"name":"wp","href":"https:\/\/api.w.org\/{rel}","templated":true}]}}