{"id":11488,"date":"2020-11-20T16:21:06","date_gmt":"2020-11-20T19:21:06","guid":{"rendered":"https:\/\/jornalfatosenoticias.com.br\/?p=11488"},"modified":"2020-11-20T16:21:12","modified_gmt":"2020-11-20T19:21:12","slug":"lendario-telescopio-de-arecibo-sera-desativado-e-demolido","status":"publish","type":"post","link":"https:\/\/jornalfatosenoticias.com.br\/index.php\/2020\/11\/20\/lendario-telescopio-de-arecibo-sera-desativado-e-demolido\/","title":{"rendered":"Lend\u00e1rio telesc\u00f3pio de Arecibo ser\u00e1 desativado e demolido"},"content":{"rendered":"\n<h6 class=\"wp-block-heading\"><em>Ap\u00f3s sofrer danos, estrutura est\u00e1 comprometida e ser\u00e1 demolida; equipamento j\u00e1 foi plano de fundo para filmes e atuou em grandes descobertas astron\u00f4micas do homem em seus 57 anos de hist\u00f3ria<\/em><\/h6>\n\n\n\n<p>Ap\u00f3s sofrer dois grandes danos durante o ano, o lend\u00e1rio telesc\u00f3pio de Arecibo, em <a target=\"_blank\" rel=\"noreferrer noopener\" href=\"https:\/\/olhardigital.com.br\/noticia\/internet-brasileira-fica-mais-lente-devido-a-furacao-em-porto-rico\/71208\">Porto Rico<\/a>, ser\u00e1 demolido. A triste not\u00edcia para o mundo da\u00a0<a target=\"_blank\" rel=\"noreferrer noopener\" href=\"https:\/\/olhardigital.com.br\/ciencia-e-espaco\/noticia\/projeto-espacial-da-spacex-ameaca-a-astronomia-dizem-cientistas\/92922\">astronomia<\/a>\u00a0foi divulgada pela Funda\u00e7\u00e3o Nacional de Ci\u00eancias (NSF, na sigla em ingl\u00eas) dos\u00a0<a target=\"_blank\" rel=\"noreferrer noopener\" href=\"https:\/\/olhardigital.com.br\/noticia\/estados-unidos-criam-base-para-o-desenvolvimento-de-redes-quanticas\/106515\">Estados Unidos<\/a>. O segundo maior equipamento do mundo em sua categoria ser\u00e1 desativado depois de 57 anos de servi\u00e7os.<br>O plano da NSF focar\u00e1 o telesc\u00f3pio enquanto tenta preservar as estruturas do Observat\u00f3rio ao redor. &#8220;Quando todos os preparativos necess\u00e1rios forem feitos, o telesc\u00f3pio ser\u00e1 submetido a uma desmontagem controlada&#8221;, afirmou a NSF.<\/p>\n\n\n\n<figure class=\"wp-block-embed-twitter wp-block-embed is-type-rich is-provider-twitter\"><div class=\"wp-block-embed__wrapper\">\n<blockquote class=\"twitter-tweet\" data-width=\"550\" data-dnt=\"true\"><p lang=\"en\" dir=\"ltr\">We are extremely saddened to share that the <a href=\"https:\/\/twitter.com\/NSF?ref_src=twsrc%5Etfw\">@NSF<\/a> just announced it will begin planning the controlled decommissioning of the <a href=\"https:\/\/twitter.com\/NAICobservatory?ref_src=twsrc%5Etfw\">@NAICobservatory<\/a> in Puerto Rico  \ud83d\udce1 \ud83d\ude14<a href=\"https:\/\/t.co\/BwuxCLlrKS\">https:\/\/t.co\/BwuxCLlrKS<\/a><\/p>&mdash; UCF (@UCF) <a href=\"https:\/\/twitter.com\/UCF\/status\/1329470739205001219?ref_src=twsrc%5Etfw\">November 19, 2020<\/a><\/blockquote><script async src=\"https:\/\/platform.twitter.com\/widgets.js\" charset=\"utf-8\"><\/script>\n<\/div><\/figure>\n\n\n\n<p>Ainda em comunicado, a Funda\u00e7\u00e3o destacou que se embasou em relat\u00f3rios de empresas especializadas para a a\u00e7\u00e3o. &#8220;A decis\u00e3o vem depois que a NSF analisou v\u00e1rias avalia\u00e7\u00f5es por empresas de engenharia independentes que descobriram que a estrutura do telesc\u00f3pio corre o risco de uma falha catastr\u00f3fica e seus cabos podem n\u00e3o ser mais capazes de carregar as cargas que foram projetados para suportar&#8221;.<\/p>\n\n\n\n<h4 class=\"wp-block-heading\">Danos<\/h4>\n\n\n\n<p>O primeiro dano sofrido pelo <a target=\"_blank\" rel=\"noreferrer noopener\" href=\"https:\/\/olhardigital.com.br\/ciencia-e-espaco\/video\/um-radiotelescopio-no-brasil\/95318\">radiotelesc\u00f3pio<\/a>\u00a0ocorreu em agosto deste ano, quando\u00a0<a target=\"_blank\" rel=\"noreferrer noopener\" href=\"https:\/\/olhardigital.com.br\/ciencia-e-espaco\/noticia\/cabo-se-rompe-e-danifica-antena-do-radiotelescopio-de-arecibo\/105284\">um cabo de suporte se soltou e causou um &#8220;rasgo&#8221; de 30 metros de comprimento em sua antena parab\u00f3lica<\/a>, al\u00e9m de danificar o &#8220;domo gregoriano&#8221;, estrutura semicircular suspensa sobre a antena que abriga receptores de sinal.<br>J\u00e1 neste m\u00eas, <a target=\"_blank\" rel=\"noreferrer noopener\" href=\"https:\/\/olhardigital.com.br\/ciencia-e-espaco\/noticia\/novo-rompimento-de-cabo-causa-mais-danos-ao-observatorio-de-arecibo\/110004\">o equipamento apresentou cortes profundos em sua antena principal<\/a>, que tem 300 metros de di\u00e2metro. &#8220;Cada um dos cabos restantes da estrutura agora est\u00e1 suportando mais peso do que antes, aumentando a probabilidade de outra falha de cabo, o que provavelmente resultaria no colapso de toda a estrutura&#8221;, explicou\u00a0a Universidade da\u00a0<a target=\"_blank\" rel=\"noreferrer noopener\" href=\"https:\/\/olhardigital.com.br\/noticia\/pesquisadores-da-florida-criam-laser-que-desafia-as-leis-da-fisica\/104777\">Fl\u00f3rida<\/a> Central, que gerencia as instala\u00e7\u00f5es do componente da NSF, em um comunicado na oportunidade.<\/p>\n\n\n\n<figure class=\"wp-block-image size-large\"><img loading=\"lazy\" decoding=\"async\" width=\"1000\" height=\"751\" src=\"https:\/\/jornalfatosenoticias.com.br\/wp-content\/uploads\/2020\/11\/observatorio-de-Arecibo.jpg\" alt=\"\" class=\"wp-image-11489\" srcset=\"https:\/\/jornalfatosenoticias.com.br\/wp-content\/uploads\/2020\/11\/observatorio-de-Arecibo.jpg 1000w, https:\/\/jornalfatosenoticias.com.br\/wp-content\/uploads\/2020\/11\/observatorio-de-Arecibo-300x225.jpg 300w, https:\/\/jornalfatosenoticias.com.br\/wp-content\/uploads\/2020\/11\/observatorio-de-Arecibo-768x577.jpg 768w\" sizes=\"auto, (max-width: 1000px) 100vw, 1000px\" \/><figcaption><em>Observat\u00f3rio de Arecibo perder\u00e1 um dos maiores telesc\u00f3pios do mundo (Foto: Christian Ouellet\/Shutterstock)<\/em><\/figcaption><\/figure>\n\n\n\n<h4 class=\"wp-block-heading\">Legado<\/h4>\n\n\n\n<p>Constru\u00eddo h\u00e1 quase 60 anos, o radiotelesc\u00f3pio de Arecibo foi o maior do mundo em sua categoria at\u00e9 2016, quando o <a target=\"_blank\" rel=\"noreferrer noopener\" href=\"https:\/\/olhardigital.com.br\/ciencia-e-espaco\/video\/telescopio-gigante-chines-vai-cacar-ets\/95389\">radiotelesc\u00f3pio chin\u00eas\u00a0Fast<\/a> entrou em opera\u00e7\u00e3o. Um \u00edcone da ci\u00eancia, ele j\u00e1 estrelou filmes como &#8220;Contato&#8221; e &#8220;007 Contra Goldeneye&#8221;. Tamb\u00e9m foi ele quem detectou o primeiro planeta em \u00f3rbita de outra estrela, em 1994, bem como a primeira &#8220;explos\u00e3o r\u00e1pida de r\u00e1dio&#8221; (FRB \u2014 Fast Radio Burst), fen\u00f4meno que ainda intriga os cientistas. <a target=\"_blank\" rel=\"noreferrer noopener\" href=\"https:\/\/olhardigital.com.br\/ciencia-e-espaco\/video\/asteroide-passara-proximo-da-terra-semana-que-vem\/99844\">Em abril deste ano ele foi usado para fotografar um\u00a0imenso asteroide\u00a0que passou pr\u00f3ximo \u00e0 Terra<\/a>.<\/p>\n\n\n\n<p><em><strong>Cr\u00e9dito da foto de capa:<\/strong> Dennis Van de Water\/Shutterstock<\/em><\/p>\n\n\n\n<p><strong><em>Fonte: Olhar Digital<\/em><\/strong><\/p>\n","protected":false},"excerpt":{"rendered":"<p>Ap\u00f3s sofrer danos, estrutura est\u00e1 comprometida e ser\u00e1 demolida; equipamento j\u00e1 foi plano de fundo para filmes e atuou em grandes descobertas astron\u00f4micas do homem em seus 57 anos de hist\u00f3ria Ap\u00f3s sofrer dois grandes danos durante o ano, o lend\u00e1rio telesc\u00f3pio de Arecibo, em Porto Rico, ser\u00e1 demolido. A triste not\u00edcia para o mundo [&hellip;]<\/p>\n","protected":false},"author":2,"featured_media":11490,"comment_status":"open","ping_status":"open","sticky":false,"template":"","format":"standard","meta":{"footnotes":""},"categories":[3],"tags":[472,1443,786],"class_list":["post-11488","post","type-post","status-publish","format-standard","has-post-thumbnail","hentry","category-tecnologia","tag-astronomia","tag-observatorio","tag-telescopio"],"yoast_head":"<!-- This site is optimized with the Yoast SEO plugin v26.5 - https:\/\/yoast.com\/wordpress\/plugins\/seo\/ -->\n<title>Lend\u00e1rio telesc\u00f3pio de Arecibo ser\u00e1 desativado e demolido - Jornal Fatos e Not\u00edcias<\/title>\n<meta name=\"robots\" content=\"index, follow, max-snippet:-1, max-image-preview:large, max-video-preview:-1\" \/>\n<link rel=\"canonical\" href=\"https:\/\/jornalfatosenoticias.com.br\/index.php\/2020\/11\/20\/lendario-telescopio-de-arecibo-sera-desativado-e-demolido\/\" \/>\n<meta property=\"og:locale\" content=\"pt_BR\" \/>\n<meta property=\"og:type\" content=\"article\" \/>\n<meta property=\"og:title\" content=\"Lend\u00e1rio telesc\u00f3pio de Arecibo ser\u00e1 desativado e demolido - Jornal Fatos e Not\u00edcias\" \/>\n<meta property=\"og:description\" content=\"Ap\u00f3s sofrer danos, estrutura est\u00e1 comprometida e ser\u00e1 demolida; equipamento j\u00e1 foi plano de fundo para filmes e atuou em grandes descobertas astron\u00f4micas do homem em seus 57 anos de hist\u00f3ria Ap\u00f3s sofrer dois grandes danos durante o ano, o lend\u00e1rio telesc\u00f3pio de Arecibo, em Porto Rico, ser\u00e1 demolido. A triste not\u00edcia para o mundo [&hellip;]\" \/>\n<meta property=\"og:url\" content=\"https:\/\/jornalfatosenoticias.com.br\/index.php\/2020\/11\/20\/lendario-telescopio-de-arecibo-sera-desativado-e-demolido\/\" \/>\n<meta property=\"og:site_name\" content=\"Jornal Fatos e Not\u00edcias\" \/>\n<meta property=\"article:published_time\" content=\"2020-11-20T19:21:06+00:00\" \/>\n<meta property=\"article:modified_time\" content=\"2020-11-20T19:21:12+00:00\" \/>\n<meta property=\"og:image\" content=\"https:\/\/jornalfatosenoticias.com.br\/wp-content\/uploads\/2020\/11\/telescopio_de_arecibo_sera_desativado.jpg\" \/>\n\t<meta property=\"og:image:width\" content=\"1000\" \/>\n\t<meta property=\"og:image:height\" content=\"561\" \/>\n\t<meta property=\"og:image:type\" content=\"image\/jpeg\" \/>\n<meta name=\"author\" content=\"Luzimara Fernandes\" \/>\n<meta name=\"twitter:card\" content=\"summary_large_image\" \/>\n<meta name=\"twitter:label1\" content=\"Escrito por\" \/>\n\t<meta name=\"twitter:data1\" content=\"Luzimara Fernandes\" \/>\n\t<meta name=\"twitter:label2\" content=\"Est. tempo de leitura\" \/>\n\t<meta name=\"twitter:data2\" content=\"2 minutos\" \/>\n<script type=\"application\/ld+json\" class=\"yoast-schema-graph\">{\"@context\":\"https:\/\/schema.org\",\"@graph\":[{\"@type\":\"Article\",\"@id\":\"https:\/\/jornalfatosenoticias.com.br\/index.php\/2020\/11\/20\/lendario-telescopio-de-arecibo-sera-desativado-e-demolido\/#article\",\"isPartOf\":{\"@id\":\"https:\/\/jornalfatosenoticias.com.br\/index.php\/2020\/11\/20\/lendario-telescopio-de-arecibo-sera-desativado-e-demolido\/\"},\"author\":{\"name\":\"Luzimara Fernandes\",\"@id\":\"https:\/\/jornalfatosenoticias.com.br\/#\/schema\/person\/d63837fa13ac8666eb9e74e0985d6f81\"},\"headline\":\"Lend\u00e1rio telesc\u00f3pio de Arecibo ser\u00e1 desativado e demolido\",\"datePublished\":\"2020-11-20T19:21:06+00:00\",\"dateModified\":\"2020-11-20T19:21:12+00:00\",\"mainEntityOfPage\":{\"@id\":\"https:\/\/jornalfatosenoticias.com.br\/index.php\/2020\/11\/20\/lendario-telescopio-de-arecibo-sera-desativado-e-demolido\/\"},\"wordCount\":499,\"commentCount\":0,\"publisher\":{\"@id\":\"https:\/\/jornalfatosenoticias.com.br\/#organization\"},\"image\":{\"@id\":\"https:\/\/jornalfatosenoticias.com.br\/index.php\/2020\/11\/20\/lendario-telescopio-de-arecibo-sera-desativado-e-demolido\/#primaryimage\"},\"thumbnailUrl\":\"https:\/\/jornalfatosenoticias.com.br\/wp-content\/uploads\/2020\/11\/telescopio_de_arecibo_sera_desativado.jpg\",\"keywords\":[\"Astronomia\",\"observat\u00f3rio\",\"telesc\u00f3pio\"],\"articleSection\":[\"Tecnologia &amp; Inova\u00e7\u00e3o\"],\"inLanguage\":\"pt-BR\",\"potentialAction\":[{\"@type\":\"CommentAction\",\"name\":\"Comment\",\"target\":[\"https:\/\/jornalfatosenoticias.com.br\/index.php\/2020\/11\/20\/lendario-telescopio-de-arecibo-sera-desativado-e-demolido\/#respond\"]}]},{\"@type\":\"WebPage\",\"@id\":\"https:\/\/jornalfatosenoticias.com.br\/index.php\/2020\/11\/20\/lendario-telescopio-de-arecibo-sera-desativado-e-demolido\/\",\"url\":\"https:\/\/jornalfatosenoticias.com.br\/index.php\/2020\/11\/20\/lendario-telescopio-de-arecibo-sera-desativado-e-demolido\/\",\"name\":\"Lend\u00e1rio telesc\u00f3pio de Arecibo ser\u00e1 desativado e demolido - Jornal Fatos e Not\u00edcias\",\"isPartOf\":{\"@id\":\"https:\/\/jornalfatosenoticias.com.br\/#website\"},\"primaryImageOfPage\":{\"@id\":\"https:\/\/jornalfatosenoticias.com.br\/index.php\/2020\/11\/20\/lendario-telescopio-de-arecibo-sera-desativado-e-demolido\/#primaryimage\"},\"image\":{\"@id\":\"https:\/\/jornalfatosenoticias.com.br\/index.php\/2020\/11\/20\/lendario-telescopio-de-arecibo-sera-desativado-e-demolido\/#primaryimage\"},\"thumbnailUrl\":\"https:\/\/jornalfatosenoticias.com.br\/wp-content\/uploads\/2020\/11\/telescopio_de_arecibo_sera_desativado.jpg\",\"datePublished\":\"2020-11-20T19:21:06+00:00\",\"dateModified\":\"2020-11-20T19:21:12+00:00\",\"breadcrumb\":{\"@id\":\"https:\/\/jornalfatosenoticias.com.br\/index.php\/2020\/11\/20\/lendario-telescopio-de-arecibo-sera-desativado-e-demolido\/#breadcrumb\"},\"inLanguage\":\"pt-BR\",\"potentialAction\":[{\"@type\":\"ReadAction\",\"target\":[\"https:\/\/jornalfatosenoticias.com.br\/index.php\/2020\/11\/20\/lendario-telescopio-de-arecibo-sera-desativado-e-demolido\/\"]}]},{\"@type\":\"ImageObject\",\"inLanguage\":\"pt-BR\",\"@id\":\"https:\/\/jornalfatosenoticias.com.br\/index.php\/2020\/11\/20\/lendario-telescopio-de-arecibo-sera-desativado-e-demolido\/#primaryimage\",\"url\":\"https:\/\/jornalfatosenoticias.com.br\/wp-content\/uploads\/2020\/11\/telescopio_de_arecibo_sera_desativado.jpg\",\"contentUrl\":\"https:\/\/jornalfatosenoticias.com.br\/wp-content\/uploads\/2020\/11\/telescopio_de_arecibo_sera_desativado.jpg\",\"width\":1000,\"height\":561},{\"@type\":\"BreadcrumbList\",\"@id\":\"https:\/\/jornalfatosenoticias.com.br\/index.php\/2020\/11\/20\/lendario-telescopio-de-arecibo-sera-desativado-e-demolido\/#breadcrumb\",\"itemListElement\":[{\"@type\":\"ListItem\",\"position\":1,\"name\":\"In\u00edcio\",\"item\":\"https:\/\/jornalfatosenoticias.com.br\/\"},{\"@type\":\"ListItem\",\"position\":2,\"name\":\"Lend\u00e1rio telesc\u00f3pio de Arecibo ser\u00e1 desativado e demolido\"}]},{\"@type\":\"WebSite\",\"@id\":\"https:\/\/jornalfatosenoticias.com.br\/#website\",\"url\":\"https:\/\/jornalfatosenoticias.com.br\/\",\"name\":\"Jornal Fatos e Not\u00edcias\",\"description\":\"Not\u00edcias em geral\",\"publisher\":{\"@id\":\"https:\/\/jornalfatosenoticias.com.br\/#organization\"},\"potentialAction\":[{\"@type\":\"SearchAction\",\"target\":{\"@type\":\"EntryPoint\",\"urlTemplate\":\"https:\/\/jornalfatosenoticias.com.br\/?s={search_term_string}\"},\"query-input\":{\"@type\":\"PropertyValueSpecification\",\"valueRequired\":true,\"valueName\":\"search_term_string\"}}],\"inLanguage\":\"pt-BR\"},{\"@type\":\"Organization\",\"@id\":\"https:\/\/jornalfatosenoticias.com.br\/#organization\",\"name\":\"Jornal Fatos e Not\u00edcias\",\"url\":\"https:\/\/jornalfatosenoticias.com.br\/\",\"logo\":{\"@type\":\"ImageObject\",\"inLanguage\":\"pt-BR\",\"@id\":\"https:\/\/jornalfatosenoticias.com.br\/#\/schema\/logo\/image\/\",\"url\":\"https:\/\/jornalfatosenoticias.com.br\/wp-content\/uploads\/2020\/02\/logo120.png\",\"contentUrl\":\"https:\/\/jornalfatosenoticias.com.br\/wp-content\/uploads\/2020\/02\/logo120.png\",\"width\":1227,\"height\":120,\"caption\":\"Jornal Fatos e Not\u00edcias\"},\"image\":{\"@id\":\"https:\/\/jornalfatosenoticias.com.br\/#\/schema\/logo\/image\/\"}},{\"@type\":\"Person\",\"@id\":\"https:\/\/jornalfatosenoticias.com.br\/#\/schema\/person\/d63837fa13ac8666eb9e74e0985d6f81\",\"name\":\"Luzimara Fernandes\",\"image\":{\"@type\":\"ImageObject\",\"inLanguage\":\"pt-BR\",\"@id\":\"https:\/\/jornalfatosenoticias.com.br\/#\/schema\/person\/image\/\",\"url\":\"https:\/\/jornalfatosenoticias.com.br\/wp-content\/uploads\/2025\/05\/EU_portal.jpg\",\"contentUrl\":\"https:\/\/jornalfatosenoticias.com.br\/wp-content\/uploads\/2025\/05\/EU_portal.jpg\",\"caption\":\"Luzimara Fernandes\"},\"description\":\"Jornalista MTB 2358-ES\",\"sameAs\":[\"https:\/\/jornalfatosenoticias.com.br\"],\"url\":\"https:\/\/jornalfatosenoticias.com.br\/index.php\/author\/luzimara\/\"}]}<\/script>\n<!-- \/ Yoast SEO plugin. -->","yoast_head_json":{"title":"Lend\u00e1rio telesc\u00f3pio de Arecibo ser\u00e1 desativado e demolido - Jornal Fatos e Not\u00edcias","robots":{"index":"index","follow":"follow","max-snippet":"max-snippet:-1","max-image-preview":"max-image-preview:large","max-video-preview":"max-video-preview:-1"},"canonical":"https:\/\/jornalfatosenoticias.com.br\/index.php\/2020\/11\/20\/lendario-telescopio-de-arecibo-sera-desativado-e-demolido\/","og_locale":"pt_BR","og_type":"article","og_title":"Lend\u00e1rio telesc\u00f3pio de Arecibo ser\u00e1 desativado e demolido - Jornal Fatos e Not\u00edcias","og_description":"Ap\u00f3s sofrer danos, estrutura est\u00e1 comprometida e ser\u00e1 demolida; equipamento j\u00e1 foi plano de fundo para filmes e atuou em grandes descobertas astron\u00f4micas do homem em seus 57 anos de hist\u00f3ria Ap\u00f3s sofrer dois grandes danos durante o ano, o lend\u00e1rio telesc\u00f3pio de Arecibo, em Porto Rico, ser\u00e1 demolido. A triste not\u00edcia para o mundo [&hellip;]","og_url":"https:\/\/jornalfatosenoticias.com.br\/index.php\/2020\/11\/20\/lendario-telescopio-de-arecibo-sera-desativado-e-demolido\/","og_site_name":"Jornal Fatos e Not\u00edcias","article_published_time":"2020-11-20T19:21:06+00:00","article_modified_time":"2020-11-20T19:21:12+00:00","og_image":[{"width":1000,"height":561,"url":"https:\/\/jornalfatosenoticias.com.br\/wp-content\/uploads\/2020\/11\/telescopio_de_arecibo_sera_desativado.jpg","type":"image\/jpeg"}],"author":"Luzimara Fernandes","twitter_card":"summary_large_image","twitter_misc":{"Escrito por":"Luzimara Fernandes","Est. tempo de leitura":"2 minutos"},"schema":{"@context":"https:\/\/schema.org","@graph":[{"@type":"Article","@id":"https:\/\/jornalfatosenoticias.com.br\/index.php\/2020\/11\/20\/lendario-telescopio-de-arecibo-sera-desativado-e-demolido\/#article","isPartOf":{"@id":"https:\/\/jornalfatosenoticias.com.br\/index.php\/2020\/11\/20\/lendario-telescopio-de-arecibo-sera-desativado-e-demolido\/"},"author":{"name":"Luzimara Fernandes","@id":"https:\/\/jornalfatosenoticias.com.br\/#\/schema\/person\/d63837fa13ac8666eb9e74e0985d6f81"},"headline":"Lend\u00e1rio telesc\u00f3pio de Arecibo ser\u00e1 desativado e demolido","datePublished":"2020-11-20T19:21:06+00:00","dateModified":"2020-11-20T19:21:12+00:00","mainEntityOfPage":{"@id":"https:\/\/jornalfatosenoticias.com.br\/index.php\/2020\/11\/20\/lendario-telescopio-de-arecibo-sera-desativado-e-demolido\/"},"wordCount":499,"commentCount":0,"publisher":{"@id":"https:\/\/jornalfatosenoticias.com.br\/#organization"},"image":{"@id":"https:\/\/jornalfatosenoticias.com.br\/index.php\/2020\/11\/20\/lendario-telescopio-de-arecibo-sera-desativado-e-demolido\/#primaryimage"},"thumbnailUrl":"https:\/\/jornalfatosenoticias.com.br\/wp-content\/uploads\/2020\/11\/telescopio_de_arecibo_sera_desativado.jpg","keywords":["Astronomia","observat\u00f3rio","telesc\u00f3pio"],"articleSection":["Tecnologia &amp; Inova\u00e7\u00e3o"],"inLanguage":"pt-BR","potentialAction":[{"@type":"CommentAction","name":"Comment","target":["https:\/\/jornalfatosenoticias.com.br\/index.php\/2020\/11\/20\/lendario-telescopio-de-arecibo-sera-desativado-e-demolido\/#respond"]}]},{"@type":"WebPage","@id":"https:\/\/jornalfatosenoticias.com.br\/index.php\/2020\/11\/20\/lendario-telescopio-de-arecibo-sera-desativado-e-demolido\/","url":"https:\/\/jornalfatosenoticias.com.br\/index.php\/2020\/11\/20\/lendario-telescopio-de-arecibo-sera-desativado-e-demolido\/","name":"Lend\u00e1rio telesc\u00f3pio de Arecibo ser\u00e1 desativado e demolido - Jornal Fatos e Not\u00edcias","isPartOf":{"@id":"https:\/\/jornalfatosenoticias.com.br\/#website"},"primaryImageOfPage":{"@id":"https:\/\/jornalfatosenoticias.com.br\/index.php\/2020\/11\/20\/lendario-telescopio-de-arecibo-sera-desativado-e-demolido\/#primaryimage"},"image":{"@id":"https:\/\/jornalfatosenoticias.com.br\/index.php\/2020\/11\/20\/lendario-telescopio-de-arecibo-sera-desativado-e-demolido\/#primaryimage"},"thumbnailUrl":"https:\/\/jornalfatosenoticias.com.br\/wp-content\/uploads\/2020\/11\/telescopio_de_arecibo_sera_desativado.jpg","datePublished":"2020-11-20T19:21:06+00:00","dateModified":"2020-11-20T19:21:12+00:00","breadcrumb":{"@id":"https:\/\/jornalfatosenoticias.com.br\/index.php\/2020\/11\/20\/lendario-telescopio-de-arecibo-sera-desativado-e-demolido\/#breadcrumb"},"inLanguage":"pt-BR","potentialAction":[{"@type":"ReadAction","target":["https:\/\/jornalfatosenoticias.com.br\/index.php\/2020\/11\/20\/lendario-telescopio-de-arecibo-sera-desativado-e-demolido\/"]}]},{"@type":"ImageObject","inLanguage":"pt-BR","@id":"https:\/\/jornalfatosenoticias.com.br\/index.php\/2020\/11\/20\/lendario-telescopio-de-arecibo-sera-desativado-e-demolido\/#primaryimage","url":"https:\/\/jornalfatosenoticias.com.br\/wp-content\/uploads\/2020\/11\/telescopio_de_arecibo_sera_desativado.jpg","contentUrl":"https:\/\/jornalfatosenoticias.com.br\/wp-content\/uploads\/2020\/11\/telescopio_de_arecibo_sera_desativado.jpg","width":1000,"height":561},{"@type":"BreadcrumbList","@id":"https:\/\/jornalfatosenoticias.com.br\/index.php\/2020\/11\/20\/lendario-telescopio-de-arecibo-sera-desativado-e-demolido\/#breadcrumb","itemListElement":[{"@type":"ListItem","position":1,"name":"In\u00edcio","item":"https:\/\/jornalfatosenoticias.com.br\/"},{"@type":"ListItem","position":2,"name":"Lend\u00e1rio telesc\u00f3pio de Arecibo ser\u00e1 desativado e demolido"}]},{"@type":"WebSite","@id":"https:\/\/jornalfatosenoticias.com.br\/#website","url":"https:\/\/jornalfatosenoticias.com.br\/","name":"Jornal Fatos e Not\u00edcias","description":"Not\u00edcias em geral","publisher":{"@id":"https:\/\/jornalfatosenoticias.com.br\/#organization"},"potentialAction":[{"@type":"SearchAction","target":{"@type":"EntryPoint","urlTemplate":"https:\/\/jornalfatosenoticias.com.br\/?s={search_term_string}"},"query-input":{"@type":"PropertyValueSpecification","valueRequired":true,"valueName":"search_term_string"}}],"inLanguage":"pt-BR"},{"@type":"Organization","@id":"https:\/\/jornalfatosenoticias.com.br\/#organization","name":"Jornal Fatos e Not\u00edcias","url":"https:\/\/jornalfatosenoticias.com.br\/","logo":{"@type":"ImageObject","inLanguage":"pt-BR","@id":"https:\/\/jornalfatosenoticias.com.br\/#\/schema\/logo\/image\/","url":"https:\/\/jornalfatosenoticias.com.br\/wp-content\/uploads\/2020\/02\/logo120.png","contentUrl":"https:\/\/jornalfatosenoticias.com.br\/wp-content\/uploads\/2020\/02\/logo120.png","width":1227,"height":120,"caption":"Jornal Fatos e Not\u00edcias"},"image":{"@id":"https:\/\/jornalfatosenoticias.com.br\/#\/schema\/logo\/image\/"}},{"@type":"Person","@id":"https:\/\/jornalfatosenoticias.com.br\/#\/schema\/person\/d63837fa13ac8666eb9e74e0985d6f81","name":"Luzimara Fernandes","image":{"@type":"ImageObject","inLanguage":"pt-BR","@id":"https:\/\/jornalfatosenoticias.com.br\/#\/schema\/person\/image\/","url":"https:\/\/jornalfatosenoticias.com.br\/wp-content\/uploads\/2025\/05\/EU_portal.jpg","contentUrl":"https:\/\/jornalfatosenoticias.com.br\/wp-content\/uploads\/2025\/05\/EU_portal.jpg","caption":"Luzimara Fernandes"},"description":"Jornalista MTB 2358-ES","sameAs":["https:\/\/jornalfatosenoticias.com.br"],"url":"https:\/\/jornalfatosenoticias.com.br\/index.php\/author\/luzimara\/"}]}},"cc_featured_image_caption":{"caption_text":"","source_text":"","source_url":""},"jetpack_featured_media_url":"https:\/\/jornalfatosenoticias.com.br\/wp-content\/uploads\/2020\/11\/telescopio_de_arecibo_sera_desativado.jpg","_links":{"self":[{"href":"https:\/\/jornalfatosenoticias.com.br\/index.php\/wp-json\/wp\/v2\/posts\/11488","targetHints":{"allow":["GET"]}}],"collection":[{"href":"https:\/\/jornalfatosenoticias.com.br\/index.php\/wp-json\/wp\/v2\/posts"}],"about":[{"href":"https:\/\/jornalfatosenoticias.com.br\/index.php\/wp-json\/wp\/v2\/types\/post"}],"author":[{"embeddable":true,"href":"https:\/\/jornalfatosenoticias.com.br\/index.php\/wp-json\/wp\/v2\/users\/2"}],"replies":[{"embeddable":true,"href":"https:\/\/jornalfatosenoticias.com.br\/index.php\/wp-json\/wp\/v2\/comments?post=11488"}],"version-history":[{"count":0,"href":"https:\/\/jornalfatosenoticias.com.br\/index.php\/wp-json\/wp\/v2\/posts\/11488\/revisions"}],"wp:featuredmedia":[{"embeddable":true,"href":"https:\/\/jornalfatosenoticias.com.br\/index.php\/wp-json\/wp\/v2\/media\/11490"}],"wp:attachment":[{"href":"https:\/\/jornalfatosenoticias.com.br\/index.php\/wp-json\/wp\/v2\/media?parent=11488"}],"wp:term":[{"taxonomy":"category","embeddable":true,"href":"https:\/\/jornalfatosenoticias.com.br\/index.php\/wp-json\/wp\/v2\/categories?post=11488"},{"taxonomy":"post_tag","embeddable":true,"href":"https:\/\/jornalfatosenoticias.com.br\/index.php\/wp-json\/wp\/v2\/tags?post=11488"}],"curies":[{"name":"wp","href":"https:\/\/api.w.org\/{rel}","templated":true}]}}