{"id":1149,"date":"2020-02-17T15:34:59","date_gmt":"2020-02-17T18:34:59","guid":{"rendered":"https:\/\/jornalfatosenoticias.com.br\/?p=1149"},"modified":"2020-02-17T15:34:59","modified_gmt":"2020-02-17T18:34:59","slug":"biblioteca-municipal-promove-nesta-semana-troca-de-livros-e-gibis","status":"publish","type":"post","link":"https:\/\/jornalfatosenoticias.com.br\/index.php\/2020\/02\/17\/biblioteca-municipal-promove-nesta-semana-troca-de-livros-e-gibis\/","title":{"rendered":"Biblioteca Municipal promove nesta semana troca de livros e gibis"},"content":{"rendered":"\n<h4 class=\"wp-block-heading\"><em>Proposta \u00e9 incentivar a pr\u00e1tica da leitura e proporcionar aos participantes a possibilidade de substituir um livro j\u00e1 lido por outro<\/em><\/h4>\n\n\n\n<p>A Biblioteca Municipal Adelpho Poli Monjardim, espa\u00e7o da Secretaria Municipal de Cultura (Semc), realiza nesta semana a &#8220;Banca Troca de Livros e Gibis&#8221;. A atividade ocorre desta segunda (17) a sexta-feira (21), das 13 horas \u00e0s 18h30. Os t\u00edtulos dispon\u00edveis s\u00e3o variados e contemplam os mais diversos p\u00fablicos e idades. Para participar, basta levar um livro n\u00e3o did\u00e1tico em bom estado e escolher um novo na estante.<br>\nA proposta da atividade \u00e9 incentivar a pr\u00e1tica da leitura e proporcionar aos participantes a possibilidade de substituir um livro j\u00e1 lido por outro de seu interesse, al\u00e9m de promover o acesso da popula\u00e7\u00e3o aos livros.<br>\n&#8220;A atividade se destaca ao promover a circula\u00e7\u00e3o dos livros e, portanto, do conhecimento. Um livro que circula e passa por diversos leitores contribui para levar a informa\u00e7\u00e3o e o gosto pela leitura \u00e0s pessoas&#8221;, explica a coordenadora da Biblioteca Municipal, Elizete Caser.<br>\nN\u00e3o s\u00e3o aceitos livros did\u00e1ticos, apostilas, revistas, c\u00f3pias, encaderna\u00e7\u00f5es em espiral e exemplares ileg\u00edveis, rasurados, sem capa, rasgados, amassados, sujos ou com outros danos. <\/p>\n\n\n\n<figure class=\"wp-block-image size-large\"><img loading=\"lazy\" decoding=\"async\" width=\"984\" height=\"654\" src=\"https:\/\/jornalfatosenoticias.com.br\/wp-content\/uploads\/2020\/02\/troca-de-livros-e-gibis.jpg\" alt=\"\" class=\"wp-image-1150\" srcset=\"https:\/\/jornalfatosenoticias.com.br\/wp-content\/uploads\/2020\/02\/troca-de-livros-e-gibis.jpg 984w, https:\/\/jornalfatosenoticias.com.br\/wp-content\/uploads\/2020\/02\/troca-de-livros-e-gibis-300x199.jpg 300w, https:\/\/jornalfatosenoticias.com.br\/wp-content\/uploads\/2020\/02\/troca-de-livros-e-gibis-768x510.jpg 768w\" sizes=\"auto, (max-width: 984px) 100vw, 984px\" \/><figcaption>Para participar, basta levar um livro n\u00e3o did\u00e1tico em bom estado (Foto: Sesc\/Divulga\u00e7\u00e3o)<\/figcaption><\/figure>\n\n\n\n<p><strong>Alguns livros dispon\u00edveis s\u00e3o:<br><\/strong> Irresist\u00edvel, de Sylvai Day<br> Em busca da ilus\u00e3o, de J\u00e9sus Gon\u00e7alves \/ C\u00e9lia Xavier Camargo<br> Senhora, de Jos\u00e9 de Alencar<br> O desafio do Pantanal, de S\u00edlvia Cintra Franco<br> O menino e o rio, de \u00c2ngelo Machado<br> Eu, pescador de mim, de Wagner Costa<br> Amante sombrio, de J. R. Ward<br> A cabana, de William P. Young<br> Crep\u00fasculo, de Stephenie Meyer<br> Agora estou sozinha\u2026, de Pedro Bandeira<br> A escrava Isaura, de Bernardo Guimar\u00e3es<br> F\u00e9rias no castelo assombrado, de Elisabeth Loibl<br> O estudante III, de Adelaide Carraro<br> Um dia \u201cdaqueles\u201d, de Bradley Trevor Greire<br> O c\u00f3digo Da Vinci, de Dan Brown<br> Receitas internacionais favoritas, de Ron Kalenuik<br> Dora a aventureira: a Montanha estrela, de Nicklondeon<br> A pequena sereia: o resgate de Ariel, de Disney.<\/p>\n\n\n\n<p><strong>Alguns gibis dispon\u00edveis s\u00e3o:<br><\/strong> Chico Bento: \u201cNatal em fam\u00edlia\u201d;<br> Almanaque do Casc\u00e3o;<br> Cebolinha: \u201cO dono da lua!\u201d;<br> M\u00f4nica: \u201cO globo de natal\u201d;<br> Magali: \u201cTem gato demais nessa festa\u201d;<br> Almanaque do Cebolinha;<br> Chico Bento: \u201cA festa do lobisomem\u201d;<br> Chico Bento: \u201cO bode sincero\u201d.<\/p>\n\n\n\n<h2 class=\"wp-block-heading\">Servi\u00e7o<\/h2>\n\n\n\n<p><strong>Banca Troca de Livros e Gibis<br> Quando:<\/strong> de 17 a 21 de fevereiro<br><strong> Hor\u00e1rio:<\/strong> das 13 \u00e0s 18h30<br> <strong>Onde:<\/strong> Biblioteca Municipal Adelpho Poli Monjardim \u2013 Rua Muniz Freire, 23 \u2013 Centro<br> Classifica\u00e7\u00e3o indicativa: livre<br><em> Entrada gratuita.<\/em><\/p>\n\n\n\n<p><strong><em>Fonte: PMV<\/em><\/strong><\/p>\n","protected":false},"excerpt":{"rendered":"<p>Proposta \u00e9 incentivar a pr\u00e1tica da leitura e proporcionar aos participantes a possibilidade de substituir um livro j\u00e1 lido por outro A Biblioteca Municipal Adelpho Poli Monjardim, espa\u00e7o da Secretaria Municipal de Cultura (Semc), realiza nesta semana a &#8220;Banca Troca de Livros e Gibis&#8221;. A atividade ocorre desta segunda (17) a sexta-feira (21), das 13 [&hellip;]<\/p>\n","protected":false},"author":2,"featured_media":1150,"comment_status":"open","ping_status":"open","sticky":false,"template":"","format":"standard","meta":{"footnotes":""},"categories":[4,7],"tags":[],"class_list":["post-1149","post","type-post","status-publish","format-standard","has-post-thumbnail","hentry","category-cultura","category-educacao"],"yoast_head":"<!-- This site is optimized with the Yoast SEO plugin v26.5 - https:\/\/yoast.com\/wordpress\/plugins\/seo\/ -->\n<title>Biblioteca Municipal promove nesta semana troca de livros e gibis - Jornal Fatos e Not\u00edcias<\/title>\n<meta name=\"robots\" content=\"index, follow, max-snippet:-1, max-image-preview:large, max-video-preview:-1\" \/>\n<link rel=\"canonical\" href=\"https:\/\/jornalfatosenoticias.com.br\/index.php\/2020\/02\/17\/biblioteca-municipal-promove-nesta-semana-troca-de-livros-e-gibis\/\" \/>\n<meta property=\"og:locale\" content=\"pt_BR\" \/>\n<meta property=\"og:type\" content=\"article\" \/>\n<meta property=\"og:title\" content=\"Biblioteca Municipal promove nesta semana troca de livros e gibis - Jornal Fatos e Not\u00edcias\" \/>\n<meta property=\"og:description\" content=\"Proposta \u00e9 incentivar a pr\u00e1tica da leitura e proporcionar aos participantes a possibilidade de substituir um livro j\u00e1 lido por outro A Biblioteca Municipal Adelpho Poli Monjardim, espa\u00e7o da Secretaria Municipal de Cultura (Semc), realiza nesta semana a &#8220;Banca Troca de Livros e Gibis&#8221;. A atividade ocorre desta segunda (17) a sexta-feira (21), das 13 [&hellip;]\" \/>\n<meta property=\"og:url\" content=\"https:\/\/jornalfatosenoticias.com.br\/index.php\/2020\/02\/17\/biblioteca-municipal-promove-nesta-semana-troca-de-livros-e-gibis\/\" \/>\n<meta property=\"og:site_name\" content=\"Jornal Fatos e Not\u00edcias\" \/>\n<meta property=\"article:published_time\" content=\"2020-02-17T18:34:59+00:00\" \/>\n<meta property=\"og:image\" content=\"https:\/\/jornalfatosenoticias.com.br\/wp-content\/uploads\/2020\/02\/troca-de-livros-e-gibis.jpg\" \/>\n\t<meta property=\"og:image:width\" content=\"984\" \/>\n\t<meta property=\"og:image:height\" content=\"654\" \/>\n\t<meta property=\"og:image:type\" content=\"image\/jpeg\" \/>\n<meta name=\"author\" content=\"Luzimara Fernandes\" \/>\n<meta name=\"twitter:card\" content=\"summary_large_image\" \/>\n<meta name=\"twitter:label1\" content=\"Escrito por\" \/>\n\t<meta name=\"twitter:data1\" content=\"Luzimara Fernandes\" \/>\n\t<meta name=\"twitter:label2\" content=\"Est. tempo de leitura\" \/>\n\t<meta name=\"twitter:data2\" content=\"2 minutos\" \/>\n<script type=\"application\/ld+json\" class=\"yoast-schema-graph\">{\"@context\":\"https:\/\/schema.org\",\"@graph\":[{\"@type\":\"Article\",\"@id\":\"https:\/\/jornalfatosenoticias.com.br\/index.php\/2020\/02\/17\/biblioteca-municipal-promove-nesta-semana-troca-de-livros-e-gibis\/#article\",\"isPartOf\":{\"@id\":\"https:\/\/jornalfatosenoticias.com.br\/index.php\/2020\/02\/17\/biblioteca-municipal-promove-nesta-semana-troca-de-livros-e-gibis\/\"},\"author\":{\"name\":\"Luzimara Fernandes\",\"@id\":\"https:\/\/jornalfatosenoticias.com.br\/#\/schema\/person\/d63837fa13ac8666eb9e74e0985d6f81\"},\"headline\":\"Biblioteca Municipal promove nesta semana troca de livros e gibis\",\"datePublished\":\"2020-02-17T18:34:59+00:00\",\"mainEntityOfPage\":{\"@id\":\"https:\/\/jornalfatosenoticias.com.br\/index.php\/2020\/02\/17\/biblioteca-municipal-promove-nesta-semana-troca-de-livros-e-gibis\/\"},\"wordCount\":451,\"commentCount\":0,\"publisher\":{\"@id\":\"https:\/\/jornalfatosenoticias.com.br\/#organization\"},\"image\":{\"@id\":\"https:\/\/jornalfatosenoticias.com.br\/index.php\/2020\/02\/17\/biblioteca-municipal-promove-nesta-semana-troca-de-livros-e-gibis\/#primaryimage\"},\"thumbnailUrl\":\"https:\/\/jornalfatosenoticias.com.br\/wp-content\/uploads\/2020\/02\/troca-de-livros-e-gibis.jpg\",\"articleSection\":[\"Cultura\",\"Educa\u00e7\u00e3o\"],\"inLanguage\":\"pt-BR\",\"potentialAction\":[{\"@type\":\"CommentAction\",\"name\":\"Comment\",\"target\":[\"https:\/\/jornalfatosenoticias.com.br\/index.php\/2020\/02\/17\/biblioteca-municipal-promove-nesta-semana-troca-de-livros-e-gibis\/#respond\"]}]},{\"@type\":\"WebPage\",\"@id\":\"https:\/\/jornalfatosenoticias.com.br\/index.php\/2020\/02\/17\/biblioteca-municipal-promove-nesta-semana-troca-de-livros-e-gibis\/\",\"url\":\"https:\/\/jornalfatosenoticias.com.br\/index.php\/2020\/02\/17\/biblioteca-municipal-promove-nesta-semana-troca-de-livros-e-gibis\/\",\"name\":\"Biblioteca Municipal promove nesta semana troca de livros e gibis - Jornal Fatos e Not\u00edcias\",\"isPartOf\":{\"@id\":\"https:\/\/jornalfatosenoticias.com.br\/#website\"},\"primaryImageOfPage\":{\"@id\":\"https:\/\/jornalfatosenoticias.com.br\/index.php\/2020\/02\/17\/biblioteca-municipal-promove-nesta-semana-troca-de-livros-e-gibis\/#primaryimage\"},\"image\":{\"@id\":\"https:\/\/jornalfatosenoticias.com.br\/index.php\/2020\/02\/17\/biblioteca-municipal-promove-nesta-semana-troca-de-livros-e-gibis\/#primaryimage\"},\"thumbnailUrl\":\"https:\/\/jornalfatosenoticias.com.br\/wp-content\/uploads\/2020\/02\/troca-de-livros-e-gibis.jpg\",\"datePublished\":\"2020-02-17T18:34:59+00:00\",\"breadcrumb\":{\"@id\":\"https:\/\/jornalfatosenoticias.com.br\/index.php\/2020\/02\/17\/biblioteca-municipal-promove-nesta-semana-troca-de-livros-e-gibis\/#breadcrumb\"},\"inLanguage\":\"pt-BR\",\"potentialAction\":[{\"@type\":\"ReadAction\",\"target\":[\"https:\/\/jornalfatosenoticias.com.br\/index.php\/2020\/02\/17\/biblioteca-municipal-promove-nesta-semana-troca-de-livros-e-gibis\/\"]}]},{\"@type\":\"ImageObject\",\"inLanguage\":\"pt-BR\",\"@id\":\"https:\/\/jornalfatosenoticias.com.br\/index.php\/2020\/02\/17\/biblioteca-municipal-promove-nesta-semana-troca-de-livros-e-gibis\/#primaryimage\",\"url\":\"https:\/\/jornalfatosenoticias.com.br\/wp-content\/uploads\/2020\/02\/troca-de-livros-e-gibis.jpg\",\"contentUrl\":\"https:\/\/jornalfatosenoticias.com.br\/wp-content\/uploads\/2020\/02\/troca-de-livros-e-gibis.jpg\",\"width\":984,\"height\":654},{\"@type\":\"BreadcrumbList\",\"@id\":\"https:\/\/jornalfatosenoticias.com.br\/index.php\/2020\/02\/17\/biblioteca-municipal-promove-nesta-semana-troca-de-livros-e-gibis\/#breadcrumb\",\"itemListElement\":[{\"@type\":\"ListItem\",\"position\":1,\"name\":\"In\u00edcio\",\"item\":\"https:\/\/jornalfatosenoticias.com.br\/\"},{\"@type\":\"ListItem\",\"position\":2,\"name\":\"Biblioteca Municipal promove nesta semana troca de livros e gibis\"}]},{\"@type\":\"WebSite\",\"@id\":\"https:\/\/jornalfatosenoticias.com.br\/#website\",\"url\":\"https:\/\/jornalfatosenoticias.com.br\/\",\"name\":\"Jornal Fatos e Not\u00edcias\",\"description\":\"Not\u00edcias em geral\",\"publisher\":{\"@id\":\"https:\/\/jornalfatosenoticias.com.br\/#organization\"},\"potentialAction\":[{\"@type\":\"SearchAction\",\"target\":{\"@type\":\"EntryPoint\",\"urlTemplate\":\"https:\/\/jornalfatosenoticias.com.br\/?s={search_term_string}\"},\"query-input\":{\"@type\":\"PropertyValueSpecification\",\"valueRequired\":true,\"valueName\":\"search_term_string\"}}],\"inLanguage\":\"pt-BR\"},{\"@type\":\"Organization\",\"@id\":\"https:\/\/jornalfatosenoticias.com.br\/#organization\",\"name\":\"Jornal Fatos e Not\u00edcias\",\"url\":\"https:\/\/jornalfatosenoticias.com.br\/\",\"logo\":{\"@type\":\"ImageObject\",\"inLanguage\":\"pt-BR\",\"@id\":\"https:\/\/jornalfatosenoticias.com.br\/#\/schema\/logo\/image\/\",\"url\":\"https:\/\/jornalfatosenoticias.com.br\/wp-content\/uploads\/2020\/02\/logo120.png\",\"contentUrl\":\"https:\/\/jornalfatosenoticias.com.br\/wp-content\/uploads\/2020\/02\/logo120.png\",\"width\":1227,\"height\":120,\"caption\":\"Jornal Fatos e Not\u00edcias\"},\"image\":{\"@id\":\"https:\/\/jornalfatosenoticias.com.br\/#\/schema\/logo\/image\/\"}},{\"@type\":\"Person\",\"@id\":\"https:\/\/jornalfatosenoticias.com.br\/#\/schema\/person\/d63837fa13ac8666eb9e74e0985d6f81\",\"name\":\"Luzimara Fernandes\",\"image\":{\"@type\":\"ImageObject\",\"inLanguage\":\"pt-BR\",\"@id\":\"https:\/\/jornalfatosenoticias.com.br\/#\/schema\/person\/image\/\",\"url\":\"https:\/\/jornalfatosenoticias.com.br\/wp-content\/uploads\/2025\/05\/EU_portal.jpg\",\"contentUrl\":\"https:\/\/jornalfatosenoticias.com.br\/wp-content\/uploads\/2025\/05\/EU_portal.jpg\",\"caption\":\"Luzimara Fernandes\"},\"description\":\"Jornalista MTB 2358-ES\",\"sameAs\":[\"https:\/\/jornalfatosenoticias.com.br\"],\"url\":\"https:\/\/jornalfatosenoticias.com.br\/index.php\/author\/luzimara\/\"}]}<\/script>\n<!-- \/ Yoast SEO plugin. -->","yoast_head_json":{"title":"Biblioteca Municipal promove nesta semana troca de livros e gibis - Jornal Fatos e Not\u00edcias","robots":{"index":"index","follow":"follow","max-snippet":"max-snippet:-1","max-image-preview":"max-image-preview:large","max-video-preview":"max-video-preview:-1"},"canonical":"https:\/\/jornalfatosenoticias.com.br\/index.php\/2020\/02\/17\/biblioteca-municipal-promove-nesta-semana-troca-de-livros-e-gibis\/","og_locale":"pt_BR","og_type":"article","og_title":"Biblioteca Municipal promove nesta semana troca de livros e gibis - Jornal Fatos e Not\u00edcias","og_description":"Proposta \u00e9 incentivar a pr\u00e1tica da leitura e proporcionar aos participantes a possibilidade de substituir um livro j\u00e1 lido por outro A Biblioteca Municipal Adelpho Poli Monjardim, espa\u00e7o da Secretaria Municipal de Cultura (Semc), realiza nesta semana a &#8220;Banca Troca de Livros e Gibis&#8221;. A atividade ocorre desta segunda (17) a sexta-feira (21), das 13 [&hellip;]","og_url":"https:\/\/jornalfatosenoticias.com.br\/index.php\/2020\/02\/17\/biblioteca-municipal-promove-nesta-semana-troca-de-livros-e-gibis\/","og_site_name":"Jornal Fatos e Not\u00edcias","article_published_time":"2020-02-17T18:34:59+00:00","og_image":[{"width":984,"height":654,"url":"https:\/\/jornalfatosenoticias.com.br\/wp-content\/uploads\/2020\/02\/troca-de-livros-e-gibis.jpg","type":"image\/jpeg"}],"author":"Luzimara Fernandes","twitter_card":"summary_large_image","twitter_misc":{"Escrito por":"Luzimara Fernandes","Est. tempo de leitura":"2 minutos"},"schema":{"@context":"https:\/\/schema.org","@graph":[{"@type":"Article","@id":"https:\/\/jornalfatosenoticias.com.br\/index.php\/2020\/02\/17\/biblioteca-municipal-promove-nesta-semana-troca-de-livros-e-gibis\/#article","isPartOf":{"@id":"https:\/\/jornalfatosenoticias.com.br\/index.php\/2020\/02\/17\/biblioteca-municipal-promove-nesta-semana-troca-de-livros-e-gibis\/"},"author":{"name":"Luzimara Fernandes","@id":"https:\/\/jornalfatosenoticias.com.br\/#\/schema\/person\/d63837fa13ac8666eb9e74e0985d6f81"},"headline":"Biblioteca Municipal promove nesta semana troca de livros e gibis","datePublished":"2020-02-17T18:34:59+00:00","mainEntityOfPage":{"@id":"https:\/\/jornalfatosenoticias.com.br\/index.php\/2020\/02\/17\/biblioteca-municipal-promove-nesta-semana-troca-de-livros-e-gibis\/"},"wordCount":451,"commentCount":0,"publisher":{"@id":"https:\/\/jornalfatosenoticias.com.br\/#organization"},"image":{"@id":"https:\/\/jornalfatosenoticias.com.br\/index.php\/2020\/02\/17\/biblioteca-municipal-promove-nesta-semana-troca-de-livros-e-gibis\/#primaryimage"},"thumbnailUrl":"https:\/\/jornalfatosenoticias.com.br\/wp-content\/uploads\/2020\/02\/troca-de-livros-e-gibis.jpg","articleSection":["Cultura","Educa\u00e7\u00e3o"],"inLanguage":"pt-BR","potentialAction":[{"@type":"CommentAction","name":"Comment","target":["https:\/\/jornalfatosenoticias.com.br\/index.php\/2020\/02\/17\/biblioteca-municipal-promove-nesta-semana-troca-de-livros-e-gibis\/#respond"]}]},{"@type":"WebPage","@id":"https:\/\/jornalfatosenoticias.com.br\/index.php\/2020\/02\/17\/biblioteca-municipal-promove-nesta-semana-troca-de-livros-e-gibis\/","url":"https:\/\/jornalfatosenoticias.com.br\/index.php\/2020\/02\/17\/biblioteca-municipal-promove-nesta-semana-troca-de-livros-e-gibis\/","name":"Biblioteca Municipal promove nesta semana troca de livros e gibis - Jornal Fatos e Not\u00edcias","isPartOf":{"@id":"https:\/\/jornalfatosenoticias.com.br\/#website"},"primaryImageOfPage":{"@id":"https:\/\/jornalfatosenoticias.com.br\/index.php\/2020\/02\/17\/biblioteca-municipal-promove-nesta-semana-troca-de-livros-e-gibis\/#primaryimage"},"image":{"@id":"https:\/\/jornalfatosenoticias.com.br\/index.php\/2020\/02\/17\/biblioteca-municipal-promove-nesta-semana-troca-de-livros-e-gibis\/#primaryimage"},"thumbnailUrl":"https:\/\/jornalfatosenoticias.com.br\/wp-content\/uploads\/2020\/02\/troca-de-livros-e-gibis.jpg","datePublished":"2020-02-17T18:34:59+00:00","breadcrumb":{"@id":"https:\/\/jornalfatosenoticias.com.br\/index.php\/2020\/02\/17\/biblioteca-municipal-promove-nesta-semana-troca-de-livros-e-gibis\/#breadcrumb"},"inLanguage":"pt-BR","potentialAction":[{"@type":"ReadAction","target":["https:\/\/jornalfatosenoticias.com.br\/index.php\/2020\/02\/17\/biblioteca-municipal-promove-nesta-semana-troca-de-livros-e-gibis\/"]}]},{"@type":"ImageObject","inLanguage":"pt-BR","@id":"https:\/\/jornalfatosenoticias.com.br\/index.php\/2020\/02\/17\/biblioteca-municipal-promove-nesta-semana-troca-de-livros-e-gibis\/#primaryimage","url":"https:\/\/jornalfatosenoticias.com.br\/wp-content\/uploads\/2020\/02\/troca-de-livros-e-gibis.jpg","contentUrl":"https:\/\/jornalfatosenoticias.com.br\/wp-content\/uploads\/2020\/02\/troca-de-livros-e-gibis.jpg","width":984,"height":654},{"@type":"BreadcrumbList","@id":"https:\/\/jornalfatosenoticias.com.br\/index.php\/2020\/02\/17\/biblioteca-municipal-promove-nesta-semana-troca-de-livros-e-gibis\/#breadcrumb","itemListElement":[{"@type":"ListItem","position":1,"name":"In\u00edcio","item":"https:\/\/jornalfatosenoticias.com.br\/"},{"@type":"ListItem","position":2,"name":"Biblioteca Municipal promove nesta semana troca de livros e gibis"}]},{"@type":"WebSite","@id":"https:\/\/jornalfatosenoticias.com.br\/#website","url":"https:\/\/jornalfatosenoticias.com.br\/","name":"Jornal Fatos e Not\u00edcias","description":"Not\u00edcias em geral","publisher":{"@id":"https:\/\/jornalfatosenoticias.com.br\/#organization"},"potentialAction":[{"@type":"SearchAction","target":{"@type":"EntryPoint","urlTemplate":"https:\/\/jornalfatosenoticias.com.br\/?s={search_term_string}"},"query-input":{"@type":"PropertyValueSpecification","valueRequired":true,"valueName":"search_term_string"}}],"inLanguage":"pt-BR"},{"@type":"Organization","@id":"https:\/\/jornalfatosenoticias.com.br\/#organization","name":"Jornal Fatos e Not\u00edcias","url":"https:\/\/jornalfatosenoticias.com.br\/","logo":{"@type":"ImageObject","inLanguage":"pt-BR","@id":"https:\/\/jornalfatosenoticias.com.br\/#\/schema\/logo\/image\/","url":"https:\/\/jornalfatosenoticias.com.br\/wp-content\/uploads\/2020\/02\/logo120.png","contentUrl":"https:\/\/jornalfatosenoticias.com.br\/wp-content\/uploads\/2020\/02\/logo120.png","width":1227,"height":120,"caption":"Jornal Fatos e Not\u00edcias"},"image":{"@id":"https:\/\/jornalfatosenoticias.com.br\/#\/schema\/logo\/image\/"}},{"@type":"Person","@id":"https:\/\/jornalfatosenoticias.com.br\/#\/schema\/person\/d63837fa13ac8666eb9e74e0985d6f81","name":"Luzimara Fernandes","image":{"@type":"ImageObject","inLanguage":"pt-BR","@id":"https:\/\/jornalfatosenoticias.com.br\/#\/schema\/person\/image\/","url":"https:\/\/jornalfatosenoticias.com.br\/wp-content\/uploads\/2025\/05\/EU_portal.jpg","contentUrl":"https:\/\/jornalfatosenoticias.com.br\/wp-content\/uploads\/2025\/05\/EU_portal.jpg","caption":"Luzimara Fernandes"},"description":"Jornalista MTB 2358-ES","sameAs":["https:\/\/jornalfatosenoticias.com.br"],"url":"https:\/\/jornalfatosenoticias.com.br\/index.php\/author\/luzimara\/"}]}},"cc_featured_image_caption":{"caption_text":"","source_text":"","source_url":""},"jetpack_featured_media_url":"https:\/\/jornalfatosenoticias.com.br\/wp-content\/uploads\/2020\/02\/troca-de-livros-e-gibis.jpg","_links":{"self":[{"href":"https:\/\/jornalfatosenoticias.com.br\/index.php\/wp-json\/wp\/v2\/posts\/1149","targetHints":{"allow":["GET"]}}],"collection":[{"href":"https:\/\/jornalfatosenoticias.com.br\/index.php\/wp-json\/wp\/v2\/posts"}],"about":[{"href":"https:\/\/jornalfatosenoticias.com.br\/index.php\/wp-json\/wp\/v2\/types\/post"}],"author":[{"embeddable":true,"href":"https:\/\/jornalfatosenoticias.com.br\/index.php\/wp-json\/wp\/v2\/users\/2"}],"replies":[{"embeddable":true,"href":"https:\/\/jornalfatosenoticias.com.br\/index.php\/wp-json\/wp\/v2\/comments?post=1149"}],"version-history":[{"count":0,"href":"https:\/\/jornalfatosenoticias.com.br\/index.php\/wp-json\/wp\/v2\/posts\/1149\/revisions"}],"wp:featuredmedia":[{"embeddable":true,"href":"https:\/\/jornalfatosenoticias.com.br\/index.php\/wp-json\/wp\/v2\/media\/1150"}],"wp:attachment":[{"href":"https:\/\/jornalfatosenoticias.com.br\/index.php\/wp-json\/wp\/v2\/media?parent=1149"}],"wp:term":[{"taxonomy":"category","embeddable":true,"href":"https:\/\/jornalfatosenoticias.com.br\/index.php\/wp-json\/wp\/v2\/categories?post=1149"},{"taxonomy":"post_tag","embeddable":true,"href":"https:\/\/jornalfatosenoticias.com.br\/index.php\/wp-json\/wp\/v2\/tags?post=1149"}],"curies":[{"name":"wp","href":"https:\/\/api.w.org\/{rel}","templated":true}]}}