{"id":11521,"date":"2020-11-23T11:02:20","date_gmt":"2020-11-23T14:02:20","guid":{"rendered":"https:\/\/jornalfatosenoticias.com.br\/?p=11521"},"modified":"2020-11-23T11:03:59","modified_gmt":"2020-11-23T14:03:59","slug":"obra-inedita-analisa-a-origem-do-pensamento-politico-ate-a-crise-nas-democracias","status":"publish","type":"post","link":"https:\/\/jornalfatosenoticias.com.br\/index.php\/2020\/11\/23\/obra-inedita-analisa-a-origem-do-pensamento-politico-ate-a-crise-nas-democracias\/","title":{"rendered":"Obra in\u00e9dita analisa a origem do pensamento pol\u00edtico at\u00e9 a crise nas democracias"},"content":{"rendered":"\n<h6 class=\"wp-block-heading\"><em>Tr\u00eas Mil Anos de Pol\u00edtica, de Jos\u00e9 Luiz Alqu\u00e9res retrata, ainda, os efeitos do passado no processo de globaliza\u00e7\u00e3o<\/em><\/h6>\n\n\n\n<p>Passado, presente e futuro s\u00e3o linhas hist\u00f3ricas inevitavelmente conectadas, como retrata a memor\u00e1vel obra Tr\u00eas Mil Anos de Pol\u00edtica, de Jos\u00e9 Luiz Alqu\u00e9res. Lan\u00e7ado no in\u00edcio deste m\u00eas, pela Edi\u00e7\u00f5es de Janeiro, o livro apresenta uma importante reflex\u00e3o sobre a hist\u00f3ria da <a href=\"https:\/\/aventurasnahistoria.uol.com.br\/noticias\/reportagem\/curiosa-amizade-de-michael-jackson-e-donald-trump.phtml\" rel=\"noreferrer noopener\" target=\"_blank\">pol\u00edtica<\/a>.<br>Por meio de uma linguagem leve e acess\u00edvel, o autor retrata o pensamento pol\u00edtico, desde a sua origem, na China e na Gr\u00e9cia, passando pelos Romanos, a Idade M\u00e9dia, a Idade Moderna, at\u00e9 os acontecimentos mais contempor\u00e2neos, como os modelos <a href=\"https:\/\/aventurasnahistoria.uol.com.br\/noticias\/reportagem\/a-polemica-politica-do-filho-unico-na-china.phtml\" rel=\"noreferrer noopener\" target=\"_blank\">totalit\u00e1rios<\/a>, neoliberalistas e o fen\u00f4meno do nacionalismo.<br>Com uma perspectiva objetiva, clara e cr\u00edtica, Alqu\u00e9res explica o movimento dos pensamentos pol\u00edticos, proporcionando uma leitura fluida e regada de cita\u00e7\u00f5es e refer\u00eancias te\u00f3ricas. O objetivo da sua obra \u00e9 refletir sobre os principais erros e acertos do passado, a fim de mostrar para a sociedade as a\u00e7\u00f5es que n\u00e3o devem ser repetidas no presente e no futuro.<br>Ao tra\u00e7ar um panorama dos principais eventos que impactaram a constru\u00e7\u00e3o hist\u00f3rica de diferentes na\u00e7\u00f5es, o autor traduz a ess\u00eancia de cada per\u00edodo. A partir de uma an\u00e1lise minuciosa de importantes personagens que marcaram a evolu\u00e7\u00e3o do pensamento pol\u00edtico, Alqu\u00e9res ainda explica como algumas ideologias prevaleceram em determinados regimes.<br>Dentre as figuras hist\u00f3ricas citadas pelo autor, est\u00e3o Santo Agostinho, Spinoza, Montaigne, Hobbes e Marx. Para o escritor, \u00e9 poss\u00edvel estudar a hist\u00f3ria da pr\u00f3pria humanidade, a partir do pensamento destas personalidades do passado.<\/p>\n\n\n\n<div class=\"wp-block-image\"><figure class=\"alignleft size-large is-resized\"><img loading=\"lazy\" decoding=\"async\" src=\"https:\/\/jornalfatosenoticias.com.br\/wp-content\/uploads\/2020\/11\/livro_tres-mil-anos-de-politica.jpg\" alt=\"\" class=\"wp-image-11522\" width=\"330\" height=\"479\" srcset=\"https:\/\/jornalfatosenoticias.com.br\/wp-content\/uploads\/2020\/11\/livro_tres-mil-anos-de-politica.jpg 688w, https:\/\/jornalfatosenoticias.com.br\/wp-content\/uploads\/2020\/11\/livro_tres-mil-anos-de-politica-206x300.jpg 206w\" sizes=\"auto, (max-width: 330px) 100vw, 330px\" \/><figcaption><em>Tr\u00eas Mil Anos de Pol\u00edtica, de Jos\u00e9 Luiz Alqu\u00e9res (2020) (Foto: Divulga\u00e7\u00e3o\/Edi\u00e7\u00f5es de Janeiro)<\/em><\/figcaption><\/figure><\/div>\n\n\n\n<p>A an\u00e1lise de Alqu\u00e9res conduz o leitor a discuss\u00f5es atuais, como a crise da\u00a0<a href=\"https:\/\/aventurasnahistoria.uol.com.br\/noticias\/historia-hoje\/barack-obama-descarta-qualquer-cargo-no-governo-de-joe-biden.phtml\" rel=\"noreferrer noopener\" target=\"_blank\">democracia<\/a>\u00a0e os efeitos da\u00a0<a href=\"https:\/\/aventurasnahistoria.uol.com.br\/noticias\/almanaque\/alem-de-biden-e-trump-os-presidentes-mais-velhos-assumirem-os-eua.phtml\" rel=\"noreferrer noopener\" target=\"_blank\">globaliza\u00e7\u00e3o<\/a>. Por fim, o autor apresenta os desafios e a necessidade pol\u00edtica em garantir maior inclus\u00e3o e\u00a0<a href=\"https:\/\/aventurasnahistoria.uol.com.br\/noticias\/reportagem\/o-movimento-de-esterilizacao-contra-negros-durante-o-segregacionismo-nos-eua.phtml\" rel=\"noreferrer noopener\" target=\"_blank\">representatividade<\/a> de determinados grupos sociais.<\/p>\n\n\n\n<h4 class=\"wp-block-heading\">Confira abaixo um trecho de Tr\u00eas Mil Anos de Pol\u00edtica (2020):<\/h4>\n\n\n\n<p>\u201cPara os Gregos, os inventores da democracia, idiota era aquele cidad\u00e3o que n\u00e3o se importava com a pol\u00edtica, como a discuss\u00e3o das coisas comuns, preferindo ocupar-se apenas dos seus interesses particulares. Entendia-se como um dever do cidad\u00e3o participar da administra\u00e7\u00e3o p\u00fablica, manifestando sua opini\u00e3o sobre os destinos da comunidade. Agir de forma indiferente \u00e0 coisa p\u00fablica era um ego\u00edsmo, um ato est\u00fapido, pr\u00f3prio a um idiota.<br>Plat\u00e3o, nessa mesma linha, registrou que quem n\u00e3o gosta de pol\u00edtica ser\u00e1 governado por quem gosta. Essa verdade vem sendo repetida de variadas formas. Eis a grande vingan\u00e7a aos alienados.<br>Assim, seja apreciando o tema como um dever c\u00edvico, seja como uma forma de se proteger dos exageros dos donos do poder \u2014 e n\u00e3o viver como mero integrante de um gado conhecer, refletir, discutir e participar da pol\u00edtica \u00e9 fonte de in\u00fameros proveitos\u201d.<\/p>\n\n\n\n<p><strong><em>Fonte: <a href=\"https:\/\/aventurasnahistoria.uol.com.br\/noticias\/historia-hoje\/obra-inedita-analisa-origem-do-pensamento-politico-ate-crise-nas-democracias.phtml\">Aventuras na Hist\u00f3ria<\/a><\/em><\/strong><\/p>\n","protected":false},"excerpt":{"rendered":"<p>Tr\u00eas Mil Anos de Pol\u00edtica, de Jos\u00e9 Luiz Alqu\u00e9res retrata, ainda, os efeitos do passado no processo de globaliza\u00e7\u00e3o Passado, presente e futuro s\u00e3o linhas hist\u00f3ricas inevitavelmente conectadas, como retrata a memor\u00e1vel obra Tr\u00eas Mil Anos de Pol\u00edtica, de Jos\u00e9 Luiz Alqu\u00e9res. Lan\u00e7ado no in\u00edcio deste m\u00eas, pela Edi\u00e7\u00f5es de Janeiro, o livro apresenta uma [&hellip;]<\/p>\n","protected":false},"author":2,"featured_media":11523,"comment_status":"open","ping_status":"open","sticky":false,"template":"","format":"standard","meta":{"footnotes":""},"categories":[10],"tags":[6074,1217,1948,545,6075],"class_list":["post-11521","post","type-post","status-publish","format-standard","has-post-thumbnail","hentry","category-politica","tag-jose-luiz-alqueres","tag-livro","tag-obra","tag-politica","tag-tres-mil-anos-de-politica"],"yoast_head":"<!-- This site is optimized with the Yoast SEO plugin v26.5 - https:\/\/yoast.com\/wordpress\/plugins\/seo\/ -->\n<title>Obra in\u00e9dita analisa a origem do pensamento pol\u00edtico at\u00e9 a crise nas democracias - Jornal Fatos e Not\u00edcias<\/title>\n<meta name=\"robots\" content=\"index, follow, max-snippet:-1, max-image-preview:large, max-video-preview:-1\" \/>\n<link rel=\"canonical\" href=\"https:\/\/jornalfatosenoticias.com.br\/index.php\/2020\/11\/23\/obra-inedita-analisa-a-origem-do-pensamento-politico-ate-a-crise-nas-democracias\/\" \/>\n<meta property=\"og:locale\" content=\"pt_BR\" \/>\n<meta property=\"og:type\" content=\"article\" \/>\n<meta property=\"og:title\" content=\"Obra in\u00e9dita analisa a origem do pensamento pol\u00edtico at\u00e9 a crise nas democracias - Jornal Fatos e Not\u00edcias\" \/>\n<meta property=\"og:description\" content=\"Tr\u00eas Mil Anos de Pol\u00edtica, de Jos\u00e9 Luiz Alqu\u00e9res retrata, ainda, os efeitos do passado no processo de globaliza\u00e7\u00e3o Passado, presente e futuro s\u00e3o linhas hist\u00f3ricas inevitavelmente conectadas, como retrata a memor\u00e1vel obra Tr\u00eas Mil Anos de Pol\u00edtica, de Jos\u00e9 Luiz Alqu\u00e9res. Lan\u00e7ado no in\u00edcio deste m\u00eas, pela Edi\u00e7\u00f5es de Janeiro, o livro apresenta uma [&hellip;]\" \/>\n<meta property=\"og:url\" content=\"https:\/\/jornalfatosenoticias.com.br\/index.php\/2020\/11\/23\/obra-inedita-analisa-a-origem-do-pensamento-politico-ate-a-crise-nas-democracias\/\" \/>\n<meta property=\"og:site_name\" content=\"Jornal Fatos e Not\u00edcias\" \/>\n<meta property=\"article:published_time\" content=\"2020-11-23T14:02:20+00:00\" \/>\n<meta property=\"article:modified_time\" content=\"2020-11-23T14:03:59+00:00\" \/>\n<meta property=\"og:image\" content=\"https:\/\/jornalfatosenoticias.com.br\/wp-content\/uploads\/2020\/11\/obra__politica.jpg\" \/>\n\t<meta property=\"og:image:width\" content=\"1000\" \/>\n\t<meta property=\"og:image:height\" content=\"562\" \/>\n\t<meta property=\"og:image:type\" content=\"image\/jpeg\" \/>\n<meta name=\"author\" content=\"Luzimara Fernandes\" \/>\n<meta name=\"twitter:card\" content=\"summary_large_image\" \/>\n<meta name=\"twitter:label1\" content=\"Escrito por\" \/>\n\t<meta name=\"twitter:data1\" content=\"Luzimara Fernandes\" \/>\n\t<meta name=\"twitter:label2\" content=\"Est. tempo de leitura\" \/>\n\t<meta name=\"twitter:data2\" content=\"3 minutos\" \/>\n<script type=\"application\/ld+json\" class=\"yoast-schema-graph\">{\"@context\":\"https:\/\/schema.org\",\"@graph\":[{\"@type\":\"Article\",\"@id\":\"https:\/\/jornalfatosenoticias.com.br\/index.php\/2020\/11\/23\/obra-inedita-analisa-a-origem-do-pensamento-politico-ate-a-crise-nas-democracias\/#article\",\"isPartOf\":{\"@id\":\"https:\/\/jornalfatosenoticias.com.br\/index.php\/2020\/11\/23\/obra-inedita-analisa-a-origem-do-pensamento-politico-ate-a-crise-nas-democracias\/\"},\"author\":{\"name\":\"Luzimara Fernandes\",\"@id\":\"https:\/\/jornalfatosenoticias.com.br\/#\/schema\/person\/d63837fa13ac8666eb9e74e0985d6f81\"},\"headline\":\"Obra in\u00e9dita analisa a origem do pensamento pol\u00edtico at\u00e9 a crise nas democracias\",\"datePublished\":\"2020-11-23T14:02:20+00:00\",\"dateModified\":\"2020-11-23T14:03:59+00:00\",\"mainEntityOfPage\":{\"@id\":\"https:\/\/jornalfatosenoticias.com.br\/index.php\/2020\/11\/23\/obra-inedita-analisa-a-origem-do-pensamento-politico-ate-a-crise-nas-democracias\/\"},\"wordCount\":551,\"commentCount\":0,\"publisher\":{\"@id\":\"https:\/\/jornalfatosenoticias.com.br\/#organization\"},\"image\":{\"@id\":\"https:\/\/jornalfatosenoticias.com.br\/index.php\/2020\/11\/23\/obra-inedita-analisa-a-origem-do-pensamento-politico-ate-a-crise-nas-democracias\/#primaryimage\"},\"thumbnailUrl\":\"https:\/\/jornalfatosenoticias.com.br\/wp-content\/uploads\/2020\/11\/obra__politica.jpg\",\"keywords\":[\"Jos\u00e9 Luiz Alqu\u00e9res\",\"livro\",\"obra\",\"pol\u00edtica\",\"Tr\u00eas Mil Anos de Pol\u00edtica\"],\"articleSection\":[\"Pol\u00edtica\"],\"inLanguage\":\"pt-BR\",\"potentialAction\":[{\"@type\":\"CommentAction\",\"name\":\"Comment\",\"target\":[\"https:\/\/jornalfatosenoticias.com.br\/index.php\/2020\/11\/23\/obra-inedita-analisa-a-origem-do-pensamento-politico-ate-a-crise-nas-democracias\/#respond\"]}]},{\"@type\":\"WebPage\",\"@id\":\"https:\/\/jornalfatosenoticias.com.br\/index.php\/2020\/11\/23\/obra-inedita-analisa-a-origem-do-pensamento-politico-ate-a-crise-nas-democracias\/\",\"url\":\"https:\/\/jornalfatosenoticias.com.br\/index.php\/2020\/11\/23\/obra-inedita-analisa-a-origem-do-pensamento-politico-ate-a-crise-nas-democracias\/\",\"name\":\"Obra in\u00e9dita analisa a origem do pensamento pol\u00edtico at\u00e9 a crise nas democracias - Jornal Fatos e Not\u00edcias\",\"isPartOf\":{\"@id\":\"https:\/\/jornalfatosenoticias.com.br\/#website\"},\"primaryImageOfPage\":{\"@id\":\"https:\/\/jornalfatosenoticias.com.br\/index.php\/2020\/11\/23\/obra-inedita-analisa-a-origem-do-pensamento-politico-ate-a-crise-nas-democracias\/#primaryimage\"},\"image\":{\"@id\":\"https:\/\/jornalfatosenoticias.com.br\/index.php\/2020\/11\/23\/obra-inedita-analisa-a-origem-do-pensamento-politico-ate-a-crise-nas-democracias\/#primaryimage\"},\"thumbnailUrl\":\"https:\/\/jornalfatosenoticias.com.br\/wp-content\/uploads\/2020\/11\/obra__politica.jpg\",\"datePublished\":\"2020-11-23T14:02:20+00:00\",\"dateModified\":\"2020-11-23T14:03:59+00:00\",\"breadcrumb\":{\"@id\":\"https:\/\/jornalfatosenoticias.com.br\/index.php\/2020\/11\/23\/obra-inedita-analisa-a-origem-do-pensamento-politico-ate-a-crise-nas-democracias\/#breadcrumb\"},\"inLanguage\":\"pt-BR\",\"potentialAction\":[{\"@type\":\"ReadAction\",\"target\":[\"https:\/\/jornalfatosenoticias.com.br\/index.php\/2020\/11\/23\/obra-inedita-analisa-a-origem-do-pensamento-politico-ate-a-crise-nas-democracias\/\"]}]},{\"@type\":\"ImageObject\",\"inLanguage\":\"pt-BR\",\"@id\":\"https:\/\/jornalfatosenoticias.com.br\/index.php\/2020\/11\/23\/obra-inedita-analisa-a-origem-do-pensamento-politico-ate-a-crise-nas-democracias\/#primaryimage\",\"url\":\"https:\/\/jornalfatosenoticias.com.br\/wp-content\/uploads\/2020\/11\/obra__politica.jpg\",\"contentUrl\":\"https:\/\/jornalfatosenoticias.com.br\/wp-content\/uploads\/2020\/11\/obra__politica.jpg\",\"width\":1000,\"height\":562},{\"@type\":\"BreadcrumbList\",\"@id\":\"https:\/\/jornalfatosenoticias.com.br\/index.php\/2020\/11\/23\/obra-inedita-analisa-a-origem-do-pensamento-politico-ate-a-crise-nas-democracias\/#breadcrumb\",\"itemListElement\":[{\"@type\":\"ListItem\",\"position\":1,\"name\":\"In\u00edcio\",\"item\":\"https:\/\/jornalfatosenoticias.com.br\/\"},{\"@type\":\"ListItem\",\"position\":2,\"name\":\"Obra in\u00e9dita analisa a origem do pensamento pol\u00edtico at\u00e9 a crise nas democracias\"}]},{\"@type\":\"WebSite\",\"@id\":\"https:\/\/jornalfatosenoticias.com.br\/#website\",\"url\":\"https:\/\/jornalfatosenoticias.com.br\/\",\"name\":\"Jornal Fatos e Not\u00edcias\",\"description\":\"Not\u00edcias em geral\",\"publisher\":{\"@id\":\"https:\/\/jornalfatosenoticias.com.br\/#organization\"},\"potentialAction\":[{\"@type\":\"SearchAction\",\"target\":{\"@type\":\"EntryPoint\",\"urlTemplate\":\"https:\/\/jornalfatosenoticias.com.br\/?s={search_term_string}\"},\"query-input\":{\"@type\":\"PropertyValueSpecification\",\"valueRequired\":true,\"valueName\":\"search_term_string\"}}],\"inLanguage\":\"pt-BR\"},{\"@type\":\"Organization\",\"@id\":\"https:\/\/jornalfatosenoticias.com.br\/#organization\",\"name\":\"Jornal Fatos e Not\u00edcias\",\"url\":\"https:\/\/jornalfatosenoticias.com.br\/\",\"logo\":{\"@type\":\"ImageObject\",\"inLanguage\":\"pt-BR\",\"@id\":\"https:\/\/jornalfatosenoticias.com.br\/#\/schema\/logo\/image\/\",\"url\":\"https:\/\/jornalfatosenoticias.com.br\/wp-content\/uploads\/2020\/02\/logo120.png\",\"contentUrl\":\"https:\/\/jornalfatosenoticias.com.br\/wp-content\/uploads\/2020\/02\/logo120.png\",\"width\":1227,\"height\":120,\"caption\":\"Jornal Fatos e Not\u00edcias\"},\"image\":{\"@id\":\"https:\/\/jornalfatosenoticias.com.br\/#\/schema\/logo\/image\/\"}},{\"@type\":\"Person\",\"@id\":\"https:\/\/jornalfatosenoticias.com.br\/#\/schema\/person\/d63837fa13ac8666eb9e74e0985d6f81\",\"name\":\"Luzimara Fernandes\",\"image\":{\"@type\":\"ImageObject\",\"inLanguage\":\"pt-BR\",\"@id\":\"https:\/\/jornalfatosenoticias.com.br\/#\/schema\/person\/image\/\",\"url\":\"https:\/\/jornalfatosenoticias.com.br\/wp-content\/uploads\/2025\/05\/EU_portal.jpg\",\"contentUrl\":\"https:\/\/jornalfatosenoticias.com.br\/wp-content\/uploads\/2025\/05\/EU_portal.jpg\",\"caption\":\"Luzimara Fernandes\"},\"description\":\"Jornalista MTB 2358-ES\",\"sameAs\":[\"https:\/\/jornalfatosenoticias.com.br\"],\"url\":\"https:\/\/jornalfatosenoticias.com.br\/index.php\/author\/luzimara\/\"}]}<\/script>\n<!-- \/ Yoast SEO plugin. -->","yoast_head_json":{"title":"Obra in\u00e9dita analisa a origem do pensamento pol\u00edtico at\u00e9 a crise nas democracias - Jornal Fatos e Not\u00edcias","robots":{"index":"index","follow":"follow","max-snippet":"max-snippet:-1","max-image-preview":"max-image-preview:large","max-video-preview":"max-video-preview:-1"},"canonical":"https:\/\/jornalfatosenoticias.com.br\/index.php\/2020\/11\/23\/obra-inedita-analisa-a-origem-do-pensamento-politico-ate-a-crise-nas-democracias\/","og_locale":"pt_BR","og_type":"article","og_title":"Obra in\u00e9dita analisa a origem do pensamento pol\u00edtico at\u00e9 a crise nas democracias - Jornal Fatos e Not\u00edcias","og_description":"Tr\u00eas Mil Anos de Pol\u00edtica, de Jos\u00e9 Luiz Alqu\u00e9res retrata, ainda, os efeitos do passado no processo de globaliza\u00e7\u00e3o Passado, presente e futuro s\u00e3o linhas hist\u00f3ricas inevitavelmente conectadas, como retrata a memor\u00e1vel obra Tr\u00eas Mil Anos de Pol\u00edtica, de Jos\u00e9 Luiz Alqu\u00e9res. Lan\u00e7ado no in\u00edcio deste m\u00eas, pela Edi\u00e7\u00f5es de Janeiro, o livro apresenta uma [&hellip;]","og_url":"https:\/\/jornalfatosenoticias.com.br\/index.php\/2020\/11\/23\/obra-inedita-analisa-a-origem-do-pensamento-politico-ate-a-crise-nas-democracias\/","og_site_name":"Jornal Fatos e Not\u00edcias","article_published_time":"2020-11-23T14:02:20+00:00","article_modified_time":"2020-11-23T14:03:59+00:00","og_image":[{"width":1000,"height":562,"url":"https:\/\/jornalfatosenoticias.com.br\/wp-content\/uploads\/2020\/11\/obra__politica.jpg","type":"image\/jpeg"}],"author":"Luzimara Fernandes","twitter_card":"summary_large_image","twitter_misc":{"Escrito por":"Luzimara Fernandes","Est. tempo de leitura":"3 minutos"},"schema":{"@context":"https:\/\/schema.org","@graph":[{"@type":"Article","@id":"https:\/\/jornalfatosenoticias.com.br\/index.php\/2020\/11\/23\/obra-inedita-analisa-a-origem-do-pensamento-politico-ate-a-crise-nas-democracias\/#article","isPartOf":{"@id":"https:\/\/jornalfatosenoticias.com.br\/index.php\/2020\/11\/23\/obra-inedita-analisa-a-origem-do-pensamento-politico-ate-a-crise-nas-democracias\/"},"author":{"name":"Luzimara Fernandes","@id":"https:\/\/jornalfatosenoticias.com.br\/#\/schema\/person\/d63837fa13ac8666eb9e74e0985d6f81"},"headline":"Obra in\u00e9dita analisa a origem do pensamento pol\u00edtico at\u00e9 a crise nas democracias","datePublished":"2020-11-23T14:02:20+00:00","dateModified":"2020-11-23T14:03:59+00:00","mainEntityOfPage":{"@id":"https:\/\/jornalfatosenoticias.com.br\/index.php\/2020\/11\/23\/obra-inedita-analisa-a-origem-do-pensamento-politico-ate-a-crise-nas-democracias\/"},"wordCount":551,"commentCount":0,"publisher":{"@id":"https:\/\/jornalfatosenoticias.com.br\/#organization"},"image":{"@id":"https:\/\/jornalfatosenoticias.com.br\/index.php\/2020\/11\/23\/obra-inedita-analisa-a-origem-do-pensamento-politico-ate-a-crise-nas-democracias\/#primaryimage"},"thumbnailUrl":"https:\/\/jornalfatosenoticias.com.br\/wp-content\/uploads\/2020\/11\/obra__politica.jpg","keywords":["Jos\u00e9 Luiz Alqu\u00e9res","livro","obra","pol\u00edtica","Tr\u00eas Mil Anos de Pol\u00edtica"],"articleSection":["Pol\u00edtica"],"inLanguage":"pt-BR","potentialAction":[{"@type":"CommentAction","name":"Comment","target":["https:\/\/jornalfatosenoticias.com.br\/index.php\/2020\/11\/23\/obra-inedita-analisa-a-origem-do-pensamento-politico-ate-a-crise-nas-democracias\/#respond"]}]},{"@type":"WebPage","@id":"https:\/\/jornalfatosenoticias.com.br\/index.php\/2020\/11\/23\/obra-inedita-analisa-a-origem-do-pensamento-politico-ate-a-crise-nas-democracias\/","url":"https:\/\/jornalfatosenoticias.com.br\/index.php\/2020\/11\/23\/obra-inedita-analisa-a-origem-do-pensamento-politico-ate-a-crise-nas-democracias\/","name":"Obra in\u00e9dita analisa a origem do pensamento pol\u00edtico at\u00e9 a crise nas democracias - Jornal Fatos e Not\u00edcias","isPartOf":{"@id":"https:\/\/jornalfatosenoticias.com.br\/#website"},"primaryImageOfPage":{"@id":"https:\/\/jornalfatosenoticias.com.br\/index.php\/2020\/11\/23\/obra-inedita-analisa-a-origem-do-pensamento-politico-ate-a-crise-nas-democracias\/#primaryimage"},"image":{"@id":"https:\/\/jornalfatosenoticias.com.br\/index.php\/2020\/11\/23\/obra-inedita-analisa-a-origem-do-pensamento-politico-ate-a-crise-nas-democracias\/#primaryimage"},"thumbnailUrl":"https:\/\/jornalfatosenoticias.com.br\/wp-content\/uploads\/2020\/11\/obra__politica.jpg","datePublished":"2020-11-23T14:02:20+00:00","dateModified":"2020-11-23T14:03:59+00:00","breadcrumb":{"@id":"https:\/\/jornalfatosenoticias.com.br\/index.php\/2020\/11\/23\/obra-inedita-analisa-a-origem-do-pensamento-politico-ate-a-crise-nas-democracias\/#breadcrumb"},"inLanguage":"pt-BR","potentialAction":[{"@type":"ReadAction","target":["https:\/\/jornalfatosenoticias.com.br\/index.php\/2020\/11\/23\/obra-inedita-analisa-a-origem-do-pensamento-politico-ate-a-crise-nas-democracias\/"]}]},{"@type":"ImageObject","inLanguage":"pt-BR","@id":"https:\/\/jornalfatosenoticias.com.br\/index.php\/2020\/11\/23\/obra-inedita-analisa-a-origem-do-pensamento-politico-ate-a-crise-nas-democracias\/#primaryimage","url":"https:\/\/jornalfatosenoticias.com.br\/wp-content\/uploads\/2020\/11\/obra__politica.jpg","contentUrl":"https:\/\/jornalfatosenoticias.com.br\/wp-content\/uploads\/2020\/11\/obra__politica.jpg","width":1000,"height":562},{"@type":"BreadcrumbList","@id":"https:\/\/jornalfatosenoticias.com.br\/index.php\/2020\/11\/23\/obra-inedita-analisa-a-origem-do-pensamento-politico-ate-a-crise-nas-democracias\/#breadcrumb","itemListElement":[{"@type":"ListItem","position":1,"name":"In\u00edcio","item":"https:\/\/jornalfatosenoticias.com.br\/"},{"@type":"ListItem","position":2,"name":"Obra in\u00e9dita analisa a origem do pensamento pol\u00edtico at\u00e9 a crise nas democracias"}]},{"@type":"WebSite","@id":"https:\/\/jornalfatosenoticias.com.br\/#website","url":"https:\/\/jornalfatosenoticias.com.br\/","name":"Jornal Fatos e Not\u00edcias","description":"Not\u00edcias em geral","publisher":{"@id":"https:\/\/jornalfatosenoticias.com.br\/#organization"},"potentialAction":[{"@type":"SearchAction","target":{"@type":"EntryPoint","urlTemplate":"https:\/\/jornalfatosenoticias.com.br\/?s={search_term_string}"},"query-input":{"@type":"PropertyValueSpecification","valueRequired":true,"valueName":"search_term_string"}}],"inLanguage":"pt-BR"},{"@type":"Organization","@id":"https:\/\/jornalfatosenoticias.com.br\/#organization","name":"Jornal Fatos e Not\u00edcias","url":"https:\/\/jornalfatosenoticias.com.br\/","logo":{"@type":"ImageObject","inLanguage":"pt-BR","@id":"https:\/\/jornalfatosenoticias.com.br\/#\/schema\/logo\/image\/","url":"https:\/\/jornalfatosenoticias.com.br\/wp-content\/uploads\/2020\/02\/logo120.png","contentUrl":"https:\/\/jornalfatosenoticias.com.br\/wp-content\/uploads\/2020\/02\/logo120.png","width":1227,"height":120,"caption":"Jornal Fatos e Not\u00edcias"},"image":{"@id":"https:\/\/jornalfatosenoticias.com.br\/#\/schema\/logo\/image\/"}},{"@type":"Person","@id":"https:\/\/jornalfatosenoticias.com.br\/#\/schema\/person\/d63837fa13ac8666eb9e74e0985d6f81","name":"Luzimara Fernandes","image":{"@type":"ImageObject","inLanguage":"pt-BR","@id":"https:\/\/jornalfatosenoticias.com.br\/#\/schema\/person\/image\/","url":"https:\/\/jornalfatosenoticias.com.br\/wp-content\/uploads\/2025\/05\/EU_portal.jpg","contentUrl":"https:\/\/jornalfatosenoticias.com.br\/wp-content\/uploads\/2025\/05\/EU_portal.jpg","caption":"Luzimara Fernandes"},"description":"Jornalista MTB 2358-ES","sameAs":["https:\/\/jornalfatosenoticias.com.br"],"url":"https:\/\/jornalfatosenoticias.com.br\/index.php\/author\/luzimara\/"}]}},"cc_featured_image_caption":{"caption_text":"(Foto: Divulga\u00e7\u00e3o\/Pixabay) ","source_text":"","source_url":""},"jetpack_featured_media_url":"https:\/\/jornalfatosenoticias.com.br\/wp-content\/uploads\/2020\/11\/obra__politica.jpg","_links":{"self":[{"href":"https:\/\/jornalfatosenoticias.com.br\/index.php\/wp-json\/wp\/v2\/posts\/11521","targetHints":{"allow":["GET"]}}],"collection":[{"href":"https:\/\/jornalfatosenoticias.com.br\/index.php\/wp-json\/wp\/v2\/posts"}],"about":[{"href":"https:\/\/jornalfatosenoticias.com.br\/index.php\/wp-json\/wp\/v2\/types\/post"}],"author":[{"embeddable":true,"href":"https:\/\/jornalfatosenoticias.com.br\/index.php\/wp-json\/wp\/v2\/users\/2"}],"replies":[{"embeddable":true,"href":"https:\/\/jornalfatosenoticias.com.br\/index.php\/wp-json\/wp\/v2\/comments?post=11521"}],"version-history":[{"count":0,"href":"https:\/\/jornalfatosenoticias.com.br\/index.php\/wp-json\/wp\/v2\/posts\/11521\/revisions"}],"wp:featuredmedia":[{"embeddable":true,"href":"https:\/\/jornalfatosenoticias.com.br\/index.php\/wp-json\/wp\/v2\/media\/11523"}],"wp:attachment":[{"href":"https:\/\/jornalfatosenoticias.com.br\/index.php\/wp-json\/wp\/v2\/media?parent=11521"}],"wp:term":[{"taxonomy":"category","embeddable":true,"href":"https:\/\/jornalfatosenoticias.com.br\/index.php\/wp-json\/wp\/v2\/categories?post=11521"},{"taxonomy":"post_tag","embeddable":true,"href":"https:\/\/jornalfatosenoticias.com.br\/index.php\/wp-json\/wp\/v2\/tags?post=11521"}],"curies":[{"name":"wp","href":"https:\/\/api.w.org\/{rel}","templated":true}]}}