{"id":11561,"date":"2020-11-24T16:50:46","date_gmt":"2020-11-24T19:50:46","guid":{"rendered":"https:\/\/jornalfatosenoticias.com.br\/?p=11561"},"modified":"2020-11-24T16:50:51","modified_gmt":"2020-11-24T19:50:51","slug":"racismo-institucional-ate-quando","status":"publish","type":"post","link":"https:\/\/jornalfatosenoticias.com.br\/index.php\/2020\/11\/24\/racismo-institucional-ate-quando\/","title":{"rendered":"Racismo institucional, at\u00e9 quando?"},"content":{"rendered":"\n<p>Para M\u00f4nica Oliveira, educadora social e coordenadora de finan\u00e7as da Rede de Mulheres Negras de Pernambuco, o racismo institucional \u00e9 definido como privil\u00e9gio a determinado grupo de indiv\u00edduos em detrimento de outros, em raz\u00e3o da etnia a qual estes pertencem. Ele se revela na diferen\u00e7a de tratamento e na distribui\u00e7\u00e3o de servi\u00e7os ou benef\u00edcios.<br>Para Lu\u00eds Carlos de Oliveira, coordenador do Centro de Estudo da Cultura do Negro (Cecun) e do F\u00f3rum Permanente da Educa\u00e7\u00e3o Afro-brasileira e Ind\u00edgena do Estado do Esp\u00edrito Santo, o movimento negro, nas \u00faltimas quatro d\u00e9cadas, \u00e9 visto nacionalmente como um movimento atuante. \u201cA entidade negra foca na quest\u00e3o da educa\u00e7\u00e3o, mas nossa bandeira \u00e9 outra, trata-se, principalmente, de pol\u00edticas voltadas para equidade para o negro, no combate ao racismo que \u00e9 institucionalizado na nossa sociedade, ou seja, batemos de frente com racismo estrutural. \u00c9 uma bandeira que tremula n\u00e3o s\u00f3 aqui no Brasil, mas no mundo todo. Precisamos nos fortalecer politicamente, essa \u00e9 a nossa estrat\u00e9gia de enfrentamento e de luta contra essa injusti\u00e7a\u201d, declara.<br>\u201cS\u00e3o quase quinhentos anos de trabalho escravo e nenhuma pol\u00edtica do Estado para que esse trabalhador escravo se integrasse \u00e0 sociedade. At\u00e9 hoje, o negro vive \u00e0 margem da sociedade. A imprensa, as religi\u00f5es crist\u00e3s, as empresas e a educa\u00e7\u00e3o, s\u00e3o institui\u00e7\u00f5es que se perpetuam num modelo racista estrutural, por isso, esse nosso enfrentamento\u201d, refor\u00e7a Lu\u00eds Carlos.<br>\u201cCoordeno uma campanha nacional onde exigimos a implementa\u00e7\u00e3o das Leis 10.639\/2003 e a 10.645\/2008, que se referem \u00e0 educa\u00e7\u00e3o negra e ind\u00edgena. A gente sugere, estrategicamente, a cria\u00e7\u00e3o de um comit\u00ea interinstitucional para monitorar e avaliar a implementa\u00e7\u00e3o dessas duas leis no Brasil. O racismo institucional \u00e9 t\u00e3o forte que os Minist\u00e9rios P\u00fablicos, tanto estadual como federal, que deveriam intervir, n\u00e3o o fazem porque s\u00e3o engrenagens da m\u00e1quina.<br>A forma que temos de enfrentar e combater o racismo estrutural \u00e9 com a pol\u00edtica, j\u00e1 que foi um fen\u00f4meno criado pelo pol\u00edtico. Infelizmente, muitos governantes reconhecem, mas, como est\u00e3o rodeados de racistas, as coisas n\u00e3o andam como deviriam\u201d, critica Lu\u00eds.<br>Ele acrescenta que o movimento do qual faz parte, est\u00e1 buscando apoio de organiza\u00e7\u00f5es, entidades e associa\u00e7\u00f5es do campo da educa\u00e7\u00e3o como a Confedera\u00e7\u00e3o Nacional dos trabalhadores em Educa\u00e7\u00e3o (ACTE), a Uni\u00e3o Nacional dos Dirigentes Municipais de Educa\u00e7\u00e3o (Undime), a Associa\u00e7\u00e3o Nacional dos Docentes do Ensino Superior, entre outras, para abra\u00e7arem a causa de enfrentamento do racismo cultural. \u201cA nossa campanha j\u00e1 atingiu 23 estados, aquele que n\u00e3o aderir estar\u00e1 se declarando racista e mesmo dizendo, depois, que n\u00e3o \u00e9 racista, ter\u00e1 que provar\u201d, afirma.<\/p>\n\n\n\n<div class=\"wp-block-jetpack-slideshow aligncenter\" data-effect=\"slide\"><div class=\"wp-block-jetpack-slideshow_container swiper-container\"><ul class=\"wp-block-jetpack-slideshow_swiper-wrapper swiper-wrapper\"><li class=\"wp-block-jetpack-slideshow_slide swiper-slide\"><figure><img loading=\"lazy\" decoding=\"async\" width=\"1000\" height=\"666\" alt=\"\" class=\"wp-block-jetpack-slideshow_image wp-image-11562\" data-id=\"11562\" src=\"https:\/\/jornalfatosenoticias.com.br\/wp-content\/uploads\/2020\/11\/Negras-04.jpg\" srcset=\"https:\/\/jornalfatosenoticias.com.br\/wp-content\/uploads\/2020\/11\/Negras-04.jpg 1000w, https:\/\/jornalfatosenoticias.com.br\/wp-content\/uploads\/2020\/11\/Negras-04-300x200.jpg 300w, https:\/\/jornalfatosenoticias.com.br\/wp-content\/uploads\/2020\/11\/Negras-04-768x511.jpg 768w\" sizes=\"auto, (max-width: 1000px) 100vw, 1000px\" \/><figcaption class=\"wp-block-jetpack-slideshow_caption gallery-caption\">(Foto: Mundo Negro)<\/figcaption><\/figure><\/li><li class=\"wp-block-jetpack-slideshow_slide swiper-slide\"><figure><img loading=\"lazy\" decoding=\"async\" width=\"1000\" height=\"600\" alt=\"\" class=\"wp-block-jetpack-slideshow_image wp-image-11564\" data-id=\"11564\" src=\"https:\/\/jornalfatosenoticias.com.br\/wp-content\/uploads\/2020\/11\/Negro-02-1.jpg\" srcset=\"https:\/\/jornalfatosenoticias.com.br\/wp-content\/uploads\/2020\/11\/Negro-02-1.jpg 1000w, https:\/\/jornalfatosenoticias.com.br\/wp-content\/uploads\/2020\/11\/Negro-02-1-300x180.jpg 300w, https:\/\/jornalfatosenoticias.com.br\/wp-content\/uploads\/2020\/11\/Negro-02-1-768x461.jpg 768w\" sizes=\"auto, (max-width: 1000px) 100vw, 1000px\" \/><figcaption class=\"wp-block-jetpack-slideshow_caption gallery-caption\">(Foto: Reprodu\u00e7\u00e3o internet)<\/figcaption><\/figure><\/li><\/ul><a class=\"wp-block-jetpack-slideshow_button-prev swiper-button-prev swiper-button-white\" role=\"button\"><\/a><a class=\"wp-block-jetpack-slideshow_button-next swiper-button-next swiper-button-white\" role=\"button\"><\/a><a aria-label=\"Pause Slideshow\" class=\"wp-block-jetpack-slideshow_button-pause\" role=\"button\"><\/a><div class=\"wp-block-jetpack-slideshow_pagination swiper-pagination swiper-pagination-white\"><\/div><\/div><\/div>\n\n\n\n<p>Para Serafim Pereira, diretor do Movimento Estadual Uni\u00e3o de Negras e Negros Pela Igualdade (Unegro), historicamente, a passagem do negro pelo Estado \u00e9 marcante e na Serra n\u00e3o \u00e9 diferente. \u201cTemos a Lei Chico Prego, a Igreja de Queimados, a Casa da Cultura, mas ainda falta efetividade do poder p\u00fablico. No \u00faltimo censo, realizado em 2010, foi registrado que mais de 67% da popula\u00e7\u00e3o da Serra era formada por negros e pardos e, apesar de sermos maioria, n\u00f3s, afrodescendentes, somos os que mais sofremos com discrimina\u00e7\u00e3o e viol\u00eancia na cidade\u201d, desabafa Serafim.<br>Para Armicinha Leone, membro de movimentos negros no Estado, a chave est\u00e1 na educa\u00e7\u00e3o. \u201cA resist\u00eancia do racismo \u00e9 grande, mas n\u00e3o \u00e9 eterna, acredito na educa\u00e7\u00e3o como ferramenta transformadora, tudo precisa passar por ela\u201d, frisa.<\/p>\n\n\n\n<figure class=\"wp-block-image size-large\"><img loading=\"lazy\" decoding=\"async\" width=\"769\" height=\"1000\" src=\"https:\/\/jornalfatosenoticias.com.br\/wp-content\/uploads\/2020\/11\/Neggros-01.png\" alt=\"\" class=\"wp-image-11566\" srcset=\"https:\/\/jornalfatosenoticias.com.br\/wp-content\/uploads\/2020\/11\/Neggros-01.png 769w, https:\/\/jornalfatosenoticias.com.br\/wp-content\/uploads\/2020\/11\/Neggros-01-231x300.png 231w\" sizes=\"auto, (max-width: 769px) 100vw, 769px\" \/><figcaption><em>(Foto: Brasil de Fato)<\/em><\/figcaption><\/figure>\n\n\n\n<p>LEI 10.639\/03 E O ENSINO DA HIST\u00d3RIA E CULTURA AFRO-BRASILEIRA E AFRICANA<br>A Lei 11.645\/2008 altera a Lei 9.394\/1996, modificada pela Lei 10.639\/2003, a qual estabelece as diretrizes e bases da educa\u00e7\u00e3o nacional, para incluir no curr\u00edculo oficial da rede de ensino a obrigatoriedade da tem\u00e1tica \u201cHist\u00f3ria e cultura afro-brasileira e ind\u00edgena\u201d. Isso implica a necessidade de abordar a tem\u00e1tica em quest\u00e3o no ensino de todas as disciplinas do curr\u00edculo da educa\u00e7\u00e3o b\u00e1sica, que inclui o ensino fundamental e m\u00e9dio. Consequentemente, essa tem\u00e1tica aparece tamb\u00e9m no livro did\u00e1tico, uma vez que ele \u00e9 um dos instrumentos mais utilizados pelos professores e alunos nos processos de ensino e aprendizagem.<\/p>\n\n\n\n<p><em><strong>Foto de capa:<\/strong> Luiz Carlos, Armicinha, Serafim e Haroldo (Foto: Haroldo Cordeiro Filho)<\/em><\/p>\n","protected":false},"excerpt":{"rendered":"<p>Para M\u00f4nica Oliveira, educadora social e coordenadora de finan\u00e7as da Rede de Mulheres Negras de Pernambuco, o racismo institucional \u00e9 definido como privil\u00e9gio a determinado grupo de indiv\u00edduos em detrimento de outros, em raz\u00e3o da etnia a qual estes pertencem. Ele se revela na diferen\u00e7a de tratamento e na distribui\u00e7\u00e3o de servi\u00e7os ou benef\u00edcios.Para Lu\u00eds [&hellip;]<\/p>\n","protected":false},"author":3,"featured_media":11565,"comment_status":"open","ping_status":"open","sticky":false,"template":"","format":"standard","meta":{"footnotes":""},"categories":[5],"tags":[713,1149,1147],"class_list":["post-11561","post","type-post","status-publish","format-standard","has-post-thumbnail","hentry","category-geral","tag-cultura","tag-negros","tag-racismo"],"yoast_head":"<!-- This site is optimized with the Yoast SEO plugin v26.5 - https:\/\/yoast.com\/wordpress\/plugins\/seo\/ -->\n<title>Racismo institucional, at\u00e9 quando? - Jornal Fatos e Not\u00edcias<\/title>\n<meta name=\"robots\" content=\"index, follow, max-snippet:-1, max-image-preview:large, max-video-preview:-1\" \/>\n<link rel=\"canonical\" href=\"https:\/\/jornalfatosenoticias.com.br\/index.php\/2020\/11\/24\/racismo-institucional-ate-quando\/\" \/>\n<meta property=\"og:locale\" content=\"pt_BR\" \/>\n<meta property=\"og:type\" content=\"article\" \/>\n<meta property=\"og:title\" content=\"Racismo institucional, at\u00e9 quando? - Jornal Fatos e Not\u00edcias\" \/>\n<meta property=\"og:description\" content=\"Para M\u00f4nica Oliveira, educadora social e coordenadora de finan\u00e7as da Rede de Mulheres Negras de Pernambuco, o racismo institucional \u00e9 definido como privil\u00e9gio a determinado grupo de indiv\u00edduos em detrimento de outros, em raz\u00e3o da etnia a qual estes pertencem. Ele se revela na diferen\u00e7a de tratamento e na distribui\u00e7\u00e3o de servi\u00e7os ou benef\u00edcios.Para Lu\u00eds [&hellip;]\" \/>\n<meta property=\"og:url\" content=\"https:\/\/jornalfatosenoticias.com.br\/index.php\/2020\/11\/24\/racismo-institucional-ate-quando\/\" \/>\n<meta property=\"og:site_name\" content=\"Jornal Fatos e Not\u00edcias\" \/>\n<meta property=\"article:published_time\" content=\"2020-11-24T19:50:46+00:00\" \/>\n<meta property=\"article:modified_time\" content=\"2020-11-24T19:50:51+00:00\" \/>\n<meta property=\"og:image\" content=\"https:\/\/jornalfatosenoticias.com.br\/wp-content\/uploads\/2020\/11\/Negro-03.jpg\" \/>\n\t<meta property=\"og:image:width\" content=\"1000\" \/>\n\t<meta property=\"og:image:height\" content=\"655\" \/>\n\t<meta property=\"og:image:type\" content=\"image\/jpeg\" \/>\n<meta name=\"author\" content=\"Haroldo Filho\" \/>\n<meta name=\"twitter:card\" content=\"summary_large_image\" \/>\n<meta name=\"twitter:label1\" content=\"Escrito por\" \/>\n\t<meta name=\"twitter:data1\" content=\"Haroldo Filho\" \/>\n\t<meta name=\"twitter:label2\" content=\"Est. tempo de leitura\" \/>\n\t<meta name=\"twitter:data2\" content=\"4 minutos\" \/>\n<script type=\"application\/ld+json\" class=\"yoast-schema-graph\">{\"@context\":\"https:\/\/schema.org\",\"@graph\":[{\"@type\":\"Article\",\"@id\":\"https:\/\/jornalfatosenoticias.com.br\/index.php\/2020\/11\/24\/racismo-institucional-ate-quando\/#article\",\"isPartOf\":{\"@id\":\"https:\/\/jornalfatosenoticias.com.br\/index.php\/2020\/11\/24\/racismo-institucional-ate-quando\/\"},\"author\":{\"name\":\"Haroldo Filho\",\"@id\":\"https:\/\/jornalfatosenoticias.com.br\/#\/schema\/person\/05c46cc25b42a5c27e004fb0fa6b4965\"},\"headline\":\"Racismo institucional, at\u00e9 quando?\",\"datePublished\":\"2020-11-24T19:50:46+00:00\",\"dateModified\":\"2020-11-24T19:50:51+00:00\",\"mainEntityOfPage\":{\"@id\":\"https:\/\/jornalfatosenoticias.com.br\/index.php\/2020\/11\/24\/racismo-institucional-ate-quando\/\"},\"wordCount\":742,\"commentCount\":0,\"publisher\":{\"@id\":\"https:\/\/jornalfatosenoticias.com.br\/#organization\"},\"image\":{\"@id\":\"https:\/\/jornalfatosenoticias.com.br\/index.php\/2020\/11\/24\/racismo-institucional-ate-quando\/#primaryimage\"},\"thumbnailUrl\":\"https:\/\/jornalfatosenoticias.com.br\/wp-content\/uploads\/2020\/11\/Negro-03.jpg\",\"keywords\":[\"cultura\",\"negros\",\"racismo\"],\"articleSection\":[\"Geral\"],\"inLanguage\":\"pt-BR\",\"potentialAction\":[{\"@type\":\"CommentAction\",\"name\":\"Comment\",\"target\":[\"https:\/\/jornalfatosenoticias.com.br\/index.php\/2020\/11\/24\/racismo-institucional-ate-quando\/#respond\"]}]},{\"@type\":\"WebPage\",\"@id\":\"https:\/\/jornalfatosenoticias.com.br\/index.php\/2020\/11\/24\/racismo-institucional-ate-quando\/\",\"url\":\"https:\/\/jornalfatosenoticias.com.br\/index.php\/2020\/11\/24\/racismo-institucional-ate-quando\/\",\"name\":\"Racismo institucional, at\u00e9 quando? - Jornal Fatos e Not\u00edcias\",\"isPartOf\":{\"@id\":\"https:\/\/jornalfatosenoticias.com.br\/#website\"},\"primaryImageOfPage\":{\"@id\":\"https:\/\/jornalfatosenoticias.com.br\/index.php\/2020\/11\/24\/racismo-institucional-ate-quando\/#primaryimage\"},\"image\":{\"@id\":\"https:\/\/jornalfatosenoticias.com.br\/index.php\/2020\/11\/24\/racismo-institucional-ate-quando\/#primaryimage\"},\"thumbnailUrl\":\"https:\/\/jornalfatosenoticias.com.br\/wp-content\/uploads\/2020\/11\/Negro-03.jpg\",\"datePublished\":\"2020-11-24T19:50:46+00:00\",\"dateModified\":\"2020-11-24T19:50:51+00:00\",\"breadcrumb\":{\"@id\":\"https:\/\/jornalfatosenoticias.com.br\/index.php\/2020\/11\/24\/racismo-institucional-ate-quando\/#breadcrumb\"},\"inLanguage\":\"pt-BR\",\"potentialAction\":[{\"@type\":\"ReadAction\",\"target\":[\"https:\/\/jornalfatosenoticias.com.br\/index.php\/2020\/11\/24\/racismo-institucional-ate-quando\/\"]}]},{\"@type\":\"ImageObject\",\"inLanguage\":\"pt-BR\",\"@id\":\"https:\/\/jornalfatosenoticias.com.br\/index.php\/2020\/11\/24\/racismo-institucional-ate-quando\/#primaryimage\",\"url\":\"https:\/\/jornalfatosenoticias.com.br\/wp-content\/uploads\/2020\/11\/Negro-03.jpg\",\"contentUrl\":\"https:\/\/jornalfatosenoticias.com.br\/wp-content\/uploads\/2020\/11\/Negro-03.jpg\",\"width\":1000,\"height\":655},{\"@type\":\"BreadcrumbList\",\"@id\":\"https:\/\/jornalfatosenoticias.com.br\/index.php\/2020\/11\/24\/racismo-institucional-ate-quando\/#breadcrumb\",\"itemListElement\":[{\"@type\":\"ListItem\",\"position\":1,\"name\":\"In\u00edcio\",\"item\":\"https:\/\/jornalfatosenoticias.com.br\/\"},{\"@type\":\"ListItem\",\"position\":2,\"name\":\"Racismo institucional, at\u00e9 quando?\"}]},{\"@type\":\"WebSite\",\"@id\":\"https:\/\/jornalfatosenoticias.com.br\/#website\",\"url\":\"https:\/\/jornalfatosenoticias.com.br\/\",\"name\":\"Jornal Fatos e Not\u00edcias\",\"description\":\"Not\u00edcias em geral\",\"publisher\":{\"@id\":\"https:\/\/jornalfatosenoticias.com.br\/#organization\"},\"potentialAction\":[{\"@type\":\"SearchAction\",\"target\":{\"@type\":\"EntryPoint\",\"urlTemplate\":\"https:\/\/jornalfatosenoticias.com.br\/?s={search_term_string}\"},\"query-input\":{\"@type\":\"PropertyValueSpecification\",\"valueRequired\":true,\"valueName\":\"search_term_string\"}}],\"inLanguage\":\"pt-BR\"},{\"@type\":\"Organization\",\"@id\":\"https:\/\/jornalfatosenoticias.com.br\/#organization\",\"name\":\"Jornal Fatos e Not\u00edcias\",\"url\":\"https:\/\/jornalfatosenoticias.com.br\/\",\"logo\":{\"@type\":\"ImageObject\",\"inLanguage\":\"pt-BR\",\"@id\":\"https:\/\/jornalfatosenoticias.com.br\/#\/schema\/logo\/image\/\",\"url\":\"https:\/\/jornalfatosenoticias.com.br\/wp-content\/uploads\/2020\/02\/logo120.png\",\"contentUrl\":\"https:\/\/jornalfatosenoticias.com.br\/wp-content\/uploads\/2020\/02\/logo120.png\",\"width\":1227,\"height\":120,\"caption\":\"Jornal Fatos e Not\u00edcias\"},\"image\":{\"@id\":\"https:\/\/jornalfatosenoticias.com.br\/#\/schema\/logo\/image\/\"}},{\"@type\":\"Person\",\"@id\":\"https:\/\/jornalfatosenoticias.com.br\/#\/schema\/person\/05c46cc25b42a5c27e004fb0fa6b4965\",\"name\":\"Haroldo Filho\",\"image\":{\"@type\":\"ImageObject\",\"inLanguage\":\"pt-BR\",\"@id\":\"https:\/\/jornalfatosenoticias.com.br\/#\/schema\/person\/image\/\",\"url\":\"https:\/\/jornalfatosenoticias.com.br\/wp-content\/uploads\/2025\/08\/WhatsApp-Image-2025-08-18-at-15.30.28-150x150.jpeg\",\"contentUrl\":\"https:\/\/jornalfatosenoticias.com.br\/wp-content\/uploads\/2025\/08\/WhatsApp-Image-2025-08-18-at-15.30.28-150x150.jpeg\",\"caption\":\"Haroldo Filho\"},\"description\":\"Jornalista \u2013 DRT: 0003818\/ES Coordenador-geral da ONG Educar para Crescer\",\"url\":\"https:\/\/jornalfatosenoticias.com.br\/index.php\/author\/haroldo\/\"}]}<\/script>\n<!-- \/ Yoast SEO plugin. -->","yoast_head_json":{"title":"Racismo institucional, at\u00e9 quando? - Jornal Fatos e Not\u00edcias","robots":{"index":"index","follow":"follow","max-snippet":"max-snippet:-1","max-image-preview":"max-image-preview:large","max-video-preview":"max-video-preview:-1"},"canonical":"https:\/\/jornalfatosenoticias.com.br\/index.php\/2020\/11\/24\/racismo-institucional-ate-quando\/","og_locale":"pt_BR","og_type":"article","og_title":"Racismo institucional, at\u00e9 quando? - Jornal Fatos e Not\u00edcias","og_description":"Para M\u00f4nica Oliveira, educadora social e coordenadora de finan\u00e7as da Rede de Mulheres Negras de Pernambuco, o racismo institucional \u00e9 definido como privil\u00e9gio a determinado grupo de indiv\u00edduos em detrimento de outros, em raz\u00e3o da etnia a qual estes pertencem. Ele se revela na diferen\u00e7a de tratamento e na distribui\u00e7\u00e3o de servi\u00e7os ou benef\u00edcios.Para Lu\u00eds [&hellip;]","og_url":"https:\/\/jornalfatosenoticias.com.br\/index.php\/2020\/11\/24\/racismo-institucional-ate-quando\/","og_site_name":"Jornal Fatos e Not\u00edcias","article_published_time":"2020-11-24T19:50:46+00:00","article_modified_time":"2020-11-24T19:50:51+00:00","og_image":[{"width":1000,"height":655,"url":"https:\/\/jornalfatosenoticias.com.br\/wp-content\/uploads\/2020\/11\/Negro-03.jpg","type":"image\/jpeg"}],"author":"Haroldo Filho","twitter_card":"summary_large_image","twitter_misc":{"Escrito por":"Haroldo Filho","Est. tempo de leitura":"4 minutos"},"schema":{"@context":"https:\/\/schema.org","@graph":[{"@type":"Article","@id":"https:\/\/jornalfatosenoticias.com.br\/index.php\/2020\/11\/24\/racismo-institucional-ate-quando\/#article","isPartOf":{"@id":"https:\/\/jornalfatosenoticias.com.br\/index.php\/2020\/11\/24\/racismo-institucional-ate-quando\/"},"author":{"name":"Haroldo Filho","@id":"https:\/\/jornalfatosenoticias.com.br\/#\/schema\/person\/05c46cc25b42a5c27e004fb0fa6b4965"},"headline":"Racismo institucional, at\u00e9 quando?","datePublished":"2020-11-24T19:50:46+00:00","dateModified":"2020-11-24T19:50:51+00:00","mainEntityOfPage":{"@id":"https:\/\/jornalfatosenoticias.com.br\/index.php\/2020\/11\/24\/racismo-institucional-ate-quando\/"},"wordCount":742,"commentCount":0,"publisher":{"@id":"https:\/\/jornalfatosenoticias.com.br\/#organization"},"image":{"@id":"https:\/\/jornalfatosenoticias.com.br\/index.php\/2020\/11\/24\/racismo-institucional-ate-quando\/#primaryimage"},"thumbnailUrl":"https:\/\/jornalfatosenoticias.com.br\/wp-content\/uploads\/2020\/11\/Negro-03.jpg","keywords":["cultura","negros","racismo"],"articleSection":["Geral"],"inLanguage":"pt-BR","potentialAction":[{"@type":"CommentAction","name":"Comment","target":["https:\/\/jornalfatosenoticias.com.br\/index.php\/2020\/11\/24\/racismo-institucional-ate-quando\/#respond"]}]},{"@type":"WebPage","@id":"https:\/\/jornalfatosenoticias.com.br\/index.php\/2020\/11\/24\/racismo-institucional-ate-quando\/","url":"https:\/\/jornalfatosenoticias.com.br\/index.php\/2020\/11\/24\/racismo-institucional-ate-quando\/","name":"Racismo institucional, at\u00e9 quando? - Jornal Fatos e Not\u00edcias","isPartOf":{"@id":"https:\/\/jornalfatosenoticias.com.br\/#website"},"primaryImageOfPage":{"@id":"https:\/\/jornalfatosenoticias.com.br\/index.php\/2020\/11\/24\/racismo-institucional-ate-quando\/#primaryimage"},"image":{"@id":"https:\/\/jornalfatosenoticias.com.br\/index.php\/2020\/11\/24\/racismo-institucional-ate-quando\/#primaryimage"},"thumbnailUrl":"https:\/\/jornalfatosenoticias.com.br\/wp-content\/uploads\/2020\/11\/Negro-03.jpg","datePublished":"2020-11-24T19:50:46+00:00","dateModified":"2020-11-24T19:50:51+00:00","breadcrumb":{"@id":"https:\/\/jornalfatosenoticias.com.br\/index.php\/2020\/11\/24\/racismo-institucional-ate-quando\/#breadcrumb"},"inLanguage":"pt-BR","potentialAction":[{"@type":"ReadAction","target":["https:\/\/jornalfatosenoticias.com.br\/index.php\/2020\/11\/24\/racismo-institucional-ate-quando\/"]}]},{"@type":"ImageObject","inLanguage":"pt-BR","@id":"https:\/\/jornalfatosenoticias.com.br\/index.php\/2020\/11\/24\/racismo-institucional-ate-quando\/#primaryimage","url":"https:\/\/jornalfatosenoticias.com.br\/wp-content\/uploads\/2020\/11\/Negro-03.jpg","contentUrl":"https:\/\/jornalfatosenoticias.com.br\/wp-content\/uploads\/2020\/11\/Negro-03.jpg","width":1000,"height":655},{"@type":"BreadcrumbList","@id":"https:\/\/jornalfatosenoticias.com.br\/index.php\/2020\/11\/24\/racismo-institucional-ate-quando\/#breadcrumb","itemListElement":[{"@type":"ListItem","position":1,"name":"In\u00edcio","item":"https:\/\/jornalfatosenoticias.com.br\/"},{"@type":"ListItem","position":2,"name":"Racismo institucional, at\u00e9 quando?"}]},{"@type":"WebSite","@id":"https:\/\/jornalfatosenoticias.com.br\/#website","url":"https:\/\/jornalfatosenoticias.com.br\/","name":"Jornal Fatos e Not\u00edcias","description":"Not\u00edcias em geral","publisher":{"@id":"https:\/\/jornalfatosenoticias.com.br\/#organization"},"potentialAction":[{"@type":"SearchAction","target":{"@type":"EntryPoint","urlTemplate":"https:\/\/jornalfatosenoticias.com.br\/?s={search_term_string}"},"query-input":{"@type":"PropertyValueSpecification","valueRequired":true,"valueName":"search_term_string"}}],"inLanguage":"pt-BR"},{"@type":"Organization","@id":"https:\/\/jornalfatosenoticias.com.br\/#organization","name":"Jornal Fatos e Not\u00edcias","url":"https:\/\/jornalfatosenoticias.com.br\/","logo":{"@type":"ImageObject","inLanguage":"pt-BR","@id":"https:\/\/jornalfatosenoticias.com.br\/#\/schema\/logo\/image\/","url":"https:\/\/jornalfatosenoticias.com.br\/wp-content\/uploads\/2020\/02\/logo120.png","contentUrl":"https:\/\/jornalfatosenoticias.com.br\/wp-content\/uploads\/2020\/02\/logo120.png","width":1227,"height":120,"caption":"Jornal Fatos e Not\u00edcias"},"image":{"@id":"https:\/\/jornalfatosenoticias.com.br\/#\/schema\/logo\/image\/"}},{"@type":"Person","@id":"https:\/\/jornalfatosenoticias.com.br\/#\/schema\/person\/05c46cc25b42a5c27e004fb0fa6b4965","name":"Haroldo Filho","image":{"@type":"ImageObject","inLanguage":"pt-BR","@id":"https:\/\/jornalfatosenoticias.com.br\/#\/schema\/person\/image\/","url":"https:\/\/jornalfatosenoticias.com.br\/wp-content\/uploads\/2025\/08\/WhatsApp-Image-2025-08-18-at-15.30.28-150x150.jpeg","contentUrl":"https:\/\/jornalfatosenoticias.com.br\/wp-content\/uploads\/2025\/08\/WhatsApp-Image-2025-08-18-at-15.30.28-150x150.jpeg","caption":"Haroldo Filho"},"description":"Jornalista \u2013 DRT: 0003818\/ES Coordenador-geral da ONG Educar para Crescer","url":"https:\/\/jornalfatosenoticias.com.br\/index.php\/author\/haroldo\/"}]}},"cc_featured_image_caption":{"caption_text":"","source_text":"","source_url":""},"jetpack_featured_media_url":"https:\/\/jornalfatosenoticias.com.br\/wp-content\/uploads\/2020\/11\/Negro-03.jpg","_links":{"self":[{"href":"https:\/\/jornalfatosenoticias.com.br\/index.php\/wp-json\/wp\/v2\/posts\/11561","targetHints":{"allow":["GET"]}}],"collection":[{"href":"https:\/\/jornalfatosenoticias.com.br\/index.php\/wp-json\/wp\/v2\/posts"}],"about":[{"href":"https:\/\/jornalfatosenoticias.com.br\/index.php\/wp-json\/wp\/v2\/types\/post"}],"author":[{"embeddable":true,"href":"https:\/\/jornalfatosenoticias.com.br\/index.php\/wp-json\/wp\/v2\/users\/3"}],"replies":[{"embeddable":true,"href":"https:\/\/jornalfatosenoticias.com.br\/index.php\/wp-json\/wp\/v2\/comments?post=11561"}],"version-history":[{"count":0,"href":"https:\/\/jornalfatosenoticias.com.br\/index.php\/wp-json\/wp\/v2\/posts\/11561\/revisions"}],"wp:featuredmedia":[{"embeddable":true,"href":"https:\/\/jornalfatosenoticias.com.br\/index.php\/wp-json\/wp\/v2\/media\/11565"}],"wp:attachment":[{"href":"https:\/\/jornalfatosenoticias.com.br\/index.php\/wp-json\/wp\/v2\/media?parent=11561"}],"wp:term":[{"taxonomy":"category","embeddable":true,"href":"https:\/\/jornalfatosenoticias.com.br\/index.php\/wp-json\/wp\/v2\/categories?post=11561"},{"taxonomy":"post_tag","embeddable":true,"href":"https:\/\/jornalfatosenoticias.com.br\/index.php\/wp-json\/wp\/v2\/tags?post=11561"}],"curies":[{"name":"wp","href":"https:\/\/api.w.org\/{rel}","templated":true}]}}