{"id":11580,"date":"2020-11-24T17:12:59","date_gmt":"2020-11-24T20:12:59","guid":{"rendered":"https:\/\/jornalfatosenoticias.com.br\/?p=11580"},"modified":"2020-11-24T17:13:03","modified_gmt":"2020-11-24T20:13:03","slug":"cinco-projetos-antirracistas-de-alunos-que-valorizam-a-cultura-e-a-historia-negra","status":"publish","type":"post","link":"https:\/\/jornalfatosenoticias.com.br\/index.php\/2020\/11\/24\/cinco-projetos-antirracistas-de-alunos-que-valorizam-a-cultura-e-a-historia-negra\/","title":{"rendered":"Cinco projetos antirracistas de alunos que valorizam a cultura e a hist\u00f3ria negra"},"content":{"rendered":"\n<h6 class=\"wp-block-heading\"><em>Um desses \u00e9 o \u2018Juventude negra: movendo estruturas\u2019, criado por estudantes de Milagres, BA, que discute o genoc\u00eddio da popula\u00e7\u00e3o negra e exalta a cultura afro-brasileira<\/em><\/h6>\n\n\n\n<p>Em 20 de novembro celebra-se o Dia Nacional da Consci\u00eancia Negra. Marcada pela morte de Zumbi dos Palmares, s\u00edmbolo da resist\u00eancia negra contra a escravid\u00e3o, a data ressalta a import\u00e2ncia da luta contra a discrimina\u00e7\u00e3o racial e da reflex\u00e3o sobre os lugares ocupados pelas pessoas negras na sociedade. Diante da relev\u00e2ncia desse dia, conhe\u00e7a cinco projetos transformadores do programa Criativos da Escola, do Instituto Alana, em que estudantes do ensino fundamental e m\u00e9dio promoveram n\u00e3o s\u00f3 a valoriza\u00e7\u00e3o da cultura negra, mas formas de combate ao racismo.<br>Um desses projetos foi protagonizado por um grupo de alunos do 2\u00b0 e 3\u00b0 ano do ensino m\u00e9dio da Escola Municipal Dona Ant\u00f4nia Lindalva de Morais, munic\u00edpio de Milagres, BA, que ao refletirem sobre o aumento da viol\u00eancia contra a popula\u00e7\u00e3o negra no Brasil, criou a iniciativa Juventude negra: movendo estruturas. A iniciativa recebeu men\u00e7\u00e3o honrosa na quinta edi\u00e7\u00e3o do Desafio Criativos da Escola, organizado pelo programa Criativos da Escola.<\/p>\n\n\n\n<h4 class=\"wp-block-heading\">Projetos antirracistas para al\u00e9m dos muros da escola<\/h4>\n\n\n\n<p>O projeto teve in\u00edcio durante as aulas de forma\u00e7\u00e3o para a cidadania, quando os adolescentes foram incentivados a debaterem sobre o crescimento do racismo e da viol\u00eancia contra o jovem e a mulher negra no Brasil. Eles refletiram sobre a condi\u00e7\u00e3o dos negros no pa\u00eds e, intrigados com o assunto, iniciaram uma pesquisa mais aprofundada das bibliografias que abordam sobre a popula\u00e7\u00e3o afro-brasileira.<br>Depois das leituras, os alunos aplicaram um question\u00e1rio para compreenderem a diversidade \u00e9tnica na escola e tamb\u00e9m para conhecerem quem eram os estudantes negros da institui\u00e7\u00e3o.<br>A partir disso, passaram a desenvolver uma s\u00e9rie de a\u00e7\u00f5es que abordavam a cultura, a hist\u00f3ria e a realidade negra do Brasil. Entre elas, teve o semin\u00e1rio Vidas Negras Importam!, a oficina de direitos humanos com o tema Todos os mortos eram bandidos: genoc\u00eddio ou exterm\u00ednio do povo negro no Brasil?; e, por fim, o caf\u00e9 filos\u00f3fico Somos muitos, somos milh\u00f5es, somos aqueles silenciados: o que \u00e9 cidadania negra no Brasil?.<br>A iniciativa ajudou os alunos afrodescendentes a assumirem suas identidades, reconhecendo-se e admirando-se. A institui\u00e7\u00e3o de ensino, tamb\u00e9m, passou a incluir conte\u00fados sobre a hist\u00f3ria da cultura afro-brasileira e africana nas aulas de todas as disciplinas da escola, conforme determina a Lei Federal 10.639\/2003.<\/p>\n\n\n\n<figure class=\"wp-block-image size-large\"><img loading=\"lazy\" decoding=\"async\" width=\"565\" height=\"800\" src=\"https:\/\/jornalfatosenoticias.com.br\/wp-content\/uploads\/2020\/11\/AFROATIVOS.jpg\" alt=\"\" class=\"wp-image-11582\" srcset=\"https:\/\/jornalfatosenoticias.com.br\/wp-content\/uploads\/2020\/11\/AFROATIVOS.jpg 565w, https:\/\/jornalfatosenoticias.com.br\/wp-content\/uploads\/2020\/11\/AFROATIVOS-212x300.jpg 212w\" sizes=\"auto, (max-width: 565px) 100vw, 565px\" \/><figcaption><em>Projeto Afroativos (Foto: Divulga\u00e7\u00e3o)<\/em><\/figcaption><\/figure>\n\n\n\n<p><strong>Conhe\u00e7a mais quatro iniciativas<br><\/strong>Al\u00e9m dessa iniciativa, o Criativos da Escola lista mais quatro casos protagonizados por crian\u00e7as e adolescentes que abordam a valoriza\u00e7\u00e3o da cultura negra e que tamb\u00e9m foram destaques nas premia\u00e7\u00f5es do Desafio Criativos da Escola.<\/p>\n\n\n\n<p><strong>A Comunidade Quilombola de Opalma em Pauta:<\/strong> alunos do munic\u00edpio de Cachoeira, BA, se incomodam com a falta de not\u00edcias voltadas \u00e0 realidade dos estudantes de Quilombo de Opalma e criam uma ferramenta on-line para compartilhar com a popula\u00e7\u00e3o acontecimentos que acontecem na regi\u00e3o em que vivem.<\/p>\n\n\n\n<p><strong>Potere:<\/strong> O lugar da mulher negra no Col\u00e9gio Pedro II: estudantes da cidade do Rio de Janeiro, RJ, registram o dia a dia de mulheres negras, por meio de processos art\u00edsticos audiovisuais. Iniciativa teve in\u00edcio ap\u00f3s uma s\u00e9rie de debates sobre racismo estrutural e as desigualdades de g\u00eanero na escola.<\/p>\n\n\n\n<p><strong>Afroativos:<\/strong> solte o cabelo, prenda o preconceito: alunos da cidade de Porto Alegre, RS, ao perceberem o desconforto de crian\u00e7as negras com o seu cabelo, passam a refletir sobre a intoler\u00e2ncia, o preconceito e o racismo das pessoas. Para mudar este cen\u00e1rio, eles decidem promover oficinas, forma\u00e7\u00f5es e palestras sobre educa\u00e7\u00e3o antirracista.<\/p>\n\n\n\n<p><strong>Mais Amor Menos Guerra:<\/strong> estudantes de S\u00e3o Bernardo do Campo, SP, realizam atividades de conta\u00e7\u00e3o de hist\u00f3rias em creches e oficinas de cria\u00e7\u00e3o de bonecas negras Abayomi para abordar a diversidade racial e a import\u00e2ncia do respeito. Iniciativa tem como objetivo combater a viol\u00eancia e propagar o amor no territ\u00f3rio em que vivem.<\/p>\n\n\n\n<p><strong><em>Fonte: <a href=\"https:\/\/revistaeducacao.com.br\/2020\/11\/20\/5-projetos-antirracistas-de-alunos-que-valorizam-a-cultura-e-a-historia-negra\/\">Revista Educa\u00e7\u00e3o<\/a><\/em><\/strong><\/p>\n","protected":false},"excerpt":{"rendered":"<p>Um desses \u00e9 o \u2018Juventude negra: movendo estruturas\u2019, criado por estudantes de Milagres, BA, que discute o genoc\u00eddio da popula\u00e7\u00e3o negra e exalta a cultura afro-brasileira Em 20 de novembro celebra-se o Dia Nacional da Consci\u00eancia Negra. Marcada pela morte de Zumbi dos Palmares, s\u00edmbolo da resist\u00eancia negra contra a escravid\u00e3o, a data ressalta a [&hellip;]<\/p>\n","protected":false},"author":2,"featured_media":11581,"comment_status":"open","ping_status":"open","sticky":false,"template":"","format":"standard","meta":{"footnotes":""},"categories":[7],"tags":[3650,6057,6099,4096,1153],"class_list":["post-11580","post","type-post","status-publish","format-standard","has-post-thumbnail","hentry","category-educacao","tag-antirracista","tag-consciencia-negra-2020-2","tag-cultura-afro-brasileira","tag-cultura-indigena","tag-cultura-negra"],"yoast_head":"<!-- This site is optimized with the Yoast SEO plugin v26.5 - https:\/\/yoast.com\/wordpress\/plugins\/seo\/ -->\n<title>Cinco projetos antirracistas de alunos que valorizam a cultura e a hist\u00f3ria negra - Jornal Fatos e Not\u00edcias<\/title>\n<meta name=\"robots\" content=\"index, follow, max-snippet:-1, max-image-preview:large, max-video-preview:-1\" \/>\n<link rel=\"canonical\" href=\"https:\/\/jornalfatosenoticias.com.br\/index.php\/2020\/11\/24\/cinco-projetos-antirracistas-de-alunos-que-valorizam-a-cultura-e-a-historia-negra\/\" \/>\n<meta property=\"og:locale\" content=\"pt_BR\" \/>\n<meta property=\"og:type\" content=\"article\" \/>\n<meta property=\"og:title\" content=\"Cinco projetos antirracistas de alunos que valorizam a cultura e a hist\u00f3ria negra - Jornal Fatos e Not\u00edcias\" \/>\n<meta property=\"og:description\" content=\"Um desses \u00e9 o \u2018Juventude negra: movendo estruturas\u2019, criado por estudantes de Milagres, BA, que discute o genoc\u00eddio da popula\u00e7\u00e3o negra e exalta a cultura afro-brasileira Em 20 de novembro celebra-se o Dia Nacional da Consci\u00eancia Negra. Marcada pela morte de Zumbi dos Palmares, s\u00edmbolo da resist\u00eancia negra contra a escravid\u00e3o, a data ressalta a [&hellip;]\" \/>\n<meta property=\"og:url\" content=\"https:\/\/jornalfatosenoticias.com.br\/index.php\/2020\/11\/24\/cinco-projetos-antirracistas-de-alunos-que-valorizam-a-cultura-e-a-historia-negra\/\" \/>\n<meta property=\"og:site_name\" content=\"Jornal Fatos e Not\u00edcias\" \/>\n<meta property=\"article:published_time\" content=\"2020-11-24T20:12:59+00:00\" \/>\n<meta property=\"article:modified_time\" content=\"2020-11-24T20:13:03+00:00\" \/>\n<meta property=\"og:image\" content=\"https:\/\/jornalfatosenoticias.com.br\/wp-content\/uploads\/2020\/11\/projetos-antirracistas.jpg\" \/>\n\t<meta property=\"og:image:width\" content=\"1000\" \/>\n\t<meta property=\"og:image:height\" content=\"665\" \/>\n\t<meta property=\"og:image:type\" content=\"image\/jpeg\" \/>\n<meta name=\"author\" content=\"Luzimara Fernandes\" \/>\n<meta name=\"twitter:card\" content=\"summary_large_image\" \/>\n<meta name=\"twitter:label1\" content=\"Escrito por\" \/>\n\t<meta name=\"twitter:data1\" content=\"Luzimara Fernandes\" \/>\n\t<meta name=\"twitter:label2\" content=\"Est. tempo de leitura\" \/>\n\t<meta name=\"twitter:data2\" content=\"4 minutos\" \/>\n<script type=\"application\/ld+json\" class=\"yoast-schema-graph\">{\"@context\":\"https:\/\/schema.org\",\"@graph\":[{\"@type\":\"Article\",\"@id\":\"https:\/\/jornalfatosenoticias.com.br\/index.php\/2020\/11\/24\/cinco-projetos-antirracistas-de-alunos-que-valorizam-a-cultura-e-a-historia-negra\/#article\",\"isPartOf\":{\"@id\":\"https:\/\/jornalfatosenoticias.com.br\/index.php\/2020\/11\/24\/cinco-projetos-antirracistas-de-alunos-que-valorizam-a-cultura-e-a-historia-negra\/\"},\"author\":{\"name\":\"Luzimara Fernandes\",\"@id\":\"https:\/\/jornalfatosenoticias.com.br\/#\/schema\/person\/d63837fa13ac8666eb9e74e0985d6f81\"},\"headline\":\"Cinco projetos antirracistas de alunos que valorizam a cultura e a hist\u00f3ria negra\",\"datePublished\":\"2020-11-24T20:12:59+00:00\",\"dateModified\":\"2020-11-24T20:13:03+00:00\",\"mainEntityOfPage\":{\"@id\":\"https:\/\/jornalfatosenoticias.com.br\/index.php\/2020\/11\/24\/cinco-projetos-antirracistas-de-alunos-que-valorizam-a-cultura-e-a-historia-negra\/\"},\"wordCount\":723,\"commentCount\":0,\"publisher\":{\"@id\":\"https:\/\/jornalfatosenoticias.com.br\/#organization\"},\"image\":{\"@id\":\"https:\/\/jornalfatosenoticias.com.br\/index.php\/2020\/11\/24\/cinco-projetos-antirracistas-de-alunos-que-valorizam-a-cultura-e-a-historia-negra\/#primaryimage\"},\"thumbnailUrl\":\"https:\/\/jornalfatosenoticias.com.br\/wp-content\/uploads\/2020\/11\/projetos-antirracistas.jpg\",\"keywords\":[\"antirracista\",\"Consci\u00eancia Negra 2020\",\"cultura afro-brasileira\",\"cultura ind\u00edgena\",\"cultura negra\"],\"articleSection\":[\"Educa\u00e7\u00e3o\"],\"inLanguage\":\"pt-BR\",\"potentialAction\":[{\"@type\":\"CommentAction\",\"name\":\"Comment\",\"target\":[\"https:\/\/jornalfatosenoticias.com.br\/index.php\/2020\/11\/24\/cinco-projetos-antirracistas-de-alunos-que-valorizam-a-cultura-e-a-historia-negra\/#respond\"]}]},{\"@type\":\"WebPage\",\"@id\":\"https:\/\/jornalfatosenoticias.com.br\/index.php\/2020\/11\/24\/cinco-projetos-antirracistas-de-alunos-que-valorizam-a-cultura-e-a-historia-negra\/\",\"url\":\"https:\/\/jornalfatosenoticias.com.br\/index.php\/2020\/11\/24\/cinco-projetos-antirracistas-de-alunos-que-valorizam-a-cultura-e-a-historia-negra\/\",\"name\":\"Cinco projetos antirracistas de alunos que valorizam a cultura e a hist\u00f3ria negra - Jornal Fatos e Not\u00edcias\",\"isPartOf\":{\"@id\":\"https:\/\/jornalfatosenoticias.com.br\/#website\"},\"primaryImageOfPage\":{\"@id\":\"https:\/\/jornalfatosenoticias.com.br\/index.php\/2020\/11\/24\/cinco-projetos-antirracistas-de-alunos-que-valorizam-a-cultura-e-a-historia-negra\/#primaryimage\"},\"image\":{\"@id\":\"https:\/\/jornalfatosenoticias.com.br\/index.php\/2020\/11\/24\/cinco-projetos-antirracistas-de-alunos-que-valorizam-a-cultura-e-a-historia-negra\/#primaryimage\"},\"thumbnailUrl\":\"https:\/\/jornalfatosenoticias.com.br\/wp-content\/uploads\/2020\/11\/projetos-antirracistas.jpg\",\"datePublished\":\"2020-11-24T20:12:59+00:00\",\"dateModified\":\"2020-11-24T20:13:03+00:00\",\"breadcrumb\":{\"@id\":\"https:\/\/jornalfatosenoticias.com.br\/index.php\/2020\/11\/24\/cinco-projetos-antirracistas-de-alunos-que-valorizam-a-cultura-e-a-historia-negra\/#breadcrumb\"},\"inLanguage\":\"pt-BR\",\"potentialAction\":[{\"@type\":\"ReadAction\",\"target\":[\"https:\/\/jornalfatosenoticias.com.br\/index.php\/2020\/11\/24\/cinco-projetos-antirracistas-de-alunos-que-valorizam-a-cultura-e-a-historia-negra\/\"]}]},{\"@type\":\"ImageObject\",\"inLanguage\":\"pt-BR\",\"@id\":\"https:\/\/jornalfatosenoticias.com.br\/index.php\/2020\/11\/24\/cinco-projetos-antirracistas-de-alunos-que-valorizam-a-cultura-e-a-historia-negra\/#primaryimage\",\"url\":\"https:\/\/jornalfatosenoticias.com.br\/wp-content\/uploads\/2020\/11\/projetos-antirracistas.jpg\",\"contentUrl\":\"https:\/\/jornalfatosenoticias.com.br\/wp-content\/uploads\/2020\/11\/projetos-antirracistas.jpg\",\"width\":1000,\"height\":665},{\"@type\":\"BreadcrumbList\",\"@id\":\"https:\/\/jornalfatosenoticias.com.br\/index.php\/2020\/11\/24\/cinco-projetos-antirracistas-de-alunos-que-valorizam-a-cultura-e-a-historia-negra\/#breadcrumb\",\"itemListElement\":[{\"@type\":\"ListItem\",\"position\":1,\"name\":\"In\u00edcio\",\"item\":\"https:\/\/jornalfatosenoticias.com.br\/\"},{\"@type\":\"ListItem\",\"position\":2,\"name\":\"Cinco projetos antirracistas de alunos que valorizam a cultura e a hist\u00f3ria negra\"}]},{\"@type\":\"WebSite\",\"@id\":\"https:\/\/jornalfatosenoticias.com.br\/#website\",\"url\":\"https:\/\/jornalfatosenoticias.com.br\/\",\"name\":\"Jornal Fatos e Not\u00edcias\",\"description\":\"Not\u00edcias em geral\",\"publisher\":{\"@id\":\"https:\/\/jornalfatosenoticias.com.br\/#organization\"},\"potentialAction\":[{\"@type\":\"SearchAction\",\"target\":{\"@type\":\"EntryPoint\",\"urlTemplate\":\"https:\/\/jornalfatosenoticias.com.br\/?s={search_term_string}\"},\"query-input\":{\"@type\":\"PropertyValueSpecification\",\"valueRequired\":true,\"valueName\":\"search_term_string\"}}],\"inLanguage\":\"pt-BR\"},{\"@type\":\"Organization\",\"@id\":\"https:\/\/jornalfatosenoticias.com.br\/#organization\",\"name\":\"Jornal Fatos e Not\u00edcias\",\"url\":\"https:\/\/jornalfatosenoticias.com.br\/\",\"logo\":{\"@type\":\"ImageObject\",\"inLanguage\":\"pt-BR\",\"@id\":\"https:\/\/jornalfatosenoticias.com.br\/#\/schema\/logo\/image\/\",\"url\":\"https:\/\/jornalfatosenoticias.com.br\/wp-content\/uploads\/2020\/02\/logo120.png\",\"contentUrl\":\"https:\/\/jornalfatosenoticias.com.br\/wp-content\/uploads\/2020\/02\/logo120.png\",\"width\":1227,\"height\":120,\"caption\":\"Jornal Fatos e Not\u00edcias\"},\"image\":{\"@id\":\"https:\/\/jornalfatosenoticias.com.br\/#\/schema\/logo\/image\/\"}},{\"@type\":\"Person\",\"@id\":\"https:\/\/jornalfatosenoticias.com.br\/#\/schema\/person\/d63837fa13ac8666eb9e74e0985d6f81\",\"name\":\"Luzimara Fernandes\",\"image\":{\"@type\":\"ImageObject\",\"inLanguage\":\"pt-BR\",\"@id\":\"https:\/\/jornalfatosenoticias.com.br\/#\/schema\/person\/image\/\",\"url\":\"https:\/\/jornalfatosenoticias.com.br\/wp-content\/uploads\/2025\/05\/EU_portal.jpg\",\"contentUrl\":\"https:\/\/jornalfatosenoticias.com.br\/wp-content\/uploads\/2025\/05\/EU_portal.jpg\",\"caption\":\"Luzimara Fernandes\"},\"description\":\"Jornalista MTB 2358-ES\",\"sameAs\":[\"https:\/\/jornalfatosenoticias.com.br\"],\"url\":\"https:\/\/jornalfatosenoticias.com.br\/index.php\/author\/luzimara\/\"}]}<\/script>\n<!-- \/ Yoast SEO plugin. -->","yoast_head_json":{"title":"Cinco projetos antirracistas de alunos que valorizam a cultura e a hist\u00f3ria negra - Jornal Fatos e Not\u00edcias","robots":{"index":"index","follow":"follow","max-snippet":"max-snippet:-1","max-image-preview":"max-image-preview:large","max-video-preview":"max-video-preview:-1"},"canonical":"https:\/\/jornalfatosenoticias.com.br\/index.php\/2020\/11\/24\/cinco-projetos-antirracistas-de-alunos-que-valorizam-a-cultura-e-a-historia-negra\/","og_locale":"pt_BR","og_type":"article","og_title":"Cinco projetos antirracistas de alunos que valorizam a cultura e a hist\u00f3ria negra - Jornal Fatos e Not\u00edcias","og_description":"Um desses \u00e9 o \u2018Juventude negra: movendo estruturas\u2019, criado por estudantes de Milagres, BA, que discute o genoc\u00eddio da popula\u00e7\u00e3o negra e exalta a cultura afro-brasileira Em 20 de novembro celebra-se o Dia Nacional da Consci\u00eancia Negra. Marcada pela morte de Zumbi dos Palmares, s\u00edmbolo da resist\u00eancia negra contra a escravid\u00e3o, a data ressalta a [&hellip;]","og_url":"https:\/\/jornalfatosenoticias.com.br\/index.php\/2020\/11\/24\/cinco-projetos-antirracistas-de-alunos-que-valorizam-a-cultura-e-a-historia-negra\/","og_site_name":"Jornal Fatos e Not\u00edcias","article_published_time":"2020-11-24T20:12:59+00:00","article_modified_time":"2020-11-24T20:13:03+00:00","og_image":[{"width":1000,"height":665,"url":"https:\/\/jornalfatosenoticias.com.br\/wp-content\/uploads\/2020\/11\/projetos-antirracistas.jpg","type":"image\/jpeg"}],"author":"Luzimara Fernandes","twitter_card":"summary_large_image","twitter_misc":{"Escrito por":"Luzimara Fernandes","Est. tempo de leitura":"4 minutos"},"schema":{"@context":"https:\/\/schema.org","@graph":[{"@type":"Article","@id":"https:\/\/jornalfatosenoticias.com.br\/index.php\/2020\/11\/24\/cinco-projetos-antirracistas-de-alunos-que-valorizam-a-cultura-e-a-historia-negra\/#article","isPartOf":{"@id":"https:\/\/jornalfatosenoticias.com.br\/index.php\/2020\/11\/24\/cinco-projetos-antirracistas-de-alunos-que-valorizam-a-cultura-e-a-historia-negra\/"},"author":{"name":"Luzimara Fernandes","@id":"https:\/\/jornalfatosenoticias.com.br\/#\/schema\/person\/d63837fa13ac8666eb9e74e0985d6f81"},"headline":"Cinco projetos antirracistas de alunos que valorizam a cultura e a hist\u00f3ria negra","datePublished":"2020-11-24T20:12:59+00:00","dateModified":"2020-11-24T20:13:03+00:00","mainEntityOfPage":{"@id":"https:\/\/jornalfatosenoticias.com.br\/index.php\/2020\/11\/24\/cinco-projetos-antirracistas-de-alunos-que-valorizam-a-cultura-e-a-historia-negra\/"},"wordCount":723,"commentCount":0,"publisher":{"@id":"https:\/\/jornalfatosenoticias.com.br\/#organization"},"image":{"@id":"https:\/\/jornalfatosenoticias.com.br\/index.php\/2020\/11\/24\/cinco-projetos-antirracistas-de-alunos-que-valorizam-a-cultura-e-a-historia-negra\/#primaryimage"},"thumbnailUrl":"https:\/\/jornalfatosenoticias.com.br\/wp-content\/uploads\/2020\/11\/projetos-antirracistas.jpg","keywords":["antirracista","Consci\u00eancia Negra 2020","cultura afro-brasileira","cultura ind\u00edgena","cultura negra"],"articleSection":["Educa\u00e7\u00e3o"],"inLanguage":"pt-BR","potentialAction":[{"@type":"CommentAction","name":"Comment","target":["https:\/\/jornalfatosenoticias.com.br\/index.php\/2020\/11\/24\/cinco-projetos-antirracistas-de-alunos-que-valorizam-a-cultura-e-a-historia-negra\/#respond"]}]},{"@type":"WebPage","@id":"https:\/\/jornalfatosenoticias.com.br\/index.php\/2020\/11\/24\/cinco-projetos-antirracistas-de-alunos-que-valorizam-a-cultura-e-a-historia-negra\/","url":"https:\/\/jornalfatosenoticias.com.br\/index.php\/2020\/11\/24\/cinco-projetos-antirracistas-de-alunos-que-valorizam-a-cultura-e-a-historia-negra\/","name":"Cinco projetos antirracistas de alunos que valorizam a cultura e a hist\u00f3ria negra - Jornal Fatos e Not\u00edcias","isPartOf":{"@id":"https:\/\/jornalfatosenoticias.com.br\/#website"},"primaryImageOfPage":{"@id":"https:\/\/jornalfatosenoticias.com.br\/index.php\/2020\/11\/24\/cinco-projetos-antirracistas-de-alunos-que-valorizam-a-cultura-e-a-historia-negra\/#primaryimage"},"image":{"@id":"https:\/\/jornalfatosenoticias.com.br\/index.php\/2020\/11\/24\/cinco-projetos-antirracistas-de-alunos-que-valorizam-a-cultura-e-a-historia-negra\/#primaryimage"},"thumbnailUrl":"https:\/\/jornalfatosenoticias.com.br\/wp-content\/uploads\/2020\/11\/projetos-antirracistas.jpg","datePublished":"2020-11-24T20:12:59+00:00","dateModified":"2020-11-24T20:13:03+00:00","breadcrumb":{"@id":"https:\/\/jornalfatosenoticias.com.br\/index.php\/2020\/11\/24\/cinco-projetos-antirracistas-de-alunos-que-valorizam-a-cultura-e-a-historia-negra\/#breadcrumb"},"inLanguage":"pt-BR","potentialAction":[{"@type":"ReadAction","target":["https:\/\/jornalfatosenoticias.com.br\/index.php\/2020\/11\/24\/cinco-projetos-antirracistas-de-alunos-que-valorizam-a-cultura-e-a-historia-negra\/"]}]},{"@type":"ImageObject","inLanguage":"pt-BR","@id":"https:\/\/jornalfatosenoticias.com.br\/index.php\/2020\/11\/24\/cinco-projetos-antirracistas-de-alunos-que-valorizam-a-cultura-e-a-historia-negra\/#primaryimage","url":"https:\/\/jornalfatosenoticias.com.br\/wp-content\/uploads\/2020\/11\/projetos-antirracistas.jpg","contentUrl":"https:\/\/jornalfatosenoticias.com.br\/wp-content\/uploads\/2020\/11\/projetos-antirracistas.jpg","width":1000,"height":665},{"@type":"BreadcrumbList","@id":"https:\/\/jornalfatosenoticias.com.br\/index.php\/2020\/11\/24\/cinco-projetos-antirracistas-de-alunos-que-valorizam-a-cultura-e-a-historia-negra\/#breadcrumb","itemListElement":[{"@type":"ListItem","position":1,"name":"In\u00edcio","item":"https:\/\/jornalfatosenoticias.com.br\/"},{"@type":"ListItem","position":2,"name":"Cinco projetos antirracistas de alunos que valorizam a cultura e a hist\u00f3ria negra"}]},{"@type":"WebSite","@id":"https:\/\/jornalfatosenoticias.com.br\/#website","url":"https:\/\/jornalfatosenoticias.com.br\/","name":"Jornal Fatos e Not\u00edcias","description":"Not\u00edcias em geral","publisher":{"@id":"https:\/\/jornalfatosenoticias.com.br\/#organization"},"potentialAction":[{"@type":"SearchAction","target":{"@type":"EntryPoint","urlTemplate":"https:\/\/jornalfatosenoticias.com.br\/?s={search_term_string}"},"query-input":{"@type":"PropertyValueSpecification","valueRequired":true,"valueName":"search_term_string"}}],"inLanguage":"pt-BR"},{"@type":"Organization","@id":"https:\/\/jornalfatosenoticias.com.br\/#organization","name":"Jornal Fatos e Not\u00edcias","url":"https:\/\/jornalfatosenoticias.com.br\/","logo":{"@type":"ImageObject","inLanguage":"pt-BR","@id":"https:\/\/jornalfatosenoticias.com.br\/#\/schema\/logo\/image\/","url":"https:\/\/jornalfatosenoticias.com.br\/wp-content\/uploads\/2020\/02\/logo120.png","contentUrl":"https:\/\/jornalfatosenoticias.com.br\/wp-content\/uploads\/2020\/02\/logo120.png","width":1227,"height":120,"caption":"Jornal Fatos e Not\u00edcias"},"image":{"@id":"https:\/\/jornalfatosenoticias.com.br\/#\/schema\/logo\/image\/"}},{"@type":"Person","@id":"https:\/\/jornalfatosenoticias.com.br\/#\/schema\/person\/d63837fa13ac8666eb9e74e0985d6f81","name":"Luzimara Fernandes","image":{"@type":"ImageObject","inLanguage":"pt-BR","@id":"https:\/\/jornalfatosenoticias.com.br\/#\/schema\/person\/image\/","url":"https:\/\/jornalfatosenoticias.com.br\/wp-content\/uploads\/2025\/05\/EU_portal.jpg","contentUrl":"https:\/\/jornalfatosenoticias.com.br\/wp-content\/uploads\/2025\/05\/EU_portal.jpg","caption":"Luzimara Fernandes"},"description":"Jornalista MTB 2358-ES","sameAs":["https:\/\/jornalfatosenoticias.com.br"],"url":"https:\/\/jornalfatosenoticias.com.br\/index.php\/author\/luzimara\/"}]}},"cc_featured_image_caption":{"caption_text":"(Foto: Divulga\u00e7\u00e3o) ","source_text":"","source_url":""},"jetpack_featured_media_url":"https:\/\/jornalfatosenoticias.com.br\/wp-content\/uploads\/2020\/11\/projetos-antirracistas.jpg","_links":{"self":[{"href":"https:\/\/jornalfatosenoticias.com.br\/index.php\/wp-json\/wp\/v2\/posts\/11580","targetHints":{"allow":["GET"]}}],"collection":[{"href":"https:\/\/jornalfatosenoticias.com.br\/index.php\/wp-json\/wp\/v2\/posts"}],"about":[{"href":"https:\/\/jornalfatosenoticias.com.br\/index.php\/wp-json\/wp\/v2\/types\/post"}],"author":[{"embeddable":true,"href":"https:\/\/jornalfatosenoticias.com.br\/index.php\/wp-json\/wp\/v2\/users\/2"}],"replies":[{"embeddable":true,"href":"https:\/\/jornalfatosenoticias.com.br\/index.php\/wp-json\/wp\/v2\/comments?post=11580"}],"version-history":[{"count":0,"href":"https:\/\/jornalfatosenoticias.com.br\/index.php\/wp-json\/wp\/v2\/posts\/11580\/revisions"}],"wp:featuredmedia":[{"embeddable":true,"href":"https:\/\/jornalfatosenoticias.com.br\/index.php\/wp-json\/wp\/v2\/media\/11581"}],"wp:attachment":[{"href":"https:\/\/jornalfatosenoticias.com.br\/index.php\/wp-json\/wp\/v2\/media?parent=11580"}],"wp:term":[{"taxonomy":"category","embeddable":true,"href":"https:\/\/jornalfatosenoticias.com.br\/index.php\/wp-json\/wp\/v2\/categories?post=11580"},{"taxonomy":"post_tag","embeddable":true,"href":"https:\/\/jornalfatosenoticias.com.br\/index.php\/wp-json\/wp\/v2\/tags?post=11580"}],"curies":[{"name":"wp","href":"https:\/\/api.w.org\/{rel}","templated":true}]}}