{"id":11588,"date":"2020-11-24T17:26:56","date_gmt":"2020-11-24T20:26:56","guid":{"rendered":"https:\/\/jornalfatosenoticias.com.br\/?p=11588"},"modified":"2020-11-24T17:26:58","modified_gmt":"2020-11-24T20:26:58","slug":"a-cor-da-pele","status":"publish","type":"post","link":"https:\/\/jornalfatosenoticias.com.br\/index.php\/2020\/11\/24\/a-cor-da-pele\/","title":{"rendered":"\u00c0 cor da pele"},"content":{"rendered":"\n<p>\u00c9 dif\u00edcil de acreditar, mas aconteceu. Ali\u00e1s, \u00e9 um acontecimento corriqueiro em todas as partes do mundo mas, predominantemente, nos EEUU e, agora, no Brasil.<br>E no Brasil, Pa\u00eds que tem muitas leis duras, mas sem for\u00e7a suficiente para enjaular quem as transgridem. E uma lei especial, forte, a Lei \u00c1urea, homologada pela Princesa Isabel no dia 13 de maio de 1888, portanto, h\u00e1 132 anos, \u00e9 o maior exemplo do que estou afirmando. Naquela \u00e9poca foi uma festa. Aboli\u00e7\u00e3o da escravatura! Aqueles homens e mulheres negros(as) comemoraram, dan\u00e7ando, gritando, correndo, anunciando para todos os cantos: \u201cEstamos LIVRES! Mas, no momento seguinte, a realidade se apresentou diferente. Os donos daquele povo escravo reagiram e o que se presenciou foi um rio de matan\u00e7as.<br>Lamentavelmente, passados 132 anos da Aboli\u00e7\u00e3o da Escravatura, a ra\u00e7a negra, que \u00e9 maioria no Brasil, continua amargurando uma persegui\u00e7\u00e3o tremenda por parte dos \u201cbrancos\u201d em todos os sentidos. A cor da pele \u00e9 motivo de persegui\u00e7\u00e3o, ou seja, os negros e negras sofrem com a selvageria racial, existente em quase todos os pa\u00edses do mundo, mas, em especial neste Pa\u00eds que tem uma popula\u00e7\u00e3o miscigenada com predomin\u00e2ncia dos nossos ancestrais negros. Sim, n\u00f3s, brasileiros, temos em nossas veias a predomin\u00e2ncia do sangue negro. TODOS N\u00d3S BRASILEIROS SOMOS RESULTADO DA MISTURA DAS RA\u00c7AS NEGRA E BRANCA.<br>Todos os dias ficamos sabendo de ataques de brancos contra negros. Ainda agora estamos diante de uma covarde agress\u00e3o l\u00e1 no Rio Grande do Sul. Onde um homem negro foi espancado at\u00e9 a morte por dois homens brancos em Porto Alegre, no Rio Grande do Sul, na noite de quinta-feira (19), justamente na v\u00e9spera do \u201cDia da Consci\u00eancia Negra\u201d, em uma unidade do supermercado Carrefour. Os marginais acusados pela morte de Jo\u00e3o Alberto Silveira Freitas, um NEGRO de 40 anos, foram presos em flagrante. S\u00e3o seguran\u00e7as do supermercado CARREFOUR e, pior ainda, um deles \u00e9 um policial militar.<br>A selvageria a que todos n\u00f3s assistimos evidencia o \u00f3bvio: o racismo estrutural no Brasil \u2014 vale dizer: que est\u00e1 nas entranhas da nossa forma\u00e7\u00e3o, como heran\u00e7a da escravid\u00e3o \u2014 nada tem ou teve de cordial. Ainda que a cordialidade racista n\u00e3o honrasse a sociedade brasileira, ela seria uma forma de tentar minimizar o v\u00edcio com os instrumentos da hipocrisia.<br>Mas nem hip\u00f3critas temos sido como sociedade. Olhem para as v\u00edtimas de homic\u00eddio. Olhem para as cadeias. Olhem para as moradias prec\u00e1rias. A maioria ali tem a pele preta. A maioria ali \u00e9 herdeira da escravid\u00e3o.<br>E a\u00ed \u00e9 preciso lembrar do Joaquim Aur\u00e9lio Barreto Nabuco de Ara\u00fajo, que foi um pol\u00edtico, diplomata, historiador, jurista, orador e jornalista brasileiro formado pela Faculdade de Direito do Recife e um dos fundadores da Academia Brasileira de Letras. Na data de seu nascimento, 19 de agosto, comemora-se o Dia Nacional do Historiador. (Joaquim Aur\u00e9lio Barreto Nabuco de Ara\u00fajo)<br>Ele foi um dos grandes diplomatas do Imp\u00e9rio do Brasil (1822-1889), al\u00e9m de orador, poeta e memorialista. Al\u00e9m de O Abolicionismo, Minha Forma\u00e7\u00e3o figurar como uma importante obra de mem\u00f3rias, onde se percebe o paradoxo de quem foi educado por uma fam\u00edlia escravocrata, mas optou pela luta em favor dos escravos. Nabuco diz sentir &#8220;saudade do escravo&#8221; pela generosidade deles, num contraponto ao ego\u00edsmo do senhor.<br>&#8220;A escravid\u00e3o permanecer\u00e1 por muito tempo como a caracter\u00edstica nacional do Brasil. Ela espalhou por nossas vastas solid\u00f5es uma grande suavidade; seu contato foi a primeira forma que recebeu a natureza virgem do Pa\u00eds, e foi a que ele guardou; ela povoou-o como se fosse uma religi\u00e3o natural e viva, com os seus mitos, suas legendas, seus encantamentos; insuflou-lhe sua alma infantil, suas tristezas sem pesar, suas natureza virgem do Pa\u00eds.<br>A delegada respons\u00e1vel pela investiga\u00e7\u00e3o do homic\u00eddio de Jo\u00e3o Alberto Silveira Freitas, afirmou que n\u00e3o se trata de racismo. Doutora, se trata de qu\u00ea ent\u00e3o?<\/p>\n\n\n\n<div class=\"wp-block-jetpack-slideshow aligncenter\" data-effect=\"slide\"><div class=\"wp-block-jetpack-slideshow_container swiper-container\"><ul class=\"wp-block-jetpack-slideshow_swiper-wrapper swiper-wrapper\"><li class=\"wp-block-jetpack-slideshow_slide swiper-slide\"><figure><img loading=\"lazy\" decoding=\"async\" width=\"800\" height=\"593\" alt=\"\" class=\"wp-block-jetpack-slideshow_image wp-image-11589\" data-id=\"11589\" src=\"https:\/\/jornalfatosenoticias.com.br\/wp-content\/uploads\/2020\/11\/escravidao.jpg\" srcset=\"https:\/\/jornalfatosenoticias.com.br\/wp-content\/uploads\/2020\/11\/escravidao.jpg 800w, https:\/\/jornalfatosenoticias.com.br\/wp-content\/uploads\/2020\/11\/escravidao-300x222.jpg 300w, https:\/\/jornalfatosenoticias.com.br\/wp-content\/uploads\/2020\/11\/escravidao-768x569.jpg 768w\" sizes=\"auto, (max-width: 800px) 100vw, 800px\" \/><figcaption class=\"wp-block-jetpack-slideshow_caption gallery-caption\"> (Fotos: Reprodu\u00e7\u00e3o Internet)<\/figcaption><\/figure><\/li><li class=\"wp-block-jetpack-slideshow_slide swiper-slide\"><figure><img loading=\"lazy\" decoding=\"async\" width=\"800\" height=\"595\" alt=\"\" class=\"wp-block-jetpack-slideshow_image wp-image-11590\" data-id=\"11590\" src=\"https:\/\/jornalfatosenoticias.com.br\/wp-content\/uploads\/2020\/11\/gazeta-de-noticias.jpg\" srcset=\"https:\/\/jornalfatosenoticias.com.br\/wp-content\/uploads\/2020\/11\/gazeta-de-noticias.jpg 800w, https:\/\/jornalfatosenoticias.com.br\/wp-content\/uploads\/2020\/11\/gazeta-de-noticias-300x223.jpg 300w, https:\/\/jornalfatosenoticias.com.br\/wp-content\/uploads\/2020\/11\/gazeta-de-noticias-768x571.jpg 768w\" sizes=\"auto, (max-width: 800px) 100vw, 800px\" \/><figcaption class=\"wp-block-jetpack-slideshow_caption gallery-caption\">Jornal da \u00e9poca noticiando o &#8216;fim da escravid\u00e3o&#8217;<\/figcaption><\/figure><\/li><li class=\"wp-block-jetpack-slideshow_slide swiper-slide\"><figure><img loading=\"lazy\" decoding=\"async\" width=\"800\" height=\"533\" alt=\"\" class=\"wp-block-jetpack-slideshow_image wp-image-11591\" data-id=\"11591\" src=\"https:\/\/jornalfatosenoticias.com.br\/wp-content\/uploads\/2020\/11\/Joaquim-Aurelio-Barreto-Nabuco-de-Araujo.jpeg\" srcset=\"https:\/\/jornalfatosenoticias.com.br\/wp-content\/uploads\/2020\/11\/Joaquim-Aurelio-Barreto-Nabuco-de-Araujo.jpeg 800w, https:\/\/jornalfatosenoticias.com.br\/wp-content\/uploads\/2020\/11\/Joaquim-Aurelio-Barreto-Nabuco-de-Araujo-300x200.jpeg 300w, https:\/\/jornalfatosenoticias.com.br\/wp-content\/uploads\/2020\/11\/Joaquim-Aurelio-Barreto-Nabuco-de-Araujo-768x512.jpeg 768w\" sizes=\"auto, (max-width: 800px) 100vw, 800px\" \/><figcaption class=\"wp-block-jetpack-slideshow_caption gallery-caption\"> Joaquim Aur\u00e9lio Barreto Nabuco de Ara\u00fajo<\/figcaption><\/figure><\/li><li class=\"wp-block-jetpack-slideshow_slide swiper-slide\"><figure><img loading=\"lazy\" decoding=\"async\" width=\"800\" height=\"682\" alt=\"\" class=\"wp-block-jetpack-slideshow_image wp-image-11592\" data-id=\"11592\" src=\"https:\/\/jornalfatosenoticias.com.br\/wp-content\/uploads\/2020\/11\/martin-l-king.jpg\" srcset=\"https:\/\/jornalfatosenoticias.com.br\/wp-content\/uploads\/2020\/11\/martin-l-king.jpg 800w, https:\/\/jornalfatosenoticias.com.br\/wp-content\/uploads\/2020\/11\/martin-l-king-300x256.jpg 300w, https:\/\/jornalfatosenoticias.com.br\/wp-content\/uploads\/2020\/11\/martin-l-king-768x655.jpg 768w\" sizes=\"auto, (max-width: 800px) 100vw, 800px\" \/><figcaption class=\"wp-block-jetpack-slideshow_caption gallery-caption\">Martin Luther King Jr.<\/figcaption><\/figure><\/li><\/ul><a class=\"wp-block-jetpack-slideshow_button-prev swiper-button-prev swiper-button-white\" role=\"button\"><\/a><a class=\"wp-block-jetpack-slideshow_button-next swiper-button-next swiper-button-white\" role=\"button\"><\/a><a aria-label=\"Pause Slideshow\" class=\"wp-block-jetpack-slideshow_button-pause\" role=\"button\"><\/a><div class=\"wp-block-jetpack-slideshow_pagination swiper-pagination swiper-pagination-white\"><\/div><\/div><\/div>\n\n\n\n<p>Simples, acontece que a Dra. Roberta Bertoldo, da 2\u00aa Delegacia de Homic\u00eddios e Prote\u00e7\u00e3o \u00e0 Pessoa de Porto Alegre, por\u00e9m, n\u00e3o deu qualquer outra explica\u00e7\u00e3o de por que o caso n\u00e3o se enquadraria como racismo. O inqu\u00e9rito ainda apura a motiva\u00e7\u00e3o das agress\u00f5es (\u2026) s\u00e3o as vielas e desvios das leis brasileiras. Infelizmente. Por mim, em casos como este, os culpados nem tinham que ser julgados, mas serem trancados em cadeias superseguras, sem direito a nada, perpetuamente.<br>Ainda sem conseguir uma explica\u00e7\u00e3o para tamanha crueldade me deparo com uma manifesta\u00e7\u00e3o de um menino de 10 anos sobre a melhor forma de acabar com o racismo. Aluno da rede p\u00fablica de S\u00e3o Paulo, 5\u00ba ano do ensino fundamental Gustavo Gomes da Silva foi entrevistado pela TVT para falar de um projeto que promove leitura de obras africanas e afro-brasileiras nas escolas do munic\u00edpio.<br>\u201cSe eu sou mesmo afrodescendente, eu quero saber as hist\u00f3rias da \u00c1frica, porque mesmo que n\u00e3o apare\u00e7a a moral, como nas f\u00e1bulas, elas t\u00eam uma moral escondida que voc\u00ea aprende\u201d, disse o estudante, destacando, provavelmente sem saber, a import\u00e2ncia do cumprimento da lei 11.645\/2008, que inclui no curr\u00edculo oficial da rede de ensino hist\u00f3ria e cultura afro-brasileira e ind\u00edgena.<\/p>\n\n\n\n<p>Moral da hist\u00f3ria por Gustavo Gomes da Silva: \u201cTudo nesse mundo cria um debate, tem sempre algu\u00e9m que vai ser racista, que vai ter uma opini\u00e3o diferente, por isso que eu gosto de aprender alguma coisa, n\u00e3o para voc\u00ea debater com a pessoa, mas voc\u00ea MOSTRAR PRA ELA COMO QUE \u00c9 VOC\u00ca SER NEGRO\u201d.<\/p>\n","protected":false},"excerpt":{"rendered":"<p>\u00c9 dif\u00edcil de acreditar, mas aconteceu. Ali\u00e1s, \u00e9 um acontecimento corriqueiro em todas as partes do mundo mas, predominantemente, nos EEUU e, agora, no Brasil.E no Brasil, Pa\u00eds que tem muitas leis duras, mas sem for\u00e7a suficiente para enjaular quem as transgridem. E uma lei especial, forte, a Lei \u00c1urea, homologada pela Princesa Isabel no [&hellip;]<\/p>\n","protected":false},"author":6,"featured_media":11593,"comment_status":"open","ping_status":"open","sticky":false,"template":"","format":"standard","meta":{"footnotes":""},"categories":[5],"tags":[6101,1149,4902,1147],"class_list":["post-11588","post","type-post","status-publish","format-standard","has-post-thumbnail","hentry","category-geral","tag-abolicionismo","tag-negros","tag-racas","tag-racismo"],"yoast_head":"<!-- This site is optimized with the Yoast SEO plugin v26.5 - https:\/\/yoast.com\/wordpress\/plugins\/seo\/ -->\n<title>\u00c0 cor da pele - Jornal Fatos e Not\u00edcias<\/title>\n<meta name=\"robots\" content=\"index, follow, max-snippet:-1, max-image-preview:large, max-video-preview:-1\" \/>\n<link rel=\"canonical\" href=\"https:\/\/jornalfatosenoticias.com.br\/index.php\/2020\/11\/24\/a-cor-da-pele\/\" \/>\n<meta property=\"og:locale\" content=\"pt_BR\" \/>\n<meta property=\"og:type\" content=\"article\" \/>\n<meta property=\"og:title\" content=\"\u00c0 cor da pele - Jornal Fatos e Not\u00edcias\" \/>\n<meta property=\"og:description\" content=\"\u00c9 dif\u00edcil de acreditar, mas aconteceu. Ali\u00e1s, \u00e9 um acontecimento corriqueiro em todas as partes do mundo mas, predominantemente, nos EEUU e, agora, no Brasil.E no Brasil, Pa\u00eds que tem muitas leis duras, mas sem for\u00e7a suficiente para enjaular quem as transgridem. E uma lei especial, forte, a Lei \u00c1urea, homologada pela Princesa Isabel no [&hellip;]\" \/>\n<meta property=\"og:url\" content=\"https:\/\/jornalfatosenoticias.com.br\/index.php\/2020\/11\/24\/a-cor-da-pele\/\" \/>\n<meta property=\"og:site_name\" content=\"Jornal Fatos e Not\u00edcias\" \/>\n<meta property=\"article:published_time\" content=\"2020-11-24T20:26:56+00:00\" \/>\n<meta property=\"article:modified_time\" content=\"2020-11-24T20:26:58+00:00\" \/>\n<meta property=\"og:image\" content=\"https:\/\/jornalfatosenoticias.com.br\/wp-content\/uploads\/2020\/11\/Racismo-nobrasil_reproducao.gif\" \/>\n\t<meta property=\"og:image:width\" content=\"1000\" \/>\n\t<meta property=\"og:image:height\" content=\"590\" \/>\n\t<meta property=\"og:image:type\" content=\"image\/gif\" \/>\n<meta name=\"author\" content=\"Jorge Rodrigues Pacheco\" \/>\n<meta name=\"twitter:card\" content=\"summary_large_image\" \/>\n<meta name=\"twitter:label1\" content=\"Escrito por\" \/>\n\t<meta name=\"twitter:data1\" content=\"Jorge Rodrigues Pacheco\" \/>\n\t<meta name=\"twitter:label2\" content=\"Est. tempo de leitura\" \/>\n\t<meta name=\"twitter:data2\" content=\"5 minutos\" \/>\n<script type=\"application\/ld+json\" class=\"yoast-schema-graph\">{\"@context\":\"https:\/\/schema.org\",\"@graph\":[{\"@type\":\"Article\",\"@id\":\"https:\/\/jornalfatosenoticias.com.br\/index.php\/2020\/11\/24\/a-cor-da-pele\/#article\",\"isPartOf\":{\"@id\":\"https:\/\/jornalfatosenoticias.com.br\/index.php\/2020\/11\/24\/a-cor-da-pele\/\"},\"author\":{\"name\":\"Jorge Rodrigues Pacheco\",\"@id\":\"https:\/\/jornalfatosenoticias.com.br\/#\/schema\/person\/14f3ce803c6ccf68a7d8fd0ab749dbb4\"},\"headline\":\"\u00c0 cor da pele\",\"datePublished\":\"2020-11-24T20:26:56+00:00\",\"dateModified\":\"2020-11-24T20:26:58+00:00\",\"mainEntityOfPage\":{\"@id\":\"https:\/\/jornalfatosenoticias.com.br\/index.php\/2020\/11\/24\/a-cor-da-pele\/\"},\"wordCount\":982,\"commentCount\":0,\"publisher\":{\"@id\":\"https:\/\/jornalfatosenoticias.com.br\/#organization\"},\"image\":{\"@id\":\"https:\/\/jornalfatosenoticias.com.br\/index.php\/2020\/11\/24\/a-cor-da-pele\/#primaryimage\"},\"thumbnailUrl\":\"https:\/\/jornalfatosenoticias.com.br\/wp-content\/uploads\/2020\/11\/Racismo-nobrasil_reproducao.gif\",\"keywords\":[\"abolicionismo\",\"negros\",\"ra\u00e7as\",\"racismo\"],\"articleSection\":[\"Geral\"],\"inLanguage\":\"pt-BR\",\"potentialAction\":[{\"@type\":\"CommentAction\",\"name\":\"Comment\",\"target\":[\"https:\/\/jornalfatosenoticias.com.br\/index.php\/2020\/11\/24\/a-cor-da-pele\/#respond\"]}]},{\"@type\":\"WebPage\",\"@id\":\"https:\/\/jornalfatosenoticias.com.br\/index.php\/2020\/11\/24\/a-cor-da-pele\/\",\"url\":\"https:\/\/jornalfatosenoticias.com.br\/index.php\/2020\/11\/24\/a-cor-da-pele\/\",\"name\":\"\u00c0 cor da pele - Jornal Fatos e Not\u00edcias\",\"isPartOf\":{\"@id\":\"https:\/\/jornalfatosenoticias.com.br\/#website\"},\"primaryImageOfPage\":{\"@id\":\"https:\/\/jornalfatosenoticias.com.br\/index.php\/2020\/11\/24\/a-cor-da-pele\/#primaryimage\"},\"image\":{\"@id\":\"https:\/\/jornalfatosenoticias.com.br\/index.php\/2020\/11\/24\/a-cor-da-pele\/#primaryimage\"},\"thumbnailUrl\":\"https:\/\/jornalfatosenoticias.com.br\/wp-content\/uploads\/2020\/11\/Racismo-nobrasil_reproducao.gif\",\"datePublished\":\"2020-11-24T20:26:56+00:00\",\"dateModified\":\"2020-11-24T20:26:58+00:00\",\"breadcrumb\":{\"@id\":\"https:\/\/jornalfatosenoticias.com.br\/index.php\/2020\/11\/24\/a-cor-da-pele\/#breadcrumb\"},\"inLanguage\":\"pt-BR\",\"potentialAction\":[{\"@type\":\"ReadAction\",\"target\":[\"https:\/\/jornalfatosenoticias.com.br\/index.php\/2020\/11\/24\/a-cor-da-pele\/\"]}]},{\"@type\":\"ImageObject\",\"inLanguage\":\"pt-BR\",\"@id\":\"https:\/\/jornalfatosenoticias.com.br\/index.php\/2020\/11\/24\/a-cor-da-pele\/#primaryimage\",\"url\":\"https:\/\/jornalfatosenoticias.com.br\/wp-content\/uploads\/2020\/11\/Racismo-nobrasil_reproducao.gif\",\"contentUrl\":\"https:\/\/jornalfatosenoticias.com.br\/wp-content\/uploads\/2020\/11\/Racismo-nobrasil_reproducao.gif\",\"width\":1000,\"height\":590},{\"@type\":\"BreadcrumbList\",\"@id\":\"https:\/\/jornalfatosenoticias.com.br\/index.php\/2020\/11\/24\/a-cor-da-pele\/#breadcrumb\",\"itemListElement\":[{\"@type\":\"ListItem\",\"position\":1,\"name\":\"In\u00edcio\",\"item\":\"https:\/\/jornalfatosenoticias.com.br\/\"},{\"@type\":\"ListItem\",\"position\":2,\"name\":\"\u00c0 cor da pele\"}]},{\"@type\":\"WebSite\",\"@id\":\"https:\/\/jornalfatosenoticias.com.br\/#website\",\"url\":\"https:\/\/jornalfatosenoticias.com.br\/\",\"name\":\"Jornal Fatos e Not\u00edcias\",\"description\":\"Not\u00edcias em geral\",\"publisher\":{\"@id\":\"https:\/\/jornalfatosenoticias.com.br\/#organization\"},\"potentialAction\":[{\"@type\":\"SearchAction\",\"target\":{\"@type\":\"EntryPoint\",\"urlTemplate\":\"https:\/\/jornalfatosenoticias.com.br\/?s={search_term_string}\"},\"query-input\":{\"@type\":\"PropertyValueSpecification\",\"valueRequired\":true,\"valueName\":\"search_term_string\"}}],\"inLanguage\":\"pt-BR\"},{\"@type\":\"Organization\",\"@id\":\"https:\/\/jornalfatosenoticias.com.br\/#organization\",\"name\":\"Jornal Fatos e Not\u00edcias\",\"url\":\"https:\/\/jornalfatosenoticias.com.br\/\",\"logo\":{\"@type\":\"ImageObject\",\"inLanguage\":\"pt-BR\",\"@id\":\"https:\/\/jornalfatosenoticias.com.br\/#\/schema\/logo\/image\/\",\"url\":\"https:\/\/jornalfatosenoticias.com.br\/wp-content\/uploads\/2020\/02\/logo120.png\",\"contentUrl\":\"https:\/\/jornalfatosenoticias.com.br\/wp-content\/uploads\/2020\/02\/logo120.png\",\"width\":1227,\"height\":120,\"caption\":\"Jornal Fatos e Not\u00edcias\"},\"image\":{\"@id\":\"https:\/\/jornalfatosenoticias.com.br\/#\/schema\/logo\/image\/\"}},{\"@type\":\"Person\",\"@id\":\"https:\/\/jornalfatosenoticias.com.br\/#\/schema\/person\/14f3ce803c6ccf68a7d8fd0ab749dbb4\",\"name\":\"Jorge Rodrigues Pacheco\",\"image\":{\"@type\":\"ImageObject\",\"inLanguage\":\"pt-BR\",\"@id\":\"https:\/\/jornalfatosenoticias.com.br\/#\/schema\/person\/image\/\",\"url\":\"https:\/\/jornalfatosenoticias.com.br\/wp-content\/uploads\/2020\/02\/Pacheco-2-150x150.png\",\"contentUrl\":\"https:\/\/jornalfatosenoticias.com.br\/wp-content\/uploads\/2020\/02\/Pacheco-2-150x150.png\",\"caption\":\"Jorge Rodrigues Pacheco\"},\"description\":\"Analista pol\u00edtica Advogado, Jornalista e Radialista\",\"url\":\"https:\/\/jornalfatosenoticias.com.br\/index.php\/author\/jorge\/\"}]}<\/script>\n<!-- \/ Yoast SEO plugin. -->","yoast_head_json":{"title":"\u00c0 cor da pele - Jornal Fatos e Not\u00edcias","robots":{"index":"index","follow":"follow","max-snippet":"max-snippet:-1","max-image-preview":"max-image-preview:large","max-video-preview":"max-video-preview:-1"},"canonical":"https:\/\/jornalfatosenoticias.com.br\/index.php\/2020\/11\/24\/a-cor-da-pele\/","og_locale":"pt_BR","og_type":"article","og_title":"\u00c0 cor da pele - Jornal Fatos e Not\u00edcias","og_description":"\u00c9 dif\u00edcil de acreditar, mas aconteceu. Ali\u00e1s, \u00e9 um acontecimento corriqueiro em todas as partes do mundo mas, predominantemente, nos EEUU e, agora, no Brasil.E no Brasil, Pa\u00eds que tem muitas leis duras, mas sem for\u00e7a suficiente para enjaular quem as transgridem. E uma lei especial, forte, a Lei \u00c1urea, homologada pela Princesa Isabel no [&hellip;]","og_url":"https:\/\/jornalfatosenoticias.com.br\/index.php\/2020\/11\/24\/a-cor-da-pele\/","og_site_name":"Jornal Fatos e Not\u00edcias","article_published_time":"2020-11-24T20:26:56+00:00","article_modified_time":"2020-11-24T20:26:58+00:00","og_image":[{"width":1000,"height":590,"url":"https:\/\/jornalfatosenoticias.com.br\/wp-content\/uploads\/2020\/11\/Racismo-nobrasil_reproducao.gif","type":"image\/gif"}],"author":"Jorge Rodrigues Pacheco","twitter_card":"summary_large_image","twitter_misc":{"Escrito por":"Jorge Rodrigues Pacheco","Est. tempo de leitura":"5 minutos"},"schema":{"@context":"https:\/\/schema.org","@graph":[{"@type":"Article","@id":"https:\/\/jornalfatosenoticias.com.br\/index.php\/2020\/11\/24\/a-cor-da-pele\/#article","isPartOf":{"@id":"https:\/\/jornalfatosenoticias.com.br\/index.php\/2020\/11\/24\/a-cor-da-pele\/"},"author":{"name":"Jorge Rodrigues Pacheco","@id":"https:\/\/jornalfatosenoticias.com.br\/#\/schema\/person\/14f3ce803c6ccf68a7d8fd0ab749dbb4"},"headline":"\u00c0 cor da pele","datePublished":"2020-11-24T20:26:56+00:00","dateModified":"2020-11-24T20:26:58+00:00","mainEntityOfPage":{"@id":"https:\/\/jornalfatosenoticias.com.br\/index.php\/2020\/11\/24\/a-cor-da-pele\/"},"wordCount":982,"commentCount":0,"publisher":{"@id":"https:\/\/jornalfatosenoticias.com.br\/#organization"},"image":{"@id":"https:\/\/jornalfatosenoticias.com.br\/index.php\/2020\/11\/24\/a-cor-da-pele\/#primaryimage"},"thumbnailUrl":"https:\/\/jornalfatosenoticias.com.br\/wp-content\/uploads\/2020\/11\/Racismo-nobrasil_reproducao.gif","keywords":["abolicionismo","negros","ra\u00e7as","racismo"],"articleSection":["Geral"],"inLanguage":"pt-BR","potentialAction":[{"@type":"CommentAction","name":"Comment","target":["https:\/\/jornalfatosenoticias.com.br\/index.php\/2020\/11\/24\/a-cor-da-pele\/#respond"]}]},{"@type":"WebPage","@id":"https:\/\/jornalfatosenoticias.com.br\/index.php\/2020\/11\/24\/a-cor-da-pele\/","url":"https:\/\/jornalfatosenoticias.com.br\/index.php\/2020\/11\/24\/a-cor-da-pele\/","name":"\u00c0 cor da pele - Jornal Fatos e Not\u00edcias","isPartOf":{"@id":"https:\/\/jornalfatosenoticias.com.br\/#website"},"primaryImageOfPage":{"@id":"https:\/\/jornalfatosenoticias.com.br\/index.php\/2020\/11\/24\/a-cor-da-pele\/#primaryimage"},"image":{"@id":"https:\/\/jornalfatosenoticias.com.br\/index.php\/2020\/11\/24\/a-cor-da-pele\/#primaryimage"},"thumbnailUrl":"https:\/\/jornalfatosenoticias.com.br\/wp-content\/uploads\/2020\/11\/Racismo-nobrasil_reproducao.gif","datePublished":"2020-11-24T20:26:56+00:00","dateModified":"2020-11-24T20:26:58+00:00","breadcrumb":{"@id":"https:\/\/jornalfatosenoticias.com.br\/index.php\/2020\/11\/24\/a-cor-da-pele\/#breadcrumb"},"inLanguage":"pt-BR","potentialAction":[{"@type":"ReadAction","target":["https:\/\/jornalfatosenoticias.com.br\/index.php\/2020\/11\/24\/a-cor-da-pele\/"]}]},{"@type":"ImageObject","inLanguage":"pt-BR","@id":"https:\/\/jornalfatosenoticias.com.br\/index.php\/2020\/11\/24\/a-cor-da-pele\/#primaryimage","url":"https:\/\/jornalfatosenoticias.com.br\/wp-content\/uploads\/2020\/11\/Racismo-nobrasil_reproducao.gif","contentUrl":"https:\/\/jornalfatosenoticias.com.br\/wp-content\/uploads\/2020\/11\/Racismo-nobrasil_reproducao.gif","width":1000,"height":590},{"@type":"BreadcrumbList","@id":"https:\/\/jornalfatosenoticias.com.br\/index.php\/2020\/11\/24\/a-cor-da-pele\/#breadcrumb","itemListElement":[{"@type":"ListItem","position":1,"name":"In\u00edcio","item":"https:\/\/jornalfatosenoticias.com.br\/"},{"@type":"ListItem","position":2,"name":"\u00c0 cor da pele"}]},{"@type":"WebSite","@id":"https:\/\/jornalfatosenoticias.com.br\/#website","url":"https:\/\/jornalfatosenoticias.com.br\/","name":"Jornal Fatos e Not\u00edcias","description":"Not\u00edcias em geral","publisher":{"@id":"https:\/\/jornalfatosenoticias.com.br\/#organization"},"potentialAction":[{"@type":"SearchAction","target":{"@type":"EntryPoint","urlTemplate":"https:\/\/jornalfatosenoticias.com.br\/?s={search_term_string}"},"query-input":{"@type":"PropertyValueSpecification","valueRequired":true,"valueName":"search_term_string"}}],"inLanguage":"pt-BR"},{"@type":"Organization","@id":"https:\/\/jornalfatosenoticias.com.br\/#organization","name":"Jornal Fatos e Not\u00edcias","url":"https:\/\/jornalfatosenoticias.com.br\/","logo":{"@type":"ImageObject","inLanguage":"pt-BR","@id":"https:\/\/jornalfatosenoticias.com.br\/#\/schema\/logo\/image\/","url":"https:\/\/jornalfatosenoticias.com.br\/wp-content\/uploads\/2020\/02\/logo120.png","contentUrl":"https:\/\/jornalfatosenoticias.com.br\/wp-content\/uploads\/2020\/02\/logo120.png","width":1227,"height":120,"caption":"Jornal Fatos e Not\u00edcias"},"image":{"@id":"https:\/\/jornalfatosenoticias.com.br\/#\/schema\/logo\/image\/"}},{"@type":"Person","@id":"https:\/\/jornalfatosenoticias.com.br\/#\/schema\/person\/14f3ce803c6ccf68a7d8fd0ab749dbb4","name":"Jorge Rodrigues Pacheco","image":{"@type":"ImageObject","inLanguage":"pt-BR","@id":"https:\/\/jornalfatosenoticias.com.br\/#\/schema\/person\/image\/","url":"https:\/\/jornalfatosenoticias.com.br\/wp-content\/uploads\/2020\/02\/Pacheco-2-150x150.png","contentUrl":"https:\/\/jornalfatosenoticias.com.br\/wp-content\/uploads\/2020\/02\/Pacheco-2-150x150.png","caption":"Jorge Rodrigues Pacheco"},"description":"Analista pol\u00edtica Advogado, Jornalista e Radialista","url":"https:\/\/jornalfatosenoticias.com.br\/index.php\/author\/jorge\/"}]}},"cc_featured_image_caption":{"caption_text":"(Foto: Reprodu\u00e7\u00e3o)","source_text":"","source_url":""},"jetpack_featured_media_url":"https:\/\/jornalfatosenoticias.com.br\/wp-content\/uploads\/2020\/11\/Racismo-nobrasil_reproducao.gif","_links":{"self":[{"href":"https:\/\/jornalfatosenoticias.com.br\/index.php\/wp-json\/wp\/v2\/posts\/11588","targetHints":{"allow":["GET"]}}],"collection":[{"href":"https:\/\/jornalfatosenoticias.com.br\/index.php\/wp-json\/wp\/v2\/posts"}],"about":[{"href":"https:\/\/jornalfatosenoticias.com.br\/index.php\/wp-json\/wp\/v2\/types\/post"}],"author":[{"embeddable":true,"href":"https:\/\/jornalfatosenoticias.com.br\/index.php\/wp-json\/wp\/v2\/users\/6"}],"replies":[{"embeddable":true,"href":"https:\/\/jornalfatosenoticias.com.br\/index.php\/wp-json\/wp\/v2\/comments?post=11588"}],"version-history":[{"count":0,"href":"https:\/\/jornalfatosenoticias.com.br\/index.php\/wp-json\/wp\/v2\/posts\/11588\/revisions"}],"wp:featuredmedia":[{"embeddable":true,"href":"https:\/\/jornalfatosenoticias.com.br\/index.php\/wp-json\/wp\/v2\/media\/11593"}],"wp:attachment":[{"href":"https:\/\/jornalfatosenoticias.com.br\/index.php\/wp-json\/wp\/v2\/media?parent=11588"}],"wp:term":[{"taxonomy":"category","embeddable":true,"href":"https:\/\/jornalfatosenoticias.com.br\/index.php\/wp-json\/wp\/v2\/categories?post=11588"},{"taxonomy":"post_tag","embeddable":true,"href":"https:\/\/jornalfatosenoticias.com.br\/index.php\/wp-json\/wp\/v2\/tags?post=11588"}],"curies":[{"name":"wp","href":"https:\/\/api.w.org\/{rel}","templated":true}]}}